{"id":122957,"date":"2021-04-05T18:46:45","date_gmt":"2021-04-05T16:46:45","guid":{"rendered":"https:\/\/www.bellunopress.it\/?p=122957"},"modified":"2021-04-05T21:13:44","modified_gmt":"2021-04-05T19:13:44","slug":"no-paura-day-oltre-400-persone-in-piazza-martiri-per-la-liberta-di-pensiero-e-parola","status":"publish","type":"post","link":"https:\/\/www.bellunopress.it\/fr\/2021\/04\/05\/no-paura-day-oltre-400-persone-in-piazza-martiri-per-la-liberta-di-pensiero-e-parola\/","title":{"rendered":"No paura day. Oltre 400 persone in piazza Martiri &#8220;per la libert\u00e0 di pensiero e parola&#8221;"},"content":{"rendered":"<figure id=\"attachment_122958\" aria-describedby=\"caption-attachment-122958\" style=\"width: 306px\" class=\"wp-caption alignleft\"><a href=\"https:\/\/www.bellunopress.it\/fr\/2021\/04\/05\/no-paura-day-oltre-400-persone-in-piazza-martiri-per-la-liberta-di-pensiero-e-parola\/matteo-gracis_edited\/\" rel=\"attachment wp-att-122958\"><img loading=\"lazy\" decoding=\"async\" class=\"size-full wp-image-122958\" src=\"https:\/\/www.bellunopress.it\/wp-content\/uploads\/2021\/04\/matteo-gracis_edited.jpg\" alt=\"\" width=\"306\" height=\"420\" \/><\/a><figcaption id=\"caption-attachment-122958\" class=\"wp-caption-text\">Matteo Gracis<\/figcaption><\/figure>\n<p>Belluno, 5 aprile 2021 &#8211; Ha avuto un buon successo la manifestazione di oggi pomeriggio &#8220;No paura day &#8211; per la libert\u00e0 di pensiero e parola&#8221; che si \u00e8 tenuta in piazza dei Martiri di Belluno con oltre 400 persone presenti. Nata a Cesena, l&#8217;iniziativa di protesta contro le misure restrittive imposte dal governo ha riproposto lo schema oramai collaudato che da mesi va in scena sulle piazze del Nord Italia.<\/p>\n<p>Sono intervenuti nell&#8217;ordine, la sociologa Manuela Zorzi che ha fatto una sintesi di vari temi, la paura, il controllo sociale, l&#8217;ipnosi di massa, le ideologie, il risveglio collettivo, il potere; l&#8217;avvocato Andrea Colle, difensore dei dieci sanitari che si erano opposti al vaccino; l&#8217;avvocato Stefania Pomaro; l&#8217;avvocato Riccardo Luzi di Cesena; con l&#8217;intervento finale del giornalista Matteo Gracis, che in un crescendo efficace sullo stile di Beppe Grillo ha infiammato il pubblico.<\/p>\n<p>&#8220;Fidarsi e Affidarsi. Non si pu\u00f2 pi\u00f9 dubitare di niente&#8221; ha detto Gracis che ha parlato di informazione e disinformazione, dei giornali asserviti agli editori e alle cordate di azionisti. &#8220;Si potevano fare scelte diverse, tutelando la fasce a rischio e lasciando vivere la popolazione. Non si pu\u00f2 difendere il passato rappresentato dai nostri anziani distruggendo il futuro rappresentato dai giovani!&#8221; E ancora &#8220;Il vero giornalismo non vi porter\u00e0 mai a credere, ma a dubitare&#8221; sottolinea Gracis criticando la stampa locale e ricordando del fondo di <a href=\"https:\/\/www.mise.gov.it\/index.php\/it\/198-notizie-stampa\/2041643-operativo-il-fondo-da-50-milioni-di-euro-per-le-radiotelevisioni-locali\">50 milioni di euro destinato alle emittenti locali\u00a0<\/a>che sosterr\u00e0 la campagna di informazione, leggasi &#8220;propaganda&#8221;. Gracis riserva il gran finale per la disobbedienza civile e cita Gandhi, Mandela, Malcom X.<\/p>\n<p>Insomma, delle voci fuori del coro, in un sistema oramai omologato e ottemperante.<\/p>","protected":false},"excerpt":{"rendered":"<p>Belluno, 5 aprile 2021 &#8211; Ha avuto un buon successo la manifestazione di oggi pomeriggio &#8220;No paura day &#8211; per la libert\u00e0 di pensiero e parola&#8221; che si \u00e8 tenuta in piazza dei Martiri di Belluno con oltre 400 persone presenti. Nata a Cesena, l&#8217;iniziativa di protesta contro le misure restrittive imposte dal governo ha [&hellip;]<\/p>\n","protected":false},"author":2,"featured_media":122958,"comment_status":"closed","ping_status":"open","sticky":false,"template":"","format":"standard","meta":{"footnotes":""},"categories":[5,3446,26],"tags":[],"class_list":["post-122957","post","type-post","status-publish","format-standard","has-post-thumbnail","category-cronaca","category-featured","category-prima-pagina"],"yoast_head":"<!-- This site is optimized with the Yoast SEO plugin v28.4 - https:\/\/yoast.com\/product\/yoast-seo-wordpress\/ -->\n<title>No paura day. Oltre 400 persone in piazza Martiri &quot;per la libert\u00e0 di pensiero e parola&quot; - Bellunopress - Dolomiti<\/title>\n<meta name=\"robots\" content=\"index, follow, max-snippet:-1, max-image-preview:large, max-video-preview:-1\" \/>\n<link rel=\"canonical\" href=\"https:\/\/www.bellunopress.it\/fr\/2021\/04\/05\/no-paura-day-oltre-400-persone-in-piazza-martiri-per-la-liberta-di-pensiero-e-parola\/\" \/>\n<meta property=\"og:locale\" content=\"fr_FR\" \/>\n<meta property=\"og:type\" content=\"article\" \/>\n<meta property=\"og:title\" content=\"No paura day. Oltre 400 persone in piazza Martiri &quot;per la libert\u00e0 di pensiero e parola&quot; - Bellunopress - Dolomiti\" \/>\n<meta property=\"og:description\" content=\"Belluno, 5 aprile 2021 &#8211; Ha avuto un buon successo la manifestazione di oggi pomeriggio &#8220;No paura day &#8211; per la libert\u00e0 di pensiero e parola&#8221; che si \u00e8 tenuta in piazza dei Martiri di Belluno con oltre 400 persone presenti. Nata a Cesena, l&#8217;iniziativa di protesta contro le misure restrittive imposte dal governo ha [&hellip;]\" \/>\n<meta property=\"og:url\" content=\"https:\/\/www.bellunopress.it\/fr\/2021\/04\/05\/no-paura-day-oltre-400-persone-in-piazza-martiri-per-la-liberta-di-pensiero-e-parola\/\" \/>\n<meta property=\"og:site_name\" content=\"Bellunopress - Dolomiti\" \/>\n<meta property=\"article:publisher\" content=\"https:\/\/www.facebook.com\/profile.php?id=100008943462799\" \/>\n<meta property=\"article:published_time\" content=\"2021-04-05T16:46:45+00:00\" \/>\n<meta property=\"article:modified_time\" content=\"2021-04-05T19:13:44+00:00\" \/>\n<meta property=\"og:image\" content=\"https:\/\/www.bellunopress.it\/wp-content\/uploads\/2021\/04\/matteo-gracis_edited.jpg\" \/>\n\t<meta property=\"og:image:width\" content=\"306\" \/>\n\t<meta property=\"og:image:height\" content=\"420\" \/>\n\t<meta property=\"og:image:type\" content=\"image\/jpeg\" \/>\n<meta name=\"author\" content=\"redazione\" \/>\n<meta name=\"twitter:card\" content=\"summary_large_image\" \/>\n<meta name=\"twitter:creator\" content=\"@bellunopress\" \/>\n<meta name=\"twitter:site\" content=\"@bellunopress\" \/>\n<meta name=\"twitter:label1\" content=\"\u00c9crit par\" \/>\n\t<meta name=\"twitter:data1\" content=\"redazione\" \/>\n\t<meta name=\"twitter:label2\" content=\"Dur\u00e9e de lecture estim\u00e9e\" \/>\n\t<meta name=\"twitter:data2\" content=\"2 minutes\" \/>\n<script type=\"application\/ld+json\" class=\"yoast-schema-graph\">{\"@context\":\"https:\\\/\\\/schema.org\",\"@graph\":[{\"@type\":\"Article\",\"@id\":\"https:\\\/\\\/www.bellunopress.it\\\/2021\\\/04\\\/05\\\/no-paura-day-oltre-400-persone-in-piazza-martiri-per-la-liberta-di-pensiero-e-parola\\\/#article\",\"isPartOf\":{\"@id\":\"https:\\\/\\\/www.bellunopress.it\\\/2021\\\/04\\\/05\\\/no-paura-day-oltre-400-persone-in-piazza-martiri-per-la-liberta-di-pensiero-e-parola\\\/\"},\"author\":{\"name\":\"redazione\",\"@id\":\"https:\\\/\\\/www.bellunopress.it\\\/#\\\/schema\\\/person\\\/79bb06722b37ece1c03d3e94beb30d73\"},\"headline\":\"No paura day. Oltre 400 persone in piazza Martiri &#8220;per la libert\u00e0 di pensiero e parola&#8221;\",\"datePublished\":\"2021-04-05T16:46:45+00:00\",\"dateModified\":\"2021-04-05T19:13:44+00:00\",\"mainEntityOfPage\":{\"@id\":\"https:\\\/\\\/www.bellunopress.it\\\/2021\\\/04\\\/05\\\/no-paura-day-oltre-400-persone-in-piazza-martiri-per-la-liberta-di-pensiero-e-parola\\\/\"},\"wordCount\":299,\"publisher\":{\"@id\":\"https:\\\/\\\/www.bellunopress.it\\\/#organization\"},\"image\":{\"@id\":\"https:\\\/\\\/www.bellunopress.it\\\/2021\\\/04\\\/05\\\/no-paura-day-oltre-400-persone-in-piazza-martiri-per-la-liberta-di-pensiero-e-parola\\\/#primaryimage\"},\"thumbnailUrl\":\"https:\\\/\\\/www.bellunopress.it\\\/wp-content\\\/uploads\\\/2021\\\/04\\\/matteo-gracis_edited.jpg\",\"articleSection\":[\"Cronaca\\\/Politica\",\"Featured\",\"Prima Pagina\"],\"inLanguage\":\"fr-FR\"},{\"@type\":\"WebPage\",\"@id\":\"https:\\\/\\\/www.bellunopress.it\\\/2021\\\/04\\\/05\\\/no-paura-day-oltre-400-persone-in-piazza-martiri-per-la-liberta-di-pensiero-e-parola\\\/\",\"url\":\"https:\\\/\\\/www.bellunopress.it\\\/2021\\\/04\\\/05\\\/no-paura-day-oltre-400-persone-in-piazza-martiri-per-la-liberta-di-pensiero-e-parola\\\/\",\"name\":\"No paura day. Oltre 400 persone in piazza Martiri \\\"per la libert\u00e0 di pensiero e parola\\\" - Bellunopress - Dolomiti\",\"isPartOf\":{\"@id\":\"https:\\\/\\\/www.bellunopress.it\\\/#website\"},\"primaryImageOfPage\":{\"@id\":\"https:\\\/\\\/www.bellunopress.it\\\/2021\\\/04\\\/05\\\/no-paura-day-oltre-400-persone-in-piazza-martiri-per-la-liberta-di-pensiero-e-parola\\\/#primaryimage\"},\"image\":{\"@id\":\"https:\\\/\\\/www.bellunopress.it\\\/2021\\\/04\\\/05\\\/no-paura-day-oltre-400-persone-in-piazza-martiri-per-la-liberta-di-pensiero-e-parola\\\/#primaryimage\"},\"thumbnailUrl\":\"https:\\\/\\\/www.bellunopress.it\\\/wp-content\\\/uploads\\\/2021\\\/04\\\/matteo-gracis_edited.jpg\",\"datePublished\":\"2021-04-05T16:46:45+00:00\",\"dateModified\":\"2021-04-05T19:13:44+00:00\",\"breadcrumb\":{\"@id\":\"https:\\\/\\\/www.bellunopress.it\\\/2021\\\/04\\\/05\\\/no-paura-day-oltre-400-persone-in-piazza-martiri-per-la-liberta-di-pensiero-e-parola\\\/#breadcrumb\"},\"inLanguage\":\"fr-FR\",\"potentialAction\":[{\"@type\":\"ReadAction\",\"target\":[\"https:\\\/\\\/www.bellunopress.it\\\/2021\\\/04\\\/05\\\/no-paura-day-oltre-400-persone-in-piazza-martiri-per-la-liberta-di-pensiero-e-parola\\\/\"]}]},{\"@type\":\"ImageObject\",\"inLanguage\":\"fr-FR\",\"@id\":\"https:\\\/\\\/www.bellunopress.it\\\/2021\\\/04\\\/05\\\/no-paura-day-oltre-400-persone-in-piazza-martiri-per-la-liberta-di-pensiero-e-parola\\\/#primaryimage\",\"url\":\"https:\\\/\\\/www.bellunopress.it\\\/wp-content\\\/uploads\\\/2021\\\/04\\\/matteo-gracis_edited.jpg\",\"contentUrl\":\"https:\\\/\\\/www.bellunopress.it\\\/wp-content\\\/uploads\\\/2021\\\/04\\\/matteo-gracis_edited.jpg\",\"width\":306,\"height\":420,\"caption\":\"Matteo Gracis\"},{\"@type\":\"BreadcrumbList\",\"@id\":\"https:\\\/\\\/www.bellunopress.it\\\/2021\\\/04\\\/05\\\/no-paura-day-oltre-400-persone-in-piazza-martiri-per-la-liberta-di-pensiero-e-parola\\\/#breadcrumb\",\"itemListElement\":[{\"@type\":\"ListItem\",\"position\":1,\"name\":\"Home\",\"item\":\"https:\\\/\\\/www.bellunopress.it\\\/\"},{\"@type\":\"ListItem\",\"position\":2,\"name\":\"No paura day. Oltre 400 persone in piazza Martiri &#8220;per la libert\u00e0 di pensiero e parola&#8221;\"}]},{\"@type\":\"WebSite\",\"@id\":\"https:\\\/\\\/www.bellunopress.it\\\/#website\",\"url\":\"https:\\\/\\\/www.bellunopress.it\\\/\",\"name\":\"Bellunopress - Dolomiti\",\"description\":\"e-mail: redazione@bellunopress.it\",\"publisher\":{\"@id\":\"https:\\\/\\\/www.bellunopress.it\\\/#organization\"},\"potentialAction\":[{\"@type\":\"SearchAction\",\"target\":{\"@type\":\"EntryPoint\",\"urlTemplate\":\"https:\\\/\\\/www.bellunopress.it\\\/?s={search_term_string}\"},\"query-input\":{\"@type\":\"PropertyValueSpecification\",\"valueRequired\":true,\"valueName\":\"search_term_string\"}}],\"inLanguage\":\"fr-FR\"},{\"@type\":\"Organization\",\"@id\":\"https:\\\/\\\/www.bellunopress.it\\\/#organization\",\"name\":\"Bellunopress\",\"url\":\"https:\\\/\\\/www.bellunopress.it\\\/\",\"logo\":{\"@type\":\"ImageObject\",\"inLanguage\":\"fr-FR\",\"@id\":\"https:\\\/\\\/www.bellunopress.it\\\/#\\\/schema\\\/logo\\\/image\\\/\",\"url\":\"https:\\\/\\\/www.bellunopress.it\\\/wp-content\\\/uploads\\\/2011\\\/05\\\/cropped-logo-bellunopress-.jpg\",\"contentUrl\":\"https:\\\/\\\/www.bellunopress.it\\\/wp-content\\\/uploads\\\/2011\\\/05\\\/cropped-logo-bellunopress-.jpg\",\"width\":512,\"height\":512,\"caption\":\"Bellunopress\"},\"image\":{\"@id\":\"https:\\\/\\\/www.bellunopress.it\\\/#\\\/schema\\\/logo\\\/image\\\/\"},\"sameAs\":[\"https:\\\/\\\/www.facebook.com\\\/profile.php?id=100008943462799\",\"https:\\\/\\\/x.com\\\/bellunopress\",\"https:\\\/\\\/www.linkedin.com\\\/hp\\\/?dnr=JBzUWaJfMUw8vbXJJ2tVW5-I3jZKvC4wsoxE&amp;amp;amp;amp;amp;amp;trk=nav_responsive_tab_home\",\"https:\\\/\\\/www.youtube.com\\\/channel\\\/UCxL0wu1uN0_3_7hGG0306cw\"]},{\"@type\":\"Person\",\"@id\":\"https:\\\/\\\/www.bellunopress.it\\\/#\\\/schema\\\/person\\\/79bb06722b37ece1c03d3e94beb30d73\",\"name\":\"redazione\",\"image\":{\"@type\":\"ImageObject\",\"inLanguage\":\"fr-FR\",\"@id\":\"https:\\\/\\\/secure.gravatar.com\\\/avatar\\\/37d968a2e67a6fd04c169c4bdef102d0bc5d31b2546345219e348575eb80e9a0?s=96&d=mm&r=g\",\"url\":\"https:\\\/\\\/secure.gravatar.com\\\/avatar\\\/37d968a2e67a6fd04c169c4bdef102d0bc5d31b2546345219e348575eb80e9a0?s=96&d=mm&r=g\",\"contentUrl\":\"https:\\\/\\\/secure.gravatar.com\\\/avatar\\\/37d968a2e67a6fd04c169c4bdef102d0bc5d31b2546345219e348575eb80e9a0?s=96&d=mm&r=g\",\"caption\":\"redazione\"},\"sameAs\":[\"http:\\\/\\\/www.bellunopress.it\",\"https:\\\/\\\/x.com\\\/bellunopress\"],\"url\":\"https:\\\/\\\/www.bellunopress.it\\\/fr\\\/author\\\/redazione\\\/\"}]}<\/script>\n<!-- \/ Yoast SEO plugin. -->","yoast_head_json":{"title":"No paura day. Oltre 400 persone in piazza Martiri \"per la libert\u00e0 di pensiero e parola\" - Bellunopress - Dolomiti","robots":{"index":"index","follow":"follow","max-snippet":"max-snippet:-1","max-image-preview":"max-image-preview:large","max-video-preview":"max-video-preview:-1"},"canonical":"https:\/\/www.bellunopress.it\/fr\/2021\/04\/05\/no-paura-day-oltre-400-persone-in-piazza-martiri-per-la-liberta-di-pensiero-e-parola\/","og_locale":"fr_FR","og_type":"article","og_title":"No paura day. Oltre 400 persone in piazza Martiri \"per la libert\u00e0 di pensiero e parola\" - Bellunopress - Dolomiti","og_description":"Belluno, 5 aprile 2021 &#8211; Ha avuto un buon successo la manifestazione di oggi pomeriggio &#8220;No paura day &#8211; per la libert\u00e0 di pensiero e parola&#8221; che si \u00e8 tenuta in piazza dei Martiri di Belluno con oltre 400 persone presenti. Nata a Cesena, l&#8217;iniziativa di protesta contro le misure restrittive imposte dal governo ha [&hellip;]","og_url":"https:\/\/www.bellunopress.it\/fr\/2021\/04\/05\/no-paura-day-oltre-400-persone-in-piazza-martiri-per-la-liberta-di-pensiero-e-parola\/","og_site_name":"Bellunopress - Dolomiti","article_publisher":"https:\/\/www.facebook.com\/profile.php?id=100008943462799","article_published_time":"2021-04-05T16:46:45+00:00","article_modified_time":"2021-04-05T19:13:44+00:00","og_image":[{"width":306,"height":420,"url":"https:\/\/www.bellunopress.it\/wp-content\/uploads\/2021\/04\/matteo-gracis_edited.jpg","type":"image\/jpeg"}],"author":"redazione","twitter_card":"summary_large_image","twitter_creator":"@bellunopress","twitter_site":"@bellunopress","twitter_misc":{"\u00c9crit par":"redazione","Dur\u00e9e de lecture estim\u00e9e":"2 minutes"},"schema":{"@context":"https:\/\/schema.org","@graph":[{"@type":"Article","@id":"https:\/\/www.bellunopress.it\/2021\/04\/05\/no-paura-day-oltre-400-persone-in-piazza-martiri-per-la-liberta-di-pensiero-e-parola\/#article","isPartOf":{"@id":"https:\/\/www.bellunopress.it\/2021\/04\/05\/no-paura-day-oltre-400-persone-in-piazza-martiri-per-la-liberta-di-pensiero-e-parola\/"},"author":{"name":"redazione","@id":"https:\/\/www.bellunopress.it\/#\/schema\/person\/79bb06722b37ece1c03d3e94beb30d73"},"headline":"No paura day. Oltre 400 persone in piazza Martiri &#8220;per la libert\u00e0 di pensiero e parola&#8221;","datePublished":"2021-04-05T16:46:45+00:00","dateModified":"2021-04-05T19:13:44+00:00","mainEntityOfPage":{"@id":"https:\/\/www.bellunopress.it\/2021\/04\/05\/no-paura-day-oltre-400-persone-in-piazza-martiri-per-la-liberta-di-pensiero-e-parola\/"},"wordCount":299,"publisher":{"@id":"https:\/\/www.bellunopress.it\/#organization"},"image":{"@id":"https:\/\/www.bellunopress.it\/2021\/04\/05\/no-paura-day-oltre-400-persone-in-piazza-martiri-per-la-liberta-di-pensiero-e-parola\/#primaryimage"},"thumbnailUrl":"https:\/\/www.bellunopress.it\/wp-content\/uploads\/2021\/04\/matteo-gracis_edited.jpg","articleSection":["Cronaca\/Politica","Featured","Prima Pagina"],"inLanguage":"fr-FR"},{"@type":"WebPage","@id":"https:\/\/www.bellunopress.it\/2021\/04\/05\/no-paura-day-oltre-400-persone-in-piazza-martiri-per-la-liberta-di-pensiero-e-parola\/","url":"https:\/\/www.bellunopress.it\/2021\/04\/05\/no-paura-day-oltre-400-persone-in-piazza-martiri-per-la-liberta-di-pensiero-e-parola\/","name":"No paura day. Oltre 400 persone in piazza Martiri \"per la libert\u00e0 di pensiero e parola\" - Bellunopress - Dolomiti","isPartOf":{"@id":"https:\/\/www.bellunopress.it\/#website"},"primaryImageOfPage":{"@id":"https:\/\/www.bellunopress.it\/2021\/04\/05\/no-paura-day-oltre-400-persone-in-piazza-martiri-per-la-liberta-di-pensiero-e-parola\/#primaryimage"},"image":{"@id":"https:\/\/www.bellunopress.it\/2021\/04\/05\/no-paura-day-oltre-400-persone-in-piazza-martiri-per-la-liberta-di-pensiero-e-parola\/#primaryimage"},"thumbnailUrl":"https:\/\/www.bellunopress.it\/wp-content\/uploads\/2021\/04\/matteo-gracis_edited.jpg","datePublished":"2021-04-05T16:46:45+00:00","dateModified":"2021-04-05T19:13:44+00:00","breadcrumb":{"@id":"https:\/\/www.bellunopress.it\/2021\/04\/05\/no-paura-day-oltre-400-persone-in-piazza-martiri-per-la-liberta-di-pensiero-e-parola\/#breadcrumb"},"inLanguage":"fr-FR","potentialAction":[{"@type":"ReadAction","target":["https:\/\/www.bellunopress.it\/2021\/04\/05\/no-paura-day-oltre-400-persone-in-piazza-martiri-per-la-liberta-di-pensiero-e-parola\/"]}]},{"@type":"ImageObject","inLanguage":"fr-FR","@id":"https:\/\/www.bellunopress.it\/2021\/04\/05\/no-paura-day-oltre-400-persone-in-piazza-martiri-per-la-liberta-di-pensiero-e-parola\/#primaryimage","url":"https:\/\/www.bellunopress.it\/wp-content\/uploads\/2021\/04\/matteo-gracis_edited.jpg","contentUrl":"https:\/\/www.bellunopress.it\/wp-content\/uploads\/2021\/04\/matteo-gracis_edited.jpg","width":306,"height":420,"caption":"Matteo Gracis"},{"@type":"BreadcrumbList","@id":"https:\/\/www.bellunopress.it\/2021\/04\/05\/no-paura-day-oltre-400-persone-in-piazza-martiri-per-la-liberta-di-pensiero-e-parola\/#breadcrumb","itemListElement":[{"@type":"ListItem","position":1,"name":"Home","item":"https:\/\/www.bellunopress.it\/"},{"@type":"ListItem","position":2,"name":"No paura day. Oltre 400 persone in piazza Martiri &#8220;per la libert\u00e0 di pensiero e parola&#8221;"}]},{"@type":"WebSite","@id":"https:\/\/www.bellunopress.it\/#website","url":"https:\/\/www.bellunopress.it\/","name":"Bellunopress - Dolomiti","description":"e-mail: redazione@bellunopress.it","publisher":{"@id":"https:\/\/www.bellunopress.it\/#organization"},"potentialAction":[{"@type":"SearchAction","target":{"@type":"EntryPoint","urlTemplate":"https:\/\/www.bellunopress.it\/?s={search_term_string}"},"query-input":{"@type":"PropertyValueSpecification","valueRequired":true,"valueName":"search_term_string"}}],"inLanguage":"fr-FR"},{"@type":"Organization","@id":"https:\/\/www.bellunopress.it\/#organization","name":"Bellunopress","url":"https:\/\/www.bellunopress.it\/","logo":{"@type":"ImageObject","inLanguage":"fr-FR","@id":"https:\/\/www.bellunopress.it\/#\/schema\/logo\/image\/","url":"https:\/\/www.bellunopress.it\/wp-content\/uploads\/2011\/05\/cropped-logo-bellunopress-.jpg","contentUrl":"https:\/\/www.bellunopress.it\/wp-content\/uploads\/2011\/05\/cropped-logo-bellunopress-.jpg","width":512,"height":512,"caption":"Bellunopress"},"image":{"@id":"https:\/\/www.bellunopress.it\/#\/schema\/logo\/image\/"},"sameAs":["https:\/\/www.facebook.com\/profile.php?id=100008943462799","https:\/\/x.com\/bellunopress","https:\/\/www.linkedin.com\/hp\/?dnr=JBzUWaJfMUw8vbXJJ2tVW5-I3jZKvC4wsoxE&amp;amp;amp;amp;amp;amp;trk=nav_responsive_tab_home","https:\/\/www.youtube.com\/channel\/UCxL0wu1uN0_3_7hGG0306cw"]},{"@type":"Person","@id":"https:\/\/www.bellunopress.it\/#\/schema\/person\/79bb06722b37ece1c03d3e94beb30d73","name":"r\u00e9daction","image":{"@type":"ImageObject","inLanguage":"fr-FR","@id":"https:\/\/secure.gravatar.com\/avatar\/37d968a2e67a6fd04c169c4bdef102d0bc5d31b2546345219e348575eb80e9a0?s=96&d=mm&r=g","url":"https:\/\/secure.gravatar.com\/avatar\/37d968a2e67a6fd04c169c4bdef102d0bc5d31b2546345219e348575eb80e9a0?s=96&d=mm&r=g","contentUrl":"https:\/\/secure.gravatar.com\/avatar\/37d968a2e67a6fd04c169c4bdef102d0bc5d31b2546345219e348575eb80e9a0?s=96&d=mm&r=g","caption":"redazione"},"sameAs":["http:\/\/www.bellunopress.it","https:\/\/x.com\/bellunopress"],"url":"https:\/\/www.bellunopress.it\/fr\/author\/redazione\/"}]}},"_links":{"self":[{"href":"https:\/\/www.bellunopress.it\/fr\/wp-json\/wp\/v2\/posts\/122957","targetHints":{"allow":["GET"]}}],"collection":[{"href":"https:\/\/www.bellunopress.it\/fr\/wp-json\/wp\/v2\/posts"}],"about":[{"href":"https:\/\/www.bellunopress.it\/fr\/wp-json\/wp\/v2\/types\/post"}],"author":[{"embeddable":true,"href":"https:\/\/www.bellunopress.it\/fr\/wp-json\/wp\/v2\/users\/2"}],"replies":[{"embeddable":true,"href":"https:\/\/www.bellunopress.it\/fr\/wp-json\/wp\/v2\/comments?post=122957"}],"version-history":[{"count":3,"href":"https:\/\/www.bellunopress.it\/fr\/wp-json\/wp\/v2\/posts\/122957\/revisions"}],"predecessor-version":[{"id":122961,"href":"https:\/\/www.bellunopress.it\/fr\/wp-json\/wp\/v2\/posts\/122957\/revisions\/122961"}],"wp:featuredmedia":[{"embeddable":true,"href":"https:\/\/www.bellunopress.it\/fr\/wp-json\/wp\/v2\/media\/122958"}],"wp:attachment":[{"href":"https:\/\/www.bellunopress.it\/fr\/wp-json\/wp\/v2\/media?parent=122957"}],"wp:term":[{"taxonomy":"category","embeddable":true,"href":"https:\/\/www.bellunopress.it\/fr\/wp-json\/wp\/v2\/categories?post=122957"},{"taxonomy":"post_tag","embeddable":true,"href":"https:\/\/www.bellunopress.it\/fr\/wp-json\/wp\/v2\/tags?post=122957"}],"curies":[{"name":"wp","href":"https:\/\/api.w.org\/{rel}","templated":true}]}}