{"id":122828,"date":"2021-03-30T14:10:41","date_gmt":"2021-03-30T12:10:41","guid":{"rendered":"https:\/\/www.bellunopress.it\/?p=122828"},"modified":"2021-03-30T14:10:44","modified_gmt":"2021-03-30T12:10:44","slug":"dmo-cerca-un-responsabile-marketing-ma-deve-avere-tre-anni-desperienza-nel-settore-scadenza-domande-19-aprile-de-toni-la-pandemia-ci-obbliga-a-cambiare-approccio-e-potenziare-la-promozione","status":"publish","type":"post","link":"https:\/\/www.bellunopress.it\/fr\/2021\/03\/30\/dmo-cerca-un-responsabile-marketing-ma-deve-avere-tre-anni-desperienza-nel-settore-scadenza-domande-19-aprile-de-toni-la-pandemia-ci-obbliga-a-cambiare-approccio-e-potenziare-la-promozione\/","title":{"rendered":"Dmo cerca un responsabile marketing. Ma deve avere tre anni d&#8217;esperienza nel settore. Scadenza domande 19 aprile. De Toni: \u00abLa pandemia ci obbliga a cambiare approccio e potenziare la promozione digital\u00bb"},"content":{"rendered":"<p><a href=\"https:\/\/www.bellunopress.it\/fr\/2021\/03\/30\/dmo-cerca-un-responsabile-marketing-ma-deve-avere-tre-anni-desperienza-nel-settore-scadenza-domande-19-aprile-de-toni-la-pandemia-ci-obbliga-a-cambiare-approccio-e-potenziare-la-promozione\/dmo-dolomiti_edited-2\/\" rel=\"attachment wp-att-122830\"><img loading=\"lazy\" decoding=\"async\" class=\"alignleft size-full wp-image-122830\" src=\"http:\/\/www.bellunopress.it\/wp-content\/uploads\/2021\/03\/DMO-Dolomiti_edited-1.jpg\" alt=\"\" width=\"314\" height=\"79\" \/><\/a>La Dmo Dolomiti cerca un responsabile marketing da inserire nel piano &#8220;Vivere le Dolomiti&#8221; e per tutte le iniziative future di promozione turistica. Il bando \u00e8 gi\u00e0 stato pubblicato all&#8217;albo pretorio e rester\u00e0 aperto fino al 19 aprile.<\/p>\n<p>Si tratta di una procedura di selezione per titoli ed esami, per un posto da responsabile marketing a tempo indeterminato. I requisiti specifici vanno dall&#8217;ottima conoscenza della lingua inglese alla laurea (specialistica o vecchio ordinamento) in discipline umanistiche, marketing, comunicazione, relazioni pubbliche o economia.<\/p>\n<p>Tra i punti espressamente richiesti, anche una precedente esperienza lavorativa per un periodo di tempo non inferiore a 3 anni comportante lo svolgimento di mansioni analoghe a quelle per le quali \u00e8 indetta la selezione, nel settore marketing, turismo e promozione, presso Pubbliche amministrazioni, aziende private o in regime di libera professione.<\/p>\n<p>Una clausola che esclude buona parte di possibili candidati, che ha tutta l&#8217;aria d&#8217;essere un vestitino cucito su misura per qualcuno.<\/p>\n<figure id=\"attachment_120259\" aria-describedby=\"caption-attachment-120259\" style=\"width: 374px\" class=\"wp-caption alignleft\"><a href=\"https:\/\/www.bellunopress.it\/fr\/2020\/12\/19\/piano-eurac-vivere-le-dolomiti-de-toni-il-covid-ci-obbliga-a-ripensare-i-modelli-di-sviluppo-ma-ci-da-loccasione-di-costruire-un-paradigma-diverso\/danilo-de-toni-sindaco-di-alleghe_edited\/\" rel=\"attachment wp-att-120259\"><img loading=\"lazy\" decoding=\"async\" class=\"size-full wp-image-120259\" src=\"http:\/\/www.bellunopress.it\/wp-content\/uploads\/2020\/12\/Danilo-De-Toni-sindaco-di-Alleghe_edited.jpg\" alt=\"\" width=\"374\" height=\"308\" \/><\/a><figcaption id=\"caption-attachment-120259\" class=\"wp-caption-text\">Danilo De Toni sindaco di Alleghe_edited<\/figcaption><\/figure>\n<p>\u00abQuella del responsabile marketing \u00e8 una figura richiesta dall&#8217;assemblea dei soci, che ci dovr\u00e0 aiutare a sviluppare e completare il piano Eurac &#8220;Vivere le Dolomiti&#8221; e a portare avanti le azioni di potenziamento che abbiamo gi\u00e0 predisposto, lavorando con gli esperti nominati nei mesi scorsi &#8211; spiega il consigliere provinciale Danilo De Toni, delegato al turismo -. La pandemia ha cambiato profondamente i meccanismi del mercato turistico e il nuovo scenario, almeno nell&#8217;immediato, ci obbliga ad adottare un approccio diverso nella promozione del nostro prodotto, sempre in sinergia con i consorzi turistici delle vallate. Fondamentale sar\u00e0 il marketing sviluppato attraverso il digitale, declinato con un richiamo forte al mercato interno, almeno fintantoch\u00e9 non sar\u00e0 archiviata l&#8217;emergenza sanitaria\u00bb.<br \/>\nLa selezione della nuova figura infatti verter\u00e0 non solo sul curriculum, ma anche sulle capacit\u00e0 di impostare linee strategiche di comunicazione e marketing, che saranno poi le mansioni principali a cui sar\u00e0 chiamato il vincitore del bando (scaricabile dal sito istituzionale della Provincia).<\/p>\n<p>\u00abNon possiamo nascondere che il 2020 e i primi mesi del 2021 sono stati disastrosi per il turismo, eccezion fatta soltanto per agosto e settembre dello scorso anno &#8211; conclude il consigliere De Toni -. La chiusura imposta alla stagione invernale ha creato e sta creando diversi problemi alle attivit\u00e0 ricettive e commerciali, non solamente alle stazioni sciistiche. Per i prossimi mesi, soprattutto per l&#8217;estate, ci auguriamo che sar\u00e0 possibile riaprire, puntando sulla salubrit\u00e0 dell&#8217;aria di montagna e sulla facilit\u00e0 di distanziamento che le Dolomiti bellunesi possono garantire. Il turismo molto probabilmente sar\u00e0 solo quello di prossimit\u00e0. E su questo dobbiamo puntare, senza per\u00f2 perdere i contatti gi\u00e0 avviati con i soggetti esteri e senza tralasciare l&#8217;attenzione verso i mercati gi\u00e0 consolidati in altri Paesi, nella consapevolezza che prima o poi si potr\u00e0 tornare a viaggiare come prima del Covid\u00bb.<\/p>","protected":false},"excerpt":{"rendered":"<p>La Dmo Dolomiti cerca un responsabile marketing da inserire nel piano &#8220;Vivere le Dolomiti&#8221; e per tutte le iniziative future di promozione turistica. Il bando \u00e8 gi\u00e0 stato pubblicato all&#8217;albo pretorio e rester\u00e0 aperto fino al 19 aprile. Si tratta di una procedura di selezione per titoli ed esami, per un posto da responsabile marketing [&hellip;]<\/p>\n","protected":false},"author":2,"featured_media":122830,"comment_status":"closed","ping_status":"open","sticky":false,"template":"","format":"standard","meta":{"footnotes":""},"categories":[36],"tags":[],"class_list":["post-122828","post","type-post","status-publish","format-standard","has-post-thumbnail","category-lavoro-economia"],"yoast_head":"<!-- This site is optimized with the Yoast SEO plugin v28.4 - https:\/\/yoast.com\/product\/yoast-seo-wordpress\/ -->\n<title>Dmo cerca un responsabile marketing. Ma deve avere tre anni d&#039;esperienza nel settore. Scadenza domande 19 aprile. De Toni: \u00abLa pandemia ci obbliga a cambiare approccio e potenziare la promozione digital\u00bb - Bellunopress - Dolomiti<\/title>\n<meta name=\"robots\" content=\"index, follow, max-snippet:-1, max-image-preview:large, max-video-preview:-1\" \/>\n<link rel=\"canonical\" href=\"https:\/\/www.bellunopress.it\/fr\/2021\/03\/30\/dmo-cerca-un-responsabile-marketing-ma-deve-avere-tre-anni-desperienza-nel-settore-scadenza-domande-19-aprile-de-toni-la-pandemia-ci-obbliga-a-cambiare-approccio-e-potenziare-la-promozione\/\" \/>\n<meta property=\"og:locale\" content=\"fr_FR\" \/>\n<meta property=\"og:type\" content=\"article\" \/>\n<meta property=\"og:title\" content=\"Dmo cerca un responsabile marketing. Ma deve avere tre anni d&#039;esperienza nel settore. Scadenza domande 19 aprile. De Toni: \u00abLa pandemia ci obbliga a cambiare approccio e potenziare la promozione digital\u00bb - Bellunopress - Dolomiti\" \/>\n<meta property=\"og:description\" content=\"La Dmo Dolomiti cerca un responsabile marketing da inserire nel piano &#8220;Vivere le Dolomiti&#8221; e per tutte le iniziative future di promozione turistica. Il bando \u00e8 gi\u00e0 stato pubblicato all&#8217;albo pretorio e rester\u00e0 aperto fino al 19 aprile. Si tratta di una procedura di selezione per titoli ed esami, per un posto da responsabile marketing [&hellip;]\" \/>\n<meta property=\"og:url\" content=\"https:\/\/www.bellunopress.it\/fr\/2021\/03\/30\/dmo-cerca-un-responsabile-marketing-ma-deve-avere-tre-anni-desperienza-nel-settore-scadenza-domande-19-aprile-de-toni-la-pandemia-ci-obbliga-a-cambiare-approccio-e-potenziare-la-promozione\/\" \/>\n<meta property=\"og:site_name\" content=\"Bellunopress - Dolomiti\" \/>\n<meta property=\"article:publisher\" content=\"https:\/\/www.facebook.com\/profile.php?id=100008943462799\" \/>\n<meta property=\"article:published_time\" content=\"2021-03-30T12:10:41+00:00\" \/>\n<meta property=\"article:modified_time\" content=\"2021-03-30T12:10:44+00:00\" \/>\n<meta property=\"og:image\" content=\"https:\/\/www.bellunopress.it\/wp-content\/uploads\/2021\/03\/DMO-Dolomiti_edited-1.jpg\" \/>\n\t<meta property=\"og:image:width\" content=\"314\" \/>\n\t<meta property=\"og:image:height\" content=\"79\" \/>\n\t<meta property=\"og:image:type\" content=\"image\/jpeg\" \/>\n<meta name=\"author\" content=\"redazione\" \/>\n<meta name=\"twitter:card\" content=\"summary_large_image\" \/>\n<meta name=\"twitter:creator\" content=\"@bellunopress\" \/>\n<meta name=\"twitter:site\" content=\"@bellunopress\" \/>\n<meta name=\"twitter:label1\" content=\"\u00c9crit par\" \/>\n\t<meta name=\"twitter:data1\" content=\"redazione\" \/>\n\t<meta name=\"twitter:label2\" content=\"Dur\u00e9e de lecture estim\u00e9e\" \/>\n\t<meta name=\"twitter:data2\" content=\"3 minutes\" \/>\n<script type=\"application\/ld+json\" class=\"yoast-schema-graph\">{\"@context\":\"https:\\\/\\\/schema.org\",\"@graph\":[{\"@type\":\"Article\",\"@id\":\"https:\\\/\\\/www.bellunopress.it\\\/2021\\\/03\\\/30\\\/dmo-cerca-un-responsabile-marketing-ma-deve-avere-tre-anni-desperienza-nel-settore-scadenza-domande-19-aprile-de-toni-la-pandemia-ci-obbliga-a-cambiare-approccio-e-potenziare-la-promozione\\\/#article\",\"isPartOf\":{\"@id\":\"https:\\\/\\\/www.bellunopress.it\\\/2021\\\/03\\\/30\\\/dmo-cerca-un-responsabile-marketing-ma-deve-avere-tre-anni-desperienza-nel-settore-scadenza-domande-19-aprile-de-toni-la-pandemia-ci-obbliga-a-cambiare-approccio-e-potenziare-la-promozione\\\/\"},\"author\":{\"name\":\"redazione\",\"@id\":\"https:\\\/\\\/www.bellunopress.it\\\/#\\\/schema\\\/person\\\/79bb06722b37ece1c03d3e94beb30d73\"},\"headline\":\"Dmo cerca un responsabile marketing. Ma deve avere tre anni d&#8217;esperienza nel settore. Scadenza domande 19 aprile. De Toni: \u00abLa pandemia ci obbliga a cambiare approccio e potenziare la promozione digital\u00bb\",\"datePublished\":\"2021-03-30T12:10:41+00:00\",\"dateModified\":\"2021-03-30T12:10:44+00:00\",\"mainEntityOfPage\":{\"@id\":\"https:\\\/\\\/www.bellunopress.it\\\/2021\\\/03\\\/30\\\/dmo-cerca-un-responsabile-marketing-ma-deve-avere-tre-anni-desperienza-nel-settore-scadenza-domande-19-aprile-de-toni-la-pandemia-ci-obbliga-a-cambiare-approccio-e-potenziare-la-promozione\\\/\"},\"wordCount\":503,\"publisher\":{\"@id\":\"https:\\\/\\\/www.bellunopress.it\\\/#organization\"},\"image\":{\"@id\":\"https:\\\/\\\/www.bellunopress.it\\\/2021\\\/03\\\/30\\\/dmo-cerca-un-responsabile-marketing-ma-deve-avere-tre-anni-desperienza-nel-settore-scadenza-domande-19-aprile-de-toni-la-pandemia-ci-obbliga-a-cambiare-approccio-e-potenziare-la-promozione\\\/#primaryimage\"},\"thumbnailUrl\":\"https:\\\/\\\/www.bellunopress.it\\\/wp-content\\\/uploads\\\/2021\\\/03\\\/DMO-Dolomiti_edited-1.jpg\",\"articleSection\":[\"Lavoro, Economia, Turismo\"],\"inLanguage\":\"fr-FR\"},{\"@type\":\"WebPage\",\"@id\":\"https:\\\/\\\/www.bellunopress.it\\\/2021\\\/03\\\/30\\\/dmo-cerca-un-responsabile-marketing-ma-deve-avere-tre-anni-desperienza-nel-settore-scadenza-domande-19-aprile-de-toni-la-pandemia-ci-obbliga-a-cambiare-approccio-e-potenziare-la-promozione\\\/\",\"url\":\"https:\\\/\\\/www.bellunopress.it\\\/2021\\\/03\\\/30\\\/dmo-cerca-un-responsabile-marketing-ma-deve-avere-tre-anni-desperienza-nel-settore-scadenza-domande-19-aprile-de-toni-la-pandemia-ci-obbliga-a-cambiare-approccio-e-potenziare-la-promozione\\\/\",\"name\":\"Dmo cerca un responsabile marketing. Ma deve avere tre anni d'esperienza nel settore. Scadenza domande 19 aprile. De Toni: \u00abLa pandemia ci obbliga a cambiare approccio e potenziare la promozione digital\u00bb - Bellunopress - Dolomiti\",\"isPartOf\":{\"@id\":\"https:\\\/\\\/www.bellunopress.it\\\/#website\"},\"primaryImageOfPage\":{\"@id\":\"https:\\\/\\\/www.bellunopress.it\\\/2021\\\/03\\\/30\\\/dmo-cerca-un-responsabile-marketing-ma-deve-avere-tre-anni-desperienza-nel-settore-scadenza-domande-19-aprile-de-toni-la-pandemia-ci-obbliga-a-cambiare-approccio-e-potenziare-la-promozione\\\/#primaryimage\"},\"image\":{\"@id\":\"https:\\\/\\\/www.bellunopress.it\\\/2021\\\/03\\\/30\\\/dmo-cerca-un-responsabile-marketing-ma-deve-avere-tre-anni-desperienza-nel-settore-scadenza-domande-19-aprile-de-toni-la-pandemia-ci-obbliga-a-cambiare-approccio-e-potenziare-la-promozione\\\/#primaryimage\"},\"thumbnailUrl\":\"https:\\\/\\\/www.bellunopress.it\\\/wp-content\\\/uploads\\\/2021\\\/03\\\/DMO-Dolomiti_edited-1.jpg\",\"datePublished\":\"2021-03-30T12:10:41+00:00\",\"dateModified\":\"2021-03-30T12:10:44+00:00\",\"breadcrumb\":{\"@id\":\"https:\\\/\\\/www.bellunopress.it\\\/2021\\\/03\\\/30\\\/dmo-cerca-un-responsabile-marketing-ma-deve-avere-tre-anni-desperienza-nel-settore-scadenza-domande-19-aprile-de-toni-la-pandemia-ci-obbliga-a-cambiare-approccio-e-potenziare-la-promozione\\\/#breadcrumb\"},\"inLanguage\":\"fr-FR\",\"potentialAction\":[{\"@type\":\"ReadAction\",\"target\":[\"https:\\\/\\\/www.bellunopress.it\\\/2021\\\/03\\\/30\\\/dmo-cerca-un-responsabile-marketing-ma-deve-avere-tre-anni-desperienza-nel-settore-scadenza-domande-19-aprile-de-toni-la-pandemia-ci-obbliga-a-cambiare-approccio-e-potenziare-la-promozione\\\/\"]}]},{\"@type\":\"ImageObject\",\"inLanguage\":\"fr-FR\",\"@id\":\"https:\\\/\\\/www.bellunopress.it\\\/2021\\\/03\\\/30\\\/dmo-cerca-un-responsabile-marketing-ma-deve-avere-tre-anni-desperienza-nel-settore-scadenza-domande-19-aprile-de-toni-la-pandemia-ci-obbliga-a-cambiare-approccio-e-potenziare-la-promozione\\\/#primaryimage\",\"url\":\"https:\\\/\\\/www.bellunopress.it\\\/wp-content\\\/uploads\\\/2021\\\/03\\\/DMO-Dolomiti_edited-1.jpg\",\"contentUrl\":\"https:\\\/\\\/www.bellunopress.it\\\/wp-content\\\/uploads\\\/2021\\\/03\\\/DMO-Dolomiti_edited-1.jpg\",\"width\":314,\"height\":79},{\"@type\":\"BreadcrumbList\",\"@id\":\"https:\\\/\\\/www.bellunopress.it\\\/2021\\\/03\\\/30\\\/dmo-cerca-un-responsabile-marketing-ma-deve-avere-tre-anni-desperienza-nel-settore-scadenza-domande-19-aprile-de-toni-la-pandemia-ci-obbliga-a-cambiare-approccio-e-potenziare-la-promozione\\\/#breadcrumb\",\"itemListElement\":[{\"@type\":\"ListItem\",\"position\":1,\"name\":\"Home\",\"item\":\"https:\\\/\\\/www.bellunopress.it\\\/\"},{\"@type\":\"ListItem\",\"position\":2,\"name\":\"Dmo cerca un responsabile marketing. Ma deve avere tre anni d&#8217;esperienza nel settore. Scadenza domande 19 aprile. De Toni: \u00abLa pandemia ci obbliga a cambiare approccio e potenziare la promozione digital\u00bb\"}]},{\"@type\":\"WebSite\",\"@id\":\"https:\\\/\\\/www.bellunopress.it\\\/#website\",\"url\":\"https:\\\/\\\/www.bellunopress.it\\\/\",\"name\":\"Bellunopress - Dolomiti\",\"description\":\"e-mail: redazione@bellunopress.it\",\"publisher\":{\"@id\":\"https:\\\/\\\/www.bellunopress.it\\\/#organization\"},\"potentialAction\":[{\"@type\":\"SearchAction\",\"target\":{\"@type\":\"EntryPoint\",\"urlTemplate\":\"https:\\\/\\\/www.bellunopress.it\\\/?s={search_term_string}\"},\"query-input\":{\"@type\":\"PropertyValueSpecification\",\"valueRequired\":true,\"valueName\":\"search_term_string\"}}],\"inLanguage\":\"fr-FR\"},{\"@type\":\"Organization\",\"@id\":\"https:\\\/\\\/www.bellunopress.it\\\/#organization\",\"name\":\"Bellunopress\",\"url\":\"https:\\\/\\\/www.bellunopress.it\\\/\",\"logo\":{\"@type\":\"ImageObject\",\"inLanguage\":\"fr-FR\",\"@id\":\"https:\\\/\\\/www.bellunopress.it\\\/#\\\/schema\\\/logo\\\/image\\\/\",\"url\":\"https:\\\/\\\/www.bellunopress.it\\\/wp-content\\\/uploads\\\/2011\\\/05\\\/cropped-logo-bellunopress-.jpg\",\"contentUrl\":\"https:\\\/\\\/www.bellunopress.it\\\/wp-content\\\/uploads\\\/2011\\\/05\\\/cropped-logo-bellunopress-.jpg\",\"width\":512,\"height\":512,\"caption\":\"Bellunopress\"},\"image\":{\"@id\":\"https:\\\/\\\/www.bellunopress.it\\\/#\\\/schema\\\/logo\\\/image\\\/\"},\"sameAs\":[\"https:\\\/\\\/www.facebook.com\\\/profile.php?id=100008943462799\",\"https:\\\/\\\/x.com\\\/bellunopress\",\"https:\\\/\\\/www.linkedin.com\\\/hp\\\/?dnr=JBzUWaJfMUw8vbXJJ2tVW5-I3jZKvC4wsoxE&amp;amp;amp;amp;amp;amp;trk=nav_responsive_tab_home\",\"https:\\\/\\\/www.youtube.com\\\/channel\\\/UCxL0wu1uN0_3_7hGG0306cw\"]},{\"@type\":\"Person\",\"@id\":\"https:\\\/\\\/www.bellunopress.it\\\/#\\\/schema\\\/person\\\/79bb06722b37ece1c03d3e94beb30d73\",\"name\":\"redazione\",\"image\":{\"@type\":\"ImageObject\",\"inLanguage\":\"fr-FR\",\"@id\":\"https:\\\/\\\/secure.gravatar.com\\\/avatar\\\/37d968a2e67a6fd04c169c4bdef102d0bc5d31b2546345219e348575eb80e9a0?s=96&d=mm&r=g\",\"url\":\"https:\\\/\\\/secure.gravatar.com\\\/avatar\\\/37d968a2e67a6fd04c169c4bdef102d0bc5d31b2546345219e348575eb80e9a0?s=96&d=mm&r=g\",\"contentUrl\":\"https:\\\/\\\/secure.gravatar.com\\\/avatar\\\/37d968a2e67a6fd04c169c4bdef102d0bc5d31b2546345219e348575eb80e9a0?s=96&d=mm&r=g\",\"caption\":\"redazione\"},\"sameAs\":[\"http:\\\/\\\/www.bellunopress.it\",\"https:\\\/\\\/x.com\\\/bellunopress\"],\"url\":\"https:\\\/\\\/www.bellunopress.it\\\/fr\\\/author\\\/redazione\\\/\"}]}<\/script>\n<!-- \/ Yoast SEO plugin. -->","yoast_head_json":{"title":"Dmo cerca un responsabile marketing. Ma deve avere tre anni d'esperienza nel settore. Scadenza domande 19 aprile. De Toni: \u00abLa pandemia ci obbliga a cambiare approccio e potenziare la promozione digital\u00bb - Bellunopress - Dolomiti","robots":{"index":"index","follow":"follow","max-snippet":"max-snippet:-1","max-image-preview":"max-image-preview:large","max-video-preview":"max-video-preview:-1"},"canonical":"https:\/\/www.bellunopress.it\/fr\/2021\/03\/30\/dmo-cerca-un-responsabile-marketing-ma-deve-avere-tre-anni-desperienza-nel-settore-scadenza-domande-19-aprile-de-toni-la-pandemia-ci-obbliga-a-cambiare-approccio-e-potenziare-la-promozione\/","og_locale":"fr_FR","og_type":"article","og_title":"Dmo cerca un responsabile marketing. Ma deve avere tre anni d'esperienza nel settore. Scadenza domande 19 aprile. De Toni: \u00abLa pandemia ci obbliga a cambiare approccio e potenziare la promozione digital\u00bb - Bellunopress - Dolomiti","og_description":"La Dmo Dolomiti cerca un responsabile marketing da inserire nel piano &#8220;Vivere le Dolomiti&#8221; e per tutte le iniziative future di promozione turistica. Il bando \u00e8 gi\u00e0 stato pubblicato all&#8217;albo pretorio e rester\u00e0 aperto fino al 19 aprile. Si tratta di una procedura di selezione per titoli ed esami, per un posto da responsabile marketing [&hellip;]","og_url":"https:\/\/www.bellunopress.it\/fr\/2021\/03\/30\/dmo-cerca-un-responsabile-marketing-ma-deve-avere-tre-anni-desperienza-nel-settore-scadenza-domande-19-aprile-de-toni-la-pandemia-ci-obbliga-a-cambiare-approccio-e-potenziare-la-promozione\/","og_site_name":"Bellunopress - Dolomiti","article_publisher":"https:\/\/www.facebook.com\/profile.php?id=100008943462799","article_published_time":"2021-03-30T12:10:41+00:00","article_modified_time":"2021-03-30T12:10:44+00:00","og_image":[{"width":314,"height":79,"url":"https:\/\/www.bellunopress.it\/wp-content\/uploads\/2021\/03\/DMO-Dolomiti_edited-1.jpg","type":"image\/jpeg"}],"author":"redazione","twitter_card":"summary_large_image","twitter_creator":"@bellunopress","twitter_site":"@bellunopress","twitter_misc":{"\u00c9crit par":"redazione","Dur\u00e9e de lecture estim\u00e9e":"3 minutes"},"schema":{"@context":"https:\/\/schema.org","@graph":[{"@type":"Article","@id":"https:\/\/www.bellunopress.it\/2021\/03\/30\/dmo-cerca-un-responsabile-marketing-ma-deve-avere-tre-anni-desperienza-nel-settore-scadenza-domande-19-aprile-de-toni-la-pandemia-ci-obbliga-a-cambiare-approccio-e-potenziare-la-promozione\/#article","isPartOf":{"@id":"https:\/\/www.bellunopress.it\/2021\/03\/30\/dmo-cerca-un-responsabile-marketing-ma-deve-avere-tre-anni-desperienza-nel-settore-scadenza-domande-19-aprile-de-toni-la-pandemia-ci-obbliga-a-cambiare-approccio-e-potenziare-la-promozione\/"},"author":{"name":"redazione","@id":"https:\/\/www.bellunopress.it\/#\/schema\/person\/79bb06722b37ece1c03d3e94beb30d73"},"headline":"Dmo cerca un responsabile marketing. Ma deve avere tre anni d&#8217;esperienza nel settore. Scadenza domande 19 aprile. De Toni: \u00abLa pandemia ci obbliga a cambiare approccio e potenziare la promozione digital\u00bb","datePublished":"2021-03-30T12:10:41+00:00","dateModified":"2021-03-30T12:10:44+00:00","mainEntityOfPage":{"@id":"https:\/\/www.bellunopress.it\/2021\/03\/30\/dmo-cerca-un-responsabile-marketing-ma-deve-avere-tre-anni-desperienza-nel-settore-scadenza-domande-19-aprile-de-toni-la-pandemia-ci-obbliga-a-cambiare-approccio-e-potenziare-la-promozione\/"},"wordCount":503,"publisher":{"@id":"https:\/\/www.bellunopress.it\/#organization"},"image":{"@id":"https:\/\/www.bellunopress.it\/2021\/03\/30\/dmo-cerca-un-responsabile-marketing-ma-deve-avere-tre-anni-desperienza-nel-settore-scadenza-domande-19-aprile-de-toni-la-pandemia-ci-obbliga-a-cambiare-approccio-e-potenziare-la-promozione\/#primaryimage"},"thumbnailUrl":"https:\/\/www.bellunopress.it\/wp-content\/uploads\/2021\/03\/DMO-Dolomiti_edited-1.jpg","articleSection":["Lavoro, Economia, Turismo"],"inLanguage":"fr-FR"},{"@type":"WebPage","@id":"https:\/\/www.bellunopress.it\/2021\/03\/30\/dmo-cerca-un-responsabile-marketing-ma-deve-avere-tre-anni-desperienza-nel-settore-scadenza-domande-19-aprile-de-toni-la-pandemia-ci-obbliga-a-cambiare-approccio-e-potenziare-la-promozione\/","url":"https:\/\/www.bellunopress.it\/2021\/03\/30\/dmo-cerca-un-responsabile-marketing-ma-deve-avere-tre-anni-desperienza-nel-settore-scadenza-domande-19-aprile-de-toni-la-pandemia-ci-obbliga-a-cambiare-approccio-e-potenziare-la-promozione\/","name":"Dmo cerca un responsabile marketing. Ma deve avere tre anni d'esperienza nel settore. Scadenza domande 19 aprile. De Toni: \u00abLa pandemia ci obbliga a cambiare approccio e potenziare la promozione digital\u00bb - Bellunopress - Dolomiti","isPartOf":{"@id":"https:\/\/www.bellunopress.it\/#website"},"primaryImageOfPage":{"@id":"https:\/\/www.bellunopress.it\/2021\/03\/30\/dmo-cerca-un-responsabile-marketing-ma-deve-avere-tre-anni-desperienza-nel-settore-scadenza-domande-19-aprile-de-toni-la-pandemia-ci-obbliga-a-cambiare-approccio-e-potenziare-la-promozione\/#primaryimage"},"image":{"@id":"https:\/\/www.bellunopress.it\/2021\/03\/30\/dmo-cerca-un-responsabile-marketing-ma-deve-avere-tre-anni-desperienza-nel-settore-scadenza-domande-19-aprile-de-toni-la-pandemia-ci-obbliga-a-cambiare-approccio-e-potenziare-la-promozione\/#primaryimage"},"thumbnailUrl":"https:\/\/www.bellunopress.it\/wp-content\/uploads\/2021\/03\/DMO-Dolomiti_edited-1.jpg","datePublished":"2021-03-30T12:10:41+00:00","dateModified":"2021-03-30T12:10:44+00:00","breadcrumb":{"@id":"https:\/\/www.bellunopress.it\/2021\/03\/30\/dmo-cerca-un-responsabile-marketing-ma-deve-avere-tre-anni-desperienza-nel-settore-scadenza-domande-19-aprile-de-toni-la-pandemia-ci-obbliga-a-cambiare-approccio-e-potenziare-la-promozione\/#breadcrumb"},"inLanguage":"fr-FR","potentialAction":[{"@type":"ReadAction","target":["https:\/\/www.bellunopress.it\/2021\/03\/30\/dmo-cerca-un-responsabile-marketing-ma-deve-avere-tre-anni-desperienza-nel-settore-scadenza-domande-19-aprile-de-toni-la-pandemia-ci-obbliga-a-cambiare-approccio-e-potenziare-la-promozione\/"]}]},{"@type":"ImageObject","inLanguage":"fr-FR","@id":"https:\/\/www.bellunopress.it\/2021\/03\/30\/dmo-cerca-un-responsabile-marketing-ma-deve-avere-tre-anni-desperienza-nel-settore-scadenza-domande-19-aprile-de-toni-la-pandemia-ci-obbliga-a-cambiare-approccio-e-potenziare-la-promozione\/#primaryimage","url":"https:\/\/www.bellunopress.it\/wp-content\/uploads\/2021\/03\/DMO-Dolomiti_edited-1.jpg","contentUrl":"https:\/\/www.bellunopress.it\/wp-content\/uploads\/2021\/03\/DMO-Dolomiti_edited-1.jpg","width":314,"height":79},{"@type":"BreadcrumbList","@id":"https:\/\/www.bellunopress.it\/2021\/03\/30\/dmo-cerca-un-responsabile-marketing-ma-deve-avere-tre-anni-desperienza-nel-settore-scadenza-domande-19-aprile-de-toni-la-pandemia-ci-obbliga-a-cambiare-approccio-e-potenziare-la-promozione\/#breadcrumb","itemListElement":[{"@type":"ListItem","position":1,"name":"Home","item":"https:\/\/www.bellunopress.it\/"},{"@type":"ListItem","position":2,"name":"Dmo cerca un responsabile marketing. Ma deve avere tre anni d&#8217;esperienza nel settore. Scadenza domande 19 aprile. De Toni: \u00abLa pandemia ci obbliga a cambiare approccio e potenziare la promozione digital\u00bb"}]},{"@type":"WebSite","@id":"https:\/\/www.bellunopress.it\/#website","url":"https:\/\/www.bellunopress.it\/","name":"Bellunopress - Dolomiti","description":"e-mail: redazione@bellunopress.it","publisher":{"@id":"https:\/\/www.bellunopress.it\/#organization"},"potentialAction":[{"@type":"SearchAction","target":{"@type":"EntryPoint","urlTemplate":"https:\/\/www.bellunopress.it\/?s={search_term_string}"},"query-input":{"@type":"PropertyValueSpecification","valueRequired":true,"valueName":"search_term_string"}}],"inLanguage":"fr-FR"},{"@type":"Organization","@id":"https:\/\/www.bellunopress.it\/#organization","name":"Bellunopress","url":"https:\/\/www.bellunopress.it\/","logo":{"@type":"ImageObject","inLanguage":"fr-FR","@id":"https:\/\/www.bellunopress.it\/#\/schema\/logo\/image\/","url":"https:\/\/www.bellunopress.it\/wp-content\/uploads\/2011\/05\/cropped-logo-bellunopress-.jpg","contentUrl":"https:\/\/www.bellunopress.it\/wp-content\/uploads\/2011\/05\/cropped-logo-bellunopress-.jpg","width":512,"height":512,"caption":"Bellunopress"},"image":{"@id":"https:\/\/www.bellunopress.it\/#\/schema\/logo\/image\/"},"sameAs":["https:\/\/www.facebook.com\/profile.php?id=100008943462799","https:\/\/x.com\/bellunopress","https:\/\/www.linkedin.com\/hp\/?dnr=JBzUWaJfMUw8vbXJJ2tVW5-I3jZKvC4wsoxE&amp;amp;amp;amp;amp;amp;trk=nav_responsive_tab_home","https:\/\/www.youtube.com\/channel\/UCxL0wu1uN0_3_7hGG0306cw"]},{"@type":"Person","@id":"https:\/\/www.bellunopress.it\/#\/schema\/person\/79bb06722b37ece1c03d3e94beb30d73","name":"r\u00e9daction","image":{"@type":"ImageObject","inLanguage":"fr-FR","@id":"https:\/\/secure.gravatar.com\/avatar\/37d968a2e67a6fd04c169c4bdef102d0bc5d31b2546345219e348575eb80e9a0?s=96&d=mm&r=g","url":"https:\/\/secure.gravatar.com\/avatar\/37d968a2e67a6fd04c169c4bdef102d0bc5d31b2546345219e348575eb80e9a0?s=96&d=mm&r=g","contentUrl":"https:\/\/secure.gravatar.com\/avatar\/37d968a2e67a6fd04c169c4bdef102d0bc5d31b2546345219e348575eb80e9a0?s=96&d=mm&r=g","caption":"redazione"},"sameAs":["http:\/\/www.bellunopress.it","https:\/\/x.com\/bellunopress"],"url":"https:\/\/www.bellunopress.it\/fr\/author\/redazione\/"}]}},"_links":{"self":[{"href":"https:\/\/www.bellunopress.it\/fr\/wp-json\/wp\/v2\/posts\/122828","targetHints":{"allow":["GET"]}}],"collection":[{"href":"https:\/\/www.bellunopress.it\/fr\/wp-json\/wp\/v2\/posts"}],"about":[{"href":"https:\/\/www.bellunopress.it\/fr\/wp-json\/wp\/v2\/types\/post"}],"author":[{"embeddable":true,"href":"https:\/\/www.bellunopress.it\/fr\/wp-json\/wp\/v2\/users\/2"}],"replies":[{"embeddable":true,"href":"https:\/\/www.bellunopress.it\/fr\/wp-json\/wp\/v2\/comments?post=122828"}],"version-history":[{"count":2,"href":"https:\/\/www.bellunopress.it\/fr\/wp-json\/wp\/v2\/posts\/122828\/revisions"}],"predecessor-version":[{"id":122832,"href":"https:\/\/www.bellunopress.it\/fr\/wp-json\/wp\/v2\/posts\/122828\/revisions\/122832"}],"wp:featuredmedia":[{"embeddable":true,"href":"https:\/\/www.bellunopress.it\/fr\/wp-json\/wp\/v2\/media\/122830"}],"wp:attachment":[{"href":"https:\/\/www.bellunopress.it\/fr\/wp-json\/wp\/v2\/media?parent=122828"}],"wp:term":[{"taxonomy":"category","embeddable":true,"href":"https:\/\/www.bellunopress.it\/fr\/wp-json\/wp\/v2\/categories?post=122828"},{"taxonomy":"post_tag","embeddable":true,"href":"https:\/\/www.bellunopress.it\/fr\/wp-json\/wp\/v2\/tags?post=122828"}],"curies":[{"name":"wp","href":"https:\/\/api.w.org\/{rel}","templated":true}]}}