{"id":122826,"date":"2021-03-30T13:45:45","date_gmt":"2021-03-30T11:45:45","guid":{"rendered":"https:\/\/www.bellunopress.it\/?p=122826"},"modified":"2021-03-30T13:45:45","modified_gmt":"2021-03-30T11:45:45","slug":"trasporto-pubblico-fermo-a-pasqua-e-pasquetta-scopel-monitoriamo-la-situazione-per-capire-se-ci-sara-il-rientro-a-scuola-di-bambini-e-ragazzi","status":"publish","type":"post","link":"https:\/\/www.bellunopress.it\/fr\/2021\/03\/30\/trasporto-pubblico-fermo-a-pasqua-e-pasquetta-scopel-monitoriamo-la-situazione-per-capire-se-ci-sara-il-rientro-a-scuola-di-bambini-e-ragazzi\/","title":{"rendered":"Trasporto pubblico fermo a Pasqua e Pasquetta. Scopel: \u00abMonitoriamo la situazione per capire se ci sar\u00e0 il rientro a scuola di bambini e ragazzi\u00bb"},"content":{"rendered":"<p><a href=\"https:\/\/www.bellunopress.it\/fr\/2020\/10\/07\/messaggi-anti-covid-sugli-autobus-dolomitibus-spinge-sulla-sicurezza-e-sensibilizza-gli-studenti\/dolomitibus_edited\/\" rel=\"attachment wp-att-118324\"><img loading=\"lazy\" decoding=\"async\" class=\"alignleft size-full wp-image-118324\" src=\"http:\/\/www.bellunopress.it\/wp-content\/uploads\/2020\/10\/dolomitibus_edited.jpg\" alt=\"\" width=\"800\" height=\"600\" srcset=\"https:\/\/www.bellunopress.it\/wp-content\/uploads\/2020\/10\/dolomitibus_edited.jpg 800w, https:\/\/www.bellunopress.it\/wp-content\/uploads\/2020\/10\/dolomitibus_edited-500x375.jpg 500w, https:\/\/www.bellunopress.it\/wp-content\/uploads\/2020\/10\/dolomitibus_edited-696x522.jpg 696w, https:\/\/www.bellunopress.it\/wp-content\/uploads\/2020\/10\/dolomitibus_edited-560x420.jpg 560w, https:\/\/www.bellunopress.it\/wp-content\/uploads\/2020\/10\/dolomitibus_edited-80x60.jpg 80w, https:\/\/www.bellunopress.it\/wp-content\/uploads\/2020\/10\/dolomitibus_edited-265x198.jpg 265w\" sizes=\"auto, (max-width: 800px) 100vw, 800px\" \/><\/a>A seguito del monitoraggio dei flussi di utenza e alla luce delle restrizioni anti-Covid per la settimana di Pasqua, Provincia e Dolomitibus hanno deciso di sospendere il trasporto pubblico nei giorni di domenica 4 e luned\u00ec 5 aprile. I servizi urbano ed extraurbano riprenderanno da marted\u00ec 6 aprile, con l&#8217;orario ridotto, privo delle corse scolastiche, mentre il ritorno all&#8217;orario normale \u00e8 in programma per l&#8217;11 aprile, nel caso in cui venga dato il via libera alla riapertura delle scuole.<\/p>\n<figure id=\"attachment_100935\" aria-describedby=\"caption-attachment-100935\" style=\"width: 233px\" class=\"wp-caption alignleft\"><a href=\"https:\/\/www.bellunopress.it\/fr\/2019\/01\/05\/dario-scopel-sindaco-di-seren-del-grappa-e-il-nuovo-coordinatore-provinciale-di-forza-italia\/dario-scopel-sindaco-seren-del-grappa\/\" rel=\"attachment wp-att-100935\"><img loading=\"lazy\" decoding=\"async\" class=\"size-full wp-image-100935\" src=\"http:\/\/www.bellunopress.it\/wp-content\/uploads\/2019\/01\/Dario-Scopel-sindaco-Seren-del-Grappa.jpg\" alt=\"\" width=\"233\" height=\"300\" \/><\/a><figcaption id=\"caption-attachment-100935\" class=\"wp-caption-text\">Dario Scopel<\/figcaption><\/figure>\n<p>\u00abAbbiamo valutato che a Pasqua e Pasquetta la mobilit\u00e0 sar\u00e0 scarsa e ridotta ulteriormente dalle norme anti-contagio che vietano gli spostamenti &#8211; rileva il consigliere provinciale delegato alla mobilit\u00e0, Dario Scopel -. Da qui la decisione di fermare il servizio, che solitamente sarebbe stato ridotto agli orari festivi. Nel frattempo monitoriamo la situazione, per capire cosa succeder\u00e0 nelle prossime settimane. L&#8217;augurio \u00e8 di poter tornare alla normalit\u00e0 anche con la riapertura delle scuole, ma per questo dobbiamo attendere le decisioni del governo. Da parte mia auspico un rapido rientro a scuola di bambini e ragazzi, con il ritorno alla didattica in presenza\u00bb.<\/p>\n<p>Le linee del trasporto pubblico saranno cos\u00ec modulate nei prossimi giorni:<br \/>\nmercoled\u00ec 31 marzo: orario senza le corse scolastiche, ma con aggiunta delle navette per chi frequenta i laboratori (come in vigore dal 22 marzo);<br \/>\n1-2-3 e 6 aprile: orario senza le corse scolastiche e senza le navette per i laboratori (come d&#8217;abitudine nei giorni di vacanza scolastica);<br \/>\n4-5 aprile: servizio fermo.<\/p>","protected":false},"excerpt":{"rendered":"<p>A seguito del monitoraggio dei flussi di utenza e alla luce delle restrizioni anti-Covid per la settimana di Pasqua, Provincia e Dolomitibus hanno deciso di sospendere il trasporto pubblico nei giorni di domenica 4 e luned\u00ec 5 aprile. I servizi urbano ed extraurbano riprenderanno da marted\u00ec 6 aprile, con l&#8217;orario ridotto, privo delle corse scolastiche, [&hellip;]<\/p>\n","protected":false},"author":2,"featured_media":122541,"comment_status":"closed","ping_status":"open","sticky":false,"template":"","format":"standard","meta":{"footnotes":""},"categories":[26,8],"tags":[],"class_list":["post-122826","post","type-post","status-publish","format-standard","has-post-thumbnail","category-prima-pagina","category-societa-istituzioni"],"yoast_head":"<!-- This site is optimized with the Yoast SEO plugin v28.4 - https:\/\/yoast.com\/product\/yoast-seo-wordpress\/ -->\n<title>Trasporto pubblico fermo a Pasqua e Pasquetta. Scopel: \u00abMonitoriamo la situazione per capire se ci sar\u00e0 il rientro a scuola di bambini e ragazzi\u00bb - Bellunopress - Dolomiti<\/title>\n<meta name=\"robots\" content=\"index, follow, max-snippet:-1, max-image-preview:large, max-video-preview:-1\" \/>\n<link rel=\"canonical\" href=\"https:\/\/www.bellunopress.it\/fr\/2021\/03\/30\/trasporto-pubblico-fermo-a-pasqua-e-pasquetta-scopel-monitoriamo-la-situazione-per-capire-se-ci-sara-il-rientro-a-scuola-di-bambini-e-ragazzi\/\" \/>\n<meta property=\"og:locale\" content=\"fr_FR\" \/>\n<meta property=\"og:type\" content=\"article\" \/>\n<meta property=\"og:title\" content=\"Trasporto pubblico fermo a Pasqua e Pasquetta. Scopel: \u00abMonitoriamo la situazione per capire se ci sar\u00e0 il rientro a scuola di bambini e ragazzi\u00bb - Bellunopress - Dolomiti\" \/>\n<meta property=\"og:description\" content=\"A seguito del monitoraggio dei flussi di utenza e alla luce delle restrizioni anti-Covid per la settimana di Pasqua, Provincia e Dolomitibus hanno deciso di sospendere il trasporto pubblico nei giorni di domenica 4 e luned\u00ec 5 aprile. I servizi urbano ed extraurbano riprenderanno da marted\u00ec 6 aprile, con l&#8217;orario ridotto, privo delle corse scolastiche, [&hellip;]\" \/>\n<meta property=\"og:url\" content=\"https:\/\/www.bellunopress.it\/fr\/2021\/03\/30\/trasporto-pubblico-fermo-a-pasqua-e-pasquetta-scopel-monitoriamo-la-situazione-per-capire-se-ci-sara-il-rientro-a-scuola-di-bambini-e-ragazzi\/\" \/>\n<meta property=\"og:site_name\" content=\"Bellunopress - Dolomiti\" \/>\n<meta property=\"article:publisher\" content=\"https:\/\/www.facebook.com\/profile.php?id=100008943462799\" \/>\n<meta property=\"article:published_time\" content=\"2021-03-30T11:45:45+00:00\" \/>\n<meta property=\"og:image\" content=\"https:\/\/www.bellunopress.it\/wp-content\/uploads\/2021\/03\/autobus-dolomitibus_edited.jpg\" \/>\n\t<meta property=\"og:image:width\" content=\"750\" \/>\n\t<meta property=\"og:image:height\" content=\"1000\" \/>\n\t<meta property=\"og:image:type\" content=\"image\/jpeg\" \/>\n<meta name=\"author\" content=\"redazione\" \/>\n<meta name=\"twitter:card\" content=\"summary_large_image\" \/>\n<meta name=\"twitter:creator\" content=\"@bellunopress\" \/>\n<meta name=\"twitter:site\" content=\"@bellunopress\" \/>\n<meta name=\"twitter:label1\" content=\"\u00c9crit par\" \/>\n\t<meta name=\"twitter:data1\" content=\"redazione\" \/>\n\t<meta name=\"twitter:label2\" content=\"Dur\u00e9e de lecture estim\u00e9e\" \/>\n\t<meta name=\"twitter:data2\" content=\"2 minutes\" \/>\n<script type=\"application\/ld+json\" class=\"yoast-schema-graph\">{\"@context\":\"https:\\\/\\\/schema.org\",\"@graph\":[{\"@type\":\"Article\",\"@id\":\"https:\\\/\\\/www.bellunopress.it\\\/2021\\\/03\\\/30\\\/trasporto-pubblico-fermo-a-pasqua-e-pasquetta-scopel-monitoriamo-la-situazione-per-capire-se-ci-sara-il-rientro-a-scuola-di-bambini-e-ragazzi\\\/#article\",\"isPartOf\":{\"@id\":\"https:\\\/\\\/www.bellunopress.it\\\/2021\\\/03\\\/30\\\/trasporto-pubblico-fermo-a-pasqua-e-pasquetta-scopel-monitoriamo-la-situazione-per-capire-se-ci-sara-il-rientro-a-scuola-di-bambini-e-ragazzi\\\/\"},\"author\":{\"name\":\"redazione\",\"@id\":\"https:\\\/\\\/www.bellunopress.it\\\/#\\\/schema\\\/person\\\/79bb06722b37ece1c03d3e94beb30d73\"},\"headline\":\"Trasporto pubblico fermo a Pasqua e Pasquetta. Scopel: \u00abMonitoriamo la situazione per capire se ci sar\u00e0 il rientro a scuola di bambini e ragazzi\u00bb\",\"datePublished\":\"2021-03-30T11:45:45+00:00\",\"mainEntityOfPage\":{\"@id\":\"https:\\\/\\\/www.bellunopress.it\\\/2021\\\/03\\\/30\\\/trasporto-pubblico-fermo-a-pasqua-e-pasquetta-scopel-monitoriamo-la-situazione-per-capire-se-ci-sara-il-rientro-a-scuola-di-bambini-e-ragazzi\\\/\"},\"wordCount\":273,\"publisher\":{\"@id\":\"https:\\\/\\\/www.bellunopress.it\\\/#organization\"},\"image\":{\"@id\":\"https:\\\/\\\/www.bellunopress.it\\\/2021\\\/03\\\/30\\\/trasporto-pubblico-fermo-a-pasqua-e-pasquetta-scopel-monitoriamo-la-situazione-per-capire-se-ci-sara-il-rientro-a-scuola-di-bambini-e-ragazzi\\\/#primaryimage\"},\"thumbnailUrl\":\"https:\\\/\\\/www.bellunopress.it\\\/wp-content\\\/uploads\\\/2021\\\/03\\\/autobus-dolomitibus_edited.jpg\",\"articleSection\":[\"Prima Pagina\",\"Societ\u00e0, Associazioni, Istituzioni\"],\"inLanguage\":\"fr-FR\"},{\"@type\":\"WebPage\",\"@id\":\"https:\\\/\\\/www.bellunopress.it\\\/2021\\\/03\\\/30\\\/trasporto-pubblico-fermo-a-pasqua-e-pasquetta-scopel-monitoriamo-la-situazione-per-capire-se-ci-sara-il-rientro-a-scuola-di-bambini-e-ragazzi\\\/\",\"url\":\"https:\\\/\\\/www.bellunopress.it\\\/2021\\\/03\\\/30\\\/trasporto-pubblico-fermo-a-pasqua-e-pasquetta-scopel-monitoriamo-la-situazione-per-capire-se-ci-sara-il-rientro-a-scuola-di-bambini-e-ragazzi\\\/\",\"name\":\"Trasporto pubblico fermo a Pasqua e Pasquetta. Scopel: \u00abMonitoriamo la situazione per capire se ci sar\u00e0 il rientro a scuola di bambini e ragazzi\u00bb - Bellunopress - Dolomiti\",\"isPartOf\":{\"@id\":\"https:\\\/\\\/www.bellunopress.it\\\/#website\"},\"primaryImageOfPage\":{\"@id\":\"https:\\\/\\\/www.bellunopress.it\\\/2021\\\/03\\\/30\\\/trasporto-pubblico-fermo-a-pasqua-e-pasquetta-scopel-monitoriamo-la-situazione-per-capire-se-ci-sara-il-rientro-a-scuola-di-bambini-e-ragazzi\\\/#primaryimage\"},\"image\":{\"@id\":\"https:\\\/\\\/www.bellunopress.it\\\/2021\\\/03\\\/30\\\/trasporto-pubblico-fermo-a-pasqua-e-pasquetta-scopel-monitoriamo-la-situazione-per-capire-se-ci-sara-il-rientro-a-scuola-di-bambini-e-ragazzi\\\/#primaryimage\"},\"thumbnailUrl\":\"https:\\\/\\\/www.bellunopress.it\\\/wp-content\\\/uploads\\\/2021\\\/03\\\/autobus-dolomitibus_edited.jpg\",\"datePublished\":\"2021-03-30T11:45:45+00:00\",\"breadcrumb\":{\"@id\":\"https:\\\/\\\/www.bellunopress.it\\\/2021\\\/03\\\/30\\\/trasporto-pubblico-fermo-a-pasqua-e-pasquetta-scopel-monitoriamo-la-situazione-per-capire-se-ci-sara-il-rientro-a-scuola-di-bambini-e-ragazzi\\\/#breadcrumb\"},\"inLanguage\":\"fr-FR\",\"potentialAction\":[{\"@type\":\"ReadAction\",\"target\":[\"https:\\\/\\\/www.bellunopress.it\\\/2021\\\/03\\\/30\\\/trasporto-pubblico-fermo-a-pasqua-e-pasquetta-scopel-monitoriamo-la-situazione-per-capire-se-ci-sara-il-rientro-a-scuola-di-bambini-e-ragazzi\\\/\"]}]},{\"@type\":\"ImageObject\",\"inLanguage\":\"fr-FR\",\"@id\":\"https:\\\/\\\/www.bellunopress.it\\\/2021\\\/03\\\/30\\\/trasporto-pubblico-fermo-a-pasqua-e-pasquetta-scopel-monitoriamo-la-situazione-per-capire-se-ci-sara-il-rientro-a-scuola-di-bambini-e-ragazzi\\\/#primaryimage\",\"url\":\"https:\\\/\\\/www.bellunopress.it\\\/wp-content\\\/uploads\\\/2021\\\/03\\\/autobus-dolomitibus_edited.jpg\",\"contentUrl\":\"https:\\\/\\\/www.bellunopress.it\\\/wp-content\\\/uploads\\\/2021\\\/03\\\/autobus-dolomitibus_edited.jpg\",\"width\":750,\"height\":1000},{\"@type\":\"BreadcrumbList\",\"@id\":\"https:\\\/\\\/www.bellunopress.it\\\/2021\\\/03\\\/30\\\/trasporto-pubblico-fermo-a-pasqua-e-pasquetta-scopel-monitoriamo-la-situazione-per-capire-se-ci-sara-il-rientro-a-scuola-di-bambini-e-ragazzi\\\/#breadcrumb\",\"itemListElement\":[{\"@type\":\"ListItem\",\"position\":1,\"name\":\"Home\",\"item\":\"https:\\\/\\\/www.bellunopress.it\\\/\"},{\"@type\":\"ListItem\",\"position\":2,\"name\":\"Trasporto pubblico fermo a Pasqua e Pasquetta. Scopel: \u00abMonitoriamo la situazione per capire se ci sar\u00e0 il rientro a scuola di bambini e ragazzi\u00bb\"}]},{\"@type\":\"WebSite\",\"@id\":\"https:\\\/\\\/www.bellunopress.it\\\/#website\",\"url\":\"https:\\\/\\\/www.bellunopress.it\\\/\",\"name\":\"Bellunopress - Dolomiti\",\"description\":\"e-mail: redazione@bellunopress.it\",\"publisher\":{\"@id\":\"https:\\\/\\\/www.bellunopress.it\\\/#organization\"},\"potentialAction\":[{\"@type\":\"SearchAction\",\"target\":{\"@type\":\"EntryPoint\",\"urlTemplate\":\"https:\\\/\\\/www.bellunopress.it\\\/?s={search_term_string}\"},\"query-input\":{\"@type\":\"PropertyValueSpecification\",\"valueRequired\":true,\"valueName\":\"search_term_string\"}}],\"inLanguage\":\"fr-FR\"},{\"@type\":\"Organization\",\"@id\":\"https:\\\/\\\/www.bellunopress.it\\\/#organization\",\"name\":\"Bellunopress\",\"url\":\"https:\\\/\\\/www.bellunopress.it\\\/\",\"logo\":{\"@type\":\"ImageObject\",\"inLanguage\":\"fr-FR\",\"@id\":\"https:\\\/\\\/www.bellunopress.it\\\/#\\\/schema\\\/logo\\\/image\\\/\",\"url\":\"https:\\\/\\\/www.bellunopress.it\\\/wp-content\\\/uploads\\\/2011\\\/05\\\/cropped-logo-bellunopress-.jpg\",\"contentUrl\":\"https:\\\/\\\/www.bellunopress.it\\\/wp-content\\\/uploads\\\/2011\\\/05\\\/cropped-logo-bellunopress-.jpg\",\"width\":512,\"height\":512,\"caption\":\"Bellunopress\"},\"image\":{\"@id\":\"https:\\\/\\\/www.bellunopress.it\\\/#\\\/schema\\\/logo\\\/image\\\/\"},\"sameAs\":[\"https:\\\/\\\/www.facebook.com\\\/profile.php?id=100008943462799\",\"https:\\\/\\\/x.com\\\/bellunopress\",\"https:\\\/\\\/www.linkedin.com\\\/hp\\\/?dnr=JBzUWaJfMUw8vbXJJ2tVW5-I3jZKvC4wsoxE&amp;amp;amp;amp;amp;amp;trk=nav_responsive_tab_home\",\"https:\\\/\\\/www.youtube.com\\\/channel\\\/UCxL0wu1uN0_3_7hGG0306cw\"]},{\"@type\":\"Person\",\"@id\":\"https:\\\/\\\/www.bellunopress.it\\\/#\\\/schema\\\/person\\\/79bb06722b37ece1c03d3e94beb30d73\",\"name\":\"redazione\",\"image\":{\"@type\":\"ImageObject\",\"inLanguage\":\"fr-FR\",\"@id\":\"https:\\\/\\\/secure.gravatar.com\\\/avatar\\\/37d968a2e67a6fd04c169c4bdef102d0bc5d31b2546345219e348575eb80e9a0?s=96&d=mm&r=g\",\"url\":\"https:\\\/\\\/secure.gravatar.com\\\/avatar\\\/37d968a2e67a6fd04c169c4bdef102d0bc5d31b2546345219e348575eb80e9a0?s=96&d=mm&r=g\",\"contentUrl\":\"https:\\\/\\\/secure.gravatar.com\\\/avatar\\\/37d968a2e67a6fd04c169c4bdef102d0bc5d31b2546345219e348575eb80e9a0?s=96&d=mm&r=g\",\"caption\":\"redazione\"},\"sameAs\":[\"http:\\\/\\\/www.bellunopress.it\",\"https:\\\/\\\/x.com\\\/bellunopress\"],\"url\":\"https:\\\/\\\/www.bellunopress.it\\\/fr\\\/author\\\/redazione\\\/\"}]}<\/script>\n<!-- \/ Yoast SEO plugin. -->","yoast_head_json":{"title":"Trasporto pubblico fermo a Pasqua e Pasquetta. Scopel: \u00abMonitoriamo la situazione per capire se ci sar\u00e0 il rientro a scuola di bambini e ragazzi\u00bb - Bellunopress - Dolomiti","robots":{"index":"index","follow":"follow","max-snippet":"max-snippet:-1","max-image-preview":"max-image-preview:large","max-video-preview":"max-video-preview:-1"},"canonical":"https:\/\/www.bellunopress.it\/fr\/2021\/03\/30\/trasporto-pubblico-fermo-a-pasqua-e-pasquetta-scopel-monitoriamo-la-situazione-per-capire-se-ci-sara-il-rientro-a-scuola-di-bambini-e-ragazzi\/","og_locale":"fr_FR","og_type":"article","og_title":"Trasporto pubblico fermo a Pasqua e Pasquetta. Scopel: \u00abMonitoriamo la situazione per capire se ci sar\u00e0 il rientro a scuola di bambini e ragazzi\u00bb - Bellunopress - Dolomiti","og_description":"A seguito del monitoraggio dei flussi di utenza e alla luce delle restrizioni anti-Covid per la settimana di Pasqua, Provincia e Dolomitibus hanno deciso di sospendere il trasporto pubblico nei giorni di domenica 4 e luned\u00ec 5 aprile. I servizi urbano ed extraurbano riprenderanno da marted\u00ec 6 aprile, con l&#8217;orario ridotto, privo delle corse scolastiche, [&hellip;]","og_url":"https:\/\/www.bellunopress.it\/fr\/2021\/03\/30\/trasporto-pubblico-fermo-a-pasqua-e-pasquetta-scopel-monitoriamo-la-situazione-per-capire-se-ci-sara-il-rientro-a-scuola-di-bambini-e-ragazzi\/","og_site_name":"Bellunopress - Dolomiti","article_publisher":"https:\/\/www.facebook.com\/profile.php?id=100008943462799","article_published_time":"2021-03-30T11:45:45+00:00","og_image":[{"width":750,"height":1000,"url":"https:\/\/www.bellunopress.it\/wp-content\/uploads\/2021\/03\/autobus-dolomitibus_edited.jpg","type":"image\/jpeg"}],"author":"redazione","twitter_card":"summary_large_image","twitter_creator":"@bellunopress","twitter_site":"@bellunopress","twitter_misc":{"\u00c9crit par":"redazione","Dur\u00e9e de lecture estim\u00e9e":"2 minutes"},"schema":{"@context":"https:\/\/schema.org","@graph":[{"@type":"Article","@id":"https:\/\/www.bellunopress.it\/2021\/03\/30\/trasporto-pubblico-fermo-a-pasqua-e-pasquetta-scopel-monitoriamo-la-situazione-per-capire-se-ci-sara-il-rientro-a-scuola-di-bambini-e-ragazzi\/#article","isPartOf":{"@id":"https:\/\/www.bellunopress.it\/2021\/03\/30\/trasporto-pubblico-fermo-a-pasqua-e-pasquetta-scopel-monitoriamo-la-situazione-per-capire-se-ci-sara-il-rientro-a-scuola-di-bambini-e-ragazzi\/"},"author":{"name":"redazione","@id":"https:\/\/www.bellunopress.it\/#\/schema\/person\/79bb06722b37ece1c03d3e94beb30d73"},"headline":"Trasporto pubblico fermo a Pasqua e Pasquetta. Scopel: \u00abMonitoriamo la situazione per capire se ci sar\u00e0 il rientro a scuola di bambini e ragazzi\u00bb","datePublished":"2021-03-30T11:45:45+00:00","mainEntityOfPage":{"@id":"https:\/\/www.bellunopress.it\/2021\/03\/30\/trasporto-pubblico-fermo-a-pasqua-e-pasquetta-scopel-monitoriamo-la-situazione-per-capire-se-ci-sara-il-rientro-a-scuola-di-bambini-e-ragazzi\/"},"wordCount":273,"publisher":{"@id":"https:\/\/www.bellunopress.it\/#organization"},"image":{"@id":"https:\/\/www.bellunopress.it\/2021\/03\/30\/trasporto-pubblico-fermo-a-pasqua-e-pasquetta-scopel-monitoriamo-la-situazione-per-capire-se-ci-sara-il-rientro-a-scuola-di-bambini-e-ragazzi\/#primaryimage"},"thumbnailUrl":"https:\/\/www.bellunopress.it\/wp-content\/uploads\/2021\/03\/autobus-dolomitibus_edited.jpg","articleSection":["Prima Pagina","Societ\u00e0, Associazioni, Istituzioni"],"inLanguage":"fr-FR"},{"@type":"WebPage","@id":"https:\/\/www.bellunopress.it\/2021\/03\/30\/trasporto-pubblico-fermo-a-pasqua-e-pasquetta-scopel-monitoriamo-la-situazione-per-capire-se-ci-sara-il-rientro-a-scuola-di-bambini-e-ragazzi\/","url":"https:\/\/www.bellunopress.it\/2021\/03\/30\/trasporto-pubblico-fermo-a-pasqua-e-pasquetta-scopel-monitoriamo-la-situazione-per-capire-se-ci-sara-il-rientro-a-scuola-di-bambini-e-ragazzi\/","name":"Trasporto pubblico fermo a Pasqua e Pasquetta. Scopel: \u00abMonitoriamo la situazione per capire se ci sar\u00e0 il rientro a scuola di bambini e ragazzi\u00bb - Bellunopress - Dolomiti","isPartOf":{"@id":"https:\/\/www.bellunopress.it\/#website"},"primaryImageOfPage":{"@id":"https:\/\/www.bellunopress.it\/2021\/03\/30\/trasporto-pubblico-fermo-a-pasqua-e-pasquetta-scopel-monitoriamo-la-situazione-per-capire-se-ci-sara-il-rientro-a-scuola-di-bambini-e-ragazzi\/#primaryimage"},"image":{"@id":"https:\/\/www.bellunopress.it\/2021\/03\/30\/trasporto-pubblico-fermo-a-pasqua-e-pasquetta-scopel-monitoriamo-la-situazione-per-capire-se-ci-sara-il-rientro-a-scuola-di-bambini-e-ragazzi\/#primaryimage"},"thumbnailUrl":"https:\/\/www.bellunopress.it\/wp-content\/uploads\/2021\/03\/autobus-dolomitibus_edited.jpg","datePublished":"2021-03-30T11:45:45+00:00","breadcrumb":{"@id":"https:\/\/www.bellunopress.it\/2021\/03\/30\/trasporto-pubblico-fermo-a-pasqua-e-pasquetta-scopel-monitoriamo-la-situazione-per-capire-se-ci-sara-il-rientro-a-scuola-di-bambini-e-ragazzi\/#breadcrumb"},"inLanguage":"fr-FR","potentialAction":[{"@type":"ReadAction","target":["https:\/\/www.bellunopress.it\/2021\/03\/30\/trasporto-pubblico-fermo-a-pasqua-e-pasquetta-scopel-monitoriamo-la-situazione-per-capire-se-ci-sara-il-rientro-a-scuola-di-bambini-e-ragazzi\/"]}]},{"@type":"ImageObject","inLanguage":"fr-FR","@id":"https:\/\/www.bellunopress.it\/2021\/03\/30\/trasporto-pubblico-fermo-a-pasqua-e-pasquetta-scopel-monitoriamo-la-situazione-per-capire-se-ci-sara-il-rientro-a-scuola-di-bambini-e-ragazzi\/#primaryimage","url":"https:\/\/www.bellunopress.it\/wp-content\/uploads\/2021\/03\/autobus-dolomitibus_edited.jpg","contentUrl":"https:\/\/www.bellunopress.it\/wp-content\/uploads\/2021\/03\/autobus-dolomitibus_edited.jpg","width":750,"height":1000},{"@type":"BreadcrumbList","@id":"https:\/\/www.bellunopress.it\/2021\/03\/30\/trasporto-pubblico-fermo-a-pasqua-e-pasquetta-scopel-monitoriamo-la-situazione-per-capire-se-ci-sara-il-rientro-a-scuola-di-bambini-e-ragazzi\/#breadcrumb","itemListElement":[{"@type":"ListItem","position":1,"name":"Home","item":"https:\/\/www.bellunopress.it\/"},{"@type":"ListItem","position":2,"name":"Trasporto pubblico fermo a Pasqua e Pasquetta. Scopel: \u00abMonitoriamo la situazione per capire se ci sar\u00e0 il rientro a scuola di bambini e ragazzi\u00bb"}]},{"@type":"WebSite","@id":"https:\/\/www.bellunopress.it\/#website","url":"https:\/\/www.bellunopress.it\/","name":"Bellunopress - Dolomiti","description":"e-mail: redazione@bellunopress.it","publisher":{"@id":"https:\/\/www.bellunopress.it\/#organization"},"potentialAction":[{"@type":"SearchAction","target":{"@type":"EntryPoint","urlTemplate":"https:\/\/www.bellunopress.it\/?s={search_term_string}"},"query-input":{"@type":"PropertyValueSpecification","valueRequired":true,"valueName":"search_term_string"}}],"inLanguage":"fr-FR"},{"@type":"Organization","@id":"https:\/\/www.bellunopress.it\/#organization","name":"Bellunopress","url":"https:\/\/www.bellunopress.it\/","logo":{"@type":"ImageObject","inLanguage":"fr-FR","@id":"https:\/\/www.bellunopress.it\/#\/schema\/logo\/image\/","url":"https:\/\/www.bellunopress.it\/wp-content\/uploads\/2011\/05\/cropped-logo-bellunopress-.jpg","contentUrl":"https:\/\/www.bellunopress.it\/wp-content\/uploads\/2011\/05\/cropped-logo-bellunopress-.jpg","width":512,"height":512,"caption":"Bellunopress"},"image":{"@id":"https:\/\/www.bellunopress.it\/#\/schema\/logo\/image\/"},"sameAs":["https:\/\/www.facebook.com\/profile.php?id=100008943462799","https:\/\/x.com\/bellunopress","https:\/\/www.linkedin.com\/hp\/?dnr=JBzUWaJfMUw8vbXJJ2tVW5-I3jZKvC4wsoxE&amp;amp;amp;amp;amp;amp;trk=nav_responsive_tab_home","https:\/\/www.youtube.com\/channel\/UCxL0wu1uN0_3_7hGG0306cw"]},{"@type":"Person","@id":"https:\/\/www.bellunopress.it\/#\/schema\/person\/79bb06722b37ece1c03d3e94beb30d73","name":"r\u00e9daction","image":{"@type":"ImageObject","inLanguage":"fr-FR","@id":"https:\/\/secure.gravatar.com\/avatar\/37d968a2e67a6fd04c169c4bdef102d0bc5d31b2546345219e348575eb80e9a0?s=96&d=mm&r=g","url":"https:\/\/secure.gravatar.com\/avatar\/37d968a2e67a6fd04c169c4bdef102d0bc5d31b2546345219e348575eb80e9a0?s=96&d=mm&r=g","contentUrl":"https:\/\/secure.gravatar.com\/avatar\/37d968a2e67a6fd04c169c4bdef102d0bc5d31b2546345219e348575eb80e9a0?s=96&d=mm&r=g","caption":"redazione"},"sameAs":["http:\/\/www.bellunopress.it","https:\/\/x.com\/bellunopress"],"url":"https:\/\/www.bellunopress.it\/fr\/author\/redazione\/"}]}},"_links":{"self":[{"href":"https:\/\/www.bellunopress.it\/fr\/wp-json\/wp\/v2\/posts\/122826","targetHints":{"allow":["GET"]}}],"collection":[{"href":"https:\/\/www.bellunopress.it\/fr\/wp-json\/wp\/v2\/posts"}],"about":[{"href":"https:\/\/www.bellunopress.it\/fr\/wp-json\/wp\/v2\/types\/post"}],"author":[{"embeddable":true,"href":"https:\/\/www.bellunopress.it\/fr\/wp-json\/wp\/v2\/users\/2"}],"replies":[{"embeddable":true,"href":"https:\/\/www.bellunopress.it\/fr\/wp-json\/wp\/v2\/comments?post=122826"}],"version-history":[{"count":1,"href":"https:\/\/www.bellunopress.it\/fr\/wp-json\/wp\/v2\/posts\/122826\/revisions"}],"predecessor-version":[{"id":122827,"href":"https:\/\/www.bellunopress.it\/fr\/wp-json\/wp\/v2\/posts\/122826\/revisions\/122827"}],"wp:featuredmedia":[{"embeddable":true,"href":"https:\/\/www.bellunopress.it\/fr\/wp-json\/wp\/v2\/media\/122541"}],"wp:attachment":[{"href":"https:\/\/www.bellunopress.it\/fr\/wp-json\/wp\/v2\/media?parent=122826"}],"wp:term":[{"taxonomy":"category","embeddable":true,"href":"https:\/\/www.bellunopress.it\/fr\/wp-json\/wp\/v2\/categories?post=122826"},{"taxonomy":"post_tag","embeddable":true,"href":"https:\/\/www.bellunopress.it\/fr\/wp-json\/wp\/v2\/tags?post=122826"}],"curies":[{"name":"wp","href":"https:\/\/api.w.org\/{rel}","templated":true}]}}