{"id":122822,"date":"2021-03-30T13:30:49","date_gmt":"2021-03-30T11:30:49","guid":{"rendered":"https:\/\/www.bellunopress.it\/?p=122822"},"modified":"2021-03-30T13:30:49","modified_gmt":"2021-03-30T11:30:49","slug":"cantieri-fermi-sulla-statale-51-bis-de-carlo-scrive-ad-anas-disagi-al-traffico-e-alleconomia-riaprire-al-piu-presto","status":"publish","type":"post","link":"https:\/\/www.bellunopress.it\/fr\/2021\/03\/30\/cantieri-fermi-sulla-statale-51-bis-de-carlo-scrive-ad-anas-disagi-al-traffico-e-alleconomia-riaprire-al-piu-presto\/","title":{"rendered":"Cantieri fermi sulla Statale 51 bis. De Carlo scrive ad Anas: &#8220;Disagi al traffico e all&#8217;economia, riaprire al pi\u00f9 presto&#8221;"},"content":{"rendered":"<p><a href=\"https:\/\/www.bellunopress.it\/fr\/2021\/01\/02\/unterberger-attacca-la-meloni-de-carlo-noi-rispettiamo-tutti-lorrore-e-la-discriminazione-bolzanina-nei-confronti-degli-italiani\/luca-de-carlo_edited-2\/\" rel=\"attachment wp-att-120581\"><img loading=\"lazy\" decoding=\"async\" class=\"alignleft size-full wp-image-120581\" src=\"http:\/\/www.bellunopress.it\/wp-content\/uploads\/2021\/01\/Luca-De-Carlo_edited.jpg\" alt=\"\" width=\"473\" height=\"330\" srcset=\"https:\/\/www.bellunopress.it\/wp-content\/uploads\/2021\/01\/Luca-De-Carlo_edited.jpg 473w, https:\/\/www.bellunopress.it\/wp-content\/uploads\/2021\/01\/Luca-De-Carlo_edited-100x70.jpg 100w\" sizes=\"auto, (max-width: 473px) 100vw, 473px\" \/><\/a>&#8220;A Pasqua, la sospensione dei lavori di Anas sulla Statale 51 bis compir\u00e0 quattro mesi, nonostante da tempo le condizioni meteo permettano la ripresa dei lavori. Credo che sia ora di riaprire i cantieri, soprattutto per cancellare i disagi al traffico veicolare e alle attivit\u00e0 commerciali che si sta verificando&#8221;.<\/p>\n<p>Il sindaco di Calalzo di Cadore e senatore di Fratelli d&#8217;Italia Luca De Carlo ha inviato in questi giorni una lettera alla sede di Anas a Venezia chiedendo un&#8217;accelerazione nella ripresa e conclusione delle opere.<\/p>\n<p>Nella missiva si sottolinea come i cantieri allestiti per i &#8220;lavori di sistemazione e messa in sicurezza delle intersezioni sulla SS 51 bis d&#8217;Alemagna nel territorio del Comune di Calalzo di Cadore&#8221; siano diventati operativi a ottobre 2020, per essere poi sospesi per la pausa invernale un paio di mesi dopo, il 4 dicembre 2020; da allora non sono pi\u00f9 ripresi.<br \/>\n&#8220;Da settimane, per\u00f2, le condizioni meteo consentono la ripresa dei lavori&#8221;, sottolinea De Carlo. &#8220;Inoltre, la presenza dei cantieri costituisce un forte disagio per la circolazione sia veicolare che pedonale, oltre a rappresentare uno stato di degrado nelle zone interessate.. Infine, visto che per realizzare alcune delle aree di cantiere sono stati sottratti parcheggi alle attivit\u00e0 commerciali che si affacciano sulla statale, si rischiano pesanti ricadute economiche su questi esercizi in vista dell&#8217;auspicato ritorno alla normalit\u00e0.<\/p>\n<p>Chiedo quindi ad Anas di superare in fretta le eventuali problematiche riscontrate in questi mesi e di portare i lavori a conclusione il prima possibile&#8221;.<\/p>","protected":false},"excerpt":{"rendered":"<p>&#8220;A Pasqua, la sospensione dei lavori di Anas sulla Statale 51 bis compir\u00e0 quattro mesi, nonostante da tempo le condizioni meteo permettano la ripresa dei lavori. Credo che sia ora di riaprire i cantieri, soprattutto per cancellare i disagi al traffico veicolare e alle attivit\u00e0 commerciali che si sta verificando&#8221;. Il sindaco di Calalzo di [&hellip;]<\/p>\n","protected":false},"author":2,"featured_media":120581,"comment_status":"closed","ping_status":"open","sticky":false,"template":"","format":"standard","meta":{"footnotes":""},"categories":[5,49,26,8],"tags":[],"class_list":["post-122822","post","type-post","status-publish","format-standard","has-post-thumbnail","category-cronaca","category-speciali","category-prima-pagina","category-societa-istituzioni"],"yoast_head":"<!-- This site is optimized with the Yoast SEO plugin v28.4 - https:\/\/yoast.com\/product\/yoast-seo-wordpress\/ -->\n<title>Cantieri fermi sulla Statale 51 bis. De Carlo scrive ad Anas: &quot;Disagi al traffico e all&#039;economia, riaprire al pi\u00f9 presto&quot; - Bellunopress - Dolomiti<\/title>\n<meta name=\"robots\" content=\"index, follow, max-snippet:-1, max-image-preview:large, max-video-preview:-1\" \/>\n<link rel=\"canonical\" href=\"https:\/\/www.bellunopress.it\/fr\/2021\/03\/30\/cantieri-fermi-sulla-statale-51-bis-de-carlo-scrive-ad-anas-disagi-al-traffico-e-alleconomia-riaprire-al-piu-presto\/\" \/>\n<meta property=\"og:locale\" content=\"fr_FR\" \/>\n<meta property=\"og:type\" content=\"article\" \/>\n<meta property=\"og:title\" content=\"Cantieri fermi sulla Statale 51 bis. De Carlo scrive ad Anas: &quot;Disagi al traffico e all&#039;economia, riaprire al pi\u00f9 presto&quot; - Bellunopress - Dolomiti\" \/>\n<meta property=\"og:description\" content=\"&#8220;A Pasqua, la sospensione dei lavori di Anas sulla Statale 51 bis compir\u00e0 quattro mesi, nonostante da tempo le condizioni meteo permettano la ripresa dei lavori. Credo che sia ora di riaprire i cantieri, soprattutto per cancellare i disagi al traffico veicolare e alle attivit\u00e0 commerciali che si sta verificando&#8221;. Il sindaco di Calalzo di [&hellip;]\" \/>\n<meta property=\"og:url\" content=\"https:\/\/www.bellunopress.it\/fr\/2021\/03\/30\/cantieri-fermi-sulla-statale-51-bis-de-carlo-scrive-ad-anas-disagi-al-traffico-e-alleconomia-riaprire-al-piu-presto\/\" \/>\n<meta property=\"og:site_name\" content=\"Bellunopress - Dolomiti\" \/>\n<meta property=\"article:publisher\" content=\"https:\/\/www.facebook.com\/profile.php?id=100008943462799\" \/>\n<meta property=\"article:published_time\" content=\"2021-03-30T11:30:49+00:00\" \/>\n<meta property=\"og:image\" content=\"https:\/\/www.bellunopress.it\/wp-content\/uploads\/2021\/01\/Luca-De-Carlo_edited.jpg\" \/>\n\t<meta property=\"og:image:width\" content=\"473\" \/>\n\t<meta property=\"og:image:height\" content=\"330\" \/>\n\t<meta property=\"og:image:type\" content=\"image\/jpeg\" \/>\n<meta name=\"author\" content=\"redazione\" \/>\n<meta name=\"twitter:card\" content=\"summary_large_image\" \/>\n<meta name=\"twitter:creator\" content=\"@bellunopress\" \/>\n<meta name=\"twitter:site\" content=\"@bellunopress\" \/>\n<meta name=\"twitter:label1\" content=\"\u00c9crit par\" \/>\n\t<meta name=\"twitter:data1\" content=\"redazione\" \/>\n\t<meta name=\"twitter:label2\" content=\"Dur\u00e9e de lecture estim\u00e9e\" \/>\n\t<meta name=\"twitter:data2\" content=\"2 minutes\" \/>\n<script type=\"application\/ld+json\" class=\"yoast-schema-graph\">{\"@context\":\"https:\\\/\\\/schema.org\",\"@graph\":[{\"@type\":\"Article\",\"@id\":\"https:\\\/\\\/www.bellunopress.it\\\/2021\\\/03\\\/30\\\/cantieri-fermi-sulla-statale-51-bis-de-carlo-scrive-ad-anas-disagi-al-traffico-e-alleconomia-riaprire-al-piu-presto\\\/#article\",\"isPartOf\":{\"@id\":\"https:\\\/\\\/www.bellunopress.it\\\/2021\\\/03\\\/30\\\/cantieri-fermi-sulla-statale-51-bis-de-carlo-scrive-ad-anas-disagi-al-traffico-e-alleconomia-riaprire-al-piu-presto\\\/\"},\"author\":{\"name\":\"redazione\",\"@id\":\"https:\\\/\\\/www.bellunopress.it\\\/#\\\/schema\\\/person\\\/79bb06722b37ece1c03d3e94beb30d73\"},\"headline\":\"Cantieri fermi sulla Statale 51 bis. De Carlo scrive ad Anas: &#8220;Disagi al traffico e all&#8217;economia, riaprire al pi\u00f9 presto&#8221;\",\"datePublished\":\"2021-03-30T11:30:49+00:00\",\"mainEntityOfPage\":{\"@id\":\"https:\\\/\\\/www.bellunopress.it\\\/2021\\\/03\\\/30\\\/cantieri-fermi-sulla-statale-51-bis-de-carlo-scrive-ad-anas-disagi-al-traffico-e-alleconomia-riaprire-al-piu-presto\\\/\"},\"wordCount\":266,\"publisher\":{\"@id\":\"https:\\\/\\\/www.bellunopress.it\\\/#organization\"},\"image\":{\"@id\":\"https:\\\/\\\/www.bellunopress.it\\\/2021\\\/03\\\/30\\\/cantieri-fermi-sulla-statale-51-bis-de-carlo-scrive-ad-anas-disagi-al-traffico-e-alleconomia-riaprire-al-piu-presto\\\/#primaryimage\"},\"thumbnailUrl\":\"https:\\\/\\\/www.bellunopress.it\\\/wp-content\\\/uploads\\\/2021\\\/01\\\/Luca-De-Carlo_edited.jpg\",\"articleSection\":[\"Cronaca\\\/Politica\",\"Gli speciali di Bellunopress\",\"Prima Pagina\",\"Societ\u00e0, Associazioni, Istituzioni\"],\"inLanguage\":\"fr-FR\"},{\"@type\":\"WebPage\",\"@id\":\"https:\\\/\\\/www.bellunopress.it\\\/2021\\\/03\\\/30\\\/cantieri-fermi-sulla-statale-51-bis-de-carlo-scrive-ad-anas-disagi-al-traffico-e-alleconomia-riaprire-al-piu-presto\\\/\",\"url\":\"https:\\\/\\\/www.bellunopress.it\\\/2021\\\/03\\\/30\\\/cantieri-fermi-sulla-statale-51-bis-de-carlo-scrive-ad-anas-disagi-al-traffico-e-alleconomia-riaprire-al-piu-presto\\\/\",\"name\":\"Cantieri fermi sulla Statale 51 bis. De Carlo scrive ad Anas: \\\"Disagi al traffico e all'economia, riaprire al pi\u00f9 presto\\\" - Bellunopress - Dolomiti\",\"isPartOf\":{\"@id\":\"https:\\\/\\\/www.bellunopress.it\\\/#website\"},\"primaryImageOfPage\":{\"@id\":\"https:\\\/\\\/www.bellunopress.it\\\/2021\\\/03\\\/30\\\/cantieri-fermi-sulla-statale-51-bis-de-carlo-scrive-ad-anas-disagi-al-traffico-e-alleconomia-riaprire-al-piu-presto\\\/#primaryimage\"},\"image\":{\"@id\":\"https:\\\/\\\/www.bellunopress.it\\\/2021\\\/03\\\/30\\\/cantieri-fermi-sulla-statale-51-bis-de-carlo-scrive-ad-anas-disagi-al-traffico-e-alleconomia-riaprire-al-piu-presto\\\/#primaryimage\"},\"thumbnailUrl\":\"https:\\\/\\\/www.bellunopress.it\\\/wp-content\\\/uploads\\\/2021\\\/01\\\/Luca-De-Carlo_edited.jpg\",\"datePublished\":\"2021-03-30T11:30:49+00:00\",\"breadcrumb\":{\"@id\":\"https:\\\/\\\/www.bellunopress.it\\\/2021\\\/03\\\/30\\\/cantieri-fermi-sulla-statale-51-bis-de-carlo-scrive-ad-anas-disagi-al-traffico-e-alleconomia-riaprire-al-piu-presto\\\/#breadcrumb\"},\"inLanguage\":\"fr-FR\",\"potentialAction\":[{\"@type\":\"ReadAction\",\"target\":[\"https:\\\/\\\/www.bellunopress.it\\\/2021\\\/03\\\/30\\\/cantieri-fermi-sulla-statale-51-bis-de-carlo-scrive-ad-anas-disagi-al-traffico-e-alleconomia-riaprire-al-piu-presto\\\/\"]}]},{\"@type\":\"ImageObject\",\"inLanguage\":\"fr-FR\",\"@id\":\"https:\\\/\\\/www.bellunopress.it\\\/2021\\\/03\\\/30\\\/cantieri-fermi-sulla-statale-51-bis-de-carlo-scrive-ad-anas-disagi-al-traffico-e-alleconomia-riaprire-al-piu-presto\\\/#primaryimage\",\"url\":\"https:\\\/\\\/www.bellunopress.it\\\/wp-content\\\/uploads\\\/2021\\\/01\\\/Luca-De-Carlo_edited.jpg\",\"contentUrl\":\"https:\\\/\\\/www.bellunopress.it\\\/wp-content\\\/uploads\\\/2021\\\/01\\\/Luca-De-Carlo_edited.jpg\",\"width\":473,\"height\":330,\"caption\":\"Luca De Carlo, senatore\"},{\"@type\":\"BreadcrumbList\",\"@id\":\"https:\\\/\\\/www.bellunopress.it\\\/2021\\\/03\\\/30\\\/cantieri-fermi-sulla-statale-51-bis-de-carlo-scrive-ad-anas-disagi-al-traffico-e-alleconomia-riaprire-al-piu-presto\\\/#breadcrumb\",\"itemListElement\":[{\"@type\":\"ListItem\",\"position\":1,\"name\":\"Home\",\"item\":\"https:\\\/\\\/www.bellunopress.it\\\/\"},{\"@type\":\"ListItem\",\"position\":2,\"name\":\"Cantieri fermi sulla Statale 51 bis. De Carlo scrive ad Anas: &#8220;Disagi al traffico e all&#8217;economia, riaprire al pi\u00f9 presto&#8221;\"}]},{\"@type\":\"WebSite\",\"@id\":\"https:\\\/\\\/www.bellunopress.it\\\/#website\",\"url\":\"https:\\\/\\\/www.bellunopress.it\\\/\",\"name\":\"Bellunopress - Dolomiti\",\"description\":\"e-mail: redazione@bellunopress.it\",\"publisher\":{\"@id\":\"https:\\\/\\\/www.bellunopress.it\\\/#organization\"},\"potentialAction\":[{\"@type\":\"SearchAction\",\"target\":{\"@type\":\"EntryPoint\",\"urlTemplate\":\"https:\\\/\\\/www.bellunopress.it\\\/?s={search_term_string}\"},\"query-input\":{\"@type\":\"PropertyValueSpecification\",\"valueRequired\":true,\"valueName\":\"search_term_string\"}}],\"inLanguage\":\"fr-FR\"},{\"@type\":\"Organization\",\"@id\":\"https:\\\/\\\/www.bellunopress.it\\\/#organization\",\"name\":\"Bellunopress\",\"url\":\"https:\\\/\\\/www.bellunopress.it\\\/\",\"logo\":{\"@type\":\"ImageObject\",\"inLanguage\":\"fr-FR\",\"@id\":\"https:\\\/\\\/www.bellunopress.it\\\/#\\\/schema\\\/logo\\\/image\\\/\",\"url\":\"https:\\\/\\\/www.bellunopress.it\\\/wp-content\\\/uploads\\\/2011\\\/05\\\/cropped-logo-bellunopress-.jpg\",\"contentUrl\":\"https:\\\/\\\/www.bellunopress.it\\\/wp-content\\\/uploads\\\/2011\\\/05\\\/cropped-logo-bellunopress-.jpg\",\"width\":512,\"height\":512,\"caption\":\"Bellunopress\"},\"image\":{\"@id\":\"https:\\\/\\\/www.bellunopress.it\\\/#\\\/schema\\\/logo\\\/image\\\/\"},\"sameAs\":[\"https:\\\/\\\/www.facebook.com\\\/profile.php?id=100008943462799\",\"https:\\\/\\\/x.com\\\/bellunopress\",\"https:\\\/\\\/www.linkedin.com\\\/hp\\\/?dnr=JBzUWaJfMUw8vbXJJ2tVW5-I3jZKvC4wsoxE&amp;amp;amp;amp;amp;amp;trk=nav_responsive_tab_home\",\"https:\\\/\\\/www.youtube.com\\\/channel\\\/UCxL0wu1uN0_3_7hGG0306cw\"]},{\"@type\":\"Person\",\"@id\":\"https:\\\/\\\/www.bellunopress.it\\\/#\\\/schema\\\/person\\\/79bb06722b37ece1c03d3e94beb30d73\",\"name\":\"redazione\",\"image\":{\"@type\":\"ImageObject\",\"inLanguage\":\"fr-FR\",\"@id\":\"https:\\\/\\\/secure.gravatar.com\\\/avatar\\\/37d968a2e67a6fd04c169c4bdef102d0bc5d31b2546345219e348575eb80e9a0?s=96&d=mm&r=g\",\"url\":\"https:\\\/\\\/secure.gravatar.com\\\/avatar\\\/37d968a2e67a6fd04c169c4bdef102d0bc5d31b2546345219e348575eb80e9a0?s=96&d=mm&r=g\",\"contentUrl\":\"https:\\\/\\\/secure.gravatar.com\\\/avatar\\\/37d968a2e67a6fd04c169c4bdef102d0bc5d31b2546345219e348575eb80e9a0?s=96&d=mm&r=g\",\"caption\":\"redazione\"},\"sameAs\":[\"http:\\\/\\\/www.bellunopress.it\",\"https:\\\/\\\/x.com\\\/bellunopress\"],\"url\":\"https:\\\/\\\/www.bellunopress.it\\\/fr\\\/author\\\/redazione\\\/\"}]}<\/script>\n<!-- \/ Yoast SEO plugin. -->","yoast_head_json":{"title":"Cantieri fermi sulla Statale 51 bis. De Carlo scrive ad Anas: \"Disagi al traffico e all'economia, riaprire al pi\u00f9 presto\" - Bellunopress - Dolomiti","robots":{"index":"index","follow":"follow","max-snippet":"max-snippet:-1","max-image-preview":"max-image-preview:large","max-video-preview":"max-video-preview:-1"},"canonical":"https:\/\/www.bellunopress.it\/fr\/2021\/03\/30\/cantieri-fermi-sulla-statale-51-bis-de-carlo-scrive-ad-anas-disagi-al-traffico-e-alleconomia-riaprire-al-piu-presto\/","og_locale":"fr_FR","og_type":"article","og_title":"Cantieri fermi sulla Statale 51 bis. De Carlo scrive ad Anas: \"Disagi al traffico e all'economia, riaprire al pi\u00f9 presto\" - Bellunopress - Dolomiti","og_description":"&#8220;A Pasqua, la sospensione dei lavori di Anas sulla Statale 51 bis compir\u00e0 quattro mesi, nonostante da tempo le condizioni meteo permettano la ripresa dei lavori. Credo che sia ora di riaprire i cantieri, soprattutto per cancellare i disagi al traffico veicolare e alle attivit\u00e0 commerciali che si sta verificando&#8221;. Il sindaco di Calalzo di [&hellip;]","og_url":"https:\/\/www.bellunopress.it\/fr\/2021\/03\/30\/cantieri-fermi-sulla-statale-51-bis-de-carlo-scrive-ad-anas-disagi-al-traffico-e-alleconomia-riaprire-al-piu-presto\/","og_site_name":"Bellunopress - Dolomiti","article_publisher":"https:\/\/www.facebook.com\/profile.php?id=100008943462799","article_published_time":"2021-03-30T11:30:49+00:00","og_image":[{"width":473,"height":330,"url":"https:\/\/www.bellunopress.it\/wp-content\/uploads\/2021\/01\/Luca-De-Carlo_edited.jpg","type":"image\/jpeg"}],"author":"redazione","twitter_card":"summary_large_image","twitter_creator":"@bellunopress","twitter_site":"@bellunopress","twitter_misc":{"\u00c9crit par":"redazione","Dur\u00e9e de lecture estim\u00e9e":"2 minutes"},"schema":{"@context":"https:\/\/schema.org","@graph":[{"@type":"Article","@id":"https:\/\/www.bellunopress.it\/2021\/03\/30\/cantieri-fermi-sulla-statale-51-bis-de-carlo-scrive-ad-anas-disagi-al-traffico-e-alleconomia-riaprire-al-piu-presto\/#article","isPartOf":{"@id":"https:\/\/www.bellunopress.it\/2021\/03\/30\/cantieri-fermi-sulla-statale-51-bis-de-carlo-scrive-ad-anas-disagi-al-traffico-e-alleconomia-riaprire-al-piu-presto\/"},"author":{"name":"redazione","@id":"https:\/\/www.bellunopress.it\/#\/schema\/person\/79bb06722b37ece1c03d3e94beb30d73"},"headline":"Cantieri fermi sulla Statale 51 bis. De Carlo scrive ad Anas: &#8220;Disagi al traffico e all&#8217;economia, riaprire al pi\u00f9 presto&#8221;","datePublished":"2021-03-30T11:30:49+00:00","mainEntityOfPage":{"@id":"https:\/\/www.bellunopress.it\/2021\/03\/30\/cantieri-fermi-sulla-statale-51-bis-de-carlo-scrive-ad-anas-disagi-al-traffico-e-alleconomia-riaprire-al-piu-presto\/"},"wordCount":266,"publisher":{"@id":"https:\/\/www.bellunopress.it\/#organization"},"image":{"@id":"https:\/\/www.bellunopress.it\/2021\/03\/30\/cantieri-fermi-sulla-statale-51-bis-de-carlo-scrive-ad-anas-disagi-al-traffico-e-alleconomia-riaprire-al-piu-presto\/#primaryimage"},"thumbnailUrl":"https:\/\/www.bellunopress.it\/wp-content\/uploads\/2021\/01\/Luca-De-Carlo_edited.jpg","articleSection":["Cronaca\/Politica","Gli speciali di Bellunopress","Prima Pagina","Societ\u00e0, Associazioni, Istituzioni"],"inLanguage":"fr-FR"},{"@type":"WebPage","@id":"https:\/\/www.bellunopress.it\/2021\/03\/30\/cantieri-fermi-sulla-statale-51-bis-de-carlo-scrive-ad-anas-disagi-al-traffico-e-alleconomia-riaprire-al-piu-presto\/","url":"https:\/\/www.bellunopress.it\/2021\/03\/30\/cantieri-fermi-sulla-statale-51-bis-de-carlo-scrive-ad-anas-disagi-al-traffico-e-alleconomia-riaprire-al-piu-presto\/","name":"Cantieri fermi sulla Statale 51 bis. De Carlo scrive ad Anas: \"Disagi al traffico e all'economia, riaprire al pi\u00f9 presto\" - Bellunopress - Dolomiti","isPartOf":{"@id":"https:\/\/www.bellunopress.it\/#website"},"primaryImageOfPage":{"@id":"https:\/\/www.bellunopress.it\/2021\/03\/30\/cantieri-fermi-sulla-statale-51-bis-de-carlo-scrive-ad-anas-disagi-al-traffico-e-alleconomia-riaprire-al-piu-presto\/#primaryimage"},"image":{"@id":"https:\/\/www.bellunopress.it\/2021\/03\/30\/cantieri-fermi-sulla-statale-51-bis-de-carlo-scrive-ad-anas-disagi-al-traffico-e-alleconomia-riaprire-al-piu-presto\/#primaryimage"},"thumbnailUrl":"https:\/\/www.bellunopress.it\/wp-content\/uploads\/2021\/01\/Luca-De-Carlo_edited.jpg","datePublished":"2021-03-30T11:30:49+00:00","breadcrumb":{"@id":"https:\/\/www.bellunopress.it\/2021\/03\/30\/cantieri-fermi-sulla-statale-51-bis-de-carlo-scrive-ad-anas-disagi-al-traffico-e-alleconomia-riaprire-al-piu-presto\/#breadcrumb"},"inLanguage":"fr-FR","potentialAction":[{"@type":"ReadAction","target":["https:\/\/www.bellunopress.it\/2021\/03\/30\/cantieri-fermi-sulla-statale-51-bis-de-carlo-scrive-ad-anas-disagi-al-traffico-e-alleconomia-riaprire-al-piu-presto\/"]}]},{"@type":"ImageObject","inLanguage":"fr-FR","@id":"https:\/\/www.bellunopress.it\/2021\/03\/30\/cantieri-fermi-sulla-statale-51-bis-de-carlo-scrive-ad-anas-disagi-al-traffico-e-alleconomia-riaprire-al-piu-presto\/#primaryimage","url":"https:\/\/www.bellunopress.it\/wp-content\/uploads\/2021\/01\/Luca-De-Carlo_edited.jpg","contentUrl":"https:\/\/www.bellunopress.it\/wp-content\/uploads\/2021\/01\/Luca-De-Carlo_edited.jpg","width":473,"height":330,"caption":"Luca De Carlo, senatore"},{"@type":"BreadcrumbList","@id":"https:\/\/www.bellunopress.it\/2021\/03\/30\/cantieri-fermi-sulla-statale-51-bis-de-carlo-scrive-ad-anas-disagi-al-traffico-e-alleconomia-riaprire-al-piu-presto\/#breadcrumb","itemListElement":[{"@type":"ListItem","position":1,"name":"Home","item":"https:\/\/www.bellunopress.it\/"},{"@type":"ListItem","position":2,"name":"Cantieri fermi sulla Statale 51 bis. De Carlo scrive ad Anas: &#8220;Disagi al traffico e all&#8217;economia, riaprire al pi\u00f9 presto&#8221;"}]},{"@type":"WebSite","@id":"https:\/\/www.bellunopress.it\/#website","url":"https:\/\/www.bellunopress.it\/","name":"Bellunopress - Dolomiti","description":"e-mail: redazione@bellunopress.it","publisher":{"@id":"https:\/\/www.bellunopress.it\/#organization"},"potentialAction":[{"@type":"SearchAction","target":{"@type":"EntryPoint","urlTemplate":"https:\/\/www.bellunopress.it\/?s={search_term_string}"},"query-input":{"@type":"PropertyValueSpecification","valueRequired":true,"valueName":"search_term_string"}}],"inLanguage":"fr-FR"},{"@type":"Organization","@id":"https:\/\/www.bellunopress.it\/#organization","name":"Bellunopress","url":"https:\/\/www.bellunopress.it\/","logo":{"@type":"ImageObject","inLanguage":"fr-FR","@id":"https:\/\/www.bellunopress.it\/#\/schema\/logo\/image\/","url":"https:\/\/www.bellunopress.it\/wp-content\/uploads\/2011\/05\/cropped-logo-bellunopress-.jpg","contentUrl":"https:\/\/www.bellunopress.it\/wp-content\/uploads\/2011\/05\/cropped-logo-bellunopress-.jpg","width":512,"height":512,"caption":"Bellunopress"},"image":{"@id":"https:\/\/www.bellunopress.it\/#\/schema\/logo\/image\/"},"sameAs":["https:\/\/www.facebook.com\/profile.php?id=100008943462799","https:\/\/x.com\/bellunopress","https:\/\/www.linkedin.com\/hp\/?dnr=JBzUWaJfMUw8vbXJJ2tVW5-I3jZKvC4wsoxE&amp;amp;amp;amp;amp;amp;trk=nav_responsive_tab_home","https:\/\/www.youtube.com\/channel\/UCxL0wu1uN0_3_7hGG0306cw"]},{"@type":"Person","@id":"https:\/\/www.bellunopress.it\/#\/schema\/person\/79bb06722b37ece1c03d3e94beb30d73","name":"r\u00e9daction","image":{"@type":"ImageObject","inLanguage":"fr-FR","@id":"https:\/\/secure.gravatar.com\/avatar\/37d968a2e67a6fd04c169c4bdef102d0bc5d31b2546345219e348575eb80e9a0?s=96&d=mm&r=g","url":"https:\/\/secure.gravatar.com\/avatar\/37d968a2e67a6fd04c169c4bdef102d0bc5d31b2546345219e348575eb80e9a0?s=96&d=mm&r=g","contentUrl":"https:\/\/secure.gravatar.com\/avatar\/37d968a2e67a6fd04c169c4bdef102d0bc5d31b2546345219e348575eb80e9a0?s=96&d=mm&r=g","caption":"redazione"},"sameAs":["http:\/\/www.bellunopress.it","https:\/\/x.com\/bellunopress"],"url":"https:\/\/www.bellunopress.it\/fr\/author\/redazione\/"}]}},"_links":{"self":[{"href":"https:\/\/www.bellunopress.it\/fr\/wp-json\/wp\/v2\/posts\/122822","targetHints":{"allow":["GET"]}}],"collection":[{"href":"https:\/\/www.bellunopress.it\/fr\/wp-json\/wp\/v2\/posts"}],"about":[{"href":"https:\/\/www.bellunopress.it\/fr\/wp-json\/wp\/v2\/types\/post"}],"author":[{"embeddable":true,"href":"https:\/\/www.bellunopress.it\/fr\/wp-json\/wp\/v2\/users\/2"}],"replies":[{"embeddable":true,"href":"https:\/\/www.bellunopress.it\/fr\/wp-json\/wp\/v2\/comments?post=122822"}],"version-history":[{"count":1,"href":"https:\/\/www.bellunopress.it\/fr\/wp-json\/wp\/v2\/posts\/122822\/revisions"}],"predecessor-version":[{"id":122823,"href":"https:\/\/www.bellunopress.it\/fr\/wp-json\/wp\/v2\/posts\/122822\/revisions\/122823"}],"wp:featuredmedia":[{"embeddable":true,"href":"https:\/\/www.bellunopress.it\/fr\/wp-json\/wp\/v2\/media\/120581"}],"wp:attachment":[{"href":"https:\/\/www.bellunopress.it\/fr\/wp-json\/wp\/v2\/media?parent=122822"}],"wp:term":[{"taxonomy":"category","embeddable":true,"href":"https:\/\/www.bellunopress.it\/fr\/wp-json\/wp\/v2\/categories?post=122822"},{"taxonomy":"post_tag","embeddable":true,"href":"https:\/\/www.bellunopress.it\/fr\/wp-json\/wp\/v2\/tags?post=122822"}],"curies":[{"name":"wp","href":"https:\/\/api.w.org\/{rel}","templated":true}]}}