{"id":122814,"date":"2021-03-29T20:35:33","date_gmt":"2021-03-29T18:35:33","guid":{"rendered":"https:\/\/www.bellunopress.it\/?p=122814"},"modified":"2021-03-29T20:35:34","modified_gmt":"2021-03-29T18:35:34","slug":"ulss-dolomiti-curva-epidemica-e-incidenza","status":"publish","type":"post","link":"https:\/\/www.bellunopress.it\/fr\/2021\/03\/29\/ulss-dolomiti-curva-epidemica-e-incidenza\/","title":{"rendered":"Ulss Dolomiti, curva epidemica e incidenza"},"content":{"rendered":"<p>Belluno, 29 marzo 2021- Secondo i dati elaborati dalla Ulss Dolomiti i nuovi casi di contagio da covid, in costante diminuzione dopo il picco di dicembre 2020 e i valori minimi di febbraio 2021, in questo mese di marzo sono leggermente aumentati. Senza tuttavia &#8211; rassicura l&#8217;Azienda sanitaria &#8211; far aumentare la pressione sulle strutture ospedaliere. Che risulta ad oggi sostanzialmente invariata rispetto alla scorsa settimana.<a href=\"https:\/\/www.bellunopress.it\/fr\/2021\/03\/29\/ulss-dolomiti-curva-epidemica-e-incidenza\/curva-epidemica\/\" rel=\"attachment wp-att-122815\"><img loading=\"lazy\" decoding=\"async\" class=\"alignleft size-full wp-image-122815\" src=\"http:\/\/www.bellunopress.it\/wp-content\/uploads\/2021\/03\/curva-epidemica.jpg\" alt=\"\" width=\"715\" height=\"523\" srcset=\"https:\/\/www.bellunopress.it\/wp-content\/uploads\/2021\/03\/curva-epidemica.jpg 715w, https:\/\/www.bellunopress.it\/wp-content\/uploads\/2021\/03\/curva-epidemica-500x366.jpg 500w, https:\/\/www.bellunopress.it\/wp-content\/uploads\/2021\/03\/curva-epidemica-696x509.jpg 696w, https:\/\/www.bellunopress.it\/wp-content\/uploads\/2021\/03\/curva-epidemica-574x420.jpg 574w, https:\/\/www.bellunopress.it\/wp-content\/uploads\/2021\/03\/curva-epidemica-80x60.jpg 80w\" sizes=\"auto, (max-width: 715px) 100vw, 715px\" \/><\/a><a href=\"https:\/\/www.bellunopress.it\/fr\/2021\/03\/29\/ulss-dolomiti-curva-epidemica-e-incidenza\/incidenza-contagi-al-29-03-2021\/\" rel=\"attachment wp-att-122816\"><img loading=\"lazy\" decoding=\"async\" class=\"alignleft size-full wp-image-122816\" src=\"http:\/\/www.bellunopress.it\/wp-content\/uploads\/2021\/03\/incidenza-contagi-al-29-03-2021.jpg\" alt=\"\" width=\"477\" height=\"493\" srcset=\"https:\/\/www.bellunopress.it\/wp-content\/uploads\/2021\/03\/incidenza-contagi-al-29-03-2021.jpg 477w, https:\/\/www.bellunopress.it\/wp-content\/uploads\/2021\/03\/incidenza-contagi-al-29-03-2021-406x420.jpg 406w\" sizes=\"auto, (max-width: 477px) 100vw, 477px\" \/><\/a><\/p>","protected":false},"excerpt":{"rendered":"<p>Belluno, 29 marzo 2021- Secondo i dati elaborati dalla Ulss Dolomiti i nuovi casi di contagio da covid, in costante diminuzione dopo il picco di dicembre 2020 e i valori minimi di febbraio 2021, in questo mese di marzo sono leggermente aumentati. Senza tuttavia &#8211; rassicura l&#8217;Azienda sanitaria &#8211; far aumentare la pressione sulle strutture [&hellip;]<\/p>\n","protected":false},"author":2,"featured_media":122816,"comment_status":"closed","ping_status":"open","sticky":false,"template":"","format":"standard","meta":{"footnotes":""},"categories":[26,17],"tags":[],"class_list":["post-122814","post","type-post","status-publish","format-standard","has-post-thumbnail","category-prima-pagina","category-sanita"],"yoast_head":"<!-- This site is optimized with the Yoast SEO plugin v28.4 - https:\/\/yoast.com\/product\/yoast-seo-wordpress\/ -->\n<title>Ulss Dolomiti, curva epidemica e incidenza - Bellunopress - Dolomiti<\/title>\n<meta name=\"robots\" content=\"index, follow, max-snippet:-1, max-image-preview:large, max-video-preview:-1\" \/>\n<link rel=\"canonical\" href=\"https:\/\/www.bellunopress.it\/fr\/2021\/03\/29\/ulss-dolomiti-curva-epidemica-e-incidenza\/\" \/>\n<meta property=\"og:locale\" content=\"fr_FR\" \/>\n<meta property=\"og:type\" content=\"article\" \/>\n<meta property=\"og:title\" content=\"Ulss Dolomiti, curva epidemica e incidenza - Bellunopress - Dolomiti\" \/>\n<meta property=\"og:description\" content=\"Belluno, 29 marzo 2021- Secondo i dati elaborati dalla Ulss Dolomiti i nuovi casi di contagio da covid, in costante diminuzione dopo il picco di dicembre 2020 e i valori minimi di febbraio 2021, in questo mese di marzo sono leggermente aumentati. Senza tuttavia &#8211; rassicura l&#8217;Azienda sanitaria &#8211; far aumentare la pressione sulle strutture [&hellip;]\" \/>\n<meta property=\"og:url\" content=\"https:\/\/www.bellunopress.it\/fr\/2021\/03\/29\/ulss-dolomiti-curva-epidemica-e-incidenza\/\" \/>\n<meta property=\"og:site_name\" content=\"Bellunopress - Dolomiti\" \/>\n<meta property=\"article:publisher\" content=\"https:\/\/www.facebook.com\/profile.php?id=100008943462799\" \/>\n<meta property=\"article:published_time\" content=\"2021-03-29T18:35:33+00:00\" \/>\n<meta property=\"article:modified_time\" content=\"2021-03-29T18:35:34+00:00\" \/>\n<meta property=\"og:image\" content=\"https:\/\/www.bellunopress.it\/wp-content\/uploads\/2021\/03\/incidenza-contagi-al-29-03-2021.jpg\" \/>\n\t<meta property=\"og:image:width\" content=\"477\" \/>\n\t<meta property=\"og:image:height\" content=\"493\" \/>\n\t<meta property=\"og:image:type\" content=\"image\/jpeg\" \/>\n<meta name=\"author\" content=\"redazione\" \/>\n<meta name=\"twitter:card\" content=\"summary_large_image\" \/>\n<meta name=\"twitter:creator\" content=\"@bellunopress\" \/>\n<meta name=\"twitter:site\" content=\"@bellunopress\" \/>\n<meta name=\"twitter:label1\" content=\"\u00c9crit par\" \/>\n\t<meta name=\"twitter:data1\" content=\"redazione\" \/>\n\t<meta name=\"twitter:label2\" content=\"Dur\u00e9e de lecture estim\u00e9e\" \/>\n\t<meta name=\"twitter:data2\" content=\"1 minute\" \/>\n<script type=\"application\/ld+json\" class=\"yoast-schema-graph\">{\"@context\":\"https:\\\/\\\/schema.org\",\"@graph\":[{\"@type\":\"Article\",\"@id\":\"https:\\\/\\\/www.bellunopress.it\\\/2021\\\/03\\\/29\\\/ulss-dolomiti-curva-epidemica-e-incidenza\\\/#article\",\"isPartOf\":{\"@id\":\"https:\\\/\\\/www.bellunopress.it\\\/2021\\\/03\\\/29\\\/ulss-dolomiti-curva-epidemica-e-incidenza\\\/\"},\"author\":{\"name\":\"redazione\",\"@id\":\"https:\\\/\\\/www.bellunopress.it\\\/#\\\/schema\\\/person\\\/79bb06722b37ece1c03d3e94beb30d73\"},\"headline\":\"Ulss Dolomiti, curva epidemica e incidenza\",\"datePublished\":\"2021-03-29T18:35:33+00:00\",\"dateModified\":\"2021-03-29T18:35:34+00:00\",\"mainEntityOfPage\":{\"@id\":\"https:\\\/\\\/www.bellunopress.it\\\/2021\\\/03\\\/29\\\/ulss-dolomiti-curva-epidemica-e-incidenza\\\/\"},\"wordCount\":70,\"publisher\":{\"@id\":\"https:\\\/\\\/www.bellunopress.it\\\/#organization\"},\"image\":{\"@id\":\"https:\\\/\\\/www.bellunopress.it\\\/2021\\\/03\\\/29\\\/ulss-dolomiti-curva-epidemica-e-incidenza\\\/#primaryimage\"},\"thumbnailUrl\":\"https:\\\/\\\/www.bellunopress.it\\\/wp-content\\\/uploads\\\/2021\\\/03\\\/incidenza-contagi-al-29-03-2021.jpg\",\"articleSection\":[\"Prima Pagina\",\"Sanit\u00e0 Medicina\"],\"inLanguage\":\"fr-FR\"},{\"@type\":\"WebPage\",\"@id\":\"https:\\\/\\\/www.bellunopress.it\\\/2021\\\/03\\\/29\\\/ulss-dolomiti-curva-epidemica-e-incidenza\\\/\",\"url\":\"https:\\\/\\\/www.bellunopress.it\\\/2021\\\/03\\\/29\\\/ulss-dolomiti-curva-epidemica-e-incidenza\\\/\",\"name\":\"Ulss Dolomiti, curva epidemica e incidenza - Bellunopress - Dolomiti\",\"isPartOf\":{\"@id\":\"https:\\\/\\\/www.bellunopress.it\\\/#website\"},\"primaryImageOfPage\":{\"@id\":\"https:\\\/\\\/www.bellunopress.it\\\/2021\\\/03\\\/29\\\/ulss-dolomiti-curva-epidemica-e-incidenza\\\/#primaryimage\"},\"image\":{\"@id\":\"https:\\\/\\\/www.bellunopress.it\\\/2021\\\/03\\\/29\\\/ulss-dolomiti-curva-epidemica-e-incidenza\\\/#primaryimage\"},\"thumbnailUrl\":\"https:\\\/\\\/www.bellunopress.it\\\/wp-content\\\/uploads\\\/2021\\\/03\\\/incidenza-contagi-al-29-03-2021.jpg\",\"datePublished\":\"2021-03-29T18:35:33+00:00\",\"dateModified\":\"2021-03-29T18:35:34+00:00\",\"breadcrumb\":{\"@id\":\"https:\\\/\\\/www.bellunopress.it\\\/2021\\\/03\\\/29\\\/ulss-dolomiti-curva-epidemica-e-incidenza\\\/#breadcrumb\"},\"inLanguage\":\"fr-FR\",\"potentialAction\":[{\"@type\":\"ReadAction\",\"target\":[\"https:\\\/\\\/www.bellunopress.it\\\/2021\\\/03\\\/29\\\/ulss-dolomiti-curva-epidemica-e-incidenza\\\/\"]}]},{\"@type\":\"ImageObject\",\"inLanguage\":\"fr-FR\",\"@id\":\"https:\\\/\\\/www.bellunopress.it\\\/2021\\\/03\\\/29\\\/ulss-dolomiti-curva-epidemica-e-incidenza\\\/#primaryimage\",\"url\":\"https:\\\/\\\/www.bellunopress.it\\\/wp-content\\\/uploads\\\/2021\\\/03\\\/incidenza-contagi-al-29-03-2021.jpg\",\"contentUrl\":\"https:\\\/\\\/www.bellunopress.it\\\/wp-content\\\/uploads\\\/2021\\\/03\\\/incidenza-contagi-al-29-03-2021.jpg\",\"width\":477,\"height\":493},{\"@type\":\"BreadcrumbList\",\"@id\":\"https:\\\/\\\/www.bellunopress.it\\\/2021\\\/03\\\/29\\\/ulss-dolomiti-curva-epidemica-e-incidenza\\\/#breadcrumb\",\"itemListElement\":[{\"@type\":\"ListItem\",\"position\":1,\"name\":\"Home\",\"item\":\"https:\\\/\\\/www.bellunopress.it\\\/\"},{\"@type\":\"ListItem\",\"position\":2,\"name\":\"Ulss Dolomiti, curva epidemica e incidenza\"}]},{\"@type\":\"WebSite\",\"@id\":\"https:\\\/\\\/www.bellunopress.it\\\/#website\",\"url\":\"https:\\\/\\\/www.bellunopress.it\\\/\",\"name\":\"Bellunopress - Dolomiti\",\"description\":\"e-mail: redazione@bellunopress.it\",\"publisher\":{\"@id\":\"https:\\\/\\\/www.bellunopress.it\\\/#organization\"},\"potentialAction\":[{\"@type\":\"SearchAction\",\"target\":{\"@type\":\"EntryPoint\",\"urlTemplate\":\"https:\\\/\\\/www.bellunopress.it\\\/?s={search_term_string}\"},\"query-input\":{\"@type\":\"PropertyValueSpecification\",\"valueRequired\":true,\"valueName\":\"search_term_string\"}}],\"inLanguage\":\"fr-FR\"},{\"@type\":\"Organization\",\"@id\":\"https:\\\/\\\/www.bellunopress.it\\\/#organization\",\"name\":\"Bellunopress\",\"url\":\"https:\\\/\\\/www.bellunopress.it\\\/\",\"logo\":{\"@type\":\"ImageObject\",\"inLanguage\":\"fr-FR\",\"@id\":\"https:\\\/\\\/www.bellunopress.it\\\/#\\\/schema\\\/logo\\\/image\\\/\",\"url\":\"https:\\\/\\\/www.bellunopress.it\\\/wp-content\\\/uploads\\\/2011\\\/05\\\/cropped-logo-bellunopress-.jpg\",\"contentUrl\":\"https:\\\/\\\/www.bellunopress.it\\\/wp-content\\\/uploads\\\/2011\\\/05\\\/cropped-logo-bellunopress-.jpg\",\"width\":512,\"height\":512,\"caption\":\"Bellunopress\"},\"image\":{\"@id\":\"https:\\\/\\\/www.bellunopress.it\\\/#\\\/schema\\\/logo\\\/image\\\/\"},\"sameAs\":[\"https:\\\/\\\/www.facebook.com\\\/profile.php?id=100008943462799\",\"https:\\\/\\\/x.com\\\/bellunopress\",\"https:\\\/\\\/www.linkedin.com\\\/hp\\\/?dnr=JBzUWaJfMUw8vbXJJ2tVW5-I3jZKvC4wsoxE&amp;amp;amp;amp;amp;amp;trk=nav_responsive_tab_home\",\"https:\\\/\\\/www.youtube.com\\\/channel\\\/UCxL0wu1uN0_3_7hGG0306cw\"]},{\"@type\":\"Person\",\"@id\":\"https:\\\/\\\/www.bellunopress.it\\\/#\\\/schema\\\/person\\\/79bb06722b37ece1c03d3e94beb30d73\",\"name\":\"redazione\",\"image\":{\"@type\":\"ImageObject\",\"inLanguage\":\"fr-FR\",\"@id\":\"https:\\\/\\\/secure.gravatar.com\\\/avatar\\\/37d968a2e67a6fd04c169c4bdef102d0bc5d31b2546345219e348575eb80e9a0?s=96&d=mm&r=g\",\"url\":\"https:\\\/\\\/secure.gravatar.com\\\/avatar\\\/37d968a2e67a6fd04c169c4bdef102d0bc5d31b2546345219e348575eb80e9a0?s=96&d=mm&r=g\",\"contentUrl\":\"https:\\\/\\\/secure.gravatar.com\\\/avatar\\\/37d968a2e67a6fd04c169c4bdef102d0bc5d31b2546345219e348575eb80e9a0?s=96&d=mm&r=g\",\"caption\":\"redazione\"},\"sameAs\":[\"http:\\\/\\\/www.bellunopress.it\",\"https:\\\/\\\/x.com\\\/bellunopress\"],\"url\":\"https:\\\/\\\/www.bellunopress.it\\\/fr\\\/author\\\/redazione\\\/\"}]}<\/script>\n<!-- \/ Yoast SEO plugin. -->","yoast_head_json":{"title":"Ulss Dolomiti, curva epidemica e incidenza - Bellunopress - Dolomiti","robots":{"index":"index","follow":"follow","max-snippet":"max-snippet:-1","max-image-preview":"max-image-preview:large","max-video-preview":"max-video-preview:-1"},"canonical":"https:\/\/www.bellunopress.it\/fr\/2021\/03\/29\/ulss-dolomiti-curva-epidemica-e-incidenza\/","og_locale":"fr_FR","og_type":"article","og_title":"Ulss Dolomiti, curva epidemica e incidenza - Bellunopress - Dolomiti","og_description":"Belluno, 29 marzo 2021- Secondo i dati elaborati dalla Ulss Dolomiti i nuovi casi di contagio da covid, in costante diminuzione dopo il picco di dicembre 2020 e i valori minimi di febbraio 2021, in questo mese di marzo sono leggermente aumentati. Senza tuttavia &#8211; rassicura l&#8217;Azienda sanitaria &#8211; far aumentare la pressione sulle strutture [&hellip;]","og_url":"https:\/\/www.bellunopress.it\/fr\/2021\/03\/29\/ulss-dolomiti-curva-epidemica-e-incidenza\/","og_site_name":"Bellunopress - Dolomiti","article_publisher":"https:\/\/www.facebook.com\/profile.php?id=100008943462799","article_published_time":"2021-03-29T18:35:33+00:00","article_modified_time":"2021-03-29T18:35:34+00:00","og_image":[{"width":477,"height":493,"url":"https:\/\/www.bellunopress.it\/wp-content\/uploads\/2021\/03\/incidenza-contagi-al-29-03-2021.jpg","type":"image\/jpeg"}],"author":"redazione","twitter_card":"summary_large_image","twitter_creator":"@bellunopress","twitter_site":"@bellunopress","twitter_misc":{"\u00c9crit par":"redazione","Dur\u00e9e de lecture estim\u00e9e":"1 minute"},"schema":{"@context":"https:\/\/schema.org","@graph":[{"@type":"Article","@id":"https:\/\/www.bellunopress.it\/2021\/03\/29\/ulss-dolomiti-curva-epidemica-e-incidenza\/#article","isPartOf":{"@id":"https:\/\/www.bellunopress.it\/2021\/03\/29\/ulss-dolomiti-curva-epidemica-e-incidenza\/"},"author":{"name":"redazione","@id":"https:\/\/www.bellunopress.it\/#\/schema\/person\/79bb06722b37ece1c03d3e94beb30d73"},"headline":"Ulss Dolomiti, curva epidemica e incidenza","datePublished":"2021-03-29T18:35:33+00:00","dateModified":"2021-03-29T18:35:34+00:00","mainEntityOfPage":{"@id":"https:\/\/www.bellunopress.it\/2021\/03\/29\/ulss-dolomiti-curva-epidemica-e-incidenza\/"},"wordCount":70,"publisher":{"@id":"https:\/\/www.bellunopress.it\/#organization"},"image":{"@id":"https:\/\/www.bellunopress.it\/2021\/03\/29\/ulss-dolomiti-curva-epidemica-e-incidenza\/#primaryimage"},"thumbnailUrl":"https:\/\/www.bellunopress.it\/wp-content\/uploads\/2021\/03\/incidenza-contagi-al-29-03-2021.jpg","articleSection":["Prima Pagina","Sanit\u00e0 Medicina"],"inLanguage":"fr-FR"},{"@type":"WebPage","@id":"https:\/\/www.bellunopress.it\/2021\/03\/29\/ulss-dolomiti-curva-epidemica-e-incidenza\/","url":"https:\/\/www.bellunopress.it\/2021\/03\/29\/ulss-dolomiti-curva-epidemica-e-incidenza\/","name":"Ulss Dolomiti, curva epidemica e incidenza - Bellunopress - Dolomiti","isPartOf":{"@id":"https:\/\/www.bellunopress.it\/#website"},"primaryImageOfPage":{"@id":"https:\/\/www.bellunopress.it\/2021\/03\/29\/ulss-dolomiti-curva-epidemica-e-incidenza\/#primaryimage"},"image":{"@id":"https:\/\/www.bellunopress.it\/2021\/03\/29\/ulss-dolomiti-curva-epidemica-e-incidenza\/#primaryimage"},"thumbnailUrl":"https:\/\/www.bellunopress.it\/wp-content\/uploads\/2021\/03\/incidenza-contagi-al-29-03-2021.jpg","datePublished":"2021-03-29T18:35:33+00:00","dateModified":"2021-03-29T18:35:34+00:00","breadcrumb":{"@id":"https:\/\/www.bellunopress.it\/2021\/03\/29\/ulss-dolomiti-curva-epidemica-e-incidenza\/#breadcrumb"},"inLanguage":"fr-FR","potentialAction":[{"@type":"ReadAction","target":["https:\/\/www.bellunopress.it\/2021\/03\/29\/ulss-dolomiti-curva-epidemica-e-incidenza\/"]}]},{"@type":"ImageObject","inLanguage":"fr-FR","@id":"https:\/\/www.bellunopress.it\/2021\/03\/29\/ulss-dolomiti-curva-epidemica-e-incidenza\/#primaryimage","url":"https:\/\/www.bellunopress.it\/wp-content\/uploads\/2021\/03\/incidenza-contagi-al-29-03-2021.jpg","contentUrl":"https:\/\/www.bellunopress.it\/wp-content\/uploads\/2021\/03\/incidenza-contagi-al-29-03-2021.jpg","width":477,"height":493},{"@type":"BreadcrumbList","@id":"https:\/\/www.bellunopress.it\/2021\/03\/29\/ulss-dolomiti-curva-epidemica-e-incidenza\/#breadcrumb","itemListElement":[{"@type":"ListItem","position":1,"name":"Home","item":"https:\/\/www.bellunopress.it\/"},{"@type":"ListItem","position":2,"name":"Ulss Dolomiti, curva epidemica e incidenza"}]},{"@type":"WebSite","@id":"https:\/\/www.bellunopress.it\/#website","url":"https:\/\/www.bellunopress.it\/","name":"Bellunopress - Dolomiti","description":"e-mail: redazione@bellunopress.it","publisher":{"@id":"https:\/\/www.bellunopress.it\/#organization"},"potentialAction":[{"@type":"SearchAction","target":{"@type":"EntryPoint","urlTemplate":"https:\/\/www.bellunopress.it\/?s={search_term_string}"},"query-input":{"@type":"PropertyValueSpecification","valueRequired":true,"valueName":"search_term_string"}}],"inLanguage":"fr-FR"},{"@type":"Organization","@id":"https:\/\/www.bellunopress.it\/#organization","name":"Bellunopress","url":"https:\/\/www.bellunopress.it\/","logo":{"@type":"ImageObject","inLanguage":"fr-FR","@id":"https:\/\/www.bellunopress.it\/#\/schema\/logo\/image\/","url":"https:\/\/www.bellunopress.it\/wp-content\/uploads\/2011\/05\/cropped-logo-bellunopress-.jpg","contentUrl":"https:\/\/www.bellunopress.it\/wp-content\/uploads\/2011\/05\/cropped-logo-bellunopress-.jpg","width":512,"height":512,"caption":"Bellunopress"},"image":{"@id":"https:\/\/www.bellunopress.it\/#\/schema\/logo\/image\/"},"sameAs":["https:\/\/www.facebook.com\/profile.php?id=100008943462799","https:\/\/x.com\/bellunopress","https:\/\/www.linkedin.com\/hp\/?dnr=JBzUWaJfMUw8vbXJJ2tVW5-I3jZKvC4wsoxE&amp;amp;amp;amp;amp;amp;trk=nav_responsive_tab_home","https:\/\/www.youtube.com\/channel\/UCxL0wu1uN0_3_7hGG0306cw"]},{"@type":"Person","@id":"https:\/\/www.bellunopress.it\/#\/schema\/person\/79bb06722b37ece1c03d3e94beb30d73","name":"r\u00e9daction","image":{"@type":"ImageObject","inLanguage":"fr-FR","@id":"https:\/\/secure.gravatar.com\/avatar\/37d968a2e67a6fd04c169c4bdef102d0bc5d31b2546345219e348575eb80e9a0?s=96&d=mm&r=g","url":"https:\/\/secure.gravatar.com\/avatar\/37d968a2e67a6fd04c169c4bdef102d0bc5d31b2546345219e348575eb80e9a0?s=96&d=mm&r=g","contentUrl":"https:\/\/secure.gravatar.com\/avatar\/37d968a2e67a6fd04c169c4bdef102d0bc5d31b2546345219e348575eb80e9a0?s=96&d=mm&r=g","caption":"redazione"},"sameAs":["http:\/\/www.bellunopress.it","https:\/\/x.com\/bellunopress"],"url":"https:\/\/www.bellunopress.it\/fr\/author\/redazione\/"}]}},"_links":{"self":[{"href":"https:\/\/www.bellunopress.it\/fr\/wp-json\/wp\/v2\/posts\/122814","targetHints":{"allow":["GET"]}}],"collection":[{"href":"https:\/\/www.bellunopress.it\/fr\/wp-json\/wp\/v2\/posts"}],"about":[{"href":"https:\/\/www.bellunopress.it\/fr\/wp-json\/wp\/v2\/types\/post"}],"author":[{"embeddable":true,"href":"https:\/\/www.bellunopress.it\/fr\/wp-json\/wp\/v2\/users\/2"}],"replies":[{"embeddable":true,"href":"https:\/\/www.bellunopress.it\/fr\/wp-json\/wp\/v2\/comments?post=122814"}],"version-history":[{"count":2,"href":"https:\/\/www.bellunopress.it\/fr\/wp-json\/wp\/v2\/posts\/122814\/revisions"}],"predecessor-version":[{"id":122818,"href":"https:\/\/www.bellunopress.it\/fr\/wp-json\/wp\/v2\/posts\/122814\/revisions\/122818"}],"wp:featuredmedia":[{"embeddable":true,"href":"https:\/\/www.bellunopress.it\/fr\/wp-json\/wp\/v2\/media\/122816"}],"wp:attachment":[{"href":"https:\/\/www.bellunopress.it\/fr\/wp-json\/wp\/v2\/media?parent=122814"}],"wp:term":[{"taxonomy":"category","embeddable":true,"href":"https:\/\/www.bellunopress.it\/fr\/wp-json\/wp\/v2\/categories?post=122814"},{"taxonomy":"post_tag","embeddable":true,"href":"https:\/\/www.bellunopress.it\/fr\/wp-json\/wp\/v2\/tags?post=122814"}],"curies":[{"name":"wp","href":"https:\/\/api.w.org\/{rel}","templated":true}]}}