{"id":122795,"date":"2021-03-29T13:47:55","date_gmt":"2021-03-29T11:47:55","guid":{"rendered":"https:\/\/www.bellunopress.it\/?p=122795"},"modified":"2021-03-29T13:47:55","modified_gmt":"2021-03-29T11:47:55","slug":"assemblea-bard-2021-confermato-limpegno-per-autonomia-e-minoranze","status":"publish","type":"post","link":"https:\/\/www.bellunopress.it\/fr\/2021\/03\/29\/assemblea-bard-2021-confermato-limpegno-per-autonomia-e-minoranze\/","title":{"rendered":"Assemblea Bard 2021: confermato l&#8217;impegno per autonomia e minoranze"},"content":{"rendered":"<figure id=\"attachment_106322\" aria-describedby=\"caption-attachment-106322\" style=\"width: 237px\" class=\"wp-caption alignleft\"><a href=\"https:\/\/www.bellunopress.it\/fr\/2019\/07\/17\/andrea-bona-e-il-nuovo-presidente-del-bard-alla-vicepresidenza-roberto-brustolon\/andrea-bona-2\/\" rel=\"attachment wp-att-106322\"><img loading=\"lazy\" decoding=\"async\" class=\"size-full wp-image-106322\" src=\"http:\/\/www.bellunopress.it\/wp-content\/uploads\/2019\/07\/Andrea-Bona.jpg\" alt=\"\" width=\"237\" height=\"300\" \/><\/a><figcaption id=\"caption-attachment-106322\" class=\"wp-caption-text\">Andrea Bona<\/figcaption><\/figure>\n<p>Si \u00e8 svolta in questi giorni, dopo la pausa forzata del 2020 causa pandemia, l&#8217;assemblea dei soci del movimento Belluno Autonoma Regione Dolomiti: l&#8217;occasione, molto partecipata nonostante l&#8217;impossibilit\u00e0 di trovarsi in presenza, per adempiere agli aspetti burocratici relativi alla gestione del movimento e per fare il punto della situazione su quanto fatto nell&#8217;ultimo biennio e quanto accadr\u00e0 quest&#8217;anno.<\/p>\n<p>Ad aprire i lavori, che si sono tenuti in remoto, \u00e8 stato il presidente Andrea Bona, che ha ripercorso l&#8217;attivit\u00e0 degli ultimi due anni: \u00abSiamo stati impegnati sul fronte elettorale regionale ed europeo, e questo ci ha consentito di rinsaldare collaborazioni storiche e di avvicinarci a nuove realt\u00e0. Nel 2019, con l&#8217;appoggio all&#8217;europarlamentare Herbert Dorfmann, ci siamo garantiti una finestra sull&#8217;Europa e sulle province autonome, mentre lo scorso anno con l&#8217;avventura delle regionali e le oltre 500 firme raccolte in provincia in pochissimi giorni abbiamo testato ancora una volta la presa dei temi autonomistici e del nostro movimento sui bellunesi\u00bb.<\/p>\n<p>Non \u00e8 mancato poi un passaggio sull&#8217;incontro con l&#8217;ex Ministro per gli affari regionali e le autonomie Francesco Boccia &#8211; \u00abcon il quale c&#8217;\u00e8 stata totale incomunicabilit\u00e0 sulle problematiche del nostro territorio\u00bb, ha evidenziato Bona \u2013 e l&#8217;impegno a scendere nuovamente a Roma: \u00abContatteremo sicuramente il nuovo governo per avere anche con loro un confronto, tanto pi\u00f9 che nell&#8217;esecutivo siede ancora quel Lorenzo Guerini che nel 2015 firm\u00f2 con noi l&#8217;accordo elettorale regionale che comprendeva il ripristino dell&#8217;elettivit\u00e0 provinciale. &#8211; assicura Bona \u2013 Non mancheremo poi di contattare anche il neo-segretario del Partito Democratico Enrico Letta: non possiamo infatti dimenticare le sue parole, \u201cbisogna intervenire per evitare asimmetrie istituzionali che non hanno senso: a questo territorio serve un\u2019autonomia forte\u201d, proferite da Presidente del Consiglio in occasione della visita a Longarone per i 50 anni della tragedia del Vajont\u00bb.<\/p>\n<p>Il 2021 sar\u00e0 un anno ancora all&#8217;insegna della lotta per l&#8217;autonomia del Bellunese e per la tutela delle minoranze linguistiche, anche alla luce del \u201creport sulle cause della progressiva estinzione delle minoranze linguistiche ladine della provincia di Belluno in conseguenza delle politiche attuate dallo Stato italiano\u201d redatto dal movimento lo scorso anno e dalla bocciatura del Minority Safepack da parte della Commissione Europea: \u00abIl nostro report ha suscitato interesse a livello europeo, e in autunno, confidando anche nel ritorno alla libert\u00e0 di spostamento, avremo notizie interessanti. C&#8217;\u00e8 sicuramente un interesse politico sulla questione, soprattutto dopo la \u201crottura\u201d tra il Parlamento Europeo e la Commissione a seguito del respingimento delle richieste contenute nel Minority Safepack, sottoscrizione da 1,3 milioni di firme a livello europeo tradotta poi in risoluzione approvata a larga maggioranza dal Parlamento Europeo\u00bb.<\/p>\n<p>Dopo l&#8217;introduzione, spazio ai presidenti delle quattro vallate. Danilo Marmolada, per l&#8217;Agordino, ha ricordato il grande lavoro degli anni passati per i referendum comunali per il passaggio alle province autonome di Trento e di Bolzano, e come \u00absu questi sia poi calato un grave e pesante silenzio istituzionale\u00bb.<br \/>\nSilvano Merlin, vallata Bellunese \u2013 Longaronese \u2013 Alpago, ha rimarcato come \u201cautonomia\u201d sia una parola ormai abusata anche da quei partiti che poi, nella pratica, attuano politiche centralista, sottolineando anche che \u00abautonomia \u00e8 responsabilit\u00e0, non solo della politica, ma dell&#8217;intera comunit\u00e0\u00bb.<br \/>\nProprio in questa direzione \u00e8 andato anche l&#8217;intervento dal Feltrino di Alfonso Liotta, per il quale serve un cambio di mentalit\u00e0 per superare i blocchi partitici e perseguire l&#8217;obbiettivo autonomistico per il quale \u00abil BARD ha sviluppato e sta sviluppando iniziative e collegamenti locali, regionali ed europei innovativi\u00bb.<br \/>\nPer il Cadore \u2013 Comelico \u2013 Zoldo, Marinella Piazza ha poi sottolineato come \u00abla politica non sia pi\u00f9 attenta a risolvere i problemi veri dei cittadini\u00bb, evidenziando come \u2013 grazie anche alle potenzialit\u00e0 della rete \u2013 proprio dal Cadore sia nata una rete provinciale di sole donne che affrontano le tematiche e i problemi del territorio, a partire da quelli della sanit\u00e0.<br \/>\nChiusura, infine, da parte del vicepresidente BARD Roberto Brustolon, che ha fatto un&#8217;analisi dell&#8217;attuale situazione economica provinciale che \u00abvede soprattutto in quota una crisi gravissima, con il turismo in ginocchio e la lenta scomparsa di filiere come quelle del legno e dell&#8217;agroalimentare storicamente pilastri dell&#8217;economia di montagna\u00bb.<\/p>\n<p>In conclusione, c&#8217;\u00e8 stata la presentazione dei bilanci economici delle annate 2019 e 2020, entrambi approvati all&#8217;unanimit\u00e0 dei presenti e che si sono chiusi con un leggero attivo per le casse del movimento.<\/p>","protected":false},"excerpt":{"rendered":"<p>Si \u00e8 svolta in questi giorni, dopo la pausa forzata del 2020 causa pandemia, l&#8217;assemblea dei soci del movimento Belluno Autonoma Regione Dolomiti: l&#8217;occasione, molto partecipata nonostante l&#8217;impossibilit\u00e0 di trovarsi in presenza, per adempiere agli aspetti burocratici relativi alla gestione del movimento e per fare il punto della situazione su quanto fatto nell&#8217;ultimo biennio e [&hellip;]<\/p>\n","protected":false},"author":2,"featured_media":106322,"comment_status":"closed","ping_status":"open","sticky":false,"template":"","format":"standard","meta":{"footnotes":""},"categories":[5,26],"tags":[],"class_list":["post-122795","post","type-post","status-publish","format-standard","has-post-thumbnail","category-cronaca","category-prima-pagina"],"yoast_head":"<!-- This site is optimized with the Yoast SEO plugin v28.4 - https:\/\/yoast.com\/product\/yoast-seo-wordpress\/ -->\n<title>Assemblea Bard 2021: confermato l&#039;impegno per autonomia e minoranze - Bellunopress - Dolomiti<\/title>\n<meta name=\"robots\" content=\"index, follow, max-snippet:-1, max-image-preview:large, max-video-preview:-1\" \/>\n<link rel=\"canonical\" href=\"https:\/\/www.bellunopress.it\/fr\/2021\/03\/29\/assemblea-bard-2021-confermato-limpegno-per-autonomia-e-minoranze\/\" \/>\n<meta property=\"og:locale\" content=\"fr_FR\" \/>\n<meta property=\"og:type\" content=\"article\" \/>\n<meta property=\"og:title\" content=\"Assemblea Bard 2021: confermato l&#039;impegno per autonomia e minoranze - Bellunopress - Dolomiti\" \/>\n<meta property=\"og:description\" content=\"Si \u00e8 svolta in questi giorni, dopo la pausa forzata del 2020 causa pandemia, l&#8217;assemblea dei soci del movimento Belluno Autonoma Regione Dolomiti: l&#8217;occasione, molto partecipata nonostante l&#8217;impossibilit\u00e0 di trovarsi in presenza, per adempiere agli aspetti burocratici relativi alla gestione del movimento e per fare il punto della situazione su quanto fatto nell&#8217;ultimo biennio e [&hellip;]\" \/>\n<meta property=\"og:url\" content=\"https:\/\/www.bellunopress.it\/fr\/2021\/03\/29\/assemblea-bard-2021-confermato-limpegno-per-autonomia-e-minoranze\/\" \/>\n<meta property=\"og:site_name\" content=\"Bellunopress - Dolomiti\" \/>\n<meta property=\"article:publisher\" content=\"https:\/\/www.facebook.com\/profile.php?id=100008943462799\" \/>\n<meta property=\"article:published_time\" content=\"2021-03-29T11:47:55+00:00\" \/>\n<meta property=\"og:image\" content=\"https:\/\/www.bellunopress.it\/wp-content\/uploads\/2019\/07\/Andrea-Bona.jpg\" \/>\n\t<meta property=\"og:image:width\" content=\"237\" \/>\n\t<meta property=\"og:image:height\" content=\"300\" \/>\n\t<meta property=\"og:image:type\" content=\"image\/jpeg\" \/>\n<meta name=\"author\" content=\"redazione\" \/>\n<meta name=\"twitter:card\" content=\"summary_large_image\" \/>\n<meta name=\"twitter:creator\" content=\"@bellunopress\" \/>\n<meta name=\"twitter:site\" content=\"@bellunopress\" \/>\n<meta name=\"twitter:label1\" content=\"\u00c9crit par\" \/>\n\t<meta name=\"twitter:data1\" content=\"redazione\" \/>\n\t<meta name=\"twitter:label2\" content=\"Dur\u00e9e de lecture estim\u00e9e\" \/>\n\t<meta name=\"twitter:data2\" content=\"4 minutes\" \/>\n<script type=\"application\/ld+json\" class=\"yoast-schema-graph\">{\"@context\":\"https:\\\/\\\/schema.org\",\"@graph\":[{\"@type\":\"Article\",\"@id\":\"https:\\\/\\\/www.bellunopress.it\\\/2021\\\/03\\\/29\\\/assemblea-bard-2021-confermato-limpegno-per-autonomia-e-minoranze\\\/#article\",\"isPartOf\":{\"@id\":\"https:\\\/\\\/www.bellunopress.it\\\/2021\\\/03\\\/29\\\/assemblea-bard-2021-confermato-limpegno-per-autonomia-e-minoranze\\\/\"},\"author\":{\"name\":\"redazione\",\"@id\":\"https:\\\/\\\/www.bellunopress.it\\\/#\\\/schema\\\/person\\\/79bb06722b37ece1c03d3e94beb30d73\"},\"headline\":\"Assemblea Bard 2021: confermato l&#8217;impegno per autonomia e minoranze\",\"datePublished\":\"2021-03-29T11:47:55+00:00\",\"mainEntityOfPage\":{\"@id\":\"https:\\\/\\\/www.bellunopress.it\\\/2021\\\/03\\\/29\\\/assemblea-bard-2021-confermato-limpegno-per-autonomia-e-minoranze\\\/\"},\"wordCount\":734,\"publisher\":{\"@id\":\"https:\\\/\\\/www.bellunopress.it\\\/#organization\"},\"image\":{\"@id\":\"https:\\\/\\\/www.bellunopress.it\\\/2021\\\/03\\\/29\\\/assemblea-bard-2021-confermato-limpegno-per-autonomia-e-minoranze\\\/#primaryimage\"},\"thumbnailUrl\":\"https:\\\/\\\/www.bellunopress.it\\\/wp-content\\\/uploads\\\/2019\\\/07\\\/Andrea-Bona.jpg\",\"articleSection\":[\"Cronaca\\\/Politica\",\"Prima Pagina\"],\"inLanguage\":\"fr-FR\"},{\"@type\":\"WebPage\",\"@id\":\"https:\\\/\\\/www.bellunopress.it\\\/2021\\\/03\\\/29\\\/assemblea-bard-2021-confermato-limpegno-per-autonomia-e-minoranze\\\/\",\"url\":\"https:\\\/\\\/www.bellunopress.it\\\/2021\\\/03\\\/29\\\/assemblea-bard-2021-confermato-limpegno-per-autonomia-e-minoranze\\\/\",\"name\":\"Assemblea Bard 2021: confermato l'impegno per autonomia e minoranze - Bellunopress - Dolomiti\",\"isPartOf\":{\"@id\":\"https:\\\/\\\/www.bellunopress.it\\\/#website\"},\"primaryImageOfPage\":{\"@id\":\"https:\\\/\\\/www.bellunopress.it\\\/2021\\\/03\\\/29\\\/assemblea-bard-2021-confermato-limpegno-per-autonomia-e-minoranze\\\/#primaryimage\"},\"image\":{\"@id\":\"https:\\\/\\\/www.bellunopress.it\\\/2021\\\/03\\\/29\\\/assemblea-bard-2021-confermato-limpegno-per-autonomia-e-minoranze\\\/#primaryimage\"},\"thumbnailUrl\":\"https:\\\/\\\/www.bellunopress.it\\\/wp-content\\\/uploads\\\/2019\\\/07\\\/Andrea-Bona.jpg\",\"datePublished\":\"2021-03-29T11:47:55+00:00\",\"breadcrumb\":{\"@id\":\"https:\\\/\\\/www.bellunopress.it\\\/2021\\\/03\\\/29\\\/assemblea-bard-2021-confermato-limpegno-per-autonomia-e-minoranze\\\/#breadcrumb\"},\"inLanguage\":\"fr-FR\",\"potentialAction\":[{\"@type\":\"ReadAction\",\"target\":[\"https:\\\/\\\/www.bellunopress.it\\\/2021\\\/03\\\/29\\\/assemblea-bard-2021-confermato-limpegno-per-autonomia-e-minoranze\\\/\"]}]},{\"@type\":\"ImageObject\",\"inLanguage\":\"fr-FR\",\"@id\":\"https:\\\/\\\/www.bellunopress.it\\\/2021\\\/03\\\/29\\\/assemblea-bard-2021-confermato-limpegno-per-autonomia-e-minoranze\\\/#primaryimage\",\"url\":\"https:\\\/\\\/www.bellunopress.it\\\/wp-content\\\/uploads\\\/2019\\\/07\\\/Andrea-Bona.jpg\",\"contentUrl\":\"https:\\\/\\\/www.bellunopress.it\\\/wp-content\\\/uploads\\\/2019\\\/07\\\/Andrea-Bona.jpg\",\"width\":237,\"height\":300,\"caption\":\"Andrea Bona, presidente Bard\"},{\"@type\":\"BreadcrumbList\",\"@id\":\"https:\\\/\\\/www.bellunopress.it\\\/2021\\\/03\\\/29\\\/assemblea-bard-2021-confermato-limpegno-per-autonomia-e-minoranze\\\/#breadcrumb\",\"itemListElement\":[{\"@type\":\"ListItem\",\"position\":1,\"name\":\"Home\",\"item\":\"https:\\\/\\\/www.bellunopress.it\\\/\"},{\"@type\":\"ListItem\",\"position\":2,\"name\":\"Assemblea Bard 2021: confermato l&#8217;impegno per autonomia e minoranze\"}]},{\"@type\":\"WebSite\",\"@id\":\"https:\\\/\\\/www.bellunopress.it\\\/#website\",\"url\":\"https:\\\/\\\/www.bellunopress.it\\\/\",\"name\":\"Bellunopress - Dolomiti\",\"description\":\"e-mail: redazione@bellunopress.it\",\"publisher\":{\"@id\":\"https:\\\/\\\/www.bellunopress.it\\\/#organization\"},\"potentialAction\":[{\"@type\":\"SearchAction\",\"target\":{\"@type\":\"EntryPoint\",\"urlTemplate\":\"https:\\\/\\\/www.bellunopress.it\\\/?s={search_term_string}\"},\"query-input\":{\"@type\":\"PropertyValueSpecification\",\"valueRequired\":true,\"valueName\":\"search_term_string\"}}],\"inLanguage\":\"fr-FR\"},{\"@type\":\"Organization\",\"@id\":\"https:\\\/\\\/www.bellunopress.it\\\/#organization\",\"name\":\"Bellunopress\",\"url\":\"https:\\\/\\\/www.bellunopress.it\\\/\",\"logo\":{\"@type\":\"ImageObject\",\"inLanguage\":\"fr-FR\",\"@id\":\"https:\\\/\\\/www.bellunopress.it\\\/#\\\/schema\\\/logo\\\/image\\\/\",\"url\":\"https:\\\/\\\/www.bellunopress.it\\\/wp-content\\\/uploads\\\/2011\\\/05\\\/cropped-logo-bellunopress-.jpg\",\"contentUrl\":\"https:\\\/\\\/www.bellunopress.it\\\/wp-content\\\/uploads\\\/2011\\\/05\\\/cropped-logo-bellunopress-.jpg\",\"width\":512,\"height\":512,\"caption\":\"Bellunopress\"},\"image\":{\"@id\":\"https:\\\/\\\/www.bellunopress.it\\\/#\\\/schema\\\/logo\\\/image\\\/\"},\"sameAs\":[\"https:\\\/\\\/www.facebook.com\\\/profile.php?id=100008943462799\",\"https:\\\/\\\/x.com\\\/bellunopress\",\"https:\\\/\\\/www.linkedin.com\\\/hp\\\/?dnr=JBzUWaJfMUw8vbXJJ2tVW5-I3jZKvC4wsoxE&amp;amp;amp;amp;amp;amp;trk=nav_responsive_tab_home\",\"https:\\\/\\\/www.youtube.com\\\/channel\\\/UCxL0wu1uN0_3_7hGG0306cw\"]},{\"@type\":\"Person\",\"@id\":\"https:\\\/\\\/www.bellunopress.it\\\/#\\\/schema\\\/person\\\/79bb06722b37ece1c03d3e94beb30d73\",\"name\":\"redazione\",\"image\":{\"@type\":\"ImageObject\",\"inLanguage\":\"fr-FR\",\"@id\":\"https:\\\/\\\/secure.gravatar.com\\\/avatar\\\/37d968a2e67a6fd04c169c4bdef102d0bc5d31b2546345219e348575eb80e9a0?s=96&d=mm&r=g\",\"url\":\"https:\\\/\\\/secure.gravatar.com\\\/avatar\\\/37d968a2e67a6fd04c169c4bdef102d0bc5d31b2546345219e348575eb80e9a0?s=96&d=mm&r=g\",\"contentUrl\":\"https:\\\/\\\/secure.gravatar.com\\\/avatar\\\/37d968a2e67a6fd04c169c4bdef102d0bc5d31b2546345219e348575eb80e9a0?s=96&d=mm&r=g\",\"caption\":\"redazione\"},\"sameAs\":[\"http:\\\/\\\/www.bellunopress.it\",\"https:\\\/\\\/x.com\\\/bellunopress\"],\"url\":\"https:\\\/\\\/www.bellunopress.it\\\/fr\\\/author\\\/redazione\\\/\"}]}<\/script>\n<!-- \/ Yoast SEO plugin. -->","yoast_head_json":{"title":"Assemblea Bard 2021: confermato l'impegno per autonomia e minoranze - Bellunopress - Dolomiti","robots":{"index":"index","follow":"follow","max-snippet":"max-snippet:-1","max-image-preview":"max-image-preview:large","max-video-preview":"max-video-preview:-1"},"canonical":"https:\/\/www.bellunopress.it\/fr\/2021\/03\/29\/assemblea-bard-2021-confermato-limpegno-per-autonomia-e-minoranze\/","og_locale":"fr_FR","og_type":"article","og_title":"Assemblea Bard 2021: confermato l'impegno per autonomia e minoranze - Bellunopress - Dolomiti","og_description":"Si \u00e8 svolta in questi giorni, dopo la pausa forzata del 2020 causa pandemia, l&#8217;assemblea dei soci del movimento Belluno Autonoma Regione Dolomiti: l&#8217;occasione, molto partecipata nonostante l&#8217;impossibilit\u00e0 di trovarsi in presenza, per adempiere agli aspetti burocratici relativi alla gestione del movimento e per fare il punto della situazione su quanto fatto nell&#8217;ultimo biennio e [&hellip;]","og_url":"https:\/\/www.bellunopress.it\/fr\/2021\/03\/29\/assemblea-bard-2021-confermato-limpegno-per-autonomia-e-minoranze\/","og_site_name":"Bellunopress - Dolomiti","article_publisher":"https:\/\/www.facebook.com\/profile.php?id=100008943462799","article_published_time":"2021-03-29T11:47:55+00:00","og_image":[{"width":237,"height":300,"url":"https:\/\/www.bellunopress.it\/wp-content\/uploads\/2019\/07\/Andrea-Bona.jpg","type":"image\/jpeg"}],"author":"redazione","twitter_card":"summary_large_image","twitter_creator":"@bellunopress","twitter_site":"@bellunopress","twitter_misc":{"\u00c9crit par":"redazione","Dur\u00e9e de lecture estim\u00e9e":"4 minutes"},"schema":{"@context":"https:\/\/schema.org","@graph":[{"@type":"Article","@id":"https:\/\/www.bellunopress.it\/2021\/03\/29\/assemblea-bard-2021-confermato-limpegno-per-autonomia-e-minoranze\/#article","isPartOf":{"@id":"https:\/\/www.bellunopress.it\/2021\/03\/29\/assemblea-bard-2021-confermato-limpegno-per-autonomia-e-minoranze\/"},"author":{"name":"redazione","@id":"https:\/\/www.bellunopress.it\/#\/schema\/person\/79bb06722b37ece1c03d3e94beb30d73"},"headline":"Assemblea Bard 2021: confermato l&#8217;impegno per autonomia e minoranze","datePublished":"2021-03-29T11:47:55+00:00","mainEntityOfPage":{"@id":"https:\/\/www.bellunopress.it\/2021\/03\/29\/assemblea-bard-2021-confermato-limpegno-per-autonomia-e-minoranze\/"},"wordCount":734,"publisher":{"@id":"https:\/\/www.bellunopress.it\/#organization"},"image":{"@id":"https:\/\/www.bellunopress.it\/2021\/03\/29\/assemblea-bard-2021-confermato-limpegno-per-autonomia-e-minoranze\/#primaryimage"},"thumbnailUrl":"https:\/\/www.bellunopress.it\/wp-content\/uploads\/2019\/07\/Andrea-Bona.jpg","articleSection":["Cronaca\/Politica","Prima Pagina"],"inLanguage":"fr-FR"},{"@type":"WebPage","@id":"https:\/\/www.bellunopress.it\/2021\/03\/29\/assemblea-bard-2021-confermato-limpegno-per-autonomia-e-minoranze\/","url":"https:\/\/www.bellunopress.it\/2021\/03\/29\/assemblea-bard-2021-confermato-limpegno-per-autonomia-e-minoranze\/","name":"Assemblea Bard 2021: confermato l'impegno per autonomia e minoranze - Bellunopress - Dolomiti","isPartOf":{"@id":"https:\/\/www.bellunopress.it\/#website"},"primaryImageOfPage":{"@id":"https:\/\/www.bellunopress.it\/2021\/03\/29\/assemblea-bard-2021-confermato-limpegno-per-autonomia-e-minoranze\/#primaryimage"},"image":{"@id":"https:\/\/www.bellunopress.it\/2021\/03\/29\/assemblea-bard-2021-confermato-limpegno-per-autonomia-e-minoranze\/#primaryimage"},"thumbnailUrl":"https:\/\/www.bellunopress.it\/wp-content\/uploads\/2019\/07\/Andrea-Bona.jpg","datePublished":"2021-03-29T11:47:55+00:00","breadcrumb":{"@id":"https:\/\/www.bellunopress.it\/2021\/03\/29\/assemblea-bard-2021-confermato-limpegno-per-autonomia-e-minoranze\/#breadcrumb"},"inLanguage":"fr-FR","potentialAction":[{"@type":"ReadAction","target":["https:\/\/www.bellunopress.it\/2021\/03\/29\/assemblea-bard-2021-confermato-limpegno-per-autonomia-e-minoranze\/"]}]},{"@type":"ImageObject","inLanguage":"fr-FR","@id":"https:\/\/www.bellunopress.it\/2021\/03\/29\/assemblea-bard-2021-confermato-limpegno-per-autonomia-e-minoranze\/#primaryimage","url":"https:\/\/www.bellunopress.it\/wp-content\/uploads\/2019\/07\/Andrea-Bona.jpg","contentUrl":"https:\/\/www.bellunopress.it\/wp-content\/uploads\/2019\/07\/Andrea-Bona.jpg","width":237,"height":300,"caption":"Andrea Bona, presidente Bard"},{"@type":"BreadcrumbList","@id":"https:\/\/www.bellunopress.it\/2021\/03\/29\/assemblea-bard-2021-confermato-limpegno-per-autonomia-e-minoranze\/#breadcrumb","itemListElement":[{"@type":"ListItem","position":1,"name":"Home","item":"https:\/\/www.bellunopress.it\/"},{"@type":"ListItem","position":2,"name":"Assemblea Bard 2021: confermato l&#8217;impegno per autonomia e minoranze"}]},{"@type":"WebSite","@id":"https:\/\/www.bellunopress.it\/#website","url":"https:\/\/www.bellunopress.it\/","name":"Bellunopress - Dolomiti","description":"e-mail: redazione@bellunopress.it","publisher":{"@id":"https:\/\/www.bellunopress.it\/#organization"},"potentialAction":[{"@type":"SearchAction","target":{"@type":"EntryPoint","urlTemplate":"https:\/\/www.bellunopress.it\/?s={search_term_string}"},"query-input":{"@type":"PropertyValueSpecification","valueRequired":true,"valueName":"search_term_string"}}],"inLanguage":"fr-FR"},{"@type":"Organization","@id":"https:\/\/www.bellunopress.it\/#organization","name":"Bellunopress","url":"https:\/\/www.bellunopress.it\/","logo":{"@type":"ImageObject","inLanguage":"fr-FR","@id":"https:\/\/www.bellunopress.it\/#\/schema\/logo\/image\/","url":"https:\/\/www.bellunopress.it\/wp-content\/uploads\/2011\/05\/cropped-logo-bellunopress-.jpg","contentUrl":"https:\/\/www.bellunopress.it\/wp-content\/uploads\/2011\/05\/cropped-logo-bellunopress-.jpg","width":512,"height":512,"caption":"Bellunopress"},"image":{"@id":"https:\/\/www.bellunopress.it\/#\/schema\/logo\/image\/"},"sameAs":["https:\/\/www.facebook.com\/profile.php?id=100008943462799","https:\/\/x.com\/bellunopress","https:\/\/www.linkedin.com\/hp\/?dnr=JBzUWaJfMUw8vbXJJ2tVW5-I3jZKvC4wsoxE&amp;amp;amp;amp;amp;amp;trk=nav_responsive_tab_home","https:\/\/www.youtube.com\/channel\/UCxL0wu1uN0_3_7hGG0306cw"]},{"@type":"Person","@id":"https:\/\/www.bellunopress.it\/#\/schema\/person\/79bb06722b37ece1c03d3e94beb30d73","name":"r\u00e9daction","image":{"@type":"ImageObject","inLanguage":"fr-FR","@id":"https:\/\/secure.gravatar.com\/avatar\/37d968a2e67a6fd04c169c4bdef102d0bc5d31b2546345219e348575eb80e9a0?s=96&d=mm&r=g","url":"https:\/\/secure.gravatar.com\/avatar\/37d968a2e67a6fd04c169c4bdef102d0bc5d31b2546345219e348575eb80e9a0?s=96&d=mm&r=g","contentUrl":"https:\/\/secure.gravatar.com\/avatar\/37d968a2e67a6fd04c169c4bdef102d0bc5d31b2546345219e348575eb80e9a0?s=96&d=mm&r=g","caption":"redazione"},"sameAs":["http:\/\/www.bellunopress.it","https:\/\/x.com\/bellunopress"],"url":"https:\/\/www.bellunopress.it\/fr\/author\/redazione\/"}]}},"_links":{"self":[{"href":"https:\/\/www.bellunopress.it\/fr\/wp-json\/wp\/v2\/posts\/122795","targetHints":{"allow":["GET"]}}],"collection":[{"href":"https:\/\/www.bellunopress.it\/fr\/wp-json\/wp\/v2\/posts"}],"about":[{"href":"https:\/\/www.bellunopress.it\/fr\/wp-json\/wp\/v2\/types\/post"}],"author":[{"embeddable":true,"href":"https:\/\/www.bellunopress.it\/fr\/wp-json\/wp\/v2\/users\/2"}],"replies":[{"embeddable":true,"href":"https:\/\/www.bellunopress.it\/fr\/wp-json\/wp\/v2\/comments?post=122795"}],"version-history":[{"count":1,"href":"https:\/\/www.bellunopress.it\/fr\/wp-json\/wp\/v2\/posts\/122795\/revisions"}],"predecessor-version":[{"id":122796,"href":"https:\/\/www.bellunopress.it\/fr\/wp-json\/wp\/v2\/posts\/122795\/revisions\/122796"}],"wp:featuredmedia":[{"embeddable":true,"href":"https:\/\/www.bellunopress.it\/fr\/wp-json\/wp\/v2\/media\/106322"}],"wp:attachment":[{"href":"https:\/\/www.bellunopress.it\/fr\/wp-json\/wp\/v2\/media?parent=122795"}],"wp:term":[{"taxonomy":"category","embeddable":true,"href":"https:\/\/www.bellunopress.it\/fr\/wp-json\/wp\/v2\/categories?post=122795"},{"taxonomy":"post_tag","embeddable":true,"href":"https:\/\/www.bellunopress.it\/fr\/wp-json\/wp\/v2\/tags?post=122795"}],"curies":[{"name":"wp","href":"https:\/\/api.w.org\/{rel}","templated":true}]}}