{"id":122793,"date":"2021-03-29T13:27:09","date_gmt":"2021-03-29T11:27:09","guid":{"rendered":"https:\/\/www.bellunopress.it\/?p=122793"},"modified":"2021-03-29T13:27:09","modified_gmt":"2021-03-29T11:27:09","slug":"ponte-nelle-alpi-micro-interventi-nelle-frazioni-a-paiane-la-piantumazione-delle-aiuole","status":"publish","type":"post","link":"https:\/\/www.bellunopress.it\/fr\/2021\/03\/29\/ponte-nelle-alpi-micro-interventi-nelle-frazioni-a-paiane-la-piantumazione-delle-aiuole\/","title":{"rendered":"Ponte nelle Alpi, micro interventi nelle frazioni. A Paiane la piantumazione delle aiuole"},"content":{"rendered":"<figure id=\"attachment_59891\" aria-describedby=\"caption-attachment-59891\" style=\"width: 290px\" class=\"wp-caption alignleft\"><a href=\"https:\/\/www.bellunopress.it\/fr\/2014\/06\/24\/assemblea-pubblica-ponte-nelle-alpi-sullelettrodotto-democrazia-e-elettrotecnica\/paolo-vendramini-elettrodotto\/\" rel=\"attachment wp-att-59891\"><img loading=\"lazy\" decoding=\"async\" class=\"size-full wp-image-59891\" src=\"http:\/\/www.bellunopress.it\/wp-content\/uploads\/2014\/06\/paolo-vendramini-elettrodotto.png\" alt=\"\" width=\"290\" height=\"283\" \/><\/a><figcaption id=\"caption-attachment-59891\" class=\"wp-caption-text\">Paolo Vendramini, sindaco di Ponte nelle Alpi\u00a0<\/figcaption><\/figure>\n<p>Micro progetti, maxi importanza: prosegue la serie di piccoli, ma significativi interventi nelle frazioni di Ponte nelle Alpi.<\/p>\n<p>L&#8217;ultimo, in ordine di tempo, coinvolge Paiane, dove i volontari del Comitato frazionale stanno sistemando le aree del paese con la piantumazione delle aiuole, vicino al Teatro Pierobon. A questo proposito, il sindaco Paolo Vendramini ha ringraziato \u00abLuigina, Laura e Roberto per il grande senso civico che dimostrano nella cura del territorio\u00bb.<\/p>\n<p>Nello specifico, il Comune sostiene i micro progetti in maniera concreta, attraverso alcuni finanziamenti che hanno lo scopo di riconoscere il lavoro di chi dedica il proprio tempo alla tutela del bene pubblico e a vantaggio della collettivit\u00e0.<\/p>\n<p>L&#8217;idea \u00e8 decollata gi\u00e0 a fine 2020, quando in municipio sono arrivate diverse domande di contributo per gli interventi, sparsi in vari angoli del territorio, e promossi da Comitati frazionali e associazioni.<\/p>\n<p>In questo filone, si inserisce la realizzazione di alcune tabelle per i sentieri del Monte Dolada a Casan, la manutenzione legata al monumento ai Caduti di Col di Cugnan e Canevoi, la sistemazione della fontana di Losego o il ripristino della staccionata lungo il sentiero verso Sant&#8217;Andrea, fino alla cura del parco Mares-Ex Casa Rossa e lo sfalcio del parco giochi ad Arsi\u00e8.<\/p>\n<p>Dall&#8217;opera del volontariato al riconoscimento del Comune: Ponte nelle Alpi cresce insieme alle sue frazioni.<\/p>","protected":false},"excerpt":{"rendered":"<p>Micro progetti, maxi importanza: prosegue la serie di piccoli, ma significativi interventi nelle frazioni di Ponte nelle Alpi. L&#8217;ultimo, in ordine di tempo, coinvolge Paiane, dove i volontari del Comitato frazionale stanno sistemando le aree del paese con la piantumazione delle aiuole, vicino al Teatro Pierobon. A questo proposito, il sindaco Paolo Vendramini ha ringraziato [&hellip;]<\/p>\n","protected":false},"author":2,"featured_media":59891,"comment_status":"closed","ping_status":"open","sticky":false,"template":"","format":"standard","meta":{"footnotes":""},"categories":[5,26],"tags":[],"class_list":["post-122793","post","type-post","status-publish","format-standard","has-post-thumbnail","category-cronaca","category-prima-pagina"],"yoast_head":"<!-- This site is optimized with the Yoast SEO plugin v28.4 - https:\/\/yoast.com\/product\/yoast-seo-wordpress\/ -->\n<title>Ponte nelle Alpi, micro interventi nelle frazioni. A Paiane la piantumazione delle aiuole - Bellunopress - Dolomiti<\/title>\n<meta name=\"robots\" content=\"index, follow, max-snippet:-1, max-image-preview:large, max-video-preview:-1\" \/>\n<link rel=\"canonical\" href=\"https:\/\/www.bellunopress.it\/fr\/2021\/03\/29\/ponte-nelle-alpi-micro-interventi-nelle-frazioni-a-paiane-la-piantumazione-delle-aiuole\/\" \/>\n<meta property=\"og:locale\" content=\"fr_FR\" \/>\n<meta property=\"og:type\" content=\"article\" \/>\n<meta property=\"og:title\" content=\"Ponte nelle Alpi, micro interventi nelle frazioni. A Paiane la piantumazione delle aiuole - Bellunopress - Dolomiti\" \/>\n<meta property=\"og:description\" content=\"Micro progetti, maxi importanza: prosegue la serie di piccoli, ma significativi interventi nelle frazioni di Ponte nelle Alpi. L&#8217;ultimo, in ordine di tempo, coinvolge Paiane, dove i volontari del Comitato frazionale stanno sistemando le aree del paese con la piantumazione delle aiuole, vicino al Teatro Pierobon. A questo proposito, il sindaco Paolo Vendramini ha ringraziato [&hellip;]\" \/>\n<meta property=\"og:url\" content=\"https:\/\/www.bellunopress.it\/fr\/2021\/03\/29\/ponte-nelle-alpi-micro-interventi-nelle-frazioni-a-paiane-la-piantumazione-delle-aiuole\/\" \/>\n<meta property=\"og:site_name\" content=\"Bellunopress - Dolomiti\" \/>\n<meta property=\"article:publisher\" content=\"https:\/\/www.facebook.com\/profile.php?id=100008943462799\" \/>\n<meta property=\"article:published_time\" content=\"2021-03-29T11:27:09+00:00\" \/>\n<meta property=\"og:image\" content=\"https:\/\/www.bellunopress.it\/wp-content\/uploads\/2014\/06\/paolo-vendramini-elettrodotto.png\" \/>\n\t<meta property=\"og:image:width\" content=\"290\" \/>\n\t<meta property=\"og:image:height\" content=\"283\" \/>\n\t<meta property=\"og:image:type\" content=\"image\/png\" \/>\n<meta name=\"author\" content=\"redazione\" \/>\n<meta name=\"twitter:card\" content=\"summary_large_image\" \/>\n<meta name=\"twitter:creator\" content=\"@bellunopress\" \/>\n<meta name=\"twitter:site\" content=\"@bellunopress\" \/>\n<meta name=\"twitter:label1\" content=\"\u00c9crit par\" \/>\n\t<meta name=\"twitter:data1\" content=\"redazione\" \/>\n\t<meta name=\"twitter:label2\" content=\"Dur\u00e9e de lecture estim\u00e9e\" \/>\n\t<meta name=\"twitter:data2\" content=\"2 minutes\" \/>\n<script type=\"application\/ld+json\" class=\"yoast-schema-graph\">{\"@context\":\"https:\\\/\\\/schema.org\",\"@graph\":[{\"@type\":\"Article\",\"@id\":\"https:\\\/\\\/www.bellunopress.it\\\/2021\\\/03\\\/29\\\/ponte-nelle-alpi-micro-interventi-nelle-frazioni-a-paiane-la-piantumazione-delle-aiuole\\\/#article\",\"isPartOf\":{\"@id\":\"https:\\\/\\\/www.bellunopress.it\\\/2021\\\/03\\\/29\\\/ponte-nelle-alpi-micro-interventi-nelle-frazioni-a-paiane-la-piantumazione-delle-aiuole\\\/\"},\"author\":{\"name\":\"redazione\",\"@id\":\"https:\\\/\\\/www.bellunopress.it\\\/#\\\/schema\\\/person\\\/79bb06722b37ece1c03d3e94beb30d73\"},\"headline\":\"Ponte nelle Alpi, micro interventi nelle frazioni. A Paiane la piantumazione delle aiuole\",\"datePublished\":\"2021-03-29T11:27:09+00:00\",\"mainEntityOfPage\":{\"@id\":\"https:\\\/\\\/www.bellunopress.it\\\/2021\\\/03\\\/29\\\/ponte-nelle-alpi-micro-interventi-nelle-frazioni-a-paiane-la-piantumazione-delle-aiuole\\\/\"},\"wordCount\":247,\"publisher\":{\"@id\":\"https:\\\/\\\/www.bellunopress.it\\\/#organization\"},\"image\":{\"@id\":\"https:\\\/\\\/www.bellunopress.it\\\/2021\\\/03\\\/29\\\/ponte-nelle-alpi-micro-interventi-nelle-frazioni-a-paiane-la-piantumazione-delle-aiuole\\\/#primaryimage\"},\"thumbnailUrl\":\"https:\\\/\\\/www.bellunopress.it\\\/wp-content\\\/uploads\\\/2014\\\/06\\\/paolo-vendramini-elettrodotto.png\",\"articleSection\":[\"Cronaca\\\/Politica\",\"Prima Pagina\"],\"inLanguage\":\"fr-FR\"},{\"@type\":\"WebPage\",\"@id\":\"https:\\\/\\\/www.bellunopress.it\\\/2021\\\/03\\\/29\\\/ponte-nelle-alpi-micro-interventi-nelle-frazioni-a-paiane-la-piantumazione-delle-aiuole\\\/\",\"url\":\"https:\\\/\\\/www.bellunopress.it\\\/2021\\\/03\\\/29\\\/ponte-nelle-alpi-micro-interventi-nelle-frazioni-a-paiane-la-piantumazione-delle-aiuole\\\/\",\"name\":\"Ponte nelle Alpi, micro interventi nelle frazioni. A Paiane la piantumazione delle aiuole - Bellunopress - Dolomiti\",\"isPartOf\":{\"@id\":\"https:\\\/\\\/www.bellunopress.it\\\/#website\"},\"primaryImageOfPage\":{\"@id\":\"https:\\\/\\\/www.bellunopress.it\\\/2021\\\/03\\\/29\\\/ponte-nelle-alpi-micro-interventi-nelle-frazioni-a-paiane-la-piantumazione-delle-aiuole\\\/#primaryimage\"},\"image\":{\"@id\":\"https:\\\/\\\/www.bellunopress.it\\\/2021\\\/03\\\/29\\\/ponte-nelle-alpi-micro-interventi-nelle-frazioni-a-paiane-la-piantumazione-delle-aiuole\\\/#primaryimage\"},\"thumbnailUrl\":\"https:\\\/\\\/www.bellunopress.it\\\/wp-content\\\/uploads\\\/2014\\\/06\\\/paolo-vendramini-elettrodotto.png\",\"datePublished\":\"2021-03-29T11:27:09+00:00\",\"breadcrumb\":{\"@id\":\"https:\\\/\\\/www.bellunopress.it\\\/2021\\\/03\\\/29\\\/ponte-nelle-alpi-micro-interventi-nelle-frazioni-a-paiane-la-piantumazione-delle-aiuole\\\/#breadcrumb\"},\"inLanguage\":\"fr-FR\",\"potentialAction\":[{\"@type\":\"ReadAction\",\"target\":[\"https:\\\/\\\/www.bellunopress.it\\\/2021\\\/03\\\/29\\\/ponte-nelle-alpi-micro-interventi-nelle-frazioni-a-paiane-la-piantumazione-delle-aiuole\\\/\"]}]},{\"@type\":\"ImageObject\",\"inLanguage\":\"fr-FR\",\"@id\":\"https:\\\/\\\/www.bellunopress.it\\\/2021\\\/03\\\/29\\\/ponte-nelle-alpi-micro-interventi-nelle-frazioni-a-paiane-la-piantumazione-delle-aiuole\\\/#primaryimage\",\"url\":\"https:\\\/\\\/www.bellunopress.it\\\/wp-content\\\/uploads\\\/2014\\\/06\\\/paolo-vendramini-elettrodotto.png\",\"contentUrl\":\"https:\\\/\\\/www.bellunopress.it\\\/wp-content\\\/uploads\\\/2014\\\/06\\\/paolo-vendramini-elettrodotto.png\",\"width\":290,\"height\":283,\"caption\":\"il sindaco Paolo Vendramini che impugna il tester durante l'intervista ad Antenna3\"},{\"@type\":\"BreadcrumbList\",\"@id\":\"https:\\\/\\\/www.bellunopress.it\\\/2021\\\/03\\\/29\\\/ponte-nelle-alpi-micro-interventi-nelle-frazioni-a-paiane-la-piantumazione-delle-aiuole\\\/#breadcrumb\",\"itemListElement\":[{\"@type\":\"ListItem\",\"position\":1,\"name\":\"Home\",\"item\":\"https:\\\/\\\/www.bellunopress.it\\\/\"},{\"@type\":\"ListItem\",\"position\":2,\"name\":\"Ponte nelle Alpi, micro interventi nelle frazioni. A Paiane la piantumazione delle aiuole\"}]},{\"@type\":\"WebSite\",\"@id\":\"https:\\\/\\\/www.bellunopress.it\\\/#website\",\"url\":\"https:\\\/\\\/www.bellunopress.it\\\/\",\"name\":\"Bellunopress - Dolomiti\",\"description\":\"e-mail: redazione@bellunopress.it\",\"publisher\":{\"@id\":\"https:\\\/\\\/www.bellunopress.it\\\/#organization\"},\"potentialAction\":[{\"@type\":\"SearchAction\",\"target\":{\"@type\":\"EntryPoint\",\"urlTemplate\":\"https:\\\/\\\/www.bellunopress.it\\\/?s={search_term_string}\"},\"query-input\":{\"@type\":\"PropertyValueSpecification\",\"valueRequired\":true,\"valueName\":\"search_term_string\"}}],\"inLanguage\":\"fr-FR\"},{\"@type\":\"Organization\",\"@id\":\"https:\\\/\\\/www.bellunopress.it\\\/#organization\",\"name\":\"Bellunopress\",\"url\":\"https:\\\/\\\/www.bellunopress.it\\\/\",\"logo\":{\"@type\":\"ImageObject\",\"inLanguage\":\"fr-FR\",\"@id\":\"https:\\\/\\\/www.bellunopress.it\\\/#\\\/schema\\\/logo\\\/image\\\/\",\"url\":\"https:\\\/\\\/www.bellunopress.it\\\/wp-content\\\/uploads\\\/2011\\\/05\\\/cropped-logo-bellunopress-.jpg\",\"contentUrl\":\"https:\\\/\\\/www.bellunopress.it\\\/wp-content\\\/uploads\\\/2011\\\/05\\\/cropped-logo-bellunopress-.jpg\",\"width\":512,\"height\":512,\"caption\":\"Bellunopress\"},\"image\":{\"@id\":\"https:\\\/\\\/www.bellunopress.it\\\/#\\\/schema\\\/logo\\\/image\\\/\"},\"sameAs\":[\"https:\\\/\\\/www.facebook.com\\\/profile.php?id=100008943462799\",\"https:\\\/\\\/x.com\\\/bellunopress\",\"https:\\\/\\\/www.linkedin.com\\\/hp\\\/?dnr=JBzUWaJfMUw8vbXJJ2tVW5-I3jZKvC4wsoxE&amp;amp;amp;amp;amp;amp;trk=nav_responsive_tab_home\",\"https:\\\/\\\/www.youtube.com\\\/channel\\\/UCxL0wu1uN0_3_7hGG0306cw\"]},{\"@type\":\"Person\",\"@id\":\"https:\\\/\\\/www.bellunopress.it\\\/#\\\/schema\\\/person\\\/79bb06722b37ece1c03d3e94beb30d73\",\"name\":\"redazione\",\"image\":{\"@type\":\"ImageObject\",\"inLanguage\":\"fr-FR\",\"@id\":\"https:\\\/\\\/secure.gravatar.com\\\/avatar\\\/37d968a2e67a6fd04c169c4bdef102d0bc5d31b2546345219e348575eb80e9a0?s=96&d=mm&r=g\",\"url\":\"https:\\\/\\\/secure.gravatar.com\\\/avatar\\\/37d968a2e67a6fd04c169c4bdef102d0bc5d31b2546345219e348575eb80e9a0?s=96&d=mm&r=g\",\"contentUrl\":\"https:\\\/\\\/secure.gravatar.com\\\/avatar\\\/37d968a2e67a6fd04c169c4bdef102d0bc5d31b2546345219e348575eb80e9a0?s=96&d=mm&r=g\",\"caption\":\"redazione\"},\"sameAs\":[\"http:\\\/\\\/www.bellunopress.it\",\"https:\\\/\\\/x.com\\\/bellunopress\"],\"url\":\"https:\\\/\\\/www.bellunopress.it\\\/fr\\\/author\\\/redazione\\\/\"}]}<\/script>\n<!-- \/ Yoast SEO plugin. -->","yoast_head_json":{"title":"Ponte nelle Alpi, micro interventi nelle frazioni. A Paiane la piantumazione delle aiuole - Bellunopress - Dolomiti","robots":{"index":"index","follow":"follow","max-snippet":"max-snippet:-1","max-image-preview":"max-image-preview:large","max-video-preview":"max-video-preview:-1"},"canonical":"https:\/\/www.bellunopress.it\/fr\/2021\/03\/29\/ponte-nelle-alpi-micro-interventi-nelle-frazioni-a-paiane-la-piantumazione-delle-aiuole\/","og_locale":"fr_FR","og_type":"article","og_title":"Ponte nelle Alpi, micro interventi nelle frazioni. A Paiane la piantumazione delle aiuole - Bellunopress - Dolomiti","og_description":"Micro progetti, maxi importanza: prosegue la serie di piccoli, ma significativi interventi nelle frazioni di Ponte nelle Alpi. L&#8217;ultimo, in ordine di tempo, coinvolge Paiane, dove i volontari del Comitato frazionale stanno sistemando le aree del paese con la piantumazione delle aiuole, vicino al Teatro Pierobon. A questo proposito, il sindaco Paolo Vendramini ha ringraziato [&hellip;]","og_url":"https:\/\/www.bellunopress.it\/fr\/2021\/03\/29\/ponte-nelle-alpi-micro-interventi-nelle-frazioni-a-paiane-la-piantumazione-delle-aiuole\/","og_site_name":"Bellunopress - Dolomiti","article_publisher":"https:\/\/www.facebook.com\/profile.php?id=100008943462799","article_published_time":"2021-03-29T11:27:09+00:00","og_image":[{"width":290,"height":283,"url":"https:\/\/www.bellunopress.it\/wp-content\/uploads\/2014\/06\/paolo-vendramini-elettrodotto.png","type":"image\/png"}],"author":"redazione","twitter_card":"summary_large_image","twitter_creator":"@bellunopress","twitter_site":"@bellunopress","twitter_misc":{"\u00c9crit par":"redazione","Dur\u00e9e de lecture estim\u00e9e":"2 minutes"},"schema":{"@context":"https:\/\/schema.org","@graph":[{"@type":"Article","@id":"https:\/\/www.bellunopress.it\/2021\/03\/29\/ponte-nelle-alpi-micro-interventi-nelle-frazioni-a-paiane-la-piantumazione-delle-aiuole\/#article","isPartOf":{"@id":"https:\/\/www.bellunopress.it\/2021\/03\/29\/ponte-nelle-alpi-micro-interventi-nelle-frazioni-a-paiane-la-piantumazione-delle-aiuole\/"},"author":{"name":"redazione","@id":"https:\/\/www.bellunopress.it\/#\/schema\/person\/79bb06722b37ece1c03d3e94beb30d73"},"headline":"Ponte nelle Alpi, micro interventi nelle frazioni. A Paiane la piantumazione delle aiuole","datePublished":"2021-03-29T11:27:09+00:00","mainEntityOfPage":{"@id":"https:\/\/www.bellunopress.it\/2021\/03\/29\/ponte-nelle-alpi-micro-interventi-nelle-frazioni-a-paiane-la-piantumazione-delle-aiuole\/"},"wordCount":247,"publisher":{"@id":"https:\/\/www.bellunopress.it\/#organization"},"image":{"@id":"https:\/\/www.bellunopress.it\/2021\/03\/29\/ponte-nelle-alpi-micro-interventi-nelle-frazioni-a-paiane-la-piantumazione-delle-aiuole\/#primaryimage"},"thumbnailUrl":"https:\/\/www.bellunopress.it\/wp-content\/uploads\/2014\/06\/paolo-vendramini-elettrodotto.png","articleSection":["Cronaca\/Politica","Prima Pagina"],"inLanguage":"fr-FR"},{"@type":"WebPage","@id":"https:\/\/www.bellunopress.it\/2021\/03\/29\/ponte-nelle-alpi-micro-interventi-nelle-frazioni-a-paiane-la-piantumazione-delle-aiuole\/","url":"https:\/\/www.bellunopress.it\/2021\/03\/29\/ponte-nelle-alpi-micro-interventi-nelle-frazioni-a-paiane-la-piantumazione-delle-aiuole\/","name":"Ponte nelle Alpi, micro interventi nelle frazioni. A Paiane la piantumazione delle aiuole - Bellunopress - Dolomiti","isPartOf":{"@id":"https:\/\/www.bellunopress.it\/#website"},"primaryImageOfPage":{"@id":"https:\/\/www.bellunopress.it\/2021\/03\/29\/ponte-nelle-alpi-micro-interventi-nelle-frazioni-a-paiane-la-piantumazione-delle-aiuole\/#primaryimage"},"image":{"@id":"https:\/\/www.bellunopress.it\/2021\/03\/29\/ponte-nelle-alpi-micro-interventi-nelle-frazioni-a-paiane-la-piantumazione-delle-aiuole\/#primaryimage"},"thumbnailUrl":"https:\/\/www.bellunopress.it\/wp-content\/uploads\/2014\/06\/paolo-vendramini-elettrodotto.png","datePublished":"2021-03-29T11:27:09+00:00","breadcrumb":{"@id":"https:\/\/www.bellunopress.it\/2021\/03\/29\/ponte-nelle-alpi-micro-interventi-nelle-frazioni-a-paiane-la-piantumazione-delle-aiuole\/#breadcrumb"},"inLanguage":"fr-FR","potentialAction":[{"@type":"ReadAction","target":["https:\/\/www.bellunopress.it\/2021\/03\/29\/ponte-nelle-alpi-micro-interventi-nelle-frazioni-a-paiane-la-piantumazione-delle-aiuole\/"]}]},{"@type":"ImageObject","inLanguage":"fr-FR","@id":"https:\/\/www.bellunopress.it\/2021\/03\/29\/ponte-nelle-alpi-micro-interventi-nelle-frazioni-a-paiane-la-piantumazione-delle-aiuole\/#primaryimage","url":"https:\/\/www.bellunopress.it\/wp-content\/uploads\/2014\/06\/paolo-vendramini-elettrodotto.png","contentUrl":"https:\/\/www.bellunopress.it\/wp-content\/uploads\/2014\/06\/paolo-vendramini-elettrodotto.png","width":290,"height":283,"caption":"il sindaco Paolo Vendramini che impugna il tester durante l'intervista ad Antenna3"},{"@type":"BreadcrumbList","@id":"https:\/\/www.bellunopress.it\/2021\/03\/29\/ponte-nelle-alpi-micro-interventi-nelle-frazioni-a-paiane-la-piantumazione-delle-aiuole\/#breadcrumb","itemListElement":[{"@type":"ListItem","position":1,"name":"Home","item":"https:\/\/www.bellunopress.it\/"},{"@type":"ListItem","position":2,"name":"Ponte nelle Alpi, micro interventi nelle frazioni. A Paiane la piantumazione delle aiuole"}]},{"@type":"WebSite","@id":"https:\/\/www.bellunopress.it\/#website","url":"https:\/\/www.bellunopress.it\/","name":"Bellunopress - Dolomiti","description":"e-mail: redazione@bellunopress.it","publisher":{"@id":"https:\/\/www.bellunopress.it\/#organization"},"potentialAction":[{"@type":"SearchAction","target":{"@type":"EntryPoint","urlTemplate":"https:\/\/www.bellunopress.it\/?s={search_term_string}"},"query-input":{"@type":"PropertyValueSpecification","valueRequired":true,"valueName":"search_term_string"}}],"inLanguage":"fr-FR"},{"@type":"Organization","@id":"https:\/\/www.bellunopress.it\/#organization","name":"Bellunopress","url":"https:\/\/www.bellunopress.it\/","logo":{"@type":"ImageObject","inLanguage":"fr-FR","@id":"https:\/\/www.bellunopress.it\/#\/schema\/logo\/image\/","url":"https:\/\/www.bellunopress.it\/wp-content\/uploads\/2011\/05\/cropped-logo-bellunopress-.jpg","contentUrl":"https:\/\/www.bellunopress.it\/wp-content\/uploads\/2011\/05\/cropped-logo-bellunopress-.jpg","width":512,"height":512,"caption":"Bellunopress"},"image":{"@id":"https:\/\/www.bellunopress.it\/#\/schema\/logo\/image\/"},"sameAs":["https:\/\/www.facebook.com\/profile.php?id=100008943462799","https:\/\/x.com\/bellunopress","https:\/\/www.linkedin.com\/hp\/?dnr=JBzUWaJfMUw8vbXJJ2tVW5-I3jZKvC4wsoxE&amp;amp;amp;amp;amp;amp;trk=nav_responsive_tab_home","https:\/\/www.youtube.com\/channel\/UCxL0wu1uN0_3_7hGG0306cw"]},{"@type":"Person","@id":"https:\/\/www.bellunopress.it\/#\/schema\/person\/79bb06722b37ece1c03d3e94beb30d73","name":"r\u00e9daction","image":{"@type":"ImageObject","inLanguage":"fr-FR","@id":"https:\/\/secure.gravatar.com\/avatar\/37d968a2e67a6fd04c169c4bdef102d0bc5d31b2546345219e348575eb80e9a0?s=96&d=mm&r=g","url":"https:\/\/secure.gravatar.com\/avatar\/37d968a2e67a6fd04c169c4bdef102d0bc5d31b2546345219e348575eb80e9a0?s=96&d=mm&r=g","contentUrl":"https:\/\/secure.gravatar.com\/avatar\/37d968a2e67a6fd04c169c4bdef102d0bc5d31b2546345219e348575eb80e9a0?s=96&d=mm&r=g","caption":"redazione"},"sameAs":["http:\/\/www.bellunopress.it","https:\/\/x.com\/bellunopress"],"url":"https:\/\/www.bellunopress.it\/fr\/author\/redazione\/"}]}},"_links":{"self":[{"href":"https:\/\/www.bellunopress.it\/fr\/wp-json\/wp\/v2\/posts\/122793","targetHints":{"allow":["GET"]}}],"collection":[{"href":"https:\/\/www.bellunopress.it\/fr\/wp-json\/wp\/v2\/posts"}],"about":[{"href":"https:\/\/www.bellunopress.it\/fr\/wp-json\/wp\/v2\/types\/post"}],"author":[{"embeddable":true,"href":"https:\/\/www.bellunopress.it\/fr\/wp-json\/wp\/v2\/users\/2"}],"replies":[{"embeddable":true,"href":"https:\/\/www.bellunopress.it\/fr\/wp-json\/wp\/v2\/comments?post=122793"}],"version-history":[{"count":1,"href":"https:\/\/www.bellunopress.it\/fr\/wp-json\/wp\/v2\/posts\/122793\/revisions"}],"predecessor-version":[{"id":122794,"href":"https:\/\/www.bellunopress.it\/fr\/wp-json\/wp\/v2\/posts\/122793\/revisions\/122794"}],"wp:featuredmedia":[{"embeddable":true,"href":"https:\/\/www.bellunopress.it\/fr\/wp-json\/wp\/v2\/media\/59891"}],"wp:attachment":[{"href":"https:\/\/www.bellunopress.it\/fr\/wp-json\/wp\/v2\/media?parent=122793"}],"wp:term":[{"taxonomy":"category","embeddable":true,"href":"https:\/\/www.bellunopress.it\/fr\/wp-json\/wp\/v2\/categories?post=122793"},{"taxonomy":"post_tag","embeddable":true,"href":"https:\/\/www.bellunopress.it\/fr\/wp-json\/wp\/v2\/tags?post=122793"}],"curies":[{"name":"wp","href":"https:\/\/api.w.org\/{rel}","templated":true}]}}