{"id":122782,"date":"2021-03-28T21:21:29","date_gmt":"2021-03-28T19:21:29","guid":{"rendered":"https:\/\/www.bellunopress.it\/?p=122782"},"modified":"2021-03-29T12:53:25","modified_gmt":"2021-03-29T10:53:25","slug":"crac-banche-condannati-zonin-e-altri-della-popolare-di-vicenza-vergognosa-assenza-della-regione-del-veneto-nel-processo","status":"publish","type":"post","link":"https:\/\/www.bellunopress.it\/fr\/2021\/03\/28\/crac-banche-condannati-zonin-e-altri-della-popolare-di-vicenza-vergognosa-assenza-della-regione-del-veneto-nel-processo\/","title":{"rendered":"Crac Banche. Condannati Zonin e altri della Popolare di Vicenza. Vergognosa assenza della Regione nel processo\u00a0\u00a0*  di Enzo De Biasi"},"content":{"rendered":"<p><strong><em><a href=\"https:\/\/www.bellunopress.it\/fr\/2018\/08\/18\/crack-banche-venete-le-associazioni-riunite-a-padova-chiedono-al-governo-limmediata-pubblicazione-del-decreto-lunedi-a-vicenza-la-riunione-a-palazzo-trissino\/banche-venete-popolare-vicenza\/\" rel=\"attachment wp-att-97237\"><img loading=\"lazy\" decoding=\"async\" class=\"alignleft size-full wp-image-97237\" src=\"http:\/\/www.bellunopress.it\/wp-content\/uploads\/2018\/08\/banche-venete-popolare-vicenza.jpg\" alt=\"\" width=\"300\" height=\"178\" \/><\/a>Riabilitata e risarcita Banca d\u2019Italia per la correttezza dimostrata nella vigilanza<\/em><\/strong><\/p>\n<p><strong><em>Ai truffati, riconosciuto un 5% di ristoro, con forti dubbi sulla reale possibilit\u00e0 di incassarli. Potrebbe configurarsi, il risarcimento del danno per perdita di chance a discapito degli avvocati<\/em><\/strong><\/p>\n<p>La sentenza di condanna a sei anni e mezzo in primo grado di Gianni Zonin, produttore vitivinicolo di livello nazionale e presidente della Banca per quasi vent\u2019anni (1996-2015), dominus intoccabile della citt\u00e0 berica, dimostra &#8211; per una volta tanto &#8211; che la legge come recita la scritta nei tribunali \u201c\u00e8 uguale per tutti\u201d.<\/p>\n<p>Il principio \u00e8 stato appurato, la speranza \u00e8 che non si limiti ad essere un evento simbolico. Il risultato raggiunto va attribuito al merito della Procura della Repubblica, del collegio giudicante e dell\u2019intero apparato di supporto che, in due anni e mezzo, ha reso meno amara la distruzione dei risparmi stimata in pi\u00f9 di 6 miliardi di euro appartenente agli oltre 112mila soci. Gran parte di questi rientrano nella categoria piccoli azionisti.\u00a0 Acclarata \u00e8 stata pure la responsabilit\u00e0 individuale in capo all\u2019alta dirigenza che assieme a Zonin, ha commesso reati in materia di aggiotaggio, ostacolo agli organismi di vigilanza e falso in prospetto.<\/p>\n<p>Ferma restando la presunzione d\u2019innocenza valida fino al terzo grado e la minaccia di prescrizione sempre incombente (scadr\u00e0 nel 2024), \u00e8 facile pronosticare che se per caso il verdetto emesso il 19 marzo venisse sostanzialmente confermato, il gi\u00e0 presidente della BpVi non far\u00e0 un giorno di carcere, come capita quasi sempre alla classe dirigente in Italia. Tuttalpi\u00f9, egli sar\u00e0 affidato ai servizi sociali per essere \u201crieducato\u201d, gi\u00e0 successo con Silvio Berlusconi. D\u2019altra parte, tranne qualche sprazzo di autocritica fatta nei media dalla presidente di Confindustria di Treviso riferentesi anche a Veneto Banca, l\u2019aria che si respira tra gli imprenditori (loro associazioni) non \u00e8 n\u00e9 di biasimo radicale, n\u00e9 di disapprovazione palese, quanto piuttosto una malcelata sopportazione per \u201cqualche errore fatto\u201d che, per\u00f2, ha spazzato via un sistema di erogazione del credito ritenuto pi\u00f9 attento alle loro esigenze e particolarit\u00e0 aziendali.<\/p>\n<p>Sicuramente la visione di medio periodo, ovvero la lungimiranza di guardare oltre i propri interessi di bottega, davvero non faceva (fa?) parte del DNA costitutivo dell\u2019imprenditoria locale, soprattutto quella indicata a governare soggetti finanziari importanti come il caso Vicenza testimonia. Infatti, la direttiva UE del 2013 diretta a rafforzare la vigilanza prudenziale su banche e gruppi bancari venne recepita tardivamente (more solito) e dopo un\u2019infrazione comminata all\u2019Italia. L\u2019operativit\u00e0 era stata affidata al decreto-legge nr. 3\/2015, che dava 18 mesi di tempo per trasformare le popolari con un attivo di bilancio di pi\u00f9 di 8 miliardi di euro in societ\u00e0 di capitali, tra queste BpVi. Tale disegno fu ostinatamente contrastato con ogni mezzo. Una netta contrariet\u00e0 nell\u2019adeguarsi alle regole sollecitate venne attuata, nello specifico, dai vertici e collaboratori della banca berica. Lo scopo di tanta ostinazione consisteva nel mantenere usque ad mortem, (fino alla morte), l\u2019involucro della banca cooperativa, basata e sul principio di mutualit\u00e0 (di fine \u2018800) dove il voto \u00e8 capitario (ogni socio un voto), indipendentemente dal numero di azioni possedute, regolata da procedure semplificate e sotto il comando di un sol uomo: Gianni Zonin. Di contro, il principio di realt\u00e0 veniva clamorosamente contraddetto: la grandezza oramai acquisita da anni e il giro d\u2019affari in essere della Popolare di Vicenza la collocavano in ben altra tipologia d\u2019istituto creditizio, con ben altre modalit\u00e0 d\u2019esercizio del potere. Invece no. La strategia da perseguire era sempre la stessa, non pagare dazio alla necessaria trasparenza e non osservare nella gestione del risparmio depositato i dettami della libera circolazione dei capitali e di azioni contendibili nel mercato quotato. Ancora una volta in Veneto, \u00e8 prevalsa l\u2019idea che \u201cpiccolo \u00e8 bello\u201d specie se fa le cose \u201cin grande\u201d, ma di nascosto (tra di noi e solo per noi soci). Ci\u00f2 che contava (\u00e8 stato fruttuoso?), non \u00e8 il rispetto dei criteri di correttezza, diligenza, informazione esaustiva; quanto piuttosto quella di poter partecipare alla distribuzione della ricchezza prodotta dalla \u201ccooperativa mutualistica e sociale\u201d. Nel 2016, andato a vuoto il tentativo di salvataggio di Atlantia, suona il fischio di fine partita per chi aveva barato alle regole del gioco, ovvero i vertici della Banca Popolare di Vicenza. Il valore nominale dell\u2019azione crolla da 62,5 euro a 10 centesimi e come spesso succede a pagare il prezzo pi\u00f9 alto, \u00e8 la folta platea di piccoli azionisti ed imprenditori (il cosiddetto parco buoi) tutti traditi nella fiducia, nei patrimoni svaporati e nella serenit\u00e0 individuale e famigliare irrimediabilmente sfumata.\u00a0 Ecco la sentenza, nero su bianco, scolpisce a futura memoria chi sono stati i colpevoli del disastro finanziario tutti personaggi di puro conio veneto.<\/p>\n<p><em>Il patatrac poteva essere evitato? Certo che s\u00ec. \u00a0\u00a0<\/em><\/p>\n<p>Sul \u201csistema\u201d di protezione verso Zonin, il magistrato Cecilia Carreri in un suo recente libro offre uno spaccato del clima vigente all\u2019epoca negli uffici giudiziari vicentini.<\/p>\n<p>\u201cNel 2001 la procura di Vicenza apr\u00ec un fascicolo a carico di Zonin e altri, scaturito da alcune segnalazioni e da un\u2019ispezione di Bankitalia. Le accuse andavano dal falso in bilancio alla truffa. \u00abDa quelle ispezioni, perizie e memoriali \u2013 si legge nel libro \u2013 emergevano fatti molto gravi, operazioni e finanziamenti decisi da Gianni Zonin in palese conflitto di interesse tra le sue aziende private e la Banca usata come cassaforte personale. Balzava evidente l\u2019assoluta mancanza di controlli istituzionali su quella gestione: un collegio sindacale completamente asservito, un Cda che non faceva che recepire le decisioni di quell\u2019imprenditore, padrone incontrastato della banca. Nessuno si opponeva a Zonin, nessuno osava avanzare critiche, contestazioni\u00bb. A colpirla, \u00e8 \u00abla clamorosa mancanza, da parte della procura, di sequestri di beni e patrimoni a garanzia delle parti lese, di ordinanze cautelari di arresto e carcerazione\u00bb. Tutti gli indagati sono rimasti \u00aba piede libero e hanno potuto tranquillamente inquinare le prove o fuggire all\u2019estero, far sparire il loro patrimonio personale. Mai vista una cosa simile\u00bb (Corriere del Veneto, 21 giugno 2017).<\/p>\n<p>Cambiati i capi della procura, chi doveva gi\u00e0 essere indagato a partire dal 2001 \u00e8 finalmente messo in stato d\u2019accusa confermando oggi lo stesso ufficio, nel corso delle 116 udienze e dei quasi duecento impresari sentiti, la responsabilit\u00e0 individuale denunciata 20 anni prima. \u00a0Al di l\u00e0 della procura dormiente, gli amministratori pubblici in primis i sindaci succedetesi nella carica al Comune di Vicenza, l\u2019onorevole Achille Variati, ad esempio, a seguire i parlamentari e consiglieri regionali eletti in provincia di Vicenza negli ultimi due decenni e per finire i direttori delle redazioni dei giornali, radio e televisioni di Vicenza e regionali; dal e del loro territorio cosa vedevano, sentivano e sapevano ? Insomma, tutti muti, sordi e ciechi.<\/p>\n<p><em>Dove sta la differenza in tema di omert\u00e0 tra noi ed il Sud Italia? <\/em><\/p>\n<p>A riprova di quanto sopra indicato, nel marzo 2008 l\u2019Associazione dei Consumatori (Adusbef) retta dall\u2019avvocato Fulvio Cavallari, deposita in procura un esposto-denuncia contro il valore delle azioni che appare \u201ctroppo alto\u201d per essere vero. La segnalazione \u00e8 archiviata.<\/p>\n<p>In questo scenario di autismo istituzionale ed informativo, le centinaia di migliaia di azzerati veneti si sarebbero aspettati, dopo due Commissioni d\u2019inchiesta sul crac delle banche e un ordine del giorno unanime del Consiglio Regionale, almeno la costituzione di parte civile della Regione del Veneto contro Zonin e soci per ridare un po\u2019 di dignit\u00e0 a chi ha perso tutto. Che ha fatto Luca Zaia, legale rappresentante dell\u2019ente? Ha presentato l\u2019istanza di costituzione in ritardo rispetto ai tempi stabiliti dalla procura, ma come ha motivato l\u2019avvocatura regionale ci\u00f2 \u00e8 avvenuto per una \u201cnon condivisibile valutazione delle norme processuali\u201d, poffarbacco! Non potendo dire che si poteva fare prima dello spirare del termine codificato a dicembre 2018, c\u2019\u00e8 sempre il legale di turno chiamato a giustificare nella forma ci\u00f2 che manca nella sostanza; il coraggio di \u201cmetterci la faccia\u201d.<\/p>\n<p>La vergognosa assenza della Regione del Veneto nel processo contro la Popolare di Vicenza non \u00e8 l\u2019unico episodio in cui il presidente della Regione dovendo scegliere con chi stare, tra il potente di turno oppure i cittadini danneggiati, di fatto ha optato per la parte ritenuta pi\u00f9 forte. \u00a0<em>Ubi commoda ibi incommoda<\/em>, dicevano i latini. Ci\u00f2 significa, che ogni posizione (carica pubblica) accanto a vantaggi ha anche svantaggi, occorre scegliere, non scantonare. Nel maxiprocesso di affiliati alla camorra, i cosiddetti \u201ccasalesi di Eraclea\u201d partito nell\u2019aula bunker di Mestre il 9 gennaio scorso, nessun avvocato della Regione ha potuto presentarsi dato che la giunta ne aveva discusso, solamente, il giorno prima. Jacopo Berti dei 5 stelle stigmatizzando l\u2019avvenimento ha avuto modo di ribadire che \u201cPrima i Veneti! E\u2019 lo slogan di Zaia, tranne quando si tratta di chiedere i danni nei tribunali per conto dei cittadini a chi fa scempio della legalit\u00e0 e dei soldi dei veneti\u201d (Il fatto quotidiano, 09.01 2020).<\/p>\n<p>Dalla sua Zaia, pu\u00f2 sempre affermare che alle ultime elezioni \u00e8 stato preferito da quasi 4 veneti su 5, ottimo risultato per lui, mentre per la Regione si vedr\u00e0 al termine del terzo quinquennio con a capo un leader leghista. La questione qui \u00e8 differente. Il consenso vale di pi\u00f9 (di meno?) \u00a0o perlomeno tanto quanto la difesa della legalit\u00e0 laddove questa \u00e8 infranta (gestione del risparmio tradito\/espansione della camorra), rientrando a pieno titolo tra i doveri inderogabili di chi \u00e8 al vertice di un\u2019istituzione esponenziale degli interessi dei Veneti? L\u2019interrogativo merita una risposta, dato che la procura di Vicenza ha, nel frattempo, avviato una seconda inchiesta ancora in fase preliminare, per l\u2019ipotesi di reato di bancarotta avverso il management della Popolare di Vicenza.<\/p>\n<p>Di tutt\u2019altra qualit\u00e0 ed incisivit\u00e0 \u00e8 stata la presenza nel processo di Banca d\u2019Italia, che ha potuto dimostrare la correttezza nell\u2019azione di vigilanza su BpVi e che potr\u00e0, forse, ottenere un risarcimento di 601.017,39 euro. Nella comunicazione preconfezionata ad uso dei soliti amplificatori presenti in abbondanza nei media, la telenovela raccontata agli elettori nella primavera 2018 ed al popolo dei truffati era che lo tsunami abbattutosi su BpVi era dovuto, non alla mala gestio degli amministratori, quanto piuttosto dall\u2019assenza di controllo di \u201cquelli di Roma\u201d. \u00a0Gi\u00e0, l\u2019architrave reggente l\u2019immaginario collettivo creato ad hoc soprattutto dalla Lega \u00e8 dopo la sentenza di Vicenza, miseramente collassato. Trattasi, ovviamente, di annotazione a margine per chi vuole riflettere. Ci\u00f2 non riguarda, il movimento capitanato da Salvini che nel triennio 2018\/2019\/2020 ha fatto filotto nelle tre consultazioni succedetesi per quantit\u00e0 di voti e numero di eletti e che, probabilmente, continuer\u00e0 a sfornare fasulla propaganda da consumarsi in occasione della prossima tornata elettorale. Bravi!<\/p>\n<p>La ricaduta della condanna dei reati ascritti ai quattro imputati dichiarati colpevoli comporta la confisca dei loro beni mobili ed immobili per una \u201csomma equivalente\u201d fino a 963milioni di euro, quasi un miliardo. L\u2019eventuale disponibilit\u00e0 per risarcire le parti civili costituitesi in causa, potr\u00e0 esserci a sentenza definitiva. Quello che va subito chiarito, \u00e8 che il provvedimento di esproprio della ricchezza accumulata da Zonin e soci va incamerata, in prima battuta, dallo Stato e non c\u2019\u00e8 &#8211; al momento &#8211; alcuna certezza n\u00e9 dei tempi n\u00e9 dei modi. L\u2019esigibilit\u00e0 della cifra indicata dalla procura rester\u00e0, probabilmente, sulla carta. Per altro aspetto, la stima approssimativa che viene fatta (da fonti attendibili) sul valore dei patrimoni concretamente aggredibili non supera i 60\/65 milioni di euro. L\u2019affannosa corsa gi\u00e0 aperta tra i legali per depositare atti esecutivi per \u201carrivare primi\u201d in questa operazione rischia di essere un\u2019inutile perdita di tempo. Inoltre, essendo quasi 8.000 (7.760) le parti lese interessate ed avendo la procura stabilito che il massimo concedibile \u00e8 il 5% fino ad un massimo di 20.000 euro \u201cper ciascuna parte\u201d, c\u2019\u00e8 poco da stare allegri. La prima osservazione \u00e8 che la percentuale fissata \u00e8 al di sotto di ben 10 punti percentuali rispetto a quanto la banca aveva a suo tempo offerto e gi\u00e0 liquidato nel 2017, senza peraltro alcun limite al capitale bruciato. \u00a0In effetti, avendo il giudice penale ampliato il perimetro della risarcibilit\u00e0 fino ad arrivare a chi possedeva un patrimonio mobiliare fino a 400.000 euro i potenziali richiedenti soddisfatti, ammesso e non concesso che da qualche parte i soldi fuoriescano, non sono certo tutti quelli in lista d&#8217;attesa. Va da s\u00e9 che la gran parte dei truffati, non intascher\u00e0 un euro. Come \u00e8 stato detto in tante interviste rese soprattutto dai legali per i mass-media \u00e8 \u201cstata una vittoria di principio\u201d; potremo dire simbolica, ma senza rilevanti riscontri pratici. Rester\u00e0 negli annali di giustizia, come un prezioso precedente di condanna inflitta a chi (vertici BpVi) non ha seguito criteri trasparenti nel vendere prodotti finanziari alla propria clientela, cosiddette \u201coperazioni baciate\u201d In questa situazione il FIR, diventa l\u2019unica ancora di salvezza. Il truffato dovr\u00e0 celermente rispondere, se fa parte del 52% di domande carenti di documentazione (Consap 15.03.2021), se ha qualche causa giudiziaria in corso. Spetter\u00e0, poi, alla prudente ponderazione della Commissione Tecnica valutare il 5% dichiarato in sentenza in relazione all\u2019elemosina che gli spetta in base alla 145\/2018, vale a dire se detta % \u00e8 da conteggiare o non conteggiare in prima battuta od invece, la pratica viene sospesa in attesa di avere il giudicato definitivo.<\/p>\n<p>Se il campo rimarr\u00e0 secco e non innaffiato da acqua, ovvero i risarcimenti, si apre un altro scenario afferente alla qualit\u00e0 del rapporto instaurato tra il cliente e il proprio avvocato di fiducia.<\/p>\n<p>Non a caso \u00a0in un articolo precedente, <a href=\"https:\/\/www.bellunopress.it\/fr\/2021\/02\/27\/crac-banche-i-truffati-buoni-clienti-per-il-business-di-avvocati-ed-associazioni-valutabile-in-87-milioni-di-euro\/\">Crac banche. I truffati, buoni clienti per il business di avvocati ed associazioni valutabile in 87 milioni di euro &#8211; Bellunopress &#8211; Dolomiti<\/a> , \u00a0erano state segnalate &#8211; tra le altre &#8211; le criticit\u00e0 derivanti dall\u2019essersi costituiti avanti al giudice competente per migliaia di casi scaturenti, in buona sostanza, dalla stessa matrice.<\/p>\n<p>In proposito, il comportamento pi\u00f9 consono \u00e8 stato quello tenuto dell\u2019Associazione Ezzelino III da Onara che \u2013 a suo tempo e tramite il penalista professor Rodolfo Bettiol &#8211; ha deciso di presentare una unica costituzione impegnandosi tutti gli aderenti al sodalizio (circa 700 persone) nel contribuire all\u2019onorario del valente professionista. Un modus operandi sensato, quel che si dice una \u201ccausa-pilota\u201d. Ciascun truffato e ciascuna associazione ha fatto le sue scelte, come ad ognuno \u00e8 parso pi\u00f9 opportuno. Qui non si vuole affatto dubitare n\u00e9 della buona fede di alcun avvocato coinvolto nel processo di Vicenza n\u00e9 tantomeno che egli abbia agito se non nel modo pi\u00f9 stringente richiesto dal codice deontologico dell\u2019ordinamento forense. \u00a0Per mera coincidenza temporale, allo stesso tempo in cui venivano instaurati i contratti di patrocinio per le cause da attivarsi nelle diverse sedi, era altrettanto possibile e aderire all\u2019offerta di transazione pubblica con rinuncia a qualsiasi causa giudiziale; oppure era fattibile la presentazione di un ricorso avanti all\u2019Arbitro delle Controversie Finanziarie (ACF) per arrivare alla composizione della controversia con la banca, riservandosi di esercitare successivamente l\u2019opzione avanti al giudice ordinario in caso di risultato insoddisfacente.<\/p>\n<p>I truffati che hanno accolto l\u2019invito della OTP promosso da BpVi, cos\u00ec come quelli che sono andati da ACF hanno gi\u00e0 intascato i soldi e di ci\u00f2 questa testata ha dato pi\u00f9 volte notizia.<\/p>\n<p>Sta oggi nelle facolt\u00e0 del truffato analizzare e valutare se in sede di sottoscrizione del contratto di prestazione intellettuale fatta a suo tempo, tutte queste informazioni gli erano state doviziosamente e tempestivamente fornite.\u00a0 Se quindi ha accettato e siglato, egli si \u00e8 assunto il rischio implicito in qualsiasi causa che si pu\u00f2 essere anche soccombenti, al di l\u00e0 della diligenza del professionista. Inoltre, e per chiarezza, se la motivazione principale era quella di vedere alla sbarra i presunti responsabili per una questione \u201cdi principio, di verit\u00e0 e di giustizia\u201d, egli ha conferito il suo mandato sciente e cosciente. Se cos\u00ec non \u00e8, o le modalit\u00e0\/alternative non erano state chiarite per svariate ragioni, da tempo la dottrina e la giurisprudenza hanno elaborato Il risarcimento del danno da perdita di chance applicabile anche al legale prescelto. L\u2019ipotesi del risarcimento \u00e8 configurabile affiancando i due criteri oggi pi\u00f9 in vigore, quello della ragionevole certezza e quello della ragionevole probabilit\u00e0. In ogni caso, \u00e8 opportuno che prima di continuare in ulteriori step giudiziali, l\u2019azzerato abbia un franco colloquio con chi lo sta tutelando per fugare ogni dubbio trovando, possibilmente, un accordo soddisfacente per entrambe le parti.<\/p>\n<p>28 marzo 2021\u00a0\u00a0\u00a0\u00a0\u00a0\u00a0\u00a0\u00a0\u00a0\u00a0\u00a0\u00a0\u00a0\u00a0\u00a0\u00a0\u00a0\u00a0\u00a0\u00a0\u00a0\u00a0\u00a0\u00a0\u00a0\u00a0\u00a0\u00a0\u00a0\u00a0\u00a0\u00a0\u00a0\u00a0\u00a0\u00a0\u00a0\u00a0\u00a0\u00a0\u00a0\u00a0\u00a0\u00a0\u00a0\u00a0\u00a0\u00a0\u00a0\u00a0\u00a0\u00a0\u00a0\u00a0\u00a0\u00a0\u00a0 \u00a0\u00a0\u00a0\u00a0\u00a0\u00a0\u00a0\u00a0\u00a0\u00a0\u00a0\u00a0\u00a0\u00a0\u00a0\u00a0\u00a0\u00a0\u00a0\u00a0\u00a0\u00a0\u00a0\u00a0\u00a0\u00a0\u00a0\u00a0\u00a0\u00a0\u00a0\u00a0\u00a0\u00a0\u00a0\u00a0\u00a0\u00a0\u00a0\u00a0\u00a0\u00a0\u00a0\u00a0\u00a0\u00a0\u00a0\u00a0\u00a0\u00a0\u00a0\u00a0\u00a0\u00a0\u00a0\u00a0\u00a0\u00a0\u00a0\u00a0\u00a0\u00a0\u00a0\u00a0\u00a0\u00a0\u00a0\u00a0\u00a0\u00a0\u00a0\u00a0\u00a0\u00a0\u00a0\u00a0\u00a0<strong>\u00a0\u00a0\u00a0\u00a0\u00a0\u00a0Enzo De Biasi<\/strong><\/p>","protected":false},"excerpt":{"rendered":"<p>Riabilitata e risarcita Banca d\u2019Italia per la correttezza dimostrata nella vigilanza Ai truffati, riconosciuto un 5% di ristoro, con forti dubbi sulla reale possibilit\u00e0 di incassarli. Potrebbe configurarsi, il risarcimento del danno per perdita di chance a discapito degli avvocati La sentenza di condanna a sei anni e mezzo in primo grado di Gianni Zonin, [&hellip;]<\/p>\n","protected":false},"author":2,"featured_media":97237,"comment_status":"closed","ping_status":"open","sticky":false,"template":"","format":"standard","meta":{"footnotes":""},"categories":[5,3446,49,36,26],"tags":[],"class_list":["post-122782","post","type-post","status-publish","format-standard","has-post-thumbnail","category-cronaca","category-featured","category-speciali","category-lavoro-economia","category-prima-pagina"],"yoast_head":"<!-- This site is optimized with the Yoast SEO plugin v28.4 - https:\/\/yoast.com\/product\/yoast-seo-wordpress\/ -->\n<title>Crac Banche. Condannati Zonin e altri della Popolare di Vicenza. Vergognosa assenza della Regione nel processo\u00a0\u00a0* di Enzo De Biasi - Bellunopress - Dolomiti<\/title>\n<meta name=\"robots\" content=\"index, follow, max-snippet:-1, max-image-preview:large, max-video-preview:-1\" \/>\n<link rel=\"canonical\" href=\"https:\/\/www.bellunopress.it\/fr\/2021\/03\/28\/crac-banche-condannati-zonin-e-altri-della-popolare-di-vicenza-vergognosa-assenza-della-regione-del-veneto-nel-processo\/\" \/>\n<meta property=\"og:locale\" content=\"fr_FR\" \/>\n<meta property=\"og:type\" content=\"article\" \/>\n<meta property=\"og:title\" content=\"Crac Banche. Condannati Zonin e altri della Popolare di Vicenza. Vergognosa assenza della Regione nel processo\u00a0\u00a0* di Enzo De Biasi - Bellunopress - Dolomiti\" \/>\n<meta property=\"og:description\" content=\"Riabilitata e risarcita Banca d\u2019Italia per la correttezza dimostrata nella vigilanza Ai truffati, riconosciuto un 5% di ristoro, con forti dubbi sulla reale possibilit\u00e0 di incassarli. Potrebbe configurarsi, il risarcimento del danno per perdita di chance a discapito degli avvocati La sentenza di condanna a sei anni e mezzo in primo grado di Gianni Zonin, [&hellip;]\" \/>\n<meta property=\"og:url\" content=\"https:\/\/www.bellunopress.it\/fr\/2021\/03\/28\/crac-banche-condannati-zonin-e-altri-della-popolare-di-vicenza-vergognosa-assenza-della-regione-del-veneto-nel-processo\/\" \/>\n<meta property=\"og:site_name\" content=\"Bellunopress - Dolomiti\" \/>\n<meta property=\"article:publisher\" content=\"https:\/\/www.facebook.com\/profile.php?id=100008943462799\" \/>\n<meta property=\"article:published_time\" content=\"2021-03-28T19:21:29+00:00\" \/>\n<meta property=\"article:modified_time\" content=\"2021-03-29T10:53:25+00:00\" \/>\n<meta property=\"og:image\" content=\"https:\/\/www.bellunopress.it\/wp-content\/uploads\/2018\/08\/banche-venete-popolare-vicenza.jpg\" \/>\n\t<meta property=\"og:image:width\" content=\"300\" \/>\n\t<meta property=\"og:image:height\" content=\"178\" \/>\n\t<meta property=\"og:image:type\" content=\"image\/jpeg\" \/>\n<meta name=\"author\" content=\"redazione\" \/>\n<meta name=\"twitter:card\" content=\"summary_large_image\" \/>\n<meta name=\"twitter:creator\" content=\"@bellunopress\" \/>\n<meta name=\"twitter:site\" content=\"@bellunopress\" \/>\n<meta name=\"twitter:label1\" content=\"Written by\" \/>\n\t<meta name=\"twitter:data1\" content=\"redazione\" \/>\n\t<meta name=\"twitter:label2\" content=\"Est. reading time\" \/>\n\t<meta name=\"twitter:data2\" content=\"12 minutes\" \/>\n<script type=\"application\/ld+json\" class=\"yoast-schema-graph\">{\"@context\":\"https:\\\/\\\/schema.org\",\"@graph\":[{\"@type\":\"Article\",\"@id\":\"https:\\\/\\\/www.bellunopress.it\\\/2021\\\/03\\\/28\\\/crac-banche-condannati-zonin-e-altri-della-popolare-di-vicenza-vergognosa-assenza-della-regione-del-veneto-nel-processo\\\/#article\",\"isPartOf\":{\"@id\":\"https:\\\/\\\/www.bellunopress.it\\\/2021\\\/03\\\/28\\\/crac-banche-condannati-zonin-e-altri-della-popolare-di-vicenza-vergognosa-assenza-della-regione-del-veneto-nel-processo\\\/\"},\"author\":{\"name\":\"redazione\",\"@id\":\"https:\\\/\\\/www.bellunopress.it\\\/#\\\/schema\\\/person\\\/79bb06722b37ece1c03d3e94beb30d73\"},\"headline\":\"Crac Banche. Condannati Zonin e altri della Popolare di Vicenza. Vergognosa assenza della Regione nel processo\u00a0\u00a0* di Enzo De Biasi\",\"datePublished\":\"2021-03-28T19:21:29+00:00\",\"dateModified\":\"2021-03-29T10:53:25+00:00\",\"mainEntityOfPage\":{\"@id\":\"https:\\\/\\\/www.bellunopress.it\\\/2021\\\/03\\\/28\\\/crac-banche-condannati-zonin-e-altri-della-popolare-di-vicenza-vergognosa-assenza-della-regione-del-veneto-nel-processo\\\/\"},\"wordCount\":2662,\"publisher\":{\"@id\":\"https:\\\/\\\/www.bellunopress.it\\\/#organization\"},\"image\":{\"@id\":\"https:\\\/\\\/www.bellunopress.it\\\/2021\\\/03\\\/28\\\/crac-banche-condannati-zonin-e-altri-della-popolare-di-vicenza-vergognosa-assenza-della-regione-del-veneto-nel-processo\\\/#primaryimage\"},\"thumbnailUrl\":\"https:\\\/\\\/www.bellunopress.it\\\/wp-content\\\/uploads\\\/2018\\\/08\\\/banche-venete-popolare-vicenza.jpg\",\"articleSection\":[\"Cronaca\\\/Politica\",\"Featured\",\"Gli speciali di Bellunopress\",\"Lavoro, Economia, Turismo\",\"Prima Pagina\"],\"inLanguage\":\"fr-FR\"},{\"@type\":\"WebPage\",\"@id\":\"https:\\\/\\\/www.bellunopress.it\\\/2021\\\/03\\\/28\\\/crac-banche-condannati-zonin-e-altri-della-popolare-di-vicenza-vergognosa-assenza-della-regione-del-veneto-nel-processo\\\/\",\"url\":\"https:\\\/\\\/www.bellunopress.it\\\/2021\\\/03\\\/28\\\/crac-banche-condannati-zonin-e-altri-della-popolare-di-vicenza-vergognosa-assenza-della-regione-del-veneto-nel-processo\\\/\",\"name\":\"Crac Banche. Condannati Zonin e altri della Popolare di Vicenza. Vergognosa assenza della Regione nel processo\u00a0\u00a0* di Enzo De Biasi - Bellunopress - Dolomiti\",\"isPartOf\":{\"@id\":\"https:\\\/\\\/www.bellunopress.it\\\/#website\"},\"primaryImageOfPage\":{\"@id\":\"https:\\\/\\\/www.bellunopress.it\\\/2021\\\/03\\\/28\\\/crac-banche-condannati-zonin-e-altri-della-popolare-di-vicenza-vergognosa-assenza-della-regione-del-veneto-nel-processo\\\/#primaryimage\"},\"image\":{\"@id\":\"https:\\\/\\\/www.bellunopress.it\\\/2021\\\/03\\\/28\\\/crac-banche-condannati-zonin-e-altri-della-popolare-di-vicenza-vergognosa-assenza-della-regione-del-veneto-nel-processo\\\/#primaryimage\"},\"thumbnailUrl\":\"https:\\\/\\\/www.bellunopress.it\\\/wp-content\\\/uploads\\\/2018\\\/08\\\/banche-venete-popolare-vicenza.jpg\",\"datePublished\":\"2021-03-28T19:21:29+00:00\",\"dateModified\":\"2021-03-29T10:53:25+00:00\",\"breadcrumb\":{\"@id\":\"https:\\\/\\\/www.bellunopress.it\\\/2021\\\/03\\\/28\\\/crac-banche-condannati-zonin-e-altri-della-popolare-di-vicenza-vergognosa-assenza-della-regione-del-veneto-nel-processo\\\/#breadcrumb\"},\"inLanguage\":\"fr-FR\",\"potentialAction\":[{\"@type\":\"ReadAction\",\"target\":[\"https:\\\/\\\/www.bellunopress.it\\\/2021\\\/03\\\/28\\\/crac-banche-condannati-zonin-e-altri-della-popolare-di-vicenza-vergognosa-assenza-della-regione-del-veneto-nel-processo\\\/\"]}]},{\"@type\":\"ImageObject\",\"inLanguage\":\"fr-FR\",\"@id\":\"https:\\\/\\\/www.bellunopress.it\\\/2021\\\/03\\\/28\\\/crac-banche-condannati-zonin-e-altri-della-popolare-di-vicenza-vergognosa-assenza-della-regione-del-veneto-nel-processo\\\/#primaryimage\",\"url\":\"https:\\\/\\\/www.bellunopress.it\\\/wp-content\\\/uploads\\\/2018\\\/08\\\/banche-venete-popolare-vicenza.jpg\",\"contentUrl\":\"https:\\\/\\\/www.bellunopress.it\\\/wp-content\\\/uploads\\\/2018\\\/08\\\/banche-venete-popolare-vicenza.jpg\",\"width\":300,\"height\":178},{\"@type\":\"BreadcrumbList\",\"@id\":\"https:\\\/\\\/www.bellunopress.it\\\/2021\\\/03\\\/28\\\/crac-banche-condannati-zonin-e-altri-della-popolare-di-vicenza-vergognosa-assenza-della-regione-del-veneto-nel-processo\\\/#breadcrumb\",\"itemListElement\":[{\"@type\":\"ListItem\",\"position\":1,\"name\":\"Home\",\"item\":\"https:\\\/\\\/www.bellunopress.it\\\/\"},{\"@type\":\"ListItem\",\"position\":2,\"name\":\"Crac Banche. Condannati Zonin e altri della Popolare di Vicenza. Vergognosa assenza della Regione nel processo\u00a0\u00a0* di Enzo De Biasi\"}]},{\"@type\":\"WebSite\",\"@id\":\"https:\\\/\\\/www.bellunopress.it\\\/#website\",\"url\":\"https:\\\/\\\/www.bellunopress.it\\\/\",\"name\":\"Bellunopress - Dolomiti\",\"description\":\"e-mail: redazione@bellunopress.it\",\"publisher\":{\"@id\":\"https:\\\/\\\/www.bellunopress.it\\\/#organization\"},\"potentialAction\":[{\"@type\":\"SearchAction\",\"target\":{\"@type\":\"EntryPoint\",\"urlTemplate\":\"https:\\\/\\\/www.bellunopress.it\\\/?s={search_term_string}\"},\"query-input\":{\"@type\":\"PropertyValueSpecification\",\"valueRequired\":true,\"valueName\":\"search_term_string\"}}],\"inLanguage\":\"fr-FR\"},{\"@type\":\"Organization\",\"@id\":\"https:\\\/\\\/www.bellunopress.it\\\/#organization\",\"name\":\"Bellunopress\",\"url\":\"https:\\\/\\\/www.bellunopress.it\\\/\",\"logo\":{\"@type\":\"ImageObject\",\"inLanguage\":\"fr-FR\",\"@id\":\"https:\\\/\\\/www.bellunopress.it\\\/#\\\/schema\\\/logo\\\/image\\\/\",\"url\":\"https:\\\/\\\/www.bellunopress.it\\\/wp-content\\\/uploads\\\/2011\\\/05\\\/cropped-logo-bellunopress-.jpg\",\"contentUrl\":\"https:\\\/\\\/www.bellunopress.it\\\/wp-content\\\/uploads\\\/2011\\\/05\\\/cropped-logo-bellunopress-.jpg\",\"width\":512,\"height\":512,\"caption\":\"Bellunopress\"},\"image\":{\"@id\":\"https:\\\/\\\/www.bellunopress.it\\\/#\\\/schema\\\/logo\\\/image\\\/\"},\"sameAs\":[\"https:\\\/\\\/www.facebook.com\\\/profile.php?id=100008943462799\",\"https:\\\/\\\/x.com\\\/bellunopress\",\"https:\\\/\\\/www.linkedin.com\\\/hp\\\/?dnr=JBzUWaJfMUw8vbXJJ2tVW5-I3jZKvC4wsoxE&amp;amp;amp;amp;amp;amp;trk=nav_responsive_tab_home\",\"https:\\\/\\\/www.youtube.com\\\/channel\\\/UCxL0wu1uN0_3_7hGG0306cw\"]},{\"@type\":\"Person\",\"@id\":\"https:\\\/\\\/www.bellunopress.it\\\/#\\\/schema\\\/person\\\/79bb06722b37ece1c03d3e94beb30d73\",\"name\":\"redazione\",\"image\":{\"@type\":\"ImageObject\",\"inLanguage\":\"fr-FR\",\"@id\":\"https:\\\/\\\/secure.gravatar.com\\\/avatar\\\/37d968a2e67a6fd04c169c4bdef102d0bc5d31b2546345219e348575eb80e9a0?s=96&d=mm&r=g\",\"url\":\"https:\\\/\\\/secure.gravatar.com\\\/avatar\\\/37d968a2e67a6fd04c169c4bdef102d0bc5d31b2546345219e348575eb80e9a0?s=96&d=mm&r=g\",\"contentUrl\":\"https:\\\/\\\/secure.gravatar.com\\\/avatar\\\/37d968a2e67a6fd04c169c4bdef102d0bc5d31b2546345219e348575eb80e9a0?s=96&d=mm&r=g\",\"caption\":\"redazione\"},\"sameAs\":[\"http:\\\/\\\/www.bellunopress.it\",\"https:\\\/\\\/x.com\\\/bellunopress\"],\"url\":\"https:\\\/\\\/www.bellunopress.it\\\/fr\\\/author\\\/redazione\\\/\"}]}<\/script>\n<!-- \/ Yoast SEO plugin. -->","yoast_head_json":{"title":"Crac Banche. Condannati Zonin e altri della Popolare di Vicenza. Vergognosa assenza della Regione nel processo\u00a0\u00a0* di Enzo De Biasi - Bellunopress - Dolomiti","robots":{"index":"index","follow":"follow","max-snippet":"max-snippet:-1","max-image-preview":"max-image-preview:large","max-video-preview":"max-video-preview:-1"},"canonical":"https:\/\/www.bellunopress.it\/fr\/2021\/03\/28\/crac-banche-condannati-zonin-e-altri-della-popolare-di-vicenza-vergognosa-assenza-della-regione-del-veneto-nel-processo\/","og_locale":"fr_FR","og_type":"article","og_title":"Crac Banche. Condannati Zonin e altri della Popolare di Vicenza. Vergognosa assenza della Regione nel processo\u00a0\u00a0* di Enzo De Biasi - Bellunopress - Dolomiti","og_description":"Riabilitata e risarcita Banca d\u2019Italia per la correttezza dimostrata nella vigilanza Ai truffati, riconosciuto un 5% di ristoro, con forti dubbi sulla reale possibilit\u00e0 di incassarli. Potrebbe configurarsi, il risarcimento del danno per perdita di chance a discapito degli avvocati La sentenza di condanna a sei anni e mezzo in primo grado di Gianni Zonin, [&hellip;]","og_url":"https:\/\/www.bellunopress.it\/fr\/2021\/03\/28\/crac-banche-condannati-zonin-e-altri-della-popolare-di-vicenza-vergognosa-assenza-della-regione-del-veneto-nel-processo\/","og_site_name":"Bellunopress - Dolomiti","article_publisher":"https:\/\/www.facebook.com\/profile.php?id=100008943462799","article_published_time":"2021-03-28T19:21:29+00:00","article_modified_time":"2021-03-29T10:53:25+00:00","og_image":[{"width":300,"height":178,"url":"https:\/\/www.bellunopress.it\/wp-content\/uploads\/2018\/08\/banche-venete-popolare-vicenza.jpg","type":"image\/jpeg"}],"author":"redazione","twitter_card":"summary_large_image","twitter_creator":"@bellunopress","twitter_site":"@bellunopress","twitter_misc":{"Written by":"redazione","Est. reading time":"12 minutes"},"schema":{"@context":"https:\/\/schema.org","@graph":[{"@type":"Article","@id":"https:\/\/www.bellunopress.it\/2021\/03\/28\/crac-banche-condannati-zonin-e-altri-della-popolare-di-vicenza-vergognosa-assenza-della-regione-del-veneto-nel-processo\/#article","isPartOf":{"@id":"https:\/\/www.bellunopress.it\/2021\/03\/28\/crac-banche-condannati-zonin-e-altri-della-popolare-di-vicenza-vergognosa-assenza-della-regione-del-veneto-nel-processo\/"},"author":{"name":"redazione","@id":"https:\/\/www.bellunopress.it\/#\/schema\/person\/79bb06722b37ece1c03d3e94beb30d73"},"headline":"Crac Banche. Condannati Zonin e altri della Popolare di Vicenza. Vergognosa assenza della Regione nel processo\u00a0\u00a0* di Enzo De Biasi","datePublished":"2021-03-28T19:21:29+00:00","dateModified":"2021-03-29T10:53:25+00:00","mainEntityOfPage":{"@id":"https:\/\/www.bellunopress.it\/2021\/03\/28\/crac-banche-condannati-zonin-e-altri-della-popolare-di-vicenza-vergognosa-assenza-della-regione-del-veneto-nel-processo\/"},"wordCount":2662,"publisher":{"@id":"https:\/\/www.bellunopress.it\/#organization"},"image":{"@id":"https:\/\/www.bellunopress.it\/2021\/03\/28\/crac-banche-condannati-zonin-e-altri-della-popolare-di-vicenza-vergognosa-assenza-della-regione-del-veneto-nel-processo\/#primaryimage"},"thumbnailUrl":"https:\/\/www.bellunopress.it\/wp-content\/uploads\/2018\/08\/banche-venete-popolare-vicenza.jpg","articleSection":["Cronaca\/Politica","Featured","Gli speciali di Bellunopress","Lavoro, Economia, Turismo","Prima Pagina"],"inLanguage":"fr-FR"},{"@type":"WebPage","@id":"https:\/\/www.bellunopress.it\/2021\/03\/28\/crac-banche-condannati-zonin-e-altri-della-popolare-di-vicenza-vergognosa-assenza-della-regione-del-veneto-nel-processo\/","url":"https:\/\/www.bellunopress.it\/2021\/03\/28\/crac-banche-condannati-zonin-e-altri-della-popolare-di-vicenza-vergognosa-assenza-della-regione-del-veneto-nel-processo\/","name":"Crac Banche. Condannati Zonin e altri della Popolare di Vicenza. Vergognosa assenza della Regione nel processo\u00a0\u00a0* di Enzo De Biasi - Bellunopress - Dolomiti","isPartOf":{"@id":"https:\/\/www.bellunopress.it\/#website"},"primaryImageOfPage":{"@id":"https:\/\/www.bellunopress.it\/2021\/03\/28\/crac-banche-condannati-zonin-e-altri-della-popolare-di-vicenza-vergognosa-assenza-della-regione-del-veneto-nel-processo\/#primaryimage"},"image":{"@id":"https:\/\/www.bellunopress.it\/2021\/03\/28\/crac-banche-condannati-zonin-e-altri-della-popolare-di-vicenza-vergognosa-assenza-della-regione-del-veneto-nel-processo\/#primaryimage"},"thumbnailUrl":"https:\/\/www.bellunopress.it\/wp-content\/uploads\/2018\/08\/banche-venete-popolare-vicenza.jpg","datePublished":"2021-03-28T19:21:29+00:00","dateModified":"2021-03-29T10:53:25+00:00","breadcrumb":{"@id":"https:\/\/www.bellunopress.it\/2021\/03\/28\/crac-banche-condannati-zonin-e-altri-della-popolare-di-vicenza-vergognosa-assenza-della-regione-del-veneto-nel-processo\/#breadcrumb"},"inLanguage":"fr-FR","potentialAction":[{"@type":"ReadAction","target":["https:\/\/www.bellunopress.it\/2021\/03\/28\/crac-banche-condannati-zonin-e-altri-della-popolare-di-vicenza-vergognosa-assenza-della-regione-del-veneto-nel-processo\/"]}]},{"@type":"ImageObject","inLanguage":"fr-FR","@id":"https:\/\/www.bellunopress.it\/2021\/03\/28\/crac-banche-condannati-zonin-e-altri-della-popolare-di-vicenza-vergognosa-assenza-della-regione-del-veneto-nel-processo\/#primaryimage","url":"https:\/\/www.bellunopress.it\/wp-content\/uploads\/2018\/08\/banche-venete-popolare-vicenza.jpg","contentUrl":"https:\/\/www.bellunopress.it\/wp-content\/uploads\/2018\/08\/banche-venete-popolare-vicenza.jpg","width":300,"height":178},{"@type":"BreadcrumbList","@id":"https:\/\/www.bellunopress.it\/2021\/03\/28\/crac-banche-condannati-zonin-e-altri-della-popolare-di-vicenza-vergognosa-assenza-della-regione-del-veneto-nel-processo\/#breadcrumb","itemListElement":[{"@type":"ListItem","position":1,"name":"Home","item":"https:\/\/www.bellunopress.it\/"},{"@type":"ListItem","position":2,"name":"Crac Banche. Condannati Zonin e altri della Popolare di Vicenza. Vergognosa assenza della Regione nel processo\u00a0\u00a0* di Enzo De Biasi"}]},{"@type":"WebSite","@id":"https:\/\/www.bellunopress.it\/#website","url":"https:\/\/www.bellunopress.it\/","name":"Bellunopress - Dolomiti","description":"e-mail: redazione@bellunopress.it","publisher":{"@id":"https:\/\/www.bellunopress.it\/#organization"},"potentialAction":[{"@type":"SearchAction","target":{"@type":"EntryPoint","urlTemplate":"https:\/\/www.bellunopress.it\/?s={search_term_string}"},"query-input":{"@type":"PropertyValueSpecification","valueRequired":true,"valueName":"search_term_string"}}],"inLanguage":"fr-FR"},{"@type":"Organization","@id":"https:\/\/www.bellunopress.it\/#organization","name":"Bellunopress","url":"https:\/\/www.bellunopress.it\/","logo":{"@type":"ImageObject","inLanguage":"fr-FR","@id":"https:\/\/www.bellunopress.it\/#\/schema\/logo\/image\/","url":"https:\/\/www.bellunopress.it\/wp-content\/uploads\/2011\/05\/cropped-logo-bellunopress-.jpg","contentUrl":"https:\/\/www.bellunopress.it\/wp-content\/uploads\/2011\/05\/cropped-logo-bellunopress-.jpg","width":512,"height":512,"caption":"Bellunopress"},"image":{"@id":"https:\/\/www.bellunopress.it\/#\/schema\/logo\/image\/"},"sameAs":["https:\/\/www.facebook.com\/profile.php?id=100008943462799","https:\/\/x.com\/bellunopress","https:\/\/www.linkedin.com\/hp\/?dnr=JBzUWaJfMUw8vbXJJ2tVW5-I3jZKvC4wsoxE&amp;amp;amp;amp;amp;amp;trk=nav_responsive_tab_home","https:\/\/www.youtube.com\/channel\/UCxL0wu1uN0_3_7hGG0306cw"]},{"@type":"Person","@id":"https:\/\/www.bellunopress.it\/#\/schema\/person\/79bb06722b37ece1c03d3e94beb30d73","name":"r\u00e9daction","image":{"@type":"ImageObject","inLanguage":"fr-FR","@id":"https:\/\/secure.gravatar.com\/avatar\/37d968a2e67a6fd04c169c4bdef102d0bc5d31b2546345219e348575eb80e9a0?s=96&d=mm&r=g","url":"https:\/\/secure.gravatar.com\/avatar\/37d968a2e67a6fd04c169c4bdef102d0bc5d31b2546345219e348575eb80e9a0?s=96&d=mm&r=g","contentUrl":"https:\/\/secure.gravatar.com\/avatar\/37d968a2e67a6fd04c169c4bdef102d0bc5d31b2546345219e348575eb80e9a0?s=96&d=mm&r=g","caption":"redazione"},"sameAs":["http:\/\/www.bellunopress.it","https:\/\/x.com\/bellunopress"],"url":"https:\/\/www.bellunopress.it\/fr\/author\/redazione\/"}]}},"_links":{"self":[{"href":"https:\/\/www.bellunopress.it\/fr\/wp-json\/wp\/v2\/posts\/122782","targetHints":{"allow":["GET"]}}],"collection":[{"href":"https:\/\/www.bellunopress.it\/fr\/wp-json\/wp\/v2\/posts"}],"about":[{"href":"https:\/\/www.bellunopress.it\/fr\/wp-json\/wp\/v2\/types\/post"}],"author":[{"embeddable":true,"href":"https:\/\/www.bellunopress.it\/fr\/wp-json\/wp\/v2\/users\/2"}],"replies":[{"embeddable":true,"href":"https:\/\/www.bellunopress.it\/fr\/wp-json\/wp\/v2\/comments?post=122782"}],"version-history":[{"count":6,"href":"https:\/\/www.bellunopress.it\/fr\/wp-json\/wp\/v2\/posts\/122782\/revisions"}],"predecessor-version":[{"id":122792,"href":"https:\/\/www.bellunopress.it\/fr\/wp-json\/wp\/v2\/posts\/122782\/revisions\/122792"}],"wp:featuredmedia":[{"embeddable":true,"href":"https:\/\/www.bellunopress.it\/fr\/wp-json\/wp\/v2\/media\/97237"}],"wp:attachment":[{"href":"https:\/\/www.bellunopress.it\/fr\/wp-json\/wp\/v2\/media?parent=122782"}],"wp:term":[{"taxonomy":"category","embeddable":true,"href":"https:\/\/www.bellunopress.it\/fr\/wp-json\/wp\/v2\/categories?post=122782"},{"taxonomy":"post_tag","embeddable":true,"href":"https:\/\/www.bellunopress.it\/fr\/wp-json\/wp\/v2\/tags?post=122782"}],"curies":[{"name":"wp","href":"https:\/\/api.w.org\/{rel}","templated":true}]}}