{"id":12268,"date":"2010-02-16T13:51:18","date_gmt":"2010-02-16T12:51:18","guid":{"rendered":"http:\/\/www.bellunopress.it\/?p=12268"},"modified":"2010-02-15T09:15:12","modified_gmt":"2010-02-15T08:15:12","slug":"convegno-sul-tema-dei-lavori-pubblici-giovedi-18-febbraio-a-cura-del-centro-studi-bellunese","status":"publish","type":"post","link":"https:\/\/www.bellunopress.it\/fr\/2010\/02\/16\/convegno-sul-tema-dei-lavori-pubblici-giovedi-18-febbraio-a-cura-del-centro-studi-bellunese\/","title":{"rendered":"Convegno sul tema dei lavori pubblici gioved\u00ec 18 febbraio a cura del Centro studi bellunese"},"content":{"rendered":"<p>Il Centro Studi Bellunese organizza, con il patrocinio della Confindustria Belluno Dolomiti, unitamente a quello dell\u2019Unione Artigiani e Piccola Industria, dell\u2019Associazione Provinciale Piccola Industria Artigianato dell\u2019Associazione del Commercio, Turismo e Servizi della Provincia di Belluno, della Belluno Tecnologia e degli Ordini e Collegi professionali della provincia di Belluno, un incontro di approfondimento su lavori pubblici forniture e servizi per Amministratori, Responsabili Uffici Tecnici EE.LL. e Pubblica Amministrazione, Liberi Professionisti, Tecnici ed Imprenditori del Settore dal titolo:<br \/>\n\u201c Procedure per la scelta del contraente ed esigenze per il territorio\u201d<br \/>\nL&#8217;incontro vuole essere un momento di approfondimento sulla tematica delle procedure di affidamento di lavori, servizi e forniture, offerte dalla normativa, favorendo le esigenze del territorio.&#8221;<br \/>\nL\u2019introduzione \u00e8 affidata al Presidente del Consorzio BIM Piave :<br \/>\ning. Giovanni Piccoli<br \/>\nCoordiner\u00e0 i lavori:<br \/>\navv. Enrico Gaz<br \/>\nAmministrativista del Foro di Venezia<br \/>\nRelatori saranno:<br \/>\navv. Vittorio Miniero<br \/>\nAvvocato Foro di Bologna<br \/>\nEsperto in contrattualistica pubblica<br \/>\nEx Responsabile Area Gare e Contratti ANAS SpA , Compartimento di Toscana Collaboratore della rivista \u201cEdilizia e Territorio\u201d del Sole 24 Ore<br \/>\navv. Roberto Travaglini<br \/>\nDirigente Associazione Industriali di Vicenza<br \/>\navv. Alberto Gaz<br \/>\nAmministrativista del Foro di Padova<br \/>\nOrario lavori: 9.30 \u2013 12.30<br \/>\nLa partecipazione al convegno \u00e8 gratuita<br \/>\nLa scadenza delle iscrizioni \u00e8 fissata per il 16 febbraio 2010Le iscrizioni al convegno, che si terr\u00e0 presso la sala Muccin del Centro Giovanni XXIII di Belluno, dovranno pervenire al Centro Studi Bellunese (tel. 0437 \u2013 933 736) a mezzo fax (0437 \u2013 933 738) o internet (<a href=\"http:\/\/www.centrostudibellunese.it\">www.centrostudibellunese.it<\/a>)<\/p>","protected":false},"excerpt":{"rendered":"<p>Il Centro Studi Bellunese organizza, con il patrocinio della Confindustria Belluno Dolomiti, unitamente a quello dell\u2019Unione Artigiani e Piccola Industria, dell\u2019Associazione Provinciale Piccola Industria Artigianato dell\u2019Associazione del Commercio, Turismo e Servizi della Provincia di Belluno, della Belluno Tecnologia e degli Ordini e Collegi professionali della provincia di Belluno, un incontro di approfondimento su lavori pubblici [&hellip;]<\/p>\n","protected":false},"author":2,"featured_media":0,"comment_status":"closed","ping_status":"open","sticky":false,"template":"","format":"standard","meta":{"footnotes":""},"categories":[36,25],"tags":[139,63],"class_list":["post-12268","post","type-post","status-publish","format-standard","category-lavoro-economia","category-pausa-caffe","tag-belluno","tag-dolomiti"],"yoast_head":"<!-- This site is optimized with the Yoast SEO plugin v28.4 - https:\/\/yoast.com\/product\/yoast-seo-wordpress\/ -->\n<title>Convegno sul tema dei lavori pubblici gioved\u00ec 18 febbraio a cura del Centro studi bellunese - Bellunopress - Dolomiti<\/title>\n<meta name=\"robots\" content=\"index, follow, max-snippet:-1, max-image-preview:large, max-video-preview:-1\" \/>\n<link rel=\"canonical\" href=\"https:\/\/www.bellunopress.it\/fr\/2010\/02\/16\/convegno-sul-tema-dei-lavori-pubblici-giovedi-18-febbraio-a-cura-del-centro-studi-bellunese\/\" \/>\n<meta property=\"og:locale\" content=\"fr_FR\" \/>\n<meta property=\"og:type\" content=\"article\" \/>\n<meta property=\"og:title\" content=\"Convegno sul tema dei lavori pubblici gioved\u00ec 18 febbraio a cura del Centro studi bellunese - Bellunopress - Dolomiti\" \/>\n<meta property=\"og:description\" content=\"Il Centro Studi Bellunese organizza, con il patrocinio della Confindustria Belluno Dolomiti, unitamente a quello dell\u2019Unione Artigiani e Piccola Industria, dell\u2019Associazione Provinciale Piccola Industria Artigianato dell\u2019Associazione del Commercio, Turismo e Servizi della Provincia di Belluno, della Belluno Tecnologia e degli Ordini e Collegi professionali della provincia di Belluno, un incontro di approfondimento su lavori pubblici [&hellip;]\" \/>\n<meta property=\"og:url\" content=\"https:\/\/www.bellunopress.it\/fr\/2010\/02\/16\/convegno-sul-tema-dei-lavori-pubblici-giovedi-18-febbraio-a-cura-del-centro-studi-bellunese\/\" \/>\n<meta property=\"og:site_name\" content=\"Bellunopress - Dolomiti\" \/>\n<meta property=\"article:publisher\" content=\"https:\/\/www.facebook.com\/profile.php?id=100008943462799\" \/>\n<meta property=\"article:published_time\" content=\"2010-02-16T12:51:18+00:00\" \/>\n<meta property=\"og:image\" content=\"http:\/\/www.bellunopress.it\/wp-content\/uploads\/2012\/07\/logo-bellunopress-250x250-2012.jpg\" \/>\n<meta name=\"author\" content=\"redazione\" \/>\n<meta name=\"twitter:card\" content=\"summary_large_image\" \/>\n<meta name=\"twitter:creator\" content=\"@bellunopress\" \/>\n<meta name=\"twitter:site\" content=\"@bellunopress\" \/>\n<meta name=\"twitter:label1\" content=\"\u00c9crit par\" \/>\n\t<meta name=\"twitter:data1\" content=\"redazione\" \/>\n\t<meta name=\"twitter:label2\" content=\"Dur\u00e9e de lecture estim\u00e9e\" \/>\n\t<meta name=\"twitter:data2\" content=\"1 minute\" \/>\n<script type=\"application\/ld+json\" class=\"yoast-schema-graph\">{\"@context\":\"https:\\\/\\\/schema.org\",\"@graph\":[{\"@type\":\"Article\",\"@id\":\"https:\\\/\\\/www.bellunopress.it\\\/2010\\\/02\\\/16\\\/convegno-sul-tema-dei-lavori-pubblici-giovedi-18-febbraio-a-cura-del-centro-studi-bellunese\\\/#article\",\"isPartOf\":{\"@id\":\"https:\\\/\\\/www.bellunopress.it\\\/2010\\\/02\\\/16\\\/convegno-sul-tema-dei-lavori-pubblici-giovedi-18-febbraio-a-cura-del-centro-studi-bellunese\\\/\"},\"author\":{\"name\":\"redazione\",\"@id\":\"https:\\\/\\\/www.bellunopress.it\\\/#\\\/schema\\\/person\\\/79bb06722b37ece1c03d3e94beb30d73\"},\"headline\":\"Convegno sul tema dei lavori pubblici gioved\u00ec 18 febbraio a cura del Centro studi bellunese\",\"datePublished\":\"2010-02-16T12:51:18+00:00\",\"mainEntityOfPage\":{\"@id\":\"https:\\\/\\\/www.bellunopress.it\\\/2010\\\/02\\\/16\\\/convegno-sul-tema-dei-lavori-pubblici-giovedi-18-febbraio-a-cura-del-centro-studi-bellunese\\\/\"},\"wordCount\":251,\"publisher\":{\"@id\":\"https:\\\/\\\/www.bellunopress.it\\\/#organization\"},\"keywords\":[\"Belluno\",\"Dolomiti\"],\"articleSection\":[\"Lavoro, Economia, Turismo\",\"Pausa Caff\u00e8\"],\"inLanguage\":\"fr-FR\"},{\"@type\":\"WebPage\",\"@id\":\"https:\\\/\\\/www.bellunopress.it\\\/2010\\\/02\\\/16\\\/convegno-sul-tema-dei-lavori-pubblici-giovedi-18-febbraio-a-cura-del-centro-studi-bellunese\\\/\",\"url\":\"https:\\\/\\\/www.bellunopress.it\\\/2010\\\/02\\\/16\\\/convegno-sul-tema-dei-lavori-pubblici-giovedi-18-febbraio-a-cura-del-centro-studi-bellunese\\\/\",\"name\":\"Convegno sul tema dei lavori pubblici gioved\u00ec 18 febbraio a cura del Centro studi bellunese - Bellunopress - Dolomiti\",\"isPartOf\":{\"@id\":\"https:\\\/\\\/www.bellunopress.it\\\/#website\"},\"datePublished\":\"2010-02-16T12:51:18+00:00\",\"breadcrumb\":{\"@id\":\"https:\\\/\\\/www.bellunopress.it\\\/2010\\\/02\\\/16\\\/convegno-sul-tema-dei-lavori-pubblici-giovedi-18-febbraio-a-cura-del-centro-studi-bellunese\\\/#breadcrumb\"},\"inLanguage\":\"fr-FR\",\"potentialAction\":[{\"@type\":\"ReadAction\",\"target\":[\"https:\\\/\\\/www.bellunopress.it\\\/2010\\\/02\\\/16\\\/convegno-sul-tema-dei-lavori-pubblici-giovedi-18-febbraio-a-cura-del-centro-studi-bellunese\\\/\"]}]},{\"@type\":\"BreadcrumbList\",\"@id\":\"https:\\\/\\\/www.bellunopress.it\\\/2010\\\/02\\\/16\\\/convegno-sul-tema-dei-lavori-pubblici-giovedi-18-febbraio-a-cura-del-centro-studi-bellunese\\\/#breadcrumb\",\"itemListElement\":[{\"@type\":\"ListItem\",\"position\":1,\"name\":\"Home\",\"item\":\"https:\\\/\\\/www.bellunopress.it\\\/\"},{\"@type\":\"ListItem\",\"position\":2,\"name\":\"Convegno sul tema dei lavori pubblici gioved\u00ec 18 febbraio a cura del Centro studi bellunese\"}]},{\"@type\":\"WebSite\",\"@id\":\"https:\\\/\\\/www.bellunopress.it\\\/#website\",\"url\":\"https:\\\/\\\/www.bellunopress.it\\\/\",\"name\":\"Bellunopress - Dolomiti\",\"description\":\"e-mail: redazione@bellunopress.it\",\"publisher\":{\"@id\":\"https:\\\/\\\/www.bellunopress.it\\\/#organization\"},\"potentialAction\":[{\"@type\":\"SearchAction\",\"target\":{\"@type\":\"EntryPoint\",\"urlTemplate\":\"https:\\\/\\\/www.bellunopress.it\\\/?s={search_term_string}\"},\"query-input\":{\"@type\":\"PropertyValueSpecification\",\"valueRequired\":true,\"valueName\":\"search_term_string\"}}],\"inLanguage\":\"fr-FR\"},{\"@type\":\"Organization\",\"@id\":\"https:\\\/\\\/www.bellunopress.it\\\/#organization\",\"name\":\"Bellunopress\",\"url\":\"https:\\\/\\\/www.bellunopress.it\\\/\",\"logo\":{\"@type\":\"ImageObject\",\"inLanguage\":\"fr-FR\",\"@id\":\"https:\\\/\\\/www.bellunopress.it\\\/#\\\/schema\\\/logo\\\/image\\\/\",\"url\":\"https:\\\/\\\/www.bellunopress.it\\\/wp-content\\\/uploads\\\/2011\\\/05\\\/cropped-logo-bellunopress-.jpg\",\"contentUrl\":\"https:\\\/\\\/www.bellunopress.it\\\/wp-content\\\/uploads\\\/2011\\\/05\\\/cropped-logo-bellunopress-.jpg\",\"width\":512,\"height\":512,\"caption\":\"Bellunopress\"},\"image\":{\"@id\":\"https:\\\/\\\/www.bellunopress.it\\\/#\\\/schema\\\/logo\\\/image\\\/\"},\"sameAs\":[\"https:\\\/\\\/www.facebook.com\\\/profile.php?id=100008943462799\",\"https:\\\/\\\/x.com\\\/bellunopress\",\"https:\\\/\\\/www.linkedin.com\\\/hp\\\/?dnr=JBzUWaJfMUw8vbXJJ2tVW5-I3jZKvC4wsoxE&amp;amp;amp;amp;amp;amp;trk=nav_responsive_tab_home\",\"https:\\\/\\\/www.youtube.com\\\/channel\\\/UCxL0wu1uN0_3_7hGG0306cw\"]},{\"@type\":\"Person\",\"@id\":\"https:\\\/\\\/www.bellunopress.it\\\/#\\\/schema\\\/person\\\/79bb06722b37ece1c03d3e94beb30d73\",\"name\":\"redazione\",\"image\":{\"@type\":\"ImageObject\",\"inLanguage\":\"fr-FR\",\"@id\":\"https:\\\/\\\/secure.gravatar.com\\\/avatar\\\/37d968a2e67a6fd04c169c4bdef102d0bc5d31b2546345219e348575eb80e9a0?s=96&d=mm&r=g\",\"url\":\"https:\\\/\\\/secure.gravatar.com\\\/avatar\\\/37d968a2e67a6fd04c169c4bdef102d0bc5d31b2546345219e348575eb80e9a0?s=96&d=mm&r=g\",\"contentUrl\":\"https:\\\/\\\/secure.gravatar.com\\\/avatar\\\/37d968a2e67a6fd04c169c4bdef102d0bc5d31b2546345219e348575eb80e9a0?s=96&d=mm&r=g\",\"caption\":\"redazione\"},\"sameAs\":[\"http:\\\/\\\/www.bellunopress.it\",\"https:\\\/\\\/x.com\\\/bellunopress\"],\"url\":\"https:\\\/\\\/www.bellunopress.it\\\/fr\\\/author\\\/redazione\\\/\"}]}<\/script>\n<!-- \/ Yoast SEO plugin. -->","yoast_head_json":{"title":"Convegno sul tema dei lavori pubblici gioved\u00ec 18 febbraio a cura del Centro studi bellunese - Bellunopress - Dolomiti","robots":{"index":"index","follow":"follow","max-snippet":"max-snippet:-1","max-image-preview":"max-image-preview:large","max-video-preview":"max-video-preview:-1"},"canonical":"https:\/\/www.bellunopress.it\/fr\/2010\/02\/16\/convegno-sul-tema-dei-lavori-pubblici-giovedi-18-febbraio-a-cura-del-centro-studi-bellunese\/","og_locale":"fr_FR","og_type":"article","og_title":"Convegno sul tema dei lavori pubblici gioved\u00ec 18 febbraio a cura del Centro studi bellunese - Bellunopress - Dolomiti","og_description":"Il Centro Studi Bellunese organizza, con il patrocinio della Confindustria Belluno Dolomiti, unitamente a quello dell\u2019Unione Artigiani e Piccola Industria, dell\u2019Associazione Provinciale Piccola Industria Artigianato dell\u2019Associazione del Commercio, Turismo e Servizi della Provincia di Belluno, della Belluno Tecnologia e degli Ordini e Collegi professionali della provincia di Belluno, un incontro di approfondimento su lavori pubblici [&hellip;]","og_url":"https:\/\/www.bellunopress.it\/fr\/2010\/02\/16\/convegno-sul-tema-dei-lavori-pubblici-giovedi-18-febbraio-a-cura-del-centro-studi-bellunese\/","og_site_name":"Bellunopress - Dolomiti","article_publisher":"https:\/\/www.facebook.com\/profile.php?id=100008943462799","article_published_time":"2010-02-16T12:51:18+00:00","og_image":[{"url":"http:\/\/www.bellunopress.it\/wp-content\/uploads\/2012\/07\/logo-bellunopress-250x250-2012.jpg","type":"","width":"","height":""}],"author":"redazione","twitter_card":"summary_large_image","twitter_creator":"@bellunopress","twitter_site":"@bellunopress","twitter_misc":{"\u00c9crit par":"redazione","Dur\u00e9e de lecture estim\u00e9e":"1 minute"},"schema":{"@context":"https:\/\/schema.org","@graph":[{"@type":"Article","@id":"https:\/\/www.bellunopress.it\/2010\/02\/16\/convegno-sul-tema-dei-lavori-pubblici-giovedi-18-febbraio-a-cura-del-centro-studi-bellunese\/#article","isPartOf":{"@id":"https:\/\/www.bellunopress.it\/2010\/02\/16\/convegno-sul-tema-dei-lavori-pubblici-giovedi-18-febbraio-a-cura-del-centro-studi-bellunese\/"},"author":{"name":"redazione","@id":"https:\/\/www.bellunopress.it\/#\/schema\/person\/79bb06722b37ece1c03d3e94beb30d73"},"headline":"Convegno sul tema dei lavori pubblici gioved\u00ec 18 febbraio a cura del Centro studi bellunese","datePublished":"2010-02-16T12:51:18+00:00","mainEntityOfPage":{"@id":"https:\/\/www.bellunopress.it\/2010\/02\/16\/convegno-sul-tema-dei-lavori-pubblici-giovedi-18-febbraio-a-cura-del-centro-studi-bellunese\/"},"wordCount":251,"publisher":{"@id":"https:\/\/www.bellunopress.it\/#organization"},"keywords":["Belluno","Dolomiti"],"articleSection":["Lavoro, Economia, Turismo","Pausa Caff\u00e8"],"inLanguage":"fr-FR"},{"@type":"WebPage","@id":"https:\/\/www.bellunopress.it\/2010\/02\/16\/convegno-sul-tema-dei-lavori-pubblici-giovedi-18-febbraio-a-cura-del-centro-studi-bellunese\/","url":"https:\/\/www.bellunopress.it\/2010\/02\/16\/convegno-sul-tema-dei-lavori-pubblici-giovedi-18-febbraio-a-cura-del-centro-studi-bellunese\/","name":"Convegno sul tema dei lavori pubblici gioved\u00ec 18 febbraio a cura del Centro studi bellunese - Bellunopress - Dolomiti","isPartOf":{"@id":"https:\/\/www.bellunopress.it\/#website"},"datePublished":"2010-02-16T12:51:18+00:00","breadcrumb":{"@id":"https:\/\/www.bellunopress.it\/2010\/02\/16\/convegno-sul-tema-dei-lavori-pubblici-giovedi-18-febbraio-a-cura-del-centro-studi-bellunese\/#breadcrumb"},"inLanguage":"fr-FR","potentialAction":[{"@type":"ReadAction","target":["https:\/\/www.bellunopress.it\/2010\/02\/16\/convegno-sul-tema-dei-lavori-pubblici-giovedi-18-febbraio-a-cura-del-centro-studi-bellunese\/"]}]},{"@type":"BreadcrumbList","@id":"https:\/\/www.bellunopress.it\/2010\/02\/16\/convegno-sul-tema-dei-lavori-pubblici-giovedi-18-febbraio-a-cura-del-centro-studi-bellunese\/#breadcrumb","itemListElement":[{"@type":"ListItem","position":1,"name":"Home","item":"https:\/\/www.bellunopress.it\/"},{"@type":"ListItem","position":2,"name":"Convegno sul tema dei lavori pubblici gioved\u00ec 18 febbraio a cura del Centro studi bellunese"}]},{"@type":"WebSite","@id":"https:\/\/www.bellunopress.it\/#website","url":"https:\/\/www.bellunopress.it\/","name":"Bellunopress - Dolomiti","description":"e-mail: redazione@bellunopress.it","publisher":{"@id":"https:\/\/www.bellunopress.it\/#organization"},"potentialAction":[{"@type":"SearchAction","target":{"@type":"EntryPoint","urlTemplate":"https:\/\/www.bellunopress.it\/?s={search_term_string}"},"query-input":{"@type":"PropertyValueSpecification","valueRequired":true,"valueName":"search_term_string"}}],"inLanguage":"fr-FR"},{"@type":"Organization","@id":"https:\/\/www.bellunopress.it\/#organization","name":"Bellunopress","url":"https:\/\/www.bellunopress.it\/","logo":{"@type":"ImageObject","inLanguage":"fr-FR","@id":"https:\/\/www.bellunopress.it\/#\/schema\/logo\/image\/","url":"https:\/\/www.bellunopress.it\/wp-content\/uploads\/2011\/05\/cropped-logo-bellunopress-.jpg","contentUrl":"https:\/\/www.bellunopress.it\/wp-content\/uploads\/2011\/05\/cropped-logo-bellunopress-.jpg","width":512,"height":512,"caption":"Bellunopress"},"image":{"@id":"https:\/\/www.bellunopress.it\/#\/schema\/logo\/image\/"},"sameAs":["https:\/\/www.facebook.com\/profile.php?id=100008943462799","https:\/\/x.com\/bellunopress","https:\/\/www.linkedin.com\/hp\/?dnr=JBzUWaJfMUw8vbXJJ2tVW5-I3jZKvC4wsoxE&amp;amp;amp;amp;amp;amp;trk=nav_responsive_tab_home","https:\/\/www.youtube.com\/channel\/UCxL0wu1uN0_3_7hGG0306cw"]},{"@type":"Person","@id":"https:\/\/www.bellunopress.it\/#\/schema\/person\/79bb06722b37ece1c03d3e94beb30d73","name":"r\u00e9daction","image":{"@type":"ImageObject","inLanguage":"fr-FR","@id":"https:\/\/secure.gravatar.com\/avatar\/37d968a2e67a6fd04c169c4bdef102d0bc5d31b2546345219e348575eb80e9a0?s=96&d=mm&r=g","url":"https:\/\/secure.gravatar.com\/avatar\/37d968a2e67a6fd04c169c4bdef102d0bc5d31b2546345219e348575eb80e9a0?s=96&d=mm&r=g","contentUrl":"https:\/\/secure.gravatar.com\/avatar\/37d968a2e67a6fd04c169c4bdef102d0bc5d31b2546345219e348575eb80e9a0?s=96&d=mm&r=g","caption":"redazione"},"sameAs":["http:\/\/www.bellunopress.it","https:\/\/x.com\/bellunopress"],"url":"https:\/\/www.bellunopress.it\/fr\/author\/redazione\/"}]}},"_links":{"self":[{"href":"https:\/\/www.bellunopress.it\/fr\/wp-json\/wp\/v2\/posts\/12268","targetHints":{"allow":["GET"]}}],"collection":[{"href":"https:\/\/www.bellunopress.it\/fr\/wp-json\/wp\/v2\/posts"}],"about":[{"href":"https:\/\/www.bellunopress.it\/fr\/wp-json\/wp\/v2\/types\/post"}],"author":[{"embeddable":true,"href":"https:\/\/www.bellunopress.it\/fr\/wp-json\/wp\/v2\/users\/2"}],"replies":[{"embeddable":true,"href":"https:\/\/www.bellunopress.it\/fr\/wp-json\/wp\/v2\/comments?post=12268"}],"version-history":[{"count":3,"href":"https:\/\/www.bellunopress.it\/fr\/wp-json\/wp\/v2\/posts\/12268\/revisions"}],"predecessor-version":[{"id":12545,"href":"https:\/\/www.bellunopress.it\/fr\/wp-json\/wp\/v2\/posts\/12268\/revisions\/12545"}],"wp:attachment":[{"href":"https:\/\/www.bellunopress.it\/fr\/wp-json\/wp\/v2\/media?parent=12268"}],"wp:term":[{"taxonomy":"category","embeddable":true,"href":"https:\/\/www.bellunopress.it\/fr\/wp-json\/wp\/v2\/categories?post=12268"},{"taxonomy":"post_tag","embeddable":true,"href":"https:\/\/www.bellunopress.it\/fr\/wp-json\/wp\/v2\/tags?post=12268"}],"curies":[{"name":"wp","href":"https:\/\/api.w.org\/{rel}","templated":true}]}}