{"id":122558,"date":"2021-03-19T21:57:37","date_gmt":"2021-03-19T20:57:37","guid":{"rendered":"https:\/\/www.bellunopress.it\/?p=122558"},"modified":"2021-03-19T21:57:37","modified_gmt":"2021-03-19T20:57:37","slug":"acc-mel-nel-decreto-sostegni-dinca-assicurata-la-continuita-operativa-allo-stabilimento","status":"publish","type":"post","link":"https:\/\/www.bellunopress.it\/fr\/2021\/03\/19\/acc-mel-nel-decreto-sostegni-dinca-assicurata-la-continuita-operativa-allo-stabilimento\/","title":{"rendered":"Acc Mel nel Decreto sostegni. D&#8217;Inc\u00e0: &#8220;Assicurata la continuit\u00e0 operativa allo stabilimento&#8221;"},"content":{"rendered":"<figure id=\"attachment_91252\" aria-describedby=\"caption-attachment-91252\" style=\"width: 226px\" class=\"wp-caption alignleft\"><a href=\"https:\/\/www.bellunopress.it\/fr\/2017\/12\/04\/gelato-ecco-la-legge-per-tutelarlo-dinca-m5s-il-gelato-e-made-in-italy-puro-irradiato-nel-mondo-dalle-montagne-bellunesi-ecco-la-mia-proposta-per-difenderlo\/federico-dinca-7\/\" rel=\"attachment wp-att-91252\"><img loading=\"lazy\" decoding=\"async\" class=\"size-full wp-image-91252\" src=\"http:\/\/www.bellunopress.it\/wp-content\/uploads\/2017\/12\/federico-dinc\u00e0.jpg\" alt=\"\" width=\"226\" height=\"300\" \/><\/a><figcaption id=\"caption-attachment-91252\" class=\"wp-caption-text\">Federico D&#8217;Inc\u00e0, ministro (M5S)<\/figcaption><\/figure>\n<p>&#8220;Grazie a un importante provvedimento contenuto all&#8217;interno del Decreto Sostegni, lo stabilimento ACC di Mel pu\u00f2 continuare a guardare al futuro e proseguire nel proprio percorso verso la nascita di Italcomp. \u00c8 infatti prevista un&#8217;ulteriore modalit\u00e0 operativa di finanziamento basata sulla diretta concessione di prestiti alle aziende con 250 o pi\u00f9 dipendenti e un fatturato superiore a 50 milioni di euro o un bilancio superiore ai 43 milioni. Sar\u00e0 quindi creato un fondo che, in connessione con l&#8217;attuale situazione di emergenza legata al Covid, assicura alle imprese una continuit\u00e0 operativa grazie alla concessione di prestiti. Si tratta di finanziamenti agevolati, rimborsabili entro 5 anni. In particolare, il fondo pu\u00f2 concedere finanziamenti anche alle imprese in amministrazione straordinaria, come nel caso di ACC: l&#8217;aiuto serve ad assicurare la concessione di prestito diretto alla gestione corrente, alla riattivazione e al completamento di impianti, immobili e attrezzature ma anche per le altre misure indicate nel programma presentato&#8221;.<\/p>\n<p>Lo afferma Federico D&#8217;Inc\u00e0, ministro per i Rapporti con il Parlamento, in seguito alla norma contenuta all&#8217;interno del Decreto Sostegni varato dal Consiglio dei ministri.<\/p>\n<p>&#8220;Questa norma \u2013 prosegue D&#8217;Inc\u00e0 \u2013 permette quindi di superare il momento di difficolt\u00e0 attraversato dall&#8217;azienda e si propone come alternativa al sistema bancario. Mi ritengo molto soddisfatto per questo risultato che rappresenta un&#8217;importante risposta da parte del governo allo stabilimento di Mel. In queste settimane mi sono costantemente interfacciato con il ministro dello Sviluppo Economico Giancarlo Giorgetti e con il ministro dell&#8217;Economia Daniele Franco che ringrazio per l&#8217;attenzione e l&#8217;intenso lavoro svolto. Sono rimasto in contatto costante anche con il commissario Maurizio Castro, con gli amministratori del territorio, oltre all&#8217;unit\u00e0 di crisi del Mise e la sottosegretaria Alessandra Todde, da sempre attiva nella nascita del progetto Italcomp&#8221;.<\/p>\n<p>&#8220;Si tratta di un progetto su cui il Governo, cos\u00ec come il precedente Esecutivo, crede fortemente e su cui non ha mai smesso di porre l&#8217;attenzione. Vorrei esprimere la mia vicinanza ai dipendenti e il mio personale ringraziamento per la loro continua dedizione nei confronti dello stabilimento: un insieme di professionalit\u00e0 e di competenze che meritano di essere valorizzate nell&#8217;intero progetto legato al polo del compressore \u2013 conclude il Ministro D&#8217;Inc\u00e0&#8221;.<\/p>","protected":false},"excerpt":{"rendered":"<p>&#8220;Grazie a un importante provvedimento contenuto all&#8217;interno del Decreto Sostegni, lo stabilimento ACC di Mel pu\u00f2 continuare a guardare al futuro e proseguire nel proprio percorso verso la nascita di Italcomp. \u00c8 infatti prevista un&#8217;ulteriore modalit\u00e0 operativa di finanziamento basata sulla diretta concessione di prestiti alle aziende con 250 o pi\u00f9 dipendenti e un fatturato [&hellip;]<\/p>\n","protected":false},"author":2,"featured_media":91252,"comment_status":"closed","ping_status":"open","sticky":false,"template":"","format":"standard","meta":{"footnotes":""},"categories":[5,36,26],"tags":[],"class_list":["post-122558","post","type-post","status-publish","format-standard","has-post-thumbnail","category-cronaca","category-lavoro-economia","category-prima-pagina"],"yoast_head":"<!-- This site is optimized with the Yoast SEO plugin v28.4 - https:\/\/yoast.com\/product\/yoast-seo-wordpress\/ -->\n<title>Acc Mel nel Decreto sostegni. D&#039;Inc\u00e0: &quot;Assicurata la continuit\u00e0 operativa allo stabilimento&quot; - Bellunopress - Dolomiti<\/title>\n<meta name=\"robots\" content=\"index, follow, max-snippet:-1, max-image-preview:large, max-video-preview:-1\" \/>\n<link rel=\"canonical\" href=\"https:\/\/www.bellunopress.it\/fr\/2021\/03\/19\/acc-mel-nel-decreto-sostegni-dinca-assicurata-la-continuita-operativa-allo-stabilimento\/\" \/>\n<meta property=\"og:locale\" content=\"fr_FR\" \/>\n<meta property=\"og:type\" content=\"article\" \/>\n<meta property=\"og:title\" content=\"Acc Mel nel Decreto sostegni. D&#039;Inc\u00e0: &quot;Assicurata la continuit\u00e0 operativa allo stabilimento&quot; - Bellunopress - Dolomiti\" \/>\n<meta property=\"og:description\" content=\"&#8220;Grazie a un importante provvedimento contenuto all&#8217;interno del Decreto Sostegni, lo stabilimento ACC di Mel pu\u00f2 continuare a guardare al futuro e proseguire nel proprio percorso verso la nascita di Italcomp. \u00c8 infatti prevista un&#8217;ulteriore modalit\u00e0 operativa di finanziamento basata sulla diretta concessione di prestiti alle aziende con 250 o pi\u00f9 dipendenti e un fatturato [&hellip;]\" \/>\n<meta property=\"og:url\" content=\"https:\/\/www.bellunopress.it\/fr\/2021\/03\/19\/acc-mel-nel-decreto-sostegni-dinca-assicurata-la-continuita-operativa-allo-stabilimento\/\" \/>\n<meta property=\"og:site_name\" content=\"Bellunopress - Dolomiti\" \/>\n<meta property=\"article:publisher\" content=\"https:\/\/www.facebook.com\/profile.php?id=100008943462799\" \/>\n<meta property=\"article:published_time\" content=\"2021-03-19T20:57:37+00:00\" \/>\n<meta property=\"og:image\" content=\"https:\/\/www.bellunopress.it\/wp-content\/uploads\/2017\/12\/federico-dinc\u00e0.jpg\" \/>\n\t<meta property=\"og:image:width\" content=\"226\" \/>\n\t<meta property=\"og:image:height\" content=\"300\" \/>\n\t<meta property=\"og:image:type\" content=\"image\/jpeg\" \/>\n<meta name=\"author\" content=\"redazione\" \/>\n<meta name=\"twitter:card\" content=\"summary_large_image\" \/>\n<meta name=\"twitter:creator\" content=\"@bellunopress\" \/>\n<meta name=\"twitter:site\" content=\"@bellunopress\" \/>\n<meta name=\"twitter:label1\" content=\"\u00c9crit par\" \/>\n\t<meta name=\"twitter:data1\" content=\"redazione\" \/>\n\t<meta name=\"twitter:label2\" content=\"Dur\u00e9e de lecture estim\u00e9e\" \/>\n\t<meta name=\"twitter:data2\" content=\"2 minutes\" \/>\n<script type=\"application\/ld+json\" class=\"yoast-schema-graph\">{\"@context\":\"https:\\\/\\\/schema.org\",\"@graph\":[{\"@type\":\"Article\",\"@id\":\"https:\\\/\\\/www.bellunopress.it\\\/2021\\\/03\\\/19\\\/acc-mel-nel-decreto-sostegni-dinca-assicurata-la-continuita-operativa-allo-stabilimento\\\/#article\",\"isPartOf\":{\"@id\":\"https:\\\/\\\/www.bellunopress.it\\\/2021\\\/03\\\/19\\\/acc-mel-nel-decreto-sostegni-dinca-assicurata-la-continuita-operativa-allo-stabilimento\\\/\"},\"author\":{\"name\":\"redazione\",\"@id\":\"https:\\\/\\\/www.bellunopress.it\\\/#\\\/schema\\\/person\\\/79bb06722b37ece1c03d3e94beb30d73\"},\"headline\":\"Acc Mel nel Decreto sostegni. D&#8217;Inc\u00e0: &#8220;Assicurata la continuit\u00e0 operativa allo stabilimento&#8221;\",\"datePublished\":\"2021-03-19T20:57:37+00:00\",\"mainEntityOfPage\":{\"@id\":\"https:\\\/\\\/www.bellunopress.it\\\/2021\\\/03\\\/19\\\/acc-mel-nel-decreto-sostegni-dinca-assicurata-la-continuita-operativa-allo-stabilimento\\\/\"},\"wordCount\":392,\"publisher\":{\"@id\":\"https:\\\/\\\/www.bellunopress.it\\\/#organization\"},\"image\":{\"@id\":\"https:\\\/\\\/www.bellunopress.it\\\/2021\\\/03\\\/19\\\/acc-mel-nel-decreto-sostegni-dinca-assicurata-la-continuita-operativa-allo-stabilimento\\\/#primaryimage\"},\"thumbnailUrl\":\"https:\\\/\\\/www.bellunopress.it\\\/wp-content\\\/uploads\\\/2017\\\/12\\\/federico-dinc\u00e0.jpg\",\"articleSection\":[\"Cronaca\\\/Politica\",\"Lavoro, Economia, Turismo\",\"Prima Pagina\"],\"inLanguage\":\"fr-FR\"},{\"@type\":\"WebPage\",\"@id\":\"https:\\\/\\\/www.bellunopress.it\\\/2021\\\/03\\\/19\\\/acc-mel-nel-decreto-sostegni-dinca-assicurata-la-continuita-operativa-allo-stabilimento\\\/\",\"url\":\"https:\\\/\\\/www.bellunopress.it\\\/2021\\\/03\\\/19\\\/acc-mel-nel-decreto-sostegni-dinca-assicurata-la-continuita-operativa-allo-stabilimento\\\/\",\"name\":\"Acc Mel nel Decreto sostegni. D'Inc\u00e0: \\\"Assicurata la continuit\u00e0 operativa allo stabilimento\\\" - Bellunopress - Dolomiti\",\"isPartOf\":{\"@id\":\"https:\\\/\\\/www.bellunopress.it\\\/#website\"},\"primaryImageOfPage\":{\"@id\":\"https:\\\/\\\/www.bellunopress.it\\\/2021\\\/03\\\/19\\\/acc-mel-nel-decreto-sostegni-dinca-assicurata-la-continuita-operativa-allo-stabilimento\\\/#primaryimage\"},\"image\":{\"@id\":\"https:\\\/\\\/www.bellunopress.it\\\/2021\\\/03\\\/19\\\/acc-mel-nel-decreto-sostegni-dinca-assicurata-la-continuita-operativa-allo-stabilimento\\\/#primaryimage\"},\"thumbnailUrl\":\"https:\\\/\\\/www.bellunopress.it\\\/wp-content\\\/uploads\\\/2017\\\/12\\\/federico-dinc\u00e0.jpg\",\"datePublished\":\"2021-03-19T20:57:37+00:00\",\"breadcrumb\":{\"@id\":\"https:\\\/\\\/www.bellunopress.it\\\/2021\\\/03\\\/19\\\/acc-mel-nel-decreto-sostegni-dinca-assicurata-la-continuita-operativa-allo-stabilimento\\\/#breadcrumb\"},\"inLanguage\":\"fr-FR\",\"potentialAction\":[{\"@type\":\"ReadAction\",\"target\":[\"https:\\\/\\\/www.bellunopress.it\\\/2021\\\/03\\\/19\\\/acc-mel-nel-decreto-sostegni-dinca-assicurata-la-continuita-operativa-allo-stabilimento\\\/\"]}]},{\"@type\":\"ImageObject\",\"inLanguage\":\"fr-FR\",\"@id\":\"https:\\\/\\\/www.bellunopress.it\\\/2021\\\/03\\\/19\\\/acc-mel-nel-decreto-sostegni-dinca-assicurata-la-continuita-operativa-allo-stabilimento\\\/#primaryimage\",\"url\":\"https:\\\/\\\/www.bellunopress.it\\\/wp-content\\\/uploads\\\/2017\\\/12\\\/federico-dinc\u00e0.jpg\",\"contentUrl\":\"https:\\\/\\\/www.bellunopress.it\\\/wp-content\\\/uploads\\\/2017\\\/12\\\/federico-dinc\u00e0.jpg\",\"width\":226,\"height\":300,\"caption\":\"Federico D'Inc\u00e0 - Ministro\"},{\"@type\":\"BreadcrumbList\",\"@id\":\"https:\\\/\\\/www.bellunopress.it\\\/2021\\\/03\\\/19\\\/acc-mel-nel-decreto-sostegni-dinca-assicurata-la-continuita-operativa-allo-stabilimento\\\/#breadcrumb\",\"itemListElement\":[{\"@type\":\"ListItem\",\"position\":1,\"name\":\"Home\",\"item\":\"https:\\\/\\\/www.bellunopress.it\\\/\"},{\"@type\":\"ListItem\",\"position\":2,\"name\":\"Acc Mel nel Decreto sostegni. D&#8217;Inc\u00e0: &#8220;Assicurata la continuit\u00e0 operativa allo stabilimento&#8221;\"}]},{\"@type\":\"WebSite\",\"@id\":\"https:\\\/\\\/www.bellunopress.it\\\/#website\",\"url\":\"https:\\\/\\\/www.bellunopress.it\\\/\",\"name\":\"Bellunopress - Dolomiti\",\"description\":\"e-mail: redazione@bellunopress.it\",\"publisher\":{\"@id\":\"https:\\\/\\\/www.bellunopress.it\\\/#organization\"},\"potentialAction\":[{\"@type\":\"SearchAction\",\"target\":{\"@type\":\"EntryPoint\",\"urlTemplate\":\"https:\\\/\\\/www.bellunopress.it\\\/?s={search_term_string}\"},\"query-input\":{\"@type\":\"PropertyValueSpecification\",\"valueRequired\":true,\"valueName\":\"search_term_string\"}}],\"inLanguage\":\"fr-FR\"},{\"@type\":\"Organization\",\"@id\":\"https:\\\/\\\/www.bellunopress.it\\\/#organization\",\"name\":\"Bellunopress\",\"url\":\"https:\\\/\\\/www.bellunopress.it\\\/\",\"logo\":{\"@type\":\"ImageObject\",\"inLanguage\":\"fr-FR\",\"@id\":\"https:\\\/\\\/www.bellunopress.it\\\/#\\\/schema\\\/logo\\\/image\\\/\",\"url\":\"https:\\\/\\\/www.bellunopress.it\\\/wp-content\\\/uploads\\\/2011\\\/05\\\/cropped-logo-bellunopress-.jpg\",\"contentUrl\":\"https:\\\/\\\/www.bellunopress.it\\\/wp-content\\\/uploads\\\/2011\\\/05\\\/cropped-logo-bellunopress-.jpg\",\"width\":512,\"height\":512,\"caption\":\"Bellunopress\"},\"image\":{\"@id\":\"https:\\\/\\\/www.bellunopress.it\\\/#\\\/schema\\\/logo\\\/image\\\/\"},\"sameAs\":[\"https:\\\/\\\/www.facebook.com\\\/profile.php?id=100008943462799\",\"https:\\\/\\\/x.com\\\/bellunopress\",\"https:\\\/\\\/www.linkedin.com\\\/hp\\\/?dnr=JBzUWaJfMUw8vbXJJ2tVW5-I3jZKvC4wsoxE&amp;amp;amp;amp;amp;amp;trk=nav_responsive_tab_home\",\"https:\\\/\\\/www.youtube.com\\\/channel\\\/UCxL0wu1uN0_3_7hGG0306cw\"]},{\"@type\":\"Person\",\"@id\":\"https:\\\/\\\/www.bellunopress.it\\\/#\\\/schema\\\/person\\\/79bb06722b37ece1c03d3e94beb30d73\",\"name\":\"redazione\",\"image\":{\"@type\":\"ImageObject\",\"inLanguage\":\"fr-FR\",\"@id\":\"https:\\\/\\\/secure.gravatar.com\\\/avatar\\\/37d968a2e67a6fd04c169c4bdef102d0bc5d31b2546345219e348575eb80e9a0?s=96&d=mm&r=g\",\"url\":\"https:\\\/\\\/secure.gravatar.com\\\/avatar\\\/37d968a2e67a6fd04c169c4bdef102d0bc5d31b2546345219e348575eb80e9a0?s=96&d=mm&r=g\",\"contentUrl\":\"https:\\\/\\\/secure.gravatar.com\\\/avatar\\\/37d968a2e67a6fd04c169c4bdef102d0bc5d31b2546345219e348575eb80e9a0?s=96&d=mm&r=g\",\"caption\":\"redazione\"},\"sameAs\":[\"http:\\\/\\\/www.bellunopress.it\",\"https:\\\/\\\/x.com\\\/bellunopress\"],\"url\":\"https:\\\/\\\/www.bellunopress.it\\\/fr\\\/author\\\/redazione\\\/\"}]}<\/script>\n<!-- \/ Yoast SEO plugin. -->","yoast_head_json":{"title":"Acc Mel nel Decreto sostegni. D'Inc\u00e0: \"Assicurata la continuit\u00e0 operativa allo stabilimento\" - Bellunopress - Dolomiti","robots":{"index":"index","follow":"follow","max-snippet":"max-snippet:-1","max-image-preview":"max-image-preview:large","max-video-preview":"max-video-preview:-1"},"canonical":"https:\/\/www.bellunopress.it\/fr\/2021\/03\/19\/acc-mel-nel-decreto-sostegni-dinca-assicurata-la-continuita-operativa-allo-stabilimento\/","og_locale":"fr_FR","og_type":"article","og_title":"Acc Mel nel Decreto sostegni. D'Inc\u00e0: \"Assicurata la continuit\u00e0 operativa allo stabilimento\" - Bellunopress - Dolomiti","og_description":"&#8220;Grazie a un importante provvedimento contenuto all&#8217;interno del Decreto Sostegni, lo stabilimento ACC di Mel pu\u00f2 continuare a guardare al futuro e proseguire nel proprio percorso verso la nascita di Italcomp. \u00c8 infatti prevista un&#8217;ulteriore modalit\u00e0 operativa di finanziamento basata sulla diretta concessione di prestiti alle aziende con 250 o pi\u00f9 dipendenti e un fatturato [&hellip;]","og_url":"https:\/\/www.bellunopress.it\/fr\/2021\/03\/19\/acc-mel-nel-decreto-sostegni-dinca-assicurata-la-continuita-operativa-allo-stabilimento\/","og_site_name":"Bellunopress - Dolomiti","article_publisher":"https:\/\/www.facebook.com\/profile.php?id=100008943462799","article_published_time":"2021-03-19T20:57:37+00:00","og_image":[{"width":226,"height":300,"url":"https:\/\/www.bellunopress.it\/wp-content\/uploads\/2017\/12\/federico-dinc\u00e0.jpg","type":"image\/jpeg"}],"author":"redazione","twitter_card":"summary_large_image","twitter_creator":"@bellunopress","twitter_site":"@bellunopress","twitter_misc":{"\u00c9crit par":"redazione","Dur\u00e9e de lecture estim\u00e9e":"2 minutes"},"schema":{"@context":"https:\/\/schema.org","@graph":[{"@type":"Article","@id":"https:\/\/www.bellunopress.it\/2021\/03\/19\/acc-mel-nel-decreto-sostegni-dinca-assicurata-la-continuita-operativa-allo-stabilimento\/#article","isPartOf":{"@id":"https:\/\/www.bellunopress.it\/2021\/03\/19\/acc-mel-nel-decreto-sostegni-dinca-assicurata-la-continuita-operativa-allo-stabilimento\/"},"author":{"name":"redazione","@id":"https:\/\/www.bellunopress.it\/#\/schema\/person\/79bb06722b37ece1c03d3e94beb30d73"},"headline":"Acc Mel nel Decreto sostegni. D&#8217;Inc\u00e0: &#8220;Assicurata la continuit\u00e0 operativa allo stabilimento&#8221;","datePublished":"2021-03-19T20:57:37+00:00","mainEntityOfPage":{"@id":"https:\/\/www.bellunopress.it\/2021\/03\/19\/acc-mel-nel-decreto-sostegni-dinca-assicurata-la-continuita-operativa-allo-stabilimento\/"},"wordCount":392,"publisher":{"@id":"https:\/\/www.bellunopress.it\/#organization"},"image":{"@id":"https:\/\/www.bellunopress.it\/2021\/03\/19\/acc-mel-nel-decreto-sostegni-dinca-assicurata-la-continuita-operativa-allo-stabilimento\/#primaryimage"},"thumbnailUrl":"https:\/\/www.bellunopress.it\/wp-content\/uploads\/2017\/12\/federico-dinc\u00e0.jpg","articleSection":["Cronaca\/Politica","Lavoro, Economia, Turismo","Prima Pagina"],"inLanguage":"fr-FR"},{"@type":"WebPage","@id":"https:\/\/www.bellunopress.it\/2021\/03\/19\/acc-mel-nel-decreto-sostegni-dinca-assicurata-la-continuita-operativa-allo-stabilimento\/","url":"https:\/\/www.bellunopress.it\/2021\/03\/19\/acc-mel-nel-decreto-sostegni-dinca-assicurata-la-continuita-operativa-allo-stabilimento\/","name":"Acc Mel nel Decreto sostegni. D'Inc\u00e0: \"Assicurata la continuit\u00e0 operativa allo stabilimento\" - Bellunopress - Dolomiti","isPartOf":{"@id":"https:\/\/www.bellunopress.it\/#website"},"primaryImageOfPage":{"@id":"https:\/\/www.bellunopress.it\/2021\/03\/19\/acc-mel-nel-decreto-sostegni-dinca-assicurata-la-continuita-operativa-allo-stabilimento\/#primaryimage"},"image":{"@id":"https:\/\/www.bellunopress.it\/2021\/03\/19\/acc-mel-nel-decreto-sostegni-dinca-assicurata-la-continuita-operativa-allo-stabilimento\/#primaryimage"},"thumbnailUrl":"https:\/\/www.bellunopress.it\/wp-content\/uploads\/2017\/12\/federico-dinc\u00e0.jpg","datePublished":"2021-03-19T20:57:37+00:00","breadcrumb":{"@id":"https:\/\/www.bellunopress.it\/2021\/03\/19\/acc-mel-nel-decreto-sostegni-dinca-assicurata-la-continuita-operativa-allo-stabilimento\/#breadcrumb"},"inLanguage":"fr-FR","potentialAction":[{"@type":"ReadAction","target":["https:\/\/www.bellunopress.it\/2021\/03\/19\/acc-mel-nel-decreto-sostegni-dinca-assicurata-la-continuita-operativa-allo-stabilimento\/"]}]},{"@type":"ImageObject","inLanguage":"fr-FR","@id":"https:\/\/www.bellunopress.it\/2021\/03\/19\/acc-mel-nel-decreto-sostegni-dinca-assicurata-la-continuita-operativa-allo-stabilimento\/#primaryimage","url":"https:\/\/www.bellunopress.it\/wp-content\/uploads\/2017\/12\/federico-dinc\u00e0.jpg","contentUrl":"https:\/\/www.bellunopress.it\/wp-content\/uploads\/2017\/12\/federico-dinc\u00e0.jpg","width":226,"height":300,"caption":"Federico D'Inc\u00e0 - Ministro"},{"@type":"BreadcrumbList","@id":"https:\/\/www.bellunopress.it\/2021\/03\/19\/acc-mel-nel-decreto-sostegni-dinca-assicurata-la-continuita-operativa-allo-stabilimento\/#breadcrumb","itemListElement":[{"@type":"ListItem","position":1,"name":"Home","item":"https:\/\/www.bellunopress.it\/"},{"@type":"ListItem","position":2,"name":"Acc Mel nel Decreto sostegni. D&#8217;Inc\u00e0: &#8220;Assicurata la continuit\u00e0 operativa allo stabilimento&#8221;"}]},{"@type":"WebSite","@id":"https:\/\/www.bellunopress.it\/#website","url":"https:\/\/www.bellunopress.it\/","name":"Bellunopress - Dolomiti","description":"e-mail: redazione@bellunopress.it","publisher":{"@id":"https:\/\/www.bellunopress.it\/#organization"},"potentialAction":[{"@type":"SearchAction","target":{"@type":"EntryPoint","urlTemplate":"https:\/\/www.bellunopress.it\/?s={search_term_string}"},"query-input":{"@type":"PropertyValueSpecification","valueRequired":true,"valueName":"search_term_string"}}],"inLanguage":"fr-FR"},{"@type":"Organization","@id":"https:\/\/www.bellunopress.it\/#organization","name":"Bellunopress","url":"https:\/\/www.bellunopress.it\/","logo":{"@type":"ImageObject","inLanguage":"fr-FR","@id":"https:\/\/www.bellunopress.it\/#\/schema\/logo\/image\/","url":"https:\/\/www.bellunopress.it\/wp-content\/uploads\/2011\/05\/cropped-logo-bellunopress-.jpg","contentUrl":"https:\/\/www.bellunopress.it\/wp-content\/uploads\/2011\/05\/cropped-logo-bellunopress-.jpg","width":512,"height":512,"caption":"Bellunopress"},"image":{"@id":"https:\/\/www.bellunopress.it\/#\/schema\/logo\/image\/"},"sameAs":["https:\/\/www.facebook.com\/profile.php?id=100008943462799","https:\/\/x.com\/bellunopress","https:\/\/www.linkedin.com\/hp\/?dnr=JBzUWaJfMUw8vbXJJ2tVW5-I3jZKvC4wsoxE&amp;amp;amp;amp;amp;amp;trk=nav_responsive_tab_home","https:\/\/www.youtube.com\/channel\/UCxL0wu1uN0_3_7hGG0306cw"]},{"@type":"Person","@id":"https:\/\/www.bellunopress.it\/#\/schema\/person\/79bb06722b37ece1c03d3e94beb30d73","name":"r\u00e9daction","image":{"@type":"ImageObject","inLanguage":"fr-FR","@id":"https:\/\/secure.gravatar.com\/avatar\/37d968a2e67a6fd04c169c4bdef102d0bc5d31b2546345219e348575eb80e9a0?s=96&d=mm&r=g","url":"https:\/\/secure.gravatar.com\/avatar\/37d968a2e67a6fd04c169c4bdef102d0bc5d31b2546345219e348575eb80e9a0?s=96&d=mm&r=g","contentUrl":"https:\/\/secure.gravatar.com\/avatar\/37d968a2e67a6fd04c169c4bdef102d0bc5d31b2546345219e348575eb80e9a0?s=96&d=mm&r=g","caption":"redazione"},"sameAs":["http:\/\/www.bellunopress.it","https:\/\/x.com\/bellunopress"],"url":"https:\/\/www.bellunopress.it\/fr\/author\/redazione\/"}]}},"_links":{"self":[{"href":"https:\/\/www.bellunopress.it\/fr\/wp-json\/wp\/v2\/posts\/122558","targetHints":{"allow":["GET"]}}],"collection":[{"href":"https:\/\/www.bellunopress.it\/fr\/wp-json\/wp\/v2\/posts"}],"about":[{"href":"https:\/\/www.bellunopress.it\/fr\/wp-json\/wp\/v2\/types\/post"}],"author":[{"embeddable":true,"href":"https:\/\/www.bellunopress.it\/fr\/wp-json\/wp\/v2\/users\/2"}],"replies":[{"embeddable":true,"href":"https:\/\/www.bellunopress.it\/fr\/wp-json\/wp\/v2\/comments?post=122558"}],"version-history":[{"count":1,"href":"https:\/\/www.bellunopress.it\/fr\/wp-json\/wp\/v2\/posts\/122558\/revisions"}],"predecessor-version":[{"id":122559,"href":"https:\/\/www.bellunopress.it\/fr\/wp-json\/wp\/v2\/posts\/122558\/revisions\/122559"}],"wp:featuredmedia":[{"embeddable":true,"href":"https:\/\/www.bellunopress.it\/fr\/wp-json\/wp\/v2\/media\/91252"}],"wp:attachment":[{"href":"https:\/\/www.bellunopress.it\/fr\/wp-json\/wp\/v2\/media?parent=122558"}],"wp:term":[{"taxonomy":"category","embeddable":true,"href":"https:\/\/www.bellunopress.it\/fr\/wp-json\/wp\/v2\/categories?post=122558"},{"taxonomy":"post_tag","embeddable":true,"href":"https:\/\/www.bellunopress.it\/fr\/wp-json\/wp\/v2\/tags?post=122558"}],"curies":[{"name":"wp","href":"https:\/\/api.w.org\/{rel}","templated":true}]}}