{"id":122548,"date":"2021-03-19T16:49:36","date_gmt":"2021-03-19T15:49:36","guid":{"rendered":"https:\/\/www.bellunopress.it\/?p=122548"},"modified":"2021-03-19T16:49:36","modified_gmt":"2021-03-19T15:49:36","slug":"pasticcerie-chiuse-grande-distribuzione-aperta-la-provocazione-di-confartigianato-gaggion-perche-non-chiudiamo-i-supermercati-e-lasciamo-aperti-i-piccoli-negozi","status":"publish","type":"post","link":"https:\/\/www.bellunopress.it\/fr\/2021\/03\/19\/pasticcerie-chiuse-grande-distribuzione-aperta-la-provocazione-di-confartigianato-gaggion-perche-non-chiudiamo-i-supermercati-e-lasciamo-aperti-i-piccoli-negozi\/","title":{"rendered":"Pasticcerie chiuse, grande distribuzione aperta. La provocazione di Confartigianato,\u00a0Gaggion: \u00abPerch\u00e9 non chiudiamo i supermercati e lasciamo aperti i piccoli negozi\u00bb?"},"content":{"rendered":"<p><a href=\"https:\/\/www.bellunopress.it\/fr\/2020\/11\/07\/rinnovato-il-consiglio-nazionale-di-confartigianato-dolciario-cristiano-gaggion-titolare-dellomonima-pasticceria-in-alpago-entra-nel-direttivo\/cristiano-gaggion_edited\/\" rel=\"attachment wp-att-119134\"><img loading=\"lazy\" decoding=\"async\" class=\"alignleft size-full wp-image-119134\" src=\"http:\/\/www.bellunopress.it\/wp-content\/uploads\/2020\/11\/Cristiano-Gaggion_edited.jpg\" alt=\"\" width=\"800\" height=\"589\" srcset=\"https:\/\/www.bellunopress.it\/wp-content\/uploads\/2020\/11\/Cristiano-Gaggion_edited.jpg 800w, https:\/\/www.bellunopress.it\/wp-content\/uploads\/2020\/11\/Cristiano-Gaggion_edited-500x368.jpg 500w, https:\/\/www.bellunopress.it\/wp-content\/uploads\/2020\/11\/Cristiano-Gaggion_edited-696x512.jpg 696w, https:\/\/www.bellunopress.it\/wp-content\/uploads\/2020\/11\/Cristiano-Gaggion_edited-570x420.jpg 570w, https:\/\/www.bellunopress.it\/wp-content\/uploads\/2020\/11\/Cristiano-Gaggion_edited-80x60.jpg 80w\" sizes=\"auto, (max-width: 800px) 100vw, 800px\" \/><\/a>Pasqua in &#8220;zona rossa&#8221; penalizza le attivit\u00e0 artigianali. Soprattutto quelle che in concomitanza con le festivit\u00e0 solitamente vedono aumentare il giro d&#8217;affari. Quest&#8217;anno &#8211; come nel 2020 &#8211; a risentirne saranno soprattutto le pasticcerie. E Confartigianato Belluno lancia l&#8217;allarme.<\/p>\n<p>\u00abAbbiamo subito perdite notevoli nell&#8217;ultimo anno. Da Pasqua a Natale 2020 abbiamo dovuto chiudere nei periodi pi\u00f9 produttivi. E adesso siamo di nuovo con le attivit\u00e0 ferme, o quasi &#8211; afferma Cristiano Gaggion, presidente dei dolciari di Confartigianato Belluno -. In un anno non \u00e8 cambiato praticamente nulla. Siamo andati avanti a tentativi, abbiamo lasciato aperto alcuni settori a scapito di altri. E non ha funzionato. Allora proviamo a chiudere la grande distribuzione e tenere aperti i piccoli negozi. Poi vediamo come va\u00bb.<\/p>\n<p>Si tratta di una provocazione, ma che ha una sua logica. \u00abI negozi e le attivit\u00e0 artigianali devono lavorare soltanto con l&#8217;asporto, mentre i maxistore possono tenere regolarmente aperto. Significa che la gente non pu\u00f2 comprare l&#8217;uovo di Pasqua in pasticceria, perch\u00e9 la zona rossa impedisce gli spostamenti. Ma lo trova al supermercato e compra quello industriale &#8211; continua Gaggion -. Non si tratta solo di concorrenza sleale: c&#8217;\u00e8 anche il rischio di innescare nuove abitudini nei consumatori, a scapito delle piccole attivit\u00e0 e degli artigiani\u00bb.<\/p>\n<p>Attivit\u00e0 che hanno subito perdite notevoli nell&#8217;ultimo anno. \u00abParliamo, per il settore dolciario, di numeri variabili tra il -50 e il -80%. Anche di pi\u00f9 in alcune zone &#8211; sottolinea Gaggion -. L&#8217;asporto non \u00e8 sufficiente a riequilibrare le chiusure. In questo periodo, prima che scattasse la nuova &#8220;zona rossa&#8221;, quasi tutti avevano fatto il rifornimento di cioccolato per le uova di Pasqua. Credo che molti dovranno buttare gran parte della materia prima\u00bb.<\/p>","protected":false},"excerpt":{"rendered":"<p>Pasqua in &#8220;zona rossa&#8221; penalizza le attivit\u00e0 artigianali. Soprattutto quelle che in concomitanza con le festivit\u00e0 solitamente vedono aumentare il giro d&#8217;affari. Quest&#8217;anno &#8211; come nel 2020 &#8211; a risentirne saranno soprattutto le pasticcerie. E Confartigianato Belluno lancia l&#8217;allarme. \u00abAbbiamo subito perdite notevoli nell&#8217;ultimo anno. Da Pasqua a Natale 2020 abbiamo dovuto chiudere nei periodi [&hellip;]<\/p>\n","protected":false},"author":2,"featured_media":113513,"comment_status":"closed","ping_status":"open","sticky":false,"template":"","format":"standard","meta":{"footnotes":""},"categories":[36,26],"tags":[],"class_list":["post-122548","post","type-post","status-publish","format-standard","has-post-thumbnail","category-lavoro-economia","category-prima-pagina"],"yoast_head":"<!-- This site is optimized with the Yoast SEO plugin v28.4 - https:\/\/yoast.com\/product\/yoast-seo-wordpress\/ -->\n<title>Pasticcerie chiuse, grande distribuzione aperta. La provocazione di Confartigianato,\u00a0Gaggion: \u00abPerch\u00e9 non chiudiamo i supermercati e lasciamo aperti i piccoli negozi\u00bb? - Bellunopress - Dolomiti<\/title>\n<meta name=\"robots\" content=\"index, follow, max-snippet:-1, max-image-preview:large, max-video-preview:-1\" \/>\n<link rel=\"canonical\" href=\"https:\/\/www.bellunopress.it\/fr\/2021\/03\/19\/pasticcerie-chiuse-grande-distribuzione-aperta-la-provocazione-di-confartigianato-gaggion-perche-non-chiudiamo-i-supermercati-e-lasciamo-aperti-i-piccoli-negozi\/\" \/>\n<meta property=\"og:locale\" content=\"fr_FR\" \/>\n<meta property=\"og:type\" content=\"article\" \/>\n<meta property=\"og:title\" content=\"Pasticcerie chiuse, grande distribuzione aperta. La provocazione di Confartigianato,\u00a0Gaggion: \u00abPerch\u00e9 non chiudiamo i supermercati e lasciamo aperti i piccoli negozi\u00bb? - Bellunopress - Dolomiti\" \/>\n<meta property=\"og:description\" content=\"Pasqua in &#8220;zona rossa&#8221; penalizza le attivit\u00e0 artigianali. Soprattutto quelle che in concomitanza con le festivit\u00e0 solitamente vedono aumentare il giro d&#8217;affari. Quest&#8217;anno &#8211; come nel 2020 &#8211; a risentirne saranno soprattutto le pasticcerie. E Confartigianato Belluno lancia l&#8217;allarme. \u00abAbbiamo subito perdite notevoli nell&#8217;ultimo anno. Da Pasqua a Natale 2020 abbiamo dovuto chiudere nei periodi [&hellip;]\" \/>\n<meta property=\"og:url\" content=\"https:\/\/www.bellunopress.it\/fr\/2021\/03\/19\/pasticcerie-chiuse-grande-distribuzione-aperta-la-provocazione-di-confartigianato-gaggion-perche-non-chiudiamo-i-supermercati-e-lasciamo-aperti-i-piccoli-negozi\/\" \/>\n<meta property=\"og:site_name\" content=\"Bellunopress - Dolomiti\" \/>\n<meta property=\"article:publisher\" content=\"https:\/\/www.facebook.com\/profile.php?id=100008943462799\" \/>\n<meta property=\"article:published_time\" content=\"2021-03-19T15:49:36+00:00\" \/>\n<meta property=\"og:image\" content=\"https:\/\/www.bellunopress.it\/wp-content\/uploads\/2020\/04\/Gaggion_edited.jpg\" \/>\n\t<meta property=\"og:image:width\" content=\"800\" \/>\n\t<meta property=\"og:image:height\" content=\"696\" \/>\n\t<meta property=\"og:image:type\" content=\"image\/jpeg\" \/>\n<meta name=\"author\" content=\"redazione\" \/>\n<meta name=\"twitter:card\" content=\"summary_large_image\" \/>\n<meta name=\"twitter:creator\" content=\"@bellunopress\" \/>\n<meta name=\"twitter:site\" content=\"@bellunopress\" \/>\n<meta name=\"twitter:label1\" content=\"\u00c9crit par\" \/>\n\t<meta name=\"twitter:data1\" content=\"redazione\" \/>\n\t<meta name=\"twitter:label2\" content=\"Dur\u00e9e de lecture estim\u00e9e\" \/>\n\t<meta name=\"twitter:data2\" content=\"2 minutes\" \/>\n<script type=\"application\/ld+json\" class=\"yoast-schema-graph\">{\"@context\":\"https:\\\/\\\/schema.org\",\"@graph\":[{\"@type\":\"Article\",\"@id\":\"https:\\\/\\\/www.bellunopress.it\\\/2021\\\/03\\\/19\\\/pasticcerie-chiuse-grande-distribuzione-aperta-la-provocazione-di-confartigianato-gaggion-perche-non-chiudiamo-i-supermercati-e-lasciamo-aperti-i-piccoli-negozi\\\/#article\",\"isPartOf\":{\"@id\":\"https:\\\/\\\/www.bellunopress.it\\\/2021\\\/03\\\/19\\\/pasticcerie-chiuse-grande-distribuzione-aperta-la-provocazione-di-confartigianato-gaggion-perche-non-chiudiamo-i-supermercati-e-lasciamo-aperti-i-piccoli-negozi\\\/\"},\"author\":{\"name\":\"redazione\",\"@id\":\"https:\\\/\\\/www.bellunopress.it\\\/#\\\/schema\\\/person\\\/79bb06722b37ece1c03d3e94beb30d73\"},\"headline\":\"Pasticcerie chiuse, grande distribuzione aperta. La provocazione di Confartigianato,\u00a0Gaggion: \u00abPerch\u00e9 non chiudiamo i supermercati e lasciamo aperti i piccoli negozi\u00bb?\",\"datePublished\":\"2021-03-19T15:49:36+00:00\",\"mainEntityOfPage\":{\"@id\":\"https:\\\/\\\/www.bellunopress.it\\\/2021\\\/03\\\/19\\\/pasticcerie-chiuse-grande-distribuzione-aperta-la-provocazione-di-confartigianato-gaggion-perche-non-chiudiamo-i-supermercati-e-lasciamo-aperti-i-piccoli-negozi\\\/\"},\"wordCount\":306,\"publisher\":{\"@id\":\"https:\\\/\\\/www.bellunopress.it\\\/#organization\"},\"image\":{\"@id\":\"https:\\\/\\\/www.bellunopress.it\\\/2021\\\/03\\\/19\\\/pasticcerie-chiuse-grande-distribuzione-aperta-la-provocazione-di-confartigianato-gaggion-perche-non-chiudiamo-i-supermercati-e-lasciamo-aperti-i-piccoli-negozi\\\/#primaryimage\"},\"thumbnailUrl\":\"https:\\\/\\\/www.bellunopress.it\\\/wp-content\\\/uploads\\\/2020\\\/04\\\/Gaggion_edited.jpg\",\"articleSection\":[\"Lavoro, Economia, Turismo\",\"Prima Pagina\"],\"inLanguage\":\"fr-FR\"},{\"@type\":\"WebPage\",\"@id\":\"https:\\\/\\\/www.bellunopress.it\\\/2021\\\/03\\\/19\\\/pasticcerie-chiuse-grande-distribuzione-aperta-la-provocazione-di-confartigianato-gaggion-perche-non-chiudiamo-i-supermercati-e-lasciamo-aperti-i-piccoli-negozi\\\/\",\"url\":\"https:\\\/\\\/www.bellunopress.it\\\/2021\\\/03\\\/19\\\/pasticcerie-chiuse-grande-distribuzione-aperta-la-provocazione-di-confartigianato-gaggion-perche-non-chiudiamo-i-supermercati-e-lasciamo-aperti-i-piccoli-negozi\\\/\",\"name\":\"Pasticcerie chiuse, grande distribuzione aperta. La provocazione di Confartigianato,\u00a0Gaggion: \u00abPerch\u00e9 non chiudiamo i supermercati e lasciamo aperti i piccoli negozi\u00bb? - Bellunopress - Dolomiti\",\"isPartOf\":{\"@id\":\"https:\\\/\\\/www.bellunopress.it\\\/#website\"},\"primaryImageOfPage\":{\"@id\":\"https:\\\/\\\/www.bellunopress.it\\\/2021\\\/03\\\/19\\\/pasticcerie-chiuse-grande-distribuzione-aperta-la-provocazione-di-confartigianato-gaggion-perche-non-chiudiamo-i-supermercati-e-lasciamo-aperti-i-piccoli-negozi\\\/#primaryimage\"},\"image\":{\"@id\":\"https:\\\/\\\/www.bellunopress.it\\\/2021\\\/03\\\/19\\\/pasticcerie-chiuse-grande-distribuzione-aperta-la-provocazione-di-confartigianato-gaggion-perche-non-chiudiamo-i-supermercati-e-lasciamo-aperti-i-piccoli-negozi\\\/#primaryimage\"},\"thumbnailUrl\":\"https:\\\/\\\/www.bellunopress.it\\\/wp-content\\\/uploads\\\/2020\\\/04\\\/Gaggion_edited.jpg\",\"datePublished\":\"2021-03-19T15:49:36+00:00\",\"breadcrumb\":{\"@id\":\"https:\\\/\\\/www.bellunopress.it\\\/2021\\\/03\\\/19\\\/pasticcerie-chiuse-grande-distribuzione-aperta-la-provocazione-di-confartigianato-gaggion-perche-non-chiudiamo-i-supermercati-e-lasciamo-aperti-i-piccoli-negozi\\\/#breadcrumb\"},\"inLanguage\":\"fr-FR\",\"potentialAction\":[{\"@type\":\"ReadAction\",\"target\":[\"https:\\\/\\\/www.bellunopress.it\\\/2021\\\/03\\\/19\\\/pasticcerie-chiuse-grande-distribuzione-aperta-la-provocazione-di-confartigianato-gaggion-perche-non-chiudiamo-i-supermercati-e-lasciamo-aperti-i-piccoli-negozi\\\/\"]}]},{\"@type\":\"ImageObject\",\"inLanguage\":\"fr-FR\",\"@id\":\"https:\\\/\\\/www.bellunopress.it\\\/2021\\\/03\\\/19\\\/pasticcerie-chiuse-grande-distribuzione-aperta-la-provocazione-di-confartigianato-gaggion-perche-non-chiudiamo-i-supermercati-e-lasciamo-aperti-i-piccoli-negozi\\\/#primaryimage\",\"url\":\"https:\\\/\\\/www.bellunopress.it\\\/wp-content\\\/uploads\\\/2020\\\/04\\\/Gaggion_edited.jpg\",\"contentUrl\":\"https:\\\/\\\/www.bellunopress.it\\\/wp-content\\\/uploads\\\/2020\\\/04\\\/Gaggion_edited.jpg\",\"width\":800,\"height\":696,\"caption\":\"Cristiano Gaggion, Presidente della categoria dei dolciari e della Federazione Alimentaristi\"},{\"@type\":\"BreadcrumbList\",\"@id\":\"https:\\\/\\\/www.bellunopress.it\\\/2021\\\/03\\\/19\\\/pasticcerie-chiuse-grande-distribuzione-aperta-la-provocazione-di-confartigianato-gaggion-perche-non-chiudiamo-i-supermercati-e-lasciamo-aperti-i-piccoli-negozi\\\/#breadcrumb\",\"itemListElement\":[{\"@type\":\"ListItem\",\"position\":1,\"name\":\"Home\",\"item\":\"https:\\\/\\\/www.bellunopress.it\\\/\"},{\"@type\":\"ListItem\",\"position\":2,\"name\":\"Pasticcerie chiuse, grande distribuzione aperta. La provocazione di Confartigianato,\u00a0Gaggion: \u00abPerch\u00e9 non chiudiamo i supermercati e lasciamo aperti i piccoli negozi\u00bb?\"}]},{\"@type\":\"WebSite\",\"@id\":\"https:\\\/\\\/www.bellunopress.it\\\/#website\",\"url\":\"https:\\\/\\\/www.bellunopress.it\\\/\",\"name\":\"Bellunopress - Dolomiti\",\"description\":\"e-mail: redazione@bellunopress.it\",\"publisher\":{\"@id\":\"https:\\\/\\\/www.bellunopress.it\\\/#organization\"},\"potentialAction\":[{\"@type\":\"SearchAction\",\"target\":{\"@type\":\"EntryPoint\",\"urlTemplate\":\"https:\\\/\\\/www.bellunopress.it\\\/?s={search_term_string}\"},\"query-input\":{\"@type\":\"PropertyValueSpecification\",\"valueRequired\":true,\"valueName\":\"search_term_string\"}}],\"inLanguage\":\"fr-FR\"},{\"@type\":\"Organization\",\"@id\":\"https:\\\/\\\/www.bellunopress.it\\\/#organization\",\"name\":\"Bellunopress\",\"url\":\"https:\\\/\\\/www.bellunopress.it\\\/\",\"logo\":{\"@type\":\"ImageObject\",\"inLanguage\":\"fr-FR\",\"@id\":\"https:\\\/\\\/www.bellunopress.it\\\/#\\\/schema\\\/logo\\\/image\\\/\",\"url\":\"https:\\\/\\\/www.bellunopress.it\\\/wp-content\\\/uploads\\\/2011\\\/05\\\/cropped-logo-bellunopress-.jpg\",\"contentUrl\":\"https:\\\/\\\/www.bellunopress.it\\\/wp-content\\\/uploads\\\/2011\\\/05\\\/cropped-logo-bellunopress-.jpg\",\"width\":512,\"height\":512,\"caption\":\"Bellunopress\"},\"image\":{\"@id\":\"https:\\\/\\\/www.bellunopress.it\\\/#\\\/schema\\\/logo\\\/image\\\/\"},\"sameAs\":[\"https:\\\/\\\/www.facebook.com\\\/profile.php?id=100008943462799\",\"https:\\\/\\\/x.com\\\/bellunopress\",\"https:\\\/\\\/www.linkedin.com\\\/hp\\\/?dnr=JBzUWaJfMUw8vbXJJ2tVW5-I3jZKvC4wsoxE&amp;amp;amp;amp;amp;amp;trk=nav_responsive_tab_home\",\"https:\\\/\\\/www.youtube.com\\\/channel\\\/UCxL0wu1uN0_3_7hGG0306cw\"]},{\"@type\":\"Person\",\"@id\":\"https:\\\/\\\/www.bellunopress.it\\\/#\\\/schema\\\/person\\\/79bb06722b37ece1c03d3e94beb30d73\",\"name\":\"redazione\",\"image\":{\"@type\":\"ImageObject\",\"inLanguage\":\"fr-FR\",\"@id\":\"https:\\\/\\\/secure.gravatar.com\\\/avatar\\\/37d968a2e67a6fd04c169c4bdef102d0bc5d31b2546345219e348575eb80e9a0?s=96&d=mm&r=g\",\"url\":\"https:\\\/\\\/secure.gravatar.com\\\/avatar\\\/37d968a2e67a6fd04c169c4bdef102d0bc5d31b2546345219e348575eb80e9a0?s=96&d=mm&r=g\",\"contentUrl\":\"https:\\\/\\\/secure.gravatar.com\\\/avatar\\\/37d968a2e67a6fd04c169c4bdef102d0bc5d31b2546345219e348575eb80e9a0?s=96&d=mm&r=g\",\"caption\":\"redazione\"},\"sameAs\":[\"http:\\\/\\\/www.bellunopress.it\",\"https:\\\/\\\/x.com\\\/bellunopress\"],\"url\":\"https:\\\/\\\/www.bellunopress.it\\\/fr\\\/author\\\/redazione\\\/\"}]}<\/script>\n<!-- \/ Yoast SEO plugin. -->","yoast_head_json":{"title":"Pasticcerie chiuse, grande distribuzione aperta. La provocazione di Confartigianato,\u00a0Gaggion: \u00abPerch\u00e9 non chiudiamo i supermercati e lasciamo aperti i piccoli negozi\u00bb? - Bellunopress - Dolomiti","robots":{"index":"index","follow":"follow","max-snippet":"max-snippet:-1","max-image-preview":"max-image-preview:large","max-video-preview":"max-video-preview:-1"},"canonical":"https:\/\/www.bellunopress.it\/fr\/2021\/03\/19\/pasticcerie-chiuse-grande-distribuzione-aperta-la-provocazione-di-confartigianato-gaggion-perche-non-chiudiamo-i-supermercati-e-lasciamo-aperti-i-piccoli-negozi\/","og_locale":"fr_FR","og_type":"article","og_title":"Pasticcerie chiuse, grande distribuzione aperta. La provocazione di Confartigianato,\u00a0Gaggion: \u00abPerch\u00e9 non chiudiamo i supermercati e lasciamo aperti i piccoli negozi\u00bb? - Bellunopress - Dolomiti","og_description":"Pasqua in &#8220;zona rossa&#8221; penalizza le attivit\u00e0 artigianali. Soprattutto quelle che in concomitanza con le festivit\u00e0 solitamente vedono aumentare il giro d&#8217;affari. Quest&#8217;anno &#8211; come nel 2020 &#8211; a risentirne saranno soprattutto le pasticcerie. E Confartigianato Belluno lancia l&#8217;allarme. \u00abAbbiamo subito perdite notevoli nell&#8217;ultimo anno. Da Pasqua a Natale 2020 abbiamo dovuto chiudere nei periodi [&hellip;]","og_url":"https:\/\/www.bellunopress.it\/fr\/2021\/03\/19\/pasticcerie-chiuse-grande-distribuzione-aperta-la-provocazione-di-confartigianato-gaggion-perche-non-chiudiamo-i-supermercati-e-lasciamo-aperti-i-piccoli-negozi\/","og_site_name":"Bellunopress - Dolomiti","article_publisher":"https:\/\/www.facebook.com\/profile.php?id=100008943462799","article_published_time":"2021-03-19T15:49:36+00:00","og_image":[{"width":800,"height":696,"url":"https:\/\/www.bellunopress.it\/wp-content\/uploads\/2020\/04\/Gaggion_edited.jpg","type":"image\/jpeg"}],"author":"redazione","twitter_card":"summary_large_image","twitter_creator":"@bellunopress","twitter_site":"@bellunopress","twitter_misc":{"\u00c9crit par":"redazione","Dur\u00e9e de lecture estim\u00e9e":"2 minutes"},"schema":{"@context":"https:\/\/schema.org","@graph":[{"@type":"Article","@id":"https:\/\/www.bellunopress.it\/2021\/03\/19\/pasticcerie-chiuse-grande-distribuzione-aperta-la-provocazione-di-confartigianato-gaggion-perche-non-chiudiamo-i-supermercati-e-lasciamo-aperti-i-piccoli-negozi\/#article","isPartOf":{"@id":"https:\/\/www.bellunopress.it\/2021\/03\/19\/pasticcerie-chiuse-grande-distribuzione-aperta-la-provocazione-di-confartigianato-gaggion-perche-non-chiudiamo-i-supermercati-e-lasciamo-aperti-i-piccoli-negozi\/"},"author":{"name":"redazione","@id":"https:\/\/www.bellunopress.it\/#\/schema\/person\/79bb06722b37ece1c03d3e94beb30d73"},"headline":"Pasticcerie chiuse, grande distribuzione aperta. La provocazione di Confartigianato,\u00a0Gaggion: \u00abPerch\u00e9 non chiudiamo i supermercati e lasciamo aperti i piccoli negozi\u00bb?","datePublished":"2021-03-19T15:49:36+00:00","mainEntityOfPage":{"@id":"https:\/\/www.bellunopress.it\/2021\/03\/19\/pasticcerie-chiuse-grande-distribuzione-aperta-la-provocazione-di-confartigianato-gaggion-perche-non-chiudiamo-i-supermercati-e-lasciamo-aperti-i-piccoli-negozi\/"},"wordCount":306,"publisher":{"@id":"https:\/\/www.bellunopress.it\/#organization"},"image":{"@id":"https:\/\/www.bellunopress.it\/2021\/03\/19\/pasticcerie-chiuse-grande-distribuzione-aperta-la-provocazione-di-confartigianato-gaggion-perche-non-chiudiamo-i-supermercati-e-lasciamo-aperti-i-piccoli-negozi\/#primaryimage"},"thumbnailUrl":"https:\/\/www.bellunopress.it\/wp-content\/uploads\/2020\/04\/Gaggion_edited.jpg","articleSection":["Lavoro, Economia, Turismo","Prima Pagina"],"inLanguage":"fr-FR"},{"@type":"WebPage","@id":"https:\/\/www.bellunopress.it\/2021\/03\/19\/pasticcerie-chiuse-grande-distribuzione-aperta-la-provocazione-di-confartigianato-gaggion-perche-non-chiudiamo-i-supermercati-e-lasciamo-aperti-i-piccoli-negozi\/","url":"https:\/\/www.bellunopress.it\/2021\/03\/19\/pasticcerie-chiuse-grande-distribuzione-aperta-la-provocazione-di-confartigianato-gaggion-perche-non-chiudiamo-i-supermercati-e-lasciamo-aperti-i-piccoli-negozi\/","name":"Pasticcerie chiuse, grande distribuzione aperta. La provocazione di Confartigianato,\u00a0Gaggion: \u00abPerch\u00e9 non chiudiamo i supermercati e lasciamo aperti i piccoli negozi\u00bb? - Bellunopress - Dolomiti","isPartOf":{"@id":"https:\/\/www.bellunopress.it\/#website"},"primaryImageOfPage":{"@id":"https:\/\/www.bellunopress.it\/2021\/03\/19\/pasticcerie-chiuse-grande-distribuzione-aperta-la-provocazione-di-confartigianato-gaggion-perche-non-chiudiamo-i-supermercati-e-lasciamo-aperti-i-piccoli-negozi\/#primaryimage"},"image":{"@id":"https:\/\/www.bellunopress.it\/2021\/03\/19\/pasticcerie-chiuse-grande-distribuzione-aperta-la-provocazione-di-confartigianato-gaggion-perche-non-chiudiamo-i-supermercati-e-lasciamo-aperti-i-piccoli-negozi\/#primaryimage"},"thumbnailUrl":"https:\/\/www.bellunopress.it\/wp-content\/uploads\/2020\/04\/Gaggion_edited.jpg","datePublished":"2021-03-19T15:49:36+00:00","breadcrumb":{"@id":"https:\/\/www.bellunopress.it\/2021\/03\/19\/pasticcerie-chiuse-grande-distribuzione-aperta-la-provocazione-di-confartigianato-gaggion-perche-non-chiudiamo-i-supermercati-e-lasciamo-aperti-i-piccoli-negozi\/#breadcrumb"},"inLanguage":"fr-FR","potentialAction":[{"@type":"ReadAction","target":["https:\/\/www.bellunopress.it\/2021\/03\/19\/pasticcerie-chiuse-grande-distribuzione-aperta-la-provocazione-di-confartigianato-gaggion-perche-non-chiudiamo-i-supermercati-e-lasciamo-aperti-i-piccoli-negozi\/"]}]},{"@type":"ImageObject","inLanguage":"fr-FR","@id":"https:\/\/www.bellunopress.it\/2021\/03\/19\/pasticcerie-chiuse-grande-distribuzione-aperta-la-provocazione-di-confartigianato-gaggion-perche-non-chiudiamo-i-supermercati-e-lasciamo-aperti-i-piccoli-negozi\/#primaryimage","url":"https:\/\/www.bellunopress.it\/wp-content\/uploads\/2020\/04\/Gaggion_edited.jpg","contentUrl":"https:\/\/www.bellunopress.it\/wp-content\/uploads\/2020\/04\/Gaggion_edited.jpg","width":800,"height":696,"caption":"Cristiano Gaggion, Presidente della categoria dei dolciari e della Federazione Alimentaristi"},{"@type":"BreadcrumbList","@id":"https:\/\/www.bellunopress.it\/2021\/03\/19\/pasticcerie-chiuse-grande-distribuzione-aperta-la-provocazione-di-confartigianato-gaggion-perche-non-chiudiamo-i-supermercati-e-lasciamo-aperti-i-piccoli-negozi\/#breadcrumb","itemListElement":[{"@type":"ListItem","position":1,"name":"Home","item":"https:\/\/www.bellunopress.it\/"},{"@type":"ListItem","position":2,"name":"Pasticcerie chiuse, grande distribuzione aperta. La provocazione di Confartigianato,\u00a0Gaggion: \u00abPerch\u00e9 non chiudiamo i supermercati e lasciamo aperti i piccoli negozi\u00bb?"}]},{"@type":"WebSite","@id":"https:\/\/www.bellunopress.it\/#website","url":"https:\/\/www.bellunopress.it\/","name":"Bellunopress - Dolomiti","description":"e-mail: redazione@bellunopress.it","publisher":{"@id":"https:\/\/www.bellunopress.it\/#organization"},"potentialAction":[{"@type":"SearchAction","target":{"@type":"EntryPoint","urlTemplate":"https:\/\/www.bellunopress.it\/?s={search_term_string}"},"query-input":{"@type":"PropertyValueSpecification","valueRequired":true,"valueName":"search_term_string"}}],"inLanguage":"fr-FR"},{"@type":"Organization","@id":"https:\/\/www.bellunopress.it\/#organization","name":"Bellunopress","url":"https:\/\/www.bellunopress.it\/","logo":{"@type":"ImageObject","inLanguage":"fr-FR","@id":"https:\/\/www.bellunopress.it\/#\/schema\/logo\/image\/","url":"https:\/\/www.bellunopress.it\/wp-content\/uploads\/2011\/05\/cropped-logo-bellunopress-.jpg","contentUrl":"https:\/\/www.bellunopress.it\/wp-content\/uploads\/2011\/05\/cropped-logo-bellunopress-.jpg","width":512,"height":512,"caption":"Bellunopress"},"image":{"@id":"https:\/\/www.bellunopress.it\/#\/schema\/logo\/image\/"},"sameAs":["https:\/\/www.facebook.com\/profile.php?id=100008943462799","https:\/\/x.com\/bellunopress","https:\/\/www.linkedin.com\/hp\/?dnr=JBzUWaJfMUw8vbXJJ2tVW5-I3jZKvC4wsoxE&amp;amp;amp;amp;amp;amp;trk=nav_responsive_tab_home","https:\/\/www.youtube.com\/channel\/UCxL0wu1uN0_3_7hGG0306cw"]},{"@type":"Person","@id":"https:\/\/www.bellunopress.it\/#\/schema\/person\/79bb06722b37ece1c03d3e94beb30d73","name":"r\u00e9daction","image":{"@type":"ImageObject","inLanguage":"fr-FR","@id":"https:\/\/secure.gravatar.com\/avatar\/37d968a2e67a6fd04c169c4bdef102d0bc5d31b2546345219e348575eb80e9a0?s=96&d=mm&r=g","url":"https:\/\/secure.gravatar.com\/avatar\/37d968a2e67a6fd04c169c4bdef102d0bc5d31b2546345219e348575eb80e9a0?s=96&d=mm&r=g","contentUrl":"https:\/\/secure.gravatar.com\/avatar\/37d968a2e67a6fd04c169c4bdef102d0bc5d31b2546345219e348575eb80e9a0?s=96&d=mm&r=g","caption":"redazione"},"sameAs":["http:\/\/www.bellunopress.it","https:\/\/x.com\/bellunopress"],"url":"https:\/\/www.bellunopress.it\/fr\/author\/redazione\/"}]}},"_links":{"self":[{"href":"https:\/\/www.bellunopress.it\/fr\/wp-json\/wp\/v2\/posts\/122548","targetHints":{"allow":["GET"]}}],"collection":[{"href":"https:\/\/www.bellunopress.it\/fr\/wp-json\/wp\/v2\/posts"}],"about":[{"href":"https:\/\/www.bellunopress.it\/fr\/wp-json\/wp\/v2\/types\/post"}],"author":[{"embeddable":true,"href":"https:\/\/www.bellunopress.it\/fr\/wp-json\/wp\/v2\/users\/2"}],"replies":[{"embeddable":true,"href":"https:\/\/www.bellunopress.it\/fr\/wp-json\/wp\/v2\/comments?post=122548"}],"version-history":[{"count":1,"href":"https:\/\/www.bellunopress.it\/fr\/wp-json\/wp\/v2\/posts\/122548\/revisions"}],"predecessor-version":[{"id":122549,"href":"https:\/\/www.bellunopress.it\/fr\/wp-json\/wp\/v2\/posts\/122548\/revisions\/122549"}],"wp:featuredmedia":[{"embeddable":true,"href":"https:\/\/www.bellunopress.it\/fr\/wp-json\/wp\/v2\/media\/113513"}],"wp:attachment":[{"href":"https:\/\/www.bellunopress.it\/fr\/wp-json\/wp\/v2\/media?parent=122548"}],"wp:term":[{"taxonomy":"category","embeddable":true,"href":"https:\/\/www.bellunopress.it\/fr\/wp-json\/wp\/v2\/categories?post=122548"},{"taxonomy":"post_tag","embeddable":true,"href":"https:\/\/www.bellunopress.it\/fr\/wp-json\/wp\/v2\/tags?post=122548"}],"curies":[{"name":"wp","href":"https:\/\/api.w.org\/{rel}","templated":true}]}}