{"id":122544,"date":"2021-03-19T15:57:50","date_gmt":"2021-03-19T14:57:50","guid":{"rendered":"https:\/\/www.bellunopress.it\/?p=122544"},"modified":"2021-03-19T17:54:24","modified_gmt":"2021-03-19T16:54:24","slug":"marzo-mese-della-prevenzione-germana-il-ritardo-diagnostico-nel-cancro-del-colon-retto-puo-essere-fatale-importante-aderire-allo-screening","status":"publish","type":"post","link":"https:\/\/www.bellunopress.it\/fr\/2021\/03\/19\/marzo-mese-della-prevenzione-germana-il-ritardo-diagnostico-nel-cancro-del-colon-retto-puo-essere-fatale-importante-aderire-allo-screening\/","title":{"rendered":"Marzo mese della prevenzione. German\u00e0: \u201cIl ritardo diagnostico nel cancro del colon retto pu\u00f2 essere fatale. Importante aderire allo screening\u201d"},"content":{"rendered":"<p><a href=\"https:\/\/www.bellunopress.it\/fr\/2021\/03\/19\/marzo-mese-della-prevenzione-germana-il-ritardo-diagnostico-nel-cancro-del-colon-retto-puo-essere-fatale-importante-aderire-allo-screening\/bastianello-germana_edited\/\" rel=\"attachment wp-att-122545\"><img loading=\"lazy\" decoding=\"async\" class=\"alignleft size-full wp-image-122545\" src=\"http:\/\/www.bellunopress.it\/wp-content\/uploads\/2021\/03\/Bastianello-Germana_edited.jpg\" alt=\"\" width=\"1000\" height=\"776\" srcset=\"https:\/\/www.bellunopress.it\/wp-content\/uploads\/2021\/03\/Bastianello-Germana_edited.jpg 1000w, https:\/\/www.bellunopress.it\/wp-content\/uploads\/2021\/03\/Bastianello-Germana_edited-500x388.jpg 500w, https:\/\/www.bellunopress.it\/wp-content\/uploads\/2021\/03\/Bastianello-Germana_edited-696x540.jpg 696w, https:\/\/www.bellunopress.it\/wp-content\/uploads\/2021\/03\/Bastianello-Germana_edited-541x420.jpg 541w\" sizes=\"auto, (max-width: 1000px) 100vw, 1000px\" \/><\/a>\u201cLa prevenzione non \u00e8 questione di culo\u201d! E\u2019 il claim d\u2019effetto della campagna di sensibilizzazione dello screening colorettale della Fismad (Federazione italiana societ\u00e0 malattie apparato digerente) che ha per testimonial il cabarettista Paolo Cevoli. Che non si debba affidare al caso e alla fortuna la propria salute, lo sa bene il dottor Bastianello German\u00e0, medico specializzato in Medicina interna e Gastroenterologia, direttore dell\u2019Unit\u00e0 Operativa di Gastroenterologia ed Endoscopia Digestiva dell&#8217;Ospedale \u201cSan Martino\u201d di Belluno, che, dati alla mano, dimostra che il ritardo diagnostico nel cancro del colon retto, pu\u00f2 essere fatale.<\/p>\n<p>\u201cLo screening &#8211; spiega German\u00e0 &#8211; determina una riduzione del 20% di questo tipo di tumore e del 30% della mortalit\u00e0 ad esso legata. Il cancro al colon retto non d\u00e0 alcun sintomo, se non quando \u00e8 gi\u00e0 in uno stato avanzato. Ed \u00e8 il secondo tumore pi\u00f9 frequente nelle donne, dopo quello alla mammella, e il terzo negli uomini dopo quello alla prostata e al polmone. In entrambi i sessi rappresenta la seconda causa di morte.<\/p>\n<p><em>Dottor German\u00e0, quali sono i soggetti maggiormente esposti alla malattia?<\/em><\/p>\n<p>\u201cIl 90% delle persone si ammala dopo i 50 anni. I dati ci dicono che il fattore di rischio per familiarit\u00e0 \u00e8 del 10%. Mentre ad incidere per il 90% \u00e8 lo stile di vita, quindi l\u2019alimentazione, i grassi, il fumo, l\u2019alcol, il sovrappeso, l\u2019obesit\u00e0. Dopo i 50 anni \u00e8 quindi importante fare questo test ogni due anni, per rilevare l\u2019eventuale presenza di sangue occulto nelle feci. Non fare la colonscopia dopo il test risultato positivo significa aumentare il rischio di contrarre la malattia del 120%\u201d.<\/p>\n<p><em>Quali sono le percentuali di adesione allo screening e quali sono i risultati?<\/em><\/p>\n<p>\u201cNella nostra Ulss e in Veneto il 60% delle persone invitate aderisce allo screening, contro una media nazionale del 42%. Il 4% dei test d\u00e0 esito positivo con rilevazione di sangue occulto. E quindi si procede a un secondo invito per effettuare l\u2019esame della colonscopia. Un 10% per\u00f2 non aderisce a questo secondo invito. Tramite la colonscopia riscontriamo la presenza di polipi nel 45% \u2013 55% dei casi, con l\u20191% di cancro. E\u2019 importante quindi concludere il percorso, con asportazione dei polipi e l\u2019interruzione della sequenza. A tal proposito va detto che la paura della colonscopia deve essere abbattuta. La preparazione intestinale oggi \u00e8 migliorata, disponiamo inoltre di una moderna tecnologia, con strumenti endoscopici efficaci. Come vedere una partita di calcio in 4K rispetto al bianco e nero dei vecchi televisori. L\u2019obiettivo rimane quello di identificare la presenza di polipi, che sono precursori del cancro. Qui all\u2019ospedale \u2018San Martino\u2019 di Belluno abbiamo sperimentato l\u2019intelligenza artificiale, con un software che riesce a scovare anche i polipi pi\u00f9 piccoli, che poi vengono asportati per via endoscopica senza intervento chirurgico\u201d.<\/p>\n<p><em>Il timore di contrarre il covid ha frenato la prevenzione. Cosa ci pu\u00f2 dire al riguardo?<\/em><\/p>\n<p>\u201cLa pandemia non deve interrompere i percorsi di screening o di cura. I vari reparti ospedalieri hanno adottato una rigorosa strategia di controllo e separazione dei percorsi. In sala endoscopica il rischio \u00e8 pari a zero, con sistemi di ricambio dell\u2019aria, come nelle sale operatorie. E\u2019 certamente pi\u00f9 rischioso non effettuare la prevenzione.\u201d<\/p>\n<p>(rdn)<\/p>\n<p>&nbsp;<\/p>\n<p>&nbsp;<\/p>","protected":false},"excerpt":{"rendered":"<p>\u201cLa prevenzione non \u00e8 questione di culo\u201d! E\u2019 il claim d\u2019effetto della campagna di sensibilizzazione dello screening colorettale della Fismad (Federazione italiana societ\u00e0 malattie apparato digerente) che ha per testimonial il cabarettista Paolo Cevoli. Che non si debba affidare al caso e alla fortuna la propria salute, lo sa bene il dottor Bastianello German\u00e0, medico [&hellip;]<\/p>\n","protected":false},"author":2,"featured_media":122545,"comment_status":"closed","ping_status":"open","sticky":false,"template":"","format":"standard","meta":{"footnotes":""},"categories":[3446,26,17],"tags":[],"class_list":["post-122544","post","type-post","status-publish","format-standard","has-post-thumbnail","category-featured","category-prima-pagina","category-sanita"],"yoast_head":"<!-- This site is optimized with the Yoast SEO plugin v28.4 - https:\/\/yoast.com\/product\/yoast-seo-wordpress\/ -->\n<title>Marzo mese della prevenzione. German\u00e0: \u201cIl ritardo diagnostico nel cancro del colon retto pu\u00f2 essere fatale. Importante aderire allo screening\u201d - Bellunopress - Dolomiti<\/title>\n<meta name=\"robots\" content=\"index, follow, max-snippet:-1, max-image-preview:large, max-video-preview:-1\" \/>\n<link rel=\"canonical\" href=\"https:\/\/www.bellunopress.it\/fr\/2021\/03\/19\/marzo-mese-della-prevenzione-germana-il-ritardo-diagnostico-nel-cancro-del-colon-retto-puo-essere-fatale-importante-aderire-allo-screening\/\" \/>\n<meta property=\"og:locale\" content=\"fr_FR\" \/>\n<meta property=\"og:type\" content=\"article\" \/>\n<meta property=\"og:title\" content=\"Marzo mese della prevenzione. German\u00e0: \u201cIl ritardo diagnostico nel cancro del colon retto pu\u00f2 essere fatale. Importante aderire allo screening\u201d - Bellunopress - Dolomiti\" \/>\n<meta property=\"og:description\" content=\"\u201cLa prevenzione non \u00e8 questione di culo\u201d! E\u2019 il claim d\u2019effetto della campagna di sensibilizzazione dello screening colorettale della Fismad (Federazione italiana societ\u00e0 malattie apparato digerente) che ha per testimonial il cabarettista Paolo Cevoli. Che non si debba affidare al caso e alla fortuna la propria salute, lo sa bene il dottor Bastianello German\u00e0, medico [&hellip;]\" \/>\n<meta property=\"og:url\" content=\"https:\/\/www.bellunopress.it\/fr\/2021\/03\/19\/marzo-mese-della-prevenzione-germana-il-ritardo-diagnostico-nel-cancro-del-colon-retto-puo-essere-fatale-importante-aderire-allo-screening\/\" \/>\n<meta property=\"og:site_name\" content=\"Bellunopress - Dolomiti\" \/>\n<meta property=\"article:publisher\" content=\"https:\/\/www.facebook.com\/profile.php?id=100008943462799\" \/>\n<meta property=\"article:published_time\" content=\"2021-03-19T14:57:50+00:00\" \/>\n<meta property=\"article:modified_time\" content=\"2021-03-19T16:54:24+00:00\" \/>\n<meta property=\"og:image\" content=\"https:\/\/www.bellunopress.it\/wp-content\/uploads\/2021\/03\/Bastianello-Germana_edited.jpg\" \/>\n\t<meta property=\"og:image:width\" content=\"1000\" \/>\n\t<meta property=\"og:image:height\" content=\"776\" \/>\n\t<meta property=\"og:image:type\" content=\"image\/jpeg\" \/>\n<meta name=\"author\" content=\"redazione\" \/>\n<meta name=\"twitter:card\" content=\"summary_large_image\" \/>\n<meta name=\"twitter:creator\" content=\"@bellunopress\" \/>\n<meta name=\"twitter:site\" content=\"@bellunopress\" \/>\n<meta name=\"twitter:label1\" content=\"\u00c9crit par\" \/>\n\t<meta name=\"twitter:data1\" content=\"redazione\" \/>\n\t<meta name=\"twitter:label2\" content=\"Dur\u00e9e de lecture estim\u00e9e\" \/>\n\t<meta name=\"twitter:data2\" content=\"3 minutes\" \/>\n<script type=\"application\/ld+json\" class=\"yoast-schema-graph\">{\"@context\":\"https:\\\/\\\/schema.org\",\"@graph\":[{\"@type\":\"Article\",\"@id\":\"https:\\\/\\\/www.bellunopress.it\\\/2021\\\/03\\\/19\\\/marzo-mese-della-prevenzione-germana-il-ritardo-diagnostico-nel-cancro-del-colon-retto-puo-essere-fatale-importante-aderire-allo-screening\\\/#article\",\"isPartOf\":{\"@id\":\"https:\\\/\\\/www.bellunopress.it\\\/2021\\\/03\\\/19\\\/marzo-mese-della-prevenzione-germana-il-ritardo-diagnostico-nel-cancro-del-colon-retto-puo-essere-fatale-importante-aderire-allo-screening\\\/\"},\"author\":{\"name\":\"redazione\",\"@id\":\"https:\\\/\\\/www.bellunopress.it\\\/#\\\/schema\\\/person\\\/79bb06722b37ece1c03d3e94beb30d73\"},\"headline\":\"Marzo mese della prevenzione. German\u00e0: \u201cIl ritardo diagnostico nel cancro del colon retto pu\u00f2 essere fatale. Importante aderire allo screening\u201d\",\"datePublished\":\"2021-03-19T14:57:50+00:00\",\"dateModified\":\"2021-03-19T16:54:24+00:00\",\"mainEntityOfPage\":{\"@id\":\"https:\\\/\\\/www.bellunopress.it\\\/2021\\\/03\\\/19\\\/marzo-mese-della-prevenzione-germana-il-ritardo-diagnostico-nel-cancro-del-colon-retto-puo-essere-fatale-importante-aderire-allo-screening\\\/\"},\"wordCount\":536,\"publisher\":{\"@id\":\"https:\\\/\\\/www.bellunopress.it\\\/#organization\"},\"image\":{\"@id\":\"https:\\\/\\\/www.bellunopress.it\\\/2021\\\/03\\\/19\\\/marzo-mese-della-prevenzione-germana-il-ritardo-diagnostico-nel-cancro-del-colon-retto-puo-essere-fatale-importante-aderire-allo-screening\\\/#primaryimage\"},\"thumbnailUrl\":\"https:\\\/\\\/www.bellunopress.it\\\/wp-content\\\/uploads\\\/2021\\\/03\\\/Bastianello-Germana_edited.jpg\",\"articleSection\":[\"Featured\",\"Prima Pagina\",\"Sanit\u00e0 Medicina\"],\"inLanguage\":\"fr-FR\"},{\"@type\":\"WebPage\",\"@id\":\"https:\\\/\\\/www.bellunopress.it\\\/2021\\\/03\\\/19\\\/marzo-mese-della-prevenzione-germana-il-ritardo-diagnostico-nel-cancro-del-colon-retto-puo-essere-fatale-importante-aderire-allo-screening\\\/\",\"url\":\"https:\\\/\\\/www.bellunopress.it\\\/2021\\\/03\\\/19\\\/marzo-mese-della-prevenzione-germana-il-ritardo-diagnostico-nel-cancro-del-colon-retto-puo-essere-fatale-importante-aderire-allo-screening\\\/\",\"name\":\"Marzo mese della prevenzione. German\u00e0: \u201cIl ritardo diagnostico nel cancro del colon retto pu\u00f2 essere fatale. Importante aderire allo screening\u201d - Bellunopress - Dolomiti\",\"isPartOf\":{\"@id\":\"https:\\\/\\\/www.bellunopress.it\\\/#website\"},\"primaryImageOfPage\":{\"@id\":\"https:\\\/\\\/www.bellunopress.it\\\/2021\\\/03\\\/19\\\/marzo-mese-della-prevenzione-germana-il-ritardo-diagnostico-nel-cancro-del-colon-retto-puo-essere-fatale-importante-aderire-allo-screening\\\/#primaryimage\"},\"image\":{\"@id\":\"https:\\\/\\\/www.bellunopress.it\\\/2021\\\/03\\\/19\\\/marzo-mese-della-prevenzione-germana-il-ritardo-diagnostico-nel-cancro-del-colon-retto-puo-essere-fatale-importante-aderire-allo-screening\\\/#primaryimage\"},\"thumbnailUrl\":\"https:\\\/\\\/www.bellunopress.it\\\/wp-content\\\/uploads\\\/2021\\\/03\\\/Bastianello-Germana_edited.jpg\",\"datePublished\":\"2021-03-19T14:57:50+00:00\",\"dateModified\":\"2021-03-19T16:54:24+00:00\",\"breadcrumb\":{\"@id\":\"https:\\\/\\\/www.bellunopress.it\\\/2021\\\/03\\\/19\\\/marzo-mese-della-prevenzione-germana-il-ritardo-diagnostico-nel-cancro-del-colon-retto-puo-essere-fatale-importante-aderire-allo-screening\\\/#breadcrumb\"},\"inLanguage\":\"fr-FR\",\"potentialAction\":[{\"@type\":\"ReadAction\",\"target\":[\"https:\\\/\\\/www.bellunopress.it\\\/2021\\\/03\\\/19\\\/marzo-mese-della-prevenzione-germana-il-ritardo-diagnostico-nel-cancro-del-colon-retto-puo-essere-fatale-importante-aderire-allo-screening\\\/\"]}]},{\"@type\":\"ImageObject\",\"inLanguage\":\"fr-FR\",\"@id\":\"https:\\\/\\\/www.bellunopress.it\\\/2021\\\/03\\\/19\\\/marzo-mese-della-prevenzione-germana-il-ritardo-diagnostico-nel-cancro-del-colon-retto-puo-essere-fatale-importante-aderire-allo-screening\\\/#primaryimage\",\"url\":\"https:\\\/\\\/www.bellunopress.it\\\/wp-content\\\/uploads\\\/2021\\\/03\\\/Bastianello-Germana_edited.jpg\",\"contentUrl\":\"https:\\\/\\\/www.bellunopress.it\\\/wp-content\\\/uploads\\\/2021\\\/03\\\/Bastianello-Germana_edited.jpg\",\"width\":1000,\"height\":776,\"caption\":\"Bastianello German\u00e0\"},{\"@type\":\"BreadcrumbList\",\"@id\":\"https:\\\/\\\/www.bellunopress.it\\\/2021\\\/03\\\/19\\\/marzo-mese-della-prevenzione-germana-il-ritardo-diagnostico-nel-cancro-del-colon-retto-puo-essere-fatale-importante-aderire-allo-screening\\\/#breadcrumb\",\"itemListElement\":[{\"@type\":\"ListItem\",\"position\":1,\"name\":\"Home\",\"item\":\"https:\\\/\\\/www.bellunopress.it\\\/\"},{\"@type\":\"ListItem\",\"position\":2,\"name\":\"Marzo mese della prevenzione. German\u00e0: \u201cIl ritardo diagnostico nel cancro del colon retto pu\u00f2 essere fatale. Importante aderire allo screening\u201d\"}]},{\"@type\":\"WebSite\",\"@id\":\"https:\\\/\\\/www.bellunopress.it\\\/#website\",\"url\":\"https:\\\/\\\/www.bellunopress.it\\\/\",\"name\":\"Bellunopress - Dolomiti\",\"description\":\"e-mail: redazione@bellunopress.it\",\"publisher\":{\"@id\":\"https:\\\/\\\/www.bellunopress.it\\\/#organization\"},\"potentialAction\":[{\"@type\":\"SearchAction\",\"target\":{\"@type\":\"EntryPoint\",\"urlTemplate\":\"https:\\\/\\\/www.bellunopress.it\\\/?s={search_term_string}\"},\"query-input\":{\"@type\":\"PropertyValueSpecification\",\"valueRequired\":true,\"valueName\":\"search_term_string\"}}],\"inLanguage\":\"fr-FR\"},{\"@type\":\"Organization\",\"@id\":\"https:\\\/\\\/www.bellunopress.it\\\/#organization\",\"name\":\"Bellunopress\",\"url\":\"https:\\\/\\\/www.bellunopress.it\\\/\",\"logo\":{\"@type\":\"ImageObject\",\"inLanguage\":\"fr-FR\",\"@id\":\"https:\\\/\\\/www.bellunopress.it\\\/#\\\/schema\\\/logo\\\/image\\\/\",\"url\":\"https:\\\/\\\/www.bellunopress.it\\\/wp-content\\\/uploads\\\/2011\\\/05\\\/cropped-logo-bellunopress-.jpg\",\"contentUrl\":\"https:\\\/\\\/www.bellunopress.it\\\/wp-content\\\/uploads\\\/2011\\\/05\\\/cropped-logo-bellunopress-.jpg\",\"width\":512,\"height\":512,\"caption\":\"Bellunopress\"},\"image\":{\"@id\":\"https:\\\/\\\/www.bellunopress.it\\\/#\\\/schema\\\/logo\\\/image\\\/\"},\"sameAs\":[\"https:\\\/\\\/www.facebook.com\\\/profile.php?id=100008943462799\",\"https:\\\/\\\/x.com\\\/bellunopress\",\"https:\\\/\\\/www.linkedin.com\\\/hp\\\/?dnr=JBzUWaJfMUw8vbXJJ2tVW5-I3jZKvC4wsoxE&amp;amp;amp;amp;amp;amp;trk=nav_responsive_tab_home\",\"https:\\\/\\\/www.youtube.com\\\/channel\\\/UCxL0wu1uN0_3_7hGG0306cw\"]},{\"@type\":\"Person\",\"@id\":\"https:\\\/\\\/www.bellunopress.it\\\/#\\\/schema\\\/person\\\/79bb06722b37ece1c03d3e94beb30d73\",\"name\":\"redazione\",\"image\":{\"@type\":\"ImageObject\",\"inLanguage\":\"fr-FR\",\"@id\":\"https:\\\/\\\/secure.gravatar.com\\\/avatar\\\/37d968a2e67a6fd04c169c4bdef102d0bc5d31b2546345219e348575eb80e9a0?s=96&d=mm&r=g\",\"url\":\"https:\\\/\\\/secure.gravatar.com\\\/avatar\\\/37d968a2e67a6fd04c169c4bdef102d0bc5d31b2546345219e348575eb80e9a0?s=96&d=mm&r=g\",\"contentUrl\":\"https:\\\/\\\/secure.gravatar.com\\\/avatar\\\/37d968a2e67a6fd04c169c4bdef102d0bc5d31b2546345219e348575eb80e9a0?s=96&d=mm&r=g\",\"caption\":\"redazione\"},\"sameAs\":[\"http:\\\/\\\/www.bellunopress.it\",\"https:\\\/\\\/x.com\\\/bellunopress\"],\"url\":\"https:\\\/\\\/www.bellunopress.it\\\/fr\\\/author\\\/redazione\\\/\"}]}<\/script>\n<!-- \/ Yoast SEO plugin. -->","yoast_head_json":{"title":"Marzo mese della prevenzione. German\u00e0: \u201cIl ritardo diagnostico nel cancro del colon retto pu\u00f2 essere fatale. Importante aderire allo screening\u201d - Bellunopress - Dolomiti","robots":{"index":"index","follow":"follow","max-snippet":"max-snippet:-1","max-image-preview":"max-image-preview:large","max-video-preview":"max-video-preview:-1"},"canonical":"https:\/\/www.bellunopress.it\/fr\/2021\/03\/19\/marzo-mese-della-prevenzione-germana-il-ritardo-diagnostico-nel-cancro-del-colon-retto-puo-essere-fatale-importante-aderire-allo-screening\/","og_locale":"fr_FR","og_type":"article","og_title":"Marzo mese della prevenzione. German\u00e0: \u201cIl ritardo diagnostico nel cancro del colon retto pu\u00f2 essere fatale. Importante aderire allo screening\u201d - Bellunopress - Dolomiti","og_description":"\u201cLa prevenzione non \u00e8 questione di culo\u201d! E\u2019 il claim d\u2019effetto della campagna di sensibilizzazione dello screening colorettale della Fismad (Federazione italiana societ\u00e0 malattie apparato digerente) che ha per testimonial il cabarettista Paolo Cevoli. Che non si debba affidare al caso e alla fortuna la propria salute, lo sa bene il dottor Bastianello German\u00e0, medico [&hellip;]","og_url":"https:\/\/www.bellunopress.it\/fr\/2021\/03\/19\/marzo-mese-della-prevenzione-germana-il-ritardo-diagnostico-nel-cancro-del-colon-retto-puo-essere-fatale-importante-aderire-allo-screening\/","og_site_name":"Bellunopress - Dolomiti","article_publisher":"https:\/\/www.facebook.com\/profile.php?id=100008943462799","article_published_time":"2021-03-19T14:57:50+00:00","article_modified_time":"2021-03-19T16:54:24+00:00","og_image":[{"width":1000,"height":776,"url":"https:\/\/www.bellunopress.it\/wp-content\/uploads\/2021\/03\/Bastianello-Germana_edited.jpg","type":"image\/jpeg"}],"author":"redazione","twitter_card":"summary_large_image","twitter_creator":"@bellunopress","twitter_site":"@bellunopress","twitter_misc":{"\u00c9crit par":"redazione","Dur\u00e9e de lecture estim\u00e9e":"3 minutes"},"schema":{"@context":"https:\/\/schema.org","@graph":[{"@type":"Article","@id":"https:\/\/www.bellunopress.it\/2021\/03\/19\/marzo-mese-della-prevenzione-germana-il-ritardo-diagnostico-nel-cancro-del-colon-retto-puo-essere-fatale-importante-aderire-allo-screening\/#article","isPartOf":{"@id":"https:\/\/www.bellunopress.it\/2021\/03\/19\/marzo-mese-della-prevenzione-germana-il-ritardo-diagnostico-nel-cancro-del-colon-retto-puo-essere-fatale-importante-aderire-allo-screening\/"},"author":{"name":"redazione","@id":"https:\/\/www.bellunopress.it\/#\/schema\/person\/79bb06722b37ece1c03d3e94beb30d73"},"headline":"Marzo mese della prevenzione. German\u00e0: \u201cIl ritardo diagnostico nel cancro del colon retto pu\u00f2 essere fatale. Importante aderire allo screening\u201d","datePublished":"2021-03-19T14:57:50+00:00","dateModified":"2021-03-19T16:54:24+00:00","mainEntityOfPage":{"@id":"https:\/\/www.bellunopress.it\/2021\/03\/19\/marzo-mese-della-prevenzione-germana-il-ritardo-diagnostico-nel-cancro-del-colon-retto-puo-essere-fatale-importante-aderire-allo-screening\/"},"wordCount":536,"publisher":{"@id":"https:\/\/www.bellunopress.it\/#organization"},"image":{"@id":"https:\/\/www.bellunopress.it\/2021\/03\/19\/marzo-mese-della-prevenzione-germana-il-ritardo-diagnostico-nel-cancro-del-colon-retto-puo-essere-fatale-importante-aderire-allo-screening\/#primaryimage"},"thumbnailUrl":"https:\/\/www.bellunopress.it\/wp-content\/uploads\/2021\/03\/Bastianello-Germana_edited.jpg","articleSection":["Featured","Prima Pagina","Sanit\u00e0 Medicina"],"inLanguage":"fr-FR"},{"@type":"WebPage","@id":"https:\/\/www.bellunopress.it\/2021\/03\/19\/marzo-mese-della-prevenzione-germana-il-ritardo-diagnostico-nel-cancro-del-colon-retto-puo-essere-fatale-importante-aderire-allo-screening\/","url":"https:\/\/www.bellunopress.it\/2021\/03\/19\/marzo-mese-della-prevenzione-germana-il-ritardo-diagnostico-nel-cancro-del-colon-retto-puo-essere-fatale-importante-aderire-allo-screening\/","name":"Marzo mese della prevenzione. German\u00e0: \u201cIl ritardo diagnostico nel cancro del colon retto pu\u00f2 essere fatale. Importante aderire allo screening\u201d - Bellunopress - Dolomiti","isPartOf":{"@id":"https:\/\/www.bellunopress.it\/#website"},"primaryImageOfPage":{"@id":"https:\/\/www.bellunopress.it\/2021\/03\/19\/marzo-mese-della-prevenzione-germana-il-ritardo-diagnostico-nel-cancro-del-colon-retto-puo-essere-fatale-importante-aderire-allo-screening\/#primaryimage"},"image":{"@id":"https:\/\/www.bellunopress.it\/2021\/03\/19\/marzo-mese-della-prevenzione-germana-il-ritardo-diagnostico-nel-cancro-del-colon-retto-puo-essere-fatale-importante-aderire-allo-screening\/#primaryimage"},"thumbnailUrl":"https:\/\/www.bellunopress.it\/wp-content\/uploads\/2021\/03\/Bastianello-Germana_edited.jpg","datePublished":"2021-03-19T14:57:50+00:00","dateModified":"2021-03-19T16:54:24+00:00","breadcrumb":{"@id":"https:\/\/www.bellunopress.it\/2021\/03\/19\/marzo-mese-della-prevenzione-germana-il-ritardo-diagnostico-nel-cancro-del-colon-retto-puo-essere-fatale-importante-aderire-allo-screening\/#breadcrumb"},"inLanguage":"fr-FR","potentialAction":[{"@type":"ReadAction","target":["https:\/\/www.bellunopress.it\/2021\/03\/19\/marzo-mese-della-prevenzione-germana-il-ritardo-diagnostico-nel-cancro-del-colon-retto-puo-essere-fatale-importante-aderire-allo-screening\/"]}]},{"@type":"ImageObject","inLanguage":"fr-FR","@id":"https:\/\/www.bellunopress.it\/2021\/03\/19\/marzo-mese-della-prevenzione-germana-il-ritardo-diagnostico-nel-cancro-del-colon-retto-puo-essere-fatale-importante-aderire-allo-screening\/#primaryimage","url":"https:\/\/www.bellunopress.it\/wp-content\/uploads\/2021\/03\/Bastianello-Germana_edited.jpg","contentUrl":"https:\/\/www.bellunopress.it\/wp-content\/uploads\/2021\/03\/Bastianello-Germana_edited.jpg","width":1000,"height":776,"caption":"Bastianello German\u00e0"},{"@type":"BreadcrumbList","@id":"https:\/\/www.bellunopress.it\/2021\/03\/19\/marzo-mese-della-prevenzione-germana-il-ritardo-diagnostico-nel-cancro-del-colon-retto-puo-essere-fatale-importante-aderire-allo-screening\/#breadcrumb","itemListElement":[{"@type":"ListItem","position":1,"name":"Home","item":"https:\/\/www.bellunopress.it\/"},{"@type":"ListItem","position":2,"name":"Marzo mese della prevenzione. German\u00e0: \u201cIl ritardo diagnostico nel cancro del colon retto pu\u00f2 essere fatale. Importante aderire allo screening\u201d"}]},{"@type":"WebSite","@id":"https:\/\/www.bellunopress.it\/#website","url":"https:\/\/www.bellunopress.it\/","name":"Bellunopress - Dolomiti","description":"e-mail: redazione@bellunopress.it","publisher":{"@id":"https:\/\/www.bellunopress.it\/#organization"},"potentialAction":[{"@type":"SearchAction","target":{"@type":"EntryPoint","urlTemplate":"https:\/\/www.bellunopress.it\/?s={search_term_string}"},"query-input":{"@type":"PropertyValueSpecification","valueRequired":true,"valueName":"search_term_string"}}],"inLanguage":"fr-FR"},{"@type":"Organization","@id":"https:\/\/www.bellunopress.it\/#organization","name":"Bellunopress","url":"https:\/\/www.bellunopress.it\/","logo":{"@type":"ImageObject","inLanguage":"fr-FR","@id":"https:\/\/www.bellunopress.it\/#\/schema\/logo\/image\/","url":"https:\/\/www.bellunopress.it\/wp-content\/uploads\/2011\/05\/cropped-logo-bellunopress-.jpg","contentUrl":"https:\/\/www.bellunopress.it\/wp-content\/uploads\/2011\/05\/cropped-logo-bellunopress-.jpg","width":512,"height":512,"caption":"Bellunopress"},"image":{"@id":"https:\/\/www.bellunopress.it\/#\/schema\/logo\/image\/"},"sameAs":["https:\/\/www.facebook.com\/profile.php?id=100008943462799","https:\/\/x.com\/bellunopress","https:\/\/www.linkedin.com\/hp\/?dnr=JBzUWaJfMUw8vbXJJ2tVW5-I3jZKvC4wsoxE&amp;amp;amp;amp;amp;amp;trk=nav_responsive_tab_home","https:\/\/www.youtube.com\/channel\/UCxL0wu1uN0_3_7hGG0306cw"]},{"@type":"Person","@id":"https:\/\/www.bellunopress.it\/#\/schema\/person\/79bb06722b37ece1c03d3e94beb30d73","name":"r\u00e9daction","image":{"@type":"ImageObject","inLanguage":"fr-FR","@id":"https:\/\/secure.gravatar.com\/avatar\/37d968a2e67a6fd04c169c4bdef102d0bc5d31b2546345219e348575eb80e9a0?s=96&d=mm&r=g","url":"https:\/\/secure.gravatar.com\/avatar\/37d968a2e67a6fd04c169c4bdef102d0bc5d31b2546345219e348575eb80e9a0?s=96&d=mm&r=g","contentUrl":"https:\/\/secure.gravatar.com\/avatar\/37d968a2e67a6fd04c169c4bdef102d0bc5d31b2546345219e348575eb80e9a0?s=96&d=mm&r=g","caption":"redazione"},"sameAs":["http:\/\/www.bellunopress.it","https:\/\/x.com\/bellunopress"],"url":"https:\/\/www.bellunopress.it\/fr\/author\/redazione\/"}]}},"_links":{"self":[{"href":"https:\/\/www.bellunopress.it\/fr\/wp-json\/wp\/v2\/posts\/122544","targetHints":{"allow":["GET"]}}],"collection":[{"href":"https:\/\/www.bellunopress.it\/fr\/wp-json\/wp\/v2\/posts"}],"about":[{"href":"https:\/\/www.bellunopress.it\/fr\/wp-json\/wp\/v2\/types\/post"}],"author":[{"embeddable":true,"href":"https:\/\/www.bellunopress.it\/fr\/wp-json\/wp\/v2\/users\/2"}],"replies":[{"embeddable":true,"href":"https:\/\/www.bellunopress.it\/fr\/wp-json\/wp\/v2\/comments?post=122544"}],"version-history":[{"count":4,"href":"https:\/\/www.bellunopress.it\/fr\/wp-json\/wp\/v2\/posts\/122544\/revisions"}],"predecessor-version":[{"id":122555,"href":"https:\/\/www.bellunopress.it\/fr\/wp-json\/wp\/v2\/posts\/122544\/revisions\/122555"}],"wp:featuredmedia":[{"embeddable":true,"href":"https:\/\/www.bellunopress.it\/fr\/wp-json\/wp\/v2\/media\/122545"}],"wp:attachment":[{"href":"https:\/\/www.bellunopress.it\/fr\/wp-json\/wp\/v2\/media?parent=122544"}],"wp:term":[{"taxonomy":"category","embeddable":true,"href":"https:\/\/www.bellunopress.it\/fr\/wp-json\/wp\/v2\/categories?post=122544"},{"taxonomy":"post_tag","embeddable":true,"href":"https:\/\/www.bellunopress.it\/fr\/wp-json\/wp\/v2\/tags?post=122544"}],"curies":[{"name":"wp","href":"https:\/\/api.w.org\/{rel}","templated":true}]}}