{"id":122246,"date":"2021-03-06T23:35:26","date_gmt":"2021-03-06T22:35:26","guid":{"rendered":"http:\/\/www.bellunopress.it\/?p=122246"},"modified":"2021-03-06T23:35:26","modified_gmt":"2021-03-06T22:35:26","slug":"winterace-2021-al-via-la-seconda-e-ultima-giornata-di-gara","status":"publish","type":"post","link":"https:\/\/www.bellunopress.it\/fr\/2021\/03\/06\/winterace-2021-al-via-la-seconda-e-ultima-giornata-di-gara\/","title":{"rendered":"WinteRace 2021:\u00a0Al via la seconda e ultima giornata di gara"},"content":{"rendered":"<figure id=\"attachment_122247\" aria-describedby=\"caption-attachment-122247\" style=\"width: 1000px\" class=\"wp-caption alignleft\"><a href=\"http:\/\/www.bellunopress.it\/fr\/2021\/03\/06\/winterace-2021-al-via-la-seconda-e-ultima-giornata-di-gara\/crugnola_vida-su-fiat-508-c-del-1937_ph-gallucci-photo_edited\/\" rel=\"attachment wp-att-122247\"><img loading=\"lazy\" decoding=\"async\" class=\"size-full wp-image-122247\" src=\"http:\/\/www.bellunopress.it\/wp-content\/uploads\/2021\/03\/Crugnola_Vida-su-Fiat-508-C-del-1937_Ph-Gallucci-Photo_edited.jpg\" alt=\"\" width=\"1000\" height=\"702\" srcset=\"https:\/\/www.bellunopress.it\/wp-content\/uploads\/2021\/03\/Crugnola_Vida-su-Fiat-508-C-del-1937_Ph-Gallucci-Photo_edited.jpg 1000w, https:\/\/www.bellunopress.it\/wp-content\/uploads\/2021\/03\/Crugnola_Vida-su-Fiat-508-C-del-1937_Ph-Gallucci-Photo_edited-500x351.jpg 500w, https:\/\/www.bellunopress.it\/wp-content\/uploads\/2021\/03\/Crugnola_Vida-su-Fiat-508-C-del-1937_Ph-Gallucci-Photo_edited-696x489.jpg 696w, https:\/\/www.bellunopress.it\/wp-content\/uploads\/2021\/03\/Crugnola_Vida-su-Fiat-508-C-del-1937_Ph-Gallucci-Photo_edited-598x420.jpg 598w, https:\/\/www.bellunopress.it\/wp-content\/uploads\/2021\/03\/Crugnola_Vida-su-Fiat-508-C-del-1937_Ph-Gallucci-Photo_edited-100x70.jpg 100w\" sizes=\"auto, (max-width: 1000px) 100vw, 1000px\" \/><\/a><figcaption id=\"caption-attachment-122247\" class=\"wp-caption-text\">Crugnola-Vida su Fiat 508 C del 1937 (Ph Gallucci Photo)<\/figcaption><\/figure>\n<p>Cortina d\u2019Ampezzo, 6 marzo 2021: \u00c8 partita questa mattina alle ore 9.00 da Corso Italia la seconda e ultima tappa della WinteRace. Una giornata spettacolare ha regalato anche oggi agli equipaggi panorami da cartolina: dalle Dolomiti innevate che si stagliano contro il blu del cielo al villaggio fiabesco di Siror.<\/p>\n<p>La giornata di ieri si \u00e8 chiusa con il risultato ufficioso che vede ai primi due posti i top driver: Crugnola-Vida su Fiat 508 C del 1937, Fontanella-Covelli su Lancia Aprilia del 1939, terzo il team Gaggioli-Pierini su Fiat 508 C del 1937. Classifica a parte per i partecipanti della V^ Porsche WinteRace: primo provvisorio l\u2019equipaggio Perletti-Bachechi su Porsche 911 Carrera del 2012, secondo il duo Parolaro-Ferrari su Porsche 911 4S del 1996 e terzi Rizzi-Moschetta su Porsche 911 GT3 del 2018.<\/p>\n<p>La tappa odierna, sempre di 200 km, non ha avuto cambiamenti di percorso.<\/p>","protected":false},"excerpt":{"rendered":"<p>Cortina d\u2019Ampezzo, 6 marzo 2021: \u00c8 partita questa mattina alle ore 9.00 da Corso Italia la seconda e ultima tappa della WinteRace. Una giornata spettacolare ha regalato anche oggi agli equipaggi panorami da cartolina: dalle Dolomiti innevate che si stagliano contro il blu del cielo al villaggio fiabesco di Siror. La giornata di ieri si [&hellip;]<\/p>\n","protected":false},"author":2,"featured_media":122247,"comment_status":"closed","ping_status":"open","sticky":false,"template":"","format":"standard","meta":{"footnotes":""},"categories":[26,4],"tags":[],"class_list":["post-122246","post","type-post","status-publish","format-standard","has-post-thumbnail","category-prima-pagina","category-sport"],"yoast_head":"<!-- This site is optimized with the Yoast SEO plugin v28.4 - https:\/\/yoast.com\/product\/yoast-seo-wordpress\/ -->\n<title>WinteRace 2021:\u00a0Al via la seconda e ultima giornata di gara - Bellunopress - Dolomiti<\/title>\n<meta name=\"robots\" content=\"index, follow, max-snippet:-1, max-image-preview:large, max-video-preview:-1\" \/>\n<link rel=\"canonical\" href=\"https:\/\/www.bellunopress.it\/fr\/2021\/03\/06\/winterace-2021-al-via-la-seconda-e-ultima-giornata-di-gara\/\" \/>\n<meta property=\"og:locale\" content=\"fr_FR\" \/>\n<meta property=\"og:type\" content=\"article\" \/>\n<meta property=\"og:title\" content=\"WinteRace 2021:\u00a0Al via la seconda e ultima giornata di gara - Bellunopress - Dolomiti\" \/>\n<meta property=\"og:description\" content=\"Cortina d\u2019Ampezzo, 6 marzo 2021: \u00c8 partita questa mattina alle ore 9.00 da Corso Italia la seconda e ultima tappa della WinteRace. Una giornata spettacolare ha regalato anche oggi agli equipaggi panorami da cartolina: dalle Dolomiti innevate che si stagliano contro il blu del cielo al villaggio fiabesco di Siror. La giornata di ieri si [&hellip;]\" \/>\n<meta property=\"og:url\" content=\"https:\/\/www.bellunopress.it\/fr\/2021\/03\/06\/winterace-2021-al-via-la-seconda-e-ultima-giornata-di-gara\/\" \/>\n<meta property=\"og:site_name\" content=\"Bellunopress - Dolomiti\" \/>\n<meta property=\"article:publisher\" content=\"https:\/\/www.facebook.com\/profile.php?id=100008943462799\" \/>\n<meta property=\"article:published_time\" content=\"2021-03-06T22:35:26+00:00\" \/>\n<meta property=\"og:image\" content=\"https:\/\/www.bellunopress.it\/wp-content\/uploads\/2021\/03\/Crugnola_Vida-su-Fiat-508-C-del-1937_Ph-Gallucci-Photo_edited.jpg\" \/>\n\t<meta property=\"og:image:width\" content=\"1000\" \/>\n\t<meta property=\"og:image:height\" content=\"702\" \/>\n\t<meta property=\"og:image:type\" content=\"image\/jpeg\" \/>\n<meta name=\"author\" content=\"redazione\" \/>\n<meta name=\"twitter:card\" content=\"summary_large_image\" \/>\n<meta name=\"twitter:creator\" content=\"@bellunopress\" \/>\n<meta name=\"twitter:site\" content=\"@bellunopress\" \/>\n<meta name=\"twitter:label1\" content=\"\u00c9crit par\" \/>\n\t<meta name=\"twitter:data1\" content=\"redazione\" \/>\n\t<meta name=\"twitter:label2\" content=\"Dur\u00e9e de lecture estim\u00e9e\" \/>\n\t<meta name=\"twitter:data2\" content=\"1 minute\" \/>\n<script type=\"application\/ld+json\" class=\"yoast-schema-graph\">{\"@context\":\"https:\\\/\\\/schema.org\",\"@graph\":[{\"@type\":\"Article\",\"@id\":\"https:\\\/\\\/www.bellunopress.it\\\/2021\\\/03\\\/06\\\/winterace-2021-al-via-la-seconda-e-ultima-giornata-di-gara\\\/#article\",\"isPartOf\":{\"@id\":\"https:\\\/\\\/www.bellunopress.it\\\/2021\\\/03\\\/06\\\/winterace-2021-al-via-la-seconda-e-ultima-giornata-di-gara\\\/\"},\"author\":{\"name\":\"redazione\",\"@id\":\"https:\\\/\\\/www.bellunopress.it\\\/#\\\/schema\\\/person\\\/79bb06722b37ece1c03d3e94beb30d73\"},\"headline\":\"WinteRace 2021:\u00a0Al via la seconda e ultima giornata di gara\",\"datePublished\":\"2021-03-06T22:35:26+00:00\",\"mainEntityOfPage\":{\"@id\":\"https:\\\/\\\/www.bellunopress.it\\\/2021\\\/03\\\/06\\\/winterace-2021-al-via-la-seconda-e-ultima-giornata-di-gara\\\/\"},\"wordCount\":155,\"publisher\":{\"@id\":\"https:\\\/\\\/www.bellunopress.it\\\/#organization\"},\"image\":{\"@id\":\"https:\\\/\\\/www.bellunopress.it\\\/2021\\\/03\\\/06\\\/winterace-2021-al-via-la-seconda-e-ultima-giornata-di-gara\\\/#primaryimage\"},\"thumbnailUrl\":\"https:\\\/\\\/www.bellunopress.it\\\/wp-content\\\/uploads\\\/2021\\\/03\\\/Crugnola_Vida-su-Fiat-508-C-del-1937_Ph-Gallucci-Photo_edited.jpg\",\"articleSection\":[\"Prima Pagina\",\"Sport, tempo libero\"],\"inLanguage\":\"fr-FR\"},{\"@type\":\"WebPage\",\"@id\":\"https:\\\/\\\/www.bellunopress.it\\\/2021\\\/03\\\/06\\\/winterace-2021-al-via-la-seconda-e-ultima-giornata-di-gara\\\/\",\"url\":\"https:\\\/\\\/www.bellunopress.it\\\/2021\\\/03\\\/06\\\/winterace-2021-al-via-la-seconda-e-ultima-giornata-di-gara\\\/\",\"name\":\"WinteRace 2021:\u00a0Al via la seconda e ultima giornata di gara - Bellunopress - Dolomiti\",\"isPartOf\":{\"@id\":\"https:\\\/\\\/www.bellunopress.it\\\/#website\"},\"primaryImageOfPage\":{\"@id\":\"https:\\\/\\\/www.bellunopress.it\\\/2021\\\/03\\\/06\\\/winterace-2021-al-via-la-seconda-e-ultima-giornata-di-gara\\\/#primaryimage\"},\"image\":{\"@id\":\"https:\\\/\\\/www.bellunopress.it\\\/2021\\\/03\\\/06\\\/winterace-2021-al-via-la-seconda-e-ultima-giornata-di-gara\\\/#primaryimage\"},\"thumbnailUrl\":\"https:\\\/\\\/www.bellunopress.it\\\/wp-content\\\/uploads\\\/2021\\\/03\\\/Crugnola_Vida-su-Fiat-508-C-del-1937_Ph-Gallucci-Photo_edited.jpg\",\"datePublished\":\"2021-03-06T22:35:26+00:00\",\"breadcrumb\":{\"@id\":\"https:\\\/\\\/www.bellunopress.it\\\/2021\\\/03\\\/06\\\/winterace-2021-al-via-la-seconda-e-ultima-giornata-di-gara\\\/#breadcrumb\"},\"inLanguage\":\"fr-FR\",\"potentialAction\":[{\"@type\":\"ReadAction\",\"target\":[\"https:\\\/\\\/www.bellunopress.it\\\/2021\\\/03\\\/06\\\/winterace-2021-al-via-la-seconda-e-ultima-giornata-di-gara\\\/\"]}]},{\"@type\":\"ImageObject\",\"inLanguage\":\"fr-FR\",\"@id\":\"https:\\\/\\\/www.bellunopress.it\\\/2021\\\/03\\\/06\\\/winterace-2021-al-via-la-seconda-e-ultima-giornata-di-gara\\\/#primaryimage\",\"url\":\"https:\\\/\\\/www.bellunopress.it\\\/wp-content\\\/uploads\\\/2021\\\/03\\\/Crugnola_Vida-su-Fiat-508-C-del-1937_Ph-Gallucci-Photo_edited.jpg\",\"contentUrl\":\"https:\\\/\\\/www.bellunopress.it\\\/wp-content\\\/uploads\\\/2021\\\/03\\\/Crugnola_Vida-su-Fiat-508-C-del-1937_Ph-Gallucci-Photo_edited.jpg\",\"width\":1000,\"height\":702,\"caption\":\"Crugnola-Vida su Fiat 508 C del 1937 (Ph Gallucci Photo)\"},{\"@type\":\"BreadcrumbList\",\"@id\":\"https:\\\/\\\/www.bellunopress.it\\\/2021\\\/03\\\/06\\\/winterace-2021-al-via-la-seconda-e-ultima-giornata-di-gara\\\/#breadcrumb\",\"itemListElement\":[{\"@type\":\"ListItem\",\"position\":1,\"name\":\"Home\",\"item\":\"https:\\\/\\\/www.bellunopress.it\\\/\"},{\"@type\":\"ListItem\",\"position\":2,\"name\":\"WinteRace 2021:\u00a0Al via la seconda e ultima giornata di gara\"}]},{\"@type\":\"WebSite\",\"@id\":\"https:\\\/\\\/www.bellunopress.it\\\/#website\",\"url\":\"https:\\\/\\\/www.bellunopress.it\\\/\",\"name\":\"Bellunopress - Dolomiti\",\"description\":\"e-mail: redazione@bellunopress.it\",\"publisher\":{\"@id\":\"https:\\\/\\\/www.bellunopress.it\\\/#organization\"},\"potentialAction\":[{\"@type\":\"SearchAction\",\"target\":{\"@type\":\"EntryPoint\",\"urlTemplate\":\"https:\\\/\\\/www.bellunopress.it\\\/?s={search_term_string}\"},\"query-input\":{\"@type\":\"PropertyValueSpecification\",\"valueRequired\":true,\"valueName\":\"search_term_string\"}}],\"inLanguage\":\"fr-FR\"},{\"@type\":\"Organization\",\"@id\":\"https:\\\/\\\/www.bellunopress.it\\\/#organization\",\"name\":\"Bellunopress\",\"url\":\"https:\\\/\\\/www.bellunopress.it\\\/\",\"logo\":{\"@type\":\"ImageObject\",\"inLanguage\":\"fr-FR\",\"@id\":\"https:\\\/\\\/www.bellunopress.it\\\/#\\\/schema\\\/logo\\\/image\\\/\",\"url\":\"https:\\\/\\\/www.bellunopress.it\\\/wp-content\\\/uploads\\\/2011\\\/05\\\/cropped-logo-bellunopress-.jpg\",\"contentUrl\":\"https:\\\/\\\/www.bellunopress.it\\\/wp-content\\\/uploads\\\/2011\\\/05\\\/cropped-logo-bellunopress-.jpg\",\"width\":512,\"height\":512,\"caption\":\"Bellunopress\"},\"image\":{\"@id\":\"https:\\\/\\\/www.bellunopress.it\\\/#\\\/schema\\\/logo\\\/image\\\/\"},\"sameAs\":[\"https:\\\/\\\/www.facebook.com\\\/profile.php?id=100008943462799\",\"https:\\\/\\\/x.com\\\/bellunopress\",\"https:\\\/\\\/www.linkedin.com\\\/hp\\\/?dnr=JBzUWaJfMUw8vbXJJ2tVW5-I3jZKvC4wsoxE&amp;amp;amp;amp;amp;amp;trk=nav_responsive_tab_home\",\"https:\\\/\\\/www.youtube.com\\\/channel\\\/UCxL0wu1uN0_3_7hGG0306cw\"]},{\"@type\":\"Person\",\"@id\":\"https:\\\/\\\/www.bellunopress.it\\\/#\\\/schema\\\/person\\\/79bb06722b37ece1c03d3e94beb30d73\",\"name\":\"redazione\",\"image\":{\"@type\":\"ImageObject\",\"inLanguage\":\"fr-FR\",\"@id\":\"https:\\\/\\\/secure.gravatar.com\\\/avatar\\\/37d968a2e67a6fd04c169c4bdef102d0bc5d31b2546345219e348575eb80e9a0?s=96&d=mm&r=g\",\"url\":\"https:\\\/\\\/secure.gravatar.com\\\/avatar\\\/37d968a2e67a6fd04c169c4bdef102d0bc5d31b2546345219e348575eb80e9a0?s=96&d=mm&r=g\",\"contentUrl\":\"https:\\\/\\\/secure.gravatar.com\\\/avatar\\\/37d968a2e67a6fd04c169c4bdef102d0bc5d31b2546345219e348575eb80e9a0?s=96&d=mm&r=g\",\"caption\":\"redazione\"},\"sameAs\":[\"http:\\\/\\\/www.bellunopress.it\",\"https:\\\/\\\/x.com\\\/bellunopress\"],\"url\":\"https:\\\/\\\/www.bellunopress.it\\\/fr\\\/author\\\/redazione\\\/\"}]}<\/script>\n<!-- \/ Yoast SEO plugin. -->","yoast_head_json":{"title":"WinteRace 2021:\u00a0Al via la seconda e ultima giornata di gara - Bellunopress - Dolomiti","robots":{"index":"index","follow":"follow","max-snippet":"max-snippet:-1","max-image-preview":"max-image-preview:large","max-video-preview":"max-video-preview:-1"},"canonical":"https:\/\/www.bellunopress.it\/fr\/2021\/03\/06\/winterace-2021-al-via-la-seconda-e-ultima-giornata-di-gara\/","og_locale":"fr_FR","og_type":"article","og_title":"WinteRace 2021:\u00a0Al via la seconda e ultima giornata di gara - Bellunopress - Dolomiti","og_description":"Cortina d\u2019Ampezzo, 6 marzo 2021: \u00c8 partita questa mattina alle ore 9.00 da Corso Italia la seconda e ultima tappa della WinteRace. Una giornata spettacolare ha regalato anche oggi agli equipaggi panorami da cartolina: dalle Dolomiti innevate che si stagliano contro il blu del cielo al villaggio fiabesco di Siror. La giornata di ieri si [&hellip;]","og_url":"https:\/\/www.bellunopress.it\/fr\/2021\/03\/06\/winterace-2021-al-via-la-seconda-e-ultima-giornata-di-gara\/","og_site_name":"Bellunopress - Dolomiti","article_publisher":"https:\/\/www.facebook.com\/profile.php?id=100008943462799","article_published_time":"2021-03-06T22:35:26+00:00","og_image":[{"width":1000,"height":702,"url":"https:\/\/www.bellunopress.it\/wp-content\/uploads\/2021\/03\/Crugnola_Vida-su-Fiat-508-C-del-1937_Ph-Gallucci-Photo_edited.jpg","type":"image\/jpeg"}],"author":"redazione","twitter_card":"summary_large_image","twitter_creator":"@bellunopress","twitter_site":"@bellunopress","twitter_misc":{"\u00c9crit par":"redazione","Dur\u00e9e de lecture estim\u00e9e":"1 minute"},"schema":{"@context":"https:\/\/schema.org","@graph":[{"@type":"Article","@id":"https:\/\/www.bellunopress.it\/2021\/03\/06\/winterace-2021-al-via-la-seconda-e-ultima-giornata-di-gara\/#article","isPartOf":{"@id":"https:\/\/www.bellunopress.it\/2021\/03\/06\/winterace-2021-al-via-la-seconda-e-ultima-giornata-di-gara\/"},"author":{"name":"redazione","@id":"https:\/\/www.bellunopress.it\/#\/schema\/person\/79bb06722b37ece1c03d3e94beb30d73"},"headline":"WinteRace 2021:\u00a0Al via la seconda e ultima giornata di gara","datePublished":"2021-03-06T22:35:26+00:00","mainEntityOfPage":{"@id":"https:\/\/www.bellunopress.it\/2021\/03\/06\/winterace-2021-al-via-la-seconda-e-ultima-giornata-di-gara\/"},"wordCount":155,"publisher":{"@id":"https:\/\/www.bellunopress.it\/#organization"},"image":{"@id":"https:\/\/www.bellunopress.it\/2021\/03\/06\/winterace-2021-al-via-la-seconda-e-ultima-giornata-di-gara\/#primaryimage"},"thumbnailUrl":"https:\/\/www.bellunopress.it\/wp-content\/uploads\/2021\/03\/Crugnola_Vida-su-Fiat-508-C-del-1937_Ph-Gallucci-Photo_edited.jpg","articleSection":["Prima Pagina","Sport, tempo libero"],"inLanguage":"fr-FR"},{"@type":"WebPage","@id":"https:\/\/www.bellunopress.it\/2021\/03\/06\/winterace-2021-al-via-la-seconda-e-ultima-giornata-di-gara\/","url":"https:\/\/www.bellunopress.it\/2021\/03\/06\/winterace-2021-al-via-la-seconda-e-ultima-giornata-di-gara\/","name":"WinteRace 2021:\u00a0Al via la seconda e ultima giornata di gara - Bellunopress - Dolomiti","isPartOf":{"@id":"https:\/\/www.bellunopress.it\/#website"},"primaryImageOfPage":{"@id":"https:\/\/www.bellunopress.it\/2021\/03\/06\/winterace-2021-al-via-la-seconda-e-ultima-giornata-di-gara\/#primaryimage"},"image":{"@id":"https:\/\/www.bellunopress.it\/2021\/03\/06\/winterace-2021-al-via-la-seconda-e-ultima-giornata-di-gara\/#primaryimage"},"thumbnailUrl":"https:\/\/www.bellunopress.it\/wp-content\/uploads\/2021\/03\/Crugnola_Vida-su-Fiat-508-C-del-1937_Ph-Gallucci-Photo_edited.jpg","datePublished":"2021-03-06T22:35:26+00:00","breadcrumb":{"@id":"https:\/\/www.bellunopress.it\/2021\/03\/06\/winterace-2021-al-via-la-seconda-e-ultima-giornata-di-gara\/#breadcrumb"},"inLanguage":"fr-FR","potentialAction":[{"@type":"ReadAction","target":["https:\/\/www.bellunopress.it\/2021\/03\/06\/winterace-2021-al-via-la-seconda-e-ultima-giornata-di-gara\/"]}]},{"@type":"ImageObject","inLanguage":"fr-FR","@id":"https:\/\/www.bellunopress.it\/2021\/03\/06\/winterace-2021-al-via-la-seconda-e-ultima-giornata-di-gara\/#primaryimage","url":"https:\/\/www.bellunopress.it\/wp-content\/uploads\/2021\/03\/Crugnola_Vida-su-Fiat-508-C-del-1937_Ph-Gallucci-Photo_edited.jpg","contentUrl":"https:\/\/www.bellunopress.it\/wp-content\/uploads\/2021\/03\/Crugnola_Vida-su-Fiat-508-C-del-1937_Ph-Gallucci-Photo_edited.jpg","width":1000,"height":702,"caption":"Crugnola-Vida su Fiat 508 C del 1937 (Ph Gallucci Photo)"},{"@type":"BreadcrumbList","@id":"https:\/\/www.bellunopress.it\/2021\/03\/06\/winterace-2021-al-via-la-seconda-e-ultima-giornata-di-gara\/#breadcrumb","itemListElement":[{"@type":"ListItem","position":1,"name":"Home","item":"https:\/\/www.bellunopress.it\/"},{"@type":"ListItem","position":2,"name":"WinteRace 2021:\u00a0Al via la seconda e ultima giornata di gara"}]},{"@type":"WebSite","@id":"https:\/\/www.bellunopress.it\/#website","url":"https:\/\/www.bellunopress.it\/","name":"Bellunopress - Dolomiti","description":"e-mail: redazione@bellunopress.it","publisher":{"@id":"https:\/\/www.bellunopress.it\/#organization"},"potentialAction":[{"@type":"SearchAction","target":{"@type":"EntryPoint","urlTemplate":"https:\/\/www.bellunopress.it\/?s={search_term_string}"},"query-input":{"@type":"PropertyValueSpecification","valueRequired":true,"valueName":"search_term_string"}}],"inLanguage":"fr-FR"},{"@type":"Organization","@id":"https:\/\/www.bellunopress.it\/#organization","name":"Bellunopress","url":"https:\/\/www.bellunopress.it\/","logo":{"@type":"ImageObject","inLanguage":"fr-FR","@id":"https:\/\/www.bellunopress.it\/#\/schema\/logo\/image\/","url":"https:\/\/www.bellunopress.it\/wp-content\/uploads\/2011\/05\/cropped-logo-bellunopress-.jpg","contentUrl":"https:\/\/www.bellunopress.it\/wp-content\/uploads\/2011\/05\/cropped-logo-bellunopress-.jpg","width":512,"height":512,"caption":"Bellunopress"},"image":{"@id":"https:\/\/www.bellunopress.it\/#\/schema\/logo\/image\/"},"sameAs":["https:\/\/www.facebook.com\/profile.php?id=100008943462799","https:\/\/x.com\/bellunopress","https:\/\/www.linkedin.com\/hp\/?dnr=JBzUWaJfMUw8vbXJJ2tVW5-I3jZKvC4wsoxE&amp;amp;amp;amp;amp;amp;trk=nav_responsive_tab_home","https:\/\/www.youtube.com\/channel\/UCxL0wu1uN0_3_7hGG0306cw"]},{"@type":"Person","@id":"https:\/\/www.bellunopress.it\/#\/schema\/person\/79bb06722b37ece1c03d3e94beb30d73","name":"r\u00e9daction","image":{"@type":"ImageObject","inLanguage":"fr-FR","@id":"https:\/\/secure.gravatar.com\/avatar\/37d968a2e67a6fd04c169c4bdef102d0bc5d31b2546345219e348575eb80e9a0?s=96&d=mm&r=g","url":"https:\/\/secure.gravatar.com\/avatar\/37d968a2e67a6fd04c169c4bdef102d0bc5d31b2546345219e348575eb80e9a0?s=96&d=mm&r=g","contentUrl":"https:\/\/secure.gravatar.com\/avatar\/37d968a2e67a6fd04c169c4bdef102d0bc5d31b2546345219e348575eb80e9a0?s=96&d=mm&r=g","caption":"redazione"},"sameAs":["http:\/\/www.bellunopress.it","https:\/\/x.com\/bellunopress"],"url":"https:\/\/www.bellunopress.it\/fr\/author\/redazione\/"}]}},"_links":{"self":[{"href":"https:\/\/www.bellunopress.it\/fr\/wp-json\/wp\/v2\/posts\/122246","targetHints":{"allow":["GET"]}}],"collection":[{"href":"https:\/\/www.bellunopress.it\/fr\/wp-json\/wp\/v2\/posts"}],"about":[{"href":"https:\/\/www.bellunopress.it\/fr\/wp-json\/wp\/v2\/types\/post"}],"author":[{"embeddable":true,"href":"https:\/\/www.bellunopress.it\/fr\/wp-json\/wp\/v2\/users\/2"}],"replies":[{"embeddable":true,"href":"https:\/\/www.bellunopress.it\/fr\/wp-json\/wp\/v2\/comments?post=122246"}],"version-history":[{"count":2,"href":"https:\/\/www.bellunopress.it\/fr\/wp-json\/wp\/v2\/posts\/122246\/revisions"}],"predecessor-version":[{"id":122249,"href":"https:\/\/www.bellunopress.it\/fr\/wp-json\/wp\/v2\/posts\/122246\/revisions\/122249"}],"wp:featuredmedia":[{"embeddable":true,"href":"https:\/\/www.bellunopress.it\/fr\/wp-json\/wp\/v2\/media\/122247"}],"wp:attachment":[{"href":"https:\/\/www.bellunopress.it\/fr\/wp-json\/wp\/v2\/media?parent=122246"}],"wp:term":[{"taxonomy":"category","embeddable":true,"href":"https:\/\/www.bellunopress.it\/fr\/wp-json\/wp\/v2\/categories?post=122246"},{"taxonomy":"post_tag","embeddable":true,"href":"https:\/\/www.bellunopress.it\/fr\/wp-json\/wp\/v2\/tags?post=122246"}],"curies":[{"name":"wp","href":"https:\/\/api.w.org\/{rel}","templated":true}]}}