{"id":122228,"date":"2021-03-05T18:30:20","date_gmt":"2021-03-05T17:30:20","guid":{"rendered":"http:\/\/www.bellunopress.it\/?p=122228"},"modified":"2021-03-05T18:30:20","modified_gmt":"2021-03-05T17:30:20","slug":"treno-delle-dolomiti-scopel-attendiamo-gli-elaborati-dalla-regione-veneto","status":"publish","type":"post","link":"https:\/\/www.bellunopress.it\/fr\/2021\/03\/05\/treno-delle-dolomiti-scopel-attendiamo-gli-elaborati-dalla-regione-veneto\/","title":{"rendered":"Treno delle Dolomiti. Scopel: \u00abAttendiamo gli elaborati dalla Regione Veneto\u00bb"},"content":{"rendered":"<figure id=\"attachment_100935\" aria-describedby=\"caption-attachment-100935\" style=\"width: 233px\" class=\"wp-caption alignleft\"><a href=\"http:\/\/www.bellunopress.it\/fr\/2019\/01\/05\/dario-scopel-sindaco-di-seren-del-grappa-e-il-nuovo-coordinatore-provinciale-di-forza-italia\/dario-scopel-sindaco-seren-del-grappa\/\" rel=\"attachment wp-att-100935\"><img loading=\"lazy\" decoding=\"async\" class=\"size-full wp-image-100935\" src=\"http:\/\/www.bellunopress.it\/wp-content\/uploads\/2019\/01\/Dario-Scopel-sindaco-Seren-del-Grappa.jpg\" alt=\"\" width=\"233\" height=\"300\" \/><\/a><figcaption id=\"caption-attachment-100935\" class=\"wp-caption-text\">Dario Scopel<\/figcaption><\/figure>\n<p>\u00abPrendiamo atto della scelta del tracciato del Treno delle Dolomiti operata dalla Regione Veneto. Se \u00e8 vero, come leggiamo dalla stampa, che gli studi relativi al percorso sono pronti da prima di settembre, ci piacerebbe poterli vedere, se non altro per i soldi che la Provincia ha investito e dato alla Regione proprio per gli approfondimenti del caso\u00bb. \u00c8 quanto afferma il consigliere provinciale delegato alla mobilit\u00e0 Dario Scopel, relativamente alla nuova ferrovia che dovrebbe collegare Cortina.<\/p>\n<p>\u00abIl nostro territorio ha bisogno di infrastrutture. Ma devono essere sostenibili dal punto di vista economico, ambientale e sociale. Abbiamo sempre detto che il Treno delle Dolomiti pu\u00f2 essere una grande occasione per la montagna, ma deve essere concorrenziale rispetto all\u2019auto e ad altri mezzi. Per questo, di fronte alle proposte di percorso fornite dalla Regione, avevamo messo a disposizione 200mila euro dai Fondi Comuni confinanti per approfondire alcuni aspetti. Ricordo, infatti, che non siamo di fronte a un progetto, ma solo a un\u2019idea progettuale, ancora priva degli studi di fattibilit\u00e0. E che pertanto servono dati precisi per poter decidere dove fare passare la ferrovia, altrimenti rischiamo di vendere aria fritta a un territorio che invece ha estremo bisogno di pianificare le infrastrutture del futuro. Attendiamo con fiducia l\u2019invio di questi studi. La Provincia non si \u00e8 mai tirata indietro sul tema delle infrastrutture. Anzi, sta analizzando in maniera puntuale le schede del Piano regionale di Recovery, per inserire nelle priorit\u00e0 anche la realizzazione del collegamento ferroviario Feltre-Primolano, ulteriore sbocco in grado di portare il Bellunese fuori dall\u2019isolamento\u00bb.<\/p>","protected":false},"excerpt":{"rendered":"<p>\u00abPrendiamo atto della scelta del tracciato del Treno delle Dolomiti operata dalla Regione Veneto. Se \u00e8 vero, come leggiamo dalla stampa, che gli studi relativi al percorso sono pronti da prima di settembre, ci piacerebbe poterli vedere, se non altro per i soldi che la Provincia ha investito e dato alla Regione proprio per gli [&hellip;]<\/p>\n","protected":false},"author":2,"featured_media":122229,"comment_status":"closed","ping_status":"open","sticky":false,"template":"","format":"standard","meta":{"footnotes":""},"categories":[5,26,8],"tags":[],"class_list":["post-122228","post","type-post","status-publish","format-standard","has-post-thumbnail","category-cronaca","category-prima-pagina","category-societa-istituzioni"],"yoast_head":"<!-- This site is optimized with the Yoast SEO plugin v28.4 - https:\/\/yoast.com\/product\/yoast-seo-wordpress\/ -->\n<title>Treno delle Dolomiti. Scopel: \u00abAttendiamo gli elaborati dalla Regione Veneto\u00bb - Bellunopress - Dolomiti<\/title>\n<meta name=\"robots\" content=\"index, follow, max-snippet:-1, max-image-preview:large, max-video-preview:-1\" \/>\n<link rel=\"canonical\" href=\"https:\/\/www.bellunopress.it\/fr\/2021\/03\/05\/treno-delle-dolomiti-scopel-attendiamo-gli-elaborati-dalla-regione-veneto\/\" \/>\n<meta property=\"og:locale\" content=\"fr_FR\" \/>\n<meta property=\"og:type\" content=\"article\" \/>\n<meta property=\"og:title\" content=\"Treno delle Dolomiti. Scopel: \u00abAttendiamo gli elaborati dalla Regione Veneto\u00bb - Bellunopress - Dolomiti\" \/>\n<meta property=\"og:description\" content=\"\u00abPrendiamo atto della scelta del tracciato del Treno delle Dolomiti operata dalla Regione Veneto. Se \u00e8 vero, come leggiamo dalla stampa, che gli studi relativi al percorso sono pronti da prima di settembre, ci piacerebbe poterli vedere, se non altro per i soldi che la Provincia ha investito e dato alla Regione proprio per gli [&hellip;]\" \/>\n<meta property=\"og:url\" content=\"https:\/\/www.bellunopress.it\/fr\/2021\/03\/05\/treno-delle-dolomiti-scopel-attendiamo-gli-elaborati-dalla-regione-veneto\/\" \/>\n<meta property=\"og:site_name\" content=\"Bellunopress - Dolomiti\" \/>\n<meta property=\"article:publisher\" content=\"https:\/\/www.facebook.com\/profile.php?id=100008943462799\" \/>\n<meta property=\"article:published_time\" content=\"2021-03-05T17:30:20+00:00\" \/>\n<meta property=\"og:image\" content=\"https:\/\/www.bellunopress.it\/wp-content\/uploads\/2021\/03\/palazzo-piloni-provincia_edited.jpg\" \/>\n\t<meta property=\"og:image:width\" content=\"1000\" \/>\n\t<meta property=\"og:image:height\" content=\"715\" \/>\n\t<meta property=\"og:image:type\" content=\"image\/jpeg\" \/>\n<meta name=\"author\" content=\"redazione\" \/>\n<meta name=\"twitter:card\" content=\"summary_large_image\" \/>\n<meta name=\"twitter:creator\" content=\"@bellunopress\" \/>\n<meta name=\"twitter:site\" content=\"@bellunopress\" \/>\n<meta name=\"twitter:label1\" content=\"\u00c9crit par\" \/>\n\t<meta name=\"twitter:data1\" content=\"redazione\" \/>\n\t<meta name=\"twitter:label2\" content=\"Dur\u00e9e de lecture estim\u00e9e\" \/>\n\t<meta name=\"twitter:data2\" content=\"2 minutes\" \/>\n<script type=\"application\/ld+json\" class=\"yoast-schema-graph\">{\"@context\":\"https:\\\/\\\/schema.org\",\"@graph\":[{\"@type\":\"Article\",\"@id\":\"https:\\\/\\\/www.bellunopress.it\\\/2021\\\/03\\\/05\\\/treno-delle-dolomiti-scopel-attendiamo-gli-elaborati-dalla-regione-veneto\\\/#article\",\"isPartOf\":{\"@id\":\"https:\\\/\\\/www.bellunopress.it\\\/2021\\\/03\\\/05\\\/treno-delle-dolomiti-scopel-attendiamo-gli-elaborati-dalla-regione-veneto\\\/\"},\"author\":{\"name\":\"redazione\",\"@id\":\"https:\\\/\\\/www.bellunopress.it\\\/#\\\/schema\\\/person\\\/79bb06722b37ece1c03d3e94beb30d73\"},\"headline\":\"Treno delle Dolomiti. Scopel: \u00abAttendiamo gli elaborati dalla Regione Veneto\u00bb\",\"datePublished\":\"2021-03-05T17:30:20+00:00\",\"mainEntityOfPage\":{\"@id\":\"https:\\\/\\\/www.bellunopress.it\\\/2021\\\/03\\\/05\\\/treno-delle-dolomiti-scopel-attendiamo-gli-elaborati-dalla-regione-veneto\\\/\"},\"wordCount\":275,\"publisher\":{\"@id\":\"https:\\\/\\\/www.bellunopress.it\\\/#organization\"},\"image\":{\"@id\":\"https:\\\/\\\/www.bellunopress.it\\\/2021\\\/03\\\/05\\\/treno-delle-dolomiti-scopel-attendiamo-gli-elaborati-dalla-regione-veneto\\\/#primaryimage\"},\"thumbnailUrl\":\"https:\\\/\\\/www.bellunopress.it\\\/wp-content\\\/uploads\\\/2021\\\/03\\\/palazzo-piloni-provincia_edited.jpg\",\"articleSection\":[\"Cronaca\\\/Politica\",\"Prima Pagina\",\"Societ\u00e0, Associazioni, Istituzioni\"],\"inLanguage\":\"fr-FR\"},{\"@type\":\"WebPage\",\"@id\":\"https:\\\/\\\/www.bellunopress.it\\\/2021\\\/03\\\/05\\\/treno-delle-dolomiti-scopel-attendiamo-gli-elaborati-dalla-regione-veneto\\\/\",\"url\":\"https:\\\/\\\/www.bellunopress.it\\\/2021\\\/03\\\/05\\\/treno-delle-dolomiti-scopel-attendiamo-gli-elaborati-dalla-regione-veneto\\\/\",\"name\":\"Treno delle Dolomiti. Scopel: \u00abAttendiamo gli elaborati dalla Regione Veneto\u00bb - Bellunopress - Dolomiti\",\"isPartOf\":{\"@id\":\"https:\\\/\\\/www.bellunopress.it\\\/#website\"},\"primaryImageOfPage\":{\"@id\":\"https:\\\/\\\/www.bellunopress.it\\\/2021\\\/03\\\/05\\\/treno-delle-dolomiti-scopel-attendiamo-gli-elaborati-dalla-regione-veneto\\\/#primaryimage\"},\"image\":{\"@id\":\"https:\\\/\\\/www.bellunopress.it\\\/2021\\\/03\\\/05\\\/treno-delle-dolomiti-scopel-attendiamo-gli-elaborati-dalla-regione-veneto\\\/#primaryimage\"},\"thumbnailUrl\":\"https:\\\/\\\/www.bellunopress.it\\\/wp-content\\\/uploads\\\/2021\\\/03\\\/palazzo-piloni-provincia_edited.jpg\",\"datePublished\":\"2021-03-05T17:30:20+00:00\",\"breadcrumb\":{\"@id\":\"https:\\\/\\\/www.bellunopress.it\\\/2021\\\/03\\\/05\\\/treno-delle-dolomiti-scopel-attendiamo-gli-elaborati-dalla-regione-veneto\\\/#breadcrumb\"},\"inLanguage\":\"fr-FR\",\"potentialAction\":[{\"@type\":\"ReadAction\",\"target\":[\"https:\\\/\\\/www.bellunopress.it\\\/2021\\\/03\\\/05\\\/treno-delle-dolomiti-scopel-attendiamo-gli-elaborati-dalla-regione-veneto\\\/\"]}]},{\"@type\":\"ImageObject\",\"inLanguage\":\"fr-FR\",\"@id\":\"https:\\\/\\\/www.bellunopress.it\\\/2021\\\/03\\\/05\\\/treno-delle-dolomiti-scopel-attendiamo-gli-elaborati-dalla-regione-veneto\\\/#primaryimage\",\"url\":\"https:\\\/\\\/www.bellunopress.it\\\/wp-content\\\/uploads\\\/2021\\\/03\\\/palazzo-piloni-provincia_edited.jpg\",\"contentUrl\":\"https:\\\/\\\/www.bellunopress.it\\\/wp-content\\\/uploads\\\/2021\\\/03\\\/palazzo-piloni-provincia_edited.jpg\",\"width\":1000,\"height\":715},{\"@type\":\"BreadcrumbList\",\"@id\":\"https:\\\/\\\/www.bellunopress.it\\\/2021\\\/03\\\/05\\\/treno-delle-dolomiti-scopel-attendiamo-gli-elaborati-dalla-regione-veneto\\\/#breadcrumb\",\"itemListElement\":[{\"@type\":\"ListItem\",\"position\":1,\"name\":\"Home\",\"item\":\"https:\\\/\\\/www.bellunopress.it\\\/\"},{\"@type\":\"ListItem\",\"position\":2,\"name\":\"Treno delle Dolomiti. Scopel: \u00abAttendiamo gli elaborati dalla Regione Veneto\u00bb\"}]},{\"@type\":\"WebSite\",\"@id\":\"https:\\\/\\\/www.bellunopress.it\\\/#website\",\"url\":\"https:\\\/\\\/www.bellunopress.it\\\/\",\"name\":\"Bellunopress - Dolomiti\",\"description\":\"e-mail: redazione@bellunopress.it\",\"publisher\":{\"@id\":\"https:\\\/\\\/www.bellunopress.it\\\/#organization\"},\"potentialAction\":[{\"@type\":\"SearchAction\",\"target\":{\"@type\":\"EntryPoint\",\"urlTemplate\":\"https:\\\/\\\/www.bellunopress.it\\\/?s={search_term_string}\"},\"query-input\":{\"@type\":\"PropertyValueSpecification\",\"valueRequired\":true,\"valueName\":\"search_term_string\"}}],\"inLanguage\":\"fr-FR\"},{\"@type\":\"Organization\",\"@id\":\"https:\\\/\\\/www.bellunopress.it\\\/#organization\",\"name\":\"Bellunopress\",\"url\":\"https:\\\/\\\/www.bellunopress.it\\\/\",\"logo\":{\"@type\":\"ImageObject\",\"inLanguage\":\"fr-FR\",\"@id\":\"https:\\\/\\\/www.bellunopress.it\\\/#\\\/schema\\\/logo\\\/image\\\/\",\"url\":\"https:\\\/\\\/www.bellunopress.it\\\/wp-content\\\/uploads\\\/2011\\\/05\\\/cropped-logo-bellunopress-.jpg\",\"contentUrl\":\"https:\\\/\\\/www.bellunopress.it\\\/wp-content\\\/uploads\\\/2011\\\/05\\\/cropped-logo-bellunopress-.jpg\",\"width\":512,\"height\":512,\"caption\":\"Bellunopress\"},\"image\":{\"@id\":\"https:\\\/\\\/www.bellunopress.it\\\/#\\\/schema\\\/logo\\\/image\\\/\"},\"sameAs\":[\"https:\\\/\\\/www.facebook.com\\\/profile.php?id=100008943462799\",\"https:\\\/\\\/x.com\\\/bellunopress\",\"https:\\\/\\\/www.linkedin.com\\\/hp\\\/?dnr=JBzUWaJfMUw8vbXJJ2tVW5-I3jZKvC4wsoxE&amp;amp;amp;amp;amp;amp;trk=nav_responsive_tab_home\",\"https:\\\/\\\/www.youtube.com\\\/channel\\\/UCxL0wu1uN0_3_7hGG0306cw\"]},{\"@type\":\"Person\",\"@id\":\"https:\\\/\\\/www.bellunopress.it\\\/#\\\/schema\\\/person\\\/79bb06722b37ece1c03d3e94beb30d73\",\"name\":\"redazione\",\"image\":{\"@type\":\"ImageObject\",\"inLanguage\":\"fr-FR\",\"@id\":\"https:\\\/\\\/secure.gravatar.com\\\/avatar\\\/37d968a2e67a6fd04c169c4bdef102d0bc5d31b2546345219e348575eb80e9a0?s=96&d=mm&r=g\",\"url\":\"https:\\\/\\\/secure.gravatar.com\\\/avatar\\\/37d968a2e67a6fd04c169c4bdef102d0bc5d31b2546345219e348575eb80e9a0?s=96&d=mm&r=g\",\"contentUrl\":\"https:\\\/\\\/secure.gravatar.com\\\/avatar\\\/37d968a2e67a6fd04c169c4bdef102d0bc5d31b2546345219e348575eb80e9a0?s=96&d=mm&r=g\",\"caption\":\"redazione\"},\"sameAs\":[\"http:\\\/\\\/www.bellunopress.it\",\"https:\\\/\\\/x.com\\\/bellunopress\"],\"url\":\"https:\\\/\\\/www.bellunopress.it\\\/fr\\\/author\\\/redazione\\\/\"}]}<\/script>\n<!-- \/ Yoast SEO plugin. -->","yoast_head_json":{"title":"Treno delle Dolomiti. Scopel: \u00abAttendiamo gli elaborati dalla Regione Veneto\u00bb - Bellunopress - Dolomiti","robots":{"index":"index","follow":"follow","max-snippet":"max-snippet:-1","max-image-preview":"max-image-preview:large","max-video-preview":"max-video-preview:-1"},"canonical":"https:\/\/www.bellunopress.it\/fr\/2021\/03\/05\/treno-delle-dolomiti-scopel-attendiamo-gli-elaborati-dalla-regione-veneto\/","og_locale":"fr_FR","og_type":"article","og_title":"Treno delle Dolomiti. Scopel: \u00abAttendiamo gli elaborati dalla Regione Veneto\u00bb - Bellunopress - Dolomiti","og_description":"\u00abPrendiamo atto della scelta del tracciato del Treno delle Dolomiti operata dalla Regione Veneto. Se \u00e8 vero, come leggiamo dalla stampa, che gli studi relativi al percorso sono pronti da prima di settembre, ci piacerebbe poterli vedere, se non altro per i soldi che la Provincia ha investito e dato alla Regione proprio per gli [&hellip;]","og_url":"https:\/\/www.bellunopress.it\/fr\/2021\/03\/05\/treno-delle-dolomiti-scopel-attendiamo-gli-elaborati-dalla-regione-veneto\/","og_site_name":"Bellunopress - Dolomiti","article_publisher":"https:\/\/www.facebook.com\/profile.php?id=100008943462799","article_published_time":"2021-03-05T17:30:20+00:00","og_image":[{"width":1000,"height":715,"url":"https:\/\/www.bellunopress.it\/wp-content\/uploads\/2021\/03\/palazzo-piloni-provincia_edited.jpg","type":"image\/jpeg"}],"author":"redazione","twitter_card":"summary_large_image","twitter_creator":"@bellunopress","twitter_site":"@bellunopress","twitter_misc":{"\u00c9crit par":"redazione","Dur\u00e9e de lecture estim\u00e9e":"2 minutes"},"schema":{"@context":"https:\/\/schema.org","@graph":[{"@type":"Article","@id":"https:\/\/www.bellunopress.it\/2021\/03\/05\/treno-delle-dolomiti-scopel-attendiamo-gli-elaborati-dalla-regione-veneto\/#article","isPartOf":{"@id":"https:\/\/www.bellunopress.it\/2021\/03\/05\/treno-delle-dolomiti-scopel-attendiamo-gli-elaborati-dalla-regione-veneto\/"},"author":{"name":"redazione","@id":"https:\/\/www.bellunopress.it\/#\/schema\/person\/79bb06722b37ece1c03d3e94beb30d73"},"headline":"Treno delle Dolomiti. Scopel: \u00abAttendiamo gli elaborati dalla Regione Veneto\u00bb","datePublished":"2021-03-05T17:30:20+00:00","mainEntityOfPage":{"@id":"https:\/\/www.bellunopress.it\/2021\/03\/05\/treno-delle-dolomiti-scopel-attendiamo-gli-elaborati-dalla-regione-veneto\/"},"wordCount":275,"publisher":{"@id":"https:\/\/www.bellunopress.it\/#organization"},"image":{"@id":"https:\/\/www.bellunopress.it\/2021\/03\/05\/treno-delle-dolomiti-scopel-attendiamo-gli-elaborati-dalla-regione-veneto\/#primaryimage"},"thumbnailUrl":"https:\/\/www.bellunopress.it\/wp-content\/uploads\/2021\/03\/palazzo-piloni-provincia_edited.jpg","articleSection":["Cronaca\/Politica","Prima Pagina","Societ\u00e0, Associazioni, Istituzioni"],"inLanguage":"fr-FR"},{"@type":"WebPage","@id":"https:\/\/www.bellunopress.it\/2021\/03\/05\/treno-delle-dolomiti-scopel-attendiamo-gli-elaborati-dalla-regione-veneto\/","url":"https:\/\/www.bellunopress.it\/2021\/03\/05\/treno-delle-dolomiti-scopel-attendiamo-gli-elaborati-dalla-regione-veneto\/","name":"Treno delle Dolomiti. Scopel: \u00abAttendiamo gli elaborati dalla Regione Veneto\u00bb - Bellunopress - Dolomiti","isPartOf":{"@id":"https:\/\/www.bellunopress.it\/#website"},"primaryImageOfPage":{"@id":"https:\/\/www.bellunopress.it\/2021\/03\/05\/treno-delle-dolomiti-scopel-attendiamo-gli-elaborati-dalla-regione-veneto\/#primaryimage"},"image":{"@id":"https:\/\/www.bellunopress.it\/2021\/03\/05\/treno-delle-dolomiti-scopel-attendiamo-gli-elaborati-dalla-regione-veneto\/#primaryimage"},"thumbnailUrl":"https:\/\/www.bellunopress.it\/wp-content\/uploads\/2021\/03\/palazzo-piloni-provincia_edited.jpg","datePublished":"2021-03-05T17:30:20+00:00","breadcrumb":{"@id":"https:\/\/www.bellunopress.it\/2021\/03\/05\/treno-delle-dolomiti-scopel-attendiamo-gli-elaborati-dalla-regione-veneto\/#breadcrumb"},"inLanguage":"fr-FR","potentialAction":[{"@type":"ReadAction","target":["https:\/\/www.bellunopress.it\/2021\/03\/05\/treno-delle-dolomiti-scopel-attendiamo-gli-elaborati-dalla-regione-veneto\/"]}]},{"@type":"ImageObject","inLanguage":"fr-FR","@id":"https:\/\/www.bellunopress.it\/2021\/03\/05\/treno-delle-dolomiti-scopel-attendiamo-gli-elaborati-dalla-regione-veneto\/#primaryimage","url":"https:\/\/www.bellunopress.it\/wp-content\/uploads\/2021\/03\/palazzo-piloni-provincia_edited.jpg","contentUrl":"https:\/\/www.bellunopress.it\/wp-content\/uploads\/2021\/03\/palazzo-piloni-provincia_edited.jpg","width":1000,"height":715},{"@type":"BreadcrumbList","@id":"https:\/\/www.bellunopress.it\/2021\/03\/05\/treno-delle-dolomiti-scopel-attendiamo-gli-elaborati-dalla-regione-veneto\/#breadcrumb","itemListElement":[{"@type":"ListItem","position":1,"name":"Home","item":"https:\/\/www.bellunopress.it\/"},{"@type":"ListItem","position":2,"name":"Treno delle Dolomiti. Scopel: \u00abAttendiamo gli elaborati dalla Regione Veneto\u00bb"}]},{"@type":"WebSite","@id":"https:\/\/www.bellunopress.it\/#website","url":"https:\/\/www.bellunopress.it\/","name":"Bellunopress - Dolomiti","description":"e-mail: redazione@bellunopress.it","publisher":{"@id":"https:\/\/www.bellunopress.it\/#organization"},"potentialAction":[{"@type":"SearchAction","target":{"@type":"EntryPoint","urlTemplate":"https:\/\/www.bellunopress.it\/?s={search_term_string}"},"query-input":{"@type":"PropertyValueSpecification","valueRequired":true,"valueName":"search_term_string"}}],"inLanguage":"fr-FR"},{"@type":"Organization","@id":"https:\/\/www.bellunopress.it\/#organization","name":"Bellunopress","url":"https:\/\/www.bellunopress.it\/","logo":{"@type":"ImageObject","inLanguage":"fr-FR","@id":"https:\/\/www.bellunopress.it\/#\/schema\/logo\/image\/","url":"https:\/\/www.bellunopress.it\/wp-content\/uploads\/2011\/05\/cropped-logo-bellunopress-.jpg","contentUrl":"https:\/\/www.bellunopress.it\/wp-content\/uploads\/2011\/05\/cropped-logo-bellunopress-.jpg","width":512,"height":512,"caption":"Bellunopress"},"image":{"@id":"https:\/\/www.bellunopress.it\/#\/schema\/logo\/image\/"},"sameAs":["https:\/\/www.facebook.com\/profile.php?id=100008943462799","https:\/\/x.com\/bellunopress","https:\/\/www.linkedin.com\/hp\/?dnr=JBzUWaJfMUw8vbXJJ2tVW5-I3jZKvC4wsoxE&amp;amp;amp;amp;amp;amp;trk=nav_responsive_tab_home","https:\/\/www.youtube.com\/channel\/UCxL0wu1uN0_3_7hGG0306cw"]},{"@type":"Person","@id":"https:\/\/www.bellunopress.it\/#\/schema\/person\/79bb06722b37ece1c03d3e94beb30d73","name":"r\u00e9daction","image":{"@type":"ImageObject","inLanguage":"fr-FR","@id":"https:\/\/secure.gravatar.com\/avatar\/37d968a2e67a6fd04c169c4bdef102d0bc5d31b2546345219e348575eb80e9a0?s=96&d=mm&r=g","url":"https:\/\/secure.gravatar.com\/avatar\/37d968a2e67a6fd04c169c4bdef102d0bc5d31b2546345219e348575eb80e9a0?s=96&d=mm&r=g","contentUrl":"https:\/\/secure.gravatar.com\/avatar\/37d968a2e67a6fd04c169c4bdef102d0bc5d31b2546345219e348575eb80e9a0?s=96&d=mm&r=g","caption":"redazione"},"sameAs":["http:\/\/www.bellunopress.it","https:\/\/x.com\/bellunopress"],"url":"https:\/\/www.bellunopress.it\/fr\/author\/redazione\/"}]}},"_links":{"self":[{"href":"https:\/\/www.bellunopress.it\/fr\/wp-json\/wp\/v2\/posts\/122228","targetHints":{"allow":["GET"]}}],"collection":[{"href":"https:\/\/www.bellunopress.it\/fr\/wp-json\/wp\/v2\/posts"}],"about":[{"href":"https:\/\/www.bellunopress.it\/fr\/wp-json\/wp\/v2\/types\/post"}],"author":[{"embeddable":true,"href":"https:\/\/www.bellunopress.it\/fr\/wp-json\/wp\/v2\/users\/2"}],"replies":[{"embeddable":true,"href":"https:\/\/www.bellunopress.it\/fr\/wp-json\/wp\/v2\/comments?post=122228"}],"version-history":[{"count":1,"href":"https:\/\/www.bellunopress.it\/fr\/wp-json\/wp\/v2\/posts\/122228\/revisions"}],"predecessor-version":[{"id":122230,"href":"https:\/\/www.bellunopress.it\/fr\/wp-json\/wp\/v2\/posts\/122228\/revisions\/122230"}],"wp:featuredmedia":[{"embeddable":true,"href":"https:\/\/www.bellunopress.it\/fr\/wp-json\/wp\/v2\/media\/122229"}],"wp:attachment":[{"href":"https:\/\/www.bellunopress.it\/fr\/wp-json\/wp\/v2\/media?parent=122228"}],"wp:term":[{"taxonomy":"category","embeddable":true,"href":"https:\/\/www.bellunopress.it\/fr\/wp-json\/wp\/v2\/categories?post=122228"},{"taxonomy":"post_tag","embeddable":true,"href":"https:\/\/www.bellunopress.it\/fr\/wp-json\/wp\/v2\/tags?post=122228"}],"curies":[{"name":"wp","href":"https:\/\/api.w.org\/{rel}","templated":true}]}}