{"id":122224,"date":"2021-03-05T18:15:10","date_gmt":"2021-03-05T17:15:10","guid":{"rendered":"http:\/\/www.bellunopress.it\/?p=122224"},"modified":"2021-03-05T18:15:11","modified_gmt":"2021-03-05T17:15:11","slug":"il-sole-illumina-la-prima-tappa-della-winterace-2021","status":"publish","type":"post","link":"https:\/\/www.bellunopress.it\/fr\/2021\/03\/05\/il-sole-illumina-la-prima-tappa-della-winterace-2021\/","title":{"rendered":"Il sole illumina la prima tappa della WinteRace 2021"},"content":{"rendered":"<figure id=\"attachment_122225\" aria-describedby=\"caption-attachment-122225\" style=\"width: 1000px\" class=\"wp-caption alignleft\"><a href=\"http:\/\/www.bellunopress.it\/fr\/2021\/03\/05\/il-sole-illumina-la-prima-tappa-della-winterace-2021\/gennaro_giacomello-su-alfa-romeo-6c-1500-ss-del-1929_edited\/\" rel=\"attachment wp-att-122225\"><img loading=\"lazy\" decoding=\"async\" class=\"size-full wp-image-122225\" src=\"http:\/\/www.bellunopress.it\/wp-content\/uploads\/2021\/03\/Gennaro_Giacomello-su-Alfa-Romeo-6C-1500-SS-del-1929_edited.jpg\" alt=\"\" width=\"1000\" height=\"712\" srcset=\"https:\/\/www.bellunopress.it\/wp-content\/uploads\/2021\/03\/Gennaro_Giacomello-su-Alfa-Romeo-6C-1500-SS-del-1929_edited.jpg 1000w, https:\/\/www.bellunopress.it\/wp-content\/uploads\/2021\/03\/Gennaro_Giacomello-su-Alfa-Romeo-6C-1500-SS-del-1929_edited-500x356.jpg 500w, https:\/\/www.bellunopress.it\/wp-content\/uploads\/2021\/03\/Gennaro_Giacomello-su-Alfa-Romeo-6C-1500-SS-del-1929_edited-696x496.jpg 696w, https:\/\/www.bellunopress.it\/wp-content\/uploads\/2021\/03\/Gennaro_Giacomello-su-Alfa-Romeo-6C-1500-SS-del-1929_edited-590x420.jpg 590w, https:\/\/www.bellunopress.it\/wp-content\/uploads\/2021\/03\/Gennaro_Giacomello-su-Alfa-Romeo-6C-1500-SS-del-1929_edited-100x70.jpg 100w\" sizes=\"auto, (max-width: 1000px) 100vw, 1000px\" \/><\/a><figcaption id=\"caption-attachment-122225\" class=\"wp-caption-text\">Gennaro Giacomello su Alfa Romeo 6C 1500 SS del 1929<\/figcaption><\/figure>\n<p>Cortina d\u2019Ampezzo, 5 marzo 2021 &#8211; Al via questa mattina alle ore 9.00 da Corso Italia l\u2019ottava edizione della WinteRace.<br \/>\nSotto un cielo terso, le vetture iscritte alla gara, SuperClassica ACISPORT, sono partite per i primi 200 km di gara, attraversando valli e passi baciate da un sole inatteso, visto che era prevista neve.<br \/>\nLa \u201cnonnina\u201d della gara \u00e8 l\u2019Alfa Romeo 6C 1500 SS del 1929 dell\u2019equipaggio Gennaro-Giacomello, ma era in compagnia di altre sei vetture anteguerra, tra cui tre Lancia Aprilia, una del 1937, una del 1938 e una del 1939, due Fiat 508 C del 1937 e una FIAT 508 S del 1935.<br \/>\nNel percorso odierno le vetture si sono dirette verso l\u2019impegnativo Passo Giau dopo aver effettuato le prime prove nelle vicinanze di Cortina; le auto hanno poi proseguito verso Arabba, dopo aver affrontato le prove a Pian di Salesei. A causa della chiusura del Passo Sella il percorso \u00e8 stato deviato verso Passo Campolongo. A Colfosco le vetture hanno sostato per un pranzo al sacco presso l\u2019hotel \u201cKolfuschgerhof****\u201d. La gara ha poi attraversato la splendida Corvara e San Vigilio di Marebbe.<br \/>\nDopo il Passo Furcia le auto sono arrivate a Dobbiaco, per dirigersi poi sul Passo Cimabanche. Alle 16.00 \u00e8 arrivata la prima vettura storica in Corso Italia a Cortina D\u2019Ampezzo. Le vetture moderne della V^ Porsche WinteRace sono invece arrivate presso il Grand Hotel Savoia***** a Radisson Collection Hotel verso le 17.15.<br \/>\nDomani, sabato 6 marzo, \u00e8 prevista la seconda tappa in cui gli equipaggi partiranno sempre alle ore 9.00 da Corso Italia per dirigersi verso il Passo Falzarego. Dopo le prove a Rucav\u00e0 e il passaggio a Falcade, le vetture valicheranno il secondo passo della mattinata, il Rolle per arrivare a San Martino di Castrozza e nello splendido villaggio di Siror. A Fiera di Primiero \u00e8 prevista una sosta nel centro della citt\u00e0 con una calorosa accoglienza di figuranti in costumi locali. Nel pomeriggio le vetture dovranno oltrepassare il Passo Cereda per poi dirigersi verso Gosaldo ed Agordo. Alla fine delle prove sul lungo lago di Alleghe, le vetture risaliranno per il Giau per poi chiudere la gara a Cortina d\u2019Ampezzo, sempre in<br \/>\nCorso Italia con arrivo alle 17.00.<\/p>","protected":false},"excerpt":{"rendered":"<p>Cortina d\u2019Ampezzo, 5 marzo 2021 &#8211; Al via questa mattina alle ore 9.00 da Corso Italia l\u2019ottava edizione della WinteRace. Sotto un cielo terso, le vetture iscritte alla gara, SuperClassica ACISPORT, sono partite per i primi 200 km di gara, attraversando valli e passi baciate da un sole inatteso, visto che era prevista neve. La [&hellip;]<\/p>\n","protected":false},"author":2,"featured_media":122225,"comment_status":"closed","ping_status":"open","sticky":false,"template":"","format":"standard","meta":{"footnotes":""},"categories":[26,4],"tags":[],"class_list":["post-122224","post","type-post","status-publish","format-standard","has-post-thumbnail","category-prima-pagina","category-sport"],"yoast_head":"<!-- This site is optimized with the Yoast SEO plugin v28.4 - https:\/\/yoast.com\/product\/yoast-seo-wordpress\/ -->\n<title>Il sole illumina la prima tappa della WinteRace 2021 - Bellunopress - Dolomiti<\/title>\n<meta name=\"robots\" content=\"index, follow, max-snippet:-1, max-image-preview:large, max-video-preview:-1\" \/>\n<link rel=\"canonical\" href=\"https:\/\/www.bellunopress.it\/fr\/2021\/03\/05\/il-sole-illumina-la-prima-tappa-della-winterace-2021\/\" \/>\n<meta property=\"og:locale\" content=\"fr_FR\" \/>\n<meta property=\"og:type\" content=\"article\" \/>\n<meta property=\"og:title\" content=\"Il sole illumina la prima tappa della WinteRace 2021 - Bellunopress - Dolomiti\" \/>\n<meta property=\"og:description\" content=\"Cortina d\u2019Ampezzo, 5 marzo 2021 &#8211; Al via questa mattina alle ore 9.00 da Corso Italia l\u2019ottava edizione della WinteRace. Sotto un cielo terso, le vetture iscritte alla gara, SuperClassica ACISPORT, sono partite per i primi 200 km di gara, attraversando valli e passi baciate da un sole inatteso, visto che era prevista neve. La [&hellip;]\" \/>\n<meta property=\"og:url\" content=\"https:\/\/www.bellunopress.it\/fr\/2021\/03\/05\/il-sole-illumina-la-prima-tappa-della-winterace-2021\/\" \/>\n<meta property=\"og:site_name\" content=\"Bellunopress - Dolomiti\" \/>\n<meta property=\"article:publisher\" content=\"https:\/\/www.facebook.com\/profile.php?id=100008943462799\" \/>\n<meta property=\"article:published_time\" content=\"2021-03-05T17:15:10+00:00\" \/>\n<meta property=\"article:modified_time\" content=\"2021-03-05T17:15:11+00:00\" \/>\n<meta property=\"og:image\" content=\"https:\/\/www.bellunopress.it\/wp-content\/uploads\/2021\/03\/Gennaro_Giacomello-su-Alfa-Romeo-6C-1500-SS-del-1929_edited.jpg\" \/>\n\t<meta property=\"og:image:width\" content=\"1000\" \/>\n\t<meta property=\"og:image:height\" content=\"712\" \/>\n\t<meta property=\"og:image:type\" content=\"image\/jpeg\" \/>\n<meta name=\"author\" content=\"redazione\" \/>\n<meta name=\"twitter:card\" content=\"summary_large_image\" \/>\n<meta name=\"twitter:creator\" content=\"@bellunopress\" \/>\n<meta name=\"twitter:site\" content=\"@bellunopress\" \/>\n<meta name=\"twitter:label1\" content=\"\u00c9crit par\" \/>\n\t<meta name=\"twitter:data1\" content=\"redazione\" \/>\n\t<meta name=\"twitter:label2\" content=\"Dur\u00e9e de lecture estim\u00e9e\" \/>\n\t<meta name=\"twitter:data2\" content=\"2 minutes\" \/>\n<script type=\"application\/ld+json\" class=\"yoast-schema-graph\">{\"@context\":\"https:\\\/\\\/schema.org\",\"@graph\":[{\"@type\":\"Article\",\"@id\":\"https:\\\/\\\/www.bellunopress.it\\\/2021\\\/03\\\/05\\\/il-sole-illumina-la-prima-tappa-della-winterace-2021\\\/#article\",\"isPartOf\":{\"@id\":\"https:\\\/\\\/www.bellunopress.it\\\/2021\\\/03\\\/05\\\/il-sole-illumina-la-prima-tappa-della-winterace-2021\\\/\"},\"author\":{\"name\":\"redazione\",\"@id\":\"https:\\\/\\\/www.bellunopress.it\\\/#\\\/schema\\\/person\\\/79bb06722b37ece1c03d3e94beb30d73\"},\"headline\":\"Il sole illumina la prima tappa della WinteRace 2021\",\"datePublished\":\"2021-03-05T17:15:10+00:00\",\"dateModified\":\"2021-03-05T17:15:11+00:00\",\"mainEntityOfPage\":{\"@id\":\"https:\\\/\\\/www.bellunopress.it\\\/2021\\\/03\\\/05\\\/il-sole-illumina-la-prima-tappa-della-winterace-2021\\\/\"},\"wordCount\":373,\"publisher\":{\"@id\":\"https:\\\/\\\/www.bellunopress.it\\\/#organization\"},\"image\":{\"@id\":\"https:\\\/\\\/www.bellunopress.it\\\/2021\\\/03\\\/05\\\/il-sole-illumina-la-prima-tappa-della-winterace-2021\\\/#primaryimage\"},\"thumbnailUrl\":\"https:\\\/\\\/www.bellunopress.it\\\/wp-content\\\/uploads\\\/2021\\\/03\\\/Gennaro_Giacomello-su-Alfa-Romeo-6C-1500-SS-del-1929_edited.jpg\",\"articleSection\":[\"Prima Pagina\",\"Sport, tempo libero\"],\"inLanguage\":\"fr-FR\"},{\"@type\":\"WebPage\",\"@id\":\"https:\\\/\\\/www.bellunopress.it\\\/2021\\\/03\\\/05\\\/il-sole-illumina-la-prima-tappa-della-winterace-2021\\\/\",\"url\":\"https:\\\/\\\/www.bellunopress.it\\\/2021\\\/03\\\/05\\\/il-sole-illumina-la-prima-tappa-della-winterace-2021\\\/\",\"name\":\"Il sole illumina la prima tappa della WinteRace 2021 - Bellunopress - Dolomiti\",\"isPartOf\":{\"@id\":\"https:\\\/\\\/www.bellunopress.it\\\/#website\"},\"primaryImageOfPage\":{\"@id\":\"https:\\\/\\\/www.bellunopress.it\\\/2021\\\/03\\\/05\\\/il-sole-illumina-la-prima-tappa-della-winterace-2021\\\/#primaryimage\"},\"image\":{\"@id\":\"https:\\\/\\\/www.bellunopress.it\\\/2021\\\/03\\\/05\\\/il-sole-illumina-la-prima-tappa-della-winterace-2021\\\/#primaryimage\"},\"thumbnailUrl\":\"https:\\\/\\\/www.bellunopress.it\\\/wp-content\\\/uploads\\\/2021\\\/03\\\/Gennaro_Giacomello-su-Alfa-Romeo-6C-1500-SS-del-1929_edited.jpg\",\"datePublished\":\"2021-03-05T17:15:10+00:00\",\"dateModified\":\"2021-03-05T17:15:11+00:00\",\"breadcrumb\":{\"@id\":\"https:\\\/\\\/www.bellunopress.it\\\/2021\\\/03\\\/05\\\/il-sole-illumina-la-prima-tappa-della-winterace-2021\\\/#breadcrumb\"},\"inLanguage\":\"fr-FR\",\"potentialAction\":[{\"@type\":\"ReadAction\",\"target\":[\"https:\\\/\\\/www.bellunopress.it\\\/2021\\\/03\\\/05\\\/il-sole-illumina-la-prima-tappa-della-winterace-2021\\\/\"]}]},{\"@type\":\"ImageObject\",\"inLanguage\":\"fr-FR\",\"@id\":\"https:\\\/\\\/www.bellunopress.it\\\/2021\\\/03\\\/05\\\/il-sole-illumina-la-prima-tappa-della-winterace-2021\\\/#primaryimage\",\"url\":\"https:\\\/\\\/www.bellunopress.it\\\/wp-content\\\/uploads\\\/2021\\\/03\\\/Gennaro_Giacomello-su-Alfa-Romeo-6C-1500-SS-del-1929_edited.jpg\",\"contentUrl\":\"https:\\\/\\\/www.bellunopress.it\\\/wp-content\\\/uploads\\\/2021\\\/03\\\/Gennaro_Giacomello-su-Alfa-Romeo-6C-1500-SS-del-1929_edited.jpg\",\"width\":1000,\"height\":712,\"caption\":\"Gennaro Giacomello su Alfa Romeo 6C 1500 SS del 1929\"},{\"@type\":\"BreadcrumbList\",\"@id\":\"https:\\\/\\\/www.bellunopress.it\\\/2021\\\/03\\\/05\\\/il-sole-illumina-la-prima-tappa-della-winterace-2021\\\/#breadcrumb\",\"itemListElement\":[{\"@type\":\"ListItem\",\"position\":1,\"name\":\"Home\",\"item\":\"https:\\\/\\\/www.bellunopress.it\\\/\"},{\"@type\":\"ListItem\",\"position\":2,\"name\":\"Il sole illumina la prima tappa della WinteRace 2021\"}]},{\"@type\":\"WebSite\",\"@id\":\"https:\\\/\\\/www.bellunopress.it\\\/#website\",\"url\":\"https:\\\/\\\/www.bellunopress.it\\\/\",\"name\":\"Bellunopress - Dolomiti\",\"description\":\"e-mail: redazione@bellunopress.it\",\"publisher\":{\"@id\":\"https:\\\/\\\/www.bellunopress.it\\\/#organization\"},\"potentialAction\":[{\"@type\":\"SearchAction\",\"target\":{\"@type\":\"EntryPoint\",\"urlTemplate\":\"https:\\\/\\\/www.bellunopress.it\\\/?s={search_term_string}\"},\"query-input\":{\"@type\":\"PropertyValueSpecification\",\"valueRequired\":true,\"valueName\":\"search_term_string\"}}],\"inLanguage\":\"fr-FR\"},{\"@type\":\"Organization\",\"@id\":\"https:\\\/\\\/www.bellunopress.it\\\/#organization\",\"name\":\"Bellunopress\",\"url\":\"https:\\\/\\\/www.bellunopress.it\\\/\",\"logo\":{\"@type\":\"ImageObject\",\"inLanguage\":\"fr-FR\",\"@id\":\"https:\\\/\\\/www.bellunopress.it\\\/#\\\/schema\\\/logo\\\/image\\\/\",\"url\":\"https:\\\/\\\/www.bellunopress.it\\\/wp-content\\\/uploads\\\/2011\\\/05\\\/cropped-logo-bellunopress-.jpg\",\"contentUrl\":\"https:\\\/\\\/www.bellunopress.it\\\/wp-content\\\/uploads\\\/2011\\\/05\\\/cropped-logo-bellunopress-.jpg\",\"width\":512,\"height\":512,\"caption\":\"Bellunopress\"},\"image\":{\"@id\":\"https:\\\/\\\/www.bellunopress.it\\\/#\\\/schema\\\/logo\\\/image\\\/\"},\"sameAs\":[\"https:\\\/\\\/www.facebook.com\\\/profile.php?id=100008943462799\",\"https:\\\/\\\/x.com\\\/bellunopress\",\"https:\\\/\\\/www.linkedin.com\\\/hp\\\/?dnr=JBzUWaJfMUw8vbXJJ2tVW5-I3jZKvC4wsoxE&amp;amp;amp;amp;amp;amp;trk=nav_responsive_tab_home\",\"https:\\\/\\\/www.youtube.com\\\/channel\\\/UCxL0wu1uN0_3_7hGG0306cw\"]},{\"@type\":\"Person\",\"@id\":\"https:\\\/\\\/www.bellunopress.it\\\/#\\\/schema\\\/person\\\/79bb06722b37ece1c03d3e94beb30d73\",\"name\":\"redazione\",\"image\":{\"@type\":\"ImageObject\",\"inLanguage\":\"fr-FR\",\"@id\":\"https:\\\/\\\/secure.gravatar.com\\\/avatar\\\/37d968a2e67a6fd04c169c4bdef102d0bc5d31b2546345219e348575eb80e9a0?s=96&d=mm&r=g\",\"url\":\"https:\\\/\\\/secure.gravatar.com\\\/avatar\\\/37d968a2e67a6fd04c169c4bdef102d0bc5d31b2546345219e348575eb80e9a0?s=96&d=mm&r=g\",\"contentUrl\":\"https:\\\/\\\/secure.gravatar.com\\\/avatar\\\/37d968a2e67a6fd04c169c4bdef102d0bc5d31b2546345219e348575eb80e9a0?s=96&d=mm&r=g\",\"caption\":\"redazione\"},\"sameAs\":[\"http:\\\/\\\/www.bellunopress.it\",\"https:\\\/\\\/x.com\\\/bellunopress\"],\"url\":\"https:\\\/\\\/www.bellunopress.it\\\/fr\\\/author\\\/redazione\\\/\"}]}<\/script>\n<!-- \/ Yoast SEO plugin. -->","yoast_head_json":{"title":"Il sole illumina la prima tappa della WinteRace 2021 - Bellunopress - Dolomiti","robots":{"index":"index","follow":"follow","max-snippet":"max-snippet:-1","max-image-preview":"max-image-preview:large","max-video-preview":"max-video-preview:-1"},"canonical":"https:\/\/www.bellunopress.it\/fr\/2021\/03\/05\/il-sole-illumina-la-prima-tappa-della-winterace-2021\/","og_locale":"fr_FR","og_type":"article","og_title":"Il sole illumina la prima tappa della WinteRace 2021 - Bellunopress - Dolomiti","og_description":"Cortina d\u2019Ampezzo, 5 marzo 2021 &#8211; Al via questa mattina alle ore 9.00 da Corso Italia l\u2019ottava edizione della WinteRace. Sotto un cielo terso, le vetture iscritte alla gara, SuperClassica ACISPORT, sono partite per i primi 200 km di gara, attraversando valli e passi baciate da un sole inatteso, visto che era prevista neve. La [&hellip;]","og_url":"https:\/\/www.bellunopress.it\/fr\/2021\/03\/05\/il-sole-illumina-la-prima-tappa-della-winterace-2021\/","og_site_name":"Bellunopress - Dolomiti","article_publisher":"https:\/\/www.facebook.com\/profile.php?id=100008943462799","article_published_time":"2021-03-05T17:15:10+00:00","article_modified_time":"2021-03-05T17:15:11+00:00","og_image":[{"width":1000,"height":712,"url":"https:\/\/www.bellunopress.it\/wp-content\/uploads\/2021\/03\/Gennaro_Giacomello-su-Alfa-Romeo-6C-1500-SS-del-1929_edited.jpg","type":"image\/jpeg"}],"author":"redazione","twitter_card":"summary_large_image","twitter_creator":"@bellunopress","twitter_site":"@bellunopress","twitter_misc":{"\u00c9crit par":"redazione","Dur\u00e9e de lecture estim\u00e9e":"2 minutes"},"schema":{"@context":"https:\/\/schema.org","@graph":[{"@type":"Article","@id":"https:\/\/www.bellunopress.it\/2021\/03\/05\/il-sole-illumina-la-prima-tappa-della-winterace-2021\/#article","isPartOf":{"@id":"https:\/\/www.bellunopress.it\/2021\/03\/05\/il-sole-illumina-la-prima-tappa-della-winterace-2021\/"},"author":{"name":"redazione","@id":"https:\/\/www.bellunopress.it\/#\/schema\/person\/79bb06722b37ece1c03d3e94beb30d73"},"headline":"Il sole illumina la prima tappa della WinteRace 2021","datePublished":"2021-03-05T17:15:10+00:00","dateModified":"2021-03-05T17:15:11+00:00","mainEntityOfPage":{"@id":"https:\/\/www.bellunopress.it\/2021\/03\/05\/il-sole-illumina-la-prima-tappa-della-winterace-2021\/"},"wordCount":373,"publisher":{"@id":"https:\/\/www.bellunopress.it\/#organization"},"image":{"@id":"https:\/\/www.bellunopress.it\/2021\/03\/05\/il-sole-illumina-la-prima-tappa-della-winterace-2021\/#primaryimage"},"thumbnailUrl":"https:\/\/www.bellunopress.it\/wp-content\/uploads\/2021\/03\/Gennaro_Giacomello-su-Alfa-Romeo-6C-1500-SS-del-1929_edited.jpg","articleSection":["Prima Pagina","Sport, tempo libero"],"inLanguage":"fr-FR"},{"@type":"WebPage","@id":"https:\/\/www.bellunopress.it\/2021\/03\/05\/il-sole-illumina-la-prima-tappa-della-winterace-2021\/","url":"https:\/\/www.bellunopress.it\/2021\/03\/05\/il-sole-illumina-la-prima-tappa-della-winterace-2021\/","name":"Il sole illumina la prima tappa della WinteRace 2021 - Bellunopress - Dolomiti","isPartOf":{"@id":"https:\/\/www.bellunopress.it\/#website"},"primaryImageOfPage":{"@id":"https:\/\/www.bellunopress.it\/2021\/03\/05\/il-sole-illumina-la-prima-tappa-della-winterace-2021\/#primaryimage"},"image":{"@id":"https:\/\/www.bellunopress.it\/2021\/03\/05\/il-sole-illumina-la-prima-tappa-della-winterace-2021\/#primaryimage"},"thumbnailUrl":"https:\/\/www.bellunopress.it\/wp-content\/uploads\/2021\/03\/Gennaro_Giacomello-su-Alfa-Romeo-6C-1500-SS-del-1929_edited.jpg","datePublished":"2021-03-05T17:15:10+00:00","dateModified":"2021-03-05T17:15:11+00:00","breadcrumb":{"@id":"https:\/\/www.bellunopress.it\/2021\/03\/05\/il-sole-illumina-la-prima-tappa-della-winterace-2021\/#breadcrumb"},"inLanguage":"fr-FR","potentialAction":[{"@type":"ReadAction","target":["https:\/\/www.bellunopress.it\/2021\/03\/05\/il-sole-illumina-la-prima-tappa-della-winterace-2021\/"]}]},{"@type":"ImageObject","inLanguage":"fr-FR","@id":"https:\/\/www.bellunopress.it\/2021\/03\/05\/il-sole-illumina-la-prima-tappa-della-winterace-2021\/#primaryimage","url":"https:\/\/www.bellunopress.it\/wp-content\/uploads\/2021\/03\/Gennaro_Giacomello-su-Alfa-Romeo-6C-1500-SS-del-1929_edited.jpg","contentUrl":"https:\/\/www.bellunopress.it\/wp-content\/uploads\/2021\/03\/Gennaro_Giacomello-su-Alfa-Romeo-6C-1500-SS-del-1929_edited.jpg","width":1000,"height":712,"caption":"Gennaro Giacomello su Alfa Romeo 6C 1500 SS del 1929"},{"@type":"BreadcrumbList","@id":"https:\/\/www.bellunopress.it\/2021\/03\/05\/il-sole-illumina-la-prima-tappa-della-winterace-2021\/#breadcrumb","itemListElement":[{"@type":"ListItem","position":1,"name":"Home","item":"https:\/\/www.bellunopress.it\/"},{"@type":"ListItem","position":2,"name":"Il sole illumina la prima tappa della WinteRace 2021"}]},{"@type":"WebSite","@id":"https:\/\/www.bellunopress.it\/#website","url":"https:\/\/www.bellunopress.it\/","name":"Bellunopress - Dolomiti","description":"e-mail: redazione@bellunopress.it","publisher":{"@id":"https:\/\/www.bellunopress.it\/#organization"},"potentialAction":[{"@type":"SearchAction","target":{"@type":"EntryPoint","urlTemplate":"https:\/\/www.bellunopress.it\/?s={search_term_string}"},"query-input":{"@type":"PropertyValueSpecification","valueRequired":true,"valueName":"search_term_string"}}],"inLanguage":"fr-FR"},{"@type":"Organization","@id":"https:\/\/www.bellunopress.it\/#organization","name":"Bellunopress","url":"https:\/\/www.bellunopress.it\/","logo":{"@type":"ImageObject","inLanguage":"fr-FR","@id":"https:\/\/www.bellunopress.it\/#\/schema\/logo\/image\/","url":"https:\/\/www.bellunopress.it\/wp-content\/uploads\/2011\/05\/cropped-logo-bellunopress-.jpg","contentUrl":"https:\/\/www.bellunopress.it\/wp-content\/uploads\/2011\/05\/cropped-logo-bellunopress-.jpg","width":512,"height":512,"caption":"Bellunopress"},"image":{"@id":"https:\/\/www.bellunopress.it\/#\/schema\/logo\/image\/"},"sameAs":["https:\/\/www.facebook.com\/profile.php?id=100008943462799","https:\/\/x.com\/bellunopress","https:\/\/www.linkedin.com\/hp\/?dnr=JBzUWaJfMUw8vbXJJ2tVW5-I3jZKvC4wsoxE&amp;amp;amp;amp;amp;amp;trk=nav_responsive_tab_home","https:\/\/www.youtube.com\/channel\/UCxL0wu1uN0_3_7hGG0306cw"]},{"@type":"Person","@id":"https:\/\/www.bellunopress.it\/#\/schema\/person\/79bb06722b37ece1c03d3e94beb30d73","name":"r\u00e9daction","image":{"@type":"ImageObject","inLanguage":"fr-FR","@id":"https:\/\/secure.gravatar.com\/avatar\/37d968a2e67a6fd04c169c4bdef102d0bc5d31b2546345219e348575eb80e9a0?s=96&d=mm&r=g","url":"https:\/\/secure.gravatar.com\/avatar\/37d968a2e67a6fd04c169c4bdef102d0bc5d31b2546345219e348575eb80e9a0?s=96&d=mm&r=g","contentUrl":"https:\/\/secure.gravatar.com\/avatar\/37d968a2e67a6fd04c169c4bdef102d0bc5d31b2546345219e348575eb80e9a0?s=96&d=mm&r=g","caption":"redazione"},"sameAs":["http:\/\/www.bellunopress.it","https:\/\/x.com\/bellunopress"],"url":"https:\/\/www.bellunopress.it\/fr\/author\/redazione\/"}]}},"_links":{"self":[{"href":"https:\/\/www.bellunopress.it\/fr\/wp-json\/wp\/v2\/posts\/122224","targetHints":{"allow":["GET"]}}],"collection":[{"href":"https:\/\/www.bellunopress.it\/fr\/wp-json\/wp\/v2\/posts"}],"about":[{"href":"https:\/\/www.bellunopress.it\/fr\/wp-json\/wp\/v2\/types\/post"}],"author":[{"embeddable":true,"href":"https:\/\/www.bellunopress.it\/fr\/wp-json\/wp\/v2\/users\/2"}],"replies":[{"embeddable":true,"href":"https:\/\/www.bellunopress.it\/fr\/wp-json\/wp\/v2\/comments?post=122224"}],"version-history":[{"count":2,"href":"https:\/\/www.bellunopress.it\/fr\/wp-json\/wp\/v2\/posts\/122224\/revisions"}],"predecessor-version":[{"id":122227,"href":"https:\/\/www.bellunopress.it\/fr\/wp-json\/wp\/v2\/posts\/122224\/revisions\/122227"}],"wp:featuredmedia":[{"embeddable":true,"href":"https:\/\/www.bellunopress.it\/fr\/wp-json\/wp\/v2\/media\/122225"}],"wp:attachment":[{"href":"https:\/\/www.bellunopress.it\/fr\/wp-json\/wp\/v2\/media?parent=122224"}],"wp:term":[{"taxonomy":"category","embeddable":true,"href":"https:\/\/www.bellunopress.it\/fr\/wp-json\/wp\/v2\/categories?post=122224"},{"taxonomy":"post_tag","embeddable":true,"href":"https:\/\/www.bellunopress.it\/fr\/wp-json\/wp\/v2\/tags?post=122224"}],"curies":[{"name":"wp","href":"https:\/\/api.w.org\/{rel}","templated":true}]}}