{"id":122203,"date":"2021-03-04T19:17:12","date_gmt":"2021-03-04T18:17:12","guid":{"rendered":"http:\/\/www.bellunopress.it\/?p=122203"},"modified":"2021-03-04T20:28:34","modified_gmt":"2021-03-04T19:28:34","slug":"ritrovato-senza-vita-escursionista-di-santa-giustina","status":"publish","type":"post","link":"https:\/\/www.bellunopress.it\/fr\/2021\/03\/04\/ritrovato-senza-vita-escursionista-di-santa-giustina\/","title":{"rendered":"Ritrovato senza vita escursionista di Santa Giustina"},"content":{"rendered":"<p><a href=\"http:\/\/www.bellunopress.it\/fr\/2021\/03\/04\/ritrovato-senza-vita-escursionista-di-santa-giustina\/soccorso-alpino-mortale-san-gregorio_edited\/\" rel=\"attachment wp-att-122204\"><img loading=\"lazy\" decoding=\"async\" class=\"alignleft size-full wp-image-122204\" src=\"http:\/\/www.bellunopress.it\/wp-content\/uploads\/2021\/03\/Soccorso-alpino-mortale-San-Gregorio_edited.jpg\" alt=\"\" width=\"1000\" height=\"715\" srcset=\"https:\/\/www.bellunopress.it\/wp-content\/uploads\/2021\/03\/Soccorso-alpino-mortale-San-Gregorio_edited.jpg 1000w, https:\/\/www.bellunopress.it\/wp-content\/uploads\/2021\/03\/Soccorso-alpino-mortale-San-Gregorio_edited-500x358.jpg 500w, https:\/\/www.bellunopress.it\/wp-content\/uploads\/2021\/03\/Soccorso-alpino-mortale-San-Gregorio_edited-696x498.jpg 696w, https:\/\/www.bellunopress.it\/wp-content\/uploads\/2021\/03\/Soccorso-alpino-mortale-San-Gregorio_edited-587x420.jpg 587w\" sizes=\"auto, (max-width: 1000px) 100vw, 1000px\" \/><\/a>San Gregorio nelle Alpi (BL), 4 marzo 2021 &#8211; \u00c8 stato purtroppo ritrovato senza vita, durante la ricognizione dell&#8217;elicottero del Suem di Pieve di Cadore, l&#8217;escursionista per il cui mancato rientro erano partite le ricerche oggi attorno alle 16, dopo che la moglie, rinvenuta la sua auto ancora parcheggiata alla Chiesetta di San Felice, aveva lanciato l&#8217;allarme.<\/p>\n<p>Mentre le squadre del Soccorso alpino di Feltre si radunavano alla Chiesetta per avviare le perlustrazioni lungo il sentiero numero 852, che da Roncoi porta al Passo Forca, a 1.862 metri di quota, l&#8217;eliambulanza ha imbarcato un soccorritore per guidare l&#8217;equipaggio durante il sorvolo dell&#8217;itinerario. Poco dopo, l&#8217;individuazione del corpo senza vita di Giovanni Miglioranza, 55 anni, di Santa Giustina (BL), precipitato, forse a causa di una scivolata sulla neve, 200 metri di dislivello sotto il Passo, e caduto per un centinaio di metri, finendo sulla traccia del sentiero sottostante.<\/p>\n<p>Sbarcati con un verricello di 20 metri tecnico di elisoccorso, soccorritore e medico, non \u00e8 restato che constatare il decesso dell&#8217;uomo. La salma \u00e8 stata imbarellata, recuperata e trasportata a Roncoi, per essere affidata al carro funebre. Presenti anche i Vigili del fuoco.<\/p>","protected":false},"excerpt":{"rendered":"<p>San Gregorio nelle Alpi (BL), 4 marzo 2021 &#8211; \u00c8 stato purtroppo ritrovato senza vita, durante la ricognizione dell&#8217;elicottero del Suem di Pieve di Cadore, l&#8217;escursionista per il cui mancato rientro erano partite le ricerche oggi attorno alle 16, dopo che la moglie, rinvenuta la sua auto ancora parcheggiata alla Chiesetta di San Felice, aveva [&hellip;]<\/p>\n","protected":false},"author":2,"featured_media":122204,"comment_status":"closed","ping_status":"open","sticky":false,"template":"","format":"standard","meta":{"footnotes":""},"categories":[5,26],"tags":[],"class_list":["post-122203","post","type-post","status-publish","format-standard","has-post-thumbnail","category-cronaca","category-prima-pagina"],"yoast_head":"<!-- This site is optimized with the Yoast SEO plugin v28.4 - https:\/\/yoast.com\/product\/yoast-seo-wordpress\/ -->\n<title>Ritrovato senza vita escursionista di Santa Giustina - Bellunopress - Dolomiti<\/title>\n<meta name=\"robots\" content=\"index, follow, max-snippet:-1, max-image-preview:large, max-video-preview:-1\" \/>\n<link rel=\"canonical\" href=\"https:\/\/www.bellunopress.it\/fr\/2021\/03\/04\/ritrovato-senza-vita-escursionista-di-santa-giustina\/\" \/>\n<meta property=\"og:locale\" content=\"fr_FR\" \/>\n<meta property=\"og:type\" content=\"article\" \/>\n<meta property=\"og:title\" content=\"Ritrovato senza vita escursionista di Santa Giustina - Bellunopress - Dolomiti\" \/>\n<meta property=\"og:description\" content=\"San Gregorio nelle Alpi (BL), 4 marzo 2021 &#8211; \u00c8 stato purtroppo ritrovato senza vita, durante la ricognizione dell&#8217;elicottero del Suem di Pieve di Cadore, l&#8217;escursionista per il cui mancato rientro erano partite le ricerche oggi attorno alle 16, dopo che la moglie, rinvenuta la sua auto ancora parcheggiata alla Chiesetta di San Felice, aveva [&hellip;]\" \/>\n<meta property=\"og:url\" content=\"https:\/\/www.bellunopress.it\/fr\/2021\/03\/04\/ritrovato-senza-vita-escursionista-di-santa-giustina\/\" \/>\n<meta property=\"og:site_name\" content=\"Bellunopress - Dolomiti\" \/>\n<meta property=\"article:publisher\" content=\"https:\/\/www.facebook.com\/profile.php?id=100008943462799\" \/>\n<meta property=\"article:published_time\" content=\"2021-03-04T18:17:12+00:00\" \/>\n<meta property=\"article:modified_time\" content=\"2021-03-04T19:28:34+00:00\" \/>\n<meta property=\"og:image\" content=\"https:\/\/www.bellunopress.it\/wp-content\/uploads\/2021\/03\/Soccorso-alpino-mortale-San-Gregorio_edited.jpg\" \/>\n\t<meta property=\"og:image:width\" content=\"1000\" \/>\n\t<meta property=\"og:image:height\" content=\"715\" \/>\n\t<meta property=\"og:image:type\" content=\"image\/jpeg\" \/>\n<meta name=\"author\" content=\"redazione\" \/>\n<meta name=\"twitter:card\" content=\"summary_large_image\" \/>\n<meta name=\"twitter:creator\" content=\"@bellunopress\" \/>\n<meta name=\"twitter:site\" content=\"@bellunopress\" \/>\n<meta name=\"twitter:label1\" content=\"\u00c9crit par\" \/>\n\t<meta name=\"twitter:data1\" content=\"redazione\" \/>\n\t<meta name=\"twitter:label2\" content=\"Dur\u00e9e de lecture estim\u00e9e\" \/>\n\t<meta name=\"twitter:data2\" content=\"2 minutes\" \/>\n<script type=\"application\/ld+json\" class=\"yoast-schema-graph\">{\"@context\":\"https:\\\/\\\/schema.org\",\"@graph\":[{\"@type\":\"Article\",\"@id\":\"https:\\\/\\\/www.bellunopress.it\\\/2021\\\/03\\\/04\\\/ritrovato-senza-vita-escursionista-di-santa-giustina\\\/#article\",\"isPartOf\":{\"@id\":\"https:\\\/\\\/www.bellunopress.it\\\/2021\\\/03\\\/04\\\/ritrovato-senza-vita-escursionista-di-santa-giustina\\\/\"},\"author\":{\"name\":\"redazione\",\"@id\":\"https:\\\/\\\/www.bellunopress.it\\\/#\\\/schema\\\/person\\\/79bb06722b37ece1c03d3e94beb30d73\"},\"headline\":\"Ritrovato senza vita escursionista di Santa Giustina\",\"datePublished\":\"2021-03-04T18:17:12+00:00\",\"dateModified\":\"2021-03-04T19:28:34+00:00\",\"mainEntityOfPage\":{\"@id\":\"https:\\\/\\\/www.bellunopress.it\\\/2021\\\/03\\\/04\\\/ritrovato-senza-vita-escursionista-di-santa-giustina\\\/\"},\"wordCount\":194,\"publisher\":{\"@id\":\"https:\\\/\\\/www.bellunopress.it\\\/#organization\"},\"image\":{\"@id\":\"https:\\\/\\\/www.bellunopress.it\\\/2021\\\/03\\\/04\\\/ritrovato-senza-vita-escursionista-di-santa-giustina\\\/#primaryimage\"},\"thumbnailUrl\":\"https:\\\/\\\/www.bellunopress.it\\\/wp-content\\\/uploads\\\/2021\\\/03\\\/Soccorso-alpino-mortale-San-Gregorio_edited.jpg\",\"articleSection\":[\"Cronaca\\\/Politica\",\"Prima Pagina\"],\"inLanguage\":\"fr-FR\"},{\"@type\":\"WebPage\",\"@id\":\"https:\\\/\\\/www.bellunopress.it\\\/2021\\\/03\\\/04\\\/ritrovato-senza-vita-escursionista-di-santa-giustina\\\/\",\"url\":\"https:\\\/\\\/www.bellunopress.it\\\/2021\\\/03\\\/04\\\/ritrovato-senza-vita-escursionista-di-santa-giustina\\\/\",\"name\":\"Ritrovato senza vita escursionista di Santa Giustina - Bellunopress - Dolomiti\",\"isPartOf\":{\"@id\":\"https:\\\/\\\/www.bellunopress.it\\\/#website\"},\"primaryImageOfPage\":{\"@id\":\"https:\\\/\\\/www.bellunopress.it\\\/2021\\\/03\\\/04\\\/ritrovato-senza-vita-escursionista-di-santa-giustina\\\/#primaryimage\"},\"image\":{\"@id\":\"https:\\\/\\\/www.bellunopress.it\\\/2021\\\/03\\\/04\\\/ritrovato-senza-vita-escursionista-di-santa-giustina\\\/#primaryimage\"},\"thumbnailUrl\":\"https:\\\/\\\/www.bellunopress.it\\\/wp-content\\\/uploads\\\/2021\\\/03\\\/Soccorso-alpino-mortale-San-Gregorio_edited.jpg\",\"datePublished\":\"2021-03-04T18:17:12+00:00\",\"dateModified\":\"2021-03-04T19:28:34+00:00\",\"breadcrumb\":{\"@id\":\"https:\\\/\\\/www.bellunopress.it\\\/2021\\\/03\\\/04\\\/ritrovato-senza-vita-escursionista-di-santa-giustina\\\/#breadcrumb\"},\"inLanguage\":\"fr-FR\",\"potentialAction\":[{\"@type\":\"ReadAction\",\"target\":[\"https:\\\/\\\/www.bellunopress.it\\\/2021\\\/03\\\/04\\\/ritrovato-senza-vita-escursionista-di-santa-giustina\\\/\"]}]},{\"@type\":\"ImageObject\",\"inLanguage\":\"fr-FR\",\"@id\":\"https:\\\/\\\/www.bellunopress.it\\\/2021\\\/03\\\/04\\\/ritrovato-senza-vita-escursionista-di-santa-giustina\\\/#primaryimage\",\"url\":\"https:\\\/\\\/www.bellunopress.it\\\/wp-content\\\/uploads\\\/2021\\\/03\\\/Soccorso-alpino-mortale-San-Gregorio_edited.jpg\",\"contentUrl\":\"https:\\\/\\\/www.bellunopress.it\\\/wp-content\\\/uploads\\\/2021\\\/03\\\/Soccorso-alpino-mortale-San-Gregorio_edited.jpg\",\"width\":1000,\"height\":715},{\"@type\":\"BreadcrumbList\",\"@id\":\"https:\\\/\\\/www.bellunopress.it\\\/2021\\\/03\\\/04\\\/ritrovato-senza-vita-escursionista-di-santa-giustina\\\/#breadcrumb\",\"itemListElement\":[{\"@type\":\"ListItem\",\"position\":1,\"name\":\"Home\",\"item\":\"https:\\\/\\\/www.bellunopress.it\\\/\"},{\"@type\":\"ListItem\",\"position\":2,\"name\":\"Ritrovato senza vita escursionista di Santa Giustina\"}]},{\"@type\":\"WebSite\",\"@id\":\"https:\\\/\\\/www.bellunopress.it\\\/#website\",\"url\":\"https:\\\/\\\/www.bellunopress.it\\\/\",\"name\":\"Bellunopress - Dolomiti\",\"description\":\"e-mail: redazione@bellunopress.it\",\"publisher\":{\"@id\":\"https:\\\/\\\/www.bellunopress.it\\\/#organization\"},\"potentialAction\":[{\"@type\":\"SearchAction\",\"target\":{\"@type\":\"EntryPoint\",\"urlTemplate\":\"https:\\\/\\\/www.bellunopress.it\\\/?s={search_term_string}\"},\"query-input\":{\"@type\":\"PropertyValueSpecification\",\"valueRequired\":true,\"valueName\":\"search_term_string\"}}],\"inLanguage\":\"fr-FR\"},{\"@type\":\"Organization\",\"@id\":\"https:\\\/\\\/www.bellunopress.it\\\/#organization\",\"name\":\"Bellunopress\",\"url\":\"https:\\\/\\\/www.bellunopress.it\\\/\",\"logo\":{\"@type\":\"ImageObject\",\"inLanguage\":\"fr-FR\",\"@id\":\"https:\\\/\\\/www.bellunopress.it\\\/#\\\/schema\\\/logo\\\/image\\\/\",\"url\":\"https:\\\/\\\/www.bellunopress.it\\\/wp-content\\\/uploads\\\/2011\\\/05\\\/cropped-logo-bellunopress-.jpg\",\"contentUrl\":\"https:\\\/\\\/www.bellunopress.it\\\/wp-content\\\/uploads\\\/2011\\\/05\\\/cropped-logo-bellunopress-.jpg\",\"width\":512,\"height\":512,\"caption\":\"Bellunopress\"},\"image\":{\"@id\":\"https:\\\/\\\/www.bellunopress.it\\\/#\\\/schema\\\/logo\\\/image\\\/\"},\"sameAs\":[\"https:\\\/\\\/www.facebook.com\\\/profile.php?id=100008943462799\",\"https:\\\/\\\/x.com\\\/bellunopress\",\"https:\\\/\\\/www.linkedin.com\\\/hp\\\/?dnr=JBzUWaJfMUw8vbXJJ2tVW5-I3jZKvC4wsoxE&amp;amp;amp;amp;amp;amp;trk=nav_responsive_tab_home\",\"https:\\\/\\\/www.youtube.com\\\/channel\\\/UCxL0wu1uN0_3_7hGG0306cw\"]},{\"@type\":\"Person\",\"@id\":\"https:\\\/\\\/www.bellunopress.it\\\/#\\\/schema\\\/person\\\/79bb06722b37ece1c03d3e94beb30d73\",\"name\":\"redazione\",\"image\":{\"@type\":\"ImageObject\",\"inLanguage\":\"fr-FR\",\"@id\":\"https:\\\/\\\/secure.gravatar.com\\\/avatar\\\/37d968a2e67a6fd04c169c4bdef102d0bc5d31b2546345219e348575eb80e9a0?s=96&d=mm&r=g\",\"url\":\"https:\\\/\\\/secure.gravatar.com\\\/avatar\\\/37d968a2e67a6fd04c169c4bdef102d0bc5d31b2546345219e348575eb80e9a0?s=96&d=mm&r=g\",\"contentUrl\":\"https:\\\/\\\/secure.gravatar.com\\\/avatar\\\/37d968a2e67a6fd04c169c4bdef102d0bc5d31b2546345219e348575eb80e9a0?s=96&d=mm&r=g\",\"caption\":\"redazione\"},\"sameAs\":[\"http:\\\/\\\/www.bellunopress.it\",\"https:\\\/\\\/x.com\\\/bellunopress\"],\"url\":\"https:\\\/\\\/www.bellunopress.it\\\/fr\\\/author\\\/redazione\\\/\"}]}<\/script>\n<!-- \/ Yoast SEO plugin. -->","yoast_head_json":{"title":"Ritrovato senza vita escursionista di Santa Giustina - Bellunopress - Dolomiti","robots":{"index":"index","follow":"follow","max-snippet":"max-snippet:-1","max-image-preview":"max-image-preview:large","max-video-preview":"max-video-preview:-1"},"canonical":"https:\/\/www.bellunopress.it\/fr\/2021\/03\/04\/ritrovato-senza-vita-escursionista-di-santa-giustina\/","og_locale":"fr_FR","og_type":"article","og_title":"Ritrovato senza vita escursionista di Santa Giustina - Bellunopress - Dolomiti","og_description":"San Gregorio nelle Alpi (BL), 4 marzo 2021 &#8211; \u00c8 stato purtroppo ritrovato senza vita, durante la ricognizione dell&#8217;elicottero del Suem di Pieve di Cadore, l&#8217;escursionista per il cui mancato rientro erano partite le ricerche oggi attorno alle 16, dopo che la moglie, rinvenuta la sua auto ancora parcheggiata alla Chiesetta di San Felice, aveva [&hellip;]","og_url":"https:\/\/www.bellunopress.it\/fr\/2021\/03\/04\/ritrovato-senza-vita-escursionista-di-santa-giustina\/","og_site_name":"Bellunopress - Dolomiti","article_publisher":"https:\/\/www.facebook.com\/profile.php?id=100008943462799","article_published_time":"2021-03-04T18:17:12+00:00","article_modified_time":"2021-03-04T19:28:34+00:00","og_image":[{"width":1000,"height":715,"url":"https:\/\/www.bellunopress.it\/wp-content\/uploads\/2021\/03\/Soccorso-alpino-mortale-San-Gregorio_edited.jpg","type":"image\/jpeg"}],"author":"redazione","twitter_card":"summary_large_image","twitter_creator":"@bellunopress","twitter_site":"@bellunopress","twitter_misc":{"\u00c9crit par":"redazione","Dur\u00e9e de lecture estim\u00e9e":"2 minutes"},"schema":{"@context":"https:\/\/schema.org","@graph":[{"@type":"Article","@id":"https:\/\/www.bellunopress.it\/2021\/03\/04\/ritrovato-senza-vita-escursionista-di-santa-giustina\/#article","isPartOf":{"@id":"https:\/\/www.bellunopress.it\/2021\/03\/04\/ritrovato-senza-vita-escursionista-di-santa-giustina\/"},"author":{"name":"redazione","@id":"https:\/\/www.bellunopress.it\/#\/schema\/person\/79bb06722b37ece1c03d3e94beb30d73"},"headline":"Ritrovato senza vita escursionista di Santa Giustina","datePublished":"2021-03-04T18:17:12+00:00","dateModified":"2021-03-04T19:28:34+00:00","mainEntityOfPage":{"@id":"https:\/\/www.bellunopress.it\/2021\/03\/04\/ritrovato-senza-vita-escursionista-di-santa-giustina\/"},"wordCount":194,"publisher":{"@id":"https:\/\/www.bellunopress.it\/#organization"},"image":{"@id":"https:\/\/www.bellunopress.it\/2021\/03\/04\/ritrovato-senza-vita-escursionista-di-santa-giustina\/#primaryimage"},"thumbnailUrl":"https:\/\/www.bellunopress.it\/wp-content\/uploads\/2021\/03\/Soccorso-alpino-mortale-San-Gregorio_edited.jpg","articleSection":["Cronaca\/Politica","Prima Pagina"],"inLanguage":"fr-FR"},{"@type":"WebPage","@id":"https:\/\/www.bellunopress.it\/2021\/03\/04\/ritrovato-senza-vita-escursionista-di-santa-giustina\/","url":"https:\/\/www.bellunopress.it\/2021\/03\/04\/ritrovato-senza-vita-escursionista-di-santa-giustina\/","name":"Ritrovato senza vita escursionista di Santa Giustina - Bellunopress - Dolomiti","isPartOf":{"@id":"https:\/\/www.bellunopress.it\/#website"},"primaryImageOfPage":{"@id":"https:\/\/www.bellunopress.it\/2021\/03\/04\/ritrovato-senza-vita-escursionista-di-santa-giustina\/#primaryimage"},"image":{"@id":"https:\/\/www.bellunopress.it\/2021\/03\/04\/ritrovato-senza-vita-escursionista-di-santa-giustina\/#primaryimage"},"thumbnailUrl":"https:\/\/www.bellunopress.it\/wp-content\/uploads\/2021\/03\/Soccorso-alpino-mortale-San-Gregorio_edited.jpg","datePublished":"2021-03-04T18:17:12+00:00","dateModified":"2021-03-04T19:28:34+00:00","breadcrumb":{"@id":"https:\/\/www.bellunopress.it\/2021\/03\/04\/ritrovato-senza-vita-escursionista-di-santa-giustina\/#breadcrumb"},"inLanguage":"fr-FR","potentialAction":[{"@type":"ReadAction","target":["https:\/\/www.bellunopress.it\/2021\/03\/04\/ritrovato-senza-vita-escursionista-di-santa-giustina\/"]}]},{"@type":"ImageObject","inLanguage":"fr-FR","@id":"https:\/\/www.bellunopress.it\/2021\/03\/04\/ritrovato-senza-vita-escursionista-di-santa-giustina\/#primaryimage","url":"https:\/\/www.bellunopress.it\/wp-content\/uploads\/2021\/03\/Soccorso-alpino-mortale-San-Gregorio_edited.jpg","contentUrl":"https:\/\/www.bellunopress.it\/wp-content\/uploads\/2021\/03\/Soccorso-alpino-mortale-San-Gregorio_edited.jpg","width":1000,"height":715},{"@type":"BreadcrumbList","@id":"https:\/\/www.bellunopress.it\/2021\/03\/04\/ritrovato-senza-vita-escursionista-di-santa-giustina\/#breadcrumb","itemListElement":[{"@type":"ListItem","position":1,"name":"Home","item":"https:\/\/www.bellunopress.it\/"},{"@type":"ListItem","position":2,"name":"Ritrovato senza vita escursionista di Santa Giustina"}]},{"@type":"WebSite","@id":"https:\/\/www.bellunopress.it\/#website","url":"https:\/\/www.bellunopress.it\/","name":"Bellunopress - Dolomiti","description":"e-mail: redazione@bellunopress.it","publisher":{"@id":"https:\/\/www.bellunopress.it\/#organization"},"potentialAction":[{"@type":"SearchAction","target":{"@type":"EntryPoint","urlTemplate":"https:\/\/www.bellunopress.it\/?s={search_term_string}"},"query-input":{"@type":"PropertyValueSpecification","valueRequired":true,"valueName":"search_term_string"}}],"inLanguage":"fr-FR"},{"@type":"Organization","@id":"https:\/\/www.bellunopress.it\/#organization","name":"Bellunopress","url":"https:\/\/www.bellunopress.it\/","logo":{"@type":"ImageObject","inLanguage":"fr-FR","@id":"https:\/\/www.bellunopress.it\/#\/schema\/logo\/image\/","url":"https:\/\/www.bellunopress.it\/wp-content\/uploads\/2011\/05\/cropped-logo-bellunopress-.jpg","contentUrl":"https:\/\/www.bellunopress.it\/wp-content\/uploads\/2011\/05\/cropped-logo-bellunopress-.jpg","width":512,"height":512,"caption":"Bellunopress"},"image":{"@id":"https:\/\/www.bellunopress.it\/#\/schema\/logo\/image\/"},"sameAs":["https:\/\/www.facebook.com\/profile.php?id=100008943462799","https:\/\/x.com\/bellunopress","https:\/\/www.linkedin.com\/hp\/?dnr=JBzUWaJfMUw8vbXJJ2tVW5-I3jZKvC4wsoxE&amp;amp;amp;amp;amp;amp;trk=nav_responsive_tab_home","https:\/\/www.youtube.com\/channel\/UCxL0wu1uN0_3_7hGG0306cw"]},{"@type":"Person","@id":"https:\/\/www.bellunopress.it\/#\/schema\/person\/79bb06722b37ece1c03d3e94beb30d73","name":"r\u00e9daction","image":{"@type":"ImageObject","inLanguage":"fr-FR","@id":"https:\/\/secure.gravatar.com\/avatar\/37d968a2e67a6fd04c169c4bdef102d0bc5d31b2546345219e348575eb80e9a0?s=96&d=mm&r=g","url":"https:\/\/secure.gravatar.com\/avatar\/37d968a2e67a6fd04c169c4bdef102d0bc5d31b2546345219e348575eb80e9a0?s=96&d=mm&r=g","contentUrl":"https:\/\/secure.gravatar.com\/avatar\/37d968a2e67a6fd04c169c4bdef102d0bc5d31b2546345219e348575eb80e9a0?s=96&d=mm&r=g","caption":"redazione"},"sameAs":["http:\/\/www.bellunopress.it","https:\/\/x.com\/bellunopress"],"url":"https:\/\/www.bellunopress.it\/fr\/author\/redazione\/"}]}},"_links":{"self":[{"href":"https:\/\/www.bellunopress.it\/fr\/wp-json\/wp\/v2\/posts\/122203","targetHints":{"allow":["GET"]}}],"collection":[{"href":"https:\/\/www.bellunopress.it\/fr\/wp-json\/wp\/v2\/posts"}],"about":[{"href":"https:\/\/www.bellunopress.it\/fr\/wp-json\/wp\/v2\/types\/post"}],"author":[{"embeddable":true,"href":"https:\/\/www.bellunopress.it\/fr\/wp-json\/wp\/v2\/users\/2"}],"replies":[{"embeddable":true,"href":"https:\/\/www.bellunopress.it\/fr\/wp-json\/wp\/v2\/comments?post=122203"}],"version-history":[{"count":3,"href":"https:\/\/www.bellunopress.it\/fr\/wp-json\/wp\/v2\/posts\/122203\/revisions"}],"predecessor-version":[{"id":122207,"href":"https:\/\/www.bellunopress.it\/fr\/wp-json\/wp\/v2\/posts\/122203\/revisions\/122207"}],"wp:featuredmedia":[{"embeddable":true,"href":"https:\/\/www.bellunopress.it\/fr\/wp-json\/wp\/v2\/media\/122204"}],"wp:attachment":[{"href":"https:\/\/www.bellunopress.it\/fr\/wp-json\/wp\/v2\/media?parent=122203"}],"wp:term":[{"taxonomy":"category","embeddable":true,"href":"https:\/\/www.bellunopress.it\/fr\/wp-json\/wp\/v2\/categories?post=122203"},{"taxonomy":"post_tag","embeddable":true,"href":"https:\/\/www.bellunopress.it\/fr\/wp-json\/wp\/v2\/tags?post=122203"}],"curies":[{"name":"wp","href":"https:\/\/api.w.org\/{rel}","templated":true}]}}