{"id":122199,"date":"2021-03-04T18:02:02","date_gmt":"2021-03-04T17:02:02","guid":{"rendered":"http:\/\/www.bellunopress.it\/?p=122199"},"modified":"2021-03-04T19:10:39","modified_gmt":"2021-03-04T18:10:39","slug":"progetto-antispopolamento-ronce-2020-assessore-giannone-regia-mai-ferma-allarghiamo-larea-di-interesse","status":"publish","type":"post","link":"https:\/\/www.bellunopress.it\/fr\/2021\/03\/04\/progetto-antispopolamento-ronce-2020-assessore-giannone-regia-mai-ferma-allarghiamo-larea-di-interesse\/","title":{"rendered":"Progetto antispopolamento Ronce 2020. Assessore Giannone: &#8220;Regia mai ferma. Allarghiamo l&#8217;area di interesse&#8221;"},"content":{"rendered":"<figure id=\"attachment_122200\" aria-describedby=\"caption-attachment-122200\" style=\"width: 920px\" class=\"wp-caption alignleft\"><a href=\"http:\/\/www.bellunopress.it\/fr\/2021\/03\/04\/progetto-antispopolamento-ronce-2020-assessore-giannone-regia-mai-ferma-allarghiamo-larea-di-interesse\/biagio-giannone_edited\/\" rel=\"attachment wp-att-122200\"><img loading=\"lazy\" decoding=\"async\" class=\"size-full wp-image-122200\" src=\"http:\/\/www.bellunopress.it\/wp-content\/uploads\/2021\/03\/Biagio-Giannone_edited.jpg\" alt=\"\" width=\"920\" height=\"1000\" srcset=\"https:\/\/www.bellunopress.it\/wp-content\/uploads\/2021\/03\/Biagio-Giannone_edited.jpg 920w, https:\/\/www.bellunopress.it\/wp-content\/uploads\/2021\/03\/Biagio-Giannone_edited-460x500.jpg 460w, https:\/\/www.bellunopress.it\/wp-content\/uploads\/2021\/03\/Biagio-Giannone_edited-696x757.jpg 696w, https:\/\/www.bellunopress.it\/wp-content\/uploads\/2021\/03\/Biagio-Giannone_edited-386x420.jpg 386w\" sizes=\"auto, (max-width: 920px) 100vw, 920px\" \/><\/a><figcaption id=\"caption-attachment-122200\" class=\"wp-caption-text\">Biagio Giannone, assessore<\/figcaption><\/figure>\n<p>I progetti portati avanti, i temi sui quali insistere maggiormente, i prossimi obbiettivi: a fare il punto sull&#8217;attivit\u00e0 del progetto Ronce 2020, ideato dall&#8217;associazione Belluno Alpina e sottoposto nel 2019 all&#8217;attenzione dell&#8217;amministrazione Massaro, \u00e8 l&#8217;assessore Biagio Giannone, coordinatore del tavolo antispopolamento che vede partecipare oltre al Comune<br \/>\ncapoluogo anche le realt\u00e0 confinanti e le associazioni del territorio.<br \/>\n\u00abSono stati due anni impegnativi: nel 2019 abbiamo gettato le basi per molti progetti e iniziato la costruzione della rete di partner e di contatti. L&#8217;ultimo anno purtroppo \u00e8 stato particolarmente difficile per tutti e questo ha limitato le possibilit\u00e0 di confronto, ma il lavoro della regia del progetto Ronce 2020 non si \u00e8 mai fermato e abbiamo portato avanti alcuni dei progetti principali, arrivando in alcuni casi anche agli studi di fattibilit\u00e0. &#8211; spiega Giannone &#8211; \u00c8 il caso ad esempio del lago alla Grava, che potr\u00e0 avere funzioni di protezione<br \/>\ncivile e turistiche, ad esempio anche per l&#8217;innevamento artificiale, o della<br \/>\nstrada silvopastorale tra Nevegal e Valmorel, che oltre ad avere un&#8217;importante funzione di sicurezza permette di dare accesso e continuit\u00e0 al territorio di Limana\u00bb.<br \/>\nIl tavolo antispopolamento mira a contrastare l&#8217;abbandono delle Prealpi con interventi concreti, ma anche con iniziative di sostegno alla popolazione, e per questo sono molteplici i temi su cui lavorare: \u00abTurismo, sport, ambiente, agricoltura, cultura della montagna: sono questi i principali, ma non gli unici, aspetti sui quali intervenire con decisione e con urgenza. Vogliamo creare attenzione e attrazione per questo territorio, che non va visto come un insieme di piccole realt\u00e0, ma come un unico comprensorio che si estende<br \/>\nda Ponte nelle Alpi a Borgo Valbelluna\u00bb.<br \/>\nProprio nell&#8217;ottica comprensoriale andranno le prossime azioni dell&#8217;assessore: \u00abPresto promuoveremo un nuovo confronto con la Provincia di Belluno, i comuni di Ponte nelle Alpi, Limana e Borgo Valbelluna, e le varie Unioni Montane interessate per arrivare a un progetto articolato ampiamente condiviso tra tutti gli enti. &#8211; annuncia Giannone \u2013 Da parte<br \/>\nnostra, ci siamo gi\u00e0 attivati con la partecipazione al bando Habitat di Fondazione Cariverona per reperire fondi da destinare al recupero delle ex scuole di Ronce, che dovr\u00e0 diventare epicentro per i quattro comuni interessati per la gestione delle attivit\u00e0 nelle nostre Prealpi\u00bb.<\/p>","protected":false},"excerpt":{"rendered":"<p>I progetti portati avanti, i temi sui quali insistere maggiormente, i prossimi obbiettivi: a fare il punto sull&#8217;attivit\u00e0 del progetto Ronce 2020, ideato dall&#8217;associazione Belluno Alpina e sottoposto nel 2019 all&#8217;attenzione dell&#8217;amministrazione Massaro, \u00e8 l&#8217;assessore Biagio Giannone, coordinatore del tavolo antispopolamento che vede partecipare oltre al Comune capoluogo anche le realt\u00e0 confinanti e le associazioni [&hellip;]<\/p>\n","protected":false},"author":2,"featured_media":122200,"comment_status":"closed","ping_status":"open","sticky":false,"template":"","format":"standard","meta":{"footnotes":""},"categories":[3368,5,26],"tags":[],"class_list":["post-122199","post","type-post","status-publish","format-standard","has-post-thumbnail","category-cahiers-de-doleances","category-cronaca","category-prima-pagina"],"yoast_head":"<!-- This site is optimized with the Yoast SEO plugin v28.4 - https:\/\/yoast.com\/product\/yoast-seo-wordpress\/ -->\n<title>Progetto antispopolamento Ronce 2020. Assessore Giannone: &quot;Regia mai ferma. Allarghiamo l&#039;area di interesse&quot; - Bellunopress - Dolomiti<\/title>\n<meta name=\"robots\" content=\"index, follow, max-snippet:-1, max-image-preview:large, max-video-preview:-1\" \/>\n<link rel=\"canonical\" href=\"https:\/\/www.bellunopress.it\/fr\/2021\/03\/04\/progetto-antispopolamento-ronce-2020-assessore-giannone-regia-mai-ferma-allarghiamo-larea-di-interesse\/\" \/>\n<meta property=\"og:locale\" content=\"fr_FR\" \/>\n<meta property=\"og:type\" content=\"article\" \/>\n<meta property=\"og:title\" content=\"Progetto antispopolamento Ronce 2020. Assessore Giannone: &quot;Regia mai ferma. Allarghiamo l&#039;area di interesse&quot; - Bellunopress - Dolomiti\" \/>\n<meta property=\"og:description\" content=\"I progetti portati avanti, i temi sui quali insistere maggiormente, i prossimi obbiettivi: a fare il punto sull&#8217;attivit\u00e0 del progetto Ronce 2020, ideato dall&#8217;associazione Belluno Alpina e sottoposto nel 2019 all&#8217;attenzione dell&#8217;amministrazione Massaro, \u00e8 l&#8217;assessore Biagio Giannone, coordinatore del tavolo antispopolamento che vede partecipare oltre al Comune capoluogo anche le realt\u00e0 confinanti e le associazioni [&hellip;]\" \/>\n<meta property=\"og:url\" content=\"https:\/\/www.bellunopress.it\/fr\/2021\/03\/04\/progetto-antispopolamento-ronce-2020-assessore-giannone-regia-mai-ferma-allarghiamo-larea-di-interesse\/\" \/>\n<meta property=\"og:site_name\" content=\"Bellunopress - Dolomiti\" \/>\n<meta property=\"article:publisher\" content=\"https:\/\/www.facebook.com\/profile.php?id=100008943462799\" \/>\n<meta property=\"article:published_time\" content=\"2021-03-04T17:02:02+00:00\" \/>\n<meta property=\"article:modified_time\" content=\"2021-03-04T18:10:39+00:00\" \/>\n<meta property=\"og:image\" content=\"https:\/\/www.bellunopress.it\/wp-content\/uploads\/2021\/03\/Biagio-Giannone_edited.jpg\" \/>\n\t<meta property=\"og:image:width\" content=\"920\" \/>\n\t<meta property=\"og:image:height\" content=\"1000\" \/>\n\t<meta property=\"og:image:type\" content=\"image\/jpeg\" \/>\n<meta name=\"author\" content=\"redazione\" \/>\n<meta name=\"twitter:card\" content=\"summary_large_image\" \/>\n<meta name=\"twitter:creator\" content=\"@bellunopress\" \/>\n<meta name=\"twitter:site\" content=\"@bellunopress\" \/>\n<meta name=\"twitter:label1\" content=\"\u00c9crit par\" \/>\n\t<meta name=\"twitter:data1\" content=\"redazione\" \/>\n\t<meta name=\"twitter:label2\" content=\"Dur\u00e9e de lecture estim\u00e9e\" \/>\n\t<meta name=\"twitter:data2\" content=\"2 minutes\" \/>\n<script type=\"application\/ld+json\" class=\"yoast-schema-graph\">{\"@context\":\"https:\\\/\\\/schema.org\",\"@graph\":[{\"@type\":\"Article\",\"@id\":\"https:\\\/\\\/www.bellunopress.it\\\/2021\\\/03\\\/04\\\/progetto-antispopolamento-ronce-2020-assessore-giannone-regia-mai-ferma-allarghiamo-larea-di-interesse\\\/#article\",\"isPartOf\":{\"@id\":\"https:\\\/\\\/www.bellunopress.it\\\/2021\\\/03\\\/04\\\/progetto-antispopolamento-ronce-2020-assessore-giannone-regia-mai-ferma-allarghiamo-larea-di-interesse\\\/\"},\"author\":{\"name\":\"redazione\",\"@id\":\"https:\\\/\\\/www.bellunopress.it\\\/#\\\/schema\\\/person\\\/79bb06722b37ece1c03d3e94beb30d73\"},\"headline\":\"Progetto antispopolamento Ronce 2020. Assessore Giannone: &#8220;Regia mai ferma. Allarghiamo l&#8217;area di interesse&#8221;\",\"datePublished\":\"2021-03-04T17:02:02+00:00\",\"dateModified\":\"2021-03-04T18:10:39+00:00\",\"mainEntityOfPage\":{\"@id\":\"https:\\\/\\\/www.bellunopress.it\\\/2021\\\/03\\\/04\\\/progetto-antispopolamento-ronce-2020-assessore-giannone-regia-mai-ferma-allarghiamo-larea-di-interesse\\\/\"},\"wordCount\":391,\"publisher\":{\"@id\":\"https:\\\/\\\/www.bellunopress.it\\\/#organization\"},\"image\":{\"@id\":\"https:\\\/\\\/www.bellunopress.it\\\/2021\\\/03\\\/04\\\/progetto-antispopolamento-ronce-2020-assessore-giannone-regia-mai-ferma-allarghiamo-larea-di-interesse\\\/#primaryimage\"},\"thumbnailUrl\":\"https:\\\/\\\/www.bellunopress.it\\\/wp-content\\\/uploads\\\/2021\\\/03\\\/Biagio-Giannone_edited.jpg\",\"articleSection\":[\"Cahiers de dol\u00e9ances\",\"Cronaca\\\/Politica\",\"Prima Pagina\"],\"inLanguage\":\"fr-FR\"},{\"@type\":\"WebPage\",\"@id\":\"https:\\\/\\\/www.bellunopress.it\\\/2021\\\/03\\\/04\\\/progetto-antispopolamento-ronce-2020-assessore-giannone-regia-mai-ferma-allarghiamo-larea-di-interesse\\\/\",\"url\":\"https:\\\/\\\/www.bellunopress.it\\\/2021\\\/03\\\/04\\\/progetto-antispopolamento-ronce-2020-assessore-giannone-regia-mai-ferma-allarghiamo-larea-di-interesse\\\/\",\"name\":\"Progetto antispopolamento Ronce 2020. Assessore Giannone: \\\"Regia mai ferma. Allarghiamo l'area di interesse\\\" - Bellunopress - Dolomiti\",\"isPartOf\":{\"@id\":\"https:\\\/\\\/www.bellunopress.it\\\/#website\"},\"primaryImageOfPage\":{\"@id\":\"https:\\\/\\\/www.bellunopress.it\\\/2021\\\/03\\\/04\\\/progetto-antispopolamento-ronce-2020-assessore-giannone-regia-mai-ferma-allarghiamo-larea-di-interesse\\\/#primaryimage\"},\"image\":{\"@id\":\"https:\\\/\\\/www.bellunopress.it\\\/2021\\\/03\\\/04\\\/progetto-antispopolamento-ronce-2020-assessore-giannone-regia-mai-ferma-allarghiamo-larea-di-interesse\\\/#primaryimage\"},\"thumbnailUrl\":\"https:\\\/\\\/www.bellunopress.it\\\/wp-content\\\/uploads\\\/2021\\\/03\\\/Biagio-Giannone_edited.jpg\",\"datePublished\":\"2021-03-04T17:02:02+00:00\",\"dateModified\":\"2021-03-04T18:10:39+00:00\",\"breadcrumb\":{\"@id\":\"https:\\\/\\\/www.bellunopress.it\\\/2021\\\/03\\\/04\\\/progetto-antispopolamento-ronce-2020-assessore-giannone-regia-mai-ferma-allarghiamo-larea-di-interesse\\\/#breadcrumb\"},\"inLanguage\":\"fr-FR\",\"potentialAction\":[{\"@type\":\"ReadAction\",\"target\":[\"https:\\\/\\\/www.bellunopress.it\\\/2021\\\/03\\\/04\\\/progetto-antispopolamento-ronce-2020-assessore-giannone-regia-mai-ferma-allarghiamo-larea-di-interesse\\\/\"]}]},{\"@type\":\"ImageObject\",\"inLanguage\":\"fr-FR\",\"@id\":\"https:\\\/\\\/www.bellunopress.it\\\/2021\\\/03\\\/04\\\/progetto-antispopolamento-ronce-2020-assessore-giannone-regia-mai-ferma-allarghiamo-larea-di-interesse\\\/#primaryimage\",\"url\":\"https:\\\/\\\/www.bellunopress.it\\\/wp-content\\\/uploads\\\/2021\\\/03\\\/Biagio-Giannone_edited.jpg\",\"contentUrl\":\"https:\\\/\\\/www.bellunopress.it\\\/wp-content\\\/uploads\\\/2021\\\/03\\\/Biagio-Giannone_edited.jpg\",\"width\":920,\"height\":1000,\"caption\":\"Biagio Giannone, assessore\"},{\"@type\":\"BreadcrumbList\",\"@id\":\"https:\\\/\\\/www.bellunopress.it\\\/2021\\\/03\\\/04\\\/progetto-antispopolamento-ronce-2020-assessore-giannone-regia-mai-ferma-allarghiamo-larea-di-interesse\\\/#breadcrumb\",\"itemListElement\":[{\"@type\":\"ListItem\",\"position\":1,\"name\":\"Home\",\"item\":\"https:\\\/\\\/www.bellunopress.it\\\/\"},{\"@type\":\"ListItem\",\"position\":2,\"name\":\"Progetto antispopolamento Ronce 2020. Assessore Giannone: &#8220;Regia mai ferma. Allarghiamo l&#8217;area di interesse&#8221;\"}]},{\"@type\":\"WebSite\",\"@id\":\"https:\\\/\\\/www.bellunopress.it\\\/#website\",\"url\":\"https:\\\/\\\/www.bellunopress.it\\\/\",\"name\":\"Bellunopress - Dolomiti\",\"description\":\"e-mail: redazione@bellunopress.it\",\"publisher\":{\"@id\":\"https:\\\/\\\/www.bellunopress.it\\\/#organization\"},\"potentialAction\":[{\"@type\":\"SearchAction\",\"target\":{\"@type\":\"EntryPoint\",\"urlTemplate\":\"https:\\\/\\\/www.bellunopress.it\\\/?s={search_term_string}\"},\"query-input\":{\"@type\":\"PropertyValueSpecification\",\"valueRequired\":true,\"valueName\":\"search_term_string\"}}],\"inLanguage\":\"fr-FR\"},{\"@type\":\"Organization\",\"@id\":\"https:\\\/\\\/www.bellunopress.it\\\/#organization\",\"name\":\"Bellunopress\",\"url\":\"https:\\\/\\\/www.bellunopress.it\\\/\",\"logo\":{\"@type\":\"ImageObject\",\"inLanguage\":\"fr-FR\",\"@id\":\"https:\\\/\\\/www.bellunopress.it\\\/#\\\/schema\\\/logo\\\/image\\\/\",\"url\":\"https:\\\/\\\/www.bellunopress.it\\\/wp-content\\\/uploads\\\/2011\\\/05\\\/cropped-logo-bellunopress-.jpg\",\"contentUrl\":\"https:\\\/\\\/www.bellunopress.it\\\/wp-content\\\/uploads\\\/2011\\\/05\\\/cropped-logo-bellunopress-.jpg\",\"width\":512,\"height\":512,\"caption\":\"Bellunopress\"},\"image\":{\"@id\":\"https:\\\/\\\/www.bellunopress.it\\\/#\\\/schema\\\/logo\\\/image\\\/\"},\"sameAs\":[\"https:\\\/\\\/www.facebook.com\\\/profile.php?id=100008943462799\",\"https:\\\/\\\/x.com\\\/bellunopress\",\"https:\\\/\\\/www.linkedin.com\\\/hp\\\/?dnr=JBzUWaJfMUw8vbXJJ2tVW5-I3jZKvC4wsoxE&amp;amp;amp;amp;amp;amp;trk=nav_responsive_tab_home\",\"https:\\\/\\\/www.youtube.com\\\/channel\\\/UCxL0wu1uN0_3_7hGG0306cw\"]},{\"@type\":\"Person\",\"@id\":\"https:\\\/\\\/www.bellunopress.it\\\/#\\\/schema\\\/person\\\/79bb06722b37ece1c03d3e94beb30d73\",\"name\":\"redazione\",\"image\":{\"@type\":\"ImageObject\",\"inLanguage\":\"fr-FR\",\"@id\":\"https:\\\/\\\/secure.gravatar.com\\\/avatar\\\/37d968a2e67a6fd04c169c4bdef102d0bc5d31b2546345219e348575eb80e9a0?s=96&d=mm&r=g\",\"url\":\"https:\\\/\\\/secure.gravatar.com\\\/avatar\\\/37d968a2e67a6fd04c169c4bdef102d0bc5d31b2546345219e348575eb80e9a0?s=96&d=mm&r=g\",\"contentUrl\":\"https:\\\/\\\/secure.gravatar.com\\\/avatar\\\/37d968a2e67a6fd04c169c4bdef102d0bc5d31b2546345219e348575eb80e9a0?s=96&d=mm&r=g\",\"caption\":\"redazione\"},\"sameAs\":[\"http:\\\/\\\/www.bellunopress.it\",\"https:\\\/\\\/x.com\\\/bellunopress\"],\"url\":\"https:\\\/\\\/www.bellunopress.it\\\/fr\\\/author\\\/redazione\\\/\"}]}<\/script>\n<!-- \/ Yoast SEO plugin. -->","yoast_head_json":{"title":"Progetto antispopolamento Ronce 2020. Assessore Giannone: \"Regia mai ferma. Allarghiamo l'area di interesse\" - Bellunopress - Dolomiti","robots":{"index":"index","follow":"follow","max-snippet":"max-snippet:-1","max-image-preview":"max-image-preview:large","max-video-preview":"max-video-preview:-1"},"canonical":"https:\/\/www.bellunopress.it\/fr\/2021\/03\/04\/progetto-antispopolamento-ronce-2020-assessore-giannone-regia-mai-ferma-allarghiamo-larea-di-interesse\/","og_locale":"fr_FR","og_type":"article","og_title":"Progetto antispopolamento Ronce 2020. Assessore Giannone: \"Regia mai ferma. Allarghiamo l'area di interesse\" - Bellunopress - Dolomiti","og_description":"I progetti portati avanti, i temi sui quali insistere maggiormente, i prossimi obbiettivi: a fare il punto sull&#8217;attivit\u00e0 del progetto Ronce 2020, ideato dall&#8217;associazione Belluno Alpina e sottoposto nel 2019 all&#8217;attenzione dell&#8217;amministrazione Massaro, \u00e8 l&#8217;assessore Biagio Giannone, coordinatore del tavolo antispopolamento che vede partecipare oltre al Comune capoluogo anche le realt\u00e0 confinanti e le associazioni [&hellip;]","og_url":"https:\/\/www.bellunopress.it\/fr\/2021\/03\/04\/progetto-antispopolamento-ronce-2020-assessore-giannone-regia-mai-ferma-allarghiamo-larea-di-interesse\/","og_site_name":"Bellunopress - Dolomiti","article_publisher":"https:\/\/www.facebook.com\/profile.php?id=100008943462799","article_published_time":"2021-03-04T17:02:02+00:00","article_modified_time":"2021-03-04T18:10:39+00:00","og_image":[{"width":920,"height":1000,"url":"https:\/\/www.bellunopress.it\/wp-content\/uploads\/2021\/03\/Biagio-Giannone_edited.jpg","type":"image\/jpeg"}],"author":"redazione","twitter_card":"summary_large_image","twitter_creator":"@bellunopress","twitter_site":"@bellunopress","twitter_misc":{"\u00c9crit par":"redazione","Dur\u00e9e de lecture estim\u00e9e":"2 minutes"},"schema":{"@context":"https:\/\/schema.org","@graph":[{"@type":"Article","@id":"https:\/\/www.bellunopress.it\/2021\/03\/04\/progetto-antispopolamento-ronce-2020-assessore-giannone-regia-mai-ferma-allarghiamo-larea-di-interesse\/#article","isPartOf":{"@id":"https:\/\/www.bellunopress.it\/2021\/03\/04\/progetto-antispopolamento-ronce-2020-assessore-giannone-regia-mai-ferma-allarghiamo-larea-di-interesse\/"},"author":{"name":"redazione","@id":"https:\/\/www.bellunopress.it\/#\/schema\/person\/79bb06722b37ece1c03d3e94beb30d73"},"headline":"Progetto antispopolamento Ronce 2020. Assessore Giannone: &#8220;Regia mai ferma. Allarghiamo l&#8217;area di interesse&#8221;","datePublished":"2021-03-04T17:02:02+00:00","dateModified":"2021-03-04T18:10:39+00:00","mainEntityOfPage":{"@id":"https:\/\/www.bellunopress.it\/2021\/03\/04\/progetto-antispopolamento-ronce-2020-assessore-giannone-regia-mai-ferma-allarghiamo-larea-di-interesse\/"},"wordCount":391,"publisher":{"@id":"https:\/\/www.bellunopress.it\/#organization"},"image":{"@id":"https:\/\/www.bellunopress.it\/2021\/03\/04\/progetto-antispopolamento-ronce-2020-assessore-giannone-regia-mai-ferma-allarghiamo-larea-di-interesse\/#primaryimage"},"thumbnailUrl":"https:\/\/www.bellunopress.it\/wp-content\/uploads\/2021\/03\/Biagio-Giannone_edited.jpg","articleSection":["Cahiers de dol\u00e9ances","Cronaca\/Politica","Prima Pagina"],"inLanguage":"fr-FR"},{"@type":"WebPage","@id":"https:\/\/www.bellunopress.it\/2021\/03\/04\/progetto-antispopolamento-ronce-2020-assessore-giannone-regia-mai-ferma-allarghiamo-larea-di-interesse\/","url":"https:\/\/www.bellunopress.it\/2021\/03\/04\/progetto-antispopolamento-ronce-2020-assessore-giannone-regia-mai-ferma-allarghiamo-larea-di-interesse\/","name":"Progetto antispopolamento Ronce 2020. Assessore Giannone: \"Regia mai ferma. Allarghiamo l'area di interesse\" - Bellunopress - Dolomiti","isPartOf":{"@id":"https:\/\/www.bellunopress.it\/#website"},"primaryImageOfPage":{"@id":"https:\/\/www.bellunopress.it\/2021\/03\/04\/progetto-antispopolamento-ronce-2020-assessore-giannone-regia-mai-ferma-allarghiamo-larea-di-interesse\/#primaryimage"},"image":{"@id":"https:\/\/www.bellunopress.it\/2021\/03\/04\/progetto-antispopolamento-ronce-2020-assessore-giannone-regia-mai-ferma-allarghiamo-larea-di-interesse\/#primaryimage"},"thumbnailUrl":"https:\/\/www.bellunopress.it\/wp-content\/uploads\/2021\/03\/Biagio-Giannone_edited.jpg","datePublished":"2021-03-04T17:02:02+00:00","dateModified":"2021-03-04T18:10:39+00:00","breadcrumb":{"@id":"https:\/\/www.bellunopress.it\/2021\/03\/04\/progetto-antispopolamento-ronce-2020-assessore-giannone-regia-mai-ferma-allarghiamo-larea-di-interesse\/#breadcrumb"},"inLanguage":"fr-FR","potentialAction":[{"@type":"ReadAction","target":["https:\/\/www.bellunopress.it\/2021\/03\/04\/progetto-antispopolamento-ronce-2020-assessore-giannone-regia-mai-ferma-allarghiamo-larea-di-interesse\/"]}]},{"@type":"ImageObject","inLanguage":"fr-FR","@id":"https:\/\/www.bellunopress.it\/2021\/03\/04\/progetto-antispopolamento-ronce-2020-assessore-giannone-regia-mai-ferma-allarghiamo-larea-di-interesse\/#primaryimage","url":"https:\/\/www.bellunopress.it\/wp-content\/uploads\/2021\/03\/Biagio-Giannone_edited.jpg","contentUrl":"https:\/\/www.bellunopress.it\/wp-content\/uploads\/2021\/03\/Biagio-Giannone_edited.jpg","width":920,"height":1000,"caption":"Biagio Giannone, assessore"},{"@type":"BreadcrumbList","@id":"https:\/\/www.bellunopress.it\/2021\/03\/04\/progetto-antispopolamento-ronce-2020-assessore-giannone-regia-mai-ferma-allarghiamo-larea-di-interesse\/#breadcrumb","itemListElement":[{"@type":"ListItem","position":1,"name":"Home","item":"https:\/\/www.bellunopress.it\/"},{"@type":"ListItem","position":2,"name":"Progetto antispopolamento Ronce 2020. Assessore Giannone: &#8220;Regia mai ferma. Allarghiamo l&#8217;area di interesse&#8221;"}]},{"@type":"WebSite","@id":"https:\/\/www.bellunopress.it\/#website","url":"https:\/\/www.bellunopress.it\/","name":"Bellunopress - Dolomiti","description":"e-mail: redazione@bellunopress.it","publisher":{"@id":"https:\/\/www.bellunopress.it\/#organization"},"potentialAction":[{"@type":"SearchAction","target":{"@type":"EntryPoint","urlTemplate":"https:\/\/www.bellunopress.it\/?s={search_term_string}"},"query-input":{"@type":"PropertyValueSpecification","valueRequired":true,"valueName":"search_term_string"}}],"inLanguage":"fr-FR"},{"@type":"Organization","@id":"https:\/\/www.bellunopress.it\/#organization","name":"Bellunopress","url":"https:\/\/www.bellunopress.it\/","logo":{"@type":"ImageObject","inLanguage":"fr-FR","@id":"https:\/\/www.bellunopress.it\/#\/schema\/logo\/image\/","url":"https:\/\/www.bellunopress.it\/wp-content\/uploads\/2011\/05\/cropped-logo-bellunopress-.jpg","contentUrl":"https:\/\/www.bellunopress.it\/wp-content\/uploads\/2011\/05\/cropped-logo-bellunopress-.jpg","width":512,"height":512,"caption":"Bellunopress"},"image":{"@id":"https:\/\/www.bellunopress.it\/#\/schema\/logo\/image\/"},"sameAs":["https:\/\/www.facebook.com\/profile.php?id=100008943462799","https:\/\/x.com\/bellunopress","https:\/\/www.linkedin.com\/hp\/?dnr=JBzUWaJfMUw8vbXJJ2tVW5-I3jZKvC4wsoxE&amp;amp;amp;amp;amp;amp;trk=nav_responsive_tab_home","https:\/\/www.youtube.com\/channel\/UCxL0wu1uN0_3_7hGG0306cw"]},{"@type":"Person","@id":"https:\/\/www.bellunopress.it\/#\/schema\/person\/79bb06722b37ece1c03d3e94beb30d73","name":"r\u00e9daction","image":{"@type":"ImageObject","inLanguage":"fr-FR","@id":"https:\/\/secure.gravatar.com\/avatar\/37d968a2e67a6fd04c169c4bdef102d0bc5d31b2546345219e348575eb80e9a0?s=96&d=mm&r=g","url":"https:\/\/secure.gravatar.com\/avatar\/37d968a2e67a6fd04c169c4bdef102d0bc5d31b2546345219e348575eb80e9a0?s=96&d=mm&r=g","contentUrl":"https:\/\/secure.gravatar.com\/avatar\/37d968a2e67a6fd04c169c4bdef102d0bc5d31b2546345219e348575eb80e9a0?s=96&d=mm&r=g","caption":"redazione"},"sameAs":["http:\/\/www.bellunopress.it","https:\/\/x.com\/bellunopress"],"url":"https:\/\/www.bellunopress.it\/fr\/author\/redazione\/"}]}},"_links":{"self":[{"href":"https:\/\/www.bellunopress.it\/fr\/wp-json\/wp\/v2\/posts\/122199","targetHints":{"allow":["GET"]}}],"collection":[{"href":"https:\/\/www.bellunopress.it\/fr\/wp-json\/wp\/v2\/posts"}],"about":[{"href":"https:\/\/www.bellunopress.it\/fr\/wp-json\/wp\/v2\/types\/post"}],"author":[{"embeddable":true,"href":"https:\/\/www.bellunopress.it\/fr\/wp-json\/wp\/v2\/users\/2"}],"replies":[{"embeddable":true,"href":"https:\/\/www.bellunopress.it\/fr\/wp-json\/wp\/v2\/comments?post=122199"}],"version-history":[{"count":2,"href":"https:\/\/www.bellunopress.it\/fr\/wp-json\/wp\/v2\/posts\/122199\/revisions"}],"predecessor-version":[{"id":122202,"href":"https:\/\/www.bellunopress.it\/fr\/wp-json\/wp\/v2\/posts\/122199\/revisions\/122202"}],"wp:featuredmedia":[{"embeddable":true,"href":"https:\/\/www.bellunopress.it\/fr\/wp-json\/wp\/v2\/media\/122200"}],"wp:attachment":[{"href":"https:\/\/www.bellunopress.it\/fr\/wp-json\/wp\/v2\/media?parent=122199"}],"wp:term":[{"taxonomy":"category","embeddable":true,"href":"https:\/\/www.bellunopress.it\/fr\/wp-json\/wp\/v2\/categories?post=122199"},{"taxonomy":"post_tag","embeddable":true,"href":"https:\/\/www.bellunopress.it\/fr\/wp-json\/wp\/v2\/tags?post=122199"}],"curies":[{"name":"wp","href":"https:\/\/api.w.org\/{rel}","templated":true}]}}