{"id":122197,"date":"2021-03-04T18:50:12","date_gmt":"2021-03-04T17:50:12","guid":{"rendered":"http:\/\/www.bellunopress.it\/?p=122197"},"modified":"2021-03-04T18:50:12","modified_gmt":"2021-03-04T17:50:12","slug":"il-sindaco-di-belluno-massaro-risponde-al-comitato-di-levego-e-sagrogna-sulle-rotatorie","status":"publish","type":"post","link":"https:\/\/www.bellunopress.it\/fr\/2021\/03\/04\/il-sindaco-di-belluno-massaro-risponde-al-comitato-di-levego-e-sagrogna-sulle-rotatorie\/","title":{"rendered":"Il sindaco di Belluno Massaro risponde al comitato di Levego e Sagrogna sulle rotatorie"},"content":{"rendered":"<figure id=\"attachment_117913\" aria-describedby=\"caption-attachment-117913\" style=\"width: 800px\" class=\"wp-caption alignleft\"><a href=\"http:\/\/www.bellunopress.it\/fr\/2020\/09\/25\/nevegal-massaro-gli-impianti-potranno-essere-trasferiti-al-comune-solo-se-si-trovera-un-gestore\/jacopo-massaro_edited\/\" rel=\"attachment wp-att-117913\"><img loading=\"lazy\" decoding=\"async\" class=\"size-full wp-image-117913\" src=\"http:\/\/www.bellunopress.it\/wp-content\/uploads\/2020\/09\/Jacopo-Massaro_edited.jpg\" alt=\"\" width=\"800\" height=\"575\" srcset=\"https:\/\/www.bellunopress.it\/wp-content\/uploads\/2020\/09\/Jacopo-Massaro_edited.jpg 800w, https:\/\/www.bellunopress.it\/wp-content\/uploads\/2020\/09\/Jacopo-Massaro_edited-500x359.jpg 500w, https:\/\/www.bellunopress.it\/wp-content\/uploads\/2020\/09\/Jacopo-Massaro_edited-696x500.jpg 696w, https:\/\/www.bellunopress.it\/wp-content\/uploads\/2020\/09\/Jacopo-Massaro_edited-584x420.jpg 584w\" sizes=\"auto, (max-width: 800px) 100vw, 800px\" \/><\/a><figcaption id=\"caption-attachment-117913\" class=\"wp-caption-text\">Jacopo Massaro &#8211; Sindaco di Belluno<\/figcaption><\/figure>\n<p>Belluno, 4 marzo 2021 &#8211;\u00a0\u00abMi spiace rilevare come i rappresentanti del Comitato di Levego e Sagrogna abbiano decisamente sbagliato l&#8217;obbiettivo della loro protesta: la strada \u00e8 della Provincia, la rotatoria deve quindi essere finanziata, progettata e realizzata dalla Provincia, e non dal Comune di Belluno. Riteniamo per\u00f2 fondamentale risolvere i problemi di viabilit\u00e0 segnalati dai cittadini, e per questo abbiamo gi\u00e0 offerto tempo fa alla Provincia 150mila euro di contributo per la sua realizzazione; non \u00e8 mai venuta meno la collaborazione tra Comune e Provincia, tanto che proprio a Levego verr\u00e0 realizzato un tratto di marciapiede grazie a questa collaborazione. Stiamo continuando a lavorare insieme, ma a rendere ancor pi\u00f9 difficoltoso il tutto si \u00e8 aggiunto il passaggio della strada da Veneto Strade, gi\u00e0 interessata all&#8217;opera, ad Anas. A Levego, poi, abbiamo gi\u00e0 realizzato o programmato alcuni interventi, dai lavori per la metanizzazione alla ristrutturazione della scuola, passando per l&#8217;impegno per l&#8217;interramento dell&#8217;elettrodotto.<\/p>\n<p>L&#8217;unica colpa che possiamo assumerci in questa situazione \u00e8 quella di essere intervenuti per smuovere una situazione che pareva bloccata: forse qualcuno avrebbe preferito che ce ne lavassimo le mani, affermando semplicemente che non \u00e8 competenza del Comune? Sarebbe anche interessante sapere chi dell&#8217;ente Provincia ha assicurato al comitato che \u201cla parola spetta al Sindaco Massaro\u201d, quando il Presidente della Provincia Roberto Padrin, che ho subito contattato appena ricevuta la lettera, ha assicurato di non essere mai stato contattato dal comitato; ricordo che la delega alla viabilit\u00e0 \u00e8 in capo allo stesso Presidente\u00bb<\/p>\n<p>Cos\u00ec il sindaco di Belluno, Jacopo Massaro, risponde alla missiva inviata dal Comitato di Levego e Sagrogna relativa allo stallo dei lavori della rotatoria nella frazione.<\/p>","protected":false},"excerpt":{"rendered":"<p>Belluno, 4 marzo 2021 &#8211;\u00a0\u00abMi spiace rilevare come i rappresentanti del Comitato di Levego e Sagrogna abbiano decisamente sbagliato l&#8217;obbiettivo della loro protesta: la strada \u00e8 della Provincia, la rotatoria deve quindi essere finanziata, progettata e realizzata dalla Provincia, e non dal Comune di Belluno. Riteniamo per\u00f2 fondamentale risolvere i problemi di viabilit\u00e0 segnalati dai [&hellip;]<\/p>\n","protected":false},"author":2,"featured_media":117913,"comment_status":"closed","ping_status":"open","sticky":false,"template":"","format":"standard","meta":{"footnotes":""},"categories":[5,26,8],"tags":[],"class_list":["post-122197","post","type-post","status-publish","format-standard","has-post-thumbnail","category-cronaca","category-prima-pagina","category-societa-istituzioni"],"yoast_head":"<!-- This site is optimized with the Yoast SEO plugin v28.4 - https:\/\/yoast.com\/product\/yoast-seo-wordpress\/ -->\n<title>Il sindaco di Belluno Massaro risponde al comitato di Levego e Sagrogna sulle rotatorie - Bellunopress - Dolomiti<\/title>\n<meta name=\"robots\" content=\"index, follow, max-snippet:-1, max-image-preview:large, max-video-preview:-1\" \/>\n<link rel=\"canonical\" href=\"https:\/\/www.bellunopress.it\/fr\/2021\/03\/04\/il-sindaco-di-belluno-massaro-risponde-al-comitato-di-levego-e-sagrogna-sulle-rotatorie\/\" \/>\n<meta property=\"og:locale\" content=\"fr_FR\" \/>\n<meta property=\"og:type\" content=\"article\" \/>\n<meta property=\"og:title\" content=\"Il sindaco di Belluno Massaro risponde al comitato di Levego e Sagrogna sulle rotatorie - Bellunopress - Dolomiti\" \/>\n<meta property=\"og:description\" content=\"Belluno, 4 marzo 2021 &#8211;\u00a0\u00abMi spiace rilevare come i rappresentanti del Comitato di Levego e Sagrogna abbiano decisamente sbagliato l&#8217;obbiettivo della loro protesta: la strada \u00e8 della Provincia, la rotatoria deve quindi essere finanziata, progettata e realizzata dalla Provincia, e non dal Comune di Belluno. Riteniamo per\u00f2 fondamentale risolvere i problemi di viabilit\u00e0 segnalati dai [&hellip;]\" \/>\n<meta property=\"og:url\" content=\"https:\/\/www.bellunopress.it\/fr\/2021\/03\/04\/il-sindaco-di-belluno-massaro-risponde-al-comitato-di-levego-e-sagrogna-sulle-rotatorie\/\" \/>\n<meta property=\"og:site_name\" content=\"Bellunopress - Dolomiti\" \/>\n<meta property=\"article:publisher\" content=\"https:\/\/www.facebook.com\/profile.php?id=100008943462799\" \/>\n<meta property=\"article:published_time\" content=\"2021-03-04T17:50:12+00:00\" \/>\n<meta property=\"og:image\" content=\"https:\/\/www.bellunopress.it\/wp-content\/uploads\/2020\/09\/Jacopo-Massaro_edited.jpg\" \/>\n\t<meta property=\"og:image:width\" content=\"800\" \/>\n\t<meta property=\"og:image:height\" content=\"575\" \/>\n\t<meta property=\"og:image:type\" content=\"image\/jpeg\" \/>\n<meta name=\"author\" content=\"redazione\" \/>\n<meta name=\"twitter:card\" content=\"summary_large_image\" \/>\n<meta name=\"twitter:creator\" content=\"@bellunopress\" \/>\n<meta name=\"twitter:site\" content=\"@bellunopress\" \/>\n<meta name=\"twitter:label1\" content=\"\u00c9crit par\" \/>\n\t<meta name=\"twitter:data1\" content=\"redazione\" \/>\n\t<meta name=\"twitter:label2\" content=\"Dur\u00e9e de lecture estim\u00e9e\" \/>\n\t<meta name=\"twitter:data2\" content=\"2 minutes\" \/>\n<script type=\"application\/ld+json\" class=\"yoast-schema-graph\">{\"@context\":\"https:\\\/\\\/schema.org\",\"@graph\":[{\"@type\":\"Article\",\"@id\":\"https:\\\/\\\/www.bellunopress.it\\\/2021\\\/03\\\/04\\\/il-sindaco-di-belluno-massaro-risponde-al-comitato-di-levego-e-sagrogna-sulle-rotatorie\\\/#article\",\"isPartOf\":{\"@id\":\"https:\\\/\\\/www.bellunopress.it\\\/2021\\\/03\\\/04\\\/il-sindaco-di-belluno-massaro-risponde-al-comitato-di-levego-e-sagrogna-sulle-rotatorie\\\/\"},\"author\":{\"name\":\"redazione\",\"@id\":\"https:\\\/\\\/www.bellunopress.it\\\/#\\\/schema\\\/person\\\/79bb06722b37ece1c03d3e94beb30d73\"},\"headline\":\"Il sindaco di Belluno Massaro risponde al comitato di Levego e Sagrogna sulle rotatorie\",\"datePublished\":\"2021-03-04T17:50:12+00:00\",\"mainEntityOfPage\":{\"@id\":\"https:\\\/\\\/www.bellunopress.it\\\/2021\\\/03\\\/04\\\/il-sindaco-di-belluno-massaro-risponde-al-comitato-di-levego-e-sagrogna-sulle-rotatorie\\\/\"},\"wordCount\":299,\"publisher\":{\"@id\":\"https:\\\/\\\/www.bellunopress.it\\\/#organization\"},\"image\":{\"@id\":\"https:\\\/\\\/www.bellunopress.it\\\/2021\\\/03\\\/04\\\/il-sindaco-di-belluno-massaro-risponde-al-comitato-di-levego-e-sagrogna-sulle-rotatorie\\\/#primaryimage\"},\"thumbnailUrl\":\"https:\\\/\\\/www.bellunopress.it\\\/wp-content\\\/uploads\\\/2020\\\/09\\\/Jacopo-Massaro_edited.jpg\",\"articleSection\":[\"Cronaca\\\/Politica\",\"Prima Pagina\",\"Societ\u00e0, Associazioni, Istituzioni\"],\"inLanguage\":\"fr-FR\"},{\"@type\":\"WebPage\",\"@id\":\"https:\\\/\\\/www.bellunopress.it\\\/2021\\\/03\\\/04\\\/il-sindaco-di-belluno-massaro-risponde-al-comitato-di-levego-e-sagrogna-sulle-rotatorie\\\/\",\"url\":\"https:\\\/\\\/www.bellunopress.it\\\/2021\\\/03\\\/04\\\/il-sindaco-di-belluno-massaro-risponde-al-comitato-di-levego-e-sagrogna-sulle-rotatorie\\\/\",\"name\":\"Il sindaco di Belluno Massaro risponde al comitato di Levego e Sagrogna sulle rotatorie - Bellunopress - Dolomiti\",\"isPartOf\":{\"@id\":\"https:\\\/\\\/www.bellunopress.it\\\/#website\"},\"primaryImageOfPage\":{\"@id\":\"https:\\\/\\\/www.bellunopress.it\\\/2021\\\/03\\\/04\\\/il-sindaco-di-belluno-massaro-risponde-al-comitato-di-levego-e-sagrogna-sulle-rotatorie\\\/#primaryimage\"},\"image\":{\"@id\":\"https:\\\/\\\/www.bellunopress.it\\\/2021\\\/03\\\/04\\\/il-sindaco-di-belluno-massaro-risponde-al-comitato-di-levego-e-sagrogna-sulle-rotatorie\\\/#primaryimage\"},\"thumbnailUrl\":\"https:\\\/\\\/www.bellunopress.it\\\/wp-content\\\/uploads\\\/2020\\\/09\\\/Jacopo-Massaro_edited.jpg\",\"datePublished\":\"2021-03-04T17:50:12+00:00\",\"breadcrumb\":{\"@id\":\"https:\\\/\\\/www.bellunopress.it\\\/2021\\\/03\\\/04\\\/il-sindaco-di-belluno-massaro-risponde-al-comitato-di-levego-e-sagrogna-sulle-rotatorie\\\/#breadcrumb\"},\"inLanguage\":\"fr-FR\",\"potentialAction\":[{\"@type\":\"ReadAction\",\"target\":[\"https:\\\/\\\/www.bellunopress.it\\\/2021\\\/03\\\/04\\\/il-sindaco-di-belluno-massaro-risponde-al-comitato-di-levego-e-sagrogna-sulle-rotatorie\\\/\"]}]},{\"@type\":\"ImageObject\",\"inLanguage\":\"fr-FR\",\"@id\":\"https:\\\/\\\/www.bellunopress.it\\\/2021\\\/03\\\/04\\\/il-sindaco-di-belluno-massaro-risponde-al-comitato-di-levego-e-sagrogna-sulle-rotatorie\\\/#primaryimage\",\"url\":\"https:\\\/\\\/www.bellunopress.it\\\/wp-content\\\/uploads\\\/2020\\\/09\\\/Jacopo-Massaro_edited.jpg\",\"contentUrl\":\"https:\\\/\\\/www.bellunopress.it\\\/wp-content\\\/uploads\\\/2020\\\/09\\\/Jacopo-Massaro_edited.jpg\",\"width\":800,\"height\":575,\"caption\":\"Jacopo Massaro - gi\u00e0 sindaco di Belluno\"},{\"@type\":\"BreadcrumbList\",\"@id\":\"https:\\\/\\\/www.bellunopress.it\\\/2021\\\/03\\\/04\\\/il-sindaco-di-belluno-massaro-risponde-al-comitato-di-levego-e-sagrogna-sulle-rotatorie\\\/#breadcrumb\",\"itemListElement\":[{\"@type\":\"ListItem\",\"position\":1,\"name\":\"Home\",\"item\":\"https:\\\/\\\/www.bellunopress.it\\\/\"},{\"@type\":\"ListItem\",\"position\":2,\"name\":\"Il sindaco di Belluno Massaro risponde al comitato di Levego e Sagrogna sulle rotatorie\"}]},{\"@type\":\"WebSite\",\"@id\":\"https:\\\/\\\/www.bellunopress.it\\\/#website\",\"url\":\"https:\\\/\\\/www.bellunopress.it\\\/\",\"name\":\"Bellunopress - Dolomiti\",\"description\":\"e-mail: redazione@bellunopress.it\",\"publisher\":{\"@id\":\"https:\\\/\\\/www.bellunopress.it\\\/#organization\"},\"potentialAction\":[{\"@type\":\"SearchAction\",\"target\":{\"@type\":\"EntryPoint\",\"urlTemplate\":\"https:\\\/\\\/www.bellunopress.it\\\/?s={search_term_string}\"},\"query-input\":{\"@type\":\"PropertyValueSpecification\",\"valueRequired\":true,\"valueName\":\"search_term_string\"}}],\"inLanguage\":\"fr-FR\"},{\"@type\":\"Organization\",\"@id\":\"https:\\\/\\\/www.bellunopress.it\\\/#organization\",\"name\":\"Bellunopress\",\"url\":\"https:\\\/\\\/www.bellunopress.it\\\/\",\"logo\":{\"@type\":\"ImageObject\",\"inLanguage\":\"fr-FR\",\"@id\":\"https:\\\/\\\/www.bellunopress.it\\\/#\\\/schema\\\/logo\\\/image\\\/\",\"url\":\"https:\\\/\\\/www.bellunopress.it\\\/wp-content\\\/uploads\\\/2011\\\/05\\\/cropped-logo-bellunopress-.jpg\",\"contentUrl\":\"https:\\\/\\\/www.bellunopress.it\\\/wp-content\\\/uploads\\\/2011\\\/05\\\/cropped-logo-bellunopress-.jpg\",\"width\":512,\"height\":512,\"caption\":\"Bellunopress\"},\"image\":{\"@id\":\"https:\\\/\\\/www.bellunopress.it\\\/#\\\/schema\\\/logo\\\/image\\\/\"},\"sameAs\":[\"https:\\\/\\\/www.facebook.com\\\/profile.php?id=100008943462799\",\"https:\\\/\\\/x.com\\\/bellunopress\",\"https:\\\/\\\/www.linkedin.com\\\/hp\\\/?dnr=JBzUWaJfMUw8vbXJJ2tVW5-I3jZKvC4wsoxE&amp;amp;amp;amp;amp;amp;trk=nav_responsive_tab_home\",\"https:\\\/\\\/www.youtube.com\\\/channel\\\/UCxL0wu1uN0_3_7hGG0306cw\"]},{\"@type\":\"Person\",\"@id\":\"https:\\\/\\\/www.bellunopress.it\\\/#\\\/schema\\\/person\\\/79bb06722b37ece1c03d3e94beb30d73\",\"name\":\"redazione\",\"image\":{\"@type\":\"ImageObject\",\"inLanguage\":\"fr-FR\",\"@id\":\"https:\\\/\\\/secure.gravatar.com\\\/avatar\\\/37d968a2e67a6fd04c169c4bdef102d0bc5d31b2546345219e348575eb80e9a0?s=96&d=mm&r=g\",\"url\":\"https:\\\/\\\/secure.gravatar.com\\\/avatar\\\/37d968a2e67a6fd04c169c4bdef102d0bc5d31b2546345219e348575eb80e9a0?s=96&d=mm&r=g\",\"contentUrl\":\"https:\\\/\\\/secure.gravatar.com\\\/avatar\\\/37d968a2e67a6fd04c169c4bdef102d0bc5d31b2546345219e348575eb80e9a0?s=96&d=mm&r=g\",\"caption\":\"redazione\"},\"sameAs\":[\"http:\\\/\\\/www.bellunopress.it\",\"https:\\\/\\\/x.com\\\/bellunopress\"],\"url\":\"https:\\\/\\\/www.bellunopress.it\\\/fr\\\/author\\\/redazione\\\/\"}]}<\/script>\n<!-- \/ Yoast SEO plugin. -->","yoast_head_json":{"title":"Il sindaco di Belluno Massaro risponde al comitato di Levego e Sagrogna sulle rotatorie - Bellunopress - Dolomiti","robots":{"index":"index","follow":"follow","max-snippet":"max-snippet:-1","max-image-preview":"max-image-preview:large","max-video-preview":"max-video-preview:-1"},"canonical":"https:\/\/www.bellunopress.it\/fr\/2021\/03\/04\/il-sindaco-di-belluno-massaro-risponde-al-comitato-di-levego-e-sagrogna-sulle-rotatorie\/","og_locale":"fr_FR","og_type":"article","og_title":"Il sindaco di Belluno Massaro risponde al comitato di Levego e Sagrogna sulle rotatorie - Bellunopress - Dolomiti","og_description":"Belluno, 4 marzo 2021 &#8211;\u00a0\u00abMi spiace rilevare come i rappresentanti del Comitato di Levego e Sagrogna abbiano decisamente sbagliato l&#8217;obbiettivo della loro protesta: la strada \u00e8 della Provincia, la rotatoria deve quindi essere finanziata, progettata e realizzata dalla Provincia, e non dal Comune di Belluno. Riteniamo per\u00f2 fondamentale risolvere i problemi di viabilit\u00e0 segnalati dai [&hellip;]","og_url":"https:\/\/www.bellunopress.it\/fr\/2021\/03\/04\/il-sindaco-di-belluno-massaro-risponde-al-comitato-di-levego-e-sagrogna-sulle-rotatorie\/","og_site_name":"Bellunopress - Dolomiti","article_publisher":"https:\/\/www.facebook.com\/profile.php?id=100008943462799","article_published_time":"2021-03-04T17:50:12+00:00","og_image":[{"width":800,"height":575,"url":"https:\/\/www.bellunopress.it\/wp-content\/uploads\/2020\/09\/Jacopo-Massaro_edited.jpg","type":"image\/jpeg"}],"author":"redazione","twitter_card":"summary_large_image","twitter_creator":"@bellunopress","twitter_site":"@bellunopress","twitter_misc":{"\u00c9crit par":"redazione","Dur\u00e9e de lecture estim\u00e9e":"2 minutes"},"schema":{"@context":"https:\/\/schema.org","@graph":[{"@type":"Article","@id":"https:\/\/www.bellunopress.it\/2021\/03\/04\/il-sindaco-di-belluno-massaro-risponde-al-comitato-di-levego-e-sagrogna-sulle-rotatorie\/#article","isPartOf":{"@id":"https:\/\/www.bellunopress.it\/2021\/03\/04\/il-sindaco-di-belluno-massaro-risponde-al-comitato-di-levego-e-sagrogna-sulle-rotatorie\/"},"author":{"name":"redazione","@id":"https:\/\/www.bellunopress.it\/#\/schema\/person\/79bb06722b37ece1c03d3e94beb30d73"},"headline":"Il sindaco di Belluno Massaro risponde al comitato di Levego e Sagrogna sulle rotatorie","datePublished":"2021-03-04T17:50:12+00:00","mainEntityOfPage":{"@id":"https:\/\/www.bellunopress.it\/2021\/03\/04\/il-sindaco-di-belluno-massaro-risponde-al-comitato-di-levego-e-sagrogna-sulle-rotatorie\/"},"wordCount":299,"publisher":{"@id":"https:\/\/www.bellunopress.it\/#organization"},"image":{"@id":"https:\/\/www.bellunopress.it\/2021\/03\/04\/il-sindaco-di-belluno-massaro-risponde-al-comitato-di-levego-e-sagrogna-sulle-rotatorie\/#primaryimage"},"thumbnailUrl":"https:\/\/www.bellunopress.it\/wp-content\/uploads\/2020\/09\/Jacopo-Massaro_edited.jpg","articleSection":["Cronaca\/Politica","Prima Pagina","Societ\u00e0, Associazioni, Istituzioni"],"inLanguage":"fr-FR"},{"@type":"WebPage","@id":"https:\/\/www.bellunopress.it\/2021\/03\/04\/il-sindaco-di-belluno-massaro-risponde-al-comitato-di-levego-e-sagrogna-sulle-rotatorie\/","url":"https:\/\/www.bellunopress.it\/2021\/03\/04\/il-sindaco-di-belluno-massaro-risponde-al-comitato-di-levego-e-sagrogna-sulle-rotatorie\/","name":"Il sindaco di Belluno Massaro risponde al comitato di Levego e Sagrogna sulle rotatorie - Bellunopress - Dolomiti","isPartOf":{"@id":"https:\/\/www.bellunopress.it\/#website"},"primaryImageOfPage":{"@id":"https:\/\/www.bellunopress.it\/2021\/03\/04\/il-sindaco-di-belluno-massaro-risponde-al-comitato-di-levego-e-sagrogna-sulle-rotatorie\/#primaryimage"},"image":{"@id":"https:\/\/www.bellunopress.it\/2021\/03\/04\/il-sindaco-di-belluno-massaro-risponde-al-comitato-di-levego-e-sagrogna-sulle-rotatorie\/#primaryimage"},"thumbnailUrl":"https:\/\/www.bellunopress.it\/wp-content\/uploads\/2020\/09\/Jacopo-Massaro_edited.jpg","datePublished":"2021-03-04T17:50:12+00:00","breadcrumb":{"@id":"https:\/\/www.bellunopress.it\/2021\/03\/04\/il-sindaco-di-belluno-massaro-risponde-al-comitato-di-levego-e-sagrogna-sulle-rotatorie\/#breadcrumb"},"inLanguage":"fr-FR","potentialAction":[{"@type":"ReadAction","target":["https:\/\/www.bellunopress.it\/2021\/03\/04\/il-sindaco-di-belluno-massaro-risponde-al-comitato-di-levego-e-sagrogna-sulle-rotatorie\/"]}]},{"@type":"ImageObject","inLanguage":"fr-FR","@id":"https:\/\/www.bellunopress.it\/2021\/03\/04\/il-sindaco-di-belluno-massaro-risponde-al-comitato-di-levego-e-sagrogna-sulle-rotatorie\/#primaryimage","url":"https:\/\/www.bellunopress.it\/wp-content\/uploads\/2020\/09\/Jacopo-Massaro_edited.jpg","contentUrl":"https:\/\/www.bellunopress.it\/wp-content\/uploads\/2020\/09\/Jacopo-Massaro_edited.jpg","width":800,"height":575,"caption":"Jacopo Massaro - gi\u00e0 sindaco di Belluno"},{"@type":"BreadcrumbList","@id":"https:\/\/www.bellunopress.it\/2021\/03\/04\/il-sindaco-di-belluno-massaro-risponde-al-comitato-di-levego-e-sagrogna-sulle-rotatorie\/#breadcrumb","itemListElement":[{"@type":"ListItem","position":1,"name":"Home","item":"https:\/\/www.bellunopress.it\/"},{"@type":"ListItem","position":2,"name":"Il sindaco di Belluno Massaro risponde al comitato di Levego e Sagrogna sulle rotatorie"}]},{"@type":"WebSite","@id":"https:\/\/www.bellunopress.it\/#website","url":"https:\/\/www.bellunopress.it\/","name":"Bellunopress - Dolomiti","description":"e-mail: redazione@bellunopress.it","publisher":{"@id":"https:\/\/www.bellunopress.it\/#organization"},"potentialAction":[{"@type":"SearchAction","target":{"@type":"EntryPoint","urlTemplate":"https:\/\/www.bellunopress.it\/?s={search_term_string}"},"query-input":{"@type":"PropertyValueSpecification","valueRequired":true,"valueName":"search_term_string"}}],"inLanguage":"fr-FR"},{"@type":"Organization","@id":"https:\/\/www.bellunopress.it\/#organization","name":"Bellunopress","url":"https:\/\/www.bellunopress.it\/","logo":{"@type":"ImageObject","inLanguage":"fr-FR","@id":"https:\/\/www.bellunopress.it\/#\/schema\/logo\/image\/","url":"https:\/\/www.bellunopress.it\/wp-content\/uploads\/2011\/05\/cropped-logo-bellunopress-.jpg","contentUrl":"https:\/\/www.bellunopress.it\/wp-content\/uploads\/2011\/05\/cropped-logo-bellunopress-.jpg","width":512,"height":512,"caption":"Bellunopress"},"image":{"@id":"https:\/\/www.bellunopress.it\/#\/schema\/logo\/image\/"},"sameAs":["https:\/\/www.facebook.com\/profile.php?id=100008943462799","https:\/\/x.com\/bellunopress","https:\/\/www.linkedin.com\/hp\/?dnr=JBzUWaJfMUw8vbXJJ2tVW5-I3jZKvC4wsoxE&amp;amp;amp;amp;amp;amp;trk=nav_responsive_tab_home","https:\/\/www.youtube.com\/channel\/UCxL0wu1uN0_3_7hGG0306cw"]},{"@type":"Person","@id":"https:\/\/www.bellunopress.it\/#\/schema\/person\/79bb06722b37ece1c03d3e94beb30d73","name":"r\u00e9daction","image":{"@type":"ImageObject","inLanguage":"fr-FR","@id":"https:\/\/secure.gravatar.com\/avatar\/37d968a2e67a6fd04c169c4bdef102d0bc5d31b2546345219e348575eb80e9a0?s=96&d=mm&r=g","url":"https:\/\/secure.gravatar.com\/avatar\/37d968a2e67a6fd04c169c4bdef102d0bc5d31b2546345219e348575eb80e9a0?s=96&d=mm&r=g","contentUrl":"https:\/\/secure.gravatar.com\/avatar\/37d968a2e67a6fd04c169c4bdef102d0bc5d31b2546345219e348575eb80e9a0?s=96&d=mm&r=g","caption":"redazione"},"sameAs":["http:\/\/www.bellunopress.it","https:\/\/x.com\/bellunopress"],"url":"https:\/\/www.bellunopress.it\/fr\/author\/redazione\/"}]}},"_links":{"self":[{"href":"https:\/\/www.bellunopress.it\/fr\/wp-json\/wp\/v2\/posts\/122197","targetHints":{"allow":["GET"]}}],"collection":[{"href":"https:\/\/www.bellunopress.it\/fr\/wp-json\/wp\/v2\/posts"}],"about":[{"href":"https:\/\/www.bellunopress.it\/fr\/wp-json\/wp\/v2\/types\/post"}],"author":[{"embeddable":true,"href":"https:\/\/www.bellunopress.it\/fr\/wp-json\/wp\/v2\/users\/2"}],"replies":[{"embeddable":true,"href":"https:\/\/www.bellunopress.it\/fr\/wp-json\/wp\/v2\/comments?post=122197"}],"version-history":[{"count":1,"href":"https:\/\/www.bellunopress.it\/fr\/wp-json\/wp\/v2\/posts\/122197\/revisions"}],"predecessor-version":[{"id":122198,"href":"https:\/\/www.bellunopress.it\/fr\/wp-json\/wp\/v2\/posts\/122197\/revisions\/122198"}],"wp:featuredmedia":[{"embeddable":true,"href":"https:\/\/www.bellunopress.it\/fr\/wp-json\/wp\/v2\/media\/117913"}],"wp:attachment":[{"href":"https:\/\/www.bellunopress.it\/fr\/wp-json\/wp\/v2\/media?parent=122197"}],"wp:term":[{"taxonomy":"category","embeddable":true,"href":"https:\/\/www.bellunopress.it\/fr\/wp-json\/wp\/v2\/categories?post=122197"},{"taxonomy":"post_tag","embeddable":true,"href":"https:\/\/www.bellunopress.it\/fr\/wp-json\/wp\/v2\/tags?post=122197"}],"curies":[{"name":"wp","href":"https:\/\/api.w.org\/{rel}","templated":true}]}}