{"id":122178,"date":"2021-03-03T20:19:58","date_gmt":"2021-03-03T19:19:58","guid":{"rendered":"http:\/\/www.bellunopress.it\/?p=122178"},"modified":"2021-03-03T21:22:25","modified_gmt":"2021-03-03T20:22:25","slug":"premio-giorgio-lago-nuovi-talenti-del-giornalismo-2021","status":"publish","type":"post","link":"https:\/\/www.bellunopress.it\/fr\/2021\/03\/03\/premio-giorgio-lago-nuovi-talenti-del-giornalismo-2021\/","title":{"rendered":"Premio Giorgio Lago, nuovi talenti del giornalismo 2021"},"content":{"rendered":"<figure id=\"attachment_120000\" aria-describedby=\"caption-attachment-120000\" style=\"width: 800px\" class=\"wp-caption alignleft\"><a href=\"http:\/\/www.bellunopress.it\/fr\/2020\/12\/10\/aperto-il-bando-per-studenti-premio-giorgio-lago-nuovi-talenti-del-giornalismo\/giorgio-lago_edited\/\" rel=\"attachment wp-att-120000\"><img loading=\"lazy\" decoding=\"async\" class=\"size-full wp-image-120000\" src=\"http:\/\/www.bellunopress.it\/wp-content\/uploads\/2020\/12\/Giorgio-Lago_edited.jpg\" alt=\"\" width=\"800\" height=\"524\" srcset=\"https:\/\/www.bellunopress.it\/wp-content\/uploads\/2020\/12\/Giorgio-Lago_edited.jpg 800w, https:\/\/www.bellunopress.it\/wp-content\/uploads\/2020\/12\/Giorgio-Lago_edited-500x328.jpg 500w, https:\/\/www.bellunopress.it\/wp-content\/uploads\/2020\/12\/Giorgio-Lago_edited-696x456.jpg 696w, https:\/\/www.bellunopress.it\/wp-content\/uploads\/2020\/12\/Giorgio-Lago_edited-641x420.jpg 641w, https:\/\/www.bellunopress.it\/wp-content\/uploads\/2020\/12\/Giorgio-Lago_edited-741x486.jpg 741w\" sizes=\"auto, (max-width: 800px) 100vw, 800px\" \/><\/a><figcaption id=\"caption-attachment-120000\" class=\"wp-caption-text\">Giorgio Lago<\/figcaption><\/figure>\n<p>Gli studenti delle ultime classi dei licei del Veneto sono invitati a realizzare un articolo indagando il ruolo della cultura nella societ\u00e0 di oggi, a partire dall\u2019istruzione e dalla formazione.<br \/>\nIl bando \u00e8 scaricabile dal nuovo sito, da oggi online, la scadenza \u00e8 fissata il 31 marzo.<\/p>\n<p>Ultimo mese per partecipare all\u2019edizione 2021 del Premio Giorgio Lago \u2013 Nuovi talenti del giornalismo, promosso dall\u2019Associazione Amici di Giorgio Lago: gli studenti delle ultime classi dei licei del Veneto hanno tempo fino al 31 marzo per inviare alla segreteria un articolo giornalistico che sviluppi il tema scelto per quest\u2019anno, il ruolo sociale ed economico della cultura. Il bando \u00e8 scaricabile dal nuovo sito, online da oggi, www.premiogiorgiolago.it.<\/p>\n<p>\u201cLa pi\u00f9 preziosa materia prima di una nazione \u00e8 la cultura in tutte le sue componenti, a partire dall\u2019istruzione e dalla formazione. Non a caso gli economisti oggi sottolineano che il vero investimento strategico \u00e8 quello sul capitale umano. \u00c8 un concetto che Giorgio Lago, straordinaria firma del giornalismo veneto, ribadiva gi\u00e0 nel 2001 quando, rivolgendosi in modo particolare ai giovani, scriveva: Il Nordest deve migliorare riflettendo su un dato inoppugnabile: la nuova risorsa sar\u00e0 il sapere. Chi avr\u00e0 la leva del sapere guider\u00e0 il domani\u201d: \u00e8 questa la traccia contenuta nel bando e che i giovani dovranno sviluppare.<\/p>\n<p>La biografia di Giorgio Lago, la storia e l\u2019evoluzione del Premio, edizione dopo edizione dal 2005 ad oggi, sono ora racchiuse in un nuovo sito: in esso sia il direttore de Il Gazzettino ed editorialista de La Repubblica sia il concorso per gli studenti vengono presentati attraverso l\u2019interazione di linguaggi diversi, dal testo, alle immagini, ai video.<br \/>\nIl sito, accattivante nella grafica e nella distribuzione dei contenuti, nelle intenzioni dell\u2019Associazione Amici di Giorgio Lago vuole essere prima di tutto uno strumento a disposizione dei pi\u00f9 giovani per scoprire la carica innovativa del pensiero di Giorgio Lago. In esso si trovano poi tutte le informazioni relative al Premio: oltre a scaricare il bando, \u00e8 possibile conoscere la composizione della Giuria, le fasi di svolgimento della selezione e le informazioni sulla premiazione. La scelta dei premi rispetta la vocazione formativa dell\u2019Associazione e del Premio e, come sarebbe piaciuto a Giorgio Lago, ai primi tre classificati saranno assegnate tre borse di studio da utilizzare per sostenere gli studi universitari.<br \/>\nLa cerimonia di assegnazione del Premio Giorgio Lago Nuovi talenti del giornalismo 2021 si svolger\u00e0 al Teatro Comunale Mario Del Monaco di Treviso nel mese di maggio 2021.<\/p>\n<p>Informazioni: info@premiogiorgiolago.it<\/p>","protected":false},"excerpt":{"rendered":"<p>Gli studenti delle ultime classi dei licei del Veneto sono invitati a realizzare un articolo indagando il ruolo della cultura nella societ\u00e0 di oggi, a partire dall\u2019istruzione e dalla formazione. Il bando \u00e8 scaricabile dal nuovo sito, da oggi online, la scadenza \u00e8 fissata il 31 marzo. Ultimo mese per partecipare all\u2019edizione 2021 del Premio [&hellip;]<\/p>\n","protected":false},"author":2,"featured_media":120000,"comment_status":"closed","ping_status":"open","sticky":false,"template":"","format":"standard","meta":{"footnotes":""},"categories":[3,25,15],"tags":[],"class_list":["post-122178","post","type-post","status-publish","format-standard","has-post-thumbnail","category-arte-cultura-spettacoli-scienza-archivi","category-pausa-caffe","category-scuola"],"yoast_head":"<!-- This site is optimized with the Yoast SEO plugin v28.4 - https:\/\/yoast.com\/product\/yoast-seo-wordpress\/ -->\n<title>Premio Giorgio Lago, nuovi talenti del giornalismo 2021 - Bellunopress - Dolomiti<\/title>\n<meta name=\"robots\" content=\"index, follow, max-snippet:-1, max-image-preview:large, max-video-preview:-1\" \/>\n<link rel=\"canonical\" href=\"https:\/\/www.bellunopress.it\/fr\/2021\/03\/03\/premio-giorgio-lago-nuovi-talenti-del-giornalismo-2021\/\" \/>\n<meta property=\"og:locale\" content=\"fr_FR\" \/>\n<meta property=\"og:type\" content=\"article\" \/>\n<meta property=\"og:title\" content=\"Premio Giorgio Lago, nuovi talenti del giornalismo 2021 - Bellunopress - Dolomiti\" \/>\n<meta property=\"og:description\" content=\"Gli studenti delle ultime classi dei licei del Veneto sono invitati a realizzare un articolo indagando il ruolo della cultura nella societ\u00e0 di oggi, a partire dall\u2019istruzione e dalla formazione. Il bando \u00e8 scaricabile dal nuovo sito, da oggi online, la scadenza \u00e8 fissata il 31 marzo. Ultimo mese per partecipare all\u2019edizione 2021 del Premio [&hellip;]\" \/>\n<meta property=\"og:url\" content=\"https:\/\/www.bellunopress.it\/fr\/2021\/03\/03\/premio-giorgio-lago-nuovi-talenti-del-giornalismo-2021\/\" \/>\n<meta property=\"og:site_name\" content=\"Bellunopress - Dolomiti\" \/>\n<meta property=\"article:publisher\" content=\"https:\/\/www.facebook.com\/profile.php?id=100008943462799\" \/>\n<meta property=\"article:published_time\" content=\"2021-03-03T19:19:58+00:00\" \/>\n<meta property=\"article:modified_time\" content=\"2021-03-03T20:22:25+00:00\" \/>\n<meta property=\"og:image\" content=\"https:\/\/www.bellunopress.it\/wp-content\/uploads\/2020\/12\/Giorgio-Lago_edited.jpg\" \/>\n\t<meta property=\"og:image:width\" content=\"800\" \/>\n\t<meta property=\"og:image:height\" content=\"524\" \/>\n\t<meta property=\"og:image:type\" content=\"image\/jpeg\" \/>\n<meta name=\"author\" content=\"redazione\" \/>\n<meta name=\"twitter:card\" content=\"summary_large_image\" \/>\n<meta name=\"twitter:creator\" content=\"@bellunopress\" \/>\n<meta name=\"twitter:site\" content=\"@bellunopress\" \/>\n<meta name=\"twitter:label1\" content=\"\u00c9crit par\" \/>\n\t<meta name=\"twitter:data1\" content=\"redazione\" \/>\n\t<meta name=\"twitter:label2\" content=\"Dur\u00e9e de lecture estim\u00e9e\" \/>\n\t<meta name=\"twitter:data2\" content=\"3 minutes\" \/>\n<script type=\"application\/ld+json\" class=\"yoast-schema-graph\">{\"@context\":\"https:\\\/\\\/schema.org\",\"@graph\":[{\"@type\":\"Article\",\"@id\":\"https:\\\/\\\/www.bellunopress.it\\\/2021\\\/03\\\/03\\\/premio-giorgio-lago-nuovi-talenti-del-giornalismo-2021\\\/#article\",\"isPartOf\":{\"@id\":\"https:\\\/\\\/www.bellunopress.it\\\/2021\\\/03\\\/03\\\/premio-giorgio-lago-nuovi-talenti-del-giornalismo-2021\\\/\"},\"author\":{\"name\":\"redazione\",\"@id\":\"https:\\\/\\\/www.bellunopress.it\\\/#\\\/schema\\\/person\\\/79bb06722b37ece1c03d3e94beb30d73\"},\"headline\":\"Premio Giorgio Lago, nuovi talenti del giornalismo 2021\",\"datePublished\":\"2021-03-03T19:19:58+00:00\",\"dateModified\":\"2021-03-03T20:22:25+00:00\",\"mainEntityOfPage\":{\"@id\":\"https:\\\/\\\/www.bellunopress.it\\\/2021\\\/03\\\/03\\\/premio-giorgio-lago-nuovi-talenti-del-giornalismo-2021\\\/\"},\"wordCount\":423,\"publisher\":{\"@id\":\"https:\\\/\\\/www.bellunopress.it\\\/#organization\"},\"image\":{\"@id\":\"https:\\\/\\\/www.bellunopress.it\\\/2021\\\/03\\\/03\\\/premio-giorgio-lago-nuovi-talenti-del-giornalismo-2021\\\/#primaryimage\"},\"thumbnailUrl\":\"https:\\\/\\\/www.bellunopress.it\\\/wp-content\\\/uploads\\\/2020\\\/12\\\/Giorgio-Lago_edited.jpg\",\"articleSection\":[\"Arte, Cultura, Spettacoli, Scienza\",\"Pausa Caff\u00e8\",\"Scuola\"],\"inLanguage\":\"fr-FR\"},{\"@type\":\"WebPage\",\"@id\":\"https:\\\/\\\/www.bellunopress.it\\\/2021\\\/03\\\/03\\\/premio-giorgio-lago-nuovi-talenti-del-giornalismo-2021\\\/\",\"url\":\"https:\\\/\\\/www.bellunopress.it\\\/2021\\\/03\\\/03\\\/premio-giorgio-lago-nuovi-talenti-del-giornalismo-2021\\\/\",\"name\":\"Premio Giorgio Lago, nuovi talenti del giornalismo 2021 - Bellunopress - Dolomiti\",\"isPartOf\":{\"@id\":\"https:\\\/\\\/www.bellunopress.it\\\/#website\"},\"primaryImageOfPage\":{\"@id\":\"https:\\\/\\\/www.bellunopress.it\\\/2021\\\/03\\\/03\\\/premio-giorgio-lago-nuovi-talenti-del-giornalismo-2021\\\/#primaryimage\"},\"image\":{\"@id\":\"https:\\\/\\\/www.bellunopress.it\\\/2021\\\/03\\\/03\\\/premio-giorgio-lago-nuovi-talenti-del-giornalismo-2021\\\/#primaryimage\"},\"thumbnailUrl\":\"https:\\\/\\\/www.bellunopress.it\\\/wp-content\\\/uploads\\\/2020\\\/12\\\/Giorgio-Lago_edited.jpg\",\"datePublished\":\"2021-03-03T19:19:58+00:00\",\"dateModified\":\"2021-03-03T20:22:25+00:00\",\"breadcrumb\":{\"@id\":\"https:\\\/\\\/www.bellunopress.it\\\/2021\\\/03\\\/03\\\/premio-giorgio-lago-nuovi-talenti-del-giornalismo-2021\\\/#breadcrumb\"},\"inLanguage\":\"fr-FR\",\"potentialAction\":[{\"@type\":\"ReadAction\",\"target\":[\"https:\\\/\\\/www.bellunopress.it\\\/2021\\\/03\\\/03\\\/premio-giorgio-lago-nuovi-talenti-del-giornalismo-2021\\\/\"]}]},{\"@type\":\"ImageObject\",\"inLanguage\":\"fr-FR\",\"@id\":\"https:\\\/\\\/www.bellunopress.it\\\/2021\\\/03\\\/03\\\/premio-giorgio-lago-nuovi-talenti-del-giornalismo-2021\\\/#primaryimage\",\"url\":\"https:\\\/\\\/www.bellunopress.it\\\/wp-content\\\/uploads\\\/2020\\\/12\\\/Giorgio-Lago_edited.jpg\",\"contentUrl\":\"https:\\\/\\\/www.bellunopress.it\\\/wp-content\\\/uploads\\\/2020\\\/12\\\/Giorgio-Lago_edited.jpg\",\"width\":800,\"height\":524,\"caption\":\"Giorgio Lago, giornalista\"},{\"@type\":\"BreadcrumbList\",\"@id\":\"https:\\\/\\\/www.bellunopress.it\\\/2021\\\/03\\\/03\\\/premio-giorgio-lago-nuovi-talenti-del-giornalismo-2021\\\/#breadcrumb\",\"itemListElement\":[{\"@type\":\"ListItem\",\"position\":1,\"name\":\"Home\",\"item\":\"https:\\\/\\\/www.bellunopress.it\\\/\"},{\"@type\":\"ListItem\",\"position\":2,\"name\":\"Premio Giorgio Lago, nuovi talenti del giornalismo 2021\"}]},{\"@type\":\"WebSite\",\"@id\":\"https:\\\/\\\/www.bellunopress.it\\\/#website\",\"url\":\"https:\\\/\\\/www.bellunopress.it\\\/\",\"name\":\"Bellunopress - Dolomiti\",\"description\":\"e-mail: redazione@bellunopress.it\",\"publisher\":{\"@id\":\"https:\\\/\\\/www.bellunopress.it\\\/#organization\"},\"potentialAction\":[{\"@type\":\"SearchAction\",\"target\":{\"@type\":\"EntryPoint\",\"urlTemplate\":\"https:\\\/\\\/www.bellunopress.it\\\/?s={search_term_string}\"},\"query-input\":{\"@type\":\"PropertyValueSpecification\",\"valueRequired\":true,\"valueName\":\"search_term_string\"}}],\"inLanguage\":\"fr-FR\"},{\"@type\":\"Organization\",\"@id\":\"https:\\\/\\\/www.bellunopress.it\\\/#organization\",\"name\":\"Bellunopress\",\"url\":\"https:\\\/\\\/www.bellunopress.it\\\/\",\"logo\":{\"@type\":\"ImageObject\",\"inLanguage\":\"fr-FR\",\"@id\":\"https:\\\/\\\/www.bellunopress.it\\\/#\\\/schema\\\/logo\\\/image\\\/\",\"url\":\"https:\\\/\\\/www.bellunopress.it\\\/wp-content\\\/uploads\\\/2011\\\/05\\\/cropped-logo-bellunopress-.jpg\",\"contentUrl\":\"https:\\\/\\\/www.bellunopress.it\\\/wp-content\\\/uploads\\\/2011\\\/05\\\/cropped-logo-bellunopress-.jpg\",\"width\":512,\"height\":512,\"caption\":\"Bellunopress\"},\"image\":{\"@id\":\"https:\\\/\\\/www.bellunopress.it\\\/#\\\/schema\\\/logo\\\/image\\\/\"},\"sameAs\":[\"https:\\\/\\\/www.facebook.com\\\/profile.php?id=100008943462799\",\"https:\\\/\\\/x.com\\\/bellunopress\",\"https:\\\/\\\/www.linkedin.com\\\/hp\\\/?dnr=JBzUWaJfMUw8vbXJJ2tVW5-I3jZKvC4wsoxE&amp;amp;amp;amp;amp;amp;trk=nav_responsive_tab_home\",\"https:\\\/\\\/www.youtube.com\\\/channel\\\/UCxL0wu1uN0_3_7hGG0306cw\"]},{\"@type\":\"Person\",\"@id\":\"https:\\\/\\\/www.bellunopress.it\\\/#\\\/schema\\\/person\\\/79bb06722b37ece1c03d3e94beb30d73\",\"name\":\"redazione\",\"image\":{\"@type\":\"ImageObject\",\"inLanguage\":\"fr-FR\",\"@id\":\"https:\\\/\\\/secure.gravatar.com\\\/avatar\\\/37d968a2e67a6fd04c169c4bdef102d0bc5d31b2546345219e348575eb80e9a0?s=96&d=mm&r=g\",\"url\":\"https:\\\/\\\/secure.gravatar.com\\\/avatar\\\/37d968a2e67a6fd04c169c4bdef102d0bc5d31b2546345219e348575eb80e9a0?s=96&d=mm&r=g\",\"contentUrl\":\"https:\\\/\\\/secure.gravatar.com\\\/avatar\\\/37d968a2e67a6fd04c169c4bdef102d0bc5d31b2546345219e348575eb80e9a0?s=96&d=mm&r=g\",\"caption\":\"redazione\"},\"sameAs\":[\"http:\\\/\\\/www.bellunopress.it\",\"https:\\\/\\\/x.com\\\/bellunopress\"],\"url\":\"https:\\\/\\\/www.bellunopress.it\\\/fr\\\/author\\\/redazione\\\/\"}]}<\/script>\n<!-- \/ Yoast SEO plugin. -->","yoast_head_json":{"title":"Premio Giorgio Lago, nuovi talenti del giornalismo 2021 - Bellunopress - Dolomiti","robots":{"index":"index","follow":"follow","max-snippet":"max-snippet:-1","max-image-preview":"max-image-preview:large","max-video-preview":"max-video-preview:-1"},"canonical":"https:\/\/www.bellunopress.it\/fr\/2021\/03\/03\/premio-giorgio-lago-nuovi-talenti-del-giornalismo-2021\/","og_locale":"fr_FR","og_type":"article","og_title":"Premio Giorgio Lago, nuovi talenti del giornalismo 2021 - Bellunopress - Dolomiti","og_description":"Gli studenti delle ultime classi dei licei del Veneto sono invitati a realizzare un articolo indagando il ruolo della cultura nella societ\u00e0 di oggi, a partire dall\u2019istruzione e dalla formazione. Il bando \u00e8 scaricabile dal nuovo sito, da oggi online, la scadenza \u00e8 fissata il 31 marzo. Ultimo mese per partecipare all\u2019edizione 2021 del Premio [&hellip;]","og_url":"https:\/\/www.bellunopress.it\/fr\/2021\/03\/03\/premio-giorgio-lago-nuovi-talenti-del-giornalismo-2021\/","og_site_name":"Bellunopress - Dolomiti","article_publisher":"https:\/\/www.facebook.com\/profile.php?id=100008943462799","article_published_time":"2021-03-03T19:19:58+00:00","article_modified_time":"2021-03-03T20:22:25+00:00","og_image":[{"width":800,"height":524,"url":"https:\/\/www.bellunopress.it\/wp-content\/uploads\/2020\/12\/Giorgio-Lago_edited.jpg","type":"image\/jpeg"}],"author":"redazione","twitter_card":"summary_large_image","twitter_creator":"@bellunopress","twitter_site":"@bellunopress","twitter_misc":{"\u00c9crit par":"redazione","Dur\u00e9e de lecture estim\u00e9e":"3 minutes"},"schema":{"@context":"https:\/\/schema.org","@graph":[{"@type":"Article","@id":"https:\/\/www.bellunopress.it\/2021\/03\/03\/premio-giorgio-lago-nuovi-talenti-del-giornalismo-2021\/#article","isPartOf":{"@id":"https:\/\/www.bellunopress.it\/2021\/03\/03\/premio-giorgio-lago-nuovi-talenti-del-giornalismo-2021\/"},"author":{"name":"redazione","@id":"https:\/\/www.bellunopress.it\/#\/schema\/person\/79bb06722b37ece1c03d3e94beb30d73"},"headline":"Premio Giorgio Lago, nuovi talenti del giornalismo 2021","datePublished":"2021-03-03T19:19:58+00:00","dateModified":"2021-03-03T20:22:25+00:00","mainEntityOfPage":{"@id":"https:\/\/www.bellunopress.it\/2021\/03\/03\/premio-giorgio-lago-nuovi-talenti-del-giornalismo-2021\/"},"wordCount":423,"publisher":{"@id":"https:\/\/www.bellunopress.it\/#organization"},"image":{"@id":"https:\/\/www.bellunopress.it\/2021\/03\/03\/premio-giorgio-lago-nuovi-talenti-del-giornalismo-2021\/#primaryimage"},"thumbnailUrl":"https:\/\/www.bellunopress.it\/wp-content\/uploads\/2020\/12\/Giorgio-Lago_edited.jpg","articleSection":["Arte, Cultura, Spettacoli, Scienza","Pausa Caff\u00e8","Scuola"],"inLanguage":"fr-FR"},{"@type":"WebPage","@id":"https:\/\/www.bellunopress.it\/2021\/03\/03\/premio-giorgio-lago-nuovi-talenti-del-giornalismo-2021\/","url":"https:\/\/www.bellunopress.it\/2021\/03\/03\/premio-giorgio-lago-nuovi-talenti-del-giornalismo-2021\/","name":"Premio Giorgio Lago, nuovi talenti del giornalismo 2021 - Bellunopress - Dolomiti","isPartOf":{"@id":"https:\/\/www.bellunopress.it\/#website"},"primaryImageOfPage":{"@id":"https:\/\/www.bellunopress.it\/2021\/03\/03\/premio-giorgio-lago-nuovi-talenti-del-giornalismo-2021\/#primaryimage"},"image":{"@id":"https:\/\/www.bellunopress.it\/2021\/03\/03\/premio-giorgio-lago-nuovi-talenti-del-giornalismo-2021\/#primaryimage"},"thumbnailUrl":"https:\/\/www.bellunopress.it\/wp-content\/uploads\/2020\/12\/Giorgio-Lago_edited.jpg","datePublished":"2021-03-03T19:19:58+00:00","dateModified":"2021-03-03T20:22:25+00:00","breadcrumb":{"@id":"https:\/\/www.bellunopress.it\/2021\/03\/03\/premio-giorgio-lago-nuovi-talenti-del-giornalismo-2021\/#breadcrumb"},"inLanguage":"fr-FR","potentialAction":[{"@type":"ReadAction","target":["https:\/\/www.bellunopress.it\/2021\/03\/03\/premio-giorgio-lago-nuovi-talenti-del-giornalismo-2021\/"]}]},{"@type":"ImageObject","inLanguage":"fr-FR","@id":"https:\/\/www.bellunopress.it\/2021\/03\/03\/premio-giorgio-lago-nuovi-talenti-del-giornalismo-2021\/#primaryimage","url":"https:\/\/www.bellunopress.it\/wp-content\/uploads\/2020\/12\/Giorgio-Lago_edited.jpg","contentUrl":"https:\/\/www.bellunopress.it\/wp-content\/uploads\/2020\/12\/Giorgio-Lago_edited.jpg","width":800,"height":524,"caption":"Giorgio Lago, giornalista"},{"@type":"BreadcrumbList","@id":"https:\/\/www.bellunopress.it\/2021\/03\/03\/premio-giorgio-lago-nuovi-talenti-del-giornalismo-2021\/#breadcrumb","itemListElement":[{"@type":"ListItem","position":1,"name":"Home","item":"https:\/\/www.bellunopress.it\/"},{"@type":"ListItem","position":2,"name":"Premio Giorgio Lago, nuovi talenti del giornalismo 2021"}]},{"@type":"WebSite","@id":"https:\/\/www.bellunopress.it\/#website","url":"https:\/\/www.bellunopress.it\/","name":"Bellunopress - Dolomiti","description":"e-mail: redazione@bellunopress.it","publisher":{"@id":"https:\/\/www.bellunopress.it\/#organization"},"potentialAction":[{"@type":"SearchAction","target":{"@type":"EntryPoint","urlTemplate":"https:\/\/www.bellunopress.it\/?s={search_term_string}"},"query-input":{"@type":"PropertyValueSpecification","valueRequired":true,"valueName":"search_term_string"}}],"inLanguage":"fr-FR"},{"@type":"Organization","@id":"https:\/\/www.bellunopress.it\/#organization","name":"Bellunopress","url":"https:\/\/www.bellunopress.it\/","logo":{"@type":"ImageObject","inLanguage":"fr-FR","@id":"https:\/\/www.bellunopress.it\/#\/schema\/logo\/image\/","url":"https:\/\/www.bellunopress.it\/wp-content\/uploads\/2011\/05\/cropped-logo-bellunopress-.jpg","contentUrl":"https:\/\/www.bellunopress.it\/wp-content\/uploads\/2011\/05\/cropped-logo-bellunopress-.jpg","width":512,"height":512,"caption":"Bellunopress"},"image":{"@id":"https:\/\/www.bellunopress.it\/#\/schema\/logo\/image\/"},"sameAs":["https:\/\/www.facebook.com\/profile.php?id=100008943462799","https:\/\/x.com\/bellunopress","https:\/\/www.linkedin.com\/hp\/?dnr=JBzUWaJfMUw8vbXJJ2tVW5-I3jZKvC4wsoxE&amp;amp;amp;amp;amp;amp;trk=nav_responsive_tab_home","https:\/\/www.youtube.com\/channel\/UCxL0wu1uN0_3_7hGG0306cw"]},{"@type":"Person","@id":"https:\/\/www.bellunopress.it\/#\/schema\/person\/79bb06722b37ece1c03d3e94beb30d73","name":"r\u00e9daction","image":{"@type":"ImageObject","inLanguage":"fr-FR","@id":"https:\/\/secure.gravatar.com\/avatar\/37d968a2e67a6fd04c169c4bdef102d0bc5d31b2546345219e348575eb80e9a0?s=96&d=mm&r=g","url":"https:\/\/secure.gravatar.com\/avatar\/37d968a2e67a6fd04c169c4bdef102d0bc5d31b2546345219e348575eb80e9a0?s=96&d=mm&r=g","contentUrl":"https:\/\/secure.gravatar.com\/avatar\/37d968a2e67a6fd04c169c4bdef102d0bc5d31b2546345219e348575eb80e9a0?s=96&d=mm&r=g","caption":"redazione"},"sameAs":["http:\/\/www.bellunopress.it","https:\/\/x.com\/bellunopress"],"url":"https:\/\/www.bellunopress.it\/fr\/author\/redazione\/"}]}},"_links":{"self":[{"href":"https:\/\/www.bellunopress.it\/fr\/wp-json\/wp\/v2\/posts\/122178","targetHints":{"allow":["GET"]}}],"collection":[{"href":"https:\/\/www.bellunopress.it\/fr\/wp-json\/wp\/v2\/posts"}],"about":[{"href":"https:\/\/www.bellunopress.it\/fr\/wp-json\/wp\/v2\/types\/post"}],"author":[{"embeddable":true,"href":"https:\/\/www.bellunopress.it\/fr\/wp-json\/wp\/v2\/users\/2"}],"replies":[{"embeddable":true,"href":"https:\/\/www.bellunopress.it\/fr\/wp-json\/wp\/v2\/comments?post=122178"}],"version-history":[{"count":1,"href":"https:\/\/www.bellunopress.it\/fr\/wp-json\/wp\/v2\/posts\/122178\/revisions"}],"predecessor-version":[{"id":122179,"href":"https:\/\/www.bellunopress.it\/fr\/wp-json\/wp\/v2\/posts\/122178\/revisions\/122179"}],"wp:featuredmedia":[{"embeddable":true,"href":"https:\/\/www.bellunopress.it\/fr\/wp-json\/wp\/v2\/media\/120000"}],"wp:attachment":[{"href":"https:\/\/www.bellunopress.it\/fr\/wp-json\/wp\/v2\/media?parent=122178"}],"wp:term":[{"taxonomy":"category","embeddable":true,"href":"https:\/\/www.bellunopress.it\/fr\/wp-json\/wp\/v2\/categories?post=122178"},{"taxonomy":"post_tag","embeddable":true,"href":"https:\/\/www.bellunopress.it\/fr\/wp-json\/wp\/v2\/tags?post=122178"}],"curies":[{"name":"wp","href":"https:\/\/api.w.org\/{rel}","templated":true}]}}