{"id":122173,"date":"2021-03-03T21:13:53","date_gmt":"2021-03-03T20:13:53","guid":{"rendered":"http:\/\/www.bellunopress.it\/?p=122173"},"modified":"2021-03-03T21:13:55","modified_gmt":"2021-03-03T20:13:55","slug":"8-marzo-giornata-internazionale-della-donna-la-cisl-ricorda-due-grandi-donne-tina-anselmi-e-tina-merlin","status":"publish","type":"post","link":"https:\/\/www.bellunopress.it\/fr\/2021\/03\/03\/8-marzo-giornata-internazionale-della-donna-la-cisl-ricorda-due-grandi-donne-tina-anselmi-e-tina-merlin\/","title":{"rendered":"8 marzo, Giornata internazionale della Donna. La Cisl ricorda due grandi donne: Tina Anselmi e Tina Merlin"},"content":{"rendered":"<figure id=\"attachment_122174\" aria-describedby=\"caption-attachment-122174\" style=\"width: 533px\" class=\"wp-caption alignleft\"><a href=\"http:\/\/www.bellunopress.it\/fr\/2021\/03\/03\/8-marzo-giornata-internazionale-della-donna-la-cisl-ricorda-due-grandi-donne-tina-anselmi-e-tina-merlin\/tina-anselmi_edited\/\" rel=\"attachment wp-att-122174\"><img loading=\"lazy\" decoding=\"async\" class=\"size-full wp-image-122174\" src=\"http:\/\/www.bellunopress.it\/wp-content\/uploads\/2021\/03\/tina-anselmi_edited.jpg\" alt=\"\" width=\"533\" height=\"335\" srcset=\"https:\/\/www.bellunopress.it\/wp-content\/uploads\/2021\/03\/tina-anselmi_edited.jpg 533w, https:\/\/www.bellunopress.it\/wp-content\/uploads\/2021\/03\/tina-anselmi_edited-500x314.jpg 500w\" sizes=\"auto, (max-width: 533px) 100vw, 533px\" \/><\/a><figcaption id=\"caption-attachment-122174\" class=\"wp-caption-text\">Tina Anselmi<\/figcaption><\/figure>\n<figure id=\"attachment_122175\" aria-describedby=\"caption-attachment-122175\" style=\"width: 471px\" class=\"wp-caption alignleft\"><a href=\"http:\/\/www.bellunopress.it\/fr\/2021\/03\/03\/8-marzo-giornata-internazionale-della-donna-la-cisl-ricorda-due-grandi-donne-tina-anselmi-e-tina-merlin\/tina-merlin_edited\/\" rel=\"attachment wp-att-122175\"><img loading=\"lazy\" decoding=\"async\" class=\"size-full wp-image-122175\" src=\"http:\/\/www.bellunopress.it\/wp-content\/uploads\/2021\/03\/tina-merlin_edited.jpg\" alt=\"\" width=\"471\" height=\"298\" \/><\/a><figcaption id=\"caption-attachment-122175\" class=\"wp-caption-text\">Tina Merlin<\/figcaption><\/figure>\n<p><em>Venerd\u00ec 12 marzo alle 18 va in scena sul sito e sui canali social della Cisl Belluno Treviso lo spettacolo online \u201cAlla radice del sogno\u201d<\/em><\/p>\n<p>Nel mese della Donna, la Cisl Belluno Treviso omaggia due grandi donne del territorio che hanno fatto la storia del nostro Paese: Tina Anselmi e Tina Merlin. Venerd\u00ec 12 marzo alle 18 in tutti i canali social della Cisl locale e nel sito web dell\u2019Organizzazione sindacale www.cislbellunotreviso.it sar\u00e0 trasmesso lo spettacolo teatrale \u201cAlla radice del sogno\u201d di Daniela Mattiuzzi, con Patricia Zanco e Miranda Cortes alla fisarmonica, per le riprese e il montaggio video di Corrado Ceron e Alberto Bedin. Lo spettacolo racconta la storia di due grandi donne del Novecento, la castellana Anselmi (1927-2016) e la trichianese Merlin (1926-1991).<br \/>\nEntrambe partigiane, sempre dalla parte dei pi\u00f9 deboli, due figure che hanno contribuito alla crescita democratica del Paese, all\u2019allargamento dei diritti dei lavoratori e delle lavoratrici, all\u2019emancipazione sociale e civile delle donne con scelte difficili e battaglie coraggiose.<br \/>\n\u201cDue donne di alto profilo &#8211; sottolinea la responsabile del Coordinamento Donne della Cisl e Fnp Belluno Treviso Alessia Salvador &#8211; di appartenenze politiche differenti, unite dal coraggio e dall\u2019intelligenza. Pensiamo alle tante leggi importanti fatte approvare da Anselmi in Parlamento e al Servizio Sanitario Nazionale, sua grande conquista, ma anche alla lotta per la verit\u00e0 sul Vajont condotta dalla giovane e caparbia Merlin\u201d.<\/p>\n<figure id=\"attachment_119271\" aria-describedby=\"caption-attachment-119271\" style=\"width: 796px\" class=\"wp-caption alignleft\"><a href=\"http:\/\/www.bellunopress.it\/fr\/2020\/11\/13\/massimiliano-paglini-eletto-segretario-generale-della-cisl-belluno-treviso-entrano-in-segreteria-nicola-brancher-e-teresa-merotto\/paglini\/\" rel=\"attachment wp-att-119271\"><img loading=\"lazy\" decoding=\"async\" class=\"size-full wp-image-119271\" src=\"http:\/\/www.bellunopress.it\/wp-content\/uploads\/2020\/11\/Paglini.jpg\" alt=\"\" width=\"796\" height=\"526\" srcset=\"https:\/\/www.bellunopress.it\/wp-content\/uploads\/2020\/11\/Paglini.jpg 796w, https:\/\/www.bellunopress.it\/wp-content\/uploads\/2020\/11\/Paglini-500x330.jpg 500w, https:\/\/www.bellunopress.it\/wp-content\/uploads\/2020\/11\/Paglini-696x460.jpg 696w, https:\/\/www.bellunopress.it\/wp-content\/uploads\/2020\/11\/Paglini-636x420.jpg 636w\" sizes=\"auto, (max-width: 796px) 100vw, 796px\" \/><\/a><figcaption id=\"caption-attachment-119271\" class=\"wp-caption-text\">Massimiliano Paglini, segretario generale Cisl Belluno Treviso<\/figcaption><\/figure>\n<p>\u201cAbbiamo scelto di celebrare la ricorrenza della Festa della Donna rendendo omaggio a due persone di altro profilo istituzionale, sociale, sindacale, politico e professionale che hanno scelto di mettere la loro vita a servizio della comunit\u00e0 &#8211; afferma il segretario generale della Cisl Belluno Treviso Massimiliano Paglini -. Anselmi e Merlin avevano due caratteristiche in comune: essere donna ed essere tenaci e caparbie nel perseguire i loro ideali. Hanno segnato in maniera indelebile la storia d\u2019Italia e dei nostri territori, rimangono due pilastri nella storia dei nostri territori e dell\u2019intero Paese, due esempi da seguire e a cui ispirarsi nell\u2019ancora lungo percorso verso la parit\u00e0 di genere nella societ\u00e0 e nel mondo del lavoro. Basti pensare che anche in questa drammatica fase di crisi legata alla pandemia, a subirne le conseguenze peggiori sono ancora una volta le donne\u201d.<\/p>\n<p>L\u2019iniziativa, uno spettacolo online che sar\u00e0 visibile alle 18 di venerd\u00ec 12 marzo sui canali Facebook e YouTube della Cisl Belluno Treviso e sul sito, vuole anche richiamare l\u2019attenzione sul dramma dei lavoratori del settore, fermi da un anno a causa delle restrizioni imposte dalla pandemia. Attori, scenografi, registi, sceneggiatori, ballerini, musicisti, ma anche dipendenti delle imprese dei service audio-luci e video, costumisti, tecnici. \u201cIn questa fase &#8211; sottolinea Paglini &#8211; \u00e8 necessario garantire a questi lavoratori e lavoratrici sostegni adeguati e certi, ma anche programmare le riaperture dei luoghi della cultura in sicurezza, per salvaguardare l\u2019occupazione: la dispersione di queste professionalit\u00e0 comporterebbe una perdita di un inestimabile patrimonio di competenze\u201d.<\/p>\n<p>Tina Anselmi, di Castelfranco Veneto, \u00e8 stata staffetta partigiana, giovanissima dirigente sindacale prima nella Corrente sindacale cristiana della Cgil unita e poi, nel 1948, nella Libera Cgil da cui, due anni dopo, sarebbe nata la Cisl. Nei primi anni Cinquanta si avvia all\u2019impegno politico, nella DC. Nel \u201959 entra nel Consiglio nazionale del partito. Deputata dal 1968 al 1992, dopo tre mandati da sottosegretario al ministero del Lavoro, diventa la prima donna ministro (alla Sanit\u00e0) della Repubblica italiana. A lei si deve la legge del \u201877 sulla parit\u00e0 di trattamento fra donne e uomini in materia di lavoro, cos\u00ec come la riforma della Sanit\u00e0 che sancisce la nascita del Servizio sanitario nazionale e la legge Basaglia.<\/p>\n<p>Staffetta partigiana, ma a Belluno, \u00e8 stata anche Tina Merlin, di Trichiana, scrittrice, giornalista de L\u2019Unit\u00e0, sulle cui pagine racconta e denuncia coraggiosamente il prima e il dopo della tragedia del Vajont. Comunista iscritta al PCI, dedica la sua vita al giornalismo, all\u2019impegno politico-sociale in difesa dei pi\u00f9 deboli e alla scrittura, con numerosi contributi sul ruolo delle donne nella Resistenza e sulla tragedia annunciata del Vajont.<\/p>","protected":false},"excerpt":{"rendered":"<p>Venerd\u00ec 12 marzo alle 18 va in scena sul sito e sui canali social della Cisl Belluno Treviso lo spettacolo online \u201cAlla radice del sogno\u201d Nel mese della Donna, la Cisl Belluno Treviso omaggia due grandi donne del territorio che hanno fatto la storia del nostro Paese: Tina Anselmi e Tina Merlin. Venerd\u00ec 12 marzo [&hellip;]<\/p>\n","protected":false},"author":2,"featured_media":122175,"comment_status":"closed","ping_status":"open","sticky":false,"template":"","format":"standard","meta":{"footnotes":""},"categories":[27,26,8],"tags":[],"class_list":["post-122173","post","type-post","status-publish","format-standard","has-post-thumbnail","category-appuntamenti","category-prima-pagina","category-societa-istituzioni"],"yoast_head":"<!-- This site is optimized with the Yoast SEO plugin v28.4 - https:\/\/yoast.com\/product\/yoast-seo-wordpress\/ -->\n<title>8 marzo, Giornata internazionale della Donna. La Cisl ricorda due grandi donne: Tina Anselmi e Tina Merlin - Bellunopress - Dolomiti<\/title>\n<meta name=\"robots\" content=\"index, follow, max-snippet:-1, max-image-preview:large, max-video-preview:-1\" \/>\n<link rel=\"canonical\" href=\"https:\/\/www.bellunopress.it\/fr\/2021\/03\/03\/8-marzo-giornata-internazionale-della-donna-la-cisl-ricorda-due-grandi-donne-tina-anselmi-e-tina-merlin\/\" \/>\n<meta property=\"og:locale\" content=\"fr_FR\" \/>\n<meta property=\"og:type\" content=\"article\" \/>\n<meta property=\"og:title\" content=\"8 marzo, Giornata internazionale della Donna. La Cisl ricorda due grandi donne: Tina Anselmi e Tina Merlin - Bellunopress - Dolomiti\" \/>\n<meta property=\"og:description\" content=\"Venerd\u00ec 12 marzo alle 18 va in scena sul sito e sui canali social della Cisl Belluno Treviso lo spettacolo online \u201cAlla radice del sogno\u201d Nel mese della Donna, la Cisl Belluno Treviso omaggia due grandi donne del territorio che hanno fatto la storia del nostro Paese: Tina Anselmi e Tina Merlin. Venerd\u00ec 12 marzo [&hellip;]\" \/>\n<meta property=\"og:url\" content=\"https:\/\/www.bellunopress.it\/fr\/2021\/03\/03\/8-marzo-giornata-internazionale-della-donna-la-cisl-ricorda-due-grandi-donne-tina-anselmi-e-tina-merlin\/\" \/>\n<meta property=\"og:site_name\" content=\"Bellunopress - Dolomiti\" \/>\n<meta property=\"article:publisher\" content=\"https:\/\/www.facebook.com\/profile.php?id=100008943462799\" \/>\n<meta property=\"article:published_time\" content=\"2021-03-03T20:13:53+00:00\" \/>\n<meta property=\"article:modified_time\" content=\"2021-03-03T20:13:55+00:00\" \/>\n<meta property=\"og:image\" content=\"https:\/\/www.bellunopress.it\/wp-content\/uploads\/2021\/03\/tina-merlin_edited.jpg\" \/>\n\t<meta property=\"og:image:width\" content=\"471\" \/>\n\t<meta property=\"og:image:height\" content=\"298\" \/>\n\t<meta property=\"og:image:type\" content=\"image\/jpeg\" \/>\n<meta name=\"author\" content=\"redazione\" \/>\n<meta name=\"twitter:card\" content=\"summary_large_image\" \/>\n<meta name=\"twitter:creator\" content=\"@bellunopress\" \/>\n<meta name=\"twitter:site\" content=\"@bellunopress\" \/>\n<meta name=\"twitter:label1\" content=\"\u00c9crit par\" \/>\n\t<meta name=\"twitter:data1\" content=\"redazione\" \/>\n\t<meta name=\"twitter:label2\" content=\"Dur\u00e9e de lecture estim\u00e9e\" \/>\n\t<meta name=\"twitter:data2\" content=\"4 minutes\" \/>\n<script type=\"application\/ld+json\" class=\"yoast-schema-graph\">{\"@context\":\"https:\\\/\\\/schema.org\",\"@graph\":[{\"@type\":\"Article\",\"@id\":\"https:\\\/\\\/www.bellunopress.it\\\/2021\\\/03\\\/03\\\/8-marzo-giornata-internazionale-della-donna-la-cisl-ricorda-due-grandi-donne-tina-anselmi-e-tina-merlin\\\/#article\",\"isPartOf\":{\"@id\":\"https:\\\/\\\/www.bellunopress.it\\\/2021\\\/03\\\/03\\\/8-marzo-giornata-internazionale-della-donna-la-cisl-ricorda-due-grandi-donne-tina-anselmi-e-tina-merlin\\\/\"},\"author\":{\"name\":\"redazione\",\"@id\":\"https:\\\/\\\/www.bellunopress.it\\\/#\\\/schema\\\/person\\\/79bb06722b37ece1c03d3e94beb30d73\"},\"headline\":\"8 marzo, Giornata internazionale della Donna. La Cisl ricorda due grandi donne: Tina Anselmi e Tina Merlin\",\"datePublished\":\"2021-03-03T20:13:53+00:00\",\"dateModified\":\"2021-03-03T20:13:55+00:00\",\"mainEntityOfPage\":{\"@id\":\"https:\\\/\\\/www.bellunopress.it\\\/2021\\\/03\\\/03\\\/8-marzo-giornata-internazionale-della-donna-la-cisl-ricorda-due-grandi-donne-tina-anselmi-e-tina-merlin\\\/\"},\"wordCount\":708,\"publisher\":{\"@id\":\"https:\\\/\\\/www.bellunopress.it\\\/#organization\"},\"image\":{\"@id\":\"https:\\\/\\\/www.bellunopress.it\\\/2021\\\/03\\\/03\\\/8-marzo-giornata-internazionale-della-donna-la-cisl-ricorda-due-grandi-donne-tina-anselmi-e-tina-merlin\\\/#primaryimage\"},\"thumbnailUrl\":\"https:\\\/\\\/www.bellunopress.it\\\/wp-content\\\/uploads\\\/2021\\\/03\\\/tina-merlin_edited.jpg\",\"articleSection\":[\"Appuntamenti, Eventi\",\"Prima Pagina\",\"Societ\u00e0, Associazioni, Istituzioni\"],\"inLanguage\":\"fr-FR\"},{\"@type\":\"WebPage\",\"@id\":\"https:\\\/\\\/www.bellunopress.it\\\/2021\\\/03\\\/03\\\/8-marzo-giornata-internazionale-della-donna-la-cisl-ricorda-due-grandi-donne-tina-anselmi-e-tina-merlin\\\/\",\"url\":\"https:\\\/\\\/www.bellunopress.it\\\/2021\\\/03\\\/03\\\/8-marzo-giornata-internazionale-della-donna-la-cisl-ricorda-due-grandi-donne-tina-anselmi-e-tina-merlin\\\/\",\"name\":\"8 marzo, Giornata internazionale della Donna. La Cisl ricorda due grandi donne: Tina Anselmi e Tina Merlin - Bellunopress - Dolomiti\",\"isPartOf\":{\"@id\":\"https:\\\/\\\/www.bellunopress.it\\\/#website\"},\"primaryImageOfPage\":{\"@id\":\"https:\\\/\\\/www.bellunopress.it\\\/2021\\\/03\\\/03\\\/8-marzo-giornata-internazionale-della-donna-la-cisl-ricorda-due-grandi-donne-tina-anselmi-e-tina-merlin\\\/#primaryimage\"},\"image\":{\"@id\":\"https:\\\/\\\/www.bellunopress.it\\\/2021\\\/03\\\/03\\\/8-marzo-giornata-internazionale-della-donna-la-cisl-ricorda-due-grandi-donne-tina-anselmi-e-tina-merlin\\\/#primaryimage\"},\"thumbnailUrl\":\"https:\\\/\\\/www.bellunopress.it\\\/wp-content\\\/uploads\\\/2021\\\/03\\\/tina-merlin_edited.jpg\",\"datePublished\":\"2021-03-03T20:13:53+00:00\",\"dateModified\":\"2021-03-03T20:13:55+00:00\",\"breadcrumb\":{\"@id\":\"https:\\\/\\\/www.bellunopress.it\\\/2021\\\/03\\\/03\\\/8-marzo-giornata-internazionale-della-donna-la-cisl-ricorda-due-grandi-donne-tina-anselmi-e-tina-merlin\\\/#breadcrumb\"},\"inLanguage\":\"fr-FR\",\"potentialAction\":[{\"@type\":\"ReadAction\",\"target\":[\"https:\\\/\\\/www.bellunopress.it\\\/2021\\\/03\\\/03\\\/8-marzo-giornata-internazionale-della-donna-la-cisl-ricorda-due-grandi-donne-tina-anselmi-e-tina-merlin\\\/\"]}]},{\"@type\":\"ImageObject\",\"inLanguage\":\"fr-FR\",\"@id\":\"https:\\\/\\\/www.bellunopress.it\\\/2021\\\/03\\\/03\\\/8-marzo-giornata-internazionale-della-donna-la-cisl-ricorda-due-grandi-donne-tina-anselmi-e-tina-merlin\\\/#primaryimage\",\"url\":\"https:\\\/\\\/www.bellunopress.it\\\/wp-content\\\/uploads\\\/2021\\\/03\\\/tina-merlin_edited.jpg\",\"contentUrl\":\"https:\\\/\\\/www.bellunopress.it\\\/wp-content\\\/uploads\\\/2021\\\/03\\\/tina-merlin_edited.jpg\",\"width\":471,\"height\":298,\"caption\":\"Tina Merlin\"},{\"@type\":\"BreadcrumbList\",\"@id\":\"https:\\\/\\\/www.bellunopress.it\\\/2021\\\/03\\\/03\\\/8-marzo-giornata-internazionale-della-donna-la-cisl-ricorda-due-grandi-donne-tina-anselmi-e-tina-merlin\\\/#breadcrumb\",\"itemListElement\":[{\"@type\":\"ListItem\",\"position\":1,\"name\":\"Home\",\"item\":\"https:\\\/\\\/www.bellunopress.it\\\/\"},{\"@type\":\"ListItem\",\"position\":2,\"name\":\"8 marzo, Giornata internazionale della Donna. La Cisl ricorda due grandi donne: Tina Anselmi e Tina Merlin\"}]},{\"@type\":\"WebSite\",\"@id\":\"https:\\\/\\\/www.bellunopress.it\\\/#website\",\"url\":\"https:\\\/\\\/www.bellunopress.it\\\/\",\"name\":\"Bellunopress - Dolomiti\",\"description\":\"e-mail: redazione@bellunopress.it\",\"publisher\":{\"@id\":\"https:\\\/\\\/www.bellunopress.it\\\/#organization\"},\"potentialAction\":[{\"@type\":\"SearchAction\",\"target\":{\"@type\":\"EntryPoint\",\"urlTemplate\":\"https:\\\/\\\/www.bellunopress.it\\\/?s={search_term_string}\"},\"query-input\":{\"@type\":\"PropertyValueSpecification\",\"valueRequired\":true,\"valueName\":\"search_term_string\"}}],\"inLanguage\":\"fr-FR\"},{\"@type\":\"Organization\",\"@id\":\"https:\\\/\\\/www.bellunopress.it\\\/#organization\",\"name\":\"Bellunopress\",\"url\":\"https:\\\/\\\/www.bellunopress.it\\\/\",\"logo\":{\"@type\":\"ImageObject\",\"inLanguage\":\"fr-FR\",\"@id\":\"https:\\\/\\\/www.bellunopress.it\\\/#\\\/schema\\\/logo\\\/image\\\/\",\"url\":\"https:\\\/\\\/www.bellunopress.it\\\/wp-content\\\/uploads\\\/2011\\\/05\\\/cropped-logo-bellunopress-.jpg\",\"contentUrl\":\"https:\\\/\\\/www.bellunopress.it\\\/wp-content\\\/uploads\\\/2011\\\/05\\\/cropped-logo-bellunopress-.jpg\",\"width\":512,\"height\":512,\"caption\":\"Bellunopress\"},\"image\":{\"@id\":\"https:\\\/\\\/www.bellunopress.it\\\/#\\\/schema\\\/logo\\\/image\\\/\"},\"sameAs\":[\"https:\\\/\\\/www.facebook.com\\\/profile.php?id=100008943462799\",\"https:\\\/\\\/x.com\\\/bellunopress\",\"https:\\\/\\\/www.linkedin.com\\\/hp\\\/?dnr=JBzUWaJfMUw8vbXJJ2tVW5-I3jZKvC4wsoxE&amp;amp;amp;amp;amp;amp;trk=nav_responsive_tab_home\",\"https:\\\/\\\/www.youtube.com\\\/channel\\\/UCxL0wu1uN0_3_7hGG0306cw\"]},{\"@type\":\"Person\",\"@id\":\"https:\\\/\\\/www.bellunopress.it\\\/#\\\/schema\\\/person\\\/79bb06722b37ece1c03d3e94beb30d73\",\"name\":\"redazione\",\"image\":{\"@type\":\"ImageObject\",\"inLanguage\":\"fr-FR\",\"@id\":\"https:\\\/\\\/secure.gravatar.com\\\/avatar\\\/37d968a2e67a6fd04c169c4bdef102d0bc5d31b2546345219e348575eb80e9a0?s=96&d=mm&r=g\",\"url\":\"https:\\\/\\\/secure.gravatar.com\\\/avatar\\\/37d968a2e67a6fd04c169c4bdef102d0bc5d31b2546345219e348575eb80e9a0?s=96&d=mm&r=g\",\"contentUrl\":\"https:\\\/\\\/secure.gravatar.com\\\/avatar\\\/37d968a2e67a6fd04c169c4bdef102d0bc5d31b2546345219e348575eb80e9a0?s=96&d=mm&r=g\",\"caption\":\"redazione\"},\"sameAs\":[\"http:\\\/\\\/www.bellunopress.it\",\"https:\\\/\\\/x.com\\\/bellunopress\"],\"url\":\"https:\\\/\\\/www.bellunopress.it\\\/fr\\\/author\\\/redazione\\\/\"}]}<\/script>\n<!-- \/ Yoast SEO plugin. -->","yoast_head_json":{"title":"8 marzo, Giornata internazionale della Donna. La Cisl ricorda due grandi donne: Tina Anselmi e Tina Merlin - Bellunopress - Dolomiti","robots":{"index":"index","follow":"follow","max-snippet":"max-snippet:-1","max-image-preview":"max-image-preview:large","max-video-preview":"max-video-preview:-1"},"canonical":"https:\/\/www.bellunopress.it\/fr\/2021\/03\/03\/8-marzo-giornata-internazionale-della-donna-la-cisl-ricorda-due-grandi-donne-tina-anselmi-e-tina-merlin\/","og_locale":"fr_FR","og_type":"article","og_title":"8 marzo, Giornata internazionale della Donna. La Cisl ricorda due grandi donne: Tina Anselmi e Tina Merlin - Bellunopress - Dolomiti","og_description":"Venerd\u00ec 12 marzo alle 18 va in scena sul sito e sui canali social della Cisl Belluno Treviso lo spettacolo online \u201cAlla radice del sogno\u201d Nel mese della Donna, la Cisl Belluno Treviso omaggia due grandi donne del territorio che hanno fatto la storia del nostro Paese: Tina Anselmi e Tina Merlin. Venerd\u00ec 12 marzo [&hellip;]","og_url":"https:\/\/www.bellunopress.it\/fr\/2021\/03\/03\/8-marzo-giornata-internazionale-della-donna-la-cisl-ricorda-due-grandi-donne-tina-anselmi-e-tina-merlin\/","og_site_name":"Bellunopress - Dolomiti","article_publisher":"https:\/\/www.facebook.com\/profile.php?id=100008943462799","article_published_time":"2021-03-03T20:13:53+00:00","article_modified_time":"2021-03-03T20:13:55+00:00","og_image":[{"width":471,"height":298,"url":"https:\/\/www.bellunopress.it\/wp-content\/uploads\/2021\/03\/tina-merlin_edited.jpg","type":"image\/jpeg"}],"author":"redazione","twitter_card":"summary_large_image","twitter_creator":"@bellunopress","twitter_site":"@bellunopress","twitter_misc":{"\u00c9crit par":"redazione","Dur\u00e9e de lecture estim\u00e9e":"4 minutes"},"schema":{"@context":"https:\/\/schema.org","@graph":[{"@type":"Article","@id":"https:\/\/www.bellunopress.it\/2021\/03\/03\/8-marzo-giornata-internazionale-della-donna-la-cisl-ricorda-due-grandi-donne-tina-anselmi-e-tina-merlin\/#article","isPartOf":{"@id":"https:\/\/www.bellunopress.it\/2021\/03\/03\/8-marzo-giornata-internazionale-della-donna-la-cisl-ricorda-due-grandi-donne-tina-anselmi-e-tina-merlin\/"},"author":{"name":"redazione","@id":"https:\/\/www.bellunopress.it\/#\/schema\/person\/79bb06722b37ece1c03d3e94beb30d73"},"headline":"8 marzo, Giornata internazionale della Donna. La Cisl ricorda due grandi donne: Tina Anselmi e Tina Merlin","datePublished":"2021-03-03T20:13:53+00:00","dateModified":"2021-03-03T20:13:55+00:00","mainEntityOfPage":{"@id":"https:\/\/www.bellunopress.it\/2021\/03\/03\/8-marzo-giornata-internazionale-della-donna-la-cisl-ricorda-due-grandi-donne-tina-anselmi-e-tina-merlin\/"},"wordCount":708,"publisher":{"@id":"https:\/\/www.bellunopress.it\/#organization"},"image":{"@id":"https:\/\/www.bellunopress.it\/2021\/03\/03\/8-marzo-giornata-internazionale-della-donna-la-cisl-ricorda-due-grandi-donne-tina-anselmi-e-tina-merlin\/#primaryimage"},"thumbnailUrl":"https:\/\/www.bellunopress.it\/wp-content\/uploads\/2021\/03\/tina-merlin_edited.jpg","articleSection":["Appuntamenti, Eventi","Prima Pagina","Societ\u00e0, Associazioni, Istituzioni"],"inLanguage":"fr-FR"},{"@type":"WebPage","@id":"https:\/\/www.bellunopress.it\/2021\/03\/03\/8-marzo-giornata-internazionale-della-donna-la-cisl-ricorda-due-grandi-donne-tina-anselmi-e-tina-merlin\/","url":"https:\/\/www.bellunopress.it\/2021\/03\/03\/8-marzo-giornata-internazionale-della-donna-la-cisl-ricorda-due-grandi-donne-tina-anselmi-e-tina-merlin\/","name":"8 marzo, Giornata internazionale della Donna. La Cisl ricorda due grandi donne: Tina Anselmi e Tina Merlin - Bellunopress - Dolomiti","isPartOf":{"@id":"https:\/\/www.bellunopress.it\/#website"},"primaryImageOfPage":{"@id":"https:\/\/www.bellunopress.it\/2021\/03\/03\/8-marzo-giornata-internazionale-della-donna-la-cisl-ricorda-due-grandi-donne-tina-anselmi-e-tina-merlin\/#primaryimage"},"image":{"@id":"https:\/\/www.bellunopress.it\/2021\/03\/03\/8-marzo-giornata-internazionale-della-donna-la-cisl-ricorda-due-grandi-donne-tina-anselmi-e-tina-merlin\/#primaryimage"},"thumbnailUrl":"https:\/\/www.bellunopress.it\/wp-content\/uploads\/2021\/03\/tina-merlin_edited.jpg","datePublished":"2021-03-03T20:13:53+00:00","dateModified":"2021-03-03T20:13:55+00:00","breadcrumb":{"@id":"https:\/\/www.bellunopress.it\/2021\/03\/03\/8-marzo-giornata-internazionale-della-donna-la-cisl-ricorda-due-grandi-donne-tina-anselmi-e-tina-merlin\/#breadcrumb"},"inLanguage":"fr-FR","potentialAction":[{"@type":"ReadAction","target":["https:\/\/www.bellunopress.it\/2021\/03\/03\/8-marzo-giornata-internazionale-della-donna-la-cisl-ricorda-due-grandi-donne-tina-anselmi-e-tina-merlin\/"]}]},{"@type":"ImageObject","inLanguage":"fr-FR","@id":"https:\/\/www.bellunopress.it\/2021\/03\/03\/8-marzo-giornata-internazionale-della-donna-la-cisl-ricorda-due-grandi-donne-tina-anselmi-e-tina-merlin\/#primaryimage","url":"https:\/\/www.bellunopress.it\/wp-content\/uploads\/2021\/03\/tina-merlin_edited.jpg","contentUrl":"https:\/\/www.bellunopress.it\/wp-content\/uploads\/2021\/03\/tina-merlin_edited.jpg","width":471,"height":298,"caption":"Tina Merlin"},{"@type":"BreadcrumbList","@id":"https:\/\/www.bellunopress.it\/2021\/03\/03\/8-marzo-giornata-internazionale-della-donna-la-cisl-ricorda-due-grandi-donne-tina-anselmi-e-tina-merlin\/#breadcrumb","itemListElement":[{"@type":"ListItem","position":1,"name":"Home","item":"https:\/\/www.bellunopress.it\/"},{"@type":"ListItem","position":2,"name":"8 marzo, Giornata internazionale della Donna. La Cisl ricorda due grandi donne: Tina Anselmi e Tina Merlin"}]},{"@type":"WebSite","@id":"https:\/\/www.bellunopress.it\/#website","url":"https:\/\/www.bellunopress.it\/","name":"Bellunopress - Dolomiti","description":"e-mail: redazione@bellunopress.it","publisher":{"@id":"https:\/\/www.bellunopress.it\/#organization"},"potentialAction":[{"@type":"SearchAction","target":{"@type":"EntryPoint","urlTemplate":"https:\/\/www.bellunopress.it\/?s={search_term_string}"},"query-input":{"@type":"PropertyValueSpecification","valueRequired":true,"valueName":"search_term_string"}}],"inLanguage":"fr-FR"},{"@type":"Organization","@id":"https:\/\/www.bellunopress.it\/#organization","name":"Bellunopress","url":"https:\/\/www.bellunopress.it\/","logo":{"@type":"ImageObject","inLanguage":"fr-FR","@id":"https:\/\/www.bellunopress.it\/#\/schema\/logo\/image\/","url":"https:\/\/www.bellunopress.it\/wp-content\/uploads\/2011\/05\/cropped-logo-bellunopress-.jpg","contentUrl":"https:\/\/www.bellunopress.it\/wp-content\/uploads\/2011\/05\/cropped-logo-bellunopress-.jpg","width":512,"height":512,"caption":"Bellunopress"},"image":{"@id":"https:\/\/www.bellunopress.it\/#\/schema\/logo\/image\/"},"sameAs":["https:\/\/www.facebook.com\/profile.php?id=100008943462799","https:\/\/x.com\/bellunopress","https:\/\/www.linkedin.com\/hp\/?dnr=JBzUWaJfMUw8vbXJJ2tVW5-I3jZKvC4wsoxE&amp;amp;amp;amp;amp;amp;trk=nav_responsive_tab_home","https:\/\/www.youtube.com\/channel\/UCxL0wu1uN0_3_7hGG0306cw"]},{"@type":"Person","@id":"https:\/\/www.bellunopress.it\/#\/schema\/person\/79bb06722b37ece1c03d3e94beb30d73","name":"r\u00e9daction","image":{"@type":"ImageObject","inLanguage":"fr-FR","@id":"https:\/\/secure.gravatar.com\/avatar\/37d968a2e67a6fd04c169c4bdef102d0bc5d31b2546345219e348575eb80e9a0?s=96&d=mm&r=g","url":"https:\/\/secure.gravatar.com\/avatar\/37d968a2e67a6fd04c169c4bdef102d0bc5d31b2546345219e348575eb80e9a0?s=96&d=mm&r=g","contentUrl":"https:\/\/secure.gravatar.com\/avatar\/37d968a2e67a6fd04c169c4bdef102d0bc5d31b2546345219e348575eb80e9a0?s=96&d=mm&r=g","caption":"redazione"},"sameAs":["http:\/\/www.bellunopress.it","https:\/\/x.com\/bellunopress"],"url":"https:\/\/www.bellunopress.it\/fr\/author\/redazione\/"}]}},"_links":{"self":[{"href":"https:\/\/www.bellunopress.it\/fr\/wp-json\/wp\/v2\/posts\/122173","targetHints":{"allow":["GET"]}}],"collection":[{"href":"https:\/\/www.bellunopress.it\/fr\/wp-json\/wp\/v2\/posts"}],"about":[{"href":"https:\/\/www.bellunopress.it\/fr\/wp-json\/wp\/v2\/types\/post"}],"author":[{"embeddable":true,"href":"https:\/\/www.bellunopress.it\/fr\/wp-json\/wp\/v2\/users\/2"}],"replies":[{"embeddable":true,"href":"https:\/\/www.bellunopress.it\/fr\/wp-json\/wp\/v2\/comments?post=122173"}],"version-history":[{"count":2,"href":"https:\/\/www.bellunopress.it\/fr\/wp-json\/wp\/v2\/posts\/122173\/revisions"}],"predecessor-version":[{"id":122177,"href":"https:\/\/www.bellunopress.it\/fr\/wp-json\/wp\/v2\/posts\/122173\/revisions\/122177"}],"wp:featuredmedia":[{"embeddable":true,"href":"https:\/\/www.bellunopress.it\/fr\/wp-json\/wp\/v2\/media\/122175"}],"wp:attachment":[{"href":"https:\/\/www.bellunopress.it\/fr\/wp-json\/wp\/v2\/media?parent=122173"}],"wp:term":[{"taxonomy":"category","embeddable":true,"href":"https:\/\/www.bellunopress.it\/fr\/wp-json\/wp\/v2\/categories?post=122173"},{"taxonomy":"post_tag","embeddable":true,"href":"https:\/\/www.bellunopress.it\/fr\/wp-json\/wp\/v2\/tags?post=122173"}],"curies":[{"name":"wp","href":"https:\/\/api.w.org\/{rel}","templated":true}]}}