{"id":122163,"date":"2021-03-03T17:03:07","date_gmt":"2021-03-03T16:03:07","guid":{"rendered":"http:\/\/www.bellunopress.it\/?p=122163"},"modified":"2021-03-03T17:03:07","modified_gmt":"2021-03-03T16:03:07","slug":"voci-di-donna-tre-incontri-online-per-riflettere-su-violenza-e-parita-di-genere","status":"publish","type":"post","link":"https:\/\/www.bellunopress.it\/fr\/2021\/03\/03\/voci-di-donna-tre-incontri-online-per-riflettere-su-violenza-e-parita-di-genere\/","title":{"rendered":"&#8220;Voci di donna&#8221;: tre incontri online per riflettere su violenza e parit\u00e0 di genere"},"content":{"rendered":"<figure id=\"attachment_120229\" aria-describedby=\"caption-attachment-120229\" style=\"width: 600px\" class=\"wp-caption alignleft\"><a href=\"http:\/\/www.bellunopress.it\/fr\/2020\/12\/18\/domenica-on-line-la-festa-dei-laureati-di-ponte-nelle-alpi-dassie-i-ragazzi-e-le-ragazze-sono-chiamati-a-confrontarsi-con-un-futuro-che-e-difficile-da-immaginare\/sabrina_dassie_edited\/\" rel=\"attachment wp-att-120229\"><img loading=\"lazy\" decoding=\"async\" class=\"size-full wp-image-120229\" src=\"http:\/\/www.bellunopress.it\/wp-content\/uploads\/2020\/12\/Sabrina_Dassie_edited.jpg\" alt=\"\" width=\"600\" height=\"800\" srcset=\"https:\/\/www.bellunopress.it\/wp-content\/uploads\/2020\/12\/Sabrina_Dassie_edited.jpg 600w, https:\/\/www.bellunopress.it\/wp-content\/uploads\/2020\/12\/Sabrina_Dassie_edited-375x500.jpg 375w, https:\/\/www.bellunopress.it\/wp-content\/uploads\/2020\/12\/Sabrina_Dassie_edited-315x420.jpg 315w\" sizes=\"auto, (max-width: 600px) 100vw, 600px\" \/><\/a><figcaption id=\"caption-attachment-120229\" class=\"wp-caption-text\">Sabrina Dassi\u00e8, consigliere comunale Ponte nelle Alpi<\/figcaption><\/figure>\n<p>Riparte la rassegna dedicata al mondo femminile e alla parit\u00e0 di genere: &#8220;Voci di donna&#8221;. Tre gli incontri (inizieranno tutti alle ore 20), per quest&#8217;anno in modalit\u00e0 online sul canale YouTube del Comune di Ponte nelle Alpi, che promuove la rassegna insieme alla Commissione Diritti civili e Politiche di genere e alla Biblioteca civica.<\/p>\n<p>Si comincia venerd\u00ec 5 marzo con Yulia Gladka, relatrice d&#8217;eccezione e operatrice del Centro Belluno-Donna, chiamata ad approfondire la &#8220;Violenza contro le donne migranti e il ruolo del Centro antiviolenza&#8221;: non mancher\u00e0 l&#8217;intervento di Anna Cubattoli, presidente del Centro.<\/p>\n<p>&#8220;La Convenzione di Istanbul&#8221; sar\u00e0 poi il fulcro della serata di luned\u00ec 22 marzo: la giudice del Tribunale di Roma, Paola Di Nicola Travaglini, si soffermer\u00e0 sul primo strumento internazionale che riconosce la violenza contro la donna e la violenza domestica come violazione dei diritti umani.<\/p>\n<p>Infine, uno sguardo al mondo dell&#8217;informazione con &#8220;Il Manifesto di Venezia e la Carta di Treviso&#8221;: in questo caso, appuntamento per venerd\u00ec 23 aprile con la segretaria del Sindacato Giornalisti del Veneto, Monica Andolfatto, e il giornalista Marco D&#8217;Inc\u00e0.<\/p>\n<p>Ogni incontro sar\u00e0 introdotto dalla consigliera comunale alle Pari opportunit\u00e0, Sabrina Dassi\u00e8: \u00abLo scorso novembre &#8211; afferma &#8211; in occasione dell&#8217;ultimo evento online organizzato dalla Commissione Diritti civili e Politiche di genere, ci eravamo salutati con l&#8217;intento di promuovere altri approfondimenti legati alla violenza sulle donne. E ora proponiamo questo ciclo di tre incontri con un duplice obiettivo: quello di analizzare alcuni aspetti sul tema, come le maggiori difficolt\u00e0 che incontrano le donne straniere, rispetto alle italiane, nell&#8217;affrontare un percorso di richiesta di aiuto. Ma anche quello di mettere in luce gli strumenti utili a prevenire e contrastare il fenomeno della violenza. Di qui, gli incontri dedicati alla trattazione della Convenzione di Istanbul, del Manifesto di Venezia e della Carta di Treviso\u00bb.<\/p>\n<p>Proprio con la Carta del 1990, firmata da Ordine dei giornalisti, Federazione nazionale della stampa italiana e Telefono azzurro, sar\u00e0 possibile allargare l&#8217;orizzonte e riflettere sui soprusi a bambini, bambine e adolescenti. \u00abAltri appuntamenti sono gi\u00e0 in programmazione nel corso dell&#8217;anno &#8211; conclude la consigliera Dassi\u00e8 &#8211; per quanto riguarda le donne e i minori. In pi\u00f9, stiamo pensando alla comunit\u00e0 LGBTQ e alla questione del lavoro femminile\u00bb.<\/p>\n<p>Per seguire &#8220;Voci di donna&#8221;, il link di riferimento \u00e8 www.youtube.com\/user\/comunePNA.<\/p>","protected":false},"excerpt":{"rendered":"<p>Riparte la rassegna dedicata al mondo femminile e alla parit\u00e0 di genere: &#8220;Voci di donna&#8221;. Tre gli incontri (inizieranno tutti alle ore 20), per quest&#8217;anno in modalit\u00e0 online sul canale YouTube del Comune di Ponte nelle Alpi, che promuove la rassegna insieme alla Commissione Diritti civili e Politiche di genere e alla Biblioteca civica. Si [&hellip;]<\/p>\n","protected":false},"author":2,"featured_media":120229,"comment_status":"closed","ping_status":"open","sticky":false,"template":"","format":"standard","meta":{"footnotes":""},"categories":[3,5,25,8],"tags":[],"class_list":["post-122163","post","type-post","status-publish","format-standard","has-post-thumbnail","category-arte-cultura-spettacoli-scienza-archivi","category-cronaca","category-pausa-caffe","category-societa-istituzioni"],"yoast_head":"<!-- This site is optimized with the Yoast SEO plugin v28.4 - https:\/\/yoast.com\/product\/yoast-seo-wordpress\/ -->\n<title>&quot;Voci di donna&quot;: tre incontri online per riflettere su violenza e parit\u00e0 di genere - Bellunopress - Dolomiti<\/title>\n<meta name=\"robots\" content=\"index, follow, max-snippet:-1, max-image-preview:large, max-video-preview:-1\" \/>\n<link rel=\"canonical\" href=\"https:\/\/www.bellunopress.it\/fr\/2021\/03\/03\/voci-di-donna-tre-incontri-online-per-riflettere-su-violenza-e-parita-di-genere\/\" \/>\n<meta property=\"og:locale\" content=\"fr_FR\" \/>\n<meta property=\"og:type\" content=\"article\" \/>\n<meta property=\"og:title\" content=\"&quot;Voci di donna&quot;: tre incontri online per riflettere su violenza e parit\u00e0 di genere - Bellunopress - Dolomiti\" \/>\n<meta property=\"og:description\" content=\"Riparte la rassegna dedicata al mondo femminile e alla parit\u00e0 di genere: &#8220;Voci di donna&#8221;. Tre gli incontri (inizieranno tutti alle ore 20), per quest&#8217;anno in modalit\u00e0 online sul canale YouTube del Comune di Ponte nelle Alpi, che promuove la rassegna insieme alla Commissione Diritti civili e Politiche di genere e alla Biblioteca civica. Si [&hellip;]\" \/>\n<meta property=\"og:url\" content=\"https:\/\/www.bellunopress.it\/fr\/2021\/03\/03\/voci-di-donna-tre-incontri-online-per-riflettere-su-violenza-e-parita-di-genere\/\" \/>\n<meta property=\"og:site_name\" content=\"Bellunopress - Dolomiti\" \/>\n<meta property=\"article:publisher\" content=\"https:\/\/www.facebook.com\/profile.php?id=100008943462799\" \/>\n<meta property=\"article:published_time\" content=\"2021-03-03T16:03:07+00:00\" \/>\n<meta property=\"og:image\" content=\"https:\/\/www.bellunopress.it\/wp-content\/uploads\/2020\/12\/Sabrina_Dassie_edited.jpg\" \/>\n\t<meta property=\"og:image:width\" content=\"600\" \/>\n\t<meta property=\"og:image:height\" content=\"800\" \/>\n\t<meta property=\"og:image:type\" content=\"image\/jpeg\" \/>\n<meta name=\"author\" content=\"redazione\" \/>\n<meta name=\"twitter:card\" content=\"summary_large_image\" \/>\n<meta name=\"twitter:creator\" content=\"@bellunopress\" \/>\n<meta name=\"twitter:site\" content=\"@bellunopress\" \/>\n<meta name=\"twitter:label1\" content=\"\u00c9crit par\" \/>\n\t<meta name=\"twitter:data1\" content=\"redazione\" \/>\n\t<meta name=\"twitter:label2\" content=\"Dur\u00e9e de lecture estim\u00e9e\" \/>\n\t<meta name=\"twitter:data2\" content=\"2 minutes\" \/>\n<script type=\"application\/ld+json\" class=\"yoast-schema-graph\">{\"@context\":\"https:\\\/\\\/schema.org\",\"@graph\":[{\"@type\":\"Article\",\"@id\":\"https:\\\/\\\/www.bellunopress.it\\\/2021\\\/03\\\/03\\\/voci-di-donna-tre-incontri-online-per-riflettere-su-violenza-e-parita-di-genere\\\/#article\",\"isPartOf\":{\"@id\":\"https:\\\/\\\/www.bellunopress.it\\\/2021\\\/03\\\/03\\\/voci-di-donna-tre-incontri-online-per-riflettere-su-violenza-e-parita-di-genere\\\/\"},\"author\":{\"name\":\"redazione\",\"@id\":\"https:\\\/\\\/www.bellunopress.it\\\/#\\\/schema\\\/person\\\/79bb06722b37ece1c03d3e94beb30d73\"},\"headline\":\"&#8220;Voci di donna&#8221;: tre incontri online per riflettere su violenza e parit\u00e0 di genere\",\"datePublished\":\"2021-03-03T16:03:07+00:00\",\"mainEntityOfPage\":{\"@id\":\"https:\\\/\\\/www.bellunopress.it\\\/2021\\\/03\\\/03\\\/voci-di-donna-tre-incontri-online-per-riflettere-su-violenza-e-parita-di-genere\\\/\"},\"wordCount\":415,\"publisher\":{\"@id\":\"https:\\\/\\\/www.bellunopress.it\\\/#organization\"},\"image\":{\"@id\":\"https:\\\/\\\/www.bellunopress.it\\\/2021\\\/03\\\/03\\\/voci-di-donna-tre-incontri-online-per-riflettere-su-violenza-e-parita-di-genere\\\/#primaryimage\"},\"thumbnailUrl\":\"https:\\\/\\\/www.bellunopress.it\\\/wp-content\\\/uploads\\\/2020\\\/12\\\/Sabrina_Dassie_edited.jpg\",\"articleSection\":[\"Arte, Cultura, Spettacoli, Scienza\",\"Cronaca\\\/Politica\",\"Pausa Caff\u00e8\",\"Societ\u00e0, Associazioni, Istituzioni\"],\"inLanguage\":\"fr-FR\"},{\"@type\":\"WebPage\",\"@id\":\"https:\\\/\\\/www.bellunopress.it\\\/2021\\\/03\\\/03\\\/voci-di-donna-tre-incontri-online-per-riflettere-su-violenza-e-parita-di-genere\\\/\",\"url\":\"https:\\\/\\\/www.bellunopress.it\\\/2021\\\/03\\\/03\\\/voci-di-donna-tre-incontri-online-per-riflettere-su-violenza-e-parita-di-genere\\\/\",\"name\":\"\\\"Voci di donna\\\": tre incontri online per riflettere su violenza e parit\u00e0 di genere - Bellunopress - Dolomiti\",\"isPartOf\":{\"@id\":\"https:\\\/\\\/www.bellunopress.it\\\/#website\"},\"primaryImageOfPage\":{\"@id\":\"https:\\\/\\\/www.bellunopress.it\\\/2021\\\/03\\\/03\\\/voci-di-donna-tre-incontri-online-per-riflettere-su-violenza-e-parita-di-genere\\\/#primaryimage\"},\"image\":{\"@id\":\"https:\\\/\\\/www.bellunopress.it\\\/2021\\\/03\\\/03\\\/voci-di-donna-tre-incontri-online-per-riflettere-su-violenza-e-parita-di-genere\\\/#primaryimage\"},\"thumbnailUrl\":\"https:\\\/\\\/www.bellunopress.it\\\/wp-content\\\/uploads\\\/2020\\\/12\\\/Sabrina_Dassie_edited.jpg\",\"datePublished\":\"2021-03-03T16:03:07+00:00\",\"breadcrumb\":{\"@id\":\"https:\\\/\\\/www.bellunopress.it\\\/2021\\\/03\\\/03\\\/voci-di-donna-tre-incontri-online-per-riflettere-su-violenza-e-parita-di-genere\\\/#breadcrumb\"},\"inLanguage\":\"fr-FR\",\"potentialAction\":[{\"@type\":\"ReadAction\",\"target\":[\"https:\\\/\\\/www.bellunopress.it\\\/2021\\\/03\\\/03\\\/voci-di-donna-tre-incontri-online-per-riflettere-su-violenza-e-parita-di-genere\\\/\"]}]},{\"@type\":\"ImageObject\",\"inLanguage\":\"fr-FR\",\"@id\":\"https:\\\/\\\/www.bellunopress.it\\\/2021\\\/03\\\/03\\\/voci-di-donna-tre-incontri-online-per-riflettere-su-violenza-e-parita-di-genere\\\/#primaryimage\",\"url\":\"https:\\\/\\\/www.bellunopress.it\\\/wp-content\\\/uploads\\\/2020\\\/12\\\/Sabrina_Dassie_edited.jpg\",\"contentUrl\":\"https:\\\/\\\/www.bellunopress.it\\\/wp-content\\\/uploads\\\/2020\\\/12\\\/Sabrina_Dassie_edited.jpg\",\"width\":600,\"height\":800,\"caption\":\"Sabrina Dassi\u00e8, consigliere comunale Ponte nelle Alpi\"},{\"@type\":\"BreadcrumbList\",\"@id\":\"https:\\\/\\\/www.bellunopress.it\\\/2021\\\/03\\\/03\\\/voci-di-donna-tre-incontri-online-per-riflettere-su-violenza-e-parita-di-genere\\\/#breadcrumb\",\"itemListElement\":[{\"@type\":\"ListItem\",\"position\":1,\"name\":\"Home\",\"item\":\"https:\\\/\\\/www.bellunopress.it\\\/\"},{\"@type\":\"ListItem\",\"position\":2,\"name\":\"&#8220;Voci di donna&#8221;: tre incontri online per riflettere su violenza e parit\u00e0 di genere\"}]},{\"@type\":\"WebSite\",\"@id\":\"https:\\\/\\\/www.bellunopress.it\\\/#website\",\"url\":\"https:\\\/\\\/www.bellunopress.it\\\/\",\"name\":\"Bellunopress - Dolomiti\",\"description\":\"e-mail: redazione@bellunopress.it\",\"publisher\":{\"@id\":\"https:\\\/\\\/www.bellunopress.it\\\/#organization\"},\"potentialAction\":[{\"@type\":\"SearchAction\",\"target\":{\"@type\":\"EntryPoint\",\"urlTemplate\":\"https:\\\/\\\/www.bellunopress.it\\\/?s={search_term_string}\"},\"query-input\":{\"@type\":\"PropertyValueSpecification\",\"valueRequired\":true,\"valueName\":\"search_term_string\"}}],\"inLanguage\":\"fr-FR\"},{\"@type\":\"Organization\",\"@id\":\"https:\\\/\\\/www.bellunopress.it\\\/#organization\",\"name\":\"Bellunopress\",\"url\":\"https:\\\/\\\/www.bellunopress.it\\\/\",\"logo\":{\"@type\":\"ImageObject\",\"inLanguage\":\"fr-FR\",\"@id\":\"https:\\\/\\\/www.bellunopress.it\\\/#\\\/schema\\\/logo\\\/image\\\/\",\"url\":\"https:\\\/\\\/www.bellunopress.it\\\/wp-content\\\/uploads\\\/2011\\\/05\\\/cropped-logo-bellunopress-.jpg\",\"contentUrl\":\"https:\\\/\\\/www.bellunopress.it\\\/wp-content\\\/uploads\\\/2011\\\/05\\\/cropped-logo-bellunopress-.jpg\",\"width\":512,\"height\":512,\"caption\":\"Bellunopress\"},\"image\":{\"@id\":\"https:\\\/\\\/www.bellunopress.it\\\/#\\\/schema\\\/logo\\\/image\\\/\"},\"sameAs\":[\"https:\\\/\\\/www.facebook.com\\\/profile.php?id=100008943462799\",\"https:\\\/\\\/x.com\\\/bellunopress\",\"https:\\\/\\\/www.linkedin.com\\\/hp\\\/?dnr=JBzUWaJfMUw8vbXJJ2tVW5-I3jZKvC4wsoxE&amp;amp;amp;amp;amp;amp;trk=nav_responsive_tab_home\",\"https:\\\/\\\/www.youtube.com\\\/channel\\\/UCxL0wu1uN0_3_7hGG0306cw\"]},{\"@type\":\"Person\",\"@id\":\"https:\\\/\\\/www.bellunopress.it\\\/#\\\/schema\\\/person\\\/79bb06722b37ece1c03d3e94beb30d73\",\"name\":\"redazione\",\"image\":{\"@type\":\"ImageObject\",\"inLanguage\":\"fr-FR\",\"@id\":\"https:\\\/\\\/secure.gravatar.com\\\/avatar\\\/37d968a2e67a6fd04c169c4bdef102d0bc5d31b2546345219e348575eb80e9a0?s=96&d=mm&r=g\",\"url\":\"https:\\\/\\\/secure.gravatar.com\\\/avatar\\\/37d968a2e67a6fd04c169c4bdef102d0bc5d31b2546345219e348575eb80e9a0?s=96&d=mm&r=g\",\"contentUrl\":\"https:\\\/\\\/secure.gravatar.com\\\/avatar\\\/37d968a2e67a6fd04c169c4bdef102d0bc5d31b2546345219e348575eb80e9a0?s=96&d=mm&r=g\",\"caption\":\"redazione\"},\"sameAs\":[\"http:\\\/\\\/www.bellunopress.it\",\"https:\\\/\\\/x.com\\\/bellunopress\"],\"url\":\"https:\\\/\\\/www.bellunopress.it\\\/fr\\\/author\\\/redazione\\\/\"}]}<\/script>\n<!-- \/ Yoast SEO plugin. -->","yoast_head_json":{"title":"\"Voci di donna\": tre incontri online per riflettere su violenza e parit\u00e0 di genere - Bellunopress - Dolomiti","robots":{"index":"index","follow":"follow","max-snippet":"max-snippet:-1","max-image-preview":"max-image-preview:large","max-video-preview":"max-video-preview:-1"},"canonical":"https:\/\/www.bellunopress.it\/fr\/2021\/03\/03\/voci-di-donna-tre-incontri-online-per-riflettere-su-violenza-e-parita-di-genere\/","og_locale":"fr_FR","og_type":"article","og_title":"\"Voci di donna\": tre incontri online per riflettere su violenza e parit\u00e0 di genere - Bellunopress - Dolomiti","og_description":"Riparte la rassegna dedicata al mondo femminile e alla parit\u00e0 di genere: &#8220;Voci di donna&#8221;. Tre gli incontri (inizieranno tutti alle ore 20), per quest&#8217;anno in modalit\u00e0 online sul canale YouTube del Comune di Ponte nelle Alpi, che promuove la rassegna insieme alla Commissione Diritti civili e Politiche di genere e alla Biblioteca civica. Si [&hellip;]","og_url":"https:\/\/www.bellunopress.it\/fr\/2021\/03\/03\/voci-di-donna-tre-incontri-online-per-riflettere-su-violenza-e-parita-di-genere\/","og_site_name":"Bellunopress - Dolomiti","article_publisher":"https:\/\/www.facebook.com\/profile.php?id=100008943462799","article_published_time":"2021-03-03T16:03:07+00:00","og_image":[{"width":600,"height":800,"url":"https:\/\/www.bellunopress.it\/wp-content\/uploads\/2020\/12\/Sabrina_Dassie_edited.jpg","type":"image\/jpeg"}],"author":"redazione","twitter_card":"summary_large_image","twitter_creator":"@bellunopress","twitter_site":"@bellunopress","twitter_misc":{"\u00c9crit par":"redazione","Dur\u00e9e de lecture estim\u00e9e":"2 minutes"},"schema":{"@context":"https:\/\/schema.org","@graph":[{"@type":"Article","@id":"https:\/\/www.bellunopress.it\/2021\/03\/03\/voci-di-donna-tre-incontri-online-per-riflettere-su-violenza-e-parita-di-genere\/#article","isPartOf":{"@id":"https:\/\/www.bellunopress.it\/2021\/03\/03\/voci-di-donna-tre-incontri-online-per-riflettere-su-violenza-e-parita-di-genere\/"},"author":{"name":"redazione","@id":"https:\/\/www.bellunopress.it\/#\/schema\/person\/79bb06722b37ece1c03d3e94beb30d73"},"headline":"&#8220;Voci di donna&#8221;: tre incontri online per riflettere su violenza e parit\u00e0 di genere","datePublished":"2021-03-03T16:03:07+00:00","mainEntityOfPage":{"@id":"https:\/\/www.bellunopress.it\/2021\/03\/03\/voci-di-donna-tre-incontri-online-per-riflettere-su-violenza-e-parita-di-genere\/"},"wordCount":415,"publisher":{"@id":"https:\/\/www.bellunopress.it\/#organization"},"image":{"@id":"https:\/\/www.bellunopress.it\/2021\/03\/03\/voci-di-donna-tre-incontri-online-per-riflettere-su-violenza-e-parita-di-genere\/#primaryimage"},"thumbnailUrl":"https:\/\/www.bellunopress.it\/wp-content\/uploads\/2020\/12\/Sabrina_Dassie_edited.jpg","articleSection":["Arte, Cultura, Spettacoli, Scienza","Cronaca\/Politica","Pausa Caff\u00e8","Societ\u00e0, Associazioni, Istituzioni"],"inLanguage":"fr-FR"},{"@type":"WebPage","@id":"https:\/\/www.bellunopress.it\/2021\/03\/03\/voci-di-donna-tre-incontri-online-per-riflettere-su-violenza-e-parita-di-genere\/","url":"https:\/\/www.bellunopress.it\/2021\/03\/03\/voci-di-donna-tre-incontri-online-per-riflettere-su-violenza-e-parita-di-genere\/","name":"\"Voci di donna\": tre incontri online per riflettere su violenza e parit\u00e0 di genere - Bellunopress - Dolomiti","isPartOf":{"@id":"https:\/\/www.bellunopress.it\/#website"},"primaryImageOfPage":{"@id":"https:\/\/www.bellunopress.it\/2021\/03\/03\/voci-di-donna-tre-incontri-online-per-riflettere-su-violenza-e-parita-di-genere\/#primaryimage"},"image":{"@id":"https:\/\/www.bellunopress.it\/2021\/03\/03\/voci-di-donna-tre-incontri-online-per-riflettere-su-violenza-e-parita-di-genere\/#primaryimage"},"thumbnailUrl":"https:\/\/www.bellunopress.it\/wp-content\/uploads\/2020\/12\/Sabrina_Dassie_edited.jpg","datePublished":"2021-03-03T16:03:07+00:00","breadcrumb":{"@id":"https:\/\/www.bellunopress.it\/2021\/03\/03\/voci-di-donna-tre-incontri-online-per-riflettere-su-violenza-e-parita-di-genere\/#breadcrumb"},"inLanguage":"fr-FR","potentialAction":[{"@type":"ReadAction","target":["https:\/\/www.bellunopress.it\/2021\/03\/03\/voci-di-donna-tre-incontri-online-per-riflettere-su-violenza-e-parita-di-genere\/"]}]},{"@type":"ImageObject","inLanguage":"fr-FR","@id":"https:\/\/www.bellunopress.it\/2021\/03\/03\/voci-di-donna-tre-incontri-online-per-riflettere-su-violenza-e-parita-di-genere\/#primaryimage","url":"https:\/\/www.bellunopress.it\/wp-content\/uploads\/2020\/12\/Sabrina_Dassie_edited.jpg","contentUrl":"https:\/\/www.bellunopress.it\/wp-content\/uploads\/2020\/12\/Sabrina_Dassie_edited.jpg","width":600,"height":800,"caption":"Sabrina Dassi\u00e8, consigliere comunale Ponte nelle Alpi"},{"@type":"BreadcrumbList","@id":"https:\/\/www.bellunopress.it\/2021\/03\/03\/voci-di-donna-tre-incontri-online-per-riflettere-su-violenza-e-parita-di-genere\/#breadcrumb","itemListElement":[{"@type":"ListItem","position":1,"name":"Home","item":"https:\/\/www.bellunopress.it\/"},{"@type":"ListItem","position":2,"name":"&#8220;Voci di donna&#8221;: tre incontri online per riflettere su violenza e parit\u00e0 di genere"}]},{"@type":"WebSite","@id":"https:\/\/www.bellunopress.it\/#website","url":"https:\/\/www.bellunopress.it\/","name":"Bellunopress - Dolomiti","description":"e-mail: redazione@bellunopress.it","publisher":{"@id":"https:\/\/www.bellunopress.it\/#organization"},"potentialAction":[{"@type":"SearchAction","target":{"@type":"EntryPoint","urlTemplate":"https:\/\/www.bellunopress.it\/?s={search_term_string}"},"query-input":{"@type":"PropertyValueSpecification","valueRequired":true,"valueName":"search_term_string"}}],"inLanguage":"fr-FR"},{"@type":"Organization","@id":"https:\/\/www.bellunopress.it\/#organization","name":"Bellunopress","url":"https:\/\/www.bellunopress.it\/","logo":{"@type":"ImageObject","inLanguage":"fr-FR","@id":"https:\/\/www.bellunopress.it\/#\/schema\/logo\/image\/","url":"https:\/\/www.bellunopress.it\/wp-content\/uploads\/2011\/05\/cropped-logo-bellunopress-.jpg","contentUrl":"https:\/\/www.bellunopress.it\/wp-content\/uploads\/2011\/05\/cropped-logo-bellunopress-.jpg","width":512,"height":512,"caption":"Bellunopress"},"image":{"@id":"https:\/\/www.bellunopress.it\/#\/schema\/logo\/image\/"},"sameAs":["https:\/\/www.facebook.com\/profile.php?id=100008943462799","https:\/\/x.com\/bellunopress","https:\/\/www.linkedin.com\/hp\/?dnr=JBzUWaJfMUw8vbXJJ2tVW5-I3jZKvC4wsoxE&amp;amp;amp;amp;amp;amp;trk=nav_responsive_tab_home","https:\/\/www.youtube.com\/channel\/UCxL0wu1uN0_3_7hGG0306cw"]},{"@type":"Person","@id":"https:\/\/www.bellunopress.it\/#\/schema\/person\/79bb06722b37ece1c03d3e94beb30d73","name":"r\u00e9daction","image":{"@type":"ImageObject","inLanguage":"fr-FR","@id":"https:\/\/secure.gravatar.com\/avatar\/37d968a2e67a6fd04c169c4bdef102d0bc5d31b2546345219e348575eb80e9a0?s=96&d=mm&r=g","url":"https:\/\/secure.gravatar.com\/avatar\/37d968a2e67a6fd04c169c4bdef102d0bc5d31b2546345219e348575eb80e9a0?s=96&d=mm&r=g","contentUrl":"https:\/\/secure.gravatar.com\/avatar\/37d968a2e67a6fd04c169c4bdef102d0bc5d31b2546345219e348575eb80e9a0?s=96&d=mm&r=g","caption":"redazione"},"sameAs":["http:\/\/www.bellunopress.it","https:\/\/x.com\/bellunopress"],"url":"https:\/\/www.bellunopress.it\/fr\/author\/redazione\/"}]}},"_links":{"self":[{"href":"https:\/\/www.bellunopress.it\/fr\/wp-json\/wp\/v2\/posts\/122163","targetHints":{"allow":["GET"]}}],"collection":[{"href":"https:\/\/www.bellunopress.it\/fr\/wp-json\/wp\/v2\/posts"}],"about":[{"href":"https:\/\/www.bellunopress.it\/fr\/wp-json\/wp\/v2\/types\/post"}],"author":[{"embeddable":true,"href":"https:\/\/www.bellunopress.it\/fr\/wp-json\/wp\/v2\/users\/2"}],"replies":[{"embeddable":true,"href":"https:\/\/www.bellunopress.it\/fr\/wp-json\/wp\/v2\/comments?post=122163"}],"version-history":[{"count":1,"href":"https:\/\/www.bellunopress.it\/fr\/wp-json\/wp\/v2\/posts\/122163\/revisions"}],"predecessor-version":[{"id":122164,"href":"https:\/\/www.bellunopress.it\/fr\/wp-json\/wp\/v2\/posts\/122163\/revisions\/122164"}],"wp:featuredmedia":[{"embeddable":true,"href":"https:\/\/www.bellunopress.it\/fr\/wp-json\/wp\/v2\/media\/120229"}],"wp:attachment":[{"href":"https:\/\/www.bellunopress.it\/fr\/wp-json\/wp\/v2\/media?parent=122163"}],"wp:term":[{"taxonomy":"category","embeddable":true,"href":"https:\/\/www.bellunopress.it\/fr\/wp-json\/wp\/v2\/categories?post=122163"},{"taxonomy":"post_tag","embeddable":true,"href":"https:\/\/www.bellunopress.it\/fr\/wp-json\/wp\/v2\/tags?post=122163"}],"curies":[{"name":"wp","href":"https:\/\/api.w.org\/{rel}","templated":true}]}}