{"id":122112,"date":"2021-03-01T13:42:49","date_gmt":"2021-03-01T12:42:49","guid":{"rendered":"http:\/\/www.bellunopress.it\/?p=122112"},"modified":"2021-03-01T13:42:49","modified_gmt":"2021-03-01T12:42:49","slug":"belluno-buoni-spesa-al-via-il-nuovo-bando-pellegrini-ce-tutto-il-mese-di-marzo-per-presentare-la-domanda","status":"publish","type":"post","link":"https:\/\/www.bellunopress.it\/fr\/2021\/03\/01\/belluno-buoni-spesa-al-via-il-nuovo-bando-pellegrini-ce-tutto-il-mese-di-marzo-per-presentare-la-domanda\/","title":{"rendered":"Belluno, Buoni spesa, al via il nuovo bando. Pellegrini: &#8220;C&#8217;\u00e8 tutto il mese di marzo per presentare la domanda&#8221;\u00a0"},"content":{"rendered":"<figure id=\"attachment_113806\" aria-describedby=\"caption-attachment-113806\" style=\"width: 620px\" class=\"wp-caption alignleft\"><a href=\"http:\/\/www.bellunopress.it\/fr\/2020\/04\/16\/resto-a-casa-e-ci-sentiamo-piu-di-1000-chiamate-in-3-settimane-pellegrini-dati-significativi-per-numero-e-contenuto\/lucia-pellegrini-2\/\" rel=\"attachment wp-att-113806\"><img loading=\"lazy\" decoding=\"async\" class=\"size-full wp-image-113806\" src=\"http:\/\/www.bellunopress.it\/wp-content\/uploads\/2020\/04\/Lucia-Pellegrini.jpg\" alt=\"\" width=\"620\" height=\"800\" srcset=\"https:\/\/www.bellunopress.it\/wp-content\/uploads\/2020\/04\/Lucia-Pellegrini.jpg 620w, https:\/\/www.bellunopress.it\/wp-content\/uploads\/2020\/04\/Lucia-Pellegrini-388x500.jpg 388w, https:\/\/www.bellunopress.it\/wp-content\/uploads\/2020\/04\/Lucia-Pellegrini-326x420.jpg 326w\" sizes=\"auto, (max-width: 620px) 100vw, 620px\" \/><\/a><figcaption id=\"caption-attachment-113806\" class=\"wp-caption-text\">Lucia Pellegrini, assessore alle Politiche sociali del Comune di Belluno<\/figcaption><\/figure>\n<p>Nuovo bando per i buoni spesa: da oggi e per tutto il mese di marzo sar\u00e0 possibile presentare la domanda per accedere al contributo. La richiesta potr\u00e0 essere presentata solamente online, ma per tutti coloro che avessero bisogno di assistenza i Servizi Sociali del Comune di Belluno sono disponibili al supporto, previo appuntamento telefonico al numero 0437\/913177.<br \/>\nL&#8217;avviso \u00e8 rivolto a tutte le persone e le famiglie residenti nel Comune di Belluno che si trovino in stato di bisogno; oltre alla residenza nel capoluogo, \u00e8 requisito imprescindibile non aver gi\u00e0 ricevuto contributi dal precedente bando per i buoni spesa, che aveva gi\u00e0 consentito di soddisfare sostanzialmente tutte le richieste di persone in stato di effettivo bisogno.<br \/>\nAnche in questo caso, come per le precedenti occasioni, verranno tenuti in considerazione il numero di componenti del nucleo familiare; le spese fisse mensili come mutui, affitti e altro; la percentuale di diminuzione del reddito nel trimestre agosto-ottobre 2020 rispetto allo stesso periodo 2019; lo scostamento dalla soglia di povert\u00e0; l&#8217;ammontare dei risparmi in conto corrente.<br \/>\nQuesti criteri concorreranno alla formazione del punteggio finale, che potr\u00e0 portare all&#8217;erogazione di un contributo che andr\u00e0 da 150 a 550 euro.<br \/>\nIl modulo con le specifiche dei requisiti e le modalit\u00e0 di presentazione della domanda \u00e8 gi\u00e0 disponibile sul sito Internet del Comune di Belluno all&#8217;indirizzo http:\/\/bit.ly\/BuoniSpesaMarzo21 .<\/p>\n<p>\u00abPer tanti cittadini, alla preoccupazione per la situazione sanitaria si aggiunge anche quella economica. &#8211; sottolinea l&#8217;assessore alle Politiche sociali Lucia Pellegrini \u2013 C&#8217;\u00e8 tutto il mese di marzo per presentare la domanda e non ci sar\u00e0 una priorit\u00e0 assegnata in base alla data di presentazione. Nella piattaforma usata per presentare la richiesta \u00e8 gi\u00e0 presente una \u201cpiazza virtuale\u201d contenente tutti i punti vendita che aderiscono all&#8217;iniziativa, e questo elenco viene costantemente aggiornato; \u00e8 un sistema che abbiamo gi\u00e0 testato e che, nel precedente bando, ci ha permesso di dare una mano a oltre 150 famiglie. Vista la drammatica situazione emergenziale che stiamo attraversando, siamo certi che il bando per i buoni spesa verr\u00e0 riproposto nuovamente anche nei prossimi mesi, per poter raggiungere tutte quelle persone messe in difficolt\u00e0 dalla crisi e dalla pandemia\u00bb.<\/p>","protected":false},"excerpt":{"rendered":"<p>Nuovo bando per i buoni spesa: da oggi e per tutto il mese di marzo sar\u00e0 possibile presentare la domanda per accedere al contributo. La richiesta potr\u00e0 essere presentata solamente online, ma per tutti coloro che avessero bisogno di assistenza i Servizi Sociali del Comune di Belluno sono disponibili al supporto, previo appuntamento telefonico al [&hellip;]<\/p>\n","protected":false},"author":2,"featured_media":113806,"comment_status":"closed","ping_status":"open","sticky":false,"template":"","format":"standard","meta":{"footnotes":""},"categories":[26,8],"tags":[],"class_list":["post-122112","post","type-post","status-publish","format-standard","has-post-thumbnail","category-prima-pagina","category-societa-istituzioni"],"yoast_head":"<!-- This site is optimized with the Yoast SEO plugin v28.4 - https:\/\/yoast.com\/product\/yoast-seo-wordpress\/ -->\n<title>Belluno, Buoni spesa, al via il nuovo bando. Pellegrini: &quot;C&#039;\u00e8 tutto il mese di marzo per presentare la domanda&quot;\u00a0 - Bellunopress - Dolomiti<\/title>\n<meta name=\"robots\" content=\"index, follow, max-snippet:-1, max-image-preview:large, max-video-preview:-1\" \/>\n<link rel=\"canonical\" href=\"https:\/\/www.bellunopress.it\/fr\/2021\/03\/01\/belluno-buoni-spesa-al-via-il-nuovo-bando-pellegrini-ce-tutto-il-mese-di-marzo-per-presentare-la-domanda\/\" \/>\n<meta property=\"og:locale\" content=\"fr_FR\" \/>\n<meta property=\"og:type\" content=\"article\" \/>\n<meta property=\"og:title\" content=\"Belluno, Buoni spesa, al via il nuovo bando. Pellegrini: &quot;C&#039;\u00e8 tutto il mese di marzo per presentare la domanda&quot;\u00a0 - Bellunopress - Dolomiti\" \/>\n<meta property=\"og:description\" content=\"Nuovo bando per i buoni spesa: da oggi e per tutto il mese di marzo sar\u00e0 possibile presentare la domanda per accedere al contributo. La richiesta potr\u00e0 essere presentata solamente online, ma per tutti coloro che avessero bisogno di assistenza i Servizi Sociali del Comune di Belluno sono disponibili al supporto, previo appuntamento telefonico al [&hellip;]\" \/>\n<meta property=\"og:url\" content=\"https:\/\/www.bellunopress.it\/fr\/2021\/03\/01\/belluno-buoni-spesa-al-via-il-nuovo-bando-pellegrini-ce-tutto-il-mese-di-marzo-per-presentare-la-domanda\/\" \/>\n<meta property=\"og:site_name\" content=\"Bellunopress - Dolomiti\" \/>\n<meta property=\"article:publisher\" content=\"https:\/\/www.facebook.com\/profile.php?id=100008943462799\" \/>\n<meta property=\"article:published_time\" content=\"2021-03-01T12:42:49+00:00\" \/>\n<meta property=\"og:image\" content=\"https:\/\/www.bellunopress.it\/wp-content\/uploads\/2020\/04\/Lucia-Pellegrini.jpg\" \/>\n\t<meta property=\"og:image:width\" content=\"620\" \/>\n\t<meta property=\"og:image:height\" content=\"800\" \/>\n\t<meta property=\"og:image:type\" content=\"image\/jpeg\" \/>\n<meta name=\"author\" content=\"redazione\" \/>\n<meta name=\"twitter:card\" content=\"summary_large_image\" \/>\n<meta name=\"twitter:creator\" content=\"@bellunopress\" \/>\n<meta name=\"twitter:site\" content=\"@bellunopress\" \/>\n<meta name=\"twitter:label1\" content=\"\u00c9crit par\" \/>\n\t<meta name=\"twitter:data1\" content=\"redazione\" \/>\n\t<meta name=\"twitter:label2\" content=\"Dur\u00e9e de lecture estim\u00e9e\" \/>\n\t<meta name=\"twitter:data2\" content=\"2 minutes\" \/>\n<script type=\"application\/ld+json\" class=\"yoast-schema-graph\">{\"@context\":\"https:\\\/\\\/schema.org\",\"@graph\":[{\"@type\":\"Article\",\"@id\":\"https:\\\/\\\/www.bellunopress.it\\\/2021\\\/03\\\/01\\\/belluno-buoni-spesa-al-via-il-nuovo-bando-pellegrini-ce-tutto-il-mese-di-marzo-per-presentare-la-domanda\\\/#article\",\"isPartOf\":{\"@id\":\"https:\\\/\\\/www.bellunopress.it\\\/2021\\\/03\\\/01\\\/belluno-buoni-spesa-al-via-il-nuovo-bando-pellegrini-ce-tutto-il-mese-di-marzo-per-presentare-la-domanda\\\/\"},\"author\":{\"name\":\"redazione\",\"@id\":\"https:\\\/\\\/www.bellunopress.it\\\/#\\\/schema\\\/person\\\/79bb06722b37ece1c03d3e94beb30d73\"},\"headline\":\"Belluno, Buoni spesa, al via il nuovo bando. Pellegrini: &#8220;C&#8217;\u00e8 tutto il mese di marzo per presentare la domanda&#8221;\u00a0\",\"datePublished\":\"2021-03-01T12:42:49+00:00\",\"mainEntityOfPage\":{\"@id\":\"https:\\\/\\\/www.bellunopress.it\\\/2021\\\/03\\\/01\\\/belluno-buoni-spesa-al-via-il-nuovo-bando-pellegrini-ce-tutto-il-mese-di-marzo-per-presentare-la-domanda\\\/\"},\"wordCount\":387,\"publisher\":{\"@id\":\"https:\\\/\\\/www.bellunopress.it\\\/#organization\"},\"image\":{\"@id\":\"https:\\\/\\\/www.bellunopress.it\\\/2021\\\/03\\\/01\\\/belluno-buoni-spesa-al-via-il-nuovo-bando-pellegrini-ce-tutto-il-mese-di-marzo-per-presentare-la-domanda\\\/#primaryimage\"},\"thumbnailUrl\":\"https:\\\/\\\/www.bellunopress.it\\\/wp-content\\\/uploads\\\/2020\\\/04\\\/Lucia-Pellegrini.jpg\",\"articleSection\":[\"Prima Pagina\",\"Societ\u00e0, Associazioni, Istituzioni\"],\"inLanguage\":\"fr-FR\"},{\"@type\":\"WebPage\",\"@id\":\"https:\\\/\\\/www.bellunopress.it\\\/2021\\\/03\\\/01\\\/belluno-buoni-spesa-al-via-il-nuovo-bando-pellegrini-ce-tutto-il-mese-di-marzo-per-presentare-la-domanda\\\/\",\"url\":\"https:\\\/\\\/www.bellunopress.it\\\/2021\\\/03\\\/01\\\/belluno-buoni-spesa-al-via-il-nuovo-bando-pellegrini-ce-tutto-il-mese-di-marzo-per-presentare-la-domanda\\\/\",\"name\":\"Belluno, Buoni spesa, al via il nuovo bando. Pellegrini: \\\"C'\u00e8 tutto il mese di marzo per presentare la domanda\\\"\u00a0 - Bellunopress - Dolomiti\",\"isPartOf\":{\"@id\":\"https:\\\/\\\/www.bellunopress.it\\\/#website\"},\"primaryImageOfPage\":{\"@id\":\"https:\\\/\\\/www.bellunopress.it\\\/2021\\\/03\\\/01\\\/belluno-buoni-spesa-al-via-il-nuovo-bando-pellegrini-ce-tutto-il-mese-di-marzo-per-presentare-la-domanda\\\/#primaryimage\"},\"image\":{\"@id\":\"https:\\\/\\\/www.bellunopress.it\\\/2021\\\/03\\\/01\\\/belluno-buoni-spesa-al-via-il-nuovo-bando-pellegrini-ce-tutto-il-mese-di-marzo-per-presentare-la-domanda\\\/#primaryimage\"},\"thumbnailUrl\":\"https:\\\/\\\/www.bellunopress.it\\\/wp-content\\\/uploads\\\/2020\\\/04\\\/Lucia-Pellegrini.jpg\",\"datePublished\":\"2021-03-01T12:42:49+00:00\",\"breadcrumb\":{\"@id\":\"https:\\\/\\\/www.bellunopress.it\\\/2021\\\/03\\\/01\\\/belluno-buoni-spesa-al-via-il-nuovo-bando-pellegrini-ce-tutto-il-mese-di-marzo-per-presentare-la-domanda\\\/#breadcrumb\"},\"inLanguage\":\"fr-FR\",\"potentialAction\":[{\"@type\":\"ReadAction\",\"target\":[\"https:\\\/\\\/www.bellunopress.it\\\/2021\\\/03\\\/01\\\/belluno-buoni-spesa-al-via-il-nuovo-bando-pellegrini-ce-tutto-il-mese-di-marzo-per-presentare-la-domanda\\\/\"]}]},{\"@type\":\"ImageObject\",\"inLanguage\":\"fr-FR\",\"@id\":\"https:\\\/\\\/www.bellunopress.it\\\/2021\\\/03\\\/01\\\/belluno-buoni-spesa-al-via-il-nuovo-bando-pellegrini-ce-tutto-il-mese-di-marzo-per-presentare-la-domanda\\\/#primaryimage\",\"url\":\"https:\\\/\\\/www.bellunopress.it\\\/wp-content\\\/uploads\\\/2020\\\/04\\\/Lucia-Pellegrini.jpg\",\"contentUrl\":\"https:\\\/\\\/www.bellunopress.it\\\/wp-content\\\/uploads\\\/2020\\\/04\\\/Lucia-Pellegrini.jpg\",\"width\":620,\"height\":800,\"caption\":\"Lucia Pellegrini, assessore alle Politiche sociali del Comune di Belluno\"},{\"@type\":\"BreadcrumbList\",\"@id\":\"https:\\\/\\\/www.bellunopress.it\\\/2021\\\/03\\\/01\\\/belluno-buoni-spesa-al-via-il-nuovo-bando-pellegrini-ce-tutto-il-mese-di-marzo-per-presentare-la-domanda\\\/#breadcrumb\",\"itemListElement\":[{\"@type\":\"ListItem\",\"position\":1,\"name\":\"Home\",\"item\":\"https:\\\/\\\/www.bellunopress.it\\\/\"},{\"@type\":\"ListItem\",\"position\":2,\"name\":\"Belluno, Buoni spesa, al via il nuovo bando. Pellegrini: &#8220;C&#8217;\u00e8 tutto il mese di marzo per presentare la domanda&#8221;\u00a0\"}]},{\"@type\":\"WebSite\",\"@id\":\"https:\\\/\\\/www.bellunopress.it\\\/#website\",\"url\":\"https:\\\/\\\/www.bellunopress.it\\\/\",\"name\":\"Bellunopress - Dolomiti\",\"description\":\"e-mail: redazione@bellunopress.it\",\"publisher\":{\"@id\":\"https:\\\/\\\/www.bellunopress.it\\\/#organization\"},\"potentialAction\":[{\"@type\":\"SearchAction\",\"target\":{\"@type\":\"EntryPoint\",\"urlTemplate\":\"https:\\\/\\\/www.bellunopress.it\\\/?s={search_term_string}\"},\"query-input\":{\"@type\":\"PropertyValueSpecification\",\"valueRequired\":true,\"valueName\":\"search_term_string\"}}],\"inLanguage\":\"fr-FR\"},{\"@type\":\"Organization\",\"@id\":\"https:\\\/\\\/www.bellunopress.it\\\/#organization\",\"name\":\"Bellunopress\",\"url\":\"https:\\\/\\\/www.bellunopress.it\\\/\",\"logo\":{\"@type\":\"ImageObject\",\"inLanguage\":\"fr-FR\",\"@id\":\"https:\\\/\\\/www.bellunopress.it\\\/#\\\/schema\\\/logo\\\/image\\\/\",\"url\":\"https:\\\/\\\/www.bellunopress.it\\\/wp-content\\\/uploads\\\/2011\\\/05\\\/cropped-logo-bellunopress-.jpg\",\"contentUrl\":\"https:\\\/\\\/www.bellunopress.it\\\/wp-content\\\/uploads\\\/2011\\\/05\\\/cropped-logo-bellunopress-.jpg\",\"width\":512,\"height\":512,\"caption\":\"Bellunopress\"},\"image\":{\"@id\":\"https:\\\/\\\/www.bellunopress.it\\\/#\\\/schema\\\/logo\\\/image\\\/\"},\"sameAs\":[\"https:\\\/\\\/www.facebook.com\\\/profile.php?id=100008943462799\",\"https:\\\/\\\/x.com\\\/bellunopress\",\"https:\\\/\\\/www.linkedin.com\\\/hp\\\/?dnr=JBzUWaJfMUw8vbXJJ2tVW5-I3jZKvC4wsoxE&amp;amp;amp;amp;amp;amp;trk=nav_responsive_tab_home\",\"https:\\\/\\\/www.youtube.com\\\/channel\\\/UCxL0wu1uN0_3_7hGG0306cw\"]},{\"@type\":\"Person\",\"@id\":\"https:\\\/\\\/www.bellunopress.it\\\/#\\\/schema\\\/person\\\/79bb06722b37ece1c03d3e94beb30d73\",\"name\":\"redazione\",\"image\":{\"@type\":\"ImageObject\",\"inLanguage\":\"fr-FR\",\"@id\":\"https:\\\/\\\/secure.gravatar.com\\\/avatar\\\/37d968a2e67a6fd04c169c4bdef102d0bc5d31b2546345219e348575eb80e9a0?s=96&d=mm&r=g\",\"url\":\"https:\\\/\\\/secure.gravatar.com\\\/avatar\\\/37d968a2e67a6fd04c169c4bdef102d0bc5d31b2546345219e348575eb80e9a0?s=96&d=mm&r=g\",\"contentUrl\":\"https:\\\/\\\/secure.gravatar.com\\\/avatar\\\/37d968a2e67a6fd04c169c4bdef102d0bc5d31b2546345219e348575eb80e9a0?s=96&d=mm&r=g\",\"caption\":\"redazione\"},\"sameAs\":[\"http:\\\/\\\/www.bellunopress.it\",\"https:\\\/\\\/x.com\\\/bellunopress\"],\"url\":\"https:\\\/\\\/www.bellunopress.it\\\/fr\\\/author\\\/redazione\\\/\"}]}<\/script>\n<!-- \/ Yoast SEO plugin. -->","yoast_head_json":{"title":"Belluno, Buoni spesa, al via il nuovo bando. Pellegrini: \"C'\u00e8 tutto il mese di marzo per presentare la domanda\"\u00a0 - Bellunopress - Dolomiti","robots":{"index":"index","follow":"follow","max-snippet":"max-snippet:-1","max-image-preview":"max-image-preview:large","max-video-preview":"max-video-preview:-1"},"canonical":"https:\/\/www.bellunopress.it\/fr\/2021\/03\/01\/belluno-buoni-spesa-al-via-il-nuovo-bando-pellegrini-ce-tutto-il-mese-di-marzo-per-presentare-la-domanda\/","og_locale":"fr_FR","og_type":"article","og_title":"Belluno, Buoni spesa, al via il nuovo bando. Pellegrini: \"C'\u00e8 tutto il mese di marzo per presentare la domanda\"\u00a0 - Bellunopress - Dolomiti","og_description":"Nuovo bando per i buoni spesa: da oggi e per tutto il mese di marzo sar\u00e0 possibile presentare la domanda per accedere al contributo. La richiesta potr\u00e0 essere presentata solamente online, ma per tutti coloro che avessero bisogno di assistenza i Servizi Sociali del Comune di Belluno sono disponibili al supporto, previo appuntamento telefonico al [&hellip;]","og_url":"https:\/\/www.bellunopress.it\/fr\/2021\/03\/01\/belluno-buoni-spesa-al-via-il-nuovo-bando-pellegrini-ce-tutto-il-mese-di-marzo-per-presentare-la-domanda\/","og_site_name":"Bellunopress - Dolomiti","article_publisher":"https:\/\/www.facebook.com\/profile.php?id=100008943462799","article_published_time":"2021-03-01T12:42:49+00:00","og_image":[{"width":620,"height":800,"url":"https:\/\/www.bellunopress.it\/wp-content\/uploads\/2020\/04\/Lucia-Pellegrini.jpg","type":"image\/jpeg"}],"author":"redazione","twitter_card":"summary_large_image","twitter_creator":"@bellunopress","twitter_site":"@bellunopress","twitter_misc":{"\u00c9crit par":"redazione","Dur\u00e9e de lecture estim\u00e9e":"2 minutes"},"schema":{"@context":"https:\/\/schema.org","@graph":[{"@type":"Article","@id":"https:\/\/www.bellunopress.it\/2021\/03\/01\/belluno-buoni-spesa-al-via-il-nuovo-bando-pellegrini-ce-tutto-il-mese-di-marzo-per-presentare-la-domanda\/#article","isPartOf":{"@id":"https:\/\/www.bellunopress.it\/2021\/03\/01\/belluno-buoni-spesa-al-via-il-nuovo-bando-pellegrini-ce-tutto-il-mese-di-marzo-per-presentare-la-domanda\/"},"author":{"name":"redazione","@id":"https:\/\/www.bellunopress.it\/#\/schema\/person\/79bb06722b37ece1c03d3e94beb30d73"},"headline":"Belluno, Buoni spesa, al via il nuovo bando. Pellegrini: &#8220;C&#8217;\u00e8 tutto il mese di marzo per presentare la domanda&#8221;\u00a0","datePublished":"2021-03-01T12:42:49+00:00","mainEntityOfPage":{"@id":"https:\/\/www.bellunopress.it\/2021\/03\/01\/belluno-buoni-spesa-al-via-il-nuovo-bando-pellegrini-ce-tutto-il-mese-di-marzo-per-presentare-la-domanda\/"},"wordCount":387,"publisher":{"@id":"https:\/\/www.bellunopress.it\/#organization"},"image":{"@id":"https:\/\/www.bellunopress.it\/2021\/03\/01\/belluno-buoni-spesa-al-via-il-nuovo-bando-pellegrini-ce-tutto-il-mese-di-marzo-per-presentare-la-domanda\/#primaryimage"},"thumbnailUrl":"https:\/\/www.bellunopress.it\/wp-content\/uploads\/2020\/04\/Lucia-Pellegrini.jpg","articleSection":["Prima Pagina","Societ\u00e0, Associazioni, Istituzioni"],"inLanguage":"fr-FR"},{"@type":"WebPage","@id":"https:\/\/www.bellunopress.it\/2021\/03\/01\/belluno-buoni-spesa-al-via-il-nuovo-bando-pellegrini-ce-tutto-il-mese-di-marzo-per-presentare-la-domanda\/","url":"https:\/\/www.bellunopress.it\/2021\/03\/01\/belluno-buoni-spesa-al-via-il-nuovo-bando-pellegrini-ce-tutto-il-mese-di-marzo-per-presentare-la-domanda\/","name":"Belluno, Buoni spesa, al via il nuovo bando. Pellegrini: \"C'\u00e8 tutto il mese di marzo per presentare la domanda\"\u00a0 - Bellunopress - Dolomiti","isPartOf":{"@id":"https:\/\/www.bellunopress.it\/#website"},"primaryImageOfPage":{"@id":"https:\/\/www.bellunopress.it\/2021\/03\/01\/belluno-buoni-spesa-al-via-il-nuovo-bando-pellegrini-ce-tutto-il-mese-di-marzo-per-presentare-la-domanda\/#primaryimage"},"image":{"@id":"https:\/\/www.bellunopress.it\/2021\/03\/01\/belluno-buoni-spesa-al-via-il-nuovo-bando-pellegrini-ce-tutto-il-mese-di-marzo-per-presentare-la-domanda\/#primaryimage"},"thumbnailUrl":"https:\/\/www.bellunopress.it\/wp-content\/uploads\/2020\/04\/Lucia-Pellegrini.jpg","datePublished":"2021-03-01T12:42:49+00:00","breadcrumb":{"@id":"https:\/\/www.bellunopress.it\/2021\/03\/01\/belluno-buoni-spesa-al-via-il-nuovo-bando-pellegrini-ce-tutto-il-mese-di-marzo-per-presentare-la-domanda\/#breadcrumb"},"inLanguage":"fr-FR","potentialAction":[{"@type":"ReadAction","target":["https:\/\/www.bellunopress.it\/2021\/03\/01\/belluno-buoni-spesa-al-via-il-nuovo-bando-pellegrini-ce-tutto-il-mese-di-marzo-per-presentare-la-domanda\/"]}]},{"@type":"ImageObject","inLanguage":"fr-FR","@id":"https:\/\/www.bellunopress.it\/2021\/03\/01\/belluno-buoni-spesa-al-via-il-nuovo-bando-pellegrini-ce-tutto-il-mese-di-marzo-per-presentare-la-domanda\/#primaryimage","url":"https:\/\/www.bellunopress.it\/wp-content\/uploads\/2020\/04\/Lucia-Pellegrini.jpg","contentUrl":"https:\/\/www.bellunopress.it\/wp-content\/uploads\/2020\/04\/Lucia-Pellegrini.jpg","width":620,"height":800,"caption":"Lucia Pellegrini, assessore alle Politiche sociali del Comune di Belluno"},{"@type":"BreadcrumbList","@id":"https:\/\/www.bellunopress.it\/2021\/03\/01\/belluno-buoni-spesa-al-via-il-nuovo-bando-pellegrini-ce-tutto-il-mese-di-marzo-per-presentare-la-domanda\/#breadcrumb","itemListElement":[{"@type":"ListItem","position":1,"name":"Home","item":"https:\/\/www.bellunopress.it\/"},{"@type":"ListItem","position":2,"name":"Belluno, Buoni spesa, al via il nuovo bando. Pellegrini: &#8220;C&#8217;\u00e8 tutto il mese di marzo per presentare la domanda&#8221;\u00a0"}]},{"@type":"WebSite","@id":"https:\/\/www.bellunopress.it\/#website","url":"https:\/\/www.bellunopress.it\/","name":"Bellunopress - Dolomiti","description":"e-mail: redazione@bellunopress.it","publisher":{"@id":"https:\/\/www.bellunopress.it\/#organization"},"potentialAction":[{"@type":"SearchAction","target":{"@type":"EntryPoint","urlTemplate":"https:\/\/www.bellunopress.it\/?s={search_term_string}"},"query-input":{"@type":"PropertyValueSpecification","valueRequired":true,"valueName":"search_term_string"}}],"inLanguage":"fr-FR"},{"@type":"Organization","@id":"https:\/\/www.bellunopress.it\/#organization","name":"Bellunopress","url":"https:\/\/www.bellunopress.it\/","logo":{"@type":"ImageObject","inLanguage":"fr-FR","@id":"https:\/\/www.bellunopress.it\/#\/schema\/logo\/image\/","url":"https:\/\/www.bellunopress.it\/wp-content\/uploads\/2011\/05\/cropped-logo-bellunopress-.jpg","contentUrl":"https:\/\/www.bellunopress.it\/wp-content\/uploads\/2011\/05\/cropped-logo-bellunopress-.jpg","width":512,"height":512,"caption":"Bellunopress"},"image":{"@id":"https:\/\/www.bellunopress.it\/#\/schema\/logo\/image\/"},"sameAs":["https:\/\/www.facebook.com\/profile.php?id=100008943462799","https:\/\/x.com\/bellunopress","https:\/\/www.linkedin.com\/hp\/?dnr=JBzUWaJfMUw8vbXJJ2tVW5-I3jZKvC4wsoxE&amp;amp;amp;amp;amp;amp;trk=nav_responsive_tab_home","https:\/\/www.youtube.com\/channel\/UCxL0wu1uN0_3_7hGG0306cw"]},{"@type":"Person","@id":"https:\/\/www.bellunopress.it\/#\/schema\/person\/79bb06722b37ece1c03d3e94beb30d73","name":"r\u00e9daction","image":{"@type":"ImageObject","inLanguage":"fr-FR","@id":"https:\/\/secure.gravatar.com\/avatar\/37d968a2e67a6fd04c169c4bdef102d0bc5d31b2546345219e348575eb80e9a0?s=96&d=mm&r=g","url":"https:\/\/secure.gravatar.com\/avatar\/37d968a2e67a6fd04c169c4bdef102d0bc5d31b2546345219e348575eb80e9a0?s=96&d=mm&r=g","contentUrl":"https:\/\/secure.gravatar.com\/avatar\/37d968a2e67a6fd04c169c4bdef102d0bc5d31b2546345219e348575eb80e9a0?s=96&d=mm&r=g","caption":"redazione"},"sameAs":["http:\/\/www.bellunopress.it","https:\/\/x.com\/bellunopress"],"url":"https:\/\/www.bellunopress.it\/fr\/author\/redazione\/"}]}},"_links":{"self":[{"href":"https:\/\/www.bellunopress.it\/fr\/wp-json\/wp\/v2\/posts\/122112","targetHints":{"allow":["GET"]}}],"collection":[{"href":"https:\/\/www.bellunopress.it\/fr\/wp-json\/wp\/v2\/posts"}],"about":[{"href":"https:\/\/www.bellunopress.it\/fr\/wp-json\/wp\/v2\/types\/post"}],"author":[{"embeddable":true,"href":"https:\/\/www.bellunopress.it\/fr\/wp-json\/wp\/v2\/users\/2"}],"replies":[{"embeddable":true,"href":"https:\/\/www.bellunopress.it\/fr\/wp-json\/wp\/v2\/comments?post=122112"}],"version-history":[{"count":1,"href":"https:\/\/www.bellunopress.it\/fr\/wp-json\/wp\/v2\/posts\/122112\/revisions"}],"predecessor-version":[{"id":122113,"href":"https:\/\/www.bellunopress.it\/fr\/wp-json\/wp\/v2\/posts\/122112\/revisions\/122113"}],"wp:featuredmedia":[{"embeddable":true,"href":"https:\/\/www.bellunopress.it\/fr\/wp-json\/wp\/v2\/media\/113806"}],"wp:attachment":[{"href":"https:\/\/www.bellunopress.it\/fr\/wp-json\/wp\/v2\/media?parent=122112"}],"wp:term":[{"taxonomy":"category","embeddable":true,"href":"https:\/\/www.bellunopress.it\/fr\/wp-json\/wp\/v2\/categories?post=122112"},{"taxonomy":"post_tag","embeddable":true,"href":"https:\/\/www.bellunopress.it\/fr\/wp-json\/wp\/v2\/tags?post=122112"}],"curies":[{"name":"wp","href":"https:\/\/api.w.org\/{rel}","templated":true}]}}