{"id":122110,"date":"2021-03-01T13:26:20","date_gmt":"2021-03-01T12:26:20","guid":{"rendered":"http:\/\/www.bellunopress.it\/?p=122110"},"modified":"2021-03-01T13:26:20","modified_gmt":"2021-03-01T12:26:20","slug":"successo-a-misurina-per-lopen-day-lasma-infantile-non-e-piu-un-tabu","status":"publish","type":"post","link":"https:\/\/www.bellunopress.it\/fr\/2021\/03\/01\/successo-a-misurina-per-lopen-day-lasma-infantile-non-e-piu-un-tabu\/","title":{"rendered":"Successo a Misurina per l&#8217;open day &#8220;L&#8217;asma infantile non \u00e8 pi\u00f9 un tab\u00f9&#8221;"},"content":{"rendered":"<figure id=\"attachment_118661\" aria-describedby=\"caption-attachment-118661\" style=\"width: 706px\" class=\"wp-caption alignleft\"><a href=\"http:\/\/www.bellunopress.it\/fr\/2020\/10\/19\/listituto-pio-xii-di-cortina-prosegue-il-proprio-servizio-ai-bambini-asmatici-le-suore-lasciano-la-struttura\/stituto-pio-xii-misurina\/\" rel=\"attachment wp-att-118661\"><img loading=\"lazy\" decoding=\"async\" class=\"size-full wp-image-118661\" src=\"http:\/\/www.bellunopress.it\/wp-content\/uploads\/2020\/10\/stituto-Pio-XII-Misurina.jpg\" alt=\"\" width=\"706\" height=\"443\" srcset=\"https:\/\/www.bellunopress.it\/wp-content\/uploads\/2020\/10\/stituto-Pio-XII-Misurina.jpg 706w, https:\/\/www.bellunopress.it\/wp-content\/uploads\/2020\/10\/stituto-Pio-XII-Misurina-500x314.jpg 500w, https:\/\/www.bellunopress.it\/wp-content\/uploads\/2020\/10\/stituto-Pio-XII-Misurina-696x437.jpg 696w, https:\/\/www.bellunopress.it\/wp-content\/uploads\/2020\/10\/stituto-Pio-XII-Misurina-669x420.jpg 669w\" sizes=\"auto, (max-width: 706px) 100vw, 706px\" \/><\/a><figcaption id=\"caption-attachment-118661\" class=\"wp-caption-text\">Istituto Pio XII di Misurina<\/figcaption><\/figure>\n<p>Notevole successo per \u201cL\u2019asma infantile non \u00e8 un tab\u00f9\u201d, primo Open Day in web tenutosi il<br \/>\n26.02.2021 dell\u2019Istituto Pio XII di Misurina \u2013 gestito dall\u2019Opera Diocesana di Parma &#8211; unico in Italia per la cura e riabilitazione in montagna.<br \/>\nMolti e qualificati gli interventi, dal sindaco di Auronzo di Cadore, (Tatiana Pais Becher), che ha supportato e supporta costantemente la struttura, a Massimiliano Ossini che, con il suo<br \/>\nprogramma Linea Bianca, ha fatto conoscere al grande pubblico televisivo le opportunit\u00e0 offerte dall\u2019Istituto ai bambini asmatici di tutta Italia e le bellezze naturali del posto; ai medici (Federica Gardini, Giorgio Piacentini e Annalisa Cogo) che hanno illustrato le caratteristiche dell\u2019assistenza ai bambini, del luogo e dei benefici derivanti da un soggiorno all\u2019Istituto di Misurina, fino alla testimonianza delle ex bambine curate a Misurina, Sara Lazzari \u2013 oggi alpinista per passione &#8211; e Alessandra Peres, delegata di Federasma e Allergie presso Misurina, che ha fatto anche da moderatrice dell\u2019incontro.<br \/>\nMolto esaustive le descrizioni dei medici, che hanno risposto anche alle numerose domande degli spettatori.<br \/>\nHa esordito la professoressa Gardini, componente del consiglio di amministrazione Opera<br \/>\nDiocesana, direttore scientifico al Pio XII e componente del coordinamento di un Comitato<br \/>\nscientifico per lo sviluppo di attivit\u00e0 di ricerca sull\u2019asma pediatrica.<br \/>\nLa professoressa Gardini ha spiegato la storia dell\u2019Istituto e la sua trasformazione da albergo di lusso a casa di cura per bambini asmatici e la mission, con particolare riguardo alla centralit\u00e0 dei bambini\/ragazzi ed alla personalizzazione del modello di cura riabilitativa.<br \/>\nIl professor Piacentini, ordinario di Pediatria all\u2019Universit\u00e0 di Verona e coordinatore scientifico del progetto con Universit\u00e0 di Verona, ha spiegato l\u2019evoluzione dell\u2019asma e le manifestazioni di tipo asmatico in et\u00e0 pediatrica, illustrando la loro evoluzione nei diversi fenotipi (insieme delle caratteristiche morfologiche e funzionali di un organismo, risultante del suo genotipo e delle influenze ambientali) e alle ricadute della malattia e della terapia sul futuro dei bambini.<br \/>\nLa professoressa Cogo, Direttore Sanitario Po XII, pneumologa e esperta di polmone ed esercizio fisico in condizioni fisiologiche particolari (montagna ed alta quota) e in condizioni patologiche (asma e bronco pneumologia cronica ostruttiva), ha spiegato come viene curato l\u2019asma a Misurina e cosa differenzia l\u2019Istituto da altre strutture sanitarie. Il primo, specifico e fondamentale fattore, \u00e8 la particolarit\u00e0 del clima di montagna e i suoi effetti sul polmone, poi l\u2019importanza dell\u2019attivit\u00e0 fisica regolare e in altitudine, che a Misurina si svolge costantemente e sotto la supervisione dei medici. Infine la professoressa Cogo ha illustrato la peculiarit\u00e0 del \u201cprogrammaMisurina\u201d che non \u00e8 solo un soggiorno climatico ma una presa in carico globale del paziente, con gli aspetti terapeutici, educativi e gestionali, e la formazione dei piccoli pazienti alla conduzione autonoma della propria vita e della patologia.<br \/>\nSara Lazzari e Alessandra Peres, infine, sono gli esempi viventi dell\u2019efficacia del programmaMisurina, giovani donne che, grazie a quei soggiorni, conducono da tanti anni una vita normale e si sono realizzate sia nella vita che nello sport.<br \/>\nIl focus su Misurina si \u00e8 concluso con una serie di domande dei genitori sulle modalit\u00e0 di accesso, le cure e i soggiorni. L\u2019Istituto \u00e8 convenzionato con il SSN (ogni Regione deve autorizzare i soggiorni su richiesta dei medici curanti) ed offre anche prestazioni private. E\u2019 possibile effettuare Day Service (ex day hospital) e sono consigliati soggiorni medio-lunghi per l\u2019efficacia del programma. I bambini pi\u00f9 piccoli vengono ospitati con un genitore mentre quelli pi\u00f9 grandi, dai 6 anni in poi, possono stare da soli, seguiti h24 da medici ed educatori.<\/p>","protected":false},"excerpt":{"rendered":"<p>Notevole successo per \u201cL\u2019asma infantile non \u00e8 un tab\u00f9\u201d, primo Open Day in web tenutosi il 26.02.2021 dell\u2019Istituto Pio XII di Misurina \u2013 gestito dall\u2019Opera Diocesana di Parma &#8211; unico in Italia per la cura e riabilitazione in montagna. Molti e qualificati gli interventi, dal sindaco di Auronzo di Cadore, (Tatiana Pais Becher), che ha [&hellip;]<\/p>\n","protected":false},"author":2,"featured_media":118661,"comment_status":"closed","ping_status":"open","sticky":false,"template":"","format":"standard","meta":{"footnotes":""},"categories":[26,17],"tags":[],"class_list":["post-122110","post","type-post","status-publish","format-standard","has-post-thumbnail","category-prima-pagina","category-sanita"],"yoast_head":"<!-- This site is optimized with the Yoast SEO plugin v28.4 - https:\/\/yoast.com\/product\/yoast-seo-wordpress\/ -->\n<title>Successo a Misurina per l&#039;open day &quot;L&#039;asma infantile non \u00e8 pi\u00f9 un tab\u00f9&quot; - Bellunopress - Dolomiti<\/title>\n<meta name=\"robots\" content=\"index, follow, max-snippet:-1, max-image-preview:large, max-video-preview:-1\" \/>\n<link rel=\"canonical\" href=\"https:\/\/www.bellunopress.it\/fr\/2021\/03\/01\/successo-a-misurina-per-lopen-day-lasma-infantile-non-e-piu-un-tabu\/\" \/>\n<meta property=\"og:locale\" content=\"fr_FR\" \/>\n<meta property=\"og:type\" content=\"article\" \/>\n<meta property=\"og:title\" content=\"Successo a Misurina per l&#039;open day &quot;L&#039;asma infantile non \u00e8 pi\u00f9 un tab\u00f9&quot; - Bellunopress - Dolomiti\" \/>\n<meta property=\"og:description\" content=\"Notevole successo per \u201cL\u2019asma infantile non \u00e8 un tab\u00f9\u201d, primo Open Day in web tenutosi il 26.02.2021 dell\u2019Istituto Pio XII di Misurina \u2013 gestito dall\u2019Opera Diocesana di Parma &#8211; unico in Italia per la cura e riabilitazione in montagna. Molti e qualificati gli interventi, dal sindaco di Auronzo di Cadore, (Tatiana Pais Becher), che ha [&hellip;]\" \/>\n<meta property=\"og:url\" content=\"https:\/\/www.bellunopress.it\/fr\/2021\/03\/01\/successo-a-misurina-per-lopen-day-lasma-infantile-non-e-piu-un-tabu\/\" \/>\n<meta property=\"og:site_name\" content=\"Bellunopress - Dolomiti\" \/>\n<meta property=\"article:publisher\" content=\"https:\/\/www.facebook.com\/profile.php?id=100008943462799\" \/>\n<meta property=\"article:published_time\" content=\"2021-03-01T12:26:20+00:00\" \/>\n<meta property=\"og:image\" content=\"https:\/\/www.bellunopress.it\/wp-content\/uploads\/2020\/10\/stituto-Pio-XII-Misurina.jpg\" \/>\n\t<meta property=\"og:image:width\" content=\"706\" \/>\n\t<meta property=\"og:image:height\" content=\"443\" \/>\n\t<meta property=\"og:image:type\" content=\"image\/jpeg\" \/>\n<meta name=\"author\" content=\"redazione\" \/>\n<meta name=\"twitter:card\" content=\"summary_large_image\" \/>\n<meta name=\"twitter:creator\" content=\"@bellunopress\" \/>\n<meta name=\"twitter:site\" content=\"@bellunopress\" \/>\n<meta name=\"twitter:label1\" content=\"\u00c9crit par\" \/>\n\t<meta name=\"twitter:data1\" content=\"redazione\" \/>\n\t<meta name=\"twitter:label2\" content=\"Dur\u00e9e de lecture estim\u00e9e\" \/>\n\t<meta name=\"twitter:data2\" content=\"3 minutes\" \/>\n<script type=\"application\/ld+json\" class=\"yoast-schema-graph\">{\"@context\":\"https:\\\/\\\/schema.org\",\"@graph\":[{\"@type\":\"Article\",\"@id\":\"https:\\\/\\\/www.bellunopress.it\\\/2021\\\/03\\\/01\\\/successo-a-misurina-per-lopen-day-lasma-infantile-non-e-piu-un-tabu\\\/#article\",\"isPartOf\":{\"@id\":\"https:\\\/\\\/www.bellunopress.it\\\/2021\\\/03\\\/01\\\/successo-a-misurina-per-lopen-day-lasma-infantile-non-e-piu-un-tabu\\\/\"},\"author\":{\"name\":\"redazione\",\"@id\":\"https:\\\/\\\/www.bellunopress.it\\\/#\\\/schema\\\/person\\\/79bb06722b37ece1c03d3e94beb30d73\"},\"headline\":\"Successo a Misurina per l&#8217;open day &#8220;L&#8217;asma infantile non \u00e8 pi\u00f9 un tab\u00f9&#8221;\",\"datePublished\":\"2021-03-01T12:26:20+00:00\",\"mainEntityOfPage\":{\"@id\":\"https:\\\/\\\/www.bellunopress.it\\\/2021\\\/03\\\/01\\\/successo-a-misurina-per-lopen-day-lasma-infantile-non-e-piu-un-tabu\\\/\"},\"wordCount\":613,\"publisher\":{\"@id\":\"https:\\\/\\\/www.bellunopress.it\\\/#organization\"},\"image\":{\"@id\":\"https:\\\/\\\/www.bellunopress.it\\\/2021\\\/03\\\/01\\\/successo-a-misurina-per-lopen-day-lasma-infantile-non-e-piu-un-tabu\\\/#primaryimage\"},\"thumbnailUrl\":\"https:\\\/\\\/www.bellunopress.it\\\/wp-content\\\/uploads\\\/2020\\\/10\\\/stituto-Pio-XII-Misurina.jpg\",\"articleSection\":[\"Prima Pagina\",\"Sanit\u00e0 Medicina\"],\"inLanguage\":\"fr-FR\"},{\"@type\":\"WebPage\",\"@id\":\"https:\\\/\\\/www.bellunopress.it\\\/2021\\\/03\\\/01\\\/successo-a-misurina-per-lopen-day-lasma-infantile-non-e-piu-un-tabu\\\/\",\"url\":\"https:\\\/\\\/www.bellunopress.it\\\/2021\\\/03\\\/01\\\/successo-a-misurina-per-lopen-day-lasma-infantile-non-e-piu-un-tabu\\\/\",\"name\":\"Successo a Misurina per l'open day \\\"L'asma infantile non \u00e8 pi\u00f9 un tab\u00f9\\\" - Bellunopress - Dolomiti\",\"isPartOf\":{\"@id\":\"https:\\\/\\\/www.bellunopress.it\\\/#website\"},\"primaryImageOfPage\":{\"@id\":\"https:\\\/\\\/www.bellunopress.it\\\/2021\\\/03\\\/01\\\/successo-a-misurina-per-lopen-day-lasma-infantile-non-e-piu-un-tabu\\\/#primaryimage\"},\"image\":{\"@id\":\"https:\\\/\\\/www.bellunopress.it\\\/2021\\\/03\\\/01\\\/successo-a-misurina-per-lopen-day-lasma-infantile-non-e-piu-un-tabu\\\/#primaryimage\"},\"thumbnailUrl\":\"https:\\\/\\\/www.bellunopress.it\\\/wp-content\\\/uploads\\\/2020\\\/10\\\/stituto-Pio-XII-Misurina.jpg\",\"datePublished\":\"2021-03-01T12:26:20+00:00\",\"breadcrumb\":{\"@id\":\"https:\\\/\\\/www.bellunopress.it\\\/2021\\\/03\\\/01\\\/successo-a-misurina-per-lopen-day-lasma-infantile-non-e-piu-un-tabu\\\/#breadcrumb\"},\"inLanguage\":\"fr-FR\",\"potentialAction\":[{\"@type\":\"ReadAction\",\"target\":[\"https:\\\/\\\/www.bellunopress.it\\\/2021\\\/03\\\/01\\\/successo-a-misurina-per-lopen-day-lasma-infantile-non-e-piu-un-tabu\\\/\"]}]},{\"@type\":\"ImageObject\",\"inLanguage\":\"fr-FR\",\"@id\":\"https:\\\/\\\/www.bellunopress.it\\\/2021\\\/03\\\/01\\\/successo-a-misurina-per-lopen-day-lasma-infantile-non-e-piu-un-tabu\\\/#primaryimage\",\"url\":\"https:\\\/\\\/www.bellunopress.it\\\/wp-content\\\/uploads\\\/2020\\\/10\\\/stituto-Pio-XII-Misurina.jpg\",\"contentUrl\":\"https:\\\/\\\/www.bellunopress.it\\\/wp-content\\\/uploads\\\/2020\\\/10\\\/stituto-Pio-XII-Misurina.jpg\",\"width\":706,\"height\":443,\"caption\":\"Istituto Pio XII di Misurina\"},{\"@type\":\"BreadcrumbList\",\"@id\":\"https:\\\/\\\/www.bellunopress.it\\\/2021\\\/03\\\/01\\\/successo-a-misurina-per-lopen-day-lasma-infantile-non-e-piu-un-tabu\\\/#breadcrumb\",\"itemListElement\":[{\"@type\":\"ListItem\",\"position\":1,\"name\":\"Home\",\"item\":\"https:\\\/\\\/www.bellunopress.it\\\/\"},{\"@type\":\"ListItem\",\"position\":2,\"name\":\"Successo a Misurina per l&#8217;open day &#8220;L&#8217;asma infantile non \u00e8 pi\u00f9 un tab\u00f9&#8221;\"}]},{\"@type\":\"WebSite\",\"@id\":\"https:\\\/\\\/www.bellunopress.it\\\/#website\",\"url\":\"https:\\\/\\\/www.bellunopress.it\\\/\",\"name\":\"Bellunopress - Dolomiti\",\"description\":\"e-mail: redazione@bellunopress.it\",\"publisher\":{\"@id\":\"https:\\\/\\\/www.bellunopress.it\\\/#organization\"},\"potentialAction\":[{\"@type\":\"SearchAction\",\"target\":{\"@type\":\"EntryPoint\",\"urlTemplate\":\"https:\\\/\\\/www.bellunopress.it\\\/?s={search_term_string}\"},\"query-input\":{\"@type\":\"PropertyValueSpecification\",\"valueRequired\":true,\"valueName\":\"search_term_string\"}}],\"inLanguage\":\"fr-FR\"},{\"@type\":\"Organization\",\"@id\":\"https:\\\/\\\/www.bellunopress.it\\\/#organization\",\"name\":\"Bellunopress\",\"url\":\"https:\\\/\\\/www.bellunopress.it\\\/\",\"logo\":{\"@type\":\"ImageObject\",\"inLanguage\":\"fr-FR\",\"@id\":\"https:\\\/\\\/www.bellunopress.it\\\/#\\\/schema\\\/logo\\\/image\\\/\",\"url\":\"https:\\\/\\\/www.bellunopress.it\\\/wp-content\\\/uploads\\\/2011\\\/05\\\/cropped-logo-bellunopress-.jpg\",\"contentUrl\":\"https:\\\/\\\/www.bellunopress.it\\\/wp-content\\\/uploads\\\/2011\\\/05\\\/cropped-logo-bellunopress-.jpg\",\"width\":512,\"height\":512,\"caption\":\"Bellunopress\"},\"image\":{\"@id\":\"https:\\\/\\\/www.bellunopress.it\\\/#\\\/schema\\\/logo\\\/image\\\/\"},\"sameAs\":[\"https:\\\/\\\/www.facebook.com\\\/profile.php?id=100008943462799\",\"https:\\\/\\\/x.com\\\/bellunopress\",\"https:\\\/\\\/www.linkedin.com\\\/hp\\\/?dnr=JBzUWaJfMUw8vbXJJ2tVW5-I3jZKvC4wsoxE&amp;amp;amp;amp;amp;amp;trk=nav_responsive_tab_home\",\"https:\\\/\\\/www.youtube.com\\\/channel\\\/UCxL0wu1uN0_3_7hGG0306cw\"]},{\"@type\":\"Person\",\"@id\":\"https:\\\/\\\/www.bellunopress.it\\\/#\\\/schema\\\/person\\\/79bb06722b37ece1c03d3e94beb30d73\",\"name\":\"redazione\",\"image\":{\"@type\":\"ImageObject\",\"inLanguage\":\"fr-FR\",\"@id\":\"https:\\\/\\\/secure.gravatar.com\\\/avatar\\\/37d968a2e67a6fd04c169c4bdef102d0bc5d31b2546345219e348575eb80e9a0?s=96&d=mm&r=g\",\"url\":\"https:\\\/\\\/secure.gravatar.com\\\/avatar\\\/37d968a2e67a6fd04c169c4bdef102d0bc5d31b2546345219e348575eb80e9a0?s=96&d=mm&r=g\",\"contentUrl\":\"https:\\\/\\\/secure.gravatar.com\\\/avatar\\\/37d968a2e67a6fd04c169c4bdef102d0bc5d31b2546345219e348575eb80e9a0?s=96&d=mm&r=g\",\"caption\":\"redazione\"},\"sameAs\":[\"http:\\\/\\\/www.bellunopress.it\",\"https:\\\/\\\/x.com\\\/bellunopress\"],\"url\":\"https:\\\/\\\/www.bellunopress.it\\\/fr\\\/author\\\/redazione\\\/\"}]}<\/script>\n<!-- \/ Yoast SEO plugin. -->","yoast_head_json":{"title":"Successo a Misurina per l'open day \"L'asma infantile non \u00e8 pi\u00f9 un tab\u00f9\" - Bellunopress - Dolomiti","robots":{"index":"index","follow":"follow","max-snippet":"max-snippet:-1","max-image-preview":"max-image-preview:large","max-video-preview":"max-video-preview:-1"},"canonical":"https:\/\/www.bellunopress.it\/fr\/2021\/03\/01\/successo-a-misurina-per-lopen-day-lasma-infantile-non-e-piu-un-tabu\/","og_locale":"fr_FR","og_type":"article","og_title":"Successo a Misurina per l'open day \"L'asma infantile non \u00e8 pi\u00f9 un tab\u00f9\" - Bellunopress - Dolomiti","og_description":"Notevole successo per \u201cL\u2019asma infantile non \u00e8 un tab\u00f9\u201d, primo Open Day in web tenutosi il 26.02.2021 dell\u2019Istituto Pio XII di Misurina \u2013 gestito dall\u2019Opera Diocesana di Parma &#8211; unico in Italia per la cura e riabilitazione in montagna. Molti e qualificati gli interventi, dal sindaco di Auronzo di Cadore, (Tatiana Pais Becher), che ha [&hellip;]","og_url":"https:\/\/www.bellunopress.it\/fr\/2021\/03\/01\/successo-a-misurina-per-lopen-day-lasma-infantile-non-e-piu-un-tabu\/","og_site_name":"Bellunopress - Dolomiti","article_publisher":"https:\/\/www.facebook.com\/profile.php?id=100008943462799","article_published_time":"2021-03-01T12:26:20+00:00","og_image":[{"width":706,"height":443,"url":"https:\/\/www.bellunopress.it\/wp-content\/uploads\/2020\/10\/stituto-Pio-XII-Misurina.jpg","type":"image\/jpeg"}],"author":"redazione","twitter_card":"summary_large_image","twitter_creator":"@bellunopress","twitter_site":"@bellunopress","twitter_misc":{"\u00c9crit par":"redazione","Dur\u00e9e de lecture estim\u00e9e":"3 minutes"},"schema":{"@context":"https:\/\/schema.org","@graph":[{"@type":"Article","@id":"https:\/\/www.bellunopress.it\/2021\/03\/01\/successo-a-misurina-per-lopen-day-lasma-infantile-non-e-piu-un-tabu\/#article","isPartOf":{"@id":"https:\/\/www.bellunopress.it\/2021\/03\/01\/successo-a-misurina-per-lopen-day-lasma-infantile-non-e-piu-un-tabu\/"},"author":{"name":"redazione","@id":"https:\/\/www.bellunopress.it\/#\/schema\/person\/79bb06722b37ece1c03d3e94beb30d73"},"headline":"Successo a Misurina per l&#8217;open day &#8220;L&#8217;asma infantile non \u00e8 pi\u00f9 un tab\u00f9&#8221;","datePublished":"2021-03-01T12:26:20+00:00","mainEntityOfPage":{"@id":"https:\/\/www.bellunopress.it\/2021\/03\/01\/successo-a-misurina-per-lopen-day-lasma-infantile-non-e-piu-un-tabu\/"},"wordCount":613,"publisher":{"@id":"https:\/\/www.bellunopress.it\/#organization"},"image":{"@id":"https:\/\/www.bellunopress.it\/2021\/03\/01\/successo-a-misurina-per-lopen-day-lasma-infantile-non-e-piu-un-tabu\/#primaryimage"},"thumbnailUrl":"https:\/\/www.bellunopress.it\/wp-content\/uploads\/2020\/10\/stituto-Pio-XII-Misurina.jpg","articleSection":["Prima Pagina","Sanit\u00e0 Medicina"],"inLanguage":"fr-FR"},{"@type":"WebPage","@id":"https:\/\/www.bellunopress.it\/2021\/03\/01\/successo-a-misurina-per-lopen-day-lasma-infantile-non-e-piu-un-tabu\/","url":"https:\/\/www.bellunopress.it\/2021\/03\/01\/successo-a-misurina-per-lopen-day-lasma-infantile-non-e-piu-un-tabu\/","name":"Successo a Misurina per l'open day \"L'asma infantile non \u00e8 pi\u00f9 un tab\u00f9\" - Bellunopress - Dolomiti","isPartOf":{"@id":"https:\/\/www.bellunopress.it\/#website"},"primaryImageOfPage":{"@id":"https:\/\/www.bellunopress.it\/2021\/03\/01\/successo-a-misurina-per-lopen-day-lasma-infantile-non-e-piu-un-tabu\/#primaryimage"},"image":{"@id":"https:\/\/www.bellunopress.it\/2021\/03\/01\/successo-a-misurina-per-lopen-day-lasma-infantile-non-e-piu-un-tabu\/#primaryimage"},"thumbnailUrl":"https:\/\/www.bellunopress.it\/wp-content\/uploads\/2020\/10\/stituto-Pio-XII-Misurina.jpg","datePublished":"2021-03-01T12:26:20+00:00","breadcrumb":{"@id":"https:\/\/www.bellunopress.it\/2021\/03\/01\/successo-a-misurina-per-lopen-day-lasma-infantile-non-e-piu-un-tabu\/#breadcrumb"},"inLanguage":"fr-FR","potentialAction":[{"@type":"ReadAction","target":["https:\/\/www.bellunopress.it\/2021\/03\/01\/successo-a-misurina-per-lopen-day-lasma-infantile-non-e-piu-un-tabu\/"]}]},{"@type":"ImageObject","inLanguage":"fr-FR","@id":"https:\/\/www.bellunopress.it\/2021\/03\/01\/successo-a-misurina-per-lopen-day-lasma-infantile-non-e-piu-un-tabu\/#primaryimage","url":"https:\/\/www.bellunopress.it\/wp-content\/uploads\/2020\/10\/stituto-Pio-XII-Misurina.jpg","contentUrl":"https:\/\/www.bellunopress.it\/wp-content\/uploads\/2020\/10\/stituto-Pio-XII-Misurina.jpg","width":706,"height":443,"caption":"Istituto Pio XII di Misurina"},{"@type":"BreadcrumbList","@id":"https:\/\/www.bellunopress.it\/2021\/03\/01\/successo-a-misurina-per-lopen-day-lasma-infantile-non-e-piu-un-tabu\/#breadcrumb","itemListElement":[{"@type":"ListItem","position":1,"name":"Home","item":"https:\/\/www.bellunopress.it\/"},{"@type":"ListItem","position":2,"name":"Successo a Misurina per l&#8217;open day &#8220;L&#8217;asma infantile non \u00e8 pi\u00f9 un tab\u00f9&#8221;"}]},{"@type":"WebSite","@id":"https:\/\/www.bellunopress.it\/#website","url":"https:\/\/www.bellunopress.it\/","name":"Bellunopress - Dolomiti","description":"e-mail: redazione@bellunopress.it","publisher":{"@id":"https:\/\/www.bellunopress.it\/#organization"},"potentialAction":[{"@type":"SearchAction","target":{"@type":"EntryPoint","urlTemplate":"https:\/\/www.bellunopress.it\/?s={search_term_string}"},"query-input":{"@type":"PropertyValueSpecification","valueRequired":true,"valueName":"search_term_string"}}],"inLanguage":"fr-FR"},{"@type":"Organization","@id":"https:\/\/www.bellunopress.it\/#organization","name":"Bellunopress","url":"https:\/\/www.bellunopress.it\/","logo":{"@type":"ImageObject","inLanguage":"fr-FR","@id":"https:\/\/www.bellunopress.it\/#\/schema\/logo\/image\/","url":"https:\/\/www.bellunopress.it\/wp-content\/uploads\/2011\/05\/cropped-logo-bellunopress-.jpg","contentUrl":"https:\/\/www.bellunopress.it\/wp-content\/uploads\/2011\/05\/cropped-logo-bellunopress-.jpg","width":512,"height":512,"caption":"Bellunopress"},"image":{"@id":"https:\/\/www.bellunopress.it\/#\/schema\/logo\/image\/"},"sameAs":["https:\/\/www.facebook.com\/profile.php?id=100008943462799","https:\/\/x.com\/bellunopress","https:\/\/www.linkedin.com\/hp\/?dnr=JBzUWaJfMUw8vbXJJ2tVW5-I3jZKvC4wsoxE&amp;amp;amp;amp;amp;amp;trk=nav_responsive_tab_home","https:\/\/www.youtube.com\/channel\/UCxL0wu1uN0_3_7hGG0306cw"]},{"@type":"Person","@id":"https:\/\/www.bellunopress.it\/#\/schema\/person\/79bb06722b37ece1c03d3e94beb30d73","name":"r\u00e9daction","image":{"@type":"ImageObject","inLanguage":"fr-FR","@id":"https:\/\/secure.gravatar.com\/avatar\/37d968a2e67a6fd04c169c4bdef102d0bc5d31b2546345219e348575eb80e9a0?s=96&d=mm&r=g","url":"https:\/\/secure.gravatar.com\/avatar\/37d968a2e67a6fd04c169c4bdef102d0bc5d31b2546345219e348575eb80e9a0?s=96&d=mm&r=g","contentUrl":"https:\/\/secure.gravatar.com\/avatar\/37d968a2e67a6fd04c169c4bdef102d0bc5d31b2546345219e348575eb80e9a0?s=96&d=mm&r=g","caption":"redazione"},"sameAs":["http:\/\/www.bellunopress.it","https:\/\/x.com\/bellunopress"],"url":"https:\/\/www.bellunopress.it\/fr\/author\/redazione\/"}]}},"_links":{"self":[{"href":"https:\/\/www.bellunopress.it\/fr\/wp-json\/wp\/v2\/posts\/122110","targetHints":{"allow":["GET"]}}],"collection":[{"href":"https:\/\/www.bellunopress.it\/fr\/wp-json\/wp\/v2\/posts"}],"about":[{"href":"https:\/\/www.bellunopress.it\/fr\/wp-json\/wp\/v2\/types\/post"}],"author":[{"embeddable":true,"href":"https:\/\/www.bellunopress.it\/fr\/wp-json\/wp\/v2\/users\/2"}],"replies":[{"embeddable":true,"href":"https:\/\/www.bellunopress.it\/fr\/wp-json\/wp\/v2\/comments?post=122110"}],"version-history":[{"count":1,"href":"https:\/\/www.bellunopress.it\/fr\/wp-json\/wp\/v2\/posts\/122110\/revisions"}],"predecessor-version":[{"id":122111,"href":"https:\/\/www.bellunopress.it\/fr\/wp-json\/wp\/v2\/posts\/122110\/revisions\/122111"}],"wp:featuredmedia":[{"embeddable":true,"href":"https:\/\/www.bellunopress.it\/fr\/wp-json\/wp\/v2\/media\/118661"}],"wp:attachment":[{"href":"https:\/\/www.bellunopress.it\/fr\/wp-json\/wp\/v2\/media?parent=122110"}],"wp:term":[{"taxonomy":"category","embeddable":true,"href":"https:\/\/www.bellunopress.it\/fr\/wp-json\/wp\/v2\/categories?post=122110"},{"taxonomy":"post_tag","embeddable":true,"href":"https:\/\/www.bellunopress.it\/fr\/wp-json\/wp\/v2\/tags?post=122110"}],"curies":[{"name":"wp","href":"https:\/\/api.w.org\/{rel}","templated":true}]}}