{"id":122100,"date":"2021-02-28T18:08:00","date_gmt":"2021-02-28T17:08:00","guid":{"rendered":"http:\/\/www.bellunopress.it\/?p=122100"},"modified":"2021-02-28T18:08:00","modified_gmt":"2021-02-28T17:08:00","slug":"grubissa-federfarma-chiede-un-confronto-al-nuovo-direttore-generale-della-ulss-dolomiti-maria-grazia-carraro","status":"publish","type":"post","link":"https:\/\/www.bellunopress.it\/fr\/2021\/02\/28\/grubissa-federfarma-chiede-un-confronto-al-nuovo-direttore-generale-della-ulss-dolomiti-maria-grazia-carraro\/","title":{"rendered":"Grubissa (Federfarma) chiede un confronto al nuovo direttore generale della Ulss Dolomiti Maria Grazia Carraro"},"content":{"rendered":"<figure id=\"attachment_63520\" aria-describedby=\"caption-attachment-63520\" style=\"width: 155px\" class=\"wp-caption alignleft\"><a href=\"http:\/\/www.bellunopress.it\/fr\/2014\/10\/18\/servizi-sanitari-territoriali-utap-sono-un-fallimento-in-montagna-le-ulss-promuovano-la-nostra-specificita-intervento-di-roberto-grubissa-presidente-di-federfarma-belluno\/roberto-grubissa\/\" rel=\"attachment wp-att-63520\"><img loading=\"lazy\" decoding=\"async\" class=\"size-full wp-image-63520\" src=\"http:\/\/www.bellunopress.it\/wp-content\/uploads\/2014\/10\/roberto-grubissa.jpg\" alt=\"\" width=\"155\" height=\"159\" \/><\/a><figcaption id=\"caption-attachment-63520\" class=\"wp-caption-text\">Roberto Grubissa<\/figcaption><\/figure>\n<p>La distribuzione dei farmaci sul territorio, la collaborazione in occasione di campagne di prevenzione, le difficolt\u00e0 di gestione della ricetta dematerializzata e l&#8217;erogazione dei farmaci attraverso l&#8217;ospedale. Sono tante le questioni che Federfarma Belluno vuole portare all&#8217;attenzione del nuovo direttore generale dell&#8217;Usl 1 Dolomiti Maria Grazia Carraro.<\/p>\n<p>Il presidente del sindacato bellunese dei farmacisti, Roberto Grubissa, d\u00e0 cos\u00ec il benvenuto della categoria al nuovo direttore generale della sanit\u00e0 bellunese, dicendosi subito disponibile al dialogo e al confronto costruttivo per il bene del territorio. &#8220;Sarebbe utile poterci sedere attorno ad un tavolo e parlare \u2013 spiega -, chiederemo un incontro a breve. Il nostro \u00e8 un territorio fragile, il pi\u00f9 esteso e il meno popolato della Regione, il che impone politiche adeguate e un&#8217;attenzione particolare&#8221;.<\/p>\n<p>La distribuzione dei farmaci sul territorio, si sa, \u00e8 da sempre difficile. Per questo \u00e8 importante favorire l&#8217;erogazione per conto e diminuire quella diretta che costringe le persone a raggiungere l&#8217;ospedale per avere la medicina. Una pratica, questa, che Grubissa vede poco vicina alla popolazione perch\u00e9 impone spostamenti di svariati chilometri, spesso in condizioni difficili, quando in ogni paesino c&#8217;\u00e8 almeno una farmacia e l&#8217;erogazione potrebbe avvenire da l\u00ec. &#8220;Il farmacista \u00e8 un punto di riferimento importante nelle piccole comunit\u00e0 \u2013 conclude il presidente -, erogare i farmaci dal banco della farmacia \u00e8 comodo per tutti, per questo auspico si possa confrontarsi anche su questo punto. Per frenare lo spopolamento la farmacia deve funzionare bene, non si pu\u00f2 imporre ai pazienti di andare fino all&#8217;ospedale per ottenere un medicinale necessario&#8221;.<\/p>\n<p>E poi la rete internet, un altro punto dolente. La ricetta dematerializzata fa oggi pesare ancora di pi\u00f9 questa fragilit\u00e0, perch\u00e9 non di rado capita che la scarsa copertura renda difficile il collegamento con la piattaforma regionale, che l&#8217;erogazione del farmaco si rallenti e le persone siano costrette ad attendere.<\/p>\n<p>Insomma, occorre fare squadra. Con gli ospedali, i medici di base e anche con le associazioni di categoria perch\u00e9 il progressivo spopolamento della provincia si combatte a colpi di servizi e di vicinanza, il pi\u00f9 possibile, alle comunit\u00e0. &#8220;Non possiamo costringere un anziano, magari solo, ad andare all&#8217;ospedale per un farmaco \u2013 conclude il presidente provinciale di Federfarma -. I nostri territorio rischiano la desertificazione e non ce lo possiamo permettere, dobbiamo infondere linfa vitale e non favorire la perdita di servizi. Il dg pu\u00f2 contribuire a questa causa, dobbiamo essere uniti&#8221;.<\/p>\n<p>&nbsp;<\/p>","protected":false},"excerpt":{"rendered":"<p>La distribuzione dei farmaci sul territorio, la collaborazione in occasione di campagne di prevenzione, le difficolt\u00e0 di gestione della ricetta dematerializzata e l&#8217;erogazione dei farmaci attraverso l&#8217;ospedale. Sono tante le questioni che Federfarma Belluno vuole portare all&#8217;attenzione del nuovo direttore generale dell&#8217;Usl 1 Dolomiti Maria Grazia Carraro. Il presidente del sindacato bellunese dei farmacisti, Roberto [&hellip;]<\/p>\n","protected":false},"author":2,"featured_media":122069,"comment_status":"closed","ping_status":"open","sticky":false,"template":"","format":"standard","meta":{"footnotes":""},"categories":[26,17],"tags":[],"class_list":["post-122100","post","type-post","status-publish","format-standard","has-post-thumbnail","category-prima-pagina","category-sanita"],"yoast_head":"<!-- This site is optimized with the Yoast SEO plugin v28.4 - https:\/\/yoast.com\/product\/yoast-seo-wordpress\/ -->\n<title>Grubissa (Federfarma) chiede un confronto al nuovo direttore generale della Ulss Dolomiti Maria Grazia Carraro - Bellunopress - Dolomiti<\/title>\n<meta name=\"robots\" content=\"index, follow, max-snippet:-1, max-image-preview:large, max-video-preview:-1\" \/>\n<link rel=\"canonical\" href=\"https:\/\/www.bellunopress.it\/fr\/2021\/02\/28\/grubissa-federfarma-chiede-un-confronto-al-nuovo-direttore-generale-della-ulss-dolomiti-maria-grazia-carraro\/\" \/>\n<meta property=\"og:locale\" content=\"fr_FR\" \/>\n<meta property=\"og:type\" content=\"article\" \/>\n<meta property=\"og:title\" content=\"Grubissa (Federfarma) chiede un confronto al nuovo direttore generale della Ulss Dolomiti Maria Grazia Carraro - Bellunopress - Dolomiti\" \/>\n<meta property=\"og:description\" content=\"La distribuzione dei farmaci sul territorio, la collaborazione in occasione di campagne di prevenzione, le difficolt\u00e0 di gestione della ricetta dematerializzata e l&#8217;erogazione dei farmaci attraverso l&#8217;ospedale. Sono tante le questioni che Federfarma Belluno vuole portare all&#8217;attenzione del nuovo direttore generale dell&#8217;Usl 1 Dolomiti Maria Grazia Carraro. Il presidente del sindacato bellunese dei farmacisti, Roberto [&hellip;]\" \/>\n<meta property=\"og:url\" content=\"https:\/\/www.bellunopress.it\/fr\/2021\/02\/28\/grubissa-federfarma-chiede-un-confronto-al-nuovo-direttore-generale-della-ulss-dolomiti-maria-grazia-carraro\/\" \/>\n<meta property=\"og:site_name\" content=\"Bellunopress - Dolomiti\" \/>\n<meta property=\"article:publisher\" content=\"https:\/\/www.facebook.com\/profile.php?id=100008943462799\" \/>\n<meta property=\"article:published_time\" content=\"2021-02-28T17:08:00+00:00\" \/>\n<meta property=\"og:image\" content=\"https:\/\/www.bellunopress.it\/wp-content\/uploads\/2021\/02\/Maria-Grazia-Carraro-Ulss-1-Dolomiti_edited.jpg\" \/>\n\t<meta property=\"og:image:width\" content=\"1000\" \/>\n\t<meta property=\"og:image:height\" content=\"770\" \/>\n\t<meta property=\"og:image:type\" content=\"image\/jpeg\" \/>\n<meta name=\"author\" content=\"redazione\" \/>\n<meta name=\"twitter:card\" content=\"summary_large_image\" \/>\n<meta name=\"twitter:creator\" content=\"@bellunopress\" \/>\n<meta name=\"twitter:site\" content=\"@bellunopress\" \/>\n<meta name=\"twitter:label1\" content=\"\u00c9crit par\" \/>\n\t<meta name=\"twitter:data1\" content=\"redazione\" \/>\n\t<meta name=\"twitter:label2\" content=\"Dur\u00e9e de lecture estim\u00e9e\" \/>\n\t<meta name=\"twitter:data2\" content=\"2 minutes\" \/>\n<script type=\"application\/ld+json\" class=\"yoast-schema-graph\">{\"@context\":\"https:\\\/\\\/schema.org\",\"@graph\":[{\"@type\":\"Article\",\"@id\":\"https:\\\/\\\/www.bellunopress.it\\\/2021\\\/02\\\/28\\\/grubissa-federfarma-chiede-un-confronto-al-nuovo-direttore-generale-della-ulss-dolomiti-maria-grazia-carraro\\\/#article\",\"isPartOf\":{\"@id\":\"https:\\\/\\\/www.bellunopress.it\\\/2021\\\/02\\\/28\\\/grubissa-federfarma-chiede-un-confronto-al-nuovo-direttore-generale-della-ulss-dolomiti-maria-grazia-carraro\\\/\"},\"author\":{\"name\":\"redazione\",\"@id\":\"https:\\\/\\\/www.bellunopress.it\\\/#\\\/schema\\\/person\\\/79bb06722b37ece1c03d3e94beb30d73\"},\"headline\":\"Grubissa (Federfarma) chiede un confronto al nuovo direttore generale della Ulss Dolomiti Maria Grazia Carraro\",\"datePublished\":\"2021-02-28T17:08:00+00:00\",\"mainEntityOfPage\":{\"@id\":\"https:\\\/\\\/www.bellunopress.it\\\/2021\\\/02\\\/28\\\/grubissa-federfarma-chiede-un-confronto-al-nuovo-direttore-generale-della-ulss-dolomiti-maria-grazia-carraro\\\/\"},\"wordCount\":423,\"publisher\":{\"@id\":\"https:\\\/\\\/www.bellunopress.it\\\/#organization\"},\"image\":{\"@id\":\"https:\\\/\\\/www.bellunopress.it\\\/2021\\\/02\\\/28\\\/grubissa-federfarma-chiede-un-confronto-al-nuovo-direttore-generale-della-ulss-dolomiti-maria-grazia-carraro\\\/#primaryimage\"},\"thumbnailUrl\":\"https:\\\/\\\/www.bellunopress.it\\\/wp-content\\\/uploads\\\/2021\\\/02\\\/Maria-Grazia-Carraro-Ulss-1-Dolomiti_edited.jpg\",\"articleSection\":[\"Prima Pagina\",\"Sanit\u00e0 Medicina\"],\"inLanguage\":\"fr-FR\"},{\"@type\":\"WebPage\",\"@id\":\"https:\\\/\\\/www.bellunopress.it\\\/2021\\\/02\\\/28\\\/grubissa-federfarma-chiede-un-confronto-al-nuovo-direttore-generale-della-ulss-dolomiti-maria-grazia-carraro\\\/\",\"url\":\"https:\\\/\\\/www.bellunopress.it\\\/2021\\\/02\\\/28\\\/grubissa-federfarma-chiede-un-confronto-al-nuovo-direttore-generale-della-ulss-dolomiti-maria-grazia-carraro\\\/\",\"name\":\"Grubissa (Federfarma) chiede un confronto al nuovo direttore generale della Ulss Dolomiti Maria Grazia Carraro - Bellunopress - Dolomiti\",\"isPartOf\":{\"@id\":\"https:\\\/\\\/www.bellunopress.it\\\/#website\"},\"primaryImageOfPage\":{\"@id\":\"https:\\\/\\\/www.bellunopress.it\\\/2021\\\/02\\\/28\\\/grubissa-federfarma-chiede-un-confronto-al-nuovo-direttore-generale-della-ulss-dolomiti-maria-grazia-carraro\\\/#primaryimage\"},\"image\":{\"@id\":\"https:\\\/\\\/www.bellunopress.it\\\/2021\\\/02\\\/28\\\/grubissa-federfarma-chiede-un-confronto-al-nuovo-direttore-generale-della-ulss-dolomiti-maria-grazia-carraro\\\/#primaryimage\"},\"thumbnailUrl\":\"https:\\\/\\\/www.bellunopress.it\\\/wp-content\\\/uploads\\\/2021\\\/02\\\/Maria-Grazia-Carraro-Ulss-1-Dolomiti_edited.jpg\",\"datePublished\":\"2021-02-28T17:08:00+00:00\",\"breadcrumb\":{\"@id\":\"https:\\\/\\\/www.bellunopress.it\\\/2021\\\/02\\\/28\\\/grubissa-federfarma-chiede-un-confronto-al-nuovo-direttore-generale-della-ulss-dolomiti-maria-grazia-carraro\\\/#breadcrumb\"},\"inLanguage\":\"fr-FR\",\"potentialAction\":[{\"@type\":\"ReadAction\",\"target\":[\"https:\\\/\\\/www.bellunopress.it\\\/2021\\\/02\\\/28\\\/grubissa-federfarma-chiede-un-confronto-al-nuovo-direttore-generale-della-ulss-dolomiti-maria-grazia-carraro\\\/\"]}]},{\"@type\":\"ImageObject\",\"inLanguage\":\"fr-FR\",\"@id\":\"https:\\\/\\\/www.bellunopress.it\\\/2021\\\/02\\\/28\\\/grubissa-federfarma-chiede-un-confronto-al-nuovo-direttore-generale-della-ulss-dolomiti-maria-grazia-carraro\\\/#primaryimage\",\"url\":\"https:\\\/\\\/www.bellunopress.it\\\/wp-content\\\/uploads\\\/2021\\\/02\\\/Maria-Grazia-Carraro-Ulss-1-Dolomiti_edited.jpg\",\"contentUrl\":\"https:\\\/\\\/www.bellunopress.it\\\/wp-content\\\/uploads\\\/2021\\\/02\\\/Maria-Grazia-Carraro-Ulss-1-Dolomiti_edited.jpg\",\"width\":1000,\"height\":770,\"caption\":\"Maria Grazia Carraro - Direttore generale Ulss 1 Dolomiti\"},{\"@type\":\"BreadcrumbList\",\"@id\":\"https:\\\/\\\/www.bellunopress.it\\\/2021\\\/02\\\/28\\\/grubissa-federfarma-chiede-un-confronto-al-nuovo-direttore-generale-della-ulss-dolomiti-maria-grazia-carraro\\\/#breadcrumb\",\"itemListElement\":[{\"@type\":\"ListItem\",\"position\":1,\"name\":\"Home\",\"item\":\"https:\\\/\\\/www.bellunopress.it\\\/\"},{\"@type\":\"ListItem\",\"position\":2,\"name\":\"Grubissa (Federfarma) chiede un confronto al nuovo direttore generale della Ulss Dolomiti Maria Grazia Carraro\"}]},{\"@type\":\"WebSite\",\"@id\":\"https:\\\/\\\/www.bellunopress.it\\\/#website\",\"url\":\"https:\\\/\\\/www.bellunopress.it\\\/\",\"name\":\"Bellunopress - Dolomiti\",\"description\":\"e-mail: redazione@bellunopress.it\",\"publisher\":{\"@id\":\"https:\\\/\\\/www.bellunopress.it\\\/#organization\"},\"potentialAction\":[{\"@type\":\"SearchAction\",\"target\":{\"@type\":\"EntryPoint\",\"urlTemplate\":\"https:\\\/\\\/www.bellunopress.it\\\/?s={search_term_string}\"},\"query-input\":{\"@type\":\"PropertyValueSpecification\",\"valueRequired\":true,\"valueName\":\"search_term_string\"}}],\"inLanguage\":\"fr-FR\"},{\"@type\":\"Organization\",\"@id\":\"https:\\\/\\\/www.bellunopress.it\\\/#organization\",\"name\":\"Bellunopress\",\"url\":\"https:\\\/\\\/www.bellunopress.it\\\/\",\"logo\":{\"@type\":\"ImageObject\",\"inLanguage\":\"fr-FR\",\"@id\":\"https:\\\/\\\/www.bellunopress.it\\\/#\\\/schema\\\/logo\\\/image\\\/\",\"url\":\"https:\\\/\\\/www.bellunopress.it\\\/wp-content\\\/uploads\\\/2011\\\/05\\\/cropped-logo-bellunopress-.jpg\",\"contentUrl\":\"https:\\\/\\\/www.bellunopress.it\\\/wp-content\\\/uploads\\\/2011\\\/05\\\/cropped-logo-bellunopress-.jpg\",\"width\":512,\"height\":512,\"caption\":\"Bellunopress\"},\"image\":{\"@id\":\"https:\\\/\\\/www.bellunopress.it\\\/#\\\/schema\\\/logo\\\/image\\\/\"},\"sameAs\":[\"https:\\\/\\\/www.facebook.com\\\/profile.php?id=100008943462799\",\"https:\\\/\\\/x.com\\\/bellunopress\",\"https:\\\/\\\/www.linkedin.com\\\/hp\\\/?dnr=JBzUWaJfMUw8vbXJJ2tVW5-I3jZKvC4wsoxE&amp;amp;amp;amp;amp;amp;trk=nav_responsive_tab_home\",\"https:\\\/\\\/www.youtube.com\\\/channel\\\/UCxL0wu1uN0_3_7hGG0306cw\"]},{\"@type\":\"Person\",\"@id\":\"https:\\\/\\\/www.bellunopress.it\\\/#\\\/schema\\\/person\\\/79bb06722b37ece1c03d3e94beb30d73\",\"name\":\"redazione\",\"image\":{\"@type\":\"ImageObject\",\"inLanguage\":\"fr-FR\",\"@id\":\"https:\\\/\\\/secure.gravatar.com\\\/avatar\\\/37d968a2e67a6fd04c169c4bdef102d0bc5d31b2546345219e348575eb80e9a0?s=96&d=mm&r=g\",\"url\":\"https:\\\/\\\/secure.gravatar.com\\\/avatar\\\/37d968a2e67a6fd04c169c4bdef102d0bc5d31b2546345219e348575eb80e9a0?s=96&d=mm&r=g\",\"contentUrl\":\"https:\\\/\\\/secure.gravatar.com\\\/avatar\\\/37d968a2e67a6fd04c169c4bdef102d0bc5d31b2546345219e348575eb80e9a0?s=96&d=mm&r=g\",\"caption\":\"redazione\"},\"sameAs\":[\"http:\\\/\\\/www.bellunopress.it\",\"https:\\\/\\\/x.com\\\/bellunopress\"],\"url\":\"https:\\\/\\\/www.bellunopress.it\\\/fr\\\/author\\\/redazione\\\/\"}]}<\/script>\n<!-- \/ Yoast SEO plugin. -->","yoast_head_json":{"title":"Grubissa (Federfarma) chiede un confronto al nuovo direttore generale della Ulss Dolomiti Maria Grazia Carraro - Bellunopress - Dolomiti","robots":{"index":"index","follow":"follow","max-snippet":"max-snippet:-1","max-image-preview":"max-image-preview:large","max-video-preview":"max-video-preview:-1"},"canonical":"https:\/\/www.bellunopress.it\/fr\/2021\/02\/28\/grubissa-federfarma-chiede-un-confronto-al-nuovo-direttore-generale-della-ulss-dolomiti-maria-grazia-carraro\/","og_locale":"fr_FR","og_type":"article","og_title":"Grubissa (Federfarma) chiede un confronto al nuovo direttore generale della Ulss Dolomiti Maria Grazia Carraro - Bellunopress - Dolomiti","og_description":"La distribuzione dei farmaci sul territorio, la collaborazione in occasione di campagne di prevenzione, le difficolt\u00e0 di gestione della ricetta dematerializzata e l&#8217;erogazione dei farmaci attraverso l&#8217;ospedale. Sono tante le questioni che Federfarma Belluno vuole portare all&#8217;attenzione del nuovo direttore generale dell&#8217;Usl 1 Dolomiti Maria Grazia Carraro. Il presidente del sindacato bellunese dei farmacisti, Roberto [&hellip;]","og_url":"https:\/\/www.bellunopress.it\/fr\/2021\/02\/28\/grubissa-federfarma-chiede-un-confronto-al-nuovo-direttore-generale-della-ulss-dolomiti-maria-grazia-carraro\/","og_site_name":"Bellunopress - Dolomiti","article_publisher":"https:\/\/www.facebook.com\/profile.php?id=100008943462799","article_published_time":"2021-02-28T17:08:00+00:00","og_image":[{"width":1000,"height":770,"url":"https:\/\/www.bellunopress.it\/wp-content\/uploads\/2021\/02\/Maria-Grazia-Carraro-Ulss-1-Dolomiti_edited.jpg","type":"image\/jpeg"}],"author":"redazione","twitter_card":"summary_large_image","twitter_creator":"@bellunopress","twitter_site":"@bellunopress","twitter_misc":{"\u00c9crit par":"redazione","Dur\u00e9e de lecture estim\u00e9e":"2 minutes"},"schema":{"@context":"https:\/\/schema.org","@graph":[{"@type":"Article","@id":"https:\/\/www.bellunopress.it\/2021\/02\/28\/grubissa-federfarma-chiede-un-confronto-al-nuovo-direttore-generale-della-ulss-dolomiti-maria-grazia-carraro\/#article","isPartOf":{"@id":"https:\/\/www.bellunopress.it\/2021\/02\/28\/grubissa-federfarma-chiede-un-confronto-al-nuovo-direttore-generale-della-ulss-dolomiti-maria-grazia-carraro\/"},"author":{"name":"redazione","@id":"https:\/\/www.bellunopress.it\/#\/schema\/person\/79bb06722b37ece1c03d3e94beb30d73"},"headline":"Grubissa (Federfarma) chiede un confronto al nuovo direttore generale della Ulss Dolomiti Maria Grazia Carraro","datePublished":"2021-02-28T17:08:00+00:00","mainEntityOfPage":{"@id":"https:\/\/www.bellunopress.it\/2021\/02\/28\/grubissa-federfarma-chiede-un-confronto-al-nuovo-direttore-generale-della-ulss-dolomiti-maria-grazia-carraro\/"},"wordCount":423,"publisher":{"@id":"https:\/\/www.bellunopress.it\/#organization"},"image":{"@id":"https:\/\/www.bellunopress.it\/2021\/02\/28\/grubissa-federfarma-chiede-un-confronto-al-nuovo-direttore-generale-della-ulss-dolomiti-maria-grazia-carraro\/#primaryimage"},"thumbnailUrl":"https:\/\/www.bellunopress.it\/wp-content\/uploads\/2021\/02\/Maria-Grazia-Carraro-Ulss-1-Dolomiti_edited.jpg","articleSection":["Prima Pagina","Sanit\u00e0 Medicina"],"inLanguage":"fr-FR"},{"@type":"WebPage","@id":"https:\/\/www.bellunopress.it\/2021\/02\/28\/grubissa-federfarma-chiede-un-confronto-al-nuovo-direttore-generale-della-ulss-dolomiti-maria-grazia-carraro\/","url":"https:\/\/www.bellunopress.it\/2021\/02\/28\/grubissa-federfarma-chiede-un-confronto-al-nuovo-direttore-generale-della-ulss-dolomiti-maria-grazia-carraro\/","name":"Grubissa (Federfarma) chiede un confronto al nuovo direttore generale della Ulss Dolomiti Maria Grazia Carraro - Bellunopress - Dolomiti","isPartOf":{"@id":"https:\/\/www.bellunopress.it\/#website"},"primaryImageOfPage":{"@id":"https:\/\/www.bellunopress.it\/2021\/02\/28\/grubissa-federfarma-chiede-un-confronto-al-nuovo-direttore-generale-della-ulss-dolomiti-maria-grazia-carraro\/#primaryimage"},"image":{"@id":"https:\/\/www.bellunopress.it\/2021\/02\/28\/grubissa-federfarma-chiede-un-confronto-al-nuovo-direttore-generale-della-ulss-dolomiti-maria-grazia-carraro\/#primaryimage"},"thumbnailUrl":"https:\/\/www.bellunopress.it\/wp-content\/uploads\/2021\/02\/Maria-Grazia-Carraro-Ulss-1-Dolomiti_edited.jpg","datePublished":"2021-02-28T17:08:00+00:00","breadcrumb":{"@id":"https:\/\/www.bellunopress.it\/2021\/02\/28\/grubissa-federfarma-chiede-un-confronto-al-nuovo-direttore-generale-della-ulss-dolomiti-maria-grazia-carraro\/#breadcrumb"},"inLanguage":"fr-FR","potentialAction":[{"@type":"ReadAction","target":["https:\/\/www.bellunopress.it\/2021\/02\/28\/grubissa-federfarma-chiede-un-confronto-al-nuovo-direttore-generale-della-ulss-dolomiti-maria-grazia-carraro\/"]}]},{"@type":"ImageObject","inLanguage":"fr-FR","@id":"https:\/\/www.bellunopress.it\/2021\/02\/28\/grubissa-federfarma-chiede-un-confronto-al-nuovo-direttore-generale-della-ulss-dolomiti-maria-grazia-carraro\/#primaryimage","url":"https:\/\/www.bellunopress.it\/wp-content\/uploads\/2021\/02\/Maria-Grazia-Carraro-Ulss-1-Dolomiti_edited.jpg","contentUrl":"https:\/\/www.bellunopress.it\/wp-content\/uploads\/2021\/02\/Maria-Grazia-Carraro-Ulss-1-Dolomiti_edited.jpg","width":1000,"height":770,"caption":"Maria Grazia Carraro - Direttore generale Ulss 1 Dolomiti"},{"@type":"BreadcrumbList","@id":"https:\/\/www.bellunopress.it\/2021\/02\/28\/grubissa-federfarma-chiede-un-confronto-al-nuovo-direttore-generale-della-ulss-dolomiti-maria-grazia-carraro\/#breadcrumb","itemListElement":[{"@type":"ListItem","position":1,"name":"Home","item":"https:\/\/www.bellunopress.it\/"},{"@type":"ListItem","position":2,"name":"Grubissa (Federfarma) chiede un confronto al nuovo direttore generale della Ulss Dolomiti Maria Grazia Carraro"}]},{"@type":"WebSite","@id":"https:\/\/www.bellunopress.it\/#website","url":"https:\/\/www.bellunopress.it\/","name":"Bellunopress - Dolomiti","description":"e-mail: redazione@bellunopress.it","publisher":{"@id":"https:\/\/www.bellunopress.it\/#organization"},"potentialAction":[{"@type":"SearchAction","target":{"@type":"EntryPoint","urlTemplate":"https:\/\/www.bellunopress.it\/?s={search_term_string}"},"query-input":{"@type":"PropertyValueSpecification","valueRequired":true,"valueName":"search_term_string"}}],"inLanguage":"fr-FR"},{"@type":"Organization","@id":"https:\/\/www.bellunopress.it\/#organization","name":"Bellunopress","url":"https:\/\/www.bellunopress.it\/","logo":{"@type":"ImageObject","inLanguage":"fr-FR","@id":"https:\/\/www.bellunopress.it\/#\/schema\/logo\/image\/","url":"https:\/\/www.bellunopress.it\/wp-content\/uploads\/2011\/05\/cropped-logo-bellunopress-.jpg","contentUrl":"https:\/\/www.bellunopress.it\/wp-content\/uploads\/2011\/05\/cropped-logo-bellunopress-.jpg","width":512,"height":512,"caption":"Bellunopress"},"image":{"@id":"https:\/\/www.bellunopress.it\/#\/schema\/logo\/image\/"},"sameAs":["https:\/\/www.facebook.com\/profile.php?id=100008943462799","https:\/\/x.com\/bellunopress","https:\/\/www.linkedin.com\/hp\/?dnr=JBzUWaJfMUw8vbXJJ2tVW5-I3jZKvC4wsoxE&amp;amp;amp;amp;amp;amp;trk=nav_responsive_tab_home","https:\/\/www.youtube.com\/channel\/UCxL0wu1uN0_3_7hGG0306cw"]},{"@type":"Person","@id":"https:\/\/www.bellunopress.it\/#\/schema\/person\/79bb06722b37ece1c03d3e94beb30d73","name":"r\u00e9daction","image":{"@type":"ImageObject","inLanguage":"fr-FR","@id":"https:\/\/secure.gravatar.com\/avatar\/37d968a2e67a6fd04c169c4bdef102d0bc5d31b2546345219e348575eb80e9a0?s=96&d=mm&r=g","url":"https:\/\/secure.gravatar.com\/avatar\/37d968a2e67a6fd04c169c4bdef102d0bc5d31b2546345219e348575eb80e9a0?s=96&d=mm&r=g","contentUrl":"https:\/\/secure.gravatar.com\/avatar\/37d968a2e67a6fd04c169c4bdef102d0bc5d31b2546345219e348575eb80e9a0?s=96&d=mm&r=g","caption":"redazione"},"sameAs":["http:\/\/www.bellunopress.it","https:\/\/x.com\/bellunopress"],"url":"https:\/\/www.bellunopress.it\/fr\/author\/redazione\/"}]}},"_links":{"self":[{"href":"https:\/\/www.bellunopress.it\/fr\/wp-json\/wp\/v2\/posts\/122100","targetHints":{"allow":["GET"]}}],"collection":[{"href":"https:\/\/www.bellunopress.it\/fr\/wp-json\/wp\/v2\/posts"}],"about":[{"href":"https:\/\/www.bellunopress.it\/fr\/wp-json\/wp\/v2\/types\/post"}],"author":[{"embeddable":true,"href":"https:\/\/www.bellunopress.it\/fr\/wp-json\/wp\/v2\/users\/2"}],"replies":[{"embeddable":true,"href":"https:\/\/www.bellunopress.it\/fr\/wp-json\/wp\/v2\/comments?post=122100"}],"version-history":[{"count":1,"href":"https:\/\/www.bellunopress.it\/fr\/wp-json\/wp\/v2\/posts\/122100\/revisions"}],"predecessor-version":[{"id":122101,"href":"https:\/\/www.bellunopress.it\/fr\/wp-json\/wp\/v2\/posts\/122100\/revisions\/122101"}],"wp:featuredmedia":[{"embeddable":true,"href":"https:\/\/www.bellunopress.it\/fr\/wp-json\/wp\/v2\/media\/122069"}],"wp:attachment":[{"href":"https:\/\/www.bellunopress.it\/fr\/wp-json\/wp\/v2\/media?parent=122100"}],"wp:term":[{"taxonomy":"category","embeddable":true,"href":"https:\/\/www.bellunopress.it\/fr\/wp-json\/wp\/v2\/categories?post=122100"},{"taxonomy":"post_tag","embeddable":true,"href":"https:\/\/www.bellunopress.it\/fr\/wp-json\/wp\/v2\/tags?post=122100"}],"curies":[{"name":"wp","href":"https:\/\/api.w.org\/{rel}","templated":true}]}}