{"id":122093,"date":"2021-02-27T18:50:05","date_gmt":"2021-02-27T17:50:05","guid":{"rendered":"http:\/\/www.bellunopress.it\/?p=122093"},"modified":"2021-02-27T19:12:22","modified_gmt":"2021-02-27T18:12:22","slug":"lassessore-lanzarin-risponde-sui-52-milioni-destinati-alle-ulss-venete-esclusa-belluno","status":"publish","type":"post","link":"https:\/\/www.bellunopress.it\/fr\/2021\/02\/27\/lassessore-lanzarin-risponde-sui-52-milioni-destinati-alle-ulss-venete-esclusa-belluno\/","title":{"rendered":"L&#8217;assessore Lanzarin risponde sui 52 milioni destinati alle Ulss venete, esclusa Belluno"},"content":{"rendered":"<figure id=\"attachment_112510\" aria-describedby=\"caption-attachment-112510\" style=\"width: 520px\" class=\"wp-caption alignleft\"><a href=\"http:\/\/www.bellunopress.it\/fr\/2020\/02\/27\/coronavirus-contrordine-solo-116-positivi-su-oltre-6mila-tamponi-lassessore-regionale-lanzarin-ridimensiona-il-caso\/manuela-lanzarin\/\" rel=\"attachment wp-att-112510\"><img loading=\"lazy\" decoding=\"async\" class=\"size-full wp-image-112510\" src=\"http:\/\/www.bellunopress.it\/wp-content\/uploads\/2020\/02\/Manuela-Lanzarin.jpg\" alt=\"\" width=\"520\" height=\"460\" srcset=\"https:\/\/www.bellunopress.it\/wp-content\/uploads\/2020\/02\/Manuela-Lanzarin.jpg 520w, https:\/\/www.bellunopress.it\/wp-content\/uploads\/2020\/02\/Manuela-Lanzarin-500x442.jpg 500w, https:\/\/www.bellunopress.it\/wp-content\/uploads\/2020\/02\/Manuela-Lanzarin-475x420.jpg 475w\" sizes=\"auto, (max-width: 520px) 100vw, 520px\" \/><\/a><figcaption id=\"caption-attachment-112510\" class=\"wp-caption-text\">Manuela Lanzarin, assessore regionale alla Sanit\u00e0<\/figcaption><\/figure>\n<p>Dopo le varie proteste per i mancati stanziamenti della Regione Veneto all&#8217;Ulss 1 Dolomiti (nulla dei 52 milioni), nell&#8217;ordine, quella del <a href=\"https:\/\/www.bellunopress.it\/fr\/2021\/02\/19\/dimenticata-la-sanita-bellunese-zero-euro-allulss-1-dolomiti-dei-52-milioni-stanziati\/\">sindaco di Belluno Massaro il 19 febbraio<\/a>, del <a href=\"https:\/\/www.bellunopress.it\/fr\/2021\/02\/21\/ripartizione-fondi-alle-ulss-venete-lorenzoni-sbagliato-escludere-il-bellunese-massaro-ha-tutte-le-ragioni-del-mondo\/\">consigliere regionale Lorenzoni 21 febbraio<\/a>, del <a href=\"https:\/\/www.bellunopress.it\/fr\/2021\/02\/22\/mancata-assegnazione-fondi-regionali-allulss-1-dolomiti-di-roberto-de-moliner\/\">segretario del Pd di Belluno De Moliner 22 febbraio<\/a>, e per ultima l&#8217;interrogazione dei <a href=\"https:\/\/www.bellunopress.it\/fr\/2021\/02\/23\/sanita-niente-fondi-per-la-provincia-di-belluno-interrogazione-di-bigon-e-zanoni-pd-doveroso-investire-nei-territori-piu-fragili\/\">consiglieri regionali Bigon e Zanoni<\/a>, oggi arriva la risposta dell&#8217;assessore regionale alla Sanit\u00e0 Manuela Lanzarin.<\/p>\n<p>\u201cDopo una breve pausa &#8211; dichiara l&#8217;assessore regionale alla Sanit\u00e0 Manuela Lanzarin &#8211;\u00a0 torna a soffiare sul bellunese un venticello di allarme sulla sanit\u00e0 privo di ogni fondamento. Di nuovo il PD locale accusa la Regione di non finanziare il sistema sanitario dell\u2019Ulss Dolomiti, di nuovo dimostra di non conoscere i numeri o di far finta di non saperli. Non sanno, ad esempio, che, negli ultimi 2-3 anni sono stati autorizzati investimenti di vario genere per la bellezza di 90 milioni 053 mila 877 euro. E non sanno che, se anche nell\u2019ultima tornata di progetti Crite Belluno mancava, nelle precedenti era abbondantemente presente\u201d.<\/p>\n<p>\u201cStiamo parlando \u2013 aggiunge Lanzarin \u2013 di pi\u00f9 di 72 milioni di investimenti in edilizia dal 2019 al 2021, di pi\u00f9 di 7 milioni in attrezzature nel 2019 e 2020, di 7 milioni e 219 mila euro di investimenti straordinari, di altri 2 milioni 930 mila euro di investimenti vari. Pi\u00f9, ovviamente, il finanziamento annuale dal riparto del Fondo Sanitario Nazionale che, tra l\u2019altro, riconosce a Belluno lo status di area disagiata\u201d.<\/p>\n<p>Rimane comunque il fatto che dei 52 milioni stanziati dalla Regione per innovare le strutture sanitarie venete, che avranno pure beneficiato in passato come Belluno di finanziamenti, oggi neanche un euro arriver\u00e0 alla Ulss Dolomiti, poich\u00e9a esclusa dal riparto.<\/p>","protected":false},"excerpt":{"rendered":"<p>Dopo le varie proteste per i mancati stanziamenti della Regione Veneto all&#8217;Ulss 1 Dolomiti (nulla dei 52 milioni), nell&#8217;ordine, quella del sindaco di Belluno Massaro il 19 febbraio, del consigliere regionale Lorenzoni 21 febbraio, del segretario del Pd di Belluno De Moliner 22 febbraio, e per ultima l&#8217;interrogazione dei consiglieri regionali Bigon e Zanoni, oggi [&hellip;]<\/p>\n","protected":false},"author":2,"featured_media":112510,"comment_status":"closed","ping_status":"open","sticky":false,"template":"","format":"standard","meta":{"footnotes":""},"categories":[5,26,17],"tags":[],"class_list":["post-122093","post","type-post","status-publish","format-standard","has-post-thumbnail","category-cronaca","category-prima-pagina","category-sanita"],"yoast_head":"<!-- This site is optimized with the Yoast SEO plugin v28.4 - https:\/\/yoast.com\/product\/yoast-seo-wordpress\/ -->\n<title>L&#039;assessore Lanzarin risponde sui 52 milioni destinati alle Ulss venete, esclusa Belluno - Bellunopress - Dolomiti<\/title>\n<meta name=\"robots\" content=\"index, follow, max-snippet:-1, max-image-preview:large, max-video-preview:-1\" \/>\n<link rel=\"canonical\" href=\"https:\/\/www.bellunopress.it\/fr\/2021\/02\/27\/lassessore-lanzarin-risponde-sui-52-milioni-destinati-alle-ulss-venete-esclusa-belluno\/\" \/>\n<meta property=\"og:locale\" content=\"fr_FR\" \/>\n<meta property=\"og:type\" content=\"article\" \/>\n<meta property=\"og:title\" content=\"L&#039;assessore Lanzarin risponde sui 52 milioni destinati alle Ulss venete, esclusa Belluno - Bellunopress - Dolomiti\" \/>\n<meta property=\"og:description\" content=\"Dopo le varie proteste per i mancati stanziamenti della Regione Veneto all&#8217;Ulss 1 Dolomiti (nulla dei 52 milioni), nell&#8217;ordine, quella del sindaco di Belluno Massaro il 19 febbraio, del consigliere regionale Lorenzoni 21 febbraio, del segretario del Pd di Belluno De Moliner 22 febbraio, e per ultima l&#8217;interrogazione dei consiglieri regionali Bigon e Zanoni, oggi [&hellip;]\" \/>\n<meta property=\"og:url\" content=\"https:\/\/www.bellunopress.it\/fr\/2021\/02\/27\/lassessore-lanzarin-risponde-sui-52-milioni-destinati-alle-ulss-venete-esclusa-belluno\/\" \/>\n<meta property=\"og:site_name\" content=\"Bellunopress - Dolomiti\" \/>\n<meta property=\"article:publisher\" content=\"https:\/\/www.facebook.com\/profile.php?id=100008943462799\" \/>\n<meta property=\"article:published_time\" content=\"2021-02-27T17:50:05+00:00\" \/>\n<meta property=\"article:modified_time\" content=\"2021-02-27T18:12:22+00:00\" \/>\n<meta property=\"og:image\" content=\"https:\/\/www.bellunopress.it\/wp-content\/uploads\/2020\/02\/Manuela-Lanzarin.jpg\" \/>\n\t<meta property=\"og:image:width\" content=\"520\" \/>\n\t<meta property=\"og:image:height\" content=\"460\" \/>\n\t<meta property=\"og:image:type\" content=\"image\/jpeg\" \/>\n<meta name=\"author\" content=\"redazione\" \/>\n<meta name=\"twitter:card\" content=\"summary_large_image\" \/>\n<meta name=\"twitter:creator\" content=\"@bellunopress\" \/>\n<meta name=\"twitter:site\" content=\"@bellunopress\" \/>\n<meta name=\"twitter:label1\" content=\"\u00c9crit par\" \/>\n\t<meta name=\"twitter:data1\" content=\"redazione\" \/>\n\t<meta name=\"twitter:label2\" content=\"Dur\u00e9e de lecture estim\u00e9e\" \/>\n\t<meta name=\"twitter:data2\" content=\"2 minutes\" \/>\n<script type=\"application\/ld+json\" class=\"yoast-schema-graph\">{\"@context\":\"https:\\\/\\\/schema.org\",\"@graph\":[{\"@type\":\"Article\",\"@id\":\"https:\\\/\\\/www.bellunopress.it\\\/2021\\\/02\\\/27\\\/lassessore-lanzarin-risponde-sui-52-milioni-destinati-alle-ulss-venete-esclusa-belluno\\\/#article\",\"isPartOf\":{\"@id\":\"https:\\\/\\\/www.bellunopress.it\\\/2021\\\/02\\\/27\\\/lassessore-lanzarin-risponde-sui-52-milioni-destinati-alle-ulss-venete-esclusa-belluno\\\/\"},\"author\":{\"name\":\"redazione\",\"@id\":\"https:\\\/\\\/www.bellunopress.it\\\/#\\\/schema\\\/person\\\/79bb06722b37ece1c03d3e94beb30d73\"},\"headline\":\"L&#8217;assessore Lanzarin risponde sui 52 milioni destinati alle Ulss venete, esclusa Belluno\",\"datePublished\":\"2021-02-27T17:50:05+00:00\",\"dateModified\":\"2021-02-27T18:12:22+00:00\",\"mainEntityOfPage\":{\"@id\":\"https:\\\/\\\/www.bellunopress.it\\\/2021\\\/02\\\/27\\\/lassessore-lanzarin-risponde-sui-52-milioni-destinati-alle-ulss-venete-esclusa-belluno\\\/\"},\"wordCount\":291,\"publisher\":{\"@id\":\"https:\\\/\\\/www.bellunopress.it\\\/#organization\"},\"image\":{\"@id\":\"https:\\\/\\\/www.bellunopress.it\\\/2021\\\/02\\\/27\\\/lassessore-lanzarin-risponde-sui-52-milioni-destinati-alle-ulss-venete-esclusa-belluno\\\/#primaryimage\"},\"thumbnailUrl\":\"https:\\\/\\\/www.bellunopress.it\\\/wp-content\\\/uploads\\\/2020\\\/02\\\/Manuela-Lanzarin.jpg\",\"articleSection\":[\"Cronaca\\\/Politica\",\"Prima Pagina\",\"Sanit\u00e0 Medicina\"],\"inLanguage\":\"fr-FR\"},{\"@type\":\"WebPage\",\"@id\":\"https:\\\/\\\/www.bellunopress.it\\\/2021\\\/02\\\/27\\\/lassessore-lanzarin-risponde-sui-52-milioni-destinati-alle-ulss-venete-esclusa-belluno\\\/\",\"url\":\"https:\\\/\\\/www.bellunopress.it\\\/2021\\\/02\\\/27\\\/lassessore-lanzarin-risponde-sui-52-milioni-destinati-alle-ulss-venete-esclusa-belluno\\\/\",\"name\":\"L'assessore Lanzarin risponde sui 52 milioni destinati alle Ulss venete, esclusa Belluno - Bellunopress - Dolomiti\",\"isPartOf\":{\"@id\":\"https:\\\/\\\/www.bellunopress.it\\\/#website\"},\"primaryImageOfPage\":{\"@id\":\"https:\\\/\\\/www.bellunopress.it\\\/2021\\\/02\\\/27\\\/lassessore-lanzarin-risponde-sui-52-milioni-destinati-alle-ulss-venete-esclusa-belluno\\\/#primaryimage\"},\"image\":{\"@id\":\"https:\\\/\\\/www.bellunopress.it\\\/2021\\\/02\\\/27\\\/lassessore-lanzarin-risponde-sui-52-milioni-destinati-alle-ulss-venete-esclusa-belluno\\\/#primaryimage\"},\"thumbnailUrl\":\"https:\\\/\\\/www.bellunopress.it\\\/wp-content\\\/uploads\\\/2020\\\/02\\\/Manuela-Lanzarin.jpg\",\"datePublished\":\"2021-02-27T17:50:05+00:00\",\"dateModified\":\"2021-02-27T18:12:22+00:00\",\"breadcrumb\":{\"@id\":\"https:\\\/\\\/www.bellunopress.it\\\/2021\\\/02\\\/27\\\/lassessore-lanzarin-risponde-sui-52-milioni-destinati-alle-ulss-venete-esclusa-belluno\\\/#breadcrumb\"},\"inLanguage\":\"fr-FR\",\"potentialAction\":[{\"@type\":\"ReadAction\",\"target\":[\"https:\\\/\\\/www.bellunopress.it\\\/2021\\\/02\\\/27\\\/lassessore-lanzarin-risponde-sui-52-milioni-destinati-alle-ulss-venete-esclusa-belluno\\\/\"]}]},{\"@type\":\"ImageObject\",\"inLanguage\":\"fr-FR\",\"@id\":\"https:\\\/\\\/www.bellunopress.it\\\/2021\\\/02\\\/27\\\/lassessore-lanzarin-risponde-sui-52-milioni-destinati-alle-ulss-venete-esclusa-belluno\\\/#primaryimage\",\"url\":\"https:\\\/\\\/www.bellunopress.it\\\/wp-content\\\/uploads\\\/2020\\\/02\\\/Manuela-Lanzarin.jpg\",\"contentUrl\":\"https:\\\/\\\/www.bellunopress.it\\\/wp-content\\\/uploads\\\/2020\\\/02\\\/Manuela-Lanzarin.jpg\",\"width\":520,\"height\":460,\"caption\":\"Manuela Lanzarin, assessore regionale alla Sanit\u00e0\"},{\"@type\":\"BreadcrumbList\",\"@id\":\"https:\\\/\\\/www.bellunopress.it\\\/2021\\\/02\\\/27\\\/lassessore-lanzarin-risponde-sui-52-milioni-destinati-alle-ulss-venete-esclusa-belluno\\\/#breadcrumb\",\"itemListElement\":[{\"@type\":\"ListItem\",\"position\":1,\"name\":\"Home\",\"item\":\"https:\\\/\\\/www.bellunopress.it\\\/\"},{\"@type\":\"ListItem\",\"position\":2,\"name\":\"L&#8217;assessore Lanzarin risponde sui 52 milioni destinati alle Ulss venete, esclusa Belluno\"}]},{\"@type\":\"WebSite\",\"@id\":\"https:\\\/\\\/www.bellunopress.it\\\/#website\",\"url\":\"https:\\\/\\\/www.bellunopress.it\\\/\",\"name\":\"Bellunopress - Dolomiti\",\"description\":\"e-mail: redazione@bellunopress.it\",\"publisher\":{\"@id\":\"https:\\\/\\\/www.bellunopress.it\\\/#organization\"},\"potentialAction\":[{\"@type\":\"SearchAction\",\"target\":{\"@type\":\"EntryPoint\",\"urlTemplate\":\"https:\\\/\\\/www.bellunopress.it\\\/?s={search_term_string}\"},\"query-input\":{\"@type\":\"PropertyValueSpecification\",\"valueRequired\":true,\"valueName\":\"search_term_string\"}}],\"inLanguage\":\"fr-FR\"},{\"@type\":\"Organization\",\"@id\":\"https:\\\/\\\/www.bellunopress.it\\\/#organization\",\"name\":\"Bellunopress\",\"url\":\"https:\\\/\\\/www.bellunopress.it\\\/\",\"logo\":{\"@type\":\"ImageObject\",\"inLanguage\":\"fr-FR\",\"@id\":\"https:\\\/\\\/www.bellunopress.it\\\/#\\\/schema\\\/logo\\\/image\\\/\",\"url\":\"https:\\\/\\\/www.bellunopress.it\\\/wp-content\\\/uploads\\\/2011\\\/05\\\/cropped-logo-bellunopress-.jpg\",\"contentUrl\":\"https:\\\/\\\/www.bellunopress.it\\\/wp-content\\\/uploads\\\/2011\\\/05\\\/cropped-logo-bellunopress-.jpg\",\"width\":512,\"height\":512,\"caption\":\"Bellunopress\"},\"image\":{\"@id\":\"https:\\\/\\\/www.bellunopress.it\\\/#\\\/schema\\\/logo\\\/image\\\/\"},\"sameAs\":[\"https:\\\/\\\/www.facebook.com\\\/profile.php?id=100008943462799\",\"https:\\\/\\\/x.com\\\/bellunopress\",\"https:\\\/\\\/www.linkedin.com\\\/hp\\\/?dnr=JBzUWaJfMUw8vbXJJ2tVW5-I3jZKvC4wsoxE&amp;amp;amp;amp;amp;amp;trk=nav_responsive_tab_home\",\"https:\\\/\\\/www.youtube.com\\\/channel\\\/UCxL0wu1uN0_3_7hGG0306cw\"]},{\"@type\":\"Person\",\"@id\":\"https:\\\/\\\/www.bellunopress.it\\\/#\\\/schema\\\/person\\\/79bb06722b37ece1c03d3e94beb30d73\",\"name\":\"redazione\",\"image\":{\"@type\":\"ImageObject\",\"inLanguage\":\"fr-FR\",\"@id\":\"https:\\\/\\\/secure.gravatar.com\\\/avatar\\\/37d968a2e67a6fd04c169c4bdef102d0bc5d31b2546345219e348575eb80e9a0?s=96&d=mm&r=g\",\"url\":\"https:\\\/\\\/secure.gravatar.com\\\/avatar\\\/37d968a2e67a6fd04c169c4bdef102d0bc5d31b2546345219e348575eb80e9a0?s=96&d=mm&r=g\",\"contentUrl\":\"https:\\\/\\\/secure.gravatar.com\\\/avatar\\\/37d968a2e67a6fd04c169c4bdef102d0bc5d31b2546345219e348575eb80e9a0?s=96&d=mm&r=g\",\"caption\":\"redazione\"},\"sameAs\":[\"http:\\\/\\\/www.bellunopress.it\",\"https:\\\/\\\/x.com\\\/bellunopress\"],\"url\":\"https:\\\/\\\/www.bellunopress.it\\\/fr\\\/author\\\/redazione\\\/\"}]}<\/script>\n<!-- \/ Yoast SEO plugin. -->","yoast_head_json":{"title":"L'assessore Lanzarin risponde sui 52 milioni destinati alle Ulss venete, esclusa Belluno - Bellunopress - Dolomiti","robots":{"index":"index","follow":"follow","max-snippet":"max-snippet:-1","max-image-preview":"max-image-preview:large","max-video-preview":"max-video-preview:-1"},"canonical":"https:\/\/www.bellunopress.it\/fr\/2021\/02\/27\/lassessore-lanzarin-risponde-sui-52-milioni-destinati-alle-ulss-venete-esclusa-belluno\/","og_locale":"fr_FR","og_type":"article","og_title":"L'assessore Lanzarin risponde sui 52 milioni destinati alle Ulss venete, esclusa Belluno - Bellunopress - Dolomiti","og_description":"Dopo le varie proteste per i mancati stanziamenti della Regione Veneto all&#8217;Ulss 1 Dolomiti (nulla dei 52 milioni), nell&#8217;ordine, quella del sindaco di Belluno Massaro il 19 febbraio, del consigliere regionale Lorenzoni 21 febbraio, del segretario del Pd di Belluno De Moliner 22 febbraio, e per ultima l&#8217;interrogazione dei consiglieri regionali Bigon e Zanoni, oggi [&hellip;]","og_url":"https:\/\/www.bellunopress.it\/fr\/2021\/02\/27\/lassessore-lanzarin-risponde-sui-52-milioni-destinati-alle-ulss-venete-esclusa-belluno\/","og_site_name":"Bellunopress - Dolomiti","article_publisher":"https:\/\/www.facebook.com\/profile.php?id=100008943462799","article_published_time":"2021-02-27T17:50:05+00:00","article_modified_time":"2021-02-27T18:12:22+00:00","og_image":[{"width":520,"height":460,"url":"https:\/\/www.bellunopress.it\/wp-content\/uploads\/2020\/02\/Manuela-Lanzarin.jpg","type":"image\/jpeg"}],"author":"redazione","twitter_card":"summary_large_image","twitter_creator":"@bellunopress","twitter_site":"@bellunopress","twitter_misc":{"\u00c9crit par":"redazione","Dur\u00e9e de lecture estim\u00e9e":"2 minutes"},"schema":{"@context":"https:\/\/schema.org","@graph":[{"@type":"Article","@id":"https:\/\/www.bellunopress.it\/2021\/02\/27\/lassessore-lanzarin-risponde-sui-52-milioni-destinati-alle-ulss-venete-esclusa-belluno\/#article","isPartOf":{"@id":"https:\/\/www.bellunopress.it\/2021\/02\/27\/lassessore-lanzarin-risponde-sui-52-milioni-destinati-alle-ulss-venete-esclusa-belluno\/"},"author":{"name":"redazione","@id":"https:\/\/www.bellunopress.it\/#\/schema\/person\/79bb06722b37ece1c03d3e94beb30d73"},"headline":"L&#8217;assessore Lanzarin risponde sui 52 milioni destinati alle Ulss venete, esclusa Belluno","datePublished":"2021-02-27T17:50:05+00:00","dateModified":"2021-02-27T18:12:22+00:00","mainEntityOfPage":{"@id":"https:\/\/www.bellunopress.it\/2021\/02\/27\/lassessore-lanzarin-risponde-sui-52-milioni-destinati-alle-ulss-venete-esclusa-belluno\/"},"wordCount":291,"publisher":{"@id":"https:\/\/www.bellunopress.it\/#organization"},"image":{"@id":"https:\/\/www.bellunopress.it\/2021\/02\/27\/lassessore-lanzarin-risponde-sui-52-milioni-destinati-alle-ulss-venete-esclusa-belluno\/#primaryimage"},"thumbnailUrl":"https:\/\/www.bellunopress.it\/wp-content\/uploads\/2020\/02\/Manuela-Lanzarin.jpg","articleSection":["Cronaca\/Politica","Prima Pagina","Sanit\u00e0 Medicina"],"inLanguage":"fr-FR"},{"@type":"WebPage","@id":"https:\/\/www.bellunopress.it\/2021\/02\/27\/lassessore-lanzarin-risponde-sui-52-milioni-destinati-alle-ulss-venete-esclusa-belluno\/","url":"https:\/\/www.bellunopress.it\/2021\/02\/27\/lassessore-lanzarin-risponde-sui-52-milioni-destinati-alle-ulss-venete-esclusa-belluno\/","name":"L'assessore Lanzarin risponde sui 52 milioni destinati alle Ulss venete, esclusa Belluno - Bellunopress - Dolomiti","isPartOf":{"@id":"https:\/\/www.bellunopress.it\/#website"},"primaryImageOfPage":{"@id":"https:\/\/www.bellunopress.it\/2021\/02\/27\/lassessore-lanzarin-risponde-sui-52-milioni-destinati-alle-ulss-venete-esclusa-belluno\/#primaryimage"},"image":{"@id":"https:\/\/www.bellunopress.it\/2021\/02\/27\/lassessore-lanzarin-risponde-sui-52-milioni-destinati-alle-ulss-venete-esclusa-belluno\/#primaryimage"},"thumbnailUrl":"https:\/\/www.bellunopress.it\/wp-content\/uploads\/2020\/02\/Manuela-Lanzarin.jpg","datePublished":"2021-02-27T17:50:05+00:00","dateModified":"2021-02-27T18:12:22+00:00","breadcrumb":{"@id":"https:\/\/www.bellunopress.it\/2021\/02\/27\/lassessore-lanzarin-risponde-sui-52-milioni-destinati-alle-ulss-venete-esclusa-belluno\/#breadcrumb"},"inLanguage":"fr-FR","potentialAction":[{"@type":"ReadAction","target":["https:\/\/www.bellunopress.it\/2021\/02\/27\/lassessore-lanzarin-risponde-sui-52-milioni-destinati-alle-ulss-venete-esclusa-belluno\/"]}]},{"@type":"ImageObject","inLanguage":"fr-FR","@id":"https:\/\/www.bellunopress.it\/2021\/02\/27\/lassessore-lanzarin-risponde-sui-52-milioni-destinati-alle-ulss-venete-esclusa-belluno\/#primaryimage","url":"https:\/\/www.bellunopress.it\/wp-content\/uploads\/2020\/02\/Manuela-Lanzarin.jpg","contentUrl":"https:\/\/www.bellunopress.it\/wp-content\/uploads\/2020\/02\/Manuela-Lanzarin.jpg","width":520,"height":460,"caption":"Manuela Lanzarin, assessore regionale alla Sanit\u00e0"},{"@type":"BreadcrumbList","@id":"https:\/\/www.bellunopress.it\/2021\/02\/27\/lassessore-lanzarin-risponde-sui-52-milioni-destinati-alle-ulss-venete-esclusa-belluno\/#breadcrumb","itemListElement":[{"@type":"ListItem","position":1,"name":"Home","item":"https:\/\/www.bellunopress.it\/"},{"@type":"ListItem","position":2,"name":"L&#8217;assessore Lanzarin risponde sui 52 milioni destinati alle Ulss venete, esclusa Belluno"}]},{"@type":"WebSite","@id":"https:\/\/www.bellunopress.it\/#website","url":"https:\/\/www.bellunopress.it\/","name":"Bellunopress - Dolomiti","description":"e-mail: redazione@bellunopress.it","publisher":{"@id":"https:\/\/www.bellunopress.it\/#organization"},"potentialAction":[{"@type":"SearchAction","target":{"@type":"EntryPoint","urlTemplate":"https:\/\/www.bellunopress.it\/?s={search_term_string}"},"query-input":{"@type":"PropertyValueSpecification","valueRequired":true,"valueName":"search_term_string"}}],"inLanguage":"fr-FR"},{"@type":"Organization","@id":"https:\/\/www.bellunopress.it\/#organization","name":"Bellunopress","url":"https:\/\/www.bellunopress.it\/","logo":{"@type":"ImageObject","inLanguage":"fr-FR","@id":"https:\/\/www.bellunopress.it\/#\/schema\/logo\/image\/","url":"https:\/\/www.bellunopress.it\/wp-content\/uploads\/2011\/05\/cropped-logo-bellunopress-.jpg","contentUrl":"https:\/\/www.bellunopress.it\/wp-content\/uploads\/2011\/05\/cropped-logo-bellunopress-.jpg","width":512,"height":512,"caption":"Bellunopress"},"image":{"@id":"https:\/\/www.bellunopress.it\/#\/schema\/logo\/image\/"},"sameAs":["https:\/\/www.facebook.com\/profile.php?id=100008943462799","https:\/\/x.com\/bellunopress","https:\/\/www.linkedin.com\/hp\/?dnr=JBzUWaJfMUw8vbXJJ2tVW5-I3jZKvC4wsoxE&amp;amp;amp;amp;amp;amp;trk=nav_responsive_tab_home","https:\/\/www.youtube.com\/channel\/UCxL0wu1uN0_3_7hGG0306cw"]},{"@type":"Person","@id":"https:\/\/www.bellunopress.it\/#\/schema\/person\/79bb06722b37ece1c03d3e94beb30d73","name":"r\u00e9daction","image":{"@type":"ImageObject","inLanguage":"fr-FR","@id":"https:\/\/secure.gravatar.com\/avatar\/37d968a2e67a6fd04c169c4bdef102d0bc5d31b2546345219e348575eb80e9a0?s=96&d=mm&r=g","url":"https:\/\/secure.gravatar.com\/avatar\/37d968a2e67a6fd04c169c4bdef102d0bc5d31b2546345219e348575eb80e9a0?s=96&d=mm&r=g","contentUrl":"https:\/\/secure.gravatar.com\/avatar\/37d968a2e67a6fd04c169c4bdef102d0bc5d31b2546345219e348575eb80e9a0?s=96&d=mm&r=g","caption":"redazione"},"sameAs":["http:\/\/www.bellunopress.it","https:\/\/x.com\/bellunopress"],"url":"https:\/\/www.bellunopress.it\/fr\/author\/redazione\/"}]}},"_links":{"self":[{"href":"https:\/\/www.bellunopress.it\/fr\/wp-json\/wp\/v2\/posts\/122093","targetHints":{"allow":["GET"]}}],"collection":[{"href":"https:\/\/www.bellunopress.it\/fr\/wp-json\/wp\/v2\/posts"}],"about":[{"href":"https:\/\/www.bellunopress.it\/fr\/wp-json\/wp\/v2\/types\/post"}],"author":[{"embeddable":true,"href":"https:\/\/www.bellunopress.it\/fr\/wp-json\/wp\/v2\/users\/2"}],"replies":[{"embeddable":true,"href":"https:\/\/www.bellunopress.it\/fr\/wp-json\/wp\/v2\/comments?post=122093"}],"version-history":[{"count":3,"href":"https:\/\/www.bellunopress.it\/fr\/wp-json\/wp\/v2\/posts\/122093\/revisions"}],"predecessor-version":[{"id":122096,"href":"https:\/\/www.bellunopress.it\/fr\/wp-json\/wp\/v2\/posts\/122093\/revisions\/122096"}],"wp:featuredmedia":[{"embeddable":true,"href":"https:\/\/www.bellunopress.it\/fr\/wp-json\/wp\/v2\/media\/112510"}],"wp:attachment":[{"href":"https:\/\/www.bellunopress.it\/fr\/wp-json\/wp\/v2\/media?parent=122093"}],"wp:term":[{"taxonomy":"category","embeddable":true,"href":"https:\/\/www.bellunopress.it\/fr\/wp-json\/wp\/v2\/categories?post=122093"},{"taxonomy":"post_tag","embeddable":true,"href":"https:\/\/www.bellunopress.it\/fr\/wp-json\/wp\/v2\/tags?post=122093"}],"curies":[{"name":"wp","href":"https:\/\/api.w.org\/{rel}","templated":true}]}}