{"id":122089,"date":"2021-02-27T18:06:27","date_gmt":"2021-02-27T17:06:27","guid":{"rendered":"http:\/\/www.bellunopress.it\/?p=122089"},"modified":"2021-02-27T19:46:56","modified_gmt":"2021-02-27T18:46:56","slug":"italia-polo-challenge-questa-mattina-la-sfilata-in-centro-cortina-preceduti-dai-carabinieri-a-cavallo","status":"publish","type":"post","link":"https:\/\/www.bellunopress.it\/fr\/2021\/02\/27\/italia-polo-challenge-questa-mattina-la-sfilata-in-centro-cortina-preceduti-dai-carabinieri-a-cavallo\/","title":{"rendered":"Italia Polo Challenge. Questa mattina la sfilata in centro Cortina preceduti dai carabinieri a cavallo"},"content":{"rendered":"<figure id=\"attachment_122090\" aria-describedby=\"caption-attachment-122090\" style=\"width: 720px\" class=\"wp-caption alignleft\"><a href=\"http:\/\/www.bellunopress.it\/fr\/2021\/02\/27\/italia-polo-challenge-questa-mattina-la-sfilata-in-centro-cortina-preceduti-dai-carabinieri-a-cavallo\/carabinieri-a-cavallo-cortina_edited\/\" rel=\"attachment wp-att-122090\"><img loading=\"lazy\" decoding=\"async\" class=\"size-full wp-image-122090\" src=\"http:\/\/www.bellunopress.it\/wp-content\/uploads\/2021\/02\/carabinieri-a-cavallo-cortina_edited.jpg\" alt=\"\" width=\"720\" height=\"886\" srcset=\"https:\/\/www.bellunopress.it\/wp-content\/uploads\/2021\/02\/carabinieri-a-cavallo-cortina_edited.jpg 720w, https:\/\/www.bellunopress.it\/wp-content\/uploads\/2021\/02\/carabinieri-a-cavallo-cortina_edited-406x500.jpg 406w, https:\/\/www.bellunopress.it\/wp-content\/uploads\/2021\/02\/carabinieri-a-cavallo-cortina_edited-324x400.jpg 324w, https:\/\/www.bellunopress.it\/wp-content\/uploads\/2021\/02\/carabinieri-a-cavallo-cortina_edited-696x856.jpg 696w, https:\/\/www.bellunopress.it\/wp-content\/uploads\/2021\/02\/carabinieri-a-cavallo-cortina_edited-341x420.jpg 341w\" sizes=\"auto, (max-width: 720px) 100vw, 720px\" \/><\/a><figcaption id=\"caption-attachment-122090\" class=\"wp-caption-text\">I carabinieri del Reparto Biodiversit\u00e0 di Celarda di Feltre (Foto: Dario Dall&#8217;Olio)<\/figcaption><\/figure>\n<p>Italia Polo Challenge, evento che conferma il polo \u2018on snow\u2019 tra gli appuntamenti sportivi pi\u00f9 attesi di Cortina d\u2019Ampezzo, prosegue, seppure a porte chiuse, il suo cammino.<br \/>\nQuella giocata questa mattina sul campo sportivo di Fiames \u00e8 stata una bellissima esibizione della spettacolare disciplina che ancora una volta ha trovato nella Regina delle Dolomiti palcoscenico eccellente e spettacolare.<\/p>\n<p>Con inizio alle 8:30, oggi sabato 27 febbraio il test match tra U.S. Polo Assn.\/Lusben Polo Team e Battistoni\/Mediolanum Polo Team \u00e8 stato infatti regolarmente giocato, seppur in orario diverso, rispetto alle 18:00 del programma originario.<br \/>\nLa decisione di anticipare la partita \u00e8 stata presa dagli organizzatori per garantire la migliore condizione del fondo di gara e l&#8217;avvincente partita si \u00e8 chiusa 4 a 3 in favore del team U.S. Polo Assn.\/Lusben su Battistoni\/Mediolanun.<\/p>\n<figure id=\"attachment_122097\" aria-describedby=\"caption-attachment-122097\" style=\"width: 1000px\" class=\"wp-caption alignleft\"><a href=\"http:\/\/www.bellunopress.it\/fr\/2021\/02\/27\/italia-polo-challenge-questa-mattina-la-sfilata-in-centro-cortina-preceduti-dai-carabinieri-a-cavallo\/carabinieri-a-cavallo_edited\/\" rel=\"attachment wp-att-122097\"><img loading=\"lazy\" decoding=\"async\" class=\"size-full wp-image-122097\" src=\"http:\/\/www.bellunopress.it\/wp-content\/uploads\/2021\/02\/carabinieri-a-cavallo_edited.jpg\" alt=\"\" width=\"1000\" height=\"929\" srcset=\"https:\/\/www.bellunopress.it\/wp-content\/uploads\/2021\/02\/carabinieri-a-cavallo_edited.jpg 1000w, https:\/\/www.bellunopress.it\/wp-content\/uploads\/2021\/02\/carabinieri-a-cavallo_edited-500x465.jpg 500w, https:\/\/www.bellunopress.it\/wp-content\/uploads\/2021\/02\/carabinieri-a-cavallo_edited-696x647.jpg 696w, https:\/\/www.bellunopress.it\/wp-content\/uploads\/2021\/02\/carabinieri-a-cavallo_edited-452x420.jpg 452w\" sizes=\"auto, (max-width: 1000px) 100vw, 1000px\" \/><\/a><figcaption id=\"caption-attachment-122097\" class=\"wp-caption-text\">(foto: Dario Dall&#8217;Olio)<\/figcaption><\/figure>\n<p>I giocatori delle due squadre alle 11:30, festeggiatissimi, hanno sfilato, preceduti da una pattuglia di carabinieri in sella a due magnifici esemplari di cavalli murgesi (Raggruppamento Biodiversit\u00e0 nucleo tutela biodiversit\u00e0 reparto a cavallo di Vincheto di Celarda nel Comune di Feltre) lungo Corso Italia sostando poi alla Conchiglia in Piazza Angelo Dibona per ricevere il benvenuto da parte del sindaco di Cortina d\u2019Ampezzo, Gianpietro Ghedina.<\/p>\n<p>Confermata per le 18:00 anche la trasmissione in streaming, ma in differita, del test match dai siti web della Federazione Italiana Sport Equestri (www.fise.it), di Italia Polo Challenge (www.italiapolochallenge.it, del Corriere dello Sport (www.corrieredellosport.it) di Cavallo Magazine (www.cavallomagazine.it) e di Globalpolo (www.globalpolo.com).<\/p>\n<p><strong>Agonismo e far play<\/strong><\/p>\n<p>La luce di una splendida mattinata ha fatto da straordinaria cornice al test match giocato con intensit\u00e0 tra U.S. Polo Assn.\/Lusben (formato dalla cinese Eclair Chen e dagli spagnoli Pelayo Berazadi e Juan Clemente Marambio) e Battistoni\/Mediolanum (composto dall\u2019italiano Stefano Giansanti, dall\u2019argentino Patricio Rattagan e dal tedesco Alexander Hauptmann).<\/p>\n<p>I sei giocatori, in rappresentanza di cinque nazioni schierati dai due Polo Team, si sono affrontati in una partita incerta fino alla fine che ha visto prevalere per quattro a tre U.S. Polo Assn.\/Lusben.<\/p>\n<p>Pi\u00f9 che il risultato finale, per\u00f2, a segnare la giornata \u00e8 stato un \u201cci siamo davvero divertiti\u201d con il quale i polo player si sono salutati al termine del test match.<\/p>\n<p>Il team vincitore ha costruito il suo successo nel primo \u2018chukka\u2019 con due punizioni messe a segno dalla capitana, la cinese Eclair Chen, ed un goal su azione dello spagnolo Juan Clemente Marambio. L\u2019argentino Patricio Rattagan ha invece realizzato una punizione per Battistoni\/Mediolanum, team che nel secondo \u2018chukka\u2019 ha portato in parit\u00e0 il match grazie le marcature del tedesco Alexander Hauptmann e dell\u2019italiano Stefano Giansanti.<\/p>\n<p>Nel terzo \u2018chukka\u2019 decisiva \u00e8 stata la rete dello spagnolo Pelayo Berazadi che ha riportato in vantaggio U.S. Polo Assn.\/Lusben. Vantaggio mantenuto anche nella quarta ed ultima frazione di gioco nonostante il pressing di Battistoni\/Mediolanum.<\/p>\n<p>\u00a9 Equi-Equipe per IPC Cortina 2021<\/p>","protected":false},"excerpt":{"rendered":"<p>Italia Polo Challenge, evento che conferma il polo \u2018on snow\u2019 tra gli appuntamenti sportivi pi\u00f9 attesi di Cortina d\u2019Ampezzo, prosegue, seppure a porte chiuse, il suo cammino. Quella giocata questa mattina sul campo sportivo di Fiames \u00e8 stata una bellissima esibizione della spettacolare disciplina che ancora una volta ha trovato nella Regina delle Dolomiti palcoscenico [&hellip;]<\/p>\n","protected":false},"author":2,"featured_media":122097,"comment_status":"closed","ping_status":"open","sticky":false,"template":"","format":"standard","meta":{"footnotes":""},"categories":[26,4],"tags":[],"class_list":["post-122089","post","type-post","status-publish","format-standard","has-post-thumbnail","category-prima-pagina","category-sport"],"yoast_head":"<!-- This site is optimized with the Yoast SEO plugin v28.4 - https:\/\/yoast.com\/product\/yoast-seo-wordpress\/ -->\n<title>Italia Polo Challenge. Questa mattina la sfilata in centro Cortina preceduti dai carabinieri a cavallo - Bellunopress - Dolomiti<\/title>\n<meta name=\"robots\" content=\"index, follow, max-snippet:-1, max-image-preview:large, max-video-preview:-1\" \/>\n<link rel=\"canonical\" href=\"https:\/\/www.bellunopress.it\/fr\/2021\/02\/27\/italia-polo-challenge-questa-mattina-la-sfilata-in-centro-cortina-preceduti-dai-carabinieri-a-cavallo\/\" \/>\n<meta property=\"og:locale\" content=\"fr_FR\" \/>\n<meta property=\"og:type\" content=\"article\" \/>\n<meta property=\"og:title\" content=\"Italia Polo Challenge. Questa mattina la sfilata in centro Cortina preceduti dai carabinieri a cavallo - Bellunopress - Dolomiti\" \/>\n<meta property=\"og:description\" content=\"Italia Polo Challenge, evento che conferma il polo \u2018on snow\u2019 tra gli appuntamenti sportivi pi\u00f9 attesi di Cortina d\u2019Ampezzo, prosegue, seppure a porte chiuse, il suo cammino. Quella giocata questa mattina sul campo sportivo di Fiames \u00e8 stata una bellissima esibizione della spettacolare disciplina che ancora una volta ha trovato nella Regina delle Dolomiti palcoscenico [&hellip;]\" \/>\n<meta property=\"og:url\" content=\"https:\/\/www.bellunopress.it\/fr\/2021\/02\/27\/italia-polo-challenge-questa-mattina-la-sfilata-in-centro-cortina-preceduti-dai-carabinieri-a-cavallo\/\" \/>\n<meta property=\"og:site_name\" content=\"Bellunopress - Dolomiti\" \/>\n<meta property=\"article:publisher\" content=\"https:\/\/www.facebook.com\/profile.php?id=100008943462799\" \/>\n<meta property=\"article:published_time\" content=\"2021-02-27T17:06:27+00:00\" \/>\n<meta property=\"article:modified_time\" content=\"2021-02-27T18:46:56+00:00\" \/>\n<meta property=\"og:image\" content=\"https:\/\/www.bellunopress.it\/wp-content\/uploads\/2021\/02\/carabinieri-a-cavallo_edited.jpg\" \/>\n\t<meta property=\"og:image:width\" content=\"1000\" \/>\n\t<meta property=\"og:image:height\" content=\"929\" \/>\n\t<meta property=\"og:image:type\" content=\"image\/jpeg\" \/>\n<meta name=\"author\" content=\"redazione\" \/>\n<meta name=\"twitter:card\" content=\"summary_large_image\" \/>\n<meta name=\"twitter:creator\" content=\"@bellunopress\" \/>\n<meta name=\"twitter:site\" content=\"@bellunopress\" \/>\n<meta name=\"twitter:label1\" content=\"\u00c9crit par\" \/>\n\t<meta name=\"twitter:data1\" content=\"redazione\" \/>\n\t<meta name=\"twitter:label2\" content=\"Dur\u00e9e de lecture estim\u00e9e\" \/>\n\t<meta name=\"twitter:data2\" content=\"3 minutes\" \/>\n<script type=\"application\/ld+json\" class=\"yoast-schema-graph\">{\"@context\":\"https:\\\/\\\/schema.org\",\"@graph\":[{\"@type\":\"Article\",\"@id\":\"https:\\\/\\\/www.bellunopress.it\\\/2021\\\/02\\\/27\\\/italia-polo-challenge-questa-mattina-la-sfilata-in-centro-cortina-preceduti-dai-carabinieri-a-cavallo\\\/#article\",\"isPartOf\":{\"@id\":\"https:\\\/\\\/www.bellunopress.it\\\/2021\\\/02\\\/27\\\/italia-polo-challenge-questa-mattina-la-sfilata-in-centro-cortina-preceduti-dai-carabinieri-a-cavallo\\\/\"},\"author\":{\"name\":\"redazione\",\"@id\":\"https:\\\/\\\/www.bellunopress.it\\\/#\\\/schema\\\/person\\\/79bb06722b37ece1c03d3e94beb30d73\"},\"headline\":\"Italia Polo Challenge. Questa mattina la sfilata in centro Cortina preceduti dai carabinieri a cavallo\",\"datePublished\":\"2021-02-27T17:06:27+00:00\",\"dateModified\":\"2021-02-27T18:46:56+00:00\",\"mainEntityOfPage\":{\"@id\":\"https:\\\/\\\/www.bellunopress.it\\\/2021\\\/02\\\/27\\\/italia-polo-challenge-questa-mattina-la-sfilata-in-centro-cortina-preceduti-dai-carabinieri-a-cavallo\\\/\"},\"wordCount\":526,\"publisher\":{\"@id\":\"https:\\\/\\\/www.bellunopress.it\\\/#organization\"},\"image\":{\"@id\":\"https:\\\/\\\/www.bellunopress.it\\\/2021\\\/02\\\/27\\\/italia-polo-challenge-questa-mattina-la-sfilata-in-centro-cortina-preceduti-dai-carabinieri-a-cavallo\\\/#primaryimage\"},\"thumbnailUrl\":\"https:\\\/\\\/www.bellunopress.it\\\/wp-content\\\/uploads\\\/2021\\\/02\\\/carabinieri-a-cavallo_edited.jpg\",\"articleSection\":[\"Prima Pagina\",\"Sport, tempo libero\"],\"inLanguage\":\"fr-FR\"},{\"@type\":\"WebPage\",\"@id\":\"https:\\\/\\\/www.bellunopress.it\\\/2021\\\/02\\\/27\\\/italia-polo-challenge-questa-mattina-la-sfilata-in-centro-cortina-preceduti-dai-carabinieri-a-cavallo\\\/\",\"url\":\"https:\\\/\\\/www.bellunopress.it\\\/2021\\\/02\\\/27\\\/italia-polo-challenge-questa-mattina-la-sfilata-in-centro-cortina-preceduti-dai-carabinieri-a-cavallo\\\/\",\"name\":\"Italia Polo Challenge. Questa mattina la sfilata in centro Cortina preceduti dai carabinieri a cavallo - Bellunopress - Dolomiti\",\"isPartOf\":{\"@id\":\"https:\\\/\\\/www.bellunopress.it\\\/#website\"},\"primaryImageOfPage\":{\"@id\":\"https:\\\/\\\/www.bellunopress.it\\\/2021\\\/02\\\/27\\\/italia-polo-challenge-questa-mattina-la-sfilata-in-centro-cortina-preceduti-dai-carabinieri-a-cavallo\\\/#primaryimage\"},\"image\":{\"@id\":\"https:\\\/\\\/www.bellunopress.it\\\/2021\\\/02\\\/27\\\/italia-polo-challenge-questa-mattina-la-sfilata-in-centro-cortina-preceduti-dai-carabinieri-a-cavallo\\\/#primaryimage\"},\"thumbnailUrl\":\"https:\\\/\\\/www.bellunopress.it\\\/wp-content\\\/uploads\\\/2021\\\/02\\\/carabinieri-a-cavallo_edited.jpg\",\"datePublished\":\"2021-02-27T17:06:27+00:00\",\"dateModified\":\"2021-02-27T18:46:56+00:00\",\"breadcrumb\":{\"@id\":\"https:\\\/\\\/www.bellunopress.it\\\/2021\\\/02\\\/27\\\/italia-polo-challenge-questa-mattina-la-sfilata-in-centro-cortina-preceduti-dai-carabinieri-a-cavallo\\\/#breadcrumb\"},\"inLanguage\":\"fr-FR\",\"potentialAction\":[{\"@type\":\"ReadAction\",\"target\":[\"https:\\\/\\\/www.bellunopress.it\\\/2021\\\/02\\\/27\\\/italia-polo-challenge-questa-mattina-la-sfilata-in-centro-cortina-preceduti-dai-carabinieri-a-cavallo\\\/\"]}]},{\"@type\":\"ImageObject\",\"inLanguage\":\"fr-FR\",\"@id\":\"https:\\\/\\\/www.bellunopress.it\\\/2021\\\/02\\\/27\\\/italia-polo-challenge-questa-mattina-la-sfilata-in-centro-cortina-preceduti-dai-carabinieri-a-cavallo\\\/#primaryimage\",\"url\":\"https:\\\/\\\/www.bellunopress.it\\\/wp-content\\\/uploads\\\/2021\\\/02\\\/carabinieri-a-cavallo_edited.jpg\",\"contentUrl\":\"https:\\\/\\\/www.bellunopress.it\\\/wp-content\\\/uploads\\\/2021\\\/02\\\/carabinieri-a-cavallo_edited.jpg\",\"width\":1000,\"height\":929,\"caption\":\"(foto: Dario Dall'Olio)\"},{\"@type\":\"BreadcrumbList\",\"@id\":\"https:\\\/\\\/www.bellunopress.it\\\/2021\\\/02\\\/27\\\/italia-polo-challenge-questa-mattina-la-sfilata-in-centro-cortina-preceduti-dai-carabinieri-a-cavallo\\\/#breadcrumb\",\"itemListElement\":[{\"@type\":\"ListItem\",\"position\":1,\"name\":\"Home\",\"item\":\"https:\\\/\\\/www.bellunopress.it\\\/\"},{\"@type\":\"ListItem\",\"position\":2,\"name\":\"Italia Polo Challenge. Questa mattina la sfilata in centro Cortina preceduti dai carabinieri a cavallo\"}]},{\"@type\":\"WebSite\",\"@id\":\"https:\\\/\\\/www.bellunopress.it\\\/#website\",\"url\":\"https:\\\/\\\/www.bellunopress.it\\\/\",\"name\":\"Bellunopress - Dolomiti\",\"description\":\"e-mail: redazione@bellunopress.it\",\"publisher\":{\"@id\":\"https:\\\/\\\/www.bellunopress.it\\\/#organization\"},\"potentialAction\":[{\"@type\":\"SearchAction\",\"target\":{\"@type\":\"EntryPoint\",\"urlTemplate\":\"https:\\\/\\\/www.bellunopress.it\\\/?s={search_term_string}\"},\"query-input\":{\"@type\":\"PropertyValueSpecification\",\"valueRequired\":true,\"valueName\":\"search_term_string\"}}],\"inLanguage\":\"fr-FR\"},{\"@type\":\"Organization\",\"@id\":\"https:\\\/\\\/www.bellunopress.it\\\/#organization\",\"name\":\"Bellunopress\",\"url\":\"https:\\\/\\\/www.bellunopress.it\\\/\",\"logo\":{\"@type\":\"ImageObject\",\"inLanguage\":\"fr-FR\",\"@id\":\"https:\\\/\\\/www.bellunopress.it\\\/#\\\/schema\\\/logo\\\/image\\\/\",\"url\":\"https:\\\/\\\/www.bellunopress.it\\\/wp-content\\\/uploads\\\/2011\\\/05\\\/cropped-logo-bellunopress-.jpg\",\"contentUrl\":\"https:\\\/\\\/www.bellunopress.it\\\/wp-content\\\/uploads\\\/2011\\\/05\\\/cropped-logo-bellunopress-.jpg\",\"width\":512,\"height\":512,\"caption\":\"Bellunopress\"},\"image\":{\"@id\":\"https:\\\/\\\/www.bellunopress.it\\\/#\\\/schema\\\/logo\\\/image\\\/\"},\"sameAs\":[\"https:\\\/\\\/www.facebook.com\\\/profile.php?id=100008943462799\",\"https:\\\/\\\/x.com\\\/bellunopress\",\"https:\\\/\\\/www.linkedin.com\\\/hp\\\/?dnr=JBzUWaJfMUw8vbXJJ2tVW5-I3jZKvC4wsoxE&amp;amp;amp;amp;amp;amp;trk=nav_responsive_tab_home\",\"https:\\\/\\\/www.youtube.com\\\/channel\\\/UCxL0wu1uN0_3_7hGG0306cw\"]},{\"@type\":\"Person\",\"@id\":\"https:\\\/\\\/www.bellunopress.it\\\/#\\\/schema\\\/person\\\/79bb06722b37ece1c03d3e94beb30d73\",\"name\":\"redazione\",\"image\":{\"@type\":\"ImageObject\",\"inLanguage\":\"fr-FR\",\"@id\":\"https:\\\/\\\/secure.gravatar.com\\\/avatar\\\/37d968a2e67a6fd04c169c4bdef102d0bc5d31b2546345219e348575eb80e9a0?s=96&d=mm&r=g\",\"url\":\"https:\\\/\\\/secure.gravatar.com\\\/avatar\\\/37d968a2e67a6fd04c169c4bdef102d0bc5d31b2546345219e348575eb80e9a0?s=96&d=mm&r=g\",\"contentUrl\":\"https:\\\/\\\/secure.gravatar.com\\\/avatar\\\/37d968a2e67a6fd04c169c4bdef102d0bc5d31b2546345219e348575eb80e9a0?s=96&d=mm&r=g\",\"caption\":\"redazione\"},\"sameAs\":[\"http:\\\/\\\/www.bellunopress.it\",\"https:\\\/\\\/x.com\\\/bellunopress\"],\"url\":\"https:\\\/\\\/www.bellunopress.it\\\/fr\\\/author\\\/redazione\\\/\"}]}<\/script>\n<!-- \/ Yoast SEO plugin. -->","yoast_head_json":{"title":"Italia Polo Challenge. Questa mattina la sfilata in centro Cortina preceduti dai carabinieri a cavallo - Bellunopress - Dolomiti","robots":{"index":"index","follow":"follow","max-snippet":"max-snippet:-1","max-image-preview":"max-image-preview:large","max-video-preview":"max-video-preview:-1"},"canonical":"https:\/\/www.bellunopress.it\/fr\/2021\/02\/27\/italia-polo-challenge-questa-mattina-la-sfilata-in-centro-cortina-preceduti-dai-carabinieri-a-cavallo\/","og_locale":"fr_FR","og_type":"article","og_title":"Italia Polo Challenge. Questa mattina la sfilata in centro Cortina preceduti dai carabinieri a cavallo - Bellunopress - Dolomiti","og_description":"Italia Polo Challenge, evento che conferma il polo \u2018on snow\u2019 tra gli appuntamenti sportivi pi\u00f9 attesi di Cortina d\u2019Ampezzo, prosegue, seppure a porte chiuse, il suo cammino. Quella giocata questa mattina sul campo sportivo di Fiames \u00e8 stata una bellissima esibizione della spettacolare disciplina che ancora una volta ha trovato nella Regina delle Dolomiti palcoscenico [&hellip;]","og_url":"https:\/\/www.bellunopress.it\/fr\/2021\/02\/27\/italia-polo-challenge-questa-mattina-la-sfilata-in-centro-cortina-preceduti-dai-carabinieri-a-cavallo\/","og_site_name":"Bellunopress - Dolomiti","article_publisher":"https:\/\/www.facebook.com\/profile.php?id=100008943462799","article_published_time":"2021-02-27T17:06:27+00:00","article_modified_time":"2021-02-27T18:46:56+00:00","og_image":[{"width":1000,"height":929,"url":"https:\/\/www.bellunopress.it\/wp-content\/uploads\/2021\/02\/carabinieri-a-cavallo_edited.jpg","type":"image\/jpeg"}],"author":"redazione","twitter_card":"summary_large_image","twitter_creator":"@bellunopress","twitter_site":"@bellunopress","twitter_misc":{"\u00c9crit par":"redazione","Dur\u00e9e de lecture estim\u00e9e":"3 minutes"},"schema":{"@context":"https:\/\/schema.org","@graph":[{"@type":"Article","@id":"https:\/\/www.bellunopress.it\/2021\/02\/27\/italia-polo-challenge-questa-mattina-la-sfilata-in-centro-cortina-preceduti-dai-carabinieri-a-cavallo\/#article","isPartOf":{"@id":"https:\/\/www.bellunopress.it\/2021\/02\/27\/italia-polo-challenge-questa-mattina-la-sfilata-in-centro-cortina-preceduti-dai-carabinieri-a-cavallo\/"},"author":{"name":"redazione","@id":"https:\/\/www.bellunopress.it\/#\/schema\/person\/79bb06722b37ece1c03d3e94beb30d73"},"headline":"Italia Polo Challenge. Questa mattina la sfilata in centro Cortina preceduti dai carabinieri a cavallo","datePublished":"2021-02-27T17:06:27+00:00","dateModified":"2021-02-27T18:46:56+00:00","mainEntityOfPage":{"@id":"https:\/\/www.bellunopress.it\/2021\/02\/27\/italia-polo-challenge-questa-mattina-la-sfilata-in-centro-cortina-preceduti-dai-carabinieri-a-cavallo\/"},"wordCount":526,"publisher":{"@id":"https:\/\/www.bellunopress.it\/#organization"},"image":{"@id":"https:\/\/www.bellunopress.it\/2021\/02\/27\/italia-polo-challenge-questa-mattina-la-sfilata-in-centro-cortina-preceduti-dai-carabinieri-a-cavallo\/#primaryimage"},"thumbnailUrl":"https:\/\/www.bellunopress.it\/wp-content\/uploads\/2021\/02\/carabinieri-a-cavallo_edited.jpg","articleSection":["Prima Pagina","Sport, tempo libero"],"inLanguage":"fr-FR"},{"@type":"WebPage","@id":"https:\/\/www.bellunopress.it\/2021\/02\/27\/italia-polo-challenge-questa-mattina-la-sfilata-in-centro-cortina-preceduti-dai-carabinieri-a-cavallo\/","url":"https:\/\/www.bellunopress.it\/2021\/02\/27\/italia-polo-challenge-questa-mattina-la-sfilata-in-centro-cortina-preceduti-dai-carabinieri-a-cavallo\/","name":"Italia Polo Challenge. Questa mattina la sfilata in centro Cortina preceduti dai carabinieri a cavallo - Bellunopress - Dolomiti","isPartOf":{"@id":"https:\/\/www.bellunopress.it\/#website"},"primaryImageOfPage":{"@id":"https:\/\/www.bellunopress.it\/2021\/02\/27\/italia-polo-challenge-questa-mattina-la-sfilata-in-centro-cortina-preceduti-dai-carabinieri-a-cavallo\/#primaryimage"},"image":{"@id":"https:\/\/www.bellunopress.it\/2021\/02\/27\/italia-polo-challenge-questa-mattina-la-sfilata-in-centro-cortina-preceduti-dai-carabinieri-a-cavallo\/#primaryimage"},"thumbnailUrl":"https:\/\/www.bellunopress.it\/wp-content\/uploads\/2021\/02\/carabinieri-a-cavallo_edited.jpg","datePublished":"2021-02-27T17:06:27+00:00","dateModified":"2021-02-27T18:46:56+00:00","breadcrumb":{"@id":"https:\/\/www.bellunopress.it\/2021\/02\/27\/italia-polo-challenge-questa-mattina-la-sfilata-in-centro-cortina-preceduti-dai-carabinieri-a-cavallo\/#breadcrumb"},"inLanguage":"fr-FR","potentialAction":[{"@type":"ReadAction","target":["https:\/\/www.bellunopress.it\/2021\/02\/27\/italia-polo-challenge-questa-mattina-la-sfilata-in-centro-cortina-preceduti-dai-carabinieri-a-cavallo\/"]}]},{"@type":"ImageObject","inLanguage":"fr-FR","@id":"https:\/\/www.bellunopress.it\/2021\/02\/27\/italia-polo-challenge-questa-mattina-la-sfilata-in-centro-cortina-preceduti-dai-carabinieri-a-cavallo\/#primaryimage","url":"https:\/\/www.bellunopress.it\/wp-content\/uploads\/2021\/02\/carabinieri-a-cavallo_edited.jpg","contentUrl":"https:\/\/www.bellunopress.it\/wp-content\/uploads\/2021\/02\/carabinieri-a-cavallo_edited.jpg","width":1000,"height":929,"caption":"(foto: Dario Dall'Olio)"},{"@type":"BreadcrumbList","@id":"https:\/\/www.bellunopress.it\/2021\/02\/27\/italia-polo-challenge-questa-mattina-la-sfilata-in-centro-cortina-preceduti-dai-carabinieri-a-cavallo\/#breadcrumb","itemListElement":[{"@type":"ListItem","position":1,"name":"Home","item":"https:\/\/www.bellunopress.it\/"},{"@type":"ListItem","position":2,"name":"Italia Polo Challenge. Questa mattina la sfilata in centro Cortina preceduti dai carabinieri a cavallo"}]},{"@type":"WebSite","@id":"https:\/\/www.bellunopress.it\/#website","url":"https:\/\/www.bellunopress.it\/","name":"Bellunopress - Dolomiti","description":"e-mail: redazione@bellunopress.it","publisher":{"@id":"https:\/\/www.bellunopress.it\/#organization"},"potentialAction":[{"@type":"SearchAction","target":{"@type":"EntryPoint","urlTemplate":"https:\/\/www.bellunopress.it\/?s={search_term_string}"},"query-input":{"@type":"PropertyValueSpecification","valueRequired":true,"valueName":"search_term_string"}}],"inLanguage":"fr-FR"},{"@type":"Organization","@id":"https:\/\/www.bellunopress.it\/#organization","name":"Bellunopress","url":"https:\/\/www.bellunopress.it\/","logo":{"@type":"ImageObject","inLanguage":"fr-FR","@id":"https:\/\/www.bellunopress.it\/#\/schema\/logo\/image\/","url":"https:\/\/www.bellunopress.it\/wp-content\/uploads\/2011\/05\/cropped-logo-bellunopress-.jpg","contentUrl":"https:\/\/www.bellunopress.it\/wp-content\/uploads\/2011\/05\/cropped-logo-bellunopress-.jpg","width":512,"height":512,"caption":"Bellunopress"},"image":{"@id":"https:\/\/www.bellunopress.it\/#\/schema\/logo\/image\/"},"sameAs":["https:\/\/www.facebook.com\/profile.php?id=100008943462799","https:\/\/x.com\/bellunopress","https:\/\/www.linkedin.com\/hp\/?dnr=JBzUWaJfMUw8vbXJJ2tVW5-I3jZKvC4wsoxE&amp;amp;amp;amp;amp;amp;trk=nav_responsive_tab_home","https:\/\/www.youtube.com\/channel\/UCxL0wu1uN0_3_7hGG0306cw"]},{"@type":"Person","@id":"https:\/\/www.bellunopress.it\/#\/schema\/person\/79bb06722b37ece1c03d3e94beb30d73","name":"r\u00e9daction","image":{"@type":"ImageObject","inLanguage":"fr-FR","@id":"https:\/\/secure.gravatar.com\/avatar\/37d968a2e67a6fd04c169c4bdef102d0bc5d31b2546345219e348575eb80e9a0?s=96&d=mm&r=g","url":"https:\/\/secure.gravatar.com\/avatar\/37d968a2e67a6fd04c169c4bdef102d0bc5d31b2546345219e348575eb80e9a0?s=96&d=mm&r=g","contentUrl":"https:\/\/secure.gravatar.com\/avatar\/37d968a2e67a6fd04c169c4bdef102d0bc5d31b2546345219e348575eb80e9a0?s=96&d=mm&r=g","caption":"redazione"},"sameAs":["http:\/\/www.bellunopress.it","https:\/\/x.com\/bellunopress"],"url":"https:\/\/www.bellunopress.it\/fr\/author\/redazione\/"}]}},"_links":{"self":[{"href":"https:\/\/www.bellunopress.it\/fr\/wp-json\/wp\/v2\/posts\/122089","targetHints":{"allow":["GET"]}}],"collection":[{"href":"https:\/\/www.bellunopress.it\/fr\/wp-json\/wp\/v2\/posts"}],"about":[{"href":"https:\/\/www.bellunopress.it\/fr\/wp-json\/wp\/v2\/types\/post"}],"author":[{"embeddable":true,"href":"https:\/\/www.bellunopress.it\/fr\/wp-json\/wp\/v2\/users\/2"}],"replies":[{"embeddable":true,"href":"https:\/\/www.bellunopress.it\/fr\/wp-json\/wp\/v2\/comments?post=122089"}],"version-history":[{"count":4,"href":"https:\/\/www.bellunopress.it\/fr\/wp-json\/wp\/v2\/posts\/122089\/revisions"}],"predecessor-version":[{"id":122099,"href":"https:\/\/www.bellunopress.it\/fr\/wp-json\/wp\/v2\/posts\/122089\/revisions\/122099"}],"wp:featuredmedia":[{"embeddable":true,"href":"https:\/\/www.bellunopress.it\/fr\/wp-json\/wp\/v2\/media\/122097"}],"wp:attachment":[{"href":"https:\/\/www.bellunopress.it\/fr\/wp-json\/wp\/v2\/media?parent=122089"}],"wp:term":[{"taxonomy":"category","embeddable":true,"href":"https:\/\/www.bellunopress.it\/fr\/wp-json\/wp\/v2\/categories?post=122089"},{"taxonomy":"post_tag","embeddable":true,"href":"https:\/\/www.bellunopress.it\/fr\/wp-json\/wp\/v2\/tags?post=122089"}],"curies":[{"name":"wp","href":"https:\/\/api.w.org\/{rel}","templated":true}]}}