{"id":122082,"date":"2021-02-27T13:48:59","date_gmt":"2021-02-27T12:48:59","guid":{"rendered":"http:\/\/www.bellunopress.it\/?p=122082"},"modified":"2021-02-27T13:48:59","modified_gmt":"2021-02-27T12:48:59","slug":"il-saluto-al-nuovo-direttore-generale-dellulss-1-maria-grazia-carraro","status":"publish","type":"post","link":"https:\/\/www.bellunopress.it\/fr\/2021\/02\/27\/il-saluto-al-nuovo-direttore-generale-dellulss-1-maria-grazia-carraro\/","title":{"rendered":"Il saluto al nuovo direttore generale dell&#8217;Ulss 1 Maria Grazia Carraro"},"content":{"rendered":"<p><a href=\"http:\/\/www.bellunopress.it\/fr\/2020\/11\/17\/e-polemica-tra-il-coordinatore-dellunita-di-crisi-della-regione-e-i-medici-di-base-non-visitano-e-scaricano-sul-118-falso-ecco-la-procedura-seguita\/ordine-dei-medici\/\" rel=\"attachment wp-att-119377\"><img loading=\"lazy\" decoding=\"async\" class=\"alignleft size-full wp-image-119377\" src=\"http:\/\/www.bellunopress.it\/wp-content\/uploads\/2020\/11\/Ordine-dei-medici.jpg\" alt=\"\" width=\"480\" height=\"276\" \/><\/a>L\u2019Ordine dei Medici e degli Odontoiatri della Provincia di Belluno d\u00e0 il benvenuto alla<br \/>\ndottoressa Maria Grazia Carraro, che per i prossimi 5 anni sar\u00e0 il direttore generale della Ulss 1 Dolomiti. Auguriamo a lei ed al suo futuro staff un proficuo lavoro per qualificare ulteriormente la nostra sanit\u00e0, che vede negli ospedali e nei presidi sanitari sul territorio una rete di riferimento che deve tenere nella massima considerazione le peculiarit\u00e0 della sanit\u00e0 di montagna.<br \/>\nPer noi ci\u00f2 significa poter contare su un ospedale con caratteristiche di vero hub<br \/>\nprovinciale, tenuto conto delle distanze che separano le aree montane dagli ospedali hub<br \/>\nregionali, nel quale le eccellenze gi\u00e0 consolidate si integrino con competenze gi\u00e0 presenti in<br \/>\npassato e da riattivare al pi\u00f9 presto. Solo cos\u00ec sar\u00e0 possibile incentivare i giovani medici a<br \/>\nvedere nelle nostre strutture opportunit\u00e0 di formazione, di sviluppo professionale e quindi di lavoro stabile nella nostra Provincia, sia negli ospedali che nella Medicina del territorio.<br \/>\nLa nuova direzione della Ulss 1 potr\u00e0 contare sulla piena collaborazione da parte del<br \/>\nnostro Ordine e delle sue articolazioni, in cui sono rappresentate le varie realt\u00e0 professionali presenti nella Ulss 1 Dolomiti e che da anni sono private di reali tavoli di confronto.<br \/>\nAuspichiamo quindi si apra al pi\u00f9 presto una lunga stagione di dialogo costruttivo e<br \/>\npartecipato fra la nuova direzione della Ulss 1 ed il nostro Ordine per la riqualificazione della sanit\u00e0 nella nostra Provincia, che possa anche portare i professionisti e le strutture sanitarie ad essere pienamente in grado di affrontare la sfida organizzativa rappresentata dalle Olimpiadi del 2026<\/p>\n<p><a href=\"http:\/\/www.bellunopress.it\/fr\/2013\/02\/11\/sospensione-dalla-circolazione-mezzi-pesanti-mauro-formenti-lasciateci-lavorare-e-piu-facile-fermare-i-tir-che-pulire-le-strade\/confindustria-belluno-dolomiti-2\/\" rel=\"attachment wp-att-46616\"><img loading=\"lazy\" decoding=\"async\" class=\"alignleft size-full wp-image-46616\" src=\"http:\/\/www.bellunopress.it\/wp-content\/uploads\/2013\/02\/confindustria-belluno-dolomiti.jpg\" alt=\"\" width=\"240\" height=\"56\" \/><\/a>Belluno 27 febbraio 2021 &#8211; &#8220;La salute \u00e8 un valore inestimabile, in montagna lo \u00e8 ancora di pi\u00f9. Una sanit\u00e0 efficiente ed efficace \u00e8 la migliore garanzia contro lo spopolamento del territorio, la permanenza delle famiglie, la qualit\u00e0 di vita dei nostri anziani in una provincia che invecchia. Per tutti questi motivi, auguro alla nuova direttrice generale dell&#8217;Ulss 1 Dolomiti un buon lavoro. Spero si appassioni a questa terra e sappia valorizzare le sue tante eccellenze, preservando la rete ospedaliera e la medicina del territorio&#8221;.<\/p>\n<p>A dirlo \u00e8 Lorraine Berton, presidente di Confindustria Belluno Dolomiti, all&#8217;indomani della nomina di Maria Grazia Carraro a direttrice generale dell&#8217;Ulss 1 Dolomiti.<\/p>\n<p>&#8220;La macchina della sanit\u00e0 oggi \u00e8 chiamata a dare risposte straordinarie, a cominciare dal Covid. Solo risolvendo il problema sanitario, riusciremo a ripartire dal punto di vista economico, sociale e culturale&#8221;, rimarca Berton.<\/p>\n<p>&#8220;Anche per questo, come industriali rimaniamo a disposizione dell&#8217;Ulss in maniera concreta. Qualora necessario \u2013 come annunciato dal nostro presidente Carlo Bonomi \u2013 siamo pronti anche ad aprire le nostre fabbriche per agevolare la campagna vaccinale&#8221;, afferma Berton, che ricorda come in questo anno di pandemia l&#8217;Associazione degli Industriali abbia sostenuto la sanit\u00e0 bellunese con azioni concrete, dall&#8217;acquisto di posti letto di terapia intensiva al noleggio di un camper per l&#8217;effettuazione dei tamponi.<\/p>\n<p>&#8220;Sono poi felice sia stata scelta una donna&#8221;, sottolinea Berton. &#8220;In un mondo perfetto sappiamo che questo non dovrebbe fare la differenza, ma cos\u00ec ancora non \u00e8. Come dico sempre, questi sono cambiamenti culturali che fanno bene e devono motivare soprattutto le ragazze pi\u00f9 giovani. \u00c8 importante avere modelli e comprendere che non ci devono essere preclusioni professionali&#8221;.<\/p>\n<p>In ultima battuta, Berton si rivolge al direttore generale uscente Adriano Rasi Caldogno: &#8220;Lo ringrazio per la sua opera costante e competente, la sua abnegazione nell&#8217;affrontare la pandemia. \u00c8 un uomo del territorio, conosce queste montagne e le ama. Mi auguro che il suo patrimonio di conoscenze e contatti sia ancora messo a disposizione della nostra provincia&#8221;.<\/p>\n<figure id=\"attachment_109701\" aria-describedby=\"caption-attachment-109701\" style=\"width: 252px\" class=\"wp-caption alignleft\"><a href=\"http:\/\/www.bellunopress.it\/fr\/2019\/11\/17\/feltre-aggiornamento-ore-1800-lunedi-scuole-aperte\/perenzin\/\" rel=\"attachment wp-att-109701\"><img loading=\"lazy\" decoding=\"async\" class=\"size-full wp-image-109701\" src=\"http:\/\/www.bellunopress.it\/wp-content\/uploads\/2019\/11\/Perenzin.jpg\" alt=\"\" width=\"252\" height=\"300\" \/><\/a><figcaption id=\"caption-attachment-109701\" class=\"wp-caption-text\">Paolo Perenzin- Sindaco di Feltre<\/figcaption><\/figure>\n<p>A nome mio personale e dei colleghi bellunesi porgo un cordiale benvenuto alla dottoressa Maria Grazia Carraro, nominata dal presidente della Regione del Veneto nuovo direttore generale dell\u2019Ulss 1 Dolomiti. Alla dottoressa Carraro formulo i migliori auguri di buon lavoro, certo che sapr\u00e0 esprimere al meglio le proprie competenze ed esperienze professionali, particolarmente versate all&#8217;integrazione fra ospedale e territorio, nel contesto della nostra sanit\u00e0 di montagna, dove non mancano peculiarit\u00e0 probanti, ma anche occasioni di soddisfazione personale e professionale. I sindaci, come sempre, saranno disponibili ed aperti ad un dialogo e a una collaborazione fattivi, nell\u2019interesse dei nostri<br \/>\ncittadini e delle nostre comunit\u00e0 locali.<br \/>\nAllo stesso tempo desidero ringraziare sentitamente il dottor Adriano Rasi Caldogno, che si accinge a concludere il proprio mandato, durante il quale ha condotto a termine investimenti strategici per il nostro sistema sanitario, pur dovendosi confrontare con sfide di grande complessit\u00e0, quali il percorso di unificazione delle due aziende socio-sanitarie di Feltre e di Belluno e la gestione dell\u2019emergenza pandemica che stiamo vivendo. Estendo altres\u00ec il ringraziamento ai componenti della Direzione strategica, e in particolare al Direttore dei Servizi Socio-sanitari, dott. Gian Antonio Dei Tos.<\/p>\n<p>Il Presidente della Conferenza dei Sindaci Ulss1 Dolomiti<br \/>\nPaolo Perenzin<\/p>","protected":false},"excerpt":{"rendered":"<p>L\u2019Ordine dei Medici e degli Odontoiatri della Provincia di Belluno d\u00e0 il benvenuto alla dottoressa Maria Grazia Carraro, che per i prossimi 5 anni sar\u00e0 il direttore generale della Ulss 1 Dolomiti. Auguriamo a lei ed al suo futuro staff un proficuo lavoro per qualificare ulteriormente la nostra sanit\u00e0, che vede negli ospedali e nei [&hellip;]<\/p>\n","protected":false},"author":2,"featured_media":122069,"comment_status":"closed","ping_status":"open","sticky":false,"template":"","format":"standard","meta":{"footnotes":""},"categories":[17,8],"tags":[],"class_list":["post-122082","post","type-post","status-publish","format-standard","has-post-thumbnail","category-sanita","category-societa-istituzioni"],"yoast_head":"<!-- This site is optimized with the Yoast SEO plugin v28.4 - https:\/\/yoast.com\/product\/yoast-seo-wordpress\/ -->\n<title>Il saluto al nuovo direttore generale dell&#039;Ulss 1 Maria Grazia Carraro - Bellunopress - Dolomiti<\/title>\n<meta name=\"robots\" content=\"index, follow, max-snippet:-1, max-image-preview:large, max-video-preview:-1\" \/>\n<link rel=\"canonical\" href=\"https:\/\/www.bellunopress.it\/fr\/2021\/02\/27\/il-saluto-al-nuovo-direttore-generale-dellulss-1-maria-grazia-carraro\/\" \/>\n<meta property=\"og:locale\" content=\"fr_FR\" \/>\n<meta property=\"og:type\" content=\"article\" \/>\n<meta property=\"og:title\" content=\"Il saluto al nuovo direttore generale dell&#039;Ulss 1 Maria Grazia Carraro - Bellunopress - Dolomiti\" \/>\n<meta property=\"og:description\" content=\"L\u2019Ordine dei Medici e degli Odontoiatri della Provincia di Belluno d\u00e0 il benvenuto alla dottoressa Maria Grazia Carraro, che per i prossimi 5 anni sar\u00e0 il direttore generale della Ulss 1 Dolomiti. Auguriamo a lei ed al suo futuro staff un proficuo lavoro per qualificare ulteriormente la nostra sanit\u00e0, che vede negli ospedali e nei [&hellip;]\" \/>\n<meta property=\"og:url\" content=\"https:\/\/www.bellunopress.it\/fr\/2021\/02\/27\/il-saluto-al-nuovo-direttore-generale-dellulss-1-maria-grazia-carraro\/\" \/>\n<meta property=\"og:site_name\" content=\"Bellunopress - Dolomiti\" \/>\n<meta property=\"article:publisher\" content=\"https:\/\/www.facebook.com\/profile.php?id=100008943462799\" \/>\n<meta property=\"article:published_time\" content=\"2021-02-27T12:48:59+00:00\" \/>\n<meta property=\"og:image\" content=\"https:\/\/www.bellunopress.it\/wp-content\/uploads\/2021\/02\/Maria-Grazia-Carraro-Ulss-1-Dolomiti_edited.jpg\" \/>\n\t<meta property=\"og:image:width\" content=\"1000\" \/>\n\t<meta property=\"og:image:height\" content=\"770\" \/>\n\t<meta property=\"og:image:type\" content=\"image\/jpeg\" \/>\n<meta name=\"author\" content=\"redazione\" \/>\n<meta name=\"twitter:card\" content=\"summary_large_image\" \/>\n<meta name=\"twitter:creator\" content=\"@bellunopress\" \/>\n<meta name=\"twitter:site\" content=\"@bellunopress\" \/>\n<meta name=\"twitter:label1\" content=\"\u00c9crit par\" \/>\n\t<meta name=\"twitter:data1\" content=\"redazione\" \/>\n\t<meta name=\"twitter:label2\" content=\"Dur\u00e9e de lecture estim\u00e9e\" \/>\n\t<meta name=\"twitter:data2\" content=\"5 minutes\" \/>\n<script type=\"application\/ld+json\" class=\"yoast-schema-graph\">{\"@context\":\"https:\\\/\\\/schema.org\",\"@graph\":[{\"@type\":\"Article\",\"@id\":\"https:\\\/\\\/www.bellunopress.it\\\/2021\\\/02\\\/27\\\/il-saluto-al-nuovo-direttore-generale-dellulss-1-maria-grazia-carraro\\\/#article\",\"isPartOf\":{\"@id\":\"https:\\\/\\\/www.bellunopress.it\\\/2021\\\/02\\\/27\\\/il-saluto-al-nuovo-direttore-generale-dellulss-1-maria-grazia-carraro\\\/\"},\"author\":{\"name\":\"redazione\",\"@id\":\"https:\\\/\\\/www.bellunopress.it\\\/#\\\/schema\\\/person\\\/79bb06722b37ece1c03d3e94beb30d73\"},\"headline\":\"Il saluto al nuovo direttore generale dell&#8217;Ulss 1 Maria Grazia Carraro\",\"datePublished\":\"2021-02-27T12:48:59+00:00\",\"mainEntityOfPage\":{\"@id\":\"https:\\\/\\\/www.bellunopress.it\\\/2021\\\/02\\\/27\\\/il-saluto-al-nuovo-direttore-generale-dellulss-1-maria-grazia-carraro\\\/\"},\"wordCount\":804,\"publisher\":{\"@id\":\"https:\\\/\\\/www.bellunopress.it\\\/#organization\"},\"image\":{\"@id\":\"https:\\\/\\\/www.bellunopress.it\\\/2021\\\/02\\\/27\\\/il-saluto-al-nuovo-direttore-generale-dellulss-1-maria-grazia-carraro\\\/#primaryimage\"},\"thumbnailUrl\":\"https:\\\/\\\/www.bellunopress.it\\\/wp-content\\\/uploads\\\/2021\\\/02\\\/Maria-Grazia-Carraro-Ulss-1-Dolomiti_edited.jpg\",\"articleSection\":[\"Sanit\u00e0 Medicina\",\"Societ\u00e0, Associazioni, Istituzioni\"],\"inLanguage\":\"fr-FR\"},{\"@type\":\"WebPage\",\"@id\":\"https:\\\/\\\/www.bellunopress.it\\\/2021\\\/02\\\/27\\\/il-saluto-al-nuovo-direttore-generale-dellulss-1-maria-grazia-carraro\\\/\",\"url\":\"https:\\\/\\\/www.bellunopress.it\\\/2021\\\/02\\\/27\\\/il-saluto-al-nuovo-direttore-generale-dellulss-1-maria-grazia-carraro\\\/\",\"name\":\"Il saluto al nuovo direttore generale dell'Ulss 1 Maria Grazia Carraro - Bellunopress - Dolomiti\",\"isPartOf\":{\"@id\":\"https:\\\/\\\/www.bellunopress.it\\\/#website\"},\"primaryImageOfPage\":{\"@id\":\"https:\\\/\\\/www.bellunopress.it\\\/2021\\\/02\\\/27\\\/il-saluto-al-nuovo-direttore-generale-dellulss-1-maria-grazia-carraro\\\/#primaryimage\"},\"image\":{\"@id\":\"https:\\\/\\\/www.bellunopress.it\\\/2021\\\/02\\\/27\\\/il-saluto-al-nuovo-direttore-generale-dellulss-1-maria-grazia-carraro\\\/#primaryimage\"},\"thumbnailUrl\":\"https:\\\/\\\/www.bellunopress.it\\\/wp-content\\\/uploads\\\/2021\\\/02\\\/Maria-Grazia-Carraro-Ulss-1-Dolomiti_edited.jpg\",\"datePublished\":\"2021-02-27T12:48:59+00:00\",\"breadcrumb\":{\"@id\":\"https:\\\/\\\/www.bellunopress.it\\\/2021\\\/02\\\/27\\\/il-saluto-al-nuovo-direttore-generale-dellulss-1-maria-grazia-carraro\\\/#breadcrumb\"},\"inLanguage\":\"fr-FR\",\"potentialAction\":[{\"@type\":\"ReadAction\",\"target\":[\"https:\\\/\\\/www.bellunopress.it\\\/2021\\\/02\\\/27\\\/il-saluto-al-nuovo-direttore-generale-dellulss-1-maria-grazia-carraro\\\/\"]}]},{\"@type\":\"ImageObject\",\"inLanguage\":\"fr-FR\",\"@id\":\"https:\\\/\\\/www.bellunopress.it\\\/2021\\\/02\\\/27\\\/il-saluto-al-nuovo-direttore-generale-dellulss-1-maria-grazia-carraro\\\/#primaryimage\",\"url\":\"https:\\\/\\\/www.bellunopress.it\\\/wp-content\\\/uploads\\\/2021\\\/02\\\/Maria-Grazia-Carraro-Ulss-1-Dolomiti_edited.jpg\",\"contentUrl\":\"https:\\\/\\\/www.bellunopress.it\\\/wp-content\\\/uploads\\\/2021\\\/02\\\/Maria-Grazia-Carraro-Ulss-1-Dolomiti_edited.jpg\",\"width\":1000,\"height\":770,\"caption\":\"Maria Grazia Carraro - Direttore generale Ulss 1 Dolomiti\"},{\"@type\":\"BreadcrumbList\",\"@id\":\"https:\\\/\\\/www.bellunopress.it\\\/2021\\\/02\\\/27\\\/il-saluto-al-nuovo-direttore-generale-dellulss-1-maria-grazia-carraro\\\/#breadcrumb\",\"itemListElement\":[{\"@type\":\"ListItem\",\"position\":1,\"name\":\"Home\",\"item\":\"https:\\\/\\\/www.bellunopress.it\\\/\"},{\"@type\":\"ListItem\",\"position\":2,\"name\":\"Il saluto al nuovo direttore generale dell&#8217;Ulss 1 Maria Grazia Carraro\"}]},{\"@type\":\"WebSite\",\"@id\":\"https:\\\/\\\/www.bellunopress.it\\\/#website\",\"url\":\"https:\\\/\\\/www.bellunopress.it\\\/\",\"name\":\"Bellunopress - Dolomiti\",\"description\":\"e-mail: redazione@bellunopress.it\",\"publisher\":{\"@id\":\"https:\\\/\\\/www.bellunopress.it\\\/#organization\"},\"potentialAction\":[{\"@type\":\"SearchAction\",\"target\":{\"@type\":\"EntryPoint\",\"urlTemplate\":\"https:\\\/\\\/www.bellunopress.it\\\/?s={search_term_string}\"},\"query-input\":{\"@type\":\"PropertyValueSpecification\",\"valueRequired\":true,\"valueName\":\"search_term_string\"}}],\"inLanguage\":\"fr-FR\"},{\"@type\":\"Organization\",\"@id\":\"https:\\\/\\\/www.bellunopress.it\\\/#organization\",\"name\":\"Bellunopress\",\"url\":\"https:\\\/\\\/www.bellunopress.it\\\/\",\"logo\":{\"@type\":\"ImageObject\",\"inLanguage\":\"fr-FR\",\"@id\":\"https:\\\/\\\/www.bellunopress.it\\\/#\\\/schema\\\/logo\\\/image\\\/\",\"url\":\"https:\\\/\\\/www.bellunopress.it\\\/wp-content\\\/uploads\\\/2011\\\/05\\\/cropped-logo-bellunopress-.jpg\",\"contentUrl\":\"https:\\\/\\\/www.bellunopress.it\\\/wp-content\\\/uploads\\\/2011\\\/05\\\/cropped-logo-bellunopress-.jpg\",\"width\":512,\"height\":512,\"caption\":\"Bellunopress\"},\"image\":{\"@id\":\"https:\\\/\\\/www.bellunopress.it\\\/#\\\/schema\\\/logo\\\/image\\\/\"},\"sameAs\":[\"https:\\\/\\\/www.facebook.com\\\/profile.php?id=100008943462799\",\"https:\\\/\\\/x.com\\\/bellunopress\",\"https:\\\/\\\/www.linkedin.com\\\/hp\\\/?dnr=JBzUWaJfMUw8vbXJJ2tVW5-I3jZKvC4wsoxE&amp;amp;amp;amp;amp;amp;trk=nav_responsive_tab_home\",\"https:\\\/\\\/www.youtube.com\\\/channel\\\/UCxL0wu1uN0_3_7hGG0306cw\"]},{\"@type\":\"Person\",\"@id\":\"https:\\\/\\\/www.bellunopress.it\\\/#\\\/schema\\\/person\\\/79bb06722b37ece1c03d3e94beb30d73\",\"name\":\"redazione\",\"image\":{\"@type\":\"ImageObject\",\"inLanguage\":\"fr-FR\",\"@id\":\"https:\\\/\\\/secure.gravatar.com\\\/avatar\\\/37d968a2e67a6fd04c169c4bdef102d0bc5d31b2546345219e348575eb80e9a0?s=96&d=mm&r=g\",\"url\":\"https:\\\/\\\/secure.gravatar.com\\\/avatar\\\/37d968a2e67a6fd04c169c4bdef102d0bc5d31b2546345219e348575eb80e9a0?s=96&d=mm&r=g\",\"contentUrl\":\"https:\\\/\\\/secure.gravatar.com\\\/avatar\\\/37d968a2e67a6fd04c169c4bdef102d0bc5d31b2546345219e348575eb80e9a0?s=96&d=mm&r=g\",\"caption\":\"redazione\"},\"sameAs\":[\"http:\\\/\\\/www.bellunopress.it\",\"https:\\\/\\\/x.com\\\/bellunopress\"],\"url\":\"https:\\\/\\\/www.bellunopress.it\\\/fr\\\/author\\\/redazione\\\/\"}]}<\/script>\n<!-- \/ Yoast SEO plugin. -->","yoast_head_json":{"title":"Il saluto al nuovo direttore generale dell'Ulss 1 Maria Grazia Carraro - Bellunopress - Dolomiti","robots":{"index":"index","follow":"follow","max-snippet":"max-snippet:-1","max-image-preview":"max-image-preview:large","max-video-preview":"max-video-preview:-1"},"canonical":"https:\/\/www.bellunopress.it\/fr\/2021\/02\/27\/il-saluto-al-nuovo-direttore-generale-dellulss-1-maria-grazia-carraro\/","og_locale":"fr_FR","og_type":"article","og_title":"Il saluto al nuovo direttore generale dell'Ulss 1 Maria Grazia Carraro - Bellunopress - Dolomiti","og_description":"L\u2019Ordine dei Medici e degli Odontoiatri della Provincia di Belluno d\u00e0 il benvenuto alla dottoressa Maria Grazia Carraro, che per i prossimi 5 anni sar\u00e0 il direttore generale della Ulss 1 Dolomiti. Auguriamo a lei ed al suo futuro staff un proficuo lavoro per qualificare ulteriormente la nostra sanit\u00e0, che vede negli ospedali e nei [&hellip;]","og_url":"https:\/\/www.bellunopress.it\/fr\/2021\/02\/27\/il-saluto-al-nuovo-direttore-generale-dellulss-1-maria-grazia-carraro\/","og_site_name":"Bellunopress - Dolomiti","article_publisher":"https:\/\/www.facebook.com\/profile.php?id=100008943462799","article_published_time":"2021-02-27T12:48:59+00:00","og_image":[{"width":1000,"height":770,"url":"https:\/\/www.bellunopress.it\/wp-content\/uploads\/2021\/02\/Maria-Grazia-Carraro-Ulss-1-Dolomiti_edited.jpg","type":"image\/jpeg"}],"author":"redazione","twitter_card":"summary_large_image","twitter_creator":"@bellunopress","twitter_site":"@bellunopress","twitter_misc":{"\u00c9crit par":"redazione","Dur\u00e9e de lecture estim\u00e9e":"5 minutes"},"schema":{"@context":"https:\/\/schema.org","@graph":[{"@type":"Article","@id":"https:\/\/www.bellunopress.it\/2021\/02\/27\/il-saluto-al-nuovo-direttore-generale-dellulss-1-maria-grazia-carraro\/#article","isPartOf":{"@id":"https:\/\/www.bellunopress.it\/2021\/02\/27\/il-saluto-al-nuovo-direttore-generale-dellulss-1-maria-grazia-carraro\/"},"author":{"name":"redazione","@id":"https:\/\/www.bellunopress.it\/#\/schema\/person\/79bb06722b37ece1c03d3e94beb30d73"},"headline":"Il saluto al nuovo direttore generale dell&#8217;Ulss 1 Maria Grazia Carraro","datePublished":"2021-02-27T12:48:59+00:00","mainEntityOfPage":{"@id":"https:\/\/www.bellunopress.it\/2021\/02\/27\/il-saluto-al-nuovo-direttore-generale-dellulss-1-maria-grazia-carraro\/"},"wordCount":804,"publisher":{"@id":"https:\/\/www.bellunopress.it\/#organization"},"image":{"@id":"https:\/\/www.bellunopress.it\/2021\/02\/27\/il-saluto-al-nuovo-direttore-generale-dellulss-1-maria-grazia-carraro\/#primaryimage"},"thumbnailUrl":"https:\/\/www.bellunopress.it\/wp-content\/uploads\/2021\/02\/Maria-Grazia-Carraro-Ulss-1-Dolomiti_edited.jpg","articleSection":["Sanit\u00e0 Medicina","Societ\u00e0, Associazioni, Istituzioni"],"inLanguage":"fr-FR"},{"@type":"WebPage","@id":"https:\/\/www.bellunopress.it\/2021\/02\/27\/il-saluto-al-nuovo-direttore-generale-dellulss-1-maria-grazia-carraro\/","url":"https:\/\/www.bellunopress.it\/2021\/02\/27\/il-saluto-al-nuovo-direttore-generale-dellulss-1-maria-grazia-carraro\/","name":"Il saluto al nuovo direttore generale dell'Ulss 1 Maria Grazia Carraro - Bellunopress - Dolomiti","isPartOf":{"@id":"https:\/\/www.bellunopress.it\/#website"},"primaryImageOfPage":{"@id":"https:\/\/www.bellunopress.it\/2021\/02\/27\/il-saluto-al-nuovo-direttore-generale-dellulss-1-maria-grazia-carraro\/#primaryimage"},"image":{"@id":"https:\/\/www.bellunopress.it\/2021\/02\/27\/il-saluto-al-nuovo-direttore-generale-dellulss-1-maria-grazia-carraro\/#primaryimage"},"thumbnailUrl":"https:\/\/www.bellunopress.it\/wp-content\/uploads\/2021\/02\/Maria-Grazia-Carraro-Ulss-1-Dolomiti_edited.jpg","datePublished":"2021-02-27T12:48:59+00:00","breadcrumb":{"@id":"https:\/\/www.bellunopress.it\/2021\/02\/27\/il-saluto-al-nuovo-direttore-generale-dellulss-1-maria-grazia-carraro\/#breadcrumb"},"inLanguage":"fr-FR","potentialAction":[{"@type":"ReadAction","target":["https:\/\/www.bellunopress.it\/2021\/02\/27\/il-saluto-al-nuovo-direttore-generale-dellulss-1-maria-grazia-carraro\/"]}]},{"@type":"ImageObject","inLanguage":"fr-FR","@id":"https:\/\/www.bellunopress.it\/2021\/02\/27\/il-saluto-al-nuovo-direttore-generale-dellulss-1-maria-grazia-carraro\/#primaryimage","url":"https:\/\/www.bellunopress.it\/wp-content\/uploads\/2021\/02\/Maria-Grazia-Carraro-Ulss-1-Dolomiti_edited.jpg","contentUrl":"https:\/\/www.bellunopress.it\/wp-content\/uploads\/2021\/02\/Maria-Grazia-Carraro-Ulss-1-Dolomiti_edited.jpg","width":1000,"height":770,"caption":"Maria Grazia Carraro - Direttore generale Ulss 1 Dolomiti"},{"@type":"BreadcrumbList","@id":"https:\/\/www.bellunopress.it\/2021\/02\/27\/il-saluto-al-nuovo-direttore-generale-dellulss-1-maria-grazia-carraro\/#breadcrumb","itemListElement":[{"@type":"ListItem","position":1,"name":"Home","item":"https:\/\/www.bellunopress.it\/"},{"@type":"ListItem","position":2,"name":"Il saluto al nuovo direttore generale dell&#8217;Ulss 1 Maria Grazia Carraro"}]},{"@type":"WebSite","@id":"https:\/\/www.bellunopress.it\/#website","url":"https:\/\/www.bellunopress.it\/","name":"Bellunopress - Dolomiti","description":"e-mail: redazione@bellunopress.it","publisher":{"@id":"https:\/\/www.bellunopress.it\/#organization"},"potentialAction":[{"@type":"SearchAction","target":{"@type":"EntryPoint","urlTemplate":"https:\/\/www.bellunopress.it\/?s={search_term_string}"},"query-input":{"@type":"PropertyValueSpecification","valueRequired":true,"valueName":"search_term_string"}}],"inLanguage":"fr-FR"},{"@type":"Organization","@id":"https:\/\/www.bellunopress.it\/#organization","name":"Bellunopress","url":"https:\/\/www.bellunopress.it\/","logo":{"@type":"ImageObject","inLanguage":"fr-FR","@id":"https:\/\/www.bellunopress.it\/#\/schema\/logo\/image\/","url":"https:\/\/www.bellunopress.it\/wp-content\/uploads\/2011\/05\/cropped-logo-bellunopress-.jpg","contentUrl":"https:\/\/www.bellunopress.it\/wp-content\/uploads\/2011\/05\/cropped-logo-bellunopress-.jpg","width":512,"height":512,"caption":"Bellunopress"},"image":{"@id":"https:\/\/www.bellunopress.it\/#\/schema\/logo\/image\/"},"sameAs":["https:\/\/www.facebook.com\/profile.php?id=100008943462799","https:\/\/x.com\/bellunopress","https:\/\/www.linkedin.com\/hp\/?dnr=JBzUWaJfMUw8vbXJJ2tVW5-I3jZKvC4wsoxE&amp;amp;amp;amp;amp;amp;trk=nav_responsive_tab_home","https:\/\/www.youtube.com\/channel\/UCxL0wu1uN0_3_7hGG0306cw"]},{"@type":"Person","@id":"https:\/\/www.bellunopress.it\/#\/schema\/person\/79bb06722b37ece1c03d3e94beb30d73","name":"r\u00e9daction","image":{"@type":"ImageObject","inLanguage":"fr-FR","@id":"https:\/\/secure.gravatar.com\/avatar\/37d968a2e67a6fd04c169c4bdef102d0bc5d31b2546345219e348575eb80e9a0?s=96&d=mm&r=g","url":"https:\/\/secure.gravatar.com\/avatar\/37d968a2e67a6fd04c169c4bdef102d0bc5d31b2546345219e348575eb80e9a0?s=96&d=mm&r=g","contentUrl":"https:\/\/secure.gravatar.com\/avatar\/37d968a2e67a6fd04c169c4bdef102d0bc5d31b2546345219e348575eb80e9a0?s=96&d=mm&r=g","caption":"redazione"},"sameAs":["http:\/\/www.bellunopress.it","https:\/\/x.com\/bellunopress"],"url":"https:\/\/www.bellunopress.it\/fr\/author\/redazione\/"}]}},"_links":{"self":[{"href":"https:\/\/www.bellunopress.it\/fr\/wp-json\/wp\/v2\/posts\/122082","targetHints":{"allow":["GET"]}}],"collection":[{"href":"https:\/\/www.bellunopress.it\/fr\/wp-json\/wp\/v2\/posts"}],"about":[{"href":"https:\/\/www.bellunopress.it\/fr\/wp-json\/wp\/v2\/types\/post"}],"author":[{"embeddable":true,"href":"https:\/\/www.bellunopress.it\/fr\/wp-json\/wp\/v2\/users\/2"}],"replies":[{"embeddable":true,"href":"https:\/\/www.bellunopress.it\/fr\/wp-json\/wp\/v2\/comments?post=122082"}],"version-history":[{"count":1,"href":"https:\/\/www.bellunopress.it\/fr\/wp-json\/wp\/v2\/posts\/122082\/revisions"}],"predecessor-version":[{"id":122083,"href":"https:\/\/www.bellunopress.it\/fr\/wp-json\/wp\/v2\/posts\/122082\/revisions\/122083"}],"wp:featuredmedia":[{"embeddable":true,"href":"https:\/\/www.bellunopress.it\/fr\/wp-json\/wp\/v2\/media\/122069"}],"wp:attachment":[{"href":"https:\/\/www.bellunopress.it\/fr\/wp-json\/wp\/v2\/media?parent=122082"}],"wp:term":[{"taxonomy":"category","embeddable":true,"href":"https:\/\/www.bellunopress.it\/fr\/wp-json\/wp\/v2\/categories?post=122082"},{"taxonomy":"post_tag","embeddable":true,"href":"https:\/\/www.bellunopress.it\/fr\/wp-json\/wp\/v2\/tags?post=122082"}],"curies":[{"name":"wp","href":"https:\/\/api.w.org\/{rel}","templated":true}]}}