{"id":122077,"date":"2021-02-26T18:07:38","date_gmt":"2021-02-26T17:07:38","guid":{"rendered":"http:\/\/www.bellunopress.it\/?p=122077"},"modified":"2021-02-26T18:07:38","modified_gmt":"2021-02-26T17:07:38","slug":"contrattazione-sociale-in-provincia-di-belluno-le-linee-guida-per-il-2021-di-cgil-cisl-uil","status":"publish","type":"post","link":"https:\/\/www.bellunopress.it\/fr\/2021\/02\/26\/contrattazione-sociale-in-provincia-di-belluno-le-linee-guida-per-il-2021-di-cgil-cisl-uil\/","title":{"rendered":"Contrattazione sociale in provincia di Belluno: le Linee Guida per il 2021 di Cgil-Cisl-Uil"},"content":{"rendered":"<p><a href=\"http:\/\/www.bellunopress.it\/fr\/2020\/12\/18\/covid-boom-di-contagi-e-morti-in-veneto-i-sindacati-dei-pensionati-contro-la-regione-poteva-contenere-i-danni-con-ordinanze-restrittive\/cgil-cisl-uil-pensionati\/\" rel=\"attachment wp-att-120221\"><img loading=\"lazy\" decoding=\"async\" class=\"alignleft size-full wp-image-120221\" src=\"http:\/\/www.bellunopress.it\/wp-content\/uploads\/2020\/12\/Cgil-Cisl-Uil-pensionati.jpg\" alt=\"\" width=\"733\" height=\"174\" srcset=\"https:\/\/www.bellunopress.it\/wp-content\/uploads\/2020\/12\/Cgil-Cisl-Uil-pensionati.jpg 733w, https:\/\/www.bellunopress.it\/wp-content\/uploads\/2020\/12\/Cgil-Cisl-Uil-pensionati-500x119.jpg 500w, https:\/\/www.bellunopress.it\/wp-content\/uploads\/2020\/12\/Cgil-Cisl-Uil-pensionati-696x165.jpg 696w\" sizes=\"auto, (max-width: 733px) 100vw, 733px\" \/><\/a>Lotta alla povert\u00e0 e alla disuguaglianza sociale, politiche concrete in favore di anziani e giovani, nuove infrastrutture sanitarie per combattere la diffusione del Covid-19. Ma anche un fondo per aiutare i cittadini che perdono il lavoro e che non riescono pi\u00f9 a pagare le rate del mutuo prima casa.<\/p>\n<p>Sono alcune delle istanze che le Organizzazioni sindacali territoriali Cgil, Cisl e Uil, unitamente alle categorie dei Pensionati Spi Cgil, Cisl Fnp e Uilp Uil, porteranno all\u2019attenzione delle Amministrazioni comunali bellunesi nell\u2019ambito della Contrattazione sociale 2021.<br \/>\nLe linee guida della contrattazione sociale con i Comuni per l\u2019anno in corso sono state presentate oggi in videoconferenza da Rudy Roffar\u00e8 e Michele Ferraro per, rispettivamente, Cisl e Uil territoriale, e da Maria Rita Gentilin, Rino Dal Ben e Debora Rocco per Spi, Fnp e Uilp.<\/p>\n<p><strong>IL BILANCIO<\/strong> &#8211; Il 2021 si configura come un anno di grande impegno in termini organizzativi, di sistema ed economici di sostegno a categorie sociali e produttive. Nel 2020 la pandemia ha causato lutti, sofferenza, malattie, impoverimento drastico del tessuto sociale e calo delle nascite. L\u2019uso di nuove tecnologie ha sostituito il contatto diretto. Nuove normative d\u2019emergenza per evitare il contagio, unite a nuove forme di sostegno, sono state introdotte per far fronte alla precariet\u00e0 economica. Nel corso dell\u2019anno passato, \u00e8 stato serrato il confronto fra Comuni e Organizzazioni sindacali per affrontare l\u2019emergenza economica, sociale e sanitaria, con il tema dei ristori e delle nuove povert\u00e0 al primo posto della discussione.<br \/>\nIl 2020 ha impegnato sia le Amministrazioni comunali che le parti sociali nel lavoro di prevenzione al contagio in tutti i campi, dalla scuola agli ambienti di lavoro e di vita come le case di riposo e i centri diurni chiusi, per dare risposte a tutti coloro che si sono trovati in difficolt\u00e0. Sono stati 12 gli incontri con i Comuni, in rappresentanza del 50% della popolazione della provincia, mentre nel 2019 i confronti sono avvenuti con 30 Amministrazioni.<br \/>\nFra i risultati ottenuti, il sostegno al Fondo Welfare Dolomiti e al Centro Antiviolenza Belluno Donna, l\u2019impegno a favorire l\u2019invecchiamento attivo con la partecipazione e il coinvolgimento degli anziani alle attivit\u00e0 culturali anche prevedendo il trasporto da casa, l\u2019assistenza domiciliare estesa alle famiglie anziane a sollievo del lavoro di cura delle donne anziane e l\u2019avvio della costituzione di un fondo per aiutare le famiglie colpite dalla crisi a pagare le rate del mutuo prima casa.<br \/>\nSul fronte fiscale, altro tema presidiato dalle Organizzazioni sindacali, si registra l\u2019innalzamento della soglia di esenzione Irpef, come richiesto, a 12mila euro e a 15mila. L\u2019Amministrazione di Feltre, con esenzione a 15.000, ha anche diminuito l\u2019imposizione fiscale sullo scaglione successivo.<br \/>\nCgil, Cisl e Uil ravvisano una certa resistenza da parte dei Comuni a intervenire sulla tassazione locale: sono ancora molti i Municipi che applicano l\u2019imposizione pi\u00f9 gravosa, ovvero l\u2019aliquota massima dello 0,8% su tutti gli scaglioni, senza progressivit\u00e0.<\/p>\n<p><strong>LA PIATTAFORMA 2021<\/strong> &#8211; Parte proprio da qui l\u2019impegno delle Organizzazioni sindacali per l\u2019anno in corso. \u201cOccorre agire creando sinergie e legami &#8211; affermano i rappresentanti territoriali di Cgil, Cisl e Uil &#8211; il Covid sta mettendo in difficolt\u00e0 la tenuta sociale delle nostre comunit\u00e0. Ecco perch\u00e9 nella contrattazione sociale del 2021 dobbiamo puntare su sostegno all\u2019inclusione e alla gestione delle nuove povert\u00e0, per non lasciare indietro nessuno. In particolare ci concentreremo sulle politiche per la famiglia e sostegno all\u2019area infanzia, ai giovani e agli anziani (asili, doposcuola, invecchiamento attivo, alleanza per le famiglie), sulla lotta alle disuguaglianze sociali, sul rilancio di cooperative di comunit\u00e0 per assegnare lavori diretti a persone senza lavoro, ma anche sulle politiche abitative, la formazione digitale e finanziaria. Servono inoltre nuove strategie per contrastare l\u2019evasione e investire le somme recuperate nei servizi sociali in favore dei cittadini\u201d.<\/p>","protected":false},"excerpt":{"rendered":"<p>Lotta alla povert\u00e0 e alla disuguaglianza sociale, politiche concrete in favore di anziani e giovani, nuove infrastrutture sanitarie per combattere la diffusione del Covid-19. Ma anche un fondo per aiutare i cittadini che perdono il lavoro e che non riescono pi\u00f9 a pagare le rate del mutuo prima casa. Sono alcune delle istanze che le [&hellip;]<\/p>\n","protected":false},"author":2,"featured_media":114884,"comment_status":"closed","ping_status":"open","sticky":false,"template":"","format":"standard","meta":{"footnotes":""},"categories":[36,26,8],"tags":[],"class_list":["post-122077","post","type-post","status-publish","format-standard","has-post-thumbnail","category-lavoro-economia","category-prima-pagina","category-societa-istituzioni"],"yoast_head":"<!-- This site is optimized with the Yoast SEO plugin v28.4 - https:\/\/yoast.com\/product\/yoast-seo-wordpress\/ -->\n<title>Contrattazione sociale in provincia di Belluno: le Linee Guida per il 2021 di Cgil-Cisl-Uil - Bellunopress - Dolomiti<\/title>\n<meta name=\"robots\" content=\"index, follow, max-snippet:-1, max-image-preview:large, max-video-preview:-1\" \/>\n<link rel=\"canonical\" href=\"https:\/\/www.bellunopress.it\/fr\/2021\/02\/26\/contrattazione-sociale-in-provincia-di-belluno-le-linee-guida-per-il-2021-di-cgil-cisl-uil\/\" \/>\n<meta property=\"og:locale\" content=\"fr_FR\" \/>\n<meta property=\"og:type\" content=\"article\" \/>\n<meta property=\"og:title\" content=\"Contrattazione sociale in provincia di Belluno: le Linee Guida per il 2021 di Cgil-Cisl-Uil - Bellunopress - Dolomiti\" \/>\n<meta property=\"og:description\" content=\"Lotta alla povert\u00e0 e alla disuguaglianza sociale, politiche concrete in favore di anziani e giovani, nuove infrastrutture sanitarie per combattere la diffusione del Covid-19. Ma anche un fondo per aiutare i cittadini che perdono il lavoro e che non riescono pi\u00f9 a pagare le rate del mutuo prima casa. Sono alcune delle istanze che le [&hellip;]\" \/>\n<meta property=\"og:url\" content=\"https:\/\/www.bellunopress.it\/fr\/2021\/02\/26\/contrattazione-sociale-in-provincia-di-belluno-le-linee-guida-per-il-2021-di-cgil-cisl-uil\/\" \/>\n<meta property=\"og:site_name\" content=\"Bellunopress - Dolomiti\" \/>\n<meta property=\"article:publisher\" content=\"https:\/\/www.facebook.com\/profile.php?id=100008943462799\" \/>\n<meta property=\"article:published_time\" content=\"2021-02-26T17:07:38+00:00\" \/>\n<meta property=\"og:image\" content=\"https:\/\/www.bellunopress.it\/wp-content\/uploads\/2020\/06\/cgil-cisl-uil-scuola_edited.jpg\" \/>\n\t<meta property=\"og:image:width\" content=\"800\" \/>\n\t<meta property=\"og:image:height\" content=\"553\" \/>\n\t<meta property=\"og:image:type\" content=\"image\/jpeg\" \/>\n<meta name=\"author\" content=\"redazione\" \/>\n<meta name=\"twitter:card\" content=\"summary_large_image\" \/>\n<meta name=\"twitter:creator\" content=\"@bellunopress\" \/>\n<meta name=\"twitter:site\" content=\"@bellunopress\" \/>\n<meta name=\"twitter:label1\" content=\"\u00c9crit par\" \/>\n\t<meta name=\"twitter:data1\" content=\"redazione\" \/>\n\t<meta name=\"twitter:label2\" content=\"Dur\u00e9e de lecture estim\u00e9e\" \/>\n\t<meta name=\"twitter:data2\" content=\"3 minutes\" \/>\n<script type=\"application\/ld+json\" class=\"yoast-schema-graph\">{\"@context\":\"https:\\\/\\\/schema.org\",\"@graph\":[{\"@type\":\"Article\",\"@id\":\"https:\\\/\\\/www.bellunopress.it\\\/2021\\\/02\\\/26\\\/contrattazione-sociale-in-provincia-di-belluno-le-linee-guida-per-il-2021-di-cgil-cisl-uil\\\/#article\",\"isPartOf\":{\"@id\":\"https:\\\/\\\/www.bellunopress.it\\\/2021\\\/02\\\/26\\\/contrattazione-sociale-in-provincia-di-belluno-le-linee-guida-per-il-2021-di-cgil-cisl-uil\\\/\"},\"author\":{\"name\":\"redazione\",\"@id\":\"https:\\\/\\\/www.bellunopress.it\\\/#\\\/schema\\\/person\\\/79bb06722b37ece1c03d3e94beb30d73\"},\"headline\":\"Contrattazione sociale in provincia di Belluno: le Linee Guida per il 2021 di Cgil-Cisl-Uil\",\"datePublished\":\"2021-02-26T17:07:38+00:00\",\"mainEntityOfPage\":{\"@id\":\"https:\\\/\\\/www.bellunopress.it\\\/2021\\\/02\\\/26\\\/contrattazione-sociale-in-provincia-di-belluno-le-linee-guida-per-il-2021-di-cgil-cisl-uil\\\/\"},\"wordCount\":638,\"publisher\":{\"@id\":\"https:\\\/\\\/www.bellunopress.it\\\/#organization\"},\"image\":{\"@id\":\"https:\\\/\\\/www.bellunopress.it\\\/2021\\\/02\\\/26\\\/contrattazione-sociale-in-provincia-di-belluno-le-linee-guida-per-il-2021-di-cgil-cisl-uil\\\/#primaryimage\"},\"thumbnailUrl\":\"https:\\\/\\\/www.bellunopress.it\\\/wp-content\\\/uploads\\\/2020\\\/06\\\/cgil-cisl-uil-scuola_edited.jpg\",\"articleSection\":[\"Lavoro, Economia, Turismo\",\"Prima Pagina\",\"Societ\u00e0, Associazioni, Istituzioni\"],\"inLanguage\":\"fr-FR\"},{\"@type\":\"WebPage\",\"@id\":\"https:\\\/\\\/www.bellunopress.it\\\/2021\\\/02\\\/26\\\/contrattazione-sociale-in-provincia-di-belluno-le-linee-guida-per-il-2021-di-cgil-cisl-uil\\\/\",\"url\":\"https:\\\/\\\/www.bellunopress.it\\\/2021\\\/02\\\/26\\\/contrattazione-sociale-in-provincia-di-belluno-le-linee-guida-per-il-2021-di-cgil-cisl-uil\\\/\",\"name\":\"Contrattazione sociale in provincia di Belluno: le Linee Guida per il 2021 di Cgil-Cisl-Uil - Bellunopress - Dolomiti\",\"isPartOf\":{\"@id\":\"https:\\\/\\\/www.bellunopress.it\\\/#website\"},\"primaryImageOfPage\":{\"@id\":\"https:\\\/\\\/www.bellunopress.it\\\/2021\\\/02\\\/26\\\/contrattazione-sociale-in-provincia-di-belluno-le-linee-guida-per-il-2021-di-cgil-cisl-uil\\\/#primaryimage\"},\"image\":{\"@id\":\"https:\\\/\\\/www.bellunopress.it\\\/2021\\\/02\\\/26\\\/contrattazione-sociale-in-provincia-di-belluno-le-linee-guida-per-il-2021-di-cgil-cisl-uil\\\/#primaryimage\"},\"thumbnailUrl\":\"https:\\\/\\\/www.bellunopress.it\\\/wp-content\\\/uploads\\\/2020\\\/06\\\/cgil-cisl-uil-scuola_edited.jpg\",\"datePublished\":\"2021-02-26T17:07:38+00:00\",\"breadcrumb\":{\"@id\":\"https:\\\/\\\/www.bellunopress.it\\\/2021\\\/02\\\/26\\\/contrattazione-sociale-in-provincia-di-belluno-le-linee-guida-per-il-2021-di-cgil-cisl-uil\\\/#breadcrumb\"},\"inLanguage\":\"fr-FR\",\"potentialAction\":[{\"@type\":\"ReadAction\",\"target\":[\"https:\\\/\\\/www.bellunopress.it\\\/2021\\\/02\\\/26\\\/contrattazione-sociale-in-provincia-di-belluno-le-linee-guida-per-il-2021-di-cgil-cisl-uil\\\/\"]}]},{\"@type\":\"ImageObject\",\"inLanguage\":\"fr-FR\",\"@id\":\"https:\\\/\\\/www.bellunopress.it\\\/2021\\\/02\\\/26\\\/contrattazione-sociale-in-provincia-di-belluno-le-linee-guida-per-il-2021-di-cgil-cisl-uil\\\/#primaryimage\",\"url\":\"https:\\\/\\\/www.bellunopress.it\\\/wp-content\\\/uploads\\\/2020\\\/06\\\/cgil-cisl-uil-scuola_edited.jpg\",\"contentUrl\":\"https:\\\/\\\/www.bellunopress.it\\\/wp-content\\\/uploads\\\/2020\\\/06\\\/cgil-cisl-uil-scuola_edited.jpg\",\"width\":800,\"height\":553},{\"@type\":\"BreadcrumbList\",\"@id\":\"https:\\\/\\\/www.bellunopress.it\\\/2021\\\/02\\\/26\\\/contrattazione-sociale-in-provincia-di-belluno-le-linee-guida-per-il-2021-di-cgil-cisl-uil\\\/#breadcrumb\",\"itemListElement\":[{\"@type\":\"ListItem\",\"position\":1,\"name\":\"Home\",\"item\":\"https:\\\/\\\/www.bellunopress.it\\\/\"},{\"@type\":\"ListItem\",\"position\":2,\"name\":\"Contrattazione sociale in provincia di Belluno: le Linee Guida per il 2021 di Cgil-Cisl-Uil\"}]},{\"@type\":\"WebSite\",\"@id\":\"https:\\\/\\\/www.bellunopress.it\\\/#website\",\"url\":\"https:\\\/\\\/www.bellunopress.it\\\/\",\"name\":\"Bellunopress - Dolomiti\",\"description\":\"e-mail: redazione@bellunopress.it\",\"publisher\":{\"@id\":\"https:\\\/\\\/www.bellunopress.it\\\/#organization\"},\"potentialAction\":[{\"@type\":\"SearchAction\",\"target\":{\"@type\":\"EntryPoint\",\"urlTemplate\":\"https:\\\/\\\/www.bellunopress.it\\\/?s={search_term_string}\"},\"query-input\":{\"@type\":\"PropertyValueSpecification\",\"valueRequired\":true,\"valueName\":\"search_term_string\"}}],\"inLanguage\":\"fr-FR\"},{\"@type\":\"Organization\",\"@id\":\"https:\\\/\\\/www.bellunopress.it\\\/#organization\",\"name\":\"Bellunopress\",\"url\":\"https:\\\/\\\/www.bellunopress.it\\\/\",\"logo\":{\"@type\":\"ImageObject\",\"inLanguage\":\"fr-FR\",\"@id\":\"https:\\\/\\\/www.bellunopress.it\\\/#\\\/schema\\\/logo\\\/image\\\/\",\"url\":\"https:\\\/\\\/www.bellunopress.it\\\/wp-content\\\/uploads\\\/2011\\\/05\\\/cropped-logo-bellunopress-.jpg\",\"contentUrl\":\"https:\\\/\\\/www.bellunopress.it\\\/wp-content\\\/uploads\\\/2011\\\/05\\\/cropped-logo-bellunopress-.jpg\",\"width\":512,\"height\":512,\"caption\":\"Bellunopress\"},\"image\":{\"@id\":\"https:\\\/\\\/www.bellunopress.it\\\/#\\\/schema\\\/logo\\\/image\\\/\"},\"sameAs\":[\"https:\\\/\\\/www.facebook.com\\\/profile.php?id=100008943462799\",\"https:\\\/\\\/x.com\\\/bellunopress\",\"https:\\\/\\\/www.linkedin.com\\\/hp\\\/?dnr=JBzUWaJfMUw8vbXJJ2tVW5-I3jZKvC4wsoxE&amp;amp;amp;amp;amp;amp;trk=nav_responsive_tab_home\",\"https:\\\/\\\/www.youtube.com\\\/channel\\\/UCxL0wu1uN0_3_7hGG0306cw\"]},{\"@type\":\"Person\",\"@id\":\"https:\\\/\\\/www.bellunopress.it\\\/#\\\/schema\\\/person\\\/79bb06722b37ece1c03d3e94beb30d73\",\"name\":\"redazione\",\"image\":{\"@type\":\"ImageObject\",\"inLanguage\":\"fr-FR\",\"@id\":\"https:\\\/\\\/secure.gravatar.com\\\/avatar\\\/37d968a2e67a6fd04c169c4bdef102d0bc5d31b2546345219e348575eb80e9a0?s=96&d=mm&r=g\",\"url\":\"https:\\\/\\\/secure.gravatar.com\\\/avatar\\\/37d968a2e67a6fd04c169c4bdef102d0bc5d31b2546345219e348575eb80e9a0?s=96&d=mm&r=g\",\"contentUrl\":\"https:\\\/\\\/secure.gravatar.com\\\/avatar\\\/37d968a2e67a6fd04c169c4bdef102d0bc5d31b2546345219e348575eb80e9a0?s=96&d=mm&r=g\",\"caption\":\"redazione\"},\"sameAs\":[\"http:\\\/\\\/www.bellunopress.it\",\"https:\\\/\\\/x.com\\\/bellunopress\"],\"url\":\"https:\\\/\\\/www.bellunopress.it\\\/fr\\\/author\\\/redazione\\\/\"}]}<\/script>\n<!-- \/ Yoast SEO plugin. -->","yoast_head_json":{"title":"Contrattazione sociale in provincia di Belluno: le Linee Guida per il 2021 di Cgil-Cisl-Uil - Bellunopress - Dolomiti","robots":{"index":"index","follow":"follow","max-snippet":"max-snippet:-1","max-image-preview":"max-image-preview:large","max-video-preview":"max-video-preview:-1"},"canonical":"https:\/\/www.bellunopress.it\/fr\/2021\/02\/26\/contrattazione-sociale-in-provincia-di-belluno-le-linee-guida-per-il-2021-di-cgil-cisl-uil\/","og_locale":"fr_FR","og_type":"article","og_title":"Contrattazione sociale in provincia di Belluno: le Linee Guida per il 2021 di Cgil-Cisl-Uil - Bellunopress - Dolomiti","og_description":"Lotta alla povert\u00e0 e alla disuguaglianza sociale, politiche concrete in favore di anziani e giovani, nuove infrastrutture sanitarie per combattere la diffusione del Covid-19. Ma anche un fondo per aiutare i cittadini che perdono il lavoro e che non riescono pi\u00f9 a pagare le rate del mutuo prima casa. Sono alcune delle istanze che le [&hellip;]","og_url":"https:\/\/www.bellunopress.it\/fr\/2021\/02\/26\/contrattazione-sociale-in-provincia-di-belluno-le-linee-guida-per-il-2021-di-cgil-cisl-uil\/","og_site_name":"Bellunopress - Dolomiti","article_publisher":"https:\/\/www.facebook.com\/profile.php?id=100008943462799","article_published_time":"2021-02-26T17:07:38+00:00","og_image":[{"width":800,"height":553,"url":"https:\/\/www.bellunopress.it\/wp-content\/uploads\/2020\/06\/cgil-cisl-uil-scuola_edited.jpg","type":"image\/jpeg"}],"author":"redazione","twitter_card":"summary_large_image","twitter_creator":"@bellunopress","twitter_site":"@bellunopress","twitter_misc":{"\u00c9crit par":"redazione","Dur\u00e9e de lecture estim\u00e9e":"3 minutes"},"schema":{"@context":"https:\/\/schema.org","@graph":[{"@type":"Article","@id":"https:\/\/www.bellunopress.it\/2021\/02\/26\/contrattazione-sociale-in-provincia-di-belluno-le-linee-guida-per-il-2021-di-cgil-cisl-uil\/#article","isPartOf":{"@id":"https:\/\/www.bellunopress.it\/2021\/02\/26\/contrattazione-sociale-in-provincia-di-belluno-le-linee-guida-per-il-2021-di-cgil-cisl-uil\/"},"author":{"name":"redazione","@id":"https:\/\/www.bellunopress.it\/#\/schema\/person\/79bb06722b37ece1c03d3e94beb30d73"},"headline":"Contrattazione sociale in provincia di Belluno: le Linee Guida per il 2021 di Cgil-Cisl-Uil","datePublished":"2021-02-26T17:07:38+00:00","mainEntityOfPage":{"@id":"https:\/\/www.bellunopress.it\/2021\/02\/26\/contrattazione-sociale-in-provincia-di-belluno-le-linee-guida-per-il-2021-di-cgil-cisl-uil\/"},"wordCount":638,"publisher":{"@id":"https:\/\/www.bellunopress.it\/#organization"},"image":{"@id":"https:\/\/www.bellunopress.it\/2021\/02\/26\/contrattazione-sociale-in-provincia-di-belluno-le-linee-guida-per-il-2021-di-cgil-cisl-uil\/#primaryimage"},"thumbnailUrl":"https:\/\/www.bellunopress.it\/wp-content\/uploads\/2020\/06\/cgil-cisl-uil-scuola_edited.jpg","articleSection":["Lavoro, Economia, Turismo","Prima Pagina","Societ\u00e0, Associazioni, Istituzioni"],"inLanguage":"fr-FR"},{"@type":"WebPage","@id":"https:\/\/www.bellunopress.it\/2021\/02\/26\/contrattazione-sociale-in-provincia-di-belluno-le-linee-guida-per-il-2021-di-cgil-cisl-uil\/","url":"https:\/\/www.bellunopress.it\/2021\/02\/26\/contrattazione-sociale-in-provincia-di-belluno-le-linee-guida-per-il-2021-di-cgil-cisl-uil\/","name":"Contrattazione sociale in provincia di Belluno: le Linee Guida per il 2021 di Cgil-Cisl-Uil - Bellunopress - Dolomiti","isPartOf":{"@id":"https:\/\/www.bellunopress.it\/#website"},"primaryImageOfPage":{"@id":"https:\/\/www.bellunopress.it\/2021\/02\/26\/contrattazione-sociale-in-provincia-di-belluno-le-linee-guida-per-il-2021-di-cgil-cisl-uil\/#primaryimage"},"image":{"@id":"https:\/\/www.bellunopress.it\/2021\/02\/26\/contrattazione-sociale-in-provincia-di-belluno-le-linee-guida-per-il-2021-di-cgil-cisl-uil\/#primaryimage"},"thumbnailUrl":"https:\/\/www.bellunopress.it\/wp-content\/uploads\/2020\/06\/cgil-cisl-uil-scuola_edited.jpg","datePublished":"2021-02-26T17:07:38+00:00","breadcrumb":{"@id":"https:\/\/www.bellunopress.it\/2021\/02\/26\/contrattazione-sociale-in-provincia-di-belluno-le-linee-guida-per-il-2021-di-cgil-cisl-uil\/#breadcrumb"},"inLanguage":"fr-FR","potentialAction":[{"@type":"ReadAction","target":["https:\/\/www.bellunopress.it\/2021\/02\/26\/contrattazione-sociale-in-provincia-di-belluno-le-linee-guida-per-il-2021-di-cgil-cisl-uil\/"]}]},{"@type":"ImageObject","inLanguage":"fr-FR","@id":"https:\/\/www.bellunopress.it\/2021\/02\/26\/contrattazione-sociale-in-provincia-di-belluno-le-linee-guida-per-il-2021-di-cgil-cisl-uil\/#primaryimage","url":"https:\/\/www.bellunopress.it\/wp-content\/uploads\/2020\/06\/cgil-cisl-uil-scuola_edited.jpg","contentUrl":"https:\/\/www.bellunopress.it\/wp-content\/uploads\/2020\/06\/cgil-cisl-uil-scuola_edited.jpg","width":800,"height":553},{"@type":"BreadcrumbList","@id":"https:\/\/www.bellunopress.it\/2021\/02\/26\/contrattazione-sociale-in-provincia-di-belluno-le-linee-guida-per-il-2021-di-cgil-cisl-uil\/#breadcrumb","itemListElement":[{"@type":"ListItem","position":1,"name":"Home","item":"https:\/\/www.bellunopress.it\/"},{"@type":"ListItem","position":2,"name":"Contrattazione sociale in provincia di Belluno: le Linee Guida per il 2021 di Cgil-Cisl-Uil"}]},{"@type":"WebSite","@id":"https:\/\/www.bellunopress.it\/#website","url":"https:\/\/www.bellunopress.it\/","name":"Bellunopress - Dolomiti","description":"e-mail: redazione@bellunopress.it","publisher":{"@id":"https:\/\/www.bellunopress.it\/#organization"},"potentialAction":[{"@type":"SearchAction","target":{"@type":"EntryPoint","urlTemplate":"https:\/\/www.bellunopress.it\/?s={search_term_string}"},"query-input":{"@type":"PropertyValueSpecification","valueRequired":true,"valueName":"search_term_string"}}],"inLanguage":"fr-FR"},{"@type":"Organization","@id":"https:\/\/www.bellunopress.it\/#organization","name":"Bellunopress","url":"https:\/\/www.bellunopress.it\/","logo":{"@type":"ImageObject","inLanguage":"fr-FR","@id":"https:\/\/www.bellunopress.it\/#\/schema\/logo\/image\/","url":"https:\/\/www.bellunopress.it\/wp-content\/uploads\/2011\/05\/cropped-logo-bellunopress-.jpg","contentUrl":"https:\/\/www.bellunopress.it\/wp-content\/uploads\/2011\/05\/cropped-logo-bellunopress-.jpg","width":512,"height":512,"caption":"Bellunopress"},"image":{"@id":"https:\/\/www.bellunopress.it\/#\/schema\/logo\/image\/"},"sameAs":["https:\/\/www.facebook.com\/profile.php?id=100008943462799","https:\/\/x.com\/bellunopress","https:\/\/www.linkedin.com\/hp\/?dnr=JBzUWaJfMUw8vbXJJ2tVW5-I3jZKvC4wsoxE&amp;amp;amp;amp;amp;amp;trk=nav_responsive_tab_home","https:\/\/www.youtube.com\/channel\/UCxL0wu1uN0_3_7hGG0306cw"]},{"@type":"Person","@id":"https:\/\/www.bellunopress.it\/#\/schema\/person\/79bb06722b37ece1c03d3e94beb30d73","name":"r\u00e9daction","image":{"@type":"ImageObject","inLanguage":"fr-FR","@id":"https:\/\/secure.gravatar.com\/avatar\/37d968a2e67a6fd04c169c4bdef102d0bc5d31b2546345219e348575eb80e9a0?s=96&d=mm&r=g","url":"https:\/\/secure.gravatar.com\/avatar\/37d968a2e67a6fd04c169c4bdef102d0bc5d31b2546345219e348575eb80e9a0?s=96&d=mm&r=g","contentUrl":"https:\/\/secure.gravatar.com\/avatar\/37d968a2e67a6fd04c169c4bdef102d0bc5d31b2546345219e348575eb80e9a0?s=96&d=mm&r=g","caption":"redazione"},"sameAs":["http:\/\/www.bellunopress.it","https:\/\/x.com\/bellunopress"],"url":"https:\/\/www.bellunopress.it\/fr\/author\/redazione\/"}]}},"_links":{"self":[{"href":"https:\/\/www.bellunopress.it\/fr\/wp-json\/wp\/v2\/posts\/122077","targetHints":{"allow":["GET"]}}],"collection":[{"href":"https:\/\/www.bellunopress.it\/fr\/wp-json\/wp\/v2\/posts"}],"about":[{"href":"https:\/\/www.bellunopress.it\/fr\/wp-json\/wp\/v2\/types\/post"}],"author":[{"embeddable":true,"href":"https:\/\/www.bellunopress.it\/fr\/wp-json\/wp\/v2\/users\/2"}],"replies":[{"embeddable":true,"href":"https:\/\/www.bellunopress.it\/fr\/wp-json\/wp\/v2\/comments?post=122077"}],"version-history":[{"count":1,"href":"https:\/\/www.bellunopress.it\/fr\/wp-json\/wp\/v2\/posts\/122077\/revisions"}],"predecessor-version":[{"id":122078,"href":"https:\/\/www.bellunopress.it\/fr\/wp-json\/wp\/v2\/posts\/122077\/revisions\/122078"}],"wp:featuredmedia":[{"embeddable":true,"href":"https:\/\/www.bellunopress.it\/fr\/wp-json\/wp\/v2\/media\/114884"}],"wp:attachment":[{"href":"https:\/\/www.bellunopress.it\/fr\/wp-json\/wp\/v2\/media?parent=122077"}],"wp:term":[{"taxonomy":"category","embeddable":true,"href":"https:\/\/www.bellunopress.it\/fr\/wp-json\/wp\/v2\/categories?post=122077"},{"taxonomy":"post_tag","embeddable":true,"href":"https:\/\/www.bellunopress.it\/fr\/wp-json\/wp\/v2\/tags?post=122077"}],"curies":[{"name":"wp","href":"https:\/\/api.w.org\/{rel}","templated":true}]}}