{"id":122068,"date":"2021-02-26T14:57:30","date_gmt":"2021-02-26T13:57:30","guid":{"rendered":"http:\/\/www.bellunopress.it\/?p=122068"},"modified":"2021-02-26T14:57:30","modified_gmt":"2021-02-26T13:57:30","slug":"nominati-da-zaia-i-nuovi-direttori-generali-della-sanita-veneta","status":"publish","type":"post","link":"https:\/\/www.bellunopress.it\/fr\/2021\/02\/26\/nominati-da-zaia-i-nuovi-direttori-generali-della-sanita-veneta\/","title":{"rendered":"Nominati da Zaia i nuovi direttori generali della sanit\u00e0 veneta"},"content":{"rendered":"<p><a href=\"http:\/\/www.bellunopress.it\/fr\/2021\/02\/26\/maria-grazia-carraro-e-il-nuovo-direttore-generale-della-ulss-1-dolomiti\/presentazione-nuovi-dirett-generali-ulss-venete_edited\/\" rel=\"attachment wp-att-122059\"><img loading=\"lazy\" decoding=\"async\" class=\"alignleft  wp-image-122059\" src=\"http:\/\/www.bellunopress.it\/wp-content\/uploads\/2021\/02\/presentazione-nuovi-dirett-generali-Ulss-venete_edited.jpg\" alt=\"\" width=\"405\" height=\"253\" srcset=\"https:\/\/www.bellunopress.it\/wp-content\/uploads\/2021\/02\/presentazione-nuovi-dirett-generali-Ulss-venete_edited.jpg 648w, https:\/\/www.bellunopress.it\/wp-content\/uploads\/2021\/02\/presentazione-nuovi-dirett-generali-Ulss-venete_edited-500x313.jpg 500w\" sizes=\"auto, (max-width: 405px) 100vw, 405px\" \/><\/a>Venezia, 26 febbraio 2021 &#8211;\u00a0Il presidente della Regione, Luca Zaia, ha nominato oggi i nuovi direttori generali delle nove Ullss, delle due Aziende ospedaliere di Padova e Verona, dell\u2019Istituto Oncologico Veneto e dell\u2019Azienda Zero, rinnovando cos\u00ec l\u2019assetto manageriale dell\u2019organizzazione sanitaria regionale.<\/p>\n<p>Sette manager sono alla prima nomina; due riconfermati nella stessa sede, quattro sono riconfermati ma nominati in una sede diversa dalla precedente.<\/p>\n<p>La nuova compagine dirigenziale \u00e8 stata presentata a Palazzo Balbi, sede della Giunta regionale a Venezia, dallo stesso Zaia, che era affiancato dall\u2019Assessore alla Sanit\u00e0, Manuela Lanzarin, e dal direttore generale della sanit\u00e0 regionale, Luciano Flor.<\/p>\n<p>\u201cAbbiamo valutato 101 candidature attraverso una rigorosa procedura di legge \u2013 ha detto Zaia \u2013 e abbiamo costruito una squadra omogenea, caratterizzata da molte professioni sanitarie e da esperienza pregressa a diversi livelli, con l\u2019orgoglio di essere la prima Regione d\u2019Italia a nominare direttore generale un laureato in scienze infermieristiche (Mauro Filippi all\u2019Ulss 4 Veneto Orientale ndr) che, studiando e lavorando, \u00e8 riuscito a salire tutti i gradini di una lunga scala, arrivandone al vertice\u201d. Zaia ha tenuto a sottolineare che \u201cogni scelta \u00e8 stata fatta valutando le caratteristiche dei candidati che risultassero utili per il contesto territoriale assegnato e per il miglior successo della futura programmazione regionale\u201d. Il Governatore ha molto insistito sul concetto di squadra e sulla necessit\u00e0 di lavorare ognuno in spirito di totale collaborazione con gli altri: \u201cI malati non conoscono confini \u2013 ha detto Zaia rivolto ai neo dg \u2013 e a voi chiedono lo stesso, di fare squadra, di costruire relazioni efficaci tra i diversi territori, tra Ospedali universitari e territoriali, tra ogni singolo ospedale e ogni singolo territorio. Pi\u00f9 sarete uniti e pi\u00f9 forte sar\u00e0 la vostra squadra\u201d.<\/p>\n<p>All\u2019Ulss 1 Dolomiti va Maria Grazia Carraro (nuova); all\u2019Ulss 2 Marca Trevigiana, Francesco Benazzi (confermato); all\u2019Ulss 3 Serenissima, Edgardo Contato (nuovo); all\u2019Ulss 4 Veneto Orientale, Mauro Filippi (nuovo); all\u2019Ulss 5 Polesana, Patrizia Simionato (ex dg Azienda Zero); all\u2019Ulss 6 Euganea, Paolo Fortuna (nuovo); all\u2019Ulss 7 Pedemontana, Carlo Bramezza (ex dg Ulss 4 Veneto Orientale); all\u2019Ulss 8 Berica, Maria Giuseppina Bonavina (nuova, in passato gi\u00e0 dg Ulss Verona); all\u2019Ulss 9 Scaligera, Pietro Girardi (confermato); all\u2019Azienda Ospedaliera di Padova, Giuseppe Dal Ben (ex dg Ulss 3 Serenissima); all\u2019Azienda Ospedaliera di Verona, Callisto Bravi (nuovo); all\u2019Istituto Oncologico Veneto, Patrizia Benini (nuova); all\u2019Azienda Zero, Roberto Toniolo (nuovo).<\/p>\n<p>Il contratto firmato dai direttori generali \u00e8 valido per tre anni pi\u00f9 un possibile prolungamento di altri due. Guadagneranno 154 mila euro lordi l\u2019anno.<\/p>","protected":false},"excerpt":{"rendered":"<p>Venezia, 26 febbraio 2021 &#8211;\u00a0Il presidente della Regione, Luca Zaia, ha nominato oggi i nuovi direttori generali delle nove Ullss, delle due Aziende ospedaliere di Padova e Verona, dell\u2019Istituto Oncologico Veneto e dell\u2019Azienda Zero, rinnovando cos\u00ec l\u2019assetto manageriale dell\u2019organizzazione sanitaria regionale. Sette manager sono alla prima nomina; due riconfermati nella stessa sede, quattro sono riconfermati [&hellip;]<\/p>\n","protected":false},"author":2,"featured_media":122059,"comment_status":"closed","ping_status":"open","sticky":false,"template":"","format":"standard","meta":{"footnotes":""},"categories":[26,17],"tags":[],"class_list":["post-122068","post","type-post","status-publish","format-standard","has-post-thumbnail","category-prima-pagina","category-sanita"],"yoast_head":"<!-- This site is optimized with the Yoast SEO plugin v28.4 - https:\/\/yoast.com\/product\/yoast-seo-wordpress\/ -->\n<title>Nominati da Zaia i nuovi direttori generali della sanit\u00e0 veneta - Bellunopress - Dolomiti<\/title>\n<meta name=\"robots\" content=\"index, follow, max-snippet:-1, max-image-preview:large, max-video-preview:-1\" \/>\n<link rel=\"canonical\" href=\"https:\/\/www.bellunopress.it\/fr\/2021\/02\/26\/nominati-da-zaia-i-nuovi-direttori-generali-della-sanita-veneta\/\" \/>\n<meta property=\"og:locale\" content=\"fr_FR\" \/>\n<meta property=\"og:type\" content=\"article\" \/>\n<meta property=\"og:title\" content=\"Nominati da Zaia i nuovi direttori generali della sanit\u00e0 veneta - Bellunopress - Dolomiti\" \/>\n<meta property=\"og:description\" content=\"Venezia, 26 febbraio 2021 &#8211;\u00a0Il presidente della Regione, Luca Zaia, ha nominato oggi i nuovi direttori generali delle nove Ullss, delle due Aziende ospedaliere di Padova e Verona, dell\u2019Istituto Oncologico Veneto e dell\u2019Azienda Zero, rinnovando cos\u00ec l\u2019assetto manageriale dell\u2019organizzazione sanitaria regionale. Sette manager sono alla prima nomina; due riconfermati nella stessa sede, quattro sono riconfermati [&hellip;]\" \/>\n<meta property=\"og:url\" content=\"https:\/\/www.bellunopress.it\/fr\/2021\/02\/26\/nominati-da-zaia-i-nuovi-direttori-generali-della-sanita-veneta\/\" \/>\n<meta property=\"og:site_name\" content=\"Bellunopress - Dolomiti\" \/>\n<meta property=\"article:publisher\" content=\"https:\/\/www.facebook.com\/profile.php?id=100008943462799\" \/>\n<meta property=\"article:published_time\" content=\"2021-02-26T13:57:30+00:00\" \/>\n<meta property=\"og:image\" content=\"https:\/\/www.bellunopress.it\/wp-content\/uploads\/2021\/02\/presentazione-nuovi-dirett-generali-Ulss-venete_edited.jpg\" \/>\n\t<meta property=\"og:image:width\" content=\"648\" \/>\n\t<meta property=\"og:image:height\" content=\"405\" \/>\n\t<meta property=\"og:image:type\" content=\"image\/jpeg\" \/>\n<meta name=\"author\" content=\"redazione\" \/>\n<meta name=\"twitter:card\" content=\"summary_large_image\" \/>\n<meta name=\"twitter:creator\" content=\"@bellunopress\" \/>\n<meta name=\"twitter:site\" content=\"@bellunopress\" \/>\n<meta name=\"twitter:label1\" content=\"\u00c9crit par\" \/>\n\t<meta name=\"twitter:data1\" content=\"redazione\" \/>\n\t<meta name=\"twitter:label2\" content=\"Dur\u00e9e de lecture estim\u00e9e\" \/>\n\t<meta name=\"twitter:data2\" content=\"2 minutes\" \/>\n<script type=\"application\/ld+json\" class=\"yoast-schema-graph\">{\"@context\":\"https:\\\/\\\/schema.org\",\"@graph\":[{\"@type\":\"Article\",\"@id\":\"https:\\\/\\\/www.bellunopress.it\\\/2021\\\/02\\\/26\\\/nominati-da-zaia-i-nuovi-direttori-generali-della-sanita-veneta\\\/#article\",\"isPartOf\":{\"@id\":\"https:\\\/\\\/www.bellunopress.it\\\/2021\\\/02\\\/26\\\/nominati-da-zaia-i-nuovi-direttori-generali-della-sanita-veneta\\\/\"},\"author\":{\"name\":\"redazione\",\"@id\":\"https:\\\/\\\/www.bellunopress.it\\\/#\\\/schema\\\/person\\\/79bb06722b37ece1c03d3e94beb30d73\"},\"headline\":\"Nominati da Zaia i nuovi direttori generali della sanit\u00e0 veneta\",\"datePublished\":\"2021-02-26T13:57:30+00:00\",\"mainEntityOfPage\":{\"@id\":\"https:\\\/\\\/www.bellunopress.it\\\/2021\\\/02\\\/26\\\/nominati-da-zaia-i-nuovi-direttori-generali-della-sanita-veneta\\\/\"},\"wordCount\":420,\"publisher\":{\"@id\":\"https:\\\/\\\/www.bellunopress.it\\\/#organization\"},\"image\":{\"@id\":\"https:\\\/\\\/www.bellunopress.it\\\/2021\\\/02\\\/26\\\/nominati-da-zaia-i-nuovi-direttori-generali-della-sanita-veneta\\\/#primaryimage\"},\"thumbnailUrl\":\"https:\\\/\\\/www.bellunopress.it\\\/wp-content\\\/uploads\\\/2021\\\/02\\\/presentazione-nuovi-dirett-generali-Ulss-venete_edited.jpg\",\"articleSection\":[\"Prima Pagina\",\"Sanit\u00e0 Medicina\"],\"inLanguage\":\"fr-FR\"},{\"@type\":\"WebPage\",\"@id\":\"https:\\\/\\\/www.bellunopress.it\\\/2021\\\/02\\\/26\\\/nominati-da-zaia-i-nuovi-direttori-generali-della-sanita-veneta\\\/\",\"url\":\"https:\\\/\\\/www.bellunopress.it\\\/2021\\\/02\\\/26\\\/nominati-da-zaia-i-nuovi-direttori-generali-della-sanita-veneta\\\/\",\"name\":\"Nominati da Zaia i nuovi direttori generali della sanit\u00e0 veneta - Bellunopress - Dolomiti\",\"isPartOf\":{\"@id\":\"https:\\\/\\\/www.bellunopress.it\\\/#website\"},\"primaryImageOfPage\":{\"@id\":\"https:\\\/\\\/www.bellunopress.it\\\/2021\\\/02\\\/26\\\/nominati-da-zaia-i-nuovi-direttori-generali-della-sanita-veneta\\\/#primaryimage\"},\"image\":{\"@id\":\"https:\\\/\\\/www.bellunopress.it\\\/2021\\\/02\\\/26\\\/nominati-da-zaia-i-nuovi-direttori-generali-della-sanita-veneta\\\/#primaryimage\"},\"thumbnailUrl\":\"https:\\\/\\\/www.bellunopress.it\\\/wp-content\\\/uploads\\\/2021\\\/02\\\/presentazione-nuovi-dirett-generali-Ulss-venete_edited.jpg\",\"datePublished\":\"2021-02-26T13:57:30+00:00\",\"breadcrumb\":{\"@id\":\"https:\\\/\\\/www.bellunopress.it\\\/2021\\\/02\\\/26\\\/nominati-da-zaia-i-nuovi-direttori-generali-della-sanita-veneta\\\/#breadcrumb\"},\"inLanguage\":\"fr-FR\",\"potentialAction\":[{\"@type\":\"ReadAction\",\"target\":[\"https:\\\/\\\/www.bellunopress.it\\\/2021\\\/02\\\/26\\\/nominati-da-zaia-i-nuovi-direttori-generali-della-sanita-veneta\\\/\"]}]},{\"@type\":\"ImageObject\",\"inLanguage\":\"fr-FR\",\"@id\":\"https:\\\/\\\/www.bellunopress.it\\\/2021\\\/02\\\/26\\\/nominati-da-zaia-i-nuovi-direttori-generali-della-sanita-veneta\\\/#primaryimage\",\"url\":\"https:\\\/\\\/www.bellunopress.it\\\/wp-content\\\/uploads\\\/2021\\\/02\\\/presentazione-nuovi-dirett-generali-Ulss-venete_edited.jpg\",\"contentUrl\":\"https:\\\/\\\/www.bellunopress.it\\\/wp-content\\\/uploads\\\/2021\\\/02\\\/presentazione-nuovi-dirett-generali-Ulss-venete_edited.jpg\",\"width\":648,\"height\":405},{\"@type\":\"BreadcrumbList\",\"@id\":\"https:\\\/\\\/www.bellunopress.it\\\/2021\\\/02\\\/26\\\/nominati-da-zaia-i-nuovi-direttori-generali-della-sanita-veneta\\\/#breadcrumb\",\"itemListElement\":[{\"@type\":\"ListItem\",\"position\":1,\"name\":\"Home\",\"item\":\"https:\\\/\\\/www.bellunopress.it\\\/\"},{\"@type\":\"ListItem\",\"position\":2,\"name\":\"Nominati da Zaia i nuovi direttori generali della sanit\u00e0 veneta\"}]},{\"@type\":\"WebSite\",\"@id\":\"https:\\\/\\\/www.bellunopress.it\\\/#website\",\"url\":\"https:\\\/\\\/www.bellunopress.it\\\/\",\"name\":\"Bellunopress - Dolomiti\",\"description\":\"e-mail: redazione@bellunopress.it\",\"publisher\":{\"@id\":\"https:\\\/\\\/www.bellunopress.it\\\/#organization\"},\"potentialAction\":[{\"@type\":\"SearchAction\",\"target\":{\"@type\":\"EntryPoint\",\"urlTemplate\":\"https:\\\/\\\/www.bellunopress.it\\\/?s={search_term_string}\"},\"query-input\":{\"@type\":\"PropertyValueSpecification\",\"valueRequired\":true,\"valueName\":\"search_term_string\"}}],\"inLanguage\":\"fr-FR\"},{\"@type\":\"Organization\",\"@id\":\"https:\\\/\\\/www.bellunopress.it\\\/#organization\",\"name\":\"Bellunopress\",\"url\":\"https:\\\/\\\/www.bellunopress.it\\\/\",\"logo\":{\"@type\":\"ImageObject\",\"inLanguage\":\"fr-FR\",\"@id\":\"https:\\\/\\\/www.bellunopress.it\\\/#\\\/schema\\\/logo\\\/image\\\/\",\"url\":\"https:\\\/\\\/www.bellunopress.it\\\/wp-content\\\/uploads\\\/2011\\\/05\\\/cropped-logo-bellunopress-.jpg\",\"contentUrl\":\"https:\\\/\\\/www.bellunopress.it\\\/wp-content\\\/uploads\\\/2011\\\/05\\\/cropped-logo-bellunopress-.jpg\",\"width\":512,\"height\":512,\"caption\":\"Bellunopress\"},\"image\":{\"@id\":\"https:\\\/\\\/www.bellunopress.it\\\/#\\\/schema\\\/logo\\\/image\\\/\"},\"sameAs\":[\"https:\\\/\\\/www.facebook.com\\\/profile.php?id=100008943462799\",\"https:\\\/\\\/x.com\\\/bellunopress\",\"https:\\\/\\\/www.linkedin.com\\\/hp\\\/?dnr=JBzUWaJfMUw8vbXJJ2tVW5-I3jZKvC4wsoxE&amp;amp;amp;amp;amp;amp;trk=nav_responsive_tab_home\",\"https:\\\/\\\/www.youtube.com\\\/channel\\\/UCxL0wu1uN0_3_7hGG0306cw\"]},{\"@type\":\"Person\",\"@id\":\"https:\\\/\\\/www.bellunopress.it\\\/#\\\/schema\\\/person\\\/79bb06722b37ece1c03d3e94beb30d73\",\"name\":\"redazione\",\"image\":{\"@type\":\"ImageObject\",\"inLanguage\":\"fr-FR\",\"@id\":\"https:\\\/\\\/secure.gravatar.com\\\/avatar\\\/37d968a2e67a6fd04c169c4bdef102d0bc5d31b2546345219e348575eb80e9a0?s=96&d=mm&r=g\",\"url\":\"https:\\\/\\\/secure.gravatar.com\\\/avatar\\\/37d968a2e67a6fd04c169c4bdef102d0bc5d31b2546345219e348575eb80e9a0?s=96&d=mm&r=g\",\"contentUrl\":\"https:\\\/\\\/secure.gravatar.com\\\/avatar\\\/37d968a2e67a6fd04c169c4bdef102d0bc5d31b2546345219e348575eb80e9a0?s=96&d=mm&r=g\",\"caption\":\"redazione\"},\"sameAs\":[\"http:\\\/\\\/www.bellunopress.it\",\"https:\\\/\\\/x.com\\\/bellunopress\"],\"url\":\"https:\\\/\\\/www.bellunopress.it\\\/fr\\\/author\\\/redazione\\\/\"}]}<\/script>\n<!-- \/ Yoast SEO plugin. -->","yoast_head_json":{"title":"Nominati da Zaia i nuovi direttori generali della sanit\u00e0 veneta - Bellunopress - Dolomiti","robots":{"index":"index","follow":"follow","max-snippet":"max-snippet:-1","max-image-preview":"max-image-preview:large","max-video-preview":"max-video-preview:-1"},"canonical":"https:\/\/www.bellunopress.it\/fr\/2021\/02\/26\/nominati-da-zaia-i-nuovi-direttori-generali-della-sanita-veneta\/","og_locale":"fr_FR","og_type":"article","og_title":"Nominati da Zaia i nuovi direttori generali della sanit\u00e0 veneta - Bellunopress - Dolomiti","og_description":"Venezia, 26 febbraio 2021 &#8211;\u00a0Il presidente della Regione, Luca Zaia, ha nominato oggi i nuovi direttori generali delle nove Ullss, delle due Aziende ospedaliere di Padova e Verona, dell\u2019Istituto Oncologico Veneto e dell\u2019Azienda Zero, rinnovando cos\u00ec l\u2019assetto manageriale dell\u2019organizzazione sanitaria regionale. Sette manager sono alla prima nomina; due riconfermati nella stessa sede, quattro sono riconfermati [&hellip;]","og_url":"https:\/\/www.bellunopress.it\/fr\/2021\/02\/26\/nominati-da-zaia-i-nuovi-direttori-generali-della-sanita-veneta\/","og_site_name":"Bellunopress - Dolomiti","article_publisher":"https:\/\/www.facebook.com\/profile.php?id=100008943462799","article_published_time":"2021-02-26T13:57:30+00:00","og_image":[{"width":648,"height":405,"url":"https:\/\/www.bellunopress.it\/wp-content\/uploads\/2021\/02\/presentazione-nuovi-dirett-generali-Ulss-venete_edited.jpg","type":"image\/jpeg"}],"author":"redazione","twitter_card":"summary_large_image","twitter_creator":"@bellunopress","twitter_site":"@bellunopress","twitter_misc":{"\u00c9crit par":"redazione","Dur\u00e9e de lecture estim\u00e9e":"2 minutes"},"schema":{"@context":"https:\/\/schema.org","@graph":[{"@type":"Article","@id":"https:\/\/www.bellunopress.it\/2021\/02\/26\/nominati-da-zaia-i-nuovi-direttori-generali-della-sanita-veneta\/#article","isPartOf":{"@id":"https:\/\/www.bellunopress.it\/2021\/02\/26\/nominati-da-zaia-i-nuovi-direttori-generali-della-sanita-veneta\/"},"author":{"name":"redazione","@id":"https:\/\/www.bellunopress.it\/#\/schema\/person\/79bb06722b37ece1c03d3e94beb30d73"},"headline":"Nominati da Zaia i nuovi direttori generali della sanit\u00e0 veneta","datePublished":"2021-02-26T13:57:30+00:00","mainEntityOfPage":{"@id":"https:\/\/www.bellunopress.it\/2021\/02\/26\/nominati-da-zaia-i-nuovi-direttori-generali-della-sanita-veneta\/"},"wordCount":420,"publisher":{"@id":"https:\/\/www.bellunopress.it\/#organization"},"image":{"@id":"https:\/\/www.bellunopress.it\/2021\/02\/26\/nominati-da-zaia-i-nuovi-direttori-generali-della-sanita-veneta\/#primaryimage"},"thumbnailUrl":"https:\/\/www.bellunopress.it\/wp-content\/uploads\/2021\/02\/presentazione-nuovi-dirett-generali-Ulss-venete_edited.jpg","articleSection":["Prima Pagina","Sanit\u00e0 Medicina"],"inLanguage":"fr-FR"},{"@type":"WebPage","@id":"https:\/\/www.bellunopress.it\/2021\/02\/26\/nominati-da-zaia-i-nuovi-direttori-generali-della-sanita-veneta\/","url":"https:\/\/www.bellunopress.it\/2021\/02\/26\/nominati-da-zaia-i-nuovi-direttori-generali-della-sanita-veneta\/","name":"Nominati da Zaia i nuovi direttori generali della sanit\u00e0 veneta - Bellunopress - Dolomiti","isPartOf":{"@id":"https:\/\/www.bellunopress.it\/#website"},"primaryImageOfPage":{"@id":"https:\/\/www.bellunopress.it\/2021\/02\/26\/nominati-da-zaia-i-nuovi-direttori-generali-della-sanita-veneta\/#primaryimage"},"image":{"@id":"https:\/\/www.bellunopress.it\/2021\/02\/26\/nominati-da-zaia-i-nuovi-direttori-generali-della-sanita-veneta\/#primaryimage"},"thumbnailUrl":"https:\/\/www.bellunopress.it\/wp-content\/uploads\/2021\/02\/presentazione-nuovi-dirett-generali-Ulss-venete_edited.jpg","datePublished":"2021-02-26T13:57:30+00:00","breadcrumb":{"@id":"https:\/\/www.bellunopress.it\/2021\/02\/26\/nominati-da-zaia-i-nuovi-direttori-generali-della-sanita-veneta\/#breadcrumb"},"inLanguage":"fr-FR","potentialAction":[{"@type":"ReadAction","target":["https:\/\/www.bellunopress.it\/2021\/02\/26\/nominati-da-zaia-i-nuovi-direttori-generali-della-sanita-veneta\/"]}]},{"@type":"ImageObject","inLanguage":"fr-FR","@id":"https:\/\/www.bellunopress.it\/2021\/02\/26\/nominati-da-zaia-i-nuovi-direttori-generali-della-sanita-veneta\/#primaryimage","url":"https:\/\/www.bellunopress.it\/wp-content\/uploads\/2021\/02\/presentazione-nuovi-dirett-generali-Ulss-venete_edited.jpg","contentUrl":"https:\/\/www.bellunopress.it\/wp-content\/uploads\/2021\/02\/presentazione-nuovi-dirett-generali-Ulss-venete_edited.jpg","width":648,"height":405},{"@type":"BreadcrumbList","@id":"https:\/\/www.bellunopress.it\/2021\/02\/26\/nominati-da-zaia-i-nuovi-direttori-generali-della-sanita-veneta\/#breadcrumb","itemListElement":[{"@type":"ListItem","position":1,"name":"Home","item":"https:\/\/www.bellunopress.it\/"},{"@type":"ListItem","position":2,"name":"Nominati da Zaia i nuovi direttori generali della sanit\u00e0 veneta"}]},{"@type":"WebSite","@id":"https:\/\/www.bellunopress.it\/#website","url":"https:\/\/www.bellunopress.it\/","name":"Bellunopress - Dolomiti","description":"e-mail: redazione@bellunopress.it","publisher":{"@id":"https:\/\/www.bellunopress.it\/#organization"},"potentialAction":[{"@type":"SearchAction","target":{"@type":"EntryPoint","urlTemplate":"https:\/\/www.bellunopress.it\/?s={search_term_string}"},"query-input":{"@type":"PropertyValueSpecification","valueRequired":true,"valueName":"search_term_string"}}],"inLanguage":"fr-FR"},{"@type":"Organization","@id":"https:\/\/www.bellunopress.it\/#organization","name":"Bellunopress","url":"https:\/\/www.bellunopress.it\/","logo":{"@type":"ImageObject","inLanguage":"fr-FR","@id":"https:\/\/www.bellunopress.it\/#\/schema\/logo\/image\/","url":"https:\/\/www.bellunopress.it\/wp-content\/uploads\/2011\/05\/cropped-logo-bellunopress-.jpg","contentUrl":"https:\/\/www.bellunopress.it\/wp-content\/uploads\/2011\/05\/cropped-logo-bellunopress-.jpg","width":512,"height":512,"caption":"Bellunopress"},"image":{"@id":"https:\/\/www.bellunopress.it\/#\/schema\/logo\/image\/"},"sameAs":["https:\/\/www.facebook.com\/profile.php?id=100008943462799","https:\/\/x.com\/bellunopress","https:\/\/www.linkedin.com\/hp\/?dnr=JBzUWaJfMUw8vbXJJ2tVW5-I3jZKvC4wsoxE&amp;amp;amp;amp;amp;amp;trk=nav_responsive_tab_home","https:\/\/www.youtube.com\/channel\/UCxL0wu1uN0_3_7hGG0306cw"]},{"@type":"Person","@id":"https:\/\/www.bellunopress.it\/#\/schema\/person\/79bb06722b37ece1c03d3e94beb30d73","name":"r\u00e9daction","image":{"@type":"ImageObject","inLanguage":"fr-FR","@id":"https:\/\/secure.gravatar.com\/avatar\/37d968a2e67a6fd04c169c4bdef102d0bc5d31b2546345219e348575eb80e9a0?s=96&d=mm&r=g","url":"https:\/\/secure.gravatar.com\/avatar\/37d968a2e67a6fd04c169c4bdef102d0bc5d31b2546345219e348575eb80e9a0?s=96&d=mm&r=g","contentUrl":"https:\/\/secure.gravatar.com\/avatar\/37d968a2e67a6fd04c169c4bdef102d0bc5d31b2546345219e348575eb80e9a0?s=96&d=mm&r=g","caption":"redazione"},"sameAs":["http:\/\/www.bellunopress.it","https:\/\/x.com\/bellunopress"],"url":"https:\/\/www.bellunopress.it\/fr\/author\/redazione\/"}]}},"_links":{"self":[{"href":"https:\/\/www.bellunopress.it\/fr\/wp-json\/wp\/v2\/posts\/122068","targetHints":{"allow":["GET"]}}],"collection":[{"href":"https:\/\/www.bellunopress.it\/fr\/wp-json\/wp\/v2\/posts"}],"about":[{"href":"https:\/\/www.bellunopress.it\/fr\/wp-json\/wp\/v2\/types\/post"}],"author":[{"embeddable":true,"href":"https:\/\/www.bellunopress.it\/fr\/wp-json\/wp\/v2\/users\/2"}],"replies":[{"embeddable":true,"href":"https:\/\/www.bellunopress.it\/fr\/wp-json\/wp\/v2\/comments?post=122068"}],"version-history":[{"count":1,"href":"https:\/\/www.bellunopress.it\/fr\/wp-json\/wp\/v2\/posts\/122068\/revisions"}],"predecessor-version":[{"id":122070,"href":"https:\/\/www.bellunopress.it\/fr\/wp-json\/wp\/v2\/posts\/122068\/revisions\/122070"}],"wp:featuredmedia":[{"embeddable":true,"href":"https:\/\/www.bellunopress.it\/fr\/wp-json\/wp\/v2\/media\/122059"}],"wp:attachment":[{"href":"https:\/\/www.bellunopress.it\/fr\/wp-json\/wp\/v2\/media?parent=122068"}],"wp:term":[{"taxonomy":"category","embeddable":true,"href":"https:\/\/www.bellunopress.it\/fr\/wp-json\/wp\/v2\/categories?post=122068"},{"taxonomy":"post_tag","embeddable":true,"href":"https:\/\/www.bellunopress.it\/fr\/wp-json\/wp\/v2\/tags?post=122068"}],"curies":[{"name":"wp","href":"https:\/\/api.w.org\/{rel}","templated":true}]}}