{"id":122058,"date":"2021-02-26T13:47:17","date_gmt":"2021-02-26T12:47:17","guid":{"rendered":"http:\/\/www.bellunopress.it\/?p=122058"},"modified":"2021-02-26T17:16:30","modified_gmt":"2021-02-26T16:16:30","slug":"maria-grazia-carraro-e-il-nuovo-direttore-generale-della-ulss-1-dolomiti","status":"publish","type":"post","link":"https:\/\/www.bellunopress.it\/fr\/2021\/02\/26\/maria-grazia-carraro-e-il-nuovo-direttore-generale-della-ulss-1-dolomiti\/","title":{"rendered":"Maria Grazia Carraro \u00e8 il nuovo direttore generale della Ulss 1 Dolomiti"},"content":{"rendered":"<p><a href=\"http:\/\/www.bellunopress.it\/fr\/2021\/02\/26\/nominati-da-zaia-i-nuovi-direttori-generali-della-sanita-veneta\/maria-grazia-carraro-ulss-1-dolomiti_edited\/\" rel=\"attachment wp-att-122069\"><img loading=\"lazy\" decoding=\"async\" class=\"alignleft size-full wp-image-122069\" src=\"http:\/\/www.bellunopress.it\/wp-content\/uploads\/2021\/02\/Maria-Grazia-Carraro-Ulss-1-Dolomiti_edited.jpg\" alt=\"\" width=\"1000\" height=\"770\" srcset=\"https:\/\/www.bellunopress.it\/wp-content\/uploads\/2021\/02\/Maria-Grazia-Carraro-Ulss-1-Dolomiti_edited.jpg 1000w, https:\/\/www.bellunopress.it\/wp-content\/uploads\/2021\/02\/Maria-Grazia-Carraro-Ulss-1-Dolomiti_edited-500x385.jpg 500w, https:\/\/www.bellunopress.it\/wp-content\/uploads\/2021\/02\/Maria-Grazia-Carraro-Ulss-1-Dolomiti_edited-696x536.jpg 696w, https:\/\/www.bellunopress.it\/wp-content\/uploads\/2021\/02\/Maria-Grazia-Carraro-Ulss-1-Dolomiti_edited-545x420.jpg 545w\" sizes=\"auto, (max-width: 1000px) 100vw, 1000px\" \/><\/a>Maria Grazia Carraro, laureata in Medicina e Chirurgia all&#8217;Universit\u00e0 di Padova, con Specializzazione in Igiene e medicina preventiva, \u00e8 il nuovo direttore generale della Ulss 1 Dolomiti. La notizia \u00e8 stata data in diretta Facebook dal presidente della Regione del Veneto Luca Zaia, durante la conferenza di presentazione dell&#8217;intera squadra veneta dei nuovi direttori generali selezionati tra i 101 candidati.<\/p>\n<p>La dottoressa Maria Grazia Carraro, attualmente direttore sanitario all&#8217;Ulss 4 di San Don\u00e0 di Piave, ha precedentemente ricoperto vari incarichi.<\/p>\n<p>Dal 02.01.2003 al 31.10.2005 \u00e8 stata responsabile di struttura complessa di Direzione Sanitaria del Presidio Ospedaliero Ca&#8217; Foncello di Treviso all&#8217;Azienda ULSS n. 9 di Treviso<br \/>\nDal 01.01.1997 al 31.10.2005 Dirigente medico presso la Direzione Medica del Presidio Ospedaliero Ca&#8217; Foncello di Treviso.<br \/>\nDal 22.11.1993 al 31.12.1996 Dirigente medico presso la Direzione Medica del Presidio Ospedaliero dell&#8217;ex ULSS 11 Opitergino-Mottense Azienda ULSS n. 11 Opitergino-Mottense<br \/>\nDal 01.06.1992 al 30.09.1993 Dirigente medico presso la Direzione Medica del Presidio Ospedaliero dell&#8217;ex ULSS 11 Opitergino-Mottense.<\/p>\n<p>Dal giugno 2012 Presidente Consiglio di Amministrazione Societe Ospedale Riabilitativo di Alta Specializzazione (ORAS) di Motta di Livenza (TV) Societe partecipata \u2014 Sperimentazione gestionale in area sanitaria<br \/>\nDa agosto 2015 Componente di parte pubblica, in rappresentanza dell&#8217;Amministrazione regionale e delle Aziende ULSS del Veneto, del &#8220;Tavolo paritetico per la valutazione delle costituende\u00a0 Medicine di Gruppo Integrate&#8221; (DDG 213 23.07.2015) Regione Veneto<br \/>\nDa giugno 2013 Componente della Commissione per l&#8217;analisi della mobilita sanitaria interregionale.<br \/>\nDal 01.12.2007 al 14.02.2013 Direttore Medico di Ospedale con incarico quinquennale di Responsabile Medico \u2014 Organizzativo dell&#8217;intera Funzione Ospedaliera Pubblica (DGRV n. 3908\/2001).<br \/>\nDal 01.05.2008, anche responsabile ad interim della Direzione del Presidio Ospedaliero di<br \/>\nConegliano Azienda ULSS n. 7 di Pieve di Soligo Azienda Sanitaria<br \/>\nDal 01.11.2005 al 30.11.2007 Direttore Medico di Ospedale con incarico quinquennale di Responsabile Medico \u2014 Organizzativo dell&#8217;intera Funzione Ospedaliera Pubblica Azienda ULSS n. 7 di Pieve di Soligo<br \/>\nDal 02.01.2003 al 31.10.2005 Incarico di responsabile di struttura complessa di Direzione Sanitaria del Presidio Ospedaliero Ca&#8217; Foncello di Treviso Azienda ULSS n. 9 di Treviso<br \/>\nDal 01.01.1997 al 31.10.2005 Dirigente medico presso la Direzione Medica del Presidio Ospedaliero Ca&#8217; Foncello di Treviso Azienda ULSS n. 9 di Treviso<br \/>\nDal 22.11.1993 al 31.12.1996 Dirigente medico presso la Direzione Medica del Presidio Ospedaliero dell&#8217;ex ULSS 11 Opitergino-Mottense Azienda ULSS n. 11 Opitergino-Mottense<br \/>\nDal 01.06.1992 al 30.09.1993 Dirigente medico presso la Direzione Medica del Presidio Ospedaliero dell&#8217;ex ULSS 11 Opitergino-Mottense Azienda ULSS n. 11 Opitergino-Mottense<\/p>\n<p>Numerose le sue partecipazioni a diversi gruppi di progetto in ambito informatico e di telemedicina, quali:<br \/>\n\u2022 (ESCAPE);<br \/>\n\u2022 (ESCAPE-XML);<br \/>\n\u2022 (ESCAPE-RSF);<br \/>\n\u2022 referente di progetto per le direzioni sanitarie del Progetto Health Optimum (finanziato<br \/>\ndalla Comm issione Europea e dalla Regione Veneto) realizzato dal Consorzio<br \/>\nARSENAL negli anni 2004 \u2014 2010;<br \/>\n\u2022 Direttore del progetto di miglioramento \u2014 formazione sul campo &#8220;Revisione<br \/>\norganizzativa del Presidio Ospedaliero di Conegliano: aree omogenee di degenza,<br \/>\npiastra ambulatoriale e blocco operatorio&#8221; organizzato dall&#8217;ULSS n. 7 a Conegliano dal<br \/>\n8 giugno 2011 al 30 aprile 2012.<br \/>\nDidattica Ha curato negli anni attivita didattica per infermieri, coordinatori e altro personale di supporto per circa 10 insegnamenti presso I&#8217;ex ULSS 21 di Padova e presso l&#8217;ex<br \/>\nULSS 11 Opitergino &#8211; Mottense.<br \/>\nHa avuto un incarico per l&#8217;insegnamento di &#8220;Igiene generale applicata: organizzazione<br \/>\nsanitaria&#8221; (20 ore) at corso di laurea in tecniche di radiologia medica, per immagini e<br \/>\nradioterapia \u2014 University degli Studi di Padova, dall&#8217;a.a. 2004\/2005 all&#8217;a.a. 2010\/2011.<br \/>\nAggiornamento cura la propria formazione su tematiche inerenti alla funzione di direzione sanitaria con la partecipazione a numerosi corsi\/convegni;<br \/>\nin particolare, ha partecipato e ha superato l&#8217;esame per valutatore dei sistemi di<br \/>\nquanta in sanita e ha frequentato it corso &#8220;La direzione dei sistemi complessi in<br \/>\nsanita pubblica: l&#8217;ospedale e it distretto&#8221;, producendo un lavoro poi premiato (5\u00b0<br \/>\npremio Dedalo);<br \/>\nha partecipato ai seguenti viaggi di studio:<br \/>\ndal 19 al 22 giugno 2004, viaggio internazionale di studio organizzato dalla<br \/>\nRegione Veneto e dall&#8217;ANMDO in Svezia (Goteborg): incontro con i rappresentanti<br \/>\ndel Sistema Sanitario della Regione Vastra Gotaland e visita a vari ospedali;<br \/>\ndal 27 al 29 giugno 2005, viaggio internazionale di studio organizzato dalla<br \/>\nRegione Veneto e dall&#8217;ANMDO in Belgio: incontri presso le Istituzioni Europee e le<br \/>\nstrutture ospedaliere delle Fiandre, e partecipazione alla conferenza europea<br \/>\n&#8220;Esperienze applicative e prospettive delta tessera europea di assicurazione<br \/>\nmalattia&#8221; (Bruxelles, 28-29 giugno 2005);<br \/>\ndal 19 al 20 giugno 2006, viaggio internazionale di studio organizzato dalla<br \/>\nRegione Veneto e dall&#8217;ANMDO in Scozia;<br \/>\ndal 15 al 17 novembre 2008, viaggio internazionale di studio organizzato dalla<br \/>\nRegione Veneto e dall&#8217;ANMDO in Spagna (Barcellona).<br \/>\n\u00a9 Unione europea, 2002-20131 http lleuropass cedefop.europaeu<\/p>\n<p>Relatore \u2756 al Convegno sull&#8217;applicazione della firma digitale &#8216;TEHRE 2000&#8243; (Londra, 12-15<br \/>\nnovembre 2000);<br \/>\n\/ RAncfrn_r\u2022nrs\u25a0Ietnne. cr h a ,\u2022\u2022\u2022\u2022\u2022-,r+,n, nicel4n-snink,n<br \/>\nCIIICI v IVIl\/ J LI C4-,J1\/4\/1 w c y l i v JUII G M al I C , Itall\/ I G G 41 CI F IJIRJOI L I1\/4.\/1 II \\i n n a i RI,<br \/>\nLecco, 4-5 dicembre 2001);<br \/>\n\u2756 al convegno &#8220;Pubblica amministrazione e innovazione tecnologica&#8221;, Treviso 21<br \/>\ngennaio 2002;<br \/>\n\u2756 al convegno &#8220;Carta addio: finalmente si pub fare &#8211; i contenuti digitali nella sanita&#8221;,<br \/>\nRoma, 25 ottobre 2006;<br \/>\n\u2756 al convegno ANMDO &#8220;Ruolo della Direzione sanitaria e della Direzione medica<br \/>\nnella gestione delle risorse umane&#8221;, Nogherazza (BL), 12 gennaio 2007;<br \/>\n\u2756 at convegno ANMDO &#8220;La realizzazione di nuove opere in sanita: innovazioni<br \/>\nstrutturali, tecnologiche ed organizzative&#8221;, Jesolo (VE), 24 ottobre 2008;<br \/>\n\u2756 al convegno conclusivo del progetto europeo &#8220;Health optimum&#8221;, Verona, 3-4 giugno<br \/>\n2009;<br \/>\n\u2756 al convegno &#8220;Le infezioni difficili in Medicina Generale: dal territorio all&#8217;ospedale e<br \/>\nritorno&#8221;, Conegliano, 16 ottobre 2010;<br \/>\n\u2756 al convegno &#8220;Lavoriamo in rete contro le Leucemie, Linfomi e Mieloma&#8221;; San Fior<br \/>\n(TV), 23 giugno 2012;<br \/>\n\u2756 al convegno ANMDO triveneto, &#8220;II paziente tra ospedale e cure primarie: modelli,<br \/>\npercorsi, processi, indicatori ed esiti, per garantire la vera centrality del paziente&#8221;,<br \/>\nFeltre (BL), 26 ottobre 2012.<\/p>","protected":false},"excerpt":{"rendered":"<p>Maria Grazia Carraro, laureata in Medicina e Chirurgia all&#8217;Universit\u00e0 di Padova, con Specializzazione in Igiene e medicina preventiva, \u00e8 il nuovo direttore generale della Ulss 1 Dolomiti. La notizia \u00e8 stata data in diretta Facebook dal presidente della Regione del Veneto Luca Zaia, durante la conferenza di presentazione dell&#8217;intera squadra veneta dei nuovi direttori generali [&hellip;]<\/p>\n","protected":false},"author":2,"featured_media":122069,"comment_status":"closed","ping_status":"open","sticky":false,"template":"","format":"standard","meta":{"footnotes":""},"categories":[3446,26,17],"tags":[],"class_list":["post-122058","post","type-post","status-publish","format-standard","has-post-thumbnail","category-featured","category-prima-pagina","category-sanita"],"yoast_head":"<!-- This site is optimized with the Yoast SEO plugin v28.4 - https:\/\/yoast.com\/product\/yoast-seo-wordpress\/ -->\n<title>Maria Grazia Carraro \u00e8 il nuovo direttore generale della Ulss 1 Dolomiti - Bellunopress - Dolomiti<\/title>\n<meta name=\"robots\" content=\"index, follow, max-snippet:-1, max-image-preview:large, max-video-preview:-1\" \/>\n<link rel=\"canonical\" href=\"https:\/\/www.bellunopress.it\/fr\/2021\/02\/26\/maria-grazia-carraro-e-il-nuovo-direttore-generale-della-ulss-1-dolomiti\/\" \/>\n<meta property=\"og:locale\" content=\"fr_FR\" \/>\n<meta property=\"og:type\" content=\"article\" \/>\n<meta property=\"og:title\" content=\"Maria Grazia Carraro \u00e8 il nuovo direttore generale della Ulss 1 Dolomiti - Bellunopress - Dolomiti\" \/>\n<meta property=\"og:description\" content=\"Maria Grazia Carraro, laureata in Medicina e Chirurgia all&#8217;Universit\u00e0 di Padova, con Specializzazione in Igiene e medicina preventiva, \u00e8 il nuovo direttore generale della Ulss 1 Dolomiti. La notizia \u00e8 stata data in diretta Facebook dal presidente della Regione del Veneto Luca Zaia, durante la conferenza di presentazione dell&#8217;intera squadra veneta dei nuovi direttori generali [&hellip;]\" \/>\n<meta property=\"og:url\" content=\"https:\/\/www.bellunopress.it\/fr\/2021\/02\/26\/maria-grazia-carraro-e-il-nuovo-direttore-generale-della-ulss-1-dolomiti\/\" \/>\n<meta property=\"og:site_name\" content=\"Bellunopress - Dolomiti\" \/>\n<meta property=\"article:publisher\" content=\"https:\/\/www.facebook.com\/profile.php?id=100008943462799\" \/>\n<meta property=\"article:published_time\" content=\"2021-02-26T12:47:17+00:00\" \/>\n<meta property=\"article:modified_time\" content=\"2021-02-26T16:16:30+00:00\" \/>\n<meta property=\"og:image\" content=\"https:\/\/www.bellunopress.it\/wp-content\/uploads\/2021\/02\/Maria-Grazia-Carraro-Ulss-1-Dolomiti_edited.jpg\" \/>\n\t<meta property=\"og:image:width\" content=\"1000\" \/>\n\t<meta property=\"og:image:height\" content=\"770\" \/>\n\t<meta property=\"og:image:type\" content=\"image\/jpeg\" \/>\n<meta name=\"author\" content=\"redazione\" \/>\n<meta name=\"twitter:card\" content=\"summary_large_image\" \/>\n<meta name=\"twitter:creator\" content=\"@bellunopress\" \/>\n<meta name=\"twitter:site\" content=\"@bellunopress\" \/>\n<meta name=\"twitter:label1\" content=\"\u00c9crit par\" \/>\n\t<meta name=\"twitter:data1\" content=\"redazione\" \/>\n\t<meta name=\"twitter:label2\" content=\"Dur\u00e9e de lecture estim\u00e9e\" \/>\n\t<meta name=\"twitter:data2\" content=\"5 minutes\" \/>\n<script type=\"application\/ld+json\" class=\"yoast-schema-graph\">{\"@context\":\"https:\\\/\\\/schema.org\",\"@graph\":[{\"@type\":\"Article\",\"@id\":\"https:\\\/\\\/www.bellunopress.it\\\/2021\\\/02\\\/26\\\/maria-grazia-carraro-e-il-nuovo-direttore-generale-della-ulss-1-dolomiti\\\/#article\",\"isPartOf\":{\"@id\":\"https:\\\/\\\/www.bellunopress.it\\\/2021\\\/02\\\/26\\\/maria-grazia-carraro-e-il-nuovo-direttore-generale-della-ulss-1-dolomiti\\\/\"},\"author\":{\"name\":\"redazione\",\"@id\":\"https:\\\/\\\/www.bellunopress.it\\\/#\\\/schema\\\/person\\\/79bb06722b37ece1c03d3e94beb30d73\"},\"headline\":\"Maria Grazia Carraro \u00e8 il nuovo direttore generale della Ulss 1 Dolomiti\",\"datePublished\":\"2021-02-26T12:47:17+00:00\",\"dateModified\":\"2021-02-26T16:16:30+00:00\",\"mainEntityOfPage\":{\"@id\":\"https:\\\/\\\/www.bellunopress.it\\\/2021\\\/02\\\/26\\\/maria-grazia-carraro-e-il-nuovo-direttore-generale-della-ulss-1-dolomiti\\\/\"},\"wordCount\":907,\"publisher\":{\"@id\":\"https:\\\/\\\/www.bellunopress.it\\\/#organization\"},\"image\":{\"@id\":\"https:\\\/\\\/www.bellunopress.it\\\/2021\\\/02\\\/26\\\/maria-grazia-carraro-e-il-nuovo-direttore-generale-della-ulss-1-dolomiti\\\/#primaryimage\"},\"thumbnailUrl\":\"https:\\\/\\\/www.bellunopress.it\\\/wp-content\\\/uploads\\\/2021\\\/02\\\/Maria-Grazia-Carraro-Ulss-1-Dolomiti_edited.jpg\",\"articleSection\":[\"Featured\",\"Prima Pagina\",\"Sanit\u00e0 Medicina\"],\"inLanguage\":\"fr-FR\"},{\"@type\":\"WebPage\",\"@id\":\"https:\\\/\\\/www.bellunopress.it\\\/2021\\\/02\\\/26\\\/maria-grazia-carraro-e-il-nuovo-direttore-generale-della-ulss-1-dolomiti\\\/\",\"url\":\"https:\\\/\\\/www.bellunopress.it\\\/2021\\\/02\\\/26\\\/maria-grazia-carraro-e-il-nuovo-direttore-generale-della-ulss-1-dolomiti\\\/\",\"name\":\"Maria Grazia Carraro \u00e8 il nuovo direttore generale della Ulss 1 Dolomiti - Bellunopress - Dolomiti\",\"isPartOf\":{\"@id\":\"https:\\\/\\\/www.bellunopress.it\\\/#website\"},\"primaryImageOfPage\":{\"@id\":\"https:\\\/\\\/www.bellunopress.it\\\/2021\\\/02\\\/26\\\/maria-grazia-carraro-e-il-nuovo-direttore-generale-della-ulss-1-dolomiti\\\/#primaryimage\"},\"image\":{\"@id\":\"https:\\\/\\\/www.bellunopress.it\\\/2021\\\/02\\\/26\\\/maria-grazia-carraro-e-il-nuovo-direttore-generale-della-ulss-1-dolomiti\\\/#primaryimage\"},\"thumbnailUrl\":\"https:\\\/\\\/www.bellunopress.it\\\/wp-content\\\/uploads\\\/2021\\\/02\\\/Maria-Grazia-Carraro-Ulss-1-Dolomiti_edited.jpg\",\"datePublished\":\"2021-02-26T12:47:17+00:00\",\"dateModified\":\"2021-02-26T16:16:30+00:00\",\"breadcrumb\":{\"@id\":\"https:\\\/\\\/www.bellunopress.it\\\/2021\\\/02\\\/26\\\/maria-grazia-carraro-e-il-nuovo-direttore-generale-della-ulss-1-dolomiti\\\/#breadcrumb\"},\"inLanguage\":\"fr-FR\",\"potentialAction\":[{\"@type\":\"ReadAction\",\"target\":[\"https:\\\/\\\/www.bellunopress.it\\\/2021\\\/02\\\/26\\\/maria-grazia-carraro-e-il-nuovo-direttore-generale-della-ulss-1-dolomiti\\\/\"]}]},{\"@type\":\"ImageObject\",\"inLanguage\":\"fr-FR\",\"@id\":\"https:\\\/\\\/www.bellunopress.it\\\/2021\\\/02\\\/26\\\/maria-grazia-carraro-e-il-nuovo-direttore-generale-della-ulss-1-dolomiti\\\/#primaryimage\",\"url\":\"https:\\\/\\\/www.bellunopress.it\\\/wp-content\\\/uploads\\\/2021\\\/02\\\/Maria-Grazia-Carraro-Ulss-1-Dolomiti_edited.jpg\",\"contentUrl\":\"https:\\\/\\\/www.bellunopress.it\\\/wp-content\\\/uploads\\\/2021\\\/02\\\/Maria-Grazia-Carraro-Ulss-1-Dolomiti_edited.jpg\",\"width\":1000,\"height\":770,\"caption\":\"Maria Grazia Carraro - Direttore generale Ulss 1 Dolomiti\"},{\"@type\":\"BreadcrumbList\",\"@id\":\"https:\\\/\\\/www.bellunopress.it\\\/2021\\\/02\\\/26\\\/maria-grazia-carraro-e-il-nuovo-direttore-generale-della-ulss-1-dolomiti\\\/#breadcrumb\",\"itemListElement\":[{\"@type\":\"ListItem\",\"position\":1,\"name\":\"Home\",\"item\":\"https:\\\/\\\/www.bellunopress.it\\\/\"},{\"@type\":\"ListItem\",\"position\":2,\"name\":\"Maria Grazia Carraro \u00e8 il nuovo direttore generale della Ulss 1 Dolomiti\"}]},{\"@type\":\"WebSite\",\"@id\":\"https:\\\/\\\/www.bellunopress.it\\\/#website\",\"url\":\"https:\\\/\\\/www.bellunopress.it\\\/\",\"name\":\"Bellunopress - Dolomiti\",\"description\":\"e-mail: redazione@bellunopress.it\",\"publisher\":{\"@id\":\"https:\\\/\\\/www.bellunopress.it\\\/#organization\"},\"potentialAction\":[{\"@type\":\"SearchAction\",\"target\":{\"@type\":\"EntryPoint\",\"urlTemplate\":\"https:\\\/\\\/www.bellunopress.it\\\/?s={search_term_string}\"},\"query-input\":{\"@type\":\"PropertyValueSpecification\",\"valueRequired\":true,\"valueName\":\"search_term_string\"}}],\"inLanguage\":\"fr-FR\"},{\"@type\":\"Organization\",\"@id\":\"https:\\\/\\\/www.bellunopress.it\\\/#organization\",\"name\":\"Bellunopress\",\"url\":\"https:\\\/\\\/www.bellunopress.it\\\/\",\"logo\":{\"@type\":\"ImageObject\",\"inLanguage\":\"fr-FR\",\"@id\":\"https:\\\/\\\/www.bellunopress.it\\\/#\\\/schema\\\/logo\\\/image\\\/\",\"url\":\"https:\\\/\\\/www.bellunopress.it\\\/wp-content\\\/uploads\\\/2011\\\/05\\\/cropped-logo-bellunopress-.jpg\",\"contentUrl\":\"https:\\\/\\\/www.bellunopress.it\\\/wp-content\\\/uploads\\\/2011\\\/05\\\/cropped-logo-bellunopress-.jpg\",\"width\":512,\"height\":512,\"caption\":\"Bellunopress\"},\"image\":{\"@id\":\"https:\\\/\\\/www.bellunopress.it\\\/#\\\/schema\\\/logo\\\/image\\\/\"},\"sameAs\":[\"https:\\\/\\\/www.facebook.com\\\/profile.php?id=100008943462799\",\"https:\\\/\\\/x.com\\\/bellunopress\",\"https:\\\/\\\/www.linkedin.com\\\/hp\\\/?dnr=JBzUWaJfMUw8vbXJJ2tVW5-I3jZKvC4wsoxE&amp;amp;amp;amp;amp;amp;trk=nav_responsive_tab_home\",\"https:\\\/\\\/www.youtube.com\\\/channel\\\/UCxL0wu1uN0_3_7hGG0306cw\"]},{\"@type\":\"Person\",\"@id\":\"https:\\\/\\\/www.bellunopress.it\\\/#\\\/schema\\\/person\\\/79bb06722b37ece1c03d3e94beb30d73\",\"name\":\"redazione\",\"image\":{\"@type\":\"ImageObject\",\"inLanguage\":\"fr-FR\",\"@id\":\"https:\\\/\\\/secure.gravatar.com\\\/avatar\\\/37d968a2e67a6fd04c169c4bdef102d0bc5d31b2546345219e348575eb80e9a0?s=96&d=mm&r=g\",\"url\":\"https:\\\/\\\/secure.gravatar.com\\\/avatar\\\/37d968a2e67a6fd04c169c4bdef102d0bc5d31b2546345219e348575eb80e9a0?s=96&d=mm&r=g\",\"contentUrl\":\"https:\\\/\\\/secure.gravatar.com\\\/avatar\\\/37d968a2e67a6fd04c169c4bdef102d0bc5d31b2546345219e348575eb80e9a0?s=96&d=mm&r=g\",\"caption\":\"redazione\"},\"sameAs\":[\"http:\\\/\\\/www.bellunopress.it\",\"https:\\\/\\\/x.com\\\/bellunopress\"],\"url\":\"https:\\\/\\\/www.bellunopress.it\\\/fr\\\/author\\\/redazione\\\/\"}]}<\/script>\n<!-- \/ Yoast SEO plugin. -->","yoast_head_json":{"title":"Maria Grazia Carraro \u00e8 il nuovo direttore generale della Ulss 1 Dolomiti - Bellunopress - Dolomiti","robots":{"index":"index","follow":"follow","max-snippet":"max-snippet:-1","max-image-preview":"max-image-preview:large","max-video-preview":"max-video-preview:-1"},"canonical":"https:\/\/www.bellunopress.it\/fr\/2021\/02\/26\/maria-grazia-carraro-e-il-nuovo-direttore-generale-della-ulss-1-dolomiti\/","og_locale":"fr_FR","og_type":"article","og_title":"Maria Grazia Carraro \u00e8 il nuovo direttore generale della Ulss 1 Dolomiti - Bellunopress - Dolomiti","og_description":"Maria Grazia Carraro, laureata in Medicina e Chirurgia all&#8217;Universit\u00e0 di Padova, con Specializzazione in Igiene e medicina preventiva, \u00e8 il nuovo direttore generale della Ulss 1 Dolomiti. La notizia \u00e8 stata data in diretta Facebook dal presidente della Regione del Veneto Luca Zaia, durante la conferenza di presentazione dell&#8217;intera squadra veneta dei nuovi direttori generali [&hellip;]","og_url":"https:\/\/www.bellunopress.it\/fr\/2021\/02\/26\/maria-grazia-carraro-e-il-nuovo-direttore-generale-della-ulss-1-dolomiti\/","og_site_name":"Bellunopress - Dolomiti","article_publisher":"https:\/\/www.facebook.com\/profile.php?id=100008943462799","article_published_time":"2021-02-26T12:47:17+00:00","article_modified_time":"2021-02-26T16:16:30+00:00","og_image":[{"width":1000,"height":770,"url":"https:\/\/www.bellunopress.it\/wp-content\/uploads\/2021\/02\/Maria-Grazia-Carraro-Ulss-1-Dolomiti_edited.jpg","type":"image\/jpeg"}],"author":"redazione","twitter_card":"summary_large_image","twitter_creator":"@bellunopress","twitter_site":"@bellunopress","twitter_misc":{"\u00c9crit par":"redazione","Dur\u00e9e de lecture estim\u00e9e":"5 minutes"},"schema":{"@context":"https:\/\/schema.org","@graph":[{"@type":"Article","@id":"https:\/\/www.bellunopress.it\/2021\/02\/26\/maria-grazia-carraro-e-il-nuovo-direttore-generale-della-ulss-1-dolomiti\/#article","isPartOf":{"@id":"https:\/\/www.bellunopress.it\/2021\/02\/26\/maria-grazia-carraro-e-il-nuovo-direttore-generale-della-ulss-1-dolomiti\/"},"author":{"name":"redazione","@id":"https:\/\/www.bellunopress.it\/#\/schema\/person\/79bb06722b37ece1c03d3e94beb30d73"},"headline":"Maria Grazia Carraro \u00e8 il nuovo direttore generale della Ulss 1 Dolomiti","datePublished":"2021-02-26T12:47:17+00:00","dateModified":"2021-02-26T16:16:30+00:00","mainEntityOfPage":{"@id":"https:\/\/www.bellunopress.it\/2021\/02\/26\/maria-grazia-carraro-e-il-nuovo-direttore-generale-della-ulss-1-dolomiti\/"},"wordCount":907,"publisher":{"@id":"https:\/\/www.bellunopress.it\/#organization"},"image":{"@id":"https:\/\/www.bellunopress.it\/2021\/02\/26\/maria-grazia-carraro-e-il-nuovo-direttore-generale-della-ulss-1-dolomiti\/#primaryimage"},"thumbnailUrl":"https:\/\/www.bellunopress.it\/wp-content\/uploads\/2021\/02\/Maria-Grazia-Carraro-Ulss-1-Dolomiti_edited.jpg","articleSection":["Featured","Prima Pagina","Sanit\u00e0 Medicina"],"inLanguage":"fr-FR"},{"@type":"WebPage","@id":"https:\/\/www.bellunopress.it\/2021\/02\/26\/maria-grazia-carraro-e-il-nuovo-direttore-generale-della-ulss-1-dolomiti\/","url":"https:\/\/www.bellunopress.it\/2021\/02\/26\/maria-grazia-carraro-e-il-nuovo-direttore-generale-della-ulss-1-dolomiti\/","name":"Maria Grazia Carraro \u00e8 il nuovo direttore generale della Ulss 1 Dolomiti - Bellunopress - Dolomiti","isPartOf":{"@id":"https:\/\/www.bellunopress.it\/#website"},"primaryImageOfPage":{"@id":"https:\/\/www.bellunopress.it\/2021\/02\/26\/maria-grazia-carraro-e-il-nuovo-direttore-generale-della-ulss-1-dolomiti\/#primaryimage"},"image":{"@id":"https:\/\/www.bellunopress.it\/2021\/02\/26\/maria-grazia-carraro-e-il-nuovo-direttore-generale-della-ulss-1-dolomiti\/#primaryimage"},"thumbnailUrl":"https:\/\/www.bellunopress.it\/wp-content\/uploads\/2021\/02\/Maria-Grazia-Carraro-Ulss-1-Dolomiti_edited.jpg","datePublished":"2021-02-26T12:47:17+00:00","dateModified":"2021-02-26T16:16:30+00:00","breadcrumb":{"@id":"https:\/\/www.bellunopress.it\/2021\/02\/26\/maria-grazia-carraro-e-il-nuovo-direttore-generale-della-ulss-1-dolomiti\/#breadcrumb"},"inLanguage":"fr-FR","potentialAction":[{"@type":"ReadAction","target":["https:\/\/www.bellunopress.it\/2021\/02\/26\/maria-grazia-carraro-e-il-nuovo-direttore-generale-della-ulss-1-dolomiti\/"]}]},{"@type":"ImageObject","inLanguage":"fr-FR","@id":"https:\/\/www.bellunopress.it\/2021\/02\/26\/maria-grazia-carraro-e-il-nuovo-direttore-generale-della-ulss-1-dolomiti\/#primaryimage","url":"https:\/\/www.bellunopress.it\/wp-content\/uploads\/2021\/02\/Maria-Grazia-Carraro-Ulss-1-Dolomiti_edited.jpg","contentUrl":"https:\/\/www.bellunopress.it\/wp-content\/uploads\/2021\/02\/Maria-Grazia-Carraro-Ulss-1-Dolomiti_edited.jpg","width":1000,"height":770,"caption":"Maria Grazia Carraro - Direttore generale Ulss 1 Dolomiti"},{"@type":"BreadcrumbList","@id":"https:\/\/www.bellunopress.it\/2021\/02\/26\/maria-grazia-carraro-e-il-nuovo-direttore-generale-della-ulss-1-dolomiti\/#breadcrumb","itemListElement":[{"@type":"ListItem","position":1,"name":"Home","item":"https:\/\/www.bellunopress.it\/"},{"@type":"ListItem","position":2,"name":"Maria Grazia Carraro \u00e8 il nuovo direttore generale della Ulss 1 Dolomiti"}]},{"@type":"WebSite","@id":"https:\/\/www.bellunopress.it\/#website","url":"https:\/\/www.bellunopress.it\/","name":"Bellunopress - Dolomiti","description":"e-mail: redazione@bellunopress.it","publisher":{"@id":"https:\/\/www.bellunopress.it\/#organization"},"potentialAction":[{"@type":"SearchAction","target":{"@type":"EntryPoint","urlTemplate":"https:\/\/www.bellunopress.it\/?s={search_term_string}"},"query-input":{"@type":"PropertyValueSpecification","valueRequired":true,"valueName":"search_term_string"}}],"inLanguage":"fr-FR"},{"@type":"Organization","@id":"https:\/\/www.bellunopress.it\/#organization","name":"Bellunopress","url":"https:\/\/www.bellunopress.it\/","logo":{"@type":"ImageObject","inLanguage":"fr-FR","@id":"https:\/\/www.bellunopress.it\/#\/schema\/logo\/image\/","url":"https:\/\/www.bellunopress.it\/wp-content\/uploads\/2011\/05\/cropped-logo-bellunopress-.jpg","contentUrl":"https:\/\/www.bellunopress.it\/wp-content\/uploads\/2011\/05\/cropped-logo-bellunopress-.jpg","width":512,"height":512,"caption":"Bellunopress"},"image":{"@id":"https:\/\/www.bellunopress.it\/#\/schema\/logo\/image\/"},"sameAs":["https:\/\/www.facebook.com\/profile.php?id=100008943462799","https:\/\/x.com\/bellunopress","https:\/\/www.linkedin.com\/hp\/?dnr=JBzUWaJfMUw8vbXJJ2tVW5-I3jZKvC4wsoxE&amp;amp;amp;amp;amp;amp;trk=nav_responsive_tab_home","https:\/\/www.youtube.com\/channel\/UCxL0wu1uN0_3_7hGG0306cw"]},{"@type":"Person","@id":"https:\/\/www.bellunopress.it\/#\/schema\/person\/79bb06722b37ece1c03d3e94beb30d73","name":"r\u00e9daction","image":{"@type":"ImageObject","inLanguage":"fr-FR","@id":"https:\/\/secure.gravatar.com\/avatar\/37d968a2e67a6fd04c169c4bdef102d0bc5d31b2546345219e348575eb80e9a0?s=96&d=mm&r=g","url":"https:\/\/secure.gravatar.com\/avatar\/37d968a2e67a6fd04c169c4bdef102d0bc5d31b2546345219e348575eb80e9a0?s=96&d=mm&r=g","contentUrl":"https:\/\/secure.gravatar.com\/avatar\/37d968a2e67a6fd04c169c4bdef102d0bc5d31b2546345219e348575eb80e9a0?s=96&d=mm&r=g","caption":"redazione"},"sameAs":["http:\/\/www.bellunopress.it","https:\/\/x.com\/bellunopress"],"url":"https:\/\/www.bellunopress.it\/fr\/author\/redazione\/"}]}},"_links":{"self":[{"href":"https:\/\/www.bellunopress.it\/fr\/wp-json\/wp\/v2\/posts\/122058","targetHints":{"allow":["GET"]}}],"collection":[{"href":"https:\/\/www.bellunopress.it\/fr\/wp-json\/wp\/v2\/posts"}],"about":[{"href":"https:\/\/www.bellunopress.it\/fr\/wp-json\/wp\/v2\/types\/post"}],"author":[{"embeddable":true,"href":"https:\/\/www.bellunopress.it\/fr\/wp-json\/wp\/v2\/users\/2"}],"replies":[{"embeddable":true,"href":"https:\/\/www.bellunopress.it\/fr\/wp-json\/wp\/v2\/comments?post=122058"}],"version-history":[{"count":6,"href":"https:\/\/www.bellunopress.it\/fr\/wp-json\/wp\/v2\/posts\/122058\/revisions"}],"predecessor-version":[{"id":122071,"href":"https:\/\/www.bellunopress.it\/fr\/wp-json\/wp\/v2\/posts\/122058\/revisions\/122071"}],"wp:featuredmedia":[{"embeddable":true,"href":"https:\/\/www.bellunopress.it\/fr\/wp-json\/wp\/v2\/media\/122069"}],"wp:attachment":[{"href":"https:\/\/www.bellunopress.it\/fr\/wp-json\/wp\/v2\/media?parent=122058"}],"wp:term":[{"taxonomy":"category","embeddable":true,"href":"https:\/\/www.bellunopress.it\/fr\/wp-json\/wp\/v2\/categories?post=122058"},{"taxonomy":"post_tag","embeddable":true,"href":"https:\/\/www.bellunopress.it\/fr\/wp-json\/wp\/v2\/tags?post=122058"}],"curies":[{"name":"wp","href":"https:\/\/api.w.org\/{rel}","templated":true}]}}