{"id":122054,"date":"2021-02-26T12:38:58","date_gmt":"2021-02-26T11:38:58","guid":{"rendered":"http:\/\/www.bellunopress.it\/?p=122054"},"modified":"2021-02-26T12:38:59","modified_gmt":"2021-02-26T11:38:59","slug":"servizio-civile-universale-oltre-760-domande-registrate-dal-csv-belluno-treviso","status":"publish","type":"post","link":"https:\/\/www.bellunopress.it\/fr\/2021\/02\/26\/servizio-civile-universale-oltre-760-domande-registrate-dal-csv-belluno-treviso\/","title":{"rendered":"Servizio Civile Universale: oltre 760 domande registrate dal CSV Belluno Treviso"},"content":{"rendered":"<p><a href=\"http:\/\/www.bellunopress.it\/fr\/2021\/02\/26\/servizio-civile-universale-oltre-760-domande-registrate-dal-csv-belluno-treviso\/formazione-csv_edited\/\" rel=\"attachment wp-att-122055\"><img loading=\"lazy\" decoding=\"async\" class=\"alignleft size-full wp-image-122055\" src=\"http:\/\/www.bellunopress.it\/wp-content\/uploads\/2021\/02\/formazione-CSV_edited.jpg\" alt=\"\" width=\"1000\" height=\"750\" srcset=\"https:\/\/www.bellunopress.it\/wp-content\/uploads\/2021\/02\/formazione-CSV_edited.jpg 1000w, https:\/\/www.bellunopress.it\/wp-content\/uploads\/2021\/02\/formazione-CSV_edited-500x375.jpg 500w, https:\/\/www.bellunopress.it\/wp-content\/uploads\/2021\/02\/formazione-CSV_edited-696x522.jpg 696w, https:\/\/www.bellunopress.it\/wp-content\/uploads\/2021\/02\/formazione-CSV_edited-560x420.jpg 560w, https:\/\/www.bellunopress.it\/wp-content\/uploads\/2021\/02\/formazione-CSV_edited-80x60.jpg 80w, https:\/\/www.bellunopress.it\/wp-content\/uploads\/2021\/02\/formazione-CSV_edited-265x198.jpg 265w\" sizes=\"auto, (max-width: 1000px) 100vw, 1000px\" \/><\/a>Oltre 760 domande. A chiusura del bando 2020, \u00e8 questo il numero delle candidature al Servizio Civile Universale registrate dal neo costituito CSV Belluno Treviso per i nuovi progetti coordinati dall\u2019Unione Montana Feltrina e dall\u2019Associazione Comuni della Marca Trevigiana, che raccolgono la maggior parte dei posti nelle due province. Enti ai quali sono pervenute, rispettivamente, 131 domande da altrettanti giovani tra i 18 e i 28 anni per i posti a disposizione nel territorio alpino e 630 richieste nel trevigiano, numeri molto simili, se rapportati in percentuale al numero degli abitanti delle due province. Assistenza sociale, protezione civile, ambiente, educazione, tutela e promozione culturale tra gli ambiti operativi.<\/p>\n<p>\u00abUn numero significativo: tanti i ragazzi che si sono resi disponibili per questa esperienza che rappresenta un anno di congiunzione tra mondo della scuola e il mondo del lavoro\u00bb commenta Alberto Franceschini, Presidente CSV Belluno Treviso. \u00abSvolgere il Servizio Civile significa mettersi in gioco, farsi conoscere, mostrare la propria identit\u00e0 e la propria predisposizione all\u2019impegno. Gli ambiti sono di strategica importanza per il territorio: si spazia dalla cultura, con l\u2019apprendimento nell\u2019ambito di poli museali e biblioteche, all\u2019assistenza, settore particolarmente sensibile in questo periodo di pandemia, e ancora alla salvaguardia ambientale, fino alla protezione civile, espressione di un volontariato operativo e puntualmente presente, in particolare in caso di calamit\u00e0. Coinvolgere oggi i giovani in questi settori significa crescere le leve di domani, contribuendo a formare delle professionalit\u00e0 in ambiti determinanti\u00bb.<\/p>\n<p>Nel dettaglio, in provincia di Belluno, 131 ragazzi hanno presentato domanda per 6 progetti coordinati dall\u2019Unione Montana Feltrina.<br \/>\n8 giovani per il progetto \u201cAdulti testimoni nel presente\u201d, pensato con l\u2019obiettivo di migliorare le condizioni di vita di adulti e anziani, estendendo quei servizi del territorio che si occupano di adulti e terza et\u00e0 in condizioni di disagio. I giovani presteranno servizio presso Comitato d\u2019Intesa, Ulss 1 Dolomiti, Portaperta, Comune di Sospirolo, Unione Montana Cadore Longaronese Zoldo, Societ\u00e0 Nuova.<br \/>\n\u201cGiovani protagonisti del fare\u201d ha raccolto 21 domande con l\u2019obiettivo di supportare e ampliare i servizi del territorio che si occupano di minori e giovani in condizioni di disagio e esclusione sociale. Gli enti coinvolti in questo progetto sono Comitato d\u2019Intesa, Dumia, Portaperta, Comune di Arsi\u00e8, Belluno Donna.<br \/>\nBen 47 le domande per il progetto \u201cBiblioteche resilienti\u201d con l\u2019intento di rendere le biblioteche (molte in diverse parti della provincia quelle coinvolte) spazi sempre pi\u00f9 accessibili e parti attive del tessuto cittadino e della comunit\u00e0.<br \/>\nSono stati, invece, 36 i partecipanti a candidarsi per \u201cLa cultura come resilienza\u201d in musei e uffici cultura per offrire alla cittadinanza una sempre pi\u00f9 ampia conoscenza dei beni e delle attivit\u00e0 culturali delle istituzioni coinvolte: oltre a diversi Comuni, vi sono Museo etnografico di Seravella, Magnifica Comunit\u00e0 di Cadore, Unione Montana Cadore Longaronese Zoldo, Fondazione Museo dell&#8217;Occhiale, Parco Dolomiti.<br \/>\nInfine, 19 in totale i giovani candidati ai due progetti (di diversi ambiti territoriali) \u201cProtezione civile, certezza per il nostro territorio montano\u201d e \u201cProtezione civile nel Bellunese\u201d con l\u2019obiettivo di insegnare a prevenire e contrastare il rischio dei fenomeni calamitosi; molti i Comuni coinvolti.<\/p>\n<p>Nel territorio trevigiano, in particolare, 630 giovani hanno presentato la propria candidatura per i posti messi a disposizione in 14 progetti coordinati dall\u2019Associazione Comuni della Marca Trevigiana.<br \/>\nNel settore del Sociale, a favore di adulti e anziani, sono state 27 le domande inviate per il progetto \u201cAn.Co.Re di Comunit\u00e0\u201d, ospitato da case di riposo e Comuni, e 29 le richieste giunte per i posti a disposizione con il progetto \u201cMovimenti\u201d nei Servizi Sociali dei Comuni, associazioni del territorio e piccole comunit\u00e0.<br \/>\nSempre nell\u2019ambito dell\u2019assistenza, ma a favore di minori e di persone con disabilit\u00e0, sono 57 i giovani candidati per \u201cSemi di Comunit\u00e0\u201d, progetto ospitato nei comuni e nelle scuole dell\u2019infanzia, e 11 le domande per i posti a bando con \u201cLabilit\u00e0\u201d nelle associazioni e negli istituti superiori.<br \/>\nNel settore educazione e promozione culturale, sono 17 le domande prevenute per i posti nelle associazioni della Marca per il progetto \u201cAbitare la Comunit\u00e0\u201d sui diritti umani e 39 le candidature giunte per \u201cIncontri e Racconti\u201d, destinato all\u2019animazione culturale dei minori nelle biblioteche della provincia.<br \/>\nLe biblioteche della Marca, inoltre, figurano tra gli enti ospitanti di tre progetti destinati alla conservazione e della valorizzazione del patrimonio culturale &#8211; \u201cCoolt &#8211; Biblioteche di Comunit\u00e0\u201d, \u201cBiblio West\u201d e \u201cOpen Biblio East\u201d \u2013 che hanno riscosso l\u2019interesse, rispettivamente di 81, 100 e 159 giovani. Restando nel medesimo settore, il progetto \u201cUn Anno al Museo\u201d, con posti disponibili nelle istituzioni museali, ha fatto invece registrare 66 richieste.<br \/>\nInfine, la tematica ambientale con \u201cTerre Comuni\u201d, progetto di salvaguardia del suolo ospitato tra le altre, dalle sezioni locali della Protezione Civile e dalle amministrazioni comunali, ha raccolto 44 candidature.<\/p>","protected":false},"excerpt":{"rendered":"<p>Oltre 760 domande. A chiusura del bando 2020, \u00e8 questo il numero delle candidature al Servizio Civile Universale registrate dal neo costituito CSV Belluno Treviso per i nuovi progetti coordinati dall\u2019Unione Montana Feltrina e dall\u2019Associazione Comuni della Marca Trevigiana, che raccolgono la maggior parte dei posti nelle due province. Enti ai quali sono pervenute, rispettivamente, [&hellip;]<\/p>\n","protected":false},"author":2,"featured_media":122055,"comment_status":"closed","ping_status":"open","sticky":false,"template":"","format":"standard","meta":{"footnotes":""},"categories":[8],"tags":[],"class_list":["post-122054","post","type-post","status-publish","format-standard","has-post-thumbnail","category-societa-istituzioni"],"yoast_head":"<!-- This site is optimized with the Yoast SEO plugin v28.4 - https:\/\/yoast.com\/product\/yoast-seo-wordpress\/ -->\n<title>Servizio Civile Universale: oltre 760 domande registrate dal CSV Belluno Treviso - Bellunopress - Dolomiti<\/title>\n<meta name=\"robots\" content=\"index, follow, max-snippet:-1, max-image-preview:large, max-video-preview:-1\" \/>\n<link rel=\"canonical\" href=\"https:\/\/www.bellunopress.it\/fr\/2021\/02\/26\/servizio-civile-universale-oltre-760-domande-registrate-dal-csv-belluno-treviso\/\" \/>\n<meta property=\"og:locale\" content=\"fr_FR\" \/>\n<meta property=\"og:type\" content=\"article\" \/>\n<meta property=\"og:title\" content=\"Servizio Civile Universale: oltre 760 domande registrate dal CSV Belluno Treviso - Bellunopress - Dolomiti\" \/>\n<meta property=\"og:description\" content=\"Oltre 760 domande. A chiusura del bando 2020, \u00e8 questo il numero delle candidature al Servizio Civile Universale registrate dal neo costituito CSV Belluno Treviso per i nuovi progetti coordinati dall\u2019Unione Montana Feltrina e dall\u2019Associazione Comuni della Marca Trevigiana, che raccolgono la maggior parte dei posti nelle due province. Enti ai quali sono pervenute, rispettivamente, [&hellip;]\" \/>\n<meta property=\"og:url\" content=\"https:\/\/www.bellunopress.it\/fr\/2021\/02\/26\/servizio-civile-universale-oltre-760-domande-registrate-dal-csv-belluno-treviso\/\" \/>\n<meta property=\"og:site_name\" content=\"Bellunopress - Dolomiti\" \/>\n<meta property=\"article:publisher\" content=\"https:\/\/www.facebook.com\/profile.php?id=100008943462799\" \/>\n<meta property=\"article:published_time\" content=\"2021-02-26T11:38:58+00:00\" \/>\n<meta property=\"article:modified_time\" content=\"2021-02-26T11:38:59+00:00\" \/>\n<meta property=\"og:image\" content=\"https:\/\/www.bellunopress.it\/wp-content\/uploads\/2021\/02\/formazione-CSV_edited.jpg\" \/>\n\t<meta property=\"og:image:width\" content=\"1000\" \/>\n\t<meta property=\"og:image:height\" content=\"750\" \/>\n\t<meta property=\"og:image:type\" content=\"image\/jpeg\" \/>\n<meta name=\"author\" content=\"redazione\" \/>\n<meta name=\"twitter:card\" content=\"summary_large_image\" \/>\n<meta name=\"twitter:creator\" content=\"@bellunopress\" \/>\n<meta name=\"twitter:site\" content=\"@bellunopress\" \/>\n<meta name=\"twitter:label1\" content=\"\u00c9crit par\" \/>\n\t<meta name=\"twitter:data1\" content=\"redazione\" \/>\n\t<meta name=\"twitter:label2\" content=\"Dur\u00e9e de lecture estim\u00e9e\" \/>\n\t<meta name=\"twitter:data2\" content=\"4 minutes\" \/>\n<script type=\"application\/ld+json\" class=\"yoast-schema-graph\">{\"@context\":\"https:\\\/\\\/schema.org\",\"@graph\":[{\"@type\":\"Article\",\"@id\":\"https:\\\/\\\/www.bellunopress.it\\\/2021\\\/02\\\/26\\\/servizio-civile-universale-oltre-760-domande-registrate-dal-csv-belluno-treviso\\\/#article\",\"isPartOf\":{\"@id\":\"https:\\\/\\\/www.bellunopress.it\\\/2021\\\/02\\\/26\\\/servizio-civile-universale-oltre-760-domande-registrate-dal-csv-belluno-treviso\\\/\"},\"author\":{\"name\":\"redazione\",\"@id\":\"https:\\\/\\\/www.bellunopress.it\\\/#\\\/schema\\\/person\\\/79bb06722b37ece1c03d3e94beb30d73\"},\"headline\":\"Servizio Civile Universale: oltre 760 domande registrate dal CSV Belluno Treviso\",\"datePublished\":\"2021-02-26T11:38:58+00:00\",\"dateModified\":\"2021-02-26T11:38:59+00:00\",\"mainEntityOfPage\":{\"@id\":\"https:\\\/\\\/www.bellunopress.it\\\/2021\\\/02\\\/26\\\/servizio-civile-universale-oltre-760-domande-registrate-dal-csv-belluno-treviso\\\/\"},\"wordCount\":777,\"publisher\":{\"@id\":\"https:\\\/\\\/www.bellunopress.it\\\/#organization\"},\"image\":{\"@id\":\"https:\\\/\\\/www.bellunopress.it\\\/2021\\\/02\\\/26\\\/servizio-civile-universale-oltre-760-domande-registrate-dal-csv-belluno-treviso\\\/#primaryimage\"},\"thumbnailUrl\":\"https:\\\/\\\/www.bellunopress.it\\\/wp-content\\\/uploads\\\/2021\\\/02\\\/formazione-CSV_edited.jpg\",\"articleSection\":[\"Societ\u00e0, Associazioni, Istituzioni\"],\"inLanguage\":\"fr-FR\"},{\"@type\":\"WebPage\",\"@id\":\"https:\\\/\\\/www.bellunopress.it\\\/2021\\\/02\\\/26\\\/servizio-civile-universale-oltre-760-domande-registrate-dal-csv-belluno-treviso\\\/\",\"url\":\"https:\\\/\\\/www.bellunopress.it\\\/2021\\\/02\\\/26\\\/servizio-civile-universale-oltre-760-domande-registrate-dal-csv-belluno-treviso\\\/\",\"name\":\"Servizio Civile Universale: oltre 760 domande registrate dal CSV Belluno Treviso - Bellunopress - Dolomiti\",\"isPartOf\":{\"@id\":\"https:\\\/\\\/www.bellunopress.it\\\/#website\"},\"primaryImageOfPage\":{\"@id\":\"https:\\\/\\\/www.bellunopress.it\\\/2021\\\/02\\\/26\\\/servizio-civile-universale-oltre-760-domande-registrate-dal-csv-belluno-treviso\\\/#primaryimage\"},\"image\":{\"@id\":\"https:\\\/\\\/www.bellunopress.it\\\/2021\\\/02\\\/26\\\/servizio-civile-universale-oltre-760-domande-registrate-dal-csv-belluno-treviso\\\/#primaryimage\"},\"thumbnailUrl\":\"https:\\\/\\\/www.bellunopress.it\\\/wp-content\\\/uploads\\\/2021\\\/02\\\/formazione-CSV_edited.jpg\",\"datePublished\":\"2021-02-26T11:38:58+00:00\",\"dateModified\":\"2021-02-26T11:38:59+00:00\",\"breadcrumb\":{\"@id\":\"https:\\\/\\\/www.bellunopress.it\\\/2021\\\/02\\\/26\\\/servizio-civile-universale-oltre-760-domande-registrate-dal-csv-belluno-treviso\\\/#breadcrumb\"},\"inLanguage\":\"fr-FR\",\"potentialAction\":[{\"@type\":\"ReadAction\",\"target\":[\"https:\\\/\\\/www.bellunopress.it\\\/2021\\\/02\\\/26\\\/servizio-civile-universale-oltre-760-domande-registrate-dal-csv-belluno-treviso\\\/\"]}]},{\"@type\":\"ImageObject\",\"inLanguage\":\"fr-FR\",\"@id\":\"https:\\\/\\\/www.bellunopress.it\\\/2021\\\/02\\\/26\\\/servizio-civile-universale-oltre-760-domande-registrate-dal-csv-belluno-treviso\\\/#primaryimage\",\"url\":\"https:\\\/\\\/www.bellunopress.it\\\/wp-content\\\/uploads\\\/2021\\\/02\\\/formazione-CSV_edited.jpg\",\"contentUrl\":\"https:\\\/\\\/www.bellunopress.it\\\/wp-content\\\/uploads\\\/2021\\\/02\\\/formazione-CSV_edited.jpg\",\"width\":1000,\"height\":750},{\"@type\":\"BreadcrumbList\",\"@id\":\"https:\\\/\\\/www.bellunopress.it\\\/2021\\\/02\\\/26\\\/servizio-civile-universale-oltre-760-domande-registrate-dal-csv-belluno-treviso\\\/#breadcrumb\",\"itemListElement\":[{\"@type\":\"ListItem\",\"position\":1,\"name\":\"Home\",\"item\":\"https:\\\/\\\/www.bellunopress.it\\\/\"},{\"@type\":\"ListItem\",\"position\":2,\"name\":\"Servizio Civile Universale: oltre 760 domande registrate dal CSV Belluno Treviso\"}]},{\"@type\":\"WebSite\",\"@id\":\"https:\\\/\\\/www.bellunopress.it\\\/#website\",\"url\":\"https:\\\/\\\/www.bellunopress.it\\\/\",\"name\":\"Bellunopress - Dolomiti\",\"description\":\"e-mail: redazione@bellunopress.it\",\"publisher\":{\"@id\":\"https:\\\/\\\/www.bellunopress.it\\\/#organization\"},\"potentialAction\":[{\"@type\":\"SearchAction\",\"target\":{\"@type\":\"EntryPoint\",\"urlTemplate\":\"https:\\\/\\\/www.bellunopress.it\\\/?s={search_term_string}\"},\"query-input\":{\"@type\":\"PropertyValueSpecification\",\"valueRequired\":true,\"valueName\":\"search_term_string\"}}],\"inLanguage\":\"fr-FR\"},{\"@type\":\"Organization\",\"@id\":\"https:\\\/\\\/www.bellunopress.it\\\/#organization\",\"name\":\"Bellunopress\",\"url\":\"https:\\\/\\\/www.bellunopress.it\\\/\",\"logo\":{\"@type\":\"ImageObject\",\"inLanguage\":\"fr-FR\",\"@id\":\"https:\\\/\\\/www.bellunopress.it\\\/#\\\/schema\\\/logo\\\/image\\\/\",\"url\":\"https:\\\/\\\/www.bellunopress.it\\\/wp-content\\\/uploads\\\/2011\\\/05\\\/cropped-logo-bellunopress-.jpg\",\"contentUrl\":\"https:\\\/\\\/www.bellunopress.it\\\/wp-content\\\/uploads\\\/2011\\\/05\\\/cropped-logo-bellunopress-.jpg\",\"width\":512,\"height\":512,\"caption\":\"Bellunopress\"},\"image\":{\"@id\":\"https:\\\/\\\/www.bellunopress.it\\\/#\\\/schema\\\/logo\\\/image\\\/\"},\"sameAs\":[\"https:\\\/\\\/www.facebook.com\\\/profile.php?id=100008943462799\",\"https:\\\/\\\/x.com\\\/bellunopress\",\"https:\\\/\\\/www.linkedin.com\\\/hp\\\/?dnr=JBzUWaJfMUw8vbXJJ2tVW5-I3jZKvC4wsoxE&amp;amp;amp;amp;amp;amp;trk=nav_responsive_tab_home\",\"https:\\\/\\\/www.youtube.com\\\/channel\\\/UCxL0wu1uN0_3_7hGG0306cw\"]},{\"@type\":\"Person\",\"@id\":\"https:\\\/\\\/www.bellunopress.it\\\/#\\\/schema\\\/person\\\/79bb06722b37ece1c03d3e94beb30d73\",\"name\":\"redazione\",\"image\":{\"@type\":\"ImageObject\",\"inLanguage\":\"fr-FR\",\"@id\":\"https:\\\/\\\/secure.gravatar.com\\\/avatar\\\/37d968a2e67a6fd04c169c4bdef102d0bc5d31b2546345219e348575eb80e9a0?s=96&d=mm&r=g\",\"url\":\"https:\\\/\\\/secure.gravatar.com\\\/avatar\\\/37d968a2e67a6fd04c169c4bdef102d0bc5d31b2546345219e348575eb80e9a0?s=96&d=mm&r=g\",\"contentUrl\":\"https:\\\/\\\/secure.gravatar.com\\\/avatar\\\/37d968a2e67a6fd04c169c4bdef102d0bc5d31b2546345219e348575eb80e9a0?s=96&d=mm&r=g\",\"caption\":\"redazione\"},\"sameAs\":[\"http:\\\/\\\/www.bellunopress.it\",\"https:\\\/\\\/x.com\\\/bellunopress\"],\"url\":\"https:\\\/\\\/www.bellunopress.it\\\/fr\\\/author\\\/redazione\\\/\"}]}<\/script>\n<!-- \/ Yoast SEO plugin. -->","yoast_head_json":{"title":"Servizio Civile Universale: oltre 760 domande registrate dal CSV Belluno Treviso - Bellunopress - Dolomiti","robots":{"index":"index","follow":"follow","max-snippet":"max-snippet:-1","max-image-preview":"max-image-preview:large","max-video-preview":"max-video-preview:-1"},"canonical":"https:\/\/www.bellunopress.it\/fr\/2021\/02\/26\/servizio-civile-universale-oltre-760-domande-registrate-dal-csv-belluno-treviso\/","og_locale":"fr_FR","og_type":"article","og_title":"Servizio Civile Universale: oltre 760 domande registrate dal CSV Belluno Treviso - Bellunopress - Dolomiti","og_description":"Oltre 760 domande. A chiusura del bando 2020, \u00e8 questo il numero delle candidature al Servizio Civile Universale registrate dal neo costituito CSV Belluno Treviso per i nuovi progetti coordinati dall\u2019Unione Montana Feltrina e dall\u2019Associazione Comuni della Marca Trevigiana, che raccolgono la maggior parte dei posti nelle due province. Enti ai quali sono pervenute, rispettivamente, [&hellip;]","og_url":"https:\/\/www.bellunopress.it\/fr\/2021\/02\/26\/servizio-civile-universale-oltre-760-domande-registrate-dal-csv-belluno-treviso\/","og_site_name":"Bellunopress - Dolomiti","article_publisher":"https:\/\/www.facebook.com\/profile.php?id=100008943462799","article_published_time":"2021-02-26T11:38:58+00:00","article_modified_time":"2021-02-26T11:38:59+00:00","og_image":[{"width":1000,"height":750,"url":"https:\/\/www.bellunopress.it\/wp-content\/uploads\/2021\/02\/formazione-CSV_edited.jpg","type":"image\/jpeg"}],"author":"redazione","twitter_card":"summary_large_image","twitter_creator":"@bellunopress","twitter_site":"@bellunopress","twitter_misc":{"\u00c9crit par":"redazione","Dur\u00e9e de lecture estim\u00e9e":"4 minutes"},"schema":{"@context":"https:\/\/schema.org","@graph":[{"@type":"Article","@id":"https:\/\/www.bellunopress.it\/2021\/02\/26\/servizio-civile-universale-oltre-760-domande-registrate-dal-csv-belluno-treviso\/#article","isPartOf":{"@id":"https:\/\/www.bellunopress.it\/2021\/02\/26\/servizio-civile-universale-oltre-760-domande-registrate-dal-csv-belluno-treviso\/"},"author":{"name":"redazione","@id":"https:\/\/www.bellunopress.it\/#\/schema\/person\/79bb06722b37ece1c03d3e94beb30d73"},"headline":"Servizio Civile Universale: oltre 760 domande registrate dal CSV Belluno Treviso","datePublished":"2021-02-26T11:38:58+00:00","dateModified":"2021-02-26T11:38:59+00:00","mainEntityOfPage":{"@id":"https:\/\/www.bellunopress.it\/2021\/02\/26\/servizio-civile-universale-oltre-760-domande-registrate-dal-csv-belluno-treviso\/"},"wordCount":777,"publisher":{"@id":"https:\/\/www.bellunopress.it\/#organization"},"image":{"@id":"https:\/\/www.bellunopress.it\/2021\/02\/26\/servizio-civile-universale-oltre-760-domande-registrate-dal-csv-belluno-treviso\/#primaryimage"},"thumbnailUrl":"https:\/\/www.bellunopress.it\/wp-content\/uploads\/2021\/02\/formazione-CSV_edited.jpg","articleSection":["Societ\u00e0, Associazioni, Istituzioni"],"inLanguage":"fr-FR"},{"@type":"WebPage","@id":"https:\/\/www.bellunopress.it\/2021\/02\/26\/servizio-civile-universale-oltre-760-domande-registrate-dal-csv-belluno-treviso\/","url":"https:\/\/www.bellunopress.it\/2021\/02\/26\/servizio-civile-universale-oltre-760-domande-registrate-dal-csv-belluno-treviso\/","name":"Servizio Civile Universale: oltre 760 domande registrate dal CSV Belluno Treviso - Bellunopress - Dolomiti","isPartOf":{"@id":"https:\/\/www.bellunopress.it\/#website"},"primaryImageOfPage":{"@id":"https:\/\/www.bellunopress.it\/2021\/02\/26\/servizio-civile-universale-oltre-760-domande-registrate-dal-csv-belluno-treviso\/#primaryimage"},"image":{"@id":"https:\/\/www.bellunopress.it\/2021\/02\/26\/servizio-civile-universale-oltre-760-domande-registrate-dal-csv-belluno-treviso\/#primaryimage"},"thumbnailUrl":"https:\/\/www.bellunopress.it\/wp-content\/uploads\/2021\/02\/formazione-CSV_edited.jpg","datePublished":"2021-02-26T11:38:58+00:00","dateModified":"2021-02-26T11:38:59+00:00","breadcrumb":{"@id":"https:\/\/www.bellunopress.it\/2021\/02\/26\/servizio-civile-universale-oltre-760-domande-registrate-dal-csv-belluno-treviso\/#breadcrumb"},"inLanguage":"fr-FR","potentialAction":[{"@type":"ReadAction","target":["https:\/\/www.bellunopress.it\/2021\/02\/26\/servizio-civile-universale-oltre-760-domande-registrate-dal-csv-belluno-treviso\/"]}]},{"@type":"ImageObject","inLanguage":"fr-FR","@id":"https:\/\/www.bellunopress.it\/2021\/02\/26\/servizio-civile-universale-oltre-760-domande-registrate-dal-csv-belluno-treviso\/#primaryimage","url":"https:\/\/www.bellunopress.it\/wp-content\/uploads\/2021\/02\/formazione-CSV_edited.jpg","contentUrl":"https:\/\/www.bellunopress.it\/wp-content\/uploads\/2021\/02\/formazione-CSV_edited.jpg","width":1000,"height":750},{"@type":"BreadcrumbList","@id":"https:\/\/www.bellunopress.it\/2021\/02\/26\/servizio-civile-universale-oltre-760-domande-registrate-dal-csv-belluno-treviso\/#breadcrumb","itemListElement":[{"@type":"ListItem","position":1,"name":"Home","item":"https:\/\/www.bellunopress.it\/"},{"@type":"ListItem","position":2,"name":"Servizio Civile Universale: oltre 760 domande registrate dal CSV Belluno Treviso"}]},{"@type":"WebSite","@id":"https:\/\/www.bellunopress.it\/#website","url":"https:\/\/www.bellunopress.it\/","name":"Bellunopress - Dolomiti","description":"e-mail: redazione@bellunopress.it","publisher":{"@id":"https:\/\/www.bellunopress.it\/#organization"},"potentialAction":[{"@type":"SearchAction","target":{"@type":"EntryPoint","urlTemplate":"https:\/\/www.bellunopress.it\/?s={search_term_string}"},"query-input":{"@type":"PropertyValueSpecification","valueRequired":true,"valueName":"search_term_string"}}],"inLanguage":"fr-FR"},{"@type":"Organization","@id":"https:\/\/www.bellunopress.it\/#organization","name":"Bellunopress","url":"https:\/\/www.bellunopress.it\/","logo":{"@type":"ImageObject","inLanguage":"fr-FR","@id":"https:\/\/www.bellunopress.it\/#\/schema\/logo\/image\/","url":"https:\/\/www.bellunopress.it\/wp-content\/uploads\/2011\/05\/cropped-logo-bellunopress-.jpg","contentUrl":"https:\/\/www.bellunopress.it\/wp-content\/uploads\/2011\/05\/cropped-logo-bellunopress-.jpg","width":512,"height":512,"caption":"Bellunopress"},"image":{"@id":"https:\/\/www.bellunopress.it\/#\/schema\/logo\/image\/"},"sameAs":["https:\/\/www.facebook.com\/profile.php?id=100008943462799","https:\/\/x.com\/bellunopress","https:\/\/www.linkedin.com\/hp\/?dnr=JBzUWaJfMUw8vbXJJ2tVW5-I3jZKvC4wsoxE&amp;amp;amp;amp;amp;amp;trk=nav_responsive_tab_home","https:\/\/www.youtube.com\/channel\/UCxL0wu1uN0_3_7hGG0306cw"]},{"@type":"Person","@id":"https:\/\/www.bellunopress.it\/#\/schema\/person\/79bb06722b37ece1c03d3e94beb30d73","name":"r\u00e9daction","image":{"@type":"ImageObject","inLanguage":"fr-FR","@id":"https:\/\/secure.gravatar.com\/avatar\/37d968a2e67a6fd04c169c4bdef102d0bc5d31b2546345219e348575eb80e9a0?s=96&d=mm&r=g","url":"https:\/\/secure.gravatar.com\/avatar\/37d968a2e67a6fd04c169c4bdef102d0bc5d31b2546345219e348575eb80e9a0?s=96&d=mm&r=g","contentUrl":"https:\/\/secure.gravatar.com\/avatar\/37d968a2e67a6fd04c169c4bdef102d0bc5d31b2546345219e348575eb80e9a0?s=96&d=mm&r=g","caption":"redazione"},"sameAs":["http:\/\/www.bellunopress.it","https:\/\/x.com\/bellunopress"],"url":"https:\/\/www.bellunopress.it\/fr\/author\/redazione\/"}]}},"_links":{"self":[{"href":"https:\/\/www.bellunopress.it\/fr\/wp-json\/wp\/v2\/posts\/122054","targetHints":{"allow":["GET"]}}],"collection":[{"href":"https:\/\/www.bellunopress.it\/fr\/wp-json\/wp\/v2\/posts"}],"about":[{"href":"https:\/\/www.bellunopress.it\/fr\/wp-json\/wp\/v2\/types\/post"}],"author":[{"embeddable":true,"href":"https:\/\/www.bellunopress.it\/fr\/wp-json\/wp\/v2\/users\/2"}],"replies":[{"embeddable":true,"href":"https:\/\/www.bellunopress.it\/fr\/wp-json\/wp\/v2\/comments?post=122054"}],"version-history":[{"count":2,"href":"https:\/\/www.bellunopress.it\/fr\/wp-json\/wp\/v2\/posts\/122054\/revisions"}],"predecessor-version":[{"id":122057,"href":"https:\/\/www.bellunopress.it\/fr\/wp-json\/wp\/v2\/posts\/122054\/revisions\/122057"}],"wp:featuredmedia":[{"embeddable":true,"href":"https:\/\/www.bellunopress.it\/fr\/wp-json\/wp\/v2\/media\/122055"}],"wp:attachment":[{"href":"https:\/\/www.bellunopress.it\/fr\/wp-json\/wp\/v2\/media?parent=122054"}],"wp:term":[{"taxonomy":"category","embeddable":true,"href":"https:\/\/www.bellunopress.it\/fr\/wp-json\/wp\/v2\/categories?post=122054"},{"taxonomy":"post_tag","embeddable":true,"href":"https:\/\/www.bellunopress.it\/fr\/wp-json\/wp\/v2\/tags?post=122054"}],"curies":[{"name":"wp","href":"https:\/\/api.w.org\/{rel}","templated":true}]}}