{"id":122000,"date":"2021-02-24T17:38:29","date_gmt":"2021-02-24T16:38:29","guid":{"rendered":"http:\/\/www.bellunopress.it\/?p=122000"},"modified":"2021-02-24T17:38:29","modified_gmt":"2021-02-24T16:38:29","slug":"scuola-lassessore-regionale-donazzan-scrive-al-ministro-bianchi-investire-su-organici-3mila-docenti-licenziati-perche-in-possesso-del-vecchio-diploma-magistrale","status":"publish","type":"post","link":"https:\/\/www.bellunopress.it\/fr\/2021\/02\/24\/scuola-lassessore-regionale-donazzan-scrive-al-ministro-bianchi-investire-su-organici-3mila-docenti-licenziati-perche-in-possesso-del-vecchio-diploma-magistrale\/","title":{"rendered":"Scuola. L&#8217;assessore regionale Donazzan scrive al ministro Bianchi: investire su organici. 3mila docenti licenziati perch\u00e9 in possesso del vecchio diploma magistrale"},"content":{"rendered":"<figure id=\"attachment_116119\" aria-describedby=\"caption-attachment-116119\" style=\"width: 597px\" class=\"wp-caption alignleft\"><a href=\"http:\/\/www.bellunopress.it\/fr\/2020\/07\/26\/scuola-donazzan-richiesti-2-milioni-di-banchi-con-le-rotelle-pericolosi-e-poco-funzionali-per-non-parlare-del-caos-degli-organici\/elena-donazzan_edited\/\" rel=\"attachment wp-att-116119\"><img loading=\"lazy\" decoding=\"async\" class=\"size-full wp-image-116119\" src=\"http:\/\/www.bellunopress.it\/wp-content\/uploads\/2020\/07\/Elena-Donazzan_edited.jpg\" alt=\"\" width=\"597\" height=\"800\" srcset=\"https:\/\/www.bellunopress.it\/wp-content\/uploads\/2020\/07\/Elena-Donazzan_edited.jpg 597w, https:\/\/www.bellunopress.it\/wp-content\/uploads\/2020\/07\/Elena-Donazzan_edited-373x500.jpg 373w, https:\/\/www.bellunopress.it\/wp-content\/uploads\/2020\/07\/Elena-Donazzan_edited-313x420.jpg 313w\" sizes=\"auto, (max-width: 597px) 100vw, 597px\" \/><\/a><figcaption id=\"caption-attachment-116119\" class=\"wp-caption-text\">Elena Donazzan assessore regionale all&#8217;Istruzione, alla Formazione e al Lavoro<\/figcaption><\/figure>\n<p>Venezia, 24 febbraio 2021\u00a0 \u00a0\u201cHo colto con favore l\u2019invito del Ministro Bianchi ad avviare una positiva interlocuzione con i territori a partire dal raccogliere le necessit\u00e0 della scuola a livello regionale, perch\u00e9 sono convinta che da un positivo confronto possano arrivare risposte concrete per il mondo della scuola del Veneto\u201d.<\/p>\n<p>Cos\u00ec l\u2019assessore regionale all\u2019istruzione Elena Donazzan annuncia di avere inviato al neoministro dell\u2019istruzione Patrizio Bianchi una nota nella quale vengono riassunte le criticit\u00e0 e priorit\u00e0 della scuola in Veneto.<\/p>\n<p>\u201cTra i vari aspetti \u2013 sottolinea l\u2019assessore Donazzan \u2013 evidenzio la necessit\u00e0 di incrementare sensibilmente le risorse, umane ed economiche, e di maggiore trasparenza nei criteri di attribuzione nazionale. Serve aumentare i docenti di sostegno, i dirigenti scolastici e dare risposte a questioni rimaste in sospeso come, ad esempio, quella dei 3.000 docenti in possesso del diploma del vecchio istituto magistrale che solo in Veneto sono stati licenziati in massa e oggi, se va bene, possono usufruire di un contratto annuale. Sono tutti problemi seri ai quali va data risposta sul piano nazionale\u201d.<\/p>\n<p>Tra gli aspetti segnalati nel documento, la necessit\u00e0 di investire sull\u2019offerta di istruzione e formazione professionale quale strumento fondamentale per lo sviluppo delle competenze dei giovani, per assicurare competenze alle imprese e per contrastare la dispersione scolastica ed educativa.<\/p>\n<p>L\u2019offerta di istruzione e formazione regionale in Veneto coinvolge 20.000 studenti (12% della popolazione scolastica regionale) ed \u00e8 finanziata per il 28% da risorse nazionali, che negli ultimi anni si \u00e8 ridotto da 29 a 23,6 milioni di euro, a fronte delle risorse regionali che ammontano a 60,4 milioni di euro l\u2019anno, in costante aumento.<\/p>\n<p>\u201cE\u2019 una priorit\u00e0 quella di rilanciare l\u2019offerta e dare nuove prospettive di sviluppo all\u2019offerta di istruzione e formazione professionale \u2013 puntualizza Donazzan, &#8211; elemento da integrare con il rilancio nell\u2019offerta nel campo degli istituti tecnici superiori, facendo attenzione alle sovrapposizioni con le lauree professionalizzanti\u201d.<\/p>\n<p>Per quanto riguarda i docenti per le scuole primarie e scuole d\u2019infanzia si evidenzia la necessit\u00e0 di aumentare del numero di posti disponibili per la laurea in Scienze della formazione primaria, mentre in merito all\u2019organico del personale docente e ATA la necessit\u00e0 di trasparenza dei criteri di attribuzione e riduzione del turn over.<\/p>\n<p>\u201cUn aspetto al quale teniamo molto in Veneto \u2013 conclude Donazzan \u2013 riguarda le scuole paritarie per i quali servono maggiori e tempestivi finanziamenti. Come del resto \u00e8 fondamentale per favorire il diritto allo studio dobbiamo pensare all\u2019estensione dei contributi alle famiglie anche per il trasporto scolastico\u201d.<\/p>","protected":false},"excerpt":{"rendered":"<p>Venezia, 24 febbraio 2021\u00a0 \u00a0\u201cHo colto con favore l\u2019invito del Ministro Bianchi ad avviare una positiva interlocuzione con i territori a partire dal raccogliere le necessit\u00e0 della scuola a livello regionale, perch\u00e9 sono convinta che da un positivo confronto possano arrivare risposte concrete per il mondo della scuola del Veneto\u201d. Cos\u00ec l\u2019assessore regionale all\u2019istruzione Elena [&hellip;]<\/p>\n","protected":false},"author":2,"featured_media":116119,"comment_status":"closed","ping_status":"open","sticky":false,"template":"","format":"standard","meta":{"footnotes":""},"categories":[5,15],"tags":[],"class_list":["post-122000","post","type-post","status-publish","format-standard","has-post-thumbnail","category-cronaca","category-scuola"],"yoast_head":"<!-- This site is optimized with the Yoast SEO plugin v28.4 - https:\/\/yoast.com\/product\/yoast-seo-wordpress\/ -->\n<title>Scuola. L&#039;assessore regionale Donazzan scrive al ministro Bianchi: investire su organici. 3mila docenti licenziati perch\u00e9 in possesso del vecchio diploma magistrale - Bellunopress - Dolomiti<\/title>\n<meta name=\"robots\" content=\"index, follow, max-snippet:-1, max-image-preview:large, max-video-preview:-1\" \/>\n<link rel=\"canonical\" href=\"https:\/\/www.bellunopress.it\/fr\/2021\/02\/24\/scuola-lassessore-regionale-donazzan-scrive-al-ministro-bianchi-investire-su-organici-3mila-docenti-licenziati-perche-in-possesso-del-vecchio-diploma-magistrale\/\" \/>\n<meta property=\"og:locale\" content=\"fr_FR\" \/>\n<meta property=\"og:type\" content=\"article\" \/>\n<meta property=\"og:title\" content=\"Scuola. L&#039;assessore regionale Donazzan scrive al ministro Bianchi: investire su organici. 3mila docenti licenziati perch\u00e9 in possesso del vecchio diploma magistrale - Bellunopress - Dolomiti\" \/>\n<meta property=\"og:description\" content=\"Venezia, 24 febbraio 2021\u00a0 \u00a0\u201cHo colto con favore l\u2019invito del Ministro Bianchi ad avviare una positiva interlocuzione con i territori a partire dal raccogliere le necessit\u00e0 della scuola a livello regionale, perch\u00e9 sono convinta che da un positivo confronto possano arrivare risposte concrete per il mondo della scuola del Veneto\u201d. Cos\u00ec l\u2019assessore regionale all\u2019istruzione Elena [&hellip;]\" \/>\n<meta property=\"og:url\" content=\"https:\/\/www.bellunopress.it\/fr\/2021\/02\/24\/scuola-lassessore-regionale-donazzan-scrive-al-ministro-bianchi-investire-su-organici-3mila-docenti-licenziati-perche-in-possesso-del-vecchio-diploma-magistrale\/\" \/>\n<meta property=\"og:site_name\" content=\"Bellunopress - Dolomiti\" \/>\n<meta property=\"article:publisher\" content=\"https:\/\/www.facebook.com\/profile.php?id=100008943462799\" \/>\n<meta property=\"article:published_time\" content=\"2021-02-24T16:38:29+00:00\" \/>\n<meta property=\"og:image\" content=\"https:\/\/www.bellunopress.it\/wp-content\/uploads\/2020\/07\/Elena-Donazzan_edited.jpg\" \/>\n\t<meta property=\"og:image:width\" content=\"597\" \/>\n\t<meta property=\"og:image:height\" content=\"800\" \/>\n\t<meta property=\"og:image:type\" content=\"image\/jpeg\" \/>\n<meta name=\"author\" content=\"redazione\" \/>\n<meta name=\"twitter:card\" content=\"summary_large_image\" \/>\n<meta name=\"twitter:creator\" content=\"@bellunopress\" \/>\n<meta name=\"twitter:site\" content=\"@bellunopress\" \/>\n<meta name=\"twitter:label1\" content=\"\u00c9crit par\" \/>\n\t<meta name=\"twitter:data1\" content=\"redazione\" \/>\n\t<meta name=\"twitter:label2\" content=\"Dur\u00e9e de lecture estim\u00e9e\" \/>\n\t<meta name=\"twitter:data2\" content=\"3 minutes\" \/>\n<script type=\"application\/ld+json\" class=\"yoast-schema-graph\">{\"@context\":\"https:\\\/\\\/schema.org\",\"@graph\":[{\"@type\":\"Article\",\"@id\":\"https:\\\/\\\/www.bellunopress.it\\\/2021\\\/02\\\/24\\\/scuola-lassessore-regionale-donazzan-scrive-al-ministro-bianchi-investire-su-organici-3mila-docenti-licenziati-perche-in-possesso-del-vecchio-diploma-magistrale\\\/#article\",\"isPartOf\":{\"@id\":\"https:\\\/\\\/www.bellunopress.it\\\/2021\\\/02\\\/24\\\/scuola-lassessore-regionale-donazzan-scrive-al-ministro-bianchi-investire-su-organici-3mila-docenti-licenziati-perche-in-possesso-del-vecchio-diploma-magistrale\\\/\"},\"author\":{\"name\":\"redazione\",\"@id\":\"https:\\\/\\\/www.bellunopress.it\\\/#\\\/schema\\\/person\\\/79bb06722b37ece1c03d3e94beb30d73\"},\"headline\":\"Scuola. L&#8217;assessore regionale Donazzan scrive al ministro Bianchi: investire su organici. 3mila docenti licenziati perch\u00e9 in possesso del vecchio diploma magistrale\",\"datePublished\":\"2021-02-24T16:38:29+00:00\",\"mainEntityOfPage\":{\"@id\":\"https:\\\/\\\/www.bellunopress.it\\\/2021\\\/02\\\/24\\\/scuola-lassessore-regionale-donazzan-scrive-al-ministro-bianchi-investire-su-organici-3mila-docenti-licenziati-perche-in-possesso-del-vecchio-diploma-magistrale\\\/\"},\"wordCount\":447,\"publisher\":{\"@id\":\"https:\\\/\\\/www.bellunopress.it\\\/#organization\"},\"image\":{\"@id\":\"https:\\\/\\\/www.bellunopress.it\\\/2021\\\/02\\\/24\\\/scuola-lassessore-regionale-donazzan-scrive-al-ministro-bianchi-investire-su-organici-3mila-docenti-licenziati-perche-in-possesso-del-vecchio-diploma-magistrale\\\/#primaryimage\"},\"thumbnailUrl\":\"https:\\\/\\\/www.bellunopress.it\\\/wp-content\\\/uploads\\\/2020\\\/07\\\/Elena-Donazzan_edited.jpg\",\"articleSection\":[\"Cronaca\\\/Politica\",\"Scuola\"],\"inLanguage\":\"fr-FR\"},{\"@type\":\"WebPage\",\"@id\":\"https:\\\/\\\/www.bellunopress.it\\\/2021\\\/02\\\/24\\\/scuola-lassessore-regionale-donazzan-scrive-al-ministro-bianchi-investire-su-organici-3mila-docenti-licenziati-perche-in-possesso-del-vecchio-diploma-magistrale\\\/\",\"url\":\"https:\\\/\\\/www.bellunopress.it\\\/2021\\\/02\\\/24\\\/scuola-lassessore-regionale-donazzan-scrive-al-ministro-bianchi-investire-su-organici-3mila-docenti-licenziati-perche-in-possesso-del-vecchio-diploma-magistrale\\\/\",\"name\":\"Scuola. L'assessore regionale Donazzan scrive al ministro Bianchi: investire su organici. 3mila docenti licenziati perch\u00e9 in possesso del vecchio diploma magistrale - Bellunopress - Dolomiti\",\"isPartOf\":{\"@id\":\"https:\\\/\\\/www.bellunopress.it\\\/#website\"},\"primaryImageOfPage\":{\"@id\":\"https:\\\/\\\/www.bellunopress.it\\\/2021\\\/02\\\/24\\\/scuola-lassessore-regionale-donazzan-scrive-al-ministro-bianchi-investire-su-organici-3mila-docenti-licenziati-perche-in-possesso-del-vecchio-diploma-magistrale\\\/#primaryimage\"},\"image\":{\"@id\":\"https:\\\/\\\/www.bellunopress.it\\\/2021\\\/02\\\/24\\\/scuola-lassessore-regionale-donazzan-scrive-al-ministro-bianchi-investire-su-organici-3mila-docenti-licenziati-perche-in-possesso-del-vecchio-diploma-magistrale\\\/#primaryimage\"},\"thumbnailUrl\":\"https:\\\/\\\/www.bellunopress.it\\\/wp-content\\\/uploads\\\/2020\\\/07\\\/Elena-Donazzan_edited.jpg\",\"datePublished\":\"2021-02-24T16:38:29+00:00\",\"breadcrumb\":{\"@id\":\"https:\\\/\\\/www.bellunopress.it\\\/2021\\\/02\\\/24\\\/scuola-lassessore-regionale-donazzan-scrive-al-ministro-bianchi-investire-su-organici-3mila-docenti-licenziati-perche-in-possesso-del-vecchio-diploma-magistrale\\\/#breadcrumb\"},\"inLanguage\":\"fr-FR\",\"potentialAction\":[{\"@type\":\"ReadAction\",\"target\":[\"https:\\\/\\\/www.bellunopress.it\\\/2021\\\/02\\\/24\\\/scuola-lassessore-regionale-donazzan-scrive-al-ministro-bianchi-investire-su-organici-3mila-docenti-licenziati-perche-in-possesso-del-vecchio-diploma-magistrale\\\/\"]}]},{\"@type\":\"ImageObject\",\"inLanguage\":\"fr-FR\",\"@id\":\"https:\\\/\\\/www.bellunopress.it\\\/2021\\\/02\\\/24\\\/scuola-lassessore-regionale-donazzan-scrive-al-ministro-bianchi-investire-su-organici-3mila-docenti-licenziati-perche-in-possesso-del-vecchio-diploma-magistrale\\\/#primaryimage\",\"url\":\"https:\\\/\\\/www.bellunopress.it\\\/wp-content\\\/uploads\\\/2020\\\/07\\\/Elena-Donazzan_edited.jpg\",\"contentUrl\":\"https:\\\/\\\/www.bellunopress.it\\\/wp-content\\\/uploads\\\/2020\\\/07\\\/Elena-Donazzan_edited.jpg\",\"width\":597,\"height\":800,\"caption\":\"Elena Donazzan assessore regionale all'Istruzione, alla Formazione e al Lavoro\"},{\"@type\":\"BreadcrumbList\",\"@id\":\"https:\\\/\\\/www.bellunopress.it\\\/2021\\\/02\\\/24\\\/scuola-lassessore-regionale-donazzan-scrive-al-ministro-bianchi-investire-su-organici-3mila-docenti-licenziati-perche-in-possesso-del-vecchio-diploma-magistrale\\\/#breadcrumb\",\"itemListElement\":[{\"@type\":\"ListItem\",\"position\":1,\"name\":\"Home\",\"item\":\"https:\\\/\\\/www.bellunopress.it\\\/\"},{\"@type\":\"ListItem\",\"position\":2,\"name\":\"Scuola. L&#8217;assessore regionale Donazzan scrive al ministro Bianchi: investire su organici. 3mila docenti licenziati perch\u00e9 in possesso del vecchio diploma magistrale\"}]},{\"@type\":\"WebSite\",\"@id\":\"https:\\\/\\\/www.bellunopress.it\\\/#website\",\"url\":\"https:\\\/\\\/www.bellunopress.it\\\/\",\"name\":\"Bellunopress - Dolomiti\",\"description\":\"e-mail: redazione@bellunopress.it\",\"publisher\":{\"@id\":\"https:\\\/\\\/www.bellunopress.it\\\/#organization\"},\"potentialAction\":[{\"@type\":\"SearchAction\",\"target\":{\"@type\":\"EntryPoint\",\"urlTemplate\":\"https:\\\/\\\/www.bellunopress.it\\\/?s={search_term_string}\"},\"query-input\":{\"@type\":\"PropertyValueSpecification\",\"valueRequired\":true,\"valueName\":\"search_term_string\"}}],\"inLanguage\":\"fr-FR\"},{\"@type\":\"Organization\",\"@id\":\"https:\\\/\\\/www.bellunopress.it\\\/#organization\",\"name\":\"Bellunopress\",\"url\":\"https:\\\/\\\/www.bellunopress.it\\\/\",\"logo\":{\"@type\":\"ImageObject\",\"inLanguage\":\"fr-FR\",\"@id\":\"https:\\\/\\\/www.bellunopress.it\\\/#\\\/schema\\\/logo\\\/image\\\/\",\"url\":\"https:\\\/\\\/www.bellunopress.it\\\/wp-content\\\/uploads\\\/2011\\\/05\\\/cropped-logo-bellunopress-.jpg\",\"contentUrl\":\"https:\\\/\\\/www.bellunopress.it\\\/wp-content\\\/uploads\\\/2011\\\/05\\\/cropped-logo-bellunopress-.jpg\",\"width\":512,\"height\":512,\"caption\":\"Bellunopress\"},\"image\":{\"@id\":\"https:\\\/\\\/www.bellunopress.it\\\/#\\\/schema\\\/logo\\\/image\\\/\"},\"sameAs\":[\"https:\\\/\\\/www.facebook.com\\\/profile.php?id=100008943462799\",\"https:\\\/\\\/x.com\\\/bellunopress\",\"https:\\\/\\\/www.linkedin.com\\\/hp\\\/?dnr=JBzUWaJfMUw8vbXJJ2tVW5-I3jZKvC4wsoxE&amp;amp;amp;amp;amp;amp;trk=nav_responsive_tab_home\",\"https:\\\/\\\/www.youtube.com\\\/channel\\\/UCxL0wu1uN0_3_7hGG0306cw\"]},{\"@type\":\"Person\",\"@id\":\"https:\\\/\\\/www.bellunopress.it\\\/#\\\/schema\\\/person\\\/79bb06722b37ece1c03d3e94beb30d73\",\"name\":\"redazione\",\"image\":{\"@type\":\"ImageObject\",\"inLanguage\":\"fr-FR\",\"@id\":\"https:\\\/\\\/secure.gravatar.com\\\/avatar\\\/37d968a2e67a6fd04c169c4bdef102d0bc5d31b2546345219e348575eb80e9a0?s=96&d=mm&r=g\",\"url\":\"https:\\\/\\\/secure.gravatar.com\\\/avatar\\\/37d968a2e67a6fd04c169c4bdef102d0bc5d31b2546345219e348575eb80e9a0?s=96&d=mm&r=g\",\"contentUrl\":\"https:\\\/\\\/secure.gravatar.com\\\/avatar\\\/37d968a2e67a6fd04c169c4bdef102d0bc5d31b2546345219e348575eb80e9a0?s=96&d=mm&r=g\",\"caption\":\"redazione\"},\"sameAs\":[\"http:\\\/\\\/www.bellunopress.it\",\"https:\\\/\\\/x.com\\\/bellunopress\"],\"url\":\"https:\\\/\\\/www.bellunopress.it\\\/fr\\\/author\\\/redazione\\\/\"}]}<\/script>\n<!-- \/ Yoast SEO plugin. -->","yoast_head_json":{"title":"Scuola. L'assessore regionale Donazzan scrive al ministro Bianchi: investire su organici. 3mila docenti licenziati perch\u00e9 in possesso del vecchio diploma magistrale - Bellunopress - Dolomiti","robots":{"index":"index","follow":"follow","max-snippet":"max-snippet:-1","max-image-preview":"max-image-preview:large","max-video-preview":"max-video-preview:-1"},"canonical":"https:\/\/www.bellunopress.it\/fr\/2021\/02\/24\/scuola-lassessore-regionale-donazzan-scrive-al-ministro-bianchi-investire-su-organici-3mila-docenti-licenziati-perche-in-possesso-del-vecchio-diploma-magistrale\/","og_locale":"fr_FR","og_type":"article","og_title":"Scuola. L'assessore regionale Donazzan scrive al ministro Bianchi: investire su organici. 3mila docenti licenziati perch\u00e9 in possesso del vecchio diploma magistrale - Bellunopress - Dolomiti","og_description":"Venezia, 24 febbraio 2021\u00a0 \u00a0\u201cHo colto con favore l\u2019invito del Ministro Bianchi ad avviare una positiva interlocuzione con i territori a partire dal raccogliere le necessit\u00e0 della scuola a livello regionale, perch\u00e9 sono convinta che da un positivo confronto possano arrivare risposte concrete per il mondo della scuola del Veneto\u201d. Cos\u00ec l\u2019assessore regionale all\u2019istruzione Elena [&hellip;]","og_url":"https:\/\/www.bellunopress.it\/fr\/2021\/02\/24\/scuola-lassessore-regionale-donazzan-scrive-al-ministro-bianchi-investire-su-organici-3mila-docenti-licenziati-perche-in-possesso-del-vecchio-diploma-magistrale\/","og_site_name":"Bellunopress - Dolomiti","article_publisher":"https:\/\/www.facebook.com\/profile.php?id=100008943462799","article_published_time":"2021-02-24T16:38:29+00:00","og_image":[{"width":597,"height":800,"url":"https:\/\/www.bellunopress.it\/wp-content\/uploads\/2020\/07\/Elena-Donazzan_edited.jpg","type":"image\/jpeg"}],"author":"redazione","twitter_card":"summary_large_image","twitter_creator":"@bellunopress","twitter_site":"@bellunopress","twitter_misc":{"\u00c9crit par":"redazione","Dur\u00e9e de lecture estim\u00e9e":"3 minutes"},"schema":{"@context":"https:\/\/schema.org","@graph":[{"@type":"Article","@id":"https:\/\/www.bellunopress.it\/2021\/02\/24\/scuola-lassessore-regionale-donazzan-scrive-al-ministro-bianchi-investire-su-organici-3mila-docenti-licenziati-perche-in-possesso-del-vecchio-diploma-magistrale\/#article","isPartOf":{"@id":"https:\/\/www.bellunopress.it\/2021\/02\/24\/scuola-lassessore-regionale-donazzan-scrive-al-ministro-bianchi-investire-su-organici-3mila-docenti-licenziati-perche-in-possesso-del-vecchio-diploma-magistrale\/"},"author":{"name":"redazione","@id":"https:\/\/www.bellunopress.it\/#\/schema\/person\/79bb06722b37ece1c03d3e94beb30d73"},"headline":"Scuola. L&#8217;assessore regionale Donazzan scrive al ministro Bianchi: investire su organici. 3mila docenti licenziati perch\u00e9 in possesso del vecchio diploma magistrale","datePublished":"2021-02-24T16:38:29+00:00","mainEntityOfPage":{"@id":"https:\/\/www.bellunopress.it\/2021\/02\/24\/scuola-lassessore-regionale-donazzan-scrive-al-ministro-bianchi-investire-su-organici-3mila-docenti-licenziati-perche-in-possesso-del-vecchio-diploma-magistrale\/"},"wordCount":447,"publisher":{"@id":"https:\/\/www.bellunopress.it\/#organization"},"image":{"@id":"https:\/\/www.bellunopress.it\/2021\/02\/24\/scuola-lassessore-regionale-donazzan-scrive-al-ministro-bianchi-investire-su-organici-3mila-docenti-licenziati-perche-in-possesso-del-vecchio-diploma-magistrale\/#primaryimage"},"thumbnailUrl":"https:\/\/www.bellunopress.it\/wp-content\/uploads\/2020\/07\/Elena-Donazzan_edited.jpg","articleSection":["Cronaca\/Politica","Scuola"],"inLanguage":"fr-FR"},{"@type":"WebPage","@id":"https:\/\/www.bellunopress.it\/2021\/02\/24\/scuola-lassessore-regionale-donazzan-scrive-al-ministro-bianchi-investire-su-organici-3mila-docenti-licenziati-perche-in-possesso-del-vecchio-diploma-magistrale\/","url":"https:\/\/www.bellunopress.it\/2021\/02\/24\/scuola-lassessore-regionale-donazzan-scrive-al-ministro-bianchi-investire-su-organici-3mila-docenti-licenziati-perche-in-possesso-del-vecchio-diploma-magistrale\/","name":"Scuola. L'assessore regionale Donazzan scrive al ministro Bianchi: investire su organici. 3mila docenti licenziati perch\u00e9 in possesso del vecchio diploma magistrale - Bellunopress - Dolomiti","isPartOf":{"@id":"https:\/\/www.bellunopress.it\/#website"},"primaryImageOfPage":{"@id":"https:\/\/www.bellunopress.it\/2021\/02\/24\/scuola-lassessore-regionale-donazzan-scrive-al-ministro-bianchi-investire-su-organici-3mila-docenti-licenziati-perche-in-possesso-del-vecchio-diploma-magistrale\/#primaryimage"},"image":{"@id":"https:\/\/www.bellunopress.it\/2021\/02\/24\/scuola-lassessore-regionale-donazzan-scrive-al-ministro-bianchi-investire-su-organici-3mila-docenti-licenziati-perche-in-possesso-del-vecchio-diploma-magistrale\/#primaryimage"},"thumbnailUrl":"https:\/\/www.bellunopress.it\/wp-content\/uploads\/2020\/07\/Elena-Donazzan_edited.jpg","datePublished":"2021-02-24T16:38:29+00:00","breadcrumb":{"@id":"https:\/\/www.bellunopress.it\/2021\/02\/24\/scuola-lassessore-regionale-donazzan-scrive-al-ministro-bianchi-investire-su-organici-3mila-docenti-licenziati-perche-in-possesso-del-vecchio-diploma-magistrale\/#breadcrumb"},"inLanguage":"fr-FR","potentialAction":[{"@type":"ReadAction","target":["https:\/\/www.bellunopress.it\/2021\/02\/24\/scuola-lassessore-regionale-donazzan-scrive-al-ministro-bianchi-investire-su-organici-3mila-docenti-licenziati-perche-in-possesso-del-vecchio-diploma-magistrale\/"]}]},{"@type":"ImageObject","inLanguage":"fr-FR","@id":"https:\/\/www.bellunopress.it\/2021\/02\/24\/scuola-lassessore-regionale-donazzan-scrive-al-ministro-bianchi-investire-su-organici-3mila-docenti-licenziati-perche-in-possesso-del-vecchio-diploma-magistrale\/#primaryimage","url":"https:\/\/www.bellunopress.it\/wp-content\/uploads\/2020\/07\/Elena-Donazzan_edited.jpg","contentUrl":"https:\/\/www.bellunopress.it\/wp-content\/uploads\/2020\/07\/Elena-Donazzan_edited.jpg","width":597,"height":800,"caption":"Elena Donazzan assessore regionale all'Istruzione, alla Formazione e al Lavoro"},{"@type":"BreadcrumbList","@id":"https:\/\/www.bellunopress.it\/2021\/02\/24\/scuola-lassessore-regionale-donazzan-scrive-al-ministro-bianchi-investire-su-organici-3mila-docenti-licenziati-perche-in-possesso-del-vecchio-diploma-magistrale\/#breadcrumb","itemListElement":[{"@type":"ListItem","position":1,"name":"Home","item":"https:\/\/www.bellunopress.it\/"},{"@type":"ListItem","position":2,"name":"Scuola. L&#8217;assessore regionale Donazzan scrive al ministro Bianchi: investire su organici. 3mila docenti licenziati perch\u00e9 in possesso del vecchio diploma magistrale"}]},{"@type":"WebSite","@id":"https:\/\/www.bellunopress.it\/#website","url":"https:\/\/www.bellunopress.it\/","name":"Bellunopress - Dolomiti","description":"e-mail: redazione@bellunopress.it","publisher":{"@id":"https:\/\/www.bellunopress.it\/#organization"},"potentialAction":[{"@type":"SearchAction","target":{"@type":"EntryPoint","urlTemplate":"https:\/\/www.bellunopress.it\/?s={search_term_string}"},"query-input":{"@type":"PropertyValueSpecification","valueRequired":true,"valueName":"search_term_string"}}],"inLanguage":"fr-FR"},{"@type":"Organization","@id":"https:\/\/www.bellunopress.it\/#organization","name":"Bellunopress","url":"https:\/\/www.bellunopress.it\/","logo":{"@type":"ImageObject","inLanguage":"fr-FR","@id":"https:\/\/www.bellunopress.it\/#\/schema\/logo\/image\/","url":"https:\/\/www.bellunopress.it\/wp-content\/uploads\/2011\/05\/cropped-logo-bellunopress-.jpg","contentUrl":"https:\/\/www.bellunopress.it\/wp-content\/uploads\/2011\/05\/cropped-logo-bellunopress-.jpg","width":512,"height":512,"caption":"Bellunopress"},"image":{"@id":"https:\/\/www.bellunopress.it\/#\/schema\/logo\/image\/"},"sameAs":["https:\/\/www.facebook.com\/profile.php?id=100008943462799","https:\/\/x.com\/bellunopress","https:\/\/www.linkedin.com\/hp\/?dnr=JBzUWaJfMUw8vbXJJ2tVW5-I3jZKvC4wsoxE&amp;amp;amp;amp;amp;amp;trk=nav_responsive_tab_home","https:\/\/www.youtube.com\/channel\/UCxL0wu1uN0_3_7hGG0306cw"]},{"@type":"Person","@id":"https:\/\/www.bellunopress.it\/#\/schema\/person\/79bb06722b37ece1c03d3e94beb30d73","name":"r\u00e9daction","image":{"@type":"ImageObject","inLanguage":"fr-FR","@id":"https:\/\/secure.gravatar.com\/avatar\/37d968a2e67a6fd04c169c4bdef102d0bc5d31b2546345219e348575eb80e9a0?s=96&d=mm&r=g","url":"https:\/\/secure.gravatar.com\/avatar\/37d968a2e67a6fd04c169c4bdef102d0bc5d31b2546345219e348575eb80e9a0?s=96&d=mm&r=g","contentUrl":"https:\/\/secure.gravatar.com\/avatar\/37d968a2e67a6fd04c169c4bdef102d0bc5d31b2546345219e348575eb80e9a0?s=96&d=mm&r=g","caption":"redazione"},"sameAs":["http:\/\/www.bellunopress.it","https:\/\/x.com\/bellunopress"],"url":"https:\/\/www.bellunopress.it\/fr\/author\/redazione\/"}]}},"_links":{"self":[{"href":"https:\/\/www.bellunopress.it\/fr\/wp-json\/wp\/v2\/posts\/122000","targetHints":{"allow":["GET"]}}],"collection":[{"href":"https:\/\/www.bellunopress.it\/fr\/wp-json\/wp\/v2\/posts"}],"about":[{"href":"https:\/\/www.bellunopress.it\/fr\/wp-json\/wp\/v2\/types\/post"}],"author":[{"embeddable":true,"href":"https:\/\/www.bellunopress.it\/fr\/wp-json\/wp\/v2\/users\/2"}],"replies":[{"embeddable":true,"href":"https:\/\/www.bellunopress.it\/fr\/wp-json\/wp\/v2\/comments?post=122000"}],"version-history":[{"count":1,"href":"https:\/\/www.bellunopress.it\/fr\/wp-json\/wp\/v2\/posts\/122000\/revisions"}],"predecessor-version":[{"id":122001,"href":"https:\/\/www.bellunopress.it\/fr\/wp-json\/wp\/v2\/posts\/122000\/revisions\/122001"}],"wp:featuredmedia":[{"embeddable":true,"href":"https:\/\/www.bellunopress.it\/fr\/wp-json\/wp\/v2\/media\/116119"}],"wp:attachment":[{"href":"https:\/\/www.bellunopress.it\/fr\/wp-json\/wp\/v2\/media?parent=122000"}],"wp:term":[{"taxonomy":"category","embeddable":true,"href":"https:\/\/www.bellunopress.it\/fr\/wp-json\/wp\/v2\/categories?post=122000"},{"taxonomy":"post_tag","embeddable":true,"href":"https:\/\/www.bellunopress.it\/fr\/wp-json\/wp\/v2\/tags?post=122000"}],"curies":[{"name":"wp","href":"https:\/\/api.w.org\/{rel}","templated":true}]}}