{"id":121998,"date":"2021-02-24T13:52:17","date_gmt":"2021-02-24T12:52:17","guid":{"rendered":"http:\/\/www.bellunopress.it\/?p=121998"},"modified":"2021-02-24T13:52:17","modified_gmt":"2021-02-24T12:52:17","slug":"ufficializzato-il-programma-del-36-rally-bellunese-del-17-18-aprile","status":"publish","type":"post","link":"https:\/\/www.bellunopress.it\/fr\/2021\/02\/24\/ufficializzato-il-programma-del-36-rally-bellunese-del-17-18-aprile\/","title":{"rendered":"Ufficializzato il programma del 36\u00b0 Rally Bellunese del 17-18 aprile"},"content":{"rendered":"<p><a href=\"http:\/\/www.bellunopress.it\/fr\/2021\/02\/01\/on-line-il-video-promozionale-del-36mo-rally-bellunese\/rally-bellunese_edited\/\" rel=\"attachment wp-att-121324\"><img loading=\"lazy\" decoding=\"async\" class=\"alignleft size-full wp-image-121324\" src=\"http:\/\/www.bellunopress.it\/wp-content\/uploads\/2021\/02\/Rally-Bellunese_edited.jpg\" alt=\"\" width=\"1000\" height=\"652\" srcset=\"https:\/\/www.bellunopress.it\/wp-content\/uploads\/2021\/02\/Rally-Bellunese_edited.jpg 1000w, https:\/\/www.bellunopress.it\/wp-content\/uploads\/2021\/02\/Rally-Bellunese_edited-500x326.jpg 500w, https:\/\/www.bellunopress.it\/wp-content\/uploads\/2021\/02\/Rally-Bellunese_edited-696x454.jpg 696w, https:\/\/www.bellunopress.it\/wp-content\/uploads\/2021\/02\/Rally-Bellunese_edited-644x420.jpg 644w\" sizes=\"auto, (max-width: 1000px) 100vw, 1000px\" \/><\/a>Il programma del 36\u00b0 Rally Bellunese \u00e8 stato ufficializzato. La corsa, valida come prova<br \/>\ninaugurale della Coppa Rally 4^ zona (comprendente le province di Belluno e Venezia e il<br \/>\nFriuli-Venezia Giulia), si svolger\u00e0 il 17 e 18 aprile prossimi con partenza ed arrivo a Lentiai<br \/>\ndi Borgo Valbelluna.<br \/>\nAnche quest\u2019anno la competizione organizzata da Tre Cime Promotor asd ha mantenuto<br \/>\nil coefficiente 1.5 che, oltre ad assegnare punteggi maggiorati ai concorrenti classificati,<br \/>\npermetter\u00e0 agli organizzatori di ammettere al via le performanti vetture WRC e WRC Plus,<br \/>\nla cui partecipazione non \u00e8 invece consentita nelle altre gare di Coppa Rally di zona. A<br \/>\nproposito di iscrizioni, quelle al 36\u00b0 Rally Bellunese si apriranno alle 8.00 di venerd\u00ec 19<br \/>\nmarzo per chiudersi alla mezzanotte di mercoled\u00ec 7 aprile, a dieci giorni dall\u2019avvio di<br \/>\nquesta rinnovata edizione della classica competizione automobilistica che esord\u00ec sulla<br \/>\nscena rallistica nazionale nel lontano 1975.<br \/>\nIl percorso di gara, su fondo asfaltato, avr\u00e0 una lunghezza complessiva di quasi 177<br \/>\nchilometri, le prove speciali saranno 7 con uno sviluppo totale prossimo ai 65 chilometri.<br \/>\nOltre che per la Coppa Rally di zona, il 36\u00b0 Rally Bellunese avr\u00e0 validit\u00e0 per la serie R Italian Trophy, istituita dalla Sport Team Equipment Srl e destinata alle vetture delle classi R5, RGT, R4, R4Kit, R3C &#8211; R3D &#8211; R3T &#8211; R2B &#8211; R2C; per il Trofeo Michelin Zone Rally Cup; per il Trofeo Rally Automobile Club Vicenza 2021, promosso dalla Scuderia Palladio Historic e destinato ai licenziati ACI Sport soci dell\u2019ACI di Vicenza, provincia di grandi tradizioni<br \/>\nmotoristiche e di altrettanto grandi rallisti.<br \/>\nLa distribuzione dei road book agli iscritti si terr\u00e0, al Centro parrocchiale di Lentiai di Borgo<br \/>\nValbelluna, domenica 11 aprile dalle 8.30 alle 12.00 e venerd\u00ec 16 aprile dalle 18.00 alle<br \/>\n21.00; e alla zona industriale di Lentiai, sabato 17 aprile, dalle 7.30 alle 10.00. Le<br \/>\nricognizioni sul tracciato di gara saranno possibili dalle 9.00 alle 17.00 di domenica 11<br \/>\naprile e dalle 8.00 alle 12.00 di sabato 17 aprile. La prima riunione del Collegio dei<br \/>\nCommissari Sportivi \u00e8 programmata alle 20.00 di venerd\u00ec 16 aprile in Direzione gara. Il<br \/>\nCentro accrediti e triage, con misurazione temperature, ritiro autocertificazioni e<br \/>\nconsegna materiale gara, funzioner\u00e0 al Centro parrocchiale di Lentiai dalle 18.00 alle<br \/>\n21.00 di venerd\u00ec 16 aprile e dalle 7.30 alle 16.30 di sabato 17 aprile in zona industriale.<br \/>\nLo shakedown, il test pre-gara che permetter\u00e0 agli equipaggi e alle loro assistenze di<br \/>\neffettuare verifiche sull\u2019affidabilit\u00e0 e il set up dei mezzi, \u00e8 previsto sabato 17 aprile, dalle<br \/>\n14.30 alle 18.30, mentre il briefing cartaceo del Direttore di gara sar\u00e0 distribuito<br \/>\ndall\u2019Addetto ai concorrenti, al Centro parrocchiale, nella giornata di sabato 17 aprile. La<br \/>\npubblicazione dell\u2019elenco ammessi alla partenza, sull\u2019Albo ufficiale di gara online, avverr\u00e0<br \/>\nalle 20.00 di sabato 17 aprile. La gara scatter\u00e0 alle 8.30 di domenica 18 aprile dalla zona<br \/>\nindustriale di Lentiai; gli arrivi sono previsti a partire dalle 17.00. La zona industriale di<br \/>\nLentiai ospiter\u00e0 anche i tre riordini e il parco chiuso. La pubblicazione delle classifiche<br \/>\nsull\u2019Albo di gara online \u00e8 fissata alle 19.30 di domenica 18 aprile.<\/p>","protected":false},"excerpt":{"rendered":"<p>Il programma del 36\u00b0 Rally Bellunese \u00e8 stato ufficializzato. La corsa, valida come prova inaugurale della Coppa Rally 4^ zona (comprendente le province di Belluno e Venezia e il Friuli-Venezia Giulia), si svolger\u00e0 il 17 e 18 aprile prossimi con partenza ed arrivo a Lentiai di Borgo Valbelluna. Anche quest\u2019anno la competizione organizzata da Tre [&hellip;]<\/p>\n","protected":false},"author":2,"featured_media":113590,"comment_status":"closed","ping_status":"open","sticky":false,"template":"","format":"standard","meta":{"footnotes":""},"categories":[26,4],"tags":[],"class_list":["post-121998","post","type-post","status-publish","format-standard","has-post-thumbnail","category-prima-pagina","category-sport"],"yoast_head":"<!-- This site is optimized with the Yoast SEO plugin v28.4 - https:\/\/yoast.com\/product\/yoast-seo-wordpress\/ -->\n<title>Ufficializzato il programma del 36\u00b0 Rally Bellunese del 17-18 aprile - Bellunopress - Dolomiti<\/title>\n<meta name=\"robots\" content=\"index, follow, max-snippet:-1, max-image-preview:large, max-video-preview:-1\" \/>\n<link rel=\"canonical\" href=\"https:\/\/www.bellunopress.it\/fr\/2021\/02\/24\/ufficializzato-il-programma-del-36-rally-bellunese-del-17-18-aprile\/\" \/>\n<meta property=\"og:locale\" content=\"fr_FR\" \/>\n<meta property=\"og:type\" content=\"article\" \/>\n<meta property=\"og:title\" content=\"Ufficializzato il programma del 36\u00b0 Rally Bellunese del 17-18 aprile - Bellunopress - Dolomiti\" \/>\n<meta property=\"og:description\" content=\"Il programma del 36\u00b0 Rally Bellunese \u00e8 stato ufficializzato. La corsa, valida come prova inaugurale della Coppa Rally 4^ zona (comprendente le province di Belluno e Venezia e il Friuli-Venezia Giulia), si svolger\u00e0 il 17 e 18 aprile prossimi con partenza ed arrivo a Lentiai di Borgo Valbelluna. Anche quest\u2019anno la competizione organizzata da Tre [&hellip;]\" \/>\n<meta property=\"og:url\" content=\"https:\/\/www.bellunopress.it\/fr\/2021\/02\/24\/ufficializzato-il-programma-del-36-rally-bellunese-del-17-18-aprile\/\" \/>\n<meta property=\"og:site_name\" content=\"Bellunopress - Dolomiti\" \/>\n<meta property=\"article:publisher\" content=\"https:\/\/www.facebook.com\/profile.php?id=100008943462799\" \/>\n<meta property=\"article:published_time\" content=\"2021-02-24T12:52:17+00:00\" \/>\n<meta property=\"og:image\" content=\"https:\/\/www.bellunopress.it\/wp-content\/uploads\/2020\/04\/rally-del-bellunese_edited.jpg\" \/>\n\t<meta property=\"og:image:width\" content=\"800\" \/>\n\t<meta property=\"og:image:height\" content=\"507\" \/>\n\t<meta property=\"og:image:type\" content=\"image\/jpeg\" \/>\n<meta name=\"author\" content=\"redazione\" \/>\n<meta name=\"twitter:card\" content=\"summary_large_image\" \/>\n<meta name=\"twitter:creator\" content=\"@bellunopress\" \/>\n<meta name=\"twitter:site\" content=\"@bellunopress\" \/>\n<meta name=\"twitter:label1\" content=\"\u00c9crit par\" \/>\n\t<meta name=\"twitter:data1\" content=\"redazione\" \/>\n\t<meta name=\"twitter:label2\" content=\"Dur\u00e9e de lecture estim\u00e9e\" \/>\n\t<meta name=\"twitter:data2\" content=\"3 minutes\" \/>\n<script type=\"application\/ld+json\" class=\"yoast-schema-graph\">{\"@context\":\"https:\\\/\\\/schema.org\",\"@graph\":[{\"@type\":\"Article\",\"@id\":\"https:\\\/\\\/www.bellunopress.it\\\/2021\\\/02\\\/24\\\/ufficializzato-il-programma-del-36-rally-bellunese-del-17-18-aprile\\\/#article\",\"isPartOf\":{\"@id\":\"https:\\\/\\\/www.bellunopress.it\\\/2021\\\/02\\\/24\\\/ufficializzato-il-programma-del-36-rally-bellunese-del-17-18-aprile\\\/\"},\"author\":{\"name\":\"redazione\",\"@id\":\"https:\\\/\\\/www.bellunopress.it\\\/#\\\/schema\\\/person\\\/79bb06722b37ece1c03d3e94beb30d73\"},\"headline\":\"Ufficializzato il programma del 36\u00b0 Rally Bellunese del 17-18 aprile\",\"datePublished\":\"2021-02-24T12:52:17+00:00\",\"mainEntityOfPage\":{\"@id\":\"https:\\\/\\\/www.bellunopress.it\\\/2021\\\/02\\\/24\\\/ufficializzato-il-programma-del-36-rally-bellunese-del-17-18-aprile\\\/\"},\"wordCount\":482,\"publisher\":{\"@id\":\"https:\\\/\\\/www.bellunopress.it\\\/#organization\"},\"image\":{\"@id\":\"https:\\\/\\\/www.bellunopress.it\\\/2021\\\/02\\\/24\\\/ufficializzato-il-programma-del-36-rally-bellunese-del-17-18-aprile\\\/#primaryimage\"},\"thumbnailUrl\":\"https:\\\/\\\/www.bellunopress.it\\\/wp-content\\\/uploads\\\/2020\\\/04\\\/rally-del-bellunese_edited.jpg\",\"articleSection\":[\"Prima Pagina\",\"Sport, tempo libero\"],\"inLanguage\":\"fr-FR\"},{\"@type\":\"WebPage\",\"@id\":\"https:\\\/\\\/www.bellunopress.it\\\/2021\\\/02\\\/24\\\/ufficializzato-il-programma-del-36-rally-bellunese-del-17-18-aprile\\\/\",\"url\":\"https:\\\/\\\/www.bellunopress.it\\\/2021\\\/02\\\/24\\\/ufficializzato-il-programma-del-36-rally-bellunese-del-17-18-aprile\\\/\",\"name\":\"Ufficializzato il programma del 36\u00b0 Rally Bellunese del 17-18 aprile - Bellunopress - Dolomiti\",\"isPartOf\":{\"@id\":\"https:\\\/\\\/www.bellunopress.it\\\/#website\"},\"primaryImageOfPage\":{\"@id\":\"https:\\\/\\\/www.bellunopress.it\\\/2021\\\/02\\\/24\\\/ufficializzato-il-programma-del-36-rally-bellunese-del-17-18-aprile\\\/#primaryimage\"},\"image\":{\"@id\":\"https:\\\/\\\/www.bellunopress.it\\\/2021\\\/02\\\/24\\\/ufficializzato-il-programma-del-36-rally-bellunese-del-17-18-aprile\\\/#primaryimage\"},\"thumbnailUrl\":\"https:\\\/\\\/www.bellunopress.it\\\/wp-content\\\/uploads\\\/2020\\\/04\\\/rally-del-bellunese_edited.jpg\",\"datePublished\":\"2021-02-24T12:52:17+00:00\",\"breadcrumb\":{\"@id\":\"https:\\\/\\\/www.bellunopress.it\\\/2021\\\/02\\\/24\\\/ufficializzato-il-programma-del-36-rally-bellunese-del-17-18-aprile\\\/#breadcrumb\"},\"inLanguage\":\"fr-FR\",\"potentialAction\":[{\"@type\":\"ReadAction\",\"target\":[\"https:\\\/\\\/www.bellunopress.it\\\/2021\\\/02\\\/24\\\/ufficializzato-il-programma-del-36-rally-bellunese-del-17-18-aprile\\\/\"]}]},{\"@type\":\"ImageObject\",\"inLanguage\":\"fr-FR\",\"@id\":\"https:\\\/\\\/www.bellunopress.it\\\/2021\\\/02\\\/24\\\/ufficializzato-il-programma-del-36-rally-bellunese-del-17-18-aprile\\\/#primaryimage\",\"url\":\"https:\\\/\\\/www.bellunopress.it\\\/wp-content\\\/uploads\\\/2020\\\/04\\\/rally-del-bellunese_edited.jpg\",\"contentUrl\":\"https:\\\/\\\/www.bellunopress.it\\\/wp-content\\\/uploads\\\/2020\\\/04\\\/rally-del-bellunese_edited.jpg\",\"width\":800,\"height\":507},{\"@type\":\"BreadcrumbList\",\"@id\":\"https:\\\/\\\/www.bellunopress.it\\\/2021\\\/02\\\/24\\\/ufficializzato-il-programma-del-36-rally-bellunese-del-17-18-aprile\\\/#breadcrumb\",\"itemListElement\":[{\"@type\":\"ListItem\",\"position\":1,\"name\":\"Home\",\"item\":\"https:\\\/\\\/www.bellunopress.it\\\/\"},{\"@type\":\"ListItem\",\"position\":2,\"name\":\"Ufficializzato il programma del 36\u00b0 Rally Bellunese del 17-18 aprile\"}]},{\"@type\":\"WebSite\",\"@id\":\"https:\\\/\\\/www.bellunopress.it\\\/#website\",\"url\":\"https:\\\/\\\/www.bellunopress.it\\\/\",\"name\":\"Bellunopress - Dolomiti\",\"description\":\"e-mail: redazione@bellunopress.it\",\"publisher\":{\"@id\":\"https:\\\/\\\/www.bellunopress.it\\\/#organization\"},\"potentialAction\":[{\"@type\":\"SearchAction\",\"target\":{\"@type\":\"EntryPoint\",\"urlTemplate\":\"https:\\\/\\\/www.bellunopress.it\\\/?s={search_term_string}\"},\"query-input\":{\"@type\":\"PropertyValueSpecification\",\"valueRequired\":true,\"valueName\":\"search_term_string\"}}],\"inLanguage\":\"fr-FR\"},{\"@type\":\"Organization\",\"@id\":\"https:\\\/\\\/www.bellunopress.it\\\/#organization\",\"name\":\"Bellunopress\",\"url\":\"https:\\\/\\\/www.bellunopress.it\\\/\",\"logo\":{\"@type\":\"ImageObject\",\"inLanguage\":\"fr-FR\",\"@id\":\"https:\\\/\\\/www.bellunopress.it\\\/#\\\/schema\\\/logo\\\/image\\\/\",\"url\":\"https:\\\/\\\/www.bellunopress.it\\\/wp-content\\\/uploads\\\/2011\\\/05\\\/cropped-logo-bellunopress-.jpg\",\"contentUrl\":\"https:\\\/\\\/www.bellunopress.it\\\/wp-content\\\/uploads\\\/2011\\\/05\\\/cropped-logo-bellunopress-.jpg\",\"width\":512,\"height\":512,\"caption\":\"Bellunopress\"},\"image\":{\"@id\":\"https:\\\/\\\/www.bellunopress.it\\\/#\\\/schema\\\/logo\\\/image\\\/\"},\"sameAs\":[\"https:\\\/\\\/www.facebook.com\\\/profile.php?id=100008943462799\",\"https:\\\/\\\/x.com\\\/bellunopress\",\"https:\\\/\\\/www.linkedin.com\\\/hp\\\/?dnr=JBzUWaJfMUw8vbXJJ2tVW5-I3jZKvC4wsoxE&amp;amp;amp;amp;amp;amp;trk=nav_responsive_tab_home\",\"https:\\\/\\\/www.youtube.com\\\/channel\\\/UCxL0wu1uN0_3_7hGG0306cw\"]},{\"@type\":\"Person\",\"@id\":\"https:\\\/\\\/www.bellunopress.it\\\/#\\\/schema\\\/person\\\/79bb06722b37ece1c03d3e94beb30d73\",\"name\":\"redazione\",\"image\":{\"@type\":\"ImageObject\",\"inLanguage\":\"fr-FR\",\"@id\":\"https:\\\/\\\/secure.gravatar.com\\\/avatar\\\/37d968a2e67a6fd04c169c4bdef102d0bc5d31b2546345219e348575eb80e9a0?s=96&d=mm&r=g\",\"url\":\"https:\\\/\\\/secure.gravatar.com\\\/avatar\\\/37d968a2e67a6fd04c169c4bdef102d0bc5d31b2546345219e348575eb80e9a0?s=96&d=mm&r=g\",\"contentUrl\":\"https:\\\/\\\/secure.gravatar.com\\\/avatar\\\/37d968a2e67a6fd04c169c4bdef102d0bc5d31b2546345219e348575eb80e9a0?s=96&d=mm&r=g\",\"caption\":\"redazione\"},\"sameAs\":[\"http:\\\/\\\/www.bellunopress.it\",\"https:\\\/\\\/x.com\\\/bellunopress\"],\"url\":\"https:\\\/\\\/www.bellunopress.it\\\/fr\\\/author\\\/redazione\\\/\"}]}<\/script>\n<!-- \/ Yoast SEO plugin. -->","yoast_head_json":{"title":"Ufficializzato il programma del 36\u00b0 Rally Bellunese del 17-18 aprile - Bellunopress - Dolomiti","robots":{"index":"index","follow":"follow","max-snippet":"max-snippet:-1","max-image-preview":"max-image-preview:large","max-video-preview":"max-video-preview:-1"},"canonical":"https:\/\/www.bellunopress.it\/fr\/2021\/02\/24\/ufficializzato-il-programma-del-36-rally-bellunese-del-17-18-aprile\/","og_locale":"fr_FR","og_type":"article","og_title":"Ufficializzato il programma del 36\u00b0 Rally Bellunese del 17-18 aprile - Bellunopress - Dolomiti","og_description":"Il programma del 36\u00b0 Rally Bellunese \u00e8 stato ufficializzato. La corsa, valida come prova inaugurale della Coppa Rally 4^ zona (comprendente le province di Belluno e Venezia e il Friuli-Venezia Giulia), si svolger\u00e0 il 17 e 18 aprile prossimi con partenza ed arrivo a Lentiai di Borgo Valbelluna. Anche quest\u2019anno la competizione organizzata da Tre [&hellip;]","og_url":"https:\/\/www.bellunopress.it\/fr\/2021\/02\/24\/ufficializzato-il-programma-del-36-rally-bellunese-del-17-18-aprile\/","og_site_name":"Bellunopress - Dolomiti","article_publisher":"https:\/\/www.facebook.com\/profile.php?id=100008943462799","article_published_time":"2021-02-24T12:52:17+00:00","og_image":[{"width":800,"height":507,"url":"https:\/\/www.bellunopress.it\/wp-content\/uploads\/2020\/04\/rally-del-bellunese_edited.jpg","type":"image\/jpeg"}],"author":"redazione","twitter_card":"summary_large_image","twitter_creator":"@bellunopress","twitter_site":"@bellunopress","twitter_misc":{"\u00c9crit par":"redazione","Dur\u00e9e de lecture estim\u00e9e":"3 minutes"},"schema":{"@context":"https:\/\/schema.org","@graph":[{"@type":"Article","@id":"https:\/\/www.bellunopress.it\/2021\/02\/24\/ufficializzato-il-programma-del-36-rally-bellunese-del-17-18-aprile\/#article","isPartOf":{"@id":"https:\/\/www.bellunopress.it\/2021\/02\/24\/ufficializzato-il-programma-del-36-rally-bellunese-del-17-18-aprile\/"},"author":{"name":"redazione","@id":"https:\/\/www.bellunopress.it\/#\/schema\/person\/79bb06722b37ece1c03d3e94beb30d73"},"headline":"Ufficializzato il programma del 36\u00b0 Rally Bellunese del 17-18 aprile","datePublished":"2021-02-24T12:52:17+00:00","mainEntityOfPage":{"@id":"https:\/\/www.bellunopress.it\/2021\/02\/24\/ufficializzato-il-programma-del-36-rally-bellunese-del-17-18-aprile\/"},"wordCount":482,"publisher":{"@id":"https:\/\/www.bellunopress.it\/#organization"},"image":{"@id":"https:\/\/www.bellunopress.it\/2021\/02\/24\/ufficializzato-il-programma-del-36-rally-bellunese-del-17-18-aprile\/#primaryimage"},"thumbnailUrl":"https:\/\/www.bellunopress.it\/wp-content\/uploads\/2020\/04\/rally-del-bellunese_edited.jpg","articleSection":["Prima Pagina","Sport, tempo libero"],"inLanguage":"fr-FR"},{"@type":"WebPage","@id":"https:\/\/www.bellunopress.it\/2021\/02\/24\/ufficializzato-il-programma-del-36-rally-bellunese-del-17-18-aprile\/","url":"https:\/\/www.bellunopress.it\/2021\/02\/24\/ufficializzato-il-programma-del-36-rally-bellunese-del-17-18-aprile\/","name":"Ufficializzato il programma del 36\u00b0 Rally Bellunese del 17-18 aprile - Bellunopress - Dolomiti","isPartOf":{"@id":"https:\/\/www.bellunopress.it\/#website"},"primaryImageOfPage":{"@id":"https:\/\/www.bellunopress.it\/2021\/02\/24\/ufficializzato-il-programma-del-36-rally-bellunese-del-17-18-aprile\/#primaryimage"},"image":{"@id":"https:\/\/www.bellunopress.it\/2021\/02\/24\/ufficializzato-il-programma-del-36-rally-bellunese-del-17-18-aprile\/#primaryimage"},"thumbnailUrl":"https:\/\/www.bellunopress.it\/wp-content\/uploads\/2020\/04\/rally-del-bellunese_edited.jpg","datePublished":"2021-02-24T12:52:17+00:00","breadcrumb":{"@id":"https:\/\/www.bellunopress.it\/2021\/02\/24\/ufficializzato-il-programma-del-36-rally-bellunese-del-17-18-aprile\/#breadcrumb"},"inLanguage":"fr-FR","potentialAction":[{"@type":"ReadAction","target":["https:\/\/www.bellunopress.it\/2021\/02\/24\/ufficializzato-il-programma-del-36-rally-bellunese-del-17-18-aprile\/"]}]},{"@type":"ImageObject","inLanguage":"fr-FR","@id":"https:\/\/www.bellunopress.it\/2021\/02\/24\/ufficializzato-il-programma-del-36-rally-bellunese-del-17-18-aprile\/#primaryimage","url":"https:\/\/www.bellunopress.it\/wp-content\/uploads\/2020\/04\/rally-del-bellunese_edited.jpg","contentUrl":"https:\/\/www.bellunopress.it\/wp-content\/uploads\/2020\/04\/rally-del-bellunese_edited.jpg","width":800,"height":507},{"@type":"BreadcrumbList","@id":"https:\/\/www.bellunopress.it\/2021\/02\/24\/ufficializzato-il-programma-del-36-rally-bellunese-del-17-18-aprile\/#breadcrumb","itemListElement":[{"@type":"ListItem","position":1,"name":"Home","item":"https:\/\/www.bellunopress.it\/"},{"@type":"ListItem","position":2,"name":"Ufficializzato il programma del 36\u00b0 Rally Bellunese del 17-18 aprile"}]},{"@type":"WebSite","@id":"https:\/\/www.bellunopress.it\/#website","url":"https:\/\/www.bellunopress.it\/","name":"Bellunopress - Dolomiti","description":"e-mail: redazione@bellunopress.it","publisher":{"@id":"https:\/\/www.bellunopress.it\/#organization"},"potentialAction":[{"@type":"SearchAction","target":{"@type":"EntryPoint","urlTemplate":"https:\/\/www.bellunopress.it\/?s={search_term_string}"},"query-input":{"@type":"PropertyValueSpecification","valueRequired":true,"valueName":"search_term_string"}}],"inLanguage":"fr-FR"},{"@type":"Organization","@id":"https:\/\/www.bellunopress.it\/#organization","name":"Bellunopress","url":"https:\/\/www.bellunopress.it\/","logo":{"@type":"ImageObject","inLanguage":"fr-FR","@id":"https:\/\/www.bellunopress.it\/#\/schema\/logo\/image\/","url":"https:\/\/www.bellunopress.it\/wp-content\/uploads\/2011\/05\/cropped-logo-bellunopress-.jpg","contentUrl":"https:\/\/www.bellunopress.it\/wp-content\/uploads\/2011\/05\/cropped-logo-bellunopress-.jpg","width":512,"height":512,"caption":"Bellunopress"},"image":{"@id":"https:\/\/www.bellunopress.it\/#\/schema\/logo\/image\/"},"sameAs":["https:\/\/www.facebook.com\/profile.php?id=100008943462799","https:\/\/x.com\/bellunopress","https:\/\/www.linkedin.com\/hp\/?dnr=JBzUWaJfMUw8vbXJJ2tVW5-I3jZKvC4wsoxE&amp;amp;amp;amp;amp;amp;trk=nav_responsive_tab_home","https:\/\/www.youtube.com\/channel\/UCxL0wu1uN0_3_7hGG0306cw"]},{"@type":"Person","@id":"https:\/\/www.bellunopress.it\/#\/schema\/person\/79bb06722b37ece1c03d3e94beb30d73","name":"r\u00e9daction","image":{"@type":"ImageObject","inLanguage":"fr-FR","@id":"https:\/\/secure.gravatar.com\/avatar\/37d968a2e67a6fd04c169c4bdef102d0bc5d31b2546345219e348575eb80e9a0?s=96&d=mm&r=g","url":"https:\/\/secure.gravatar.com\/avatar\/37d968a2e67a6fd04c169c4bdef102d0bc5d31b2546345219e348575eb80e9a0?s=96&d=mm&r=g","contentUrl":"https:\/\/secure.gravatar.com\/avatar\/37d968a2e67a6fd04c169c4bdef102d0bc5d31b2546345219e348575eb80e9a0?s=96&d=mm&r=g","caption":"redazione"},"sameAs":["http:\/\/www.bellunopress.it","https:\/\/x.com\/bellunopress"],"url":"https:\/\/www.bellunopress.it\/fr\/author\/redazione\/"}]}},"_links":{"self":[{"href":"https:\/\/www.bellunopress.it\/fr\/wp-json\/wp\/v2\/posts\/121998","targetHints":{"allow":["GET"]}}],"collection":[{"href":"https:\/\/www.bellunopress.it\/fr\/wp-json\/wp\/v2\/posts"}],"about":[{"href":"https:\/\/www.bellunopress.it\/fr\/wp-json\/wp\/v2\/types\/post"}],"author":[{"embeddable":true,"href":"https:\/\/www.bellunopress.it\/fr\/wp-json\/wp\/v2\/users\/2"}],"replies":[{"embeddable":true,"href":"https:\/\/www.bellunopress.it\/fr\/wp-json\/wp\/v2\/comments?post=121998"}],"version-history":[{"count":1,"href":"https:\/\/www.bellunopress.it\/fr\/wp-json\/wp\/v2\/posts\/121998\/revisions"}],"predecessor-version":[{"id":121999,"href":"https:\/\/www.bellunopress.it\/fr\/wp-json\/wp\/v2\/posts\/121998\/revisions\/121999"}],"wp:featuredmedia":[{"embeddable":true,"href":"https:\/\/www.bellunopress.it\/fr\/wp-json\/wp\/v2\/media\/113590"}],"wp:attachment":[{"href":"https:\/\/www.bellunopress.it\/fr\/wp-json\/wp\/v2\/media?parent=121998"}],"wp:term":[{"taxonomy":"category","embeddable":true,"href":"https:\/\/www.bellunopress.it\/fr\/wp-json\/wp\/v2\/categories?post=121998"},{"taxonomy":"post_tag","embeddable":true,"href":"https:\/\/www.bellunopress.it\/fr\/wp-json\/wp\/v2\/tags?post=121998"}],"curies":[{"name":"wp","href":"https:\/\/api.w.org\/{rel}","templated":true}]}}