{"id":121994,"date":"2021-02-24T13:43:58","date_gmt":"2021-02-24T12:43:58","guid":{"rendered":"http:\/\/www.bellunopress.it\/?p=121994"},"modified":"2021-02-24T13:43:59","modified_gmt":"2021-02-24T12:43:59","slug":"alla-tecnosport-di-belluno-la-nuova-ducati-multistrada-v4-da-170-cavalli","status":"publish","type":"post","link":"https:\/\/www.bellunopress.it\/fr\/2021\/02\/24\/alla-tecnosport-di-belluno-la-nuova-ducati-multistrada-v4-da-170-cavalli\/","title":{"rendered":"Alla TecnoSport di Belluno la nuova Ducati Multistrada V4 da 170 cavalli"},"content":{"rendered":"<p><a href=\"http:\/\/www.bellunopress.it\/fr\/2021\/02\/24\/alla-tecnosport-di-belluno-la-nuova-ducati-multistrada-v4-da-170-cavalli\/ducati-multistrada-2021_edited\/\" rel=\"attachment wp-att-121995\"><img loading=\"lazy\" decoding=\"async\" class=\"alignleft size-full wp-image-121995\" src=\"http:\/\/www.bellunopress.it\/wp-content\/uploads\/2021\/02\/Ducati-Multistrada-2021_edited.jpg\" alt=\"\" width=\"1000\" height=\"619\" srcset=\"https:\/\/www.bellunopress.it\/wp-content\/uploads\/2021\/02\/Ducati-Multistrada-2021_edited.jpg 1000w, https:\/\/www.bellunopress.it\/wp-content\/uploads\/2021\/02\/Ducati-Multistrada-2021_edited-500x310.jpg 500w, https:\/\/www.bellunopress.it\/wp-content\/uploads\/2021\/02\/Ducati-Multistrada-2021_edited-696x431.jpg 696w, https:\/\/www.bellunopress.it\/wp-content\/uploads\/2021\/02\/Ducati-Multistrada-2021_edited-679x420.jpg 679w, https:\/\/www.bellunopress.it\/wp-content\/uploads\/2021\/02\/Ducati-Multistrada-2021_edited-356x220.jpg 356w\" sizes=\"auto, (max-width: 1000px) 100vw, 1000px\" \/><\/a>Per la stagione 2021, \u00e8 pronto alla <a href=\"https:\/\/dealer.moto.it\/tecnosportsrl\">Tecnosport di Belluno<\/a> un nuovo enduro stradale in grado di soddisfare le aspettative del motociclista pi\u00f9 esigente, che desidera un mezzo versatile in grado di affrontare qualsiasi terreno, asfalto, sterrato, curve veloci e lente.<\/p>\n<p>Lo ha creato la Ducati con questa nuova granturismo, la quarta generazione della gi\u00e0 apprezzata Multistrada che ora, nelle quattro versioni, Sport, Travel, Enduro e Urban, \u00e8 dotata di un nuovo motore bialbero quattro cilindri a V di 1158 cc. 4 valvole per cilindro, 170 cavalli, euro 5, e peso a secco contenuto in 215 Kg. Con una erogazione fluida di potenza in tutta la curva di coppia, e delle soluzioni ciclistiche ed ergonomiche innovative unite alla pi\u00f9 avanzata elettronica Ducati. La Multistrada V4, inoltre, \u00e8 dotata del primo sistema radar anteriore e posteriore al mondo su moto tale da consentire un\u2019esperienza di guida maggiormente divertente, versatile e intuitiva.<\/p>\n<p>Generose anche le garanzie offerte dalla Casa di Borgo Panigale, che per la nuova Multistrada V4 prevede il primo importante intervallo di manutenzione dopo 60.000Km. E garanzia generale di 24 mesi con chilometraggio illimitato.<\/p>","protected":false},"excerpt":{"rendered":"<p>Per la stagione 2021, \u00e8 pronto alla Tecnosport di Belluno un nuovo enduro stradale in grado di soddisfare le aspettative del motociclista pi\u00f9 esigente, che desidera un mezzo versatile in grado di affrontare qualsiasi terreno, asfalto, sterrato, curve veloci e lente. Lo ha creato la Ducati con questa nuova granturismo, la quarta generazione della gi\u00e0 [&hellip;]<\/p>\n","protected":false},"author":2,"featured_media":121995,"comment_status":"closed","ping_status":"open","sticky":false,"template":"","format":"standard","meta":{"footnotes":""},"categories":[50,4],"tags":[],"class_list":["post-121994","post","type-post","status-publish","format-standard","has-post-thumbnail","category-pubbliredazionali","category-sport"],"yoast_head":"<!-- This site is optimized with the Yoast SEO plugin v28.4 - https:\/\/yoast.com\/product\/yoast-seo-wordpress\/ -->\n<title>Alla TecnoSport di Belluno la nuova Ducati Multistrada V4 da 170 cavalli - Bellunopress - Dolomiti<\/title>\n<meta name=\"robots\" content=\"index, follow, max-snippet:-1, max-image-preview:large, max-video-preview:-1\" \/>\n<link rel=\"canonical\" href=\"https:\/\/www.bellunopress.it\/fr\/2021\/02\/24\/alla-tecnosport-di-belluno-la-nuova-ducati-multistrada-v4-da-170-cavalli\/\" \/>\n<meta property=\"og:locale\" content=\"fr_FR\" \/>\n<meta property=\"og:type\" content=\"article\" \/>\n<meta property=\"og:title\" content=\"Alla TecnoSport di Belluno la nuova Ducati Multistrada V4 da 170 cavalli - Bellunopress - Dolomiti\" \/>\n<meta property=\"og:description\" content=\"Per la stagione 2021, \u00e8 pronto alla Tecnosport di Belluno un nuovo enduro stradale in grado di soddisfare le aspettative del motociclista pi\u00f9 esigente, che desidera un mezzo versatile in grado di affrontare qualsiasi terreno, asfalto, sterrato, curve veloci e lente. Lo ha creato la Ducati con questa nuova granturismo, la quarta generazione della gi\u00e0 [&hellip;]\" \/>\n<meta property=\"og:url\" content=\"https:\/\/www.bellunopress.it\/fr\/2021\/02\/24\/alla-tecnosport-di-belluno-la-nuova-ducati-multistrada-v4-da-170-cavalli\/\" \/>\n<meta property=\"og:site_name\" content=\"Bellunopress - Dolomiti\" \/>\n<meta property=\"article:publisher\" content=\"https:\/\/www.facebook.com\/profile.php?id=100008943462799\" \/>\n<meta property=\"article:published_time\" content=\"2021-02-24T12:43:58+00:00\" \/>\n<meta property=\"article:modified_time\" content=\"2021-02-24T12:43:59+00:00\" \/>\n<meta property=\"og:image\" content=\"https:\/\/www.bellunopress.it\/wp-content\/uploads\/2021\/02\/Ducati-Multistrada-2021_edited.jpg\" \/>\n\t<meta property=\"og:image:width\" content=\"1000\" \/>\n\t<meta property=\"og:image:height\" content=\"619\" \/>\n\t<meta property=\"og:image:type\" content=\"image\/jpeg\" \/>\n<meta name=\"author\" content=\"redazione\" \/>\n<meta name=\"twitter:card\" content=\"summary_large_image\" \/>\n<meta name=\"twitter:creator\" content=\"@bellunopress\" \/>\n<meta name=\"twitter:site\" content=\"@bellunopress\" \/>\n<meta name=\"twitter:label1\" content=\"\u00c9crit par\" \/>\n\t<meta name=\"twitter:data1\" content=\"redazione\" \/>\n\t<meta name=\"twitter:label2\" content=\"Dur\u00e9e de lecture estim\u00e9e\" \/>\n\t<meta name=\"twitter:data2\" content=\"2 minutes\" \/>\n<script type=\"application\/ld+json\" class=\"yoast-schema-graph\">{\"@context\":\"https:\\\/\\\/schema.org\",\"@graph\":[{\"@type\":\"Article\",\"@id\":\"https:\\\/\\\/www.bellunopress.it\\\/2021\\\/02\\\/24\\\/alla-tecnosport-di-belluno-la-nuova-ducati-multistrada-v4-da-170-cavalli\\\/#article\",\"isPartOf\":{\"@id\":\"https:\\\/\\\/www.bellunopress.it\\\/2021\\\/02\\\/24\\\/alla-tecnosport-di-belluno-la-nuova-ducati-multistrada-v4-da-170-cavalli\\\/\"},\"author\":{\"name\":\"redazione\",\"@id\":\"https:\\\/\\\/www.bellunopress.it\\\/#\\\/schema\\\/person\\\/79bb06722b37ece1c03d3e94beb30d73\"},\"headline\":\"Alla TecnoSport di Belluno la nuova Ducati Multistrada V4 da 170 cavalli\",\"datePublished\":\"2021-02-24T12:43:58+00:00\",\"dateModified\":\"2021-02-24T12:43:59+00:00\",\"mainEntityOfPage\":{\"@id\":\"https:\\\/\\\/www.bellunopress.it\\\/2021\\\/02\\\/24\\\/alla-tecnosport-di-belluno-la-nuova-ducati-multistrada-v4-da-170-cavalli\\\/\"},\"wordCount\":186,\"publisher\":{\"@id\":\"https:\\\/\\\/www.bellunopress.it\\\/#organization\"},\"image\":{\"@id\":\"https:\\\/\\\/www.bellunopress.it\\\/2021\\\/02\\\/24\\\/alla-tecnosport-di-belluno-la-nuova-ducati-multistrada-v4-da-170-cavalli\\\/#primaryimage\"},\"thumbnailUrl\":\"https:\\\/\\\/www.bellunopress.it\\\/wp-content\\\/uploads\\\/2021\\\/02\\\/Ducati-Multistrada-2021_edited.jpg\",\"articleSection\":[\"Pubbliredazionali\",\"Sport, tempo libero\"],\"inLanguage\":\"fr-FR\"},{\"@type\":\"WebPage\",\"@id\":\"https:\\\/\\\/www.bellunopress.it\\\/2021\\\/02\\\/24\\\/alla-tecnosport-di-belluno-la-nuova-ducati-multistrada-v4-da-170-cavalli\\\/\",\"url\":\"https:\\\/\\\/www.bellunopress.it\\\/2021\\\/02\\\/24\\\/alla-tecnosport-di-belluno-la-nuova-ducati-multistrada-v4-da-170-cavalli\\\/\",\"name\":\"Alla TecnoSport di Belluno la nuova Ducati Multistrada V4 da 170 cavalli - Bellunopress - Dolomiti\",\"isPartOf\":{\"@id\":\"https:\\\/\\\/www.bellunopress.it\\\/#website\"},\"primaryImageOfPage\":{\"@id\":\"https:\\\/\\\/www.bellunopress.it\\\/2021\\\/02\\\/24\\\/alla-tecnosport-di-belluno-la-nuova-ducati-multistrada-v4-da-170-cavalli\\\/#primaryimage\"},\"image\":{\"@id\":\"https:\\\/\\\/www.bellunopress.it\\\/2021\\\/02\\\/24\\\/alla-tecnosport-di-belluno-la-nuova-ducati-multistrada-v4-da-170-cavalli\\\/#primaryimage\"},\"thumbnailUrl\":\"https:\\\/\\\/www.bellunopress.it\\\/wp-content\\\/uploads\\\/2021\\\/02\\\/Ducati-Multistrada-2021_edited.jpg\",\"datePublished\":\"2021-02-24T12:43:58+00:00\",\"dateModified\":\"2021-02-24T12:43:59+00:00\",\"breadcrumb\":{\"@id\":\"https:\\\/\\\/www.bellunopress.it\\\/2021\\\/02\\\/24\\\/alla-tecnosport-di-belluno-la-nuova-ducati-multistrada-v4-da-170-cavalli\\\/#breadcrumb\"},\"inLanguage\":\"fr-FR\",\"potentialAction\":[{\"@type\":\"ReadAction\",\"target\":[\"https:\\\/\\\/www.bellunopress.it\\\/2021\\\/02\\\/24\\\/alla-tecnosport-di-belluno-la-nuova-ducati-multistrada-v4-da-170-cavalli\\\/\"]}]},{\"@type\":\"ImageObject\",\"inLanguage\":\"fr-FR\",\"@id\":\"https:\\\/\\\/www.bellunopress.it\\\/2021\\\/02\\\/24\\\/alla-tecnosport-di-belluno-la-nuova-ducati-multistrada-v4-da-170-cavalli\\\/#primaryimage\",\"url\":\"https:\\\/\\\/www.bellunopress.it\\\/wp-content\\\/uploads\\\/2021\\\/02\\\/Ducati-Multistrada-2021_edited.jpg\",\"contentUrl\":\"https:\\\/\\\/www.bellunopress.it\\\/wp-content\\\/uploads\\\/2021\\\/02\\\/Ducati-Multistrada-2021_edited.jpg\",\"width\":1000,\"height\":619},{\"@type\":\"BreadcrumbList\",\"@id\":\"https:\\\/\\\/www.bellunopress.it\\\/2021\\\/02\\\/24\\\/alla-tecnosport-di-belluno-la-nuova-ducati-multistrada-v4-da-170-cavalli\\\/#breadcrumb\",\"itemListElement\":[{\"@type\":\"ListItem\",\"position\":1,\"name\":\"Home\",\"item\":\"https:\\\/\\\/www.bellunopress.it\\\/\"},{\"@type\":\"ListItem\",\"position\":2,\"name\":\"Alla TecnoSport di Belluno la nuova Ducati Multistrada V4 da 170 cavalli\"}]},{\"@type\":\"WebSite\",\"@id\":\"https:\\\/\\\/www.bellunopress.it\\\/#website\",\"url\":\"https:\\\/\\\/www.bellunopress.it\\\/\",\"name\":\"Bellunopress - Dolomiti\",\"description\":\"e-mail: redazione@bellunopress.it\",\"publisher\":{\"@id\":\"https:\\\/\\\/www.bellunopress.it\\\/#organization\"},\"potentialAction\":[{\"@type\":\"SearchAction\",\"target\":{\"@type\":\"EntryPoint\",\"urlTemplate\":\"https:\\\/\\\/www.bellunopress.it\\\/?s={search_term_string}\"},\"query-input\":{\"@type\":\"PropertyValueSpecification\",\"valueRequired\":true,\"valueName\":\"search_term_string\"}}],\"inLanguage\":\"fr-FR\"},{\"@type\":\"Organization\",\"@id\":\"https:\\\/\\\/www.bellunopress.it\\\/#organization\",\"name\":\"Bellunopress\",\"url\":\"https:\\\/\\\/www.bellunopress.it\\\/\",\"logo\":{\"@type\":\"ImageObject\",\"inLanguage\":\"fr-FR\",\"@id\":\"https:\\\/\\\/www.bellunopress.it\\\/#\\\/schema\\\/logo\\\/image\\\/\",\"url\":\"https:\\\/\\\/www.bellunopress.it\\\/wp-content\\\/uploads\\\/2011\\\/05\\\/cropped-logo-bellunopress-.jpg\",\"contentUrl\":\"https:\\\/\\\/www.bellunopress.it\\\/wp-content\\\/uploads\\\/2011\\\/05\\\/cropped-logo-bellunopress-.jpg\",\"width\":512,\"height\":512,\"caption\":\"Bellunopress\"},\"image\":{\"@id\":\"https:\\\/\\\/www.bellunopress.it\\\/#\\\/schema\\\/logo\\\/image\\\/\"},\"sameAs\":[\"https:\\\/\\\/www.facebook.com\\\/profile.php?id=100008943462799\",\"https:\\\/\\\/x.com\\\/bellunopress\",\"https:\\\/\\\/www.linkedin.com\\\/hp\\\/?dnr=JBzUWaJfMUw8vbXJJ2tVW5-I3jZKvC4wsoxE&amp;amp;amp;amp;amp;amp;trk=nav_responsive_tab_home\",\"https:\\\/\\\/www.youtube.com\\\/channel\\\/UCxL0wu1uN0_3_7hGG0306cw\"]},{\"@type\":\"Person\",\"@id\":\"https:\\\/\\\/www.bellunopress.it\\\/#\\\/schema\\\/person\\\/79bb06722b37ece1c03d3e94beb30d73\",\"name\":\"redazione\",\"image\":{\"@type\":\"ImageObject\",\"inLanguage\":\"fr-FR\",\"@id\":\"https:\\\/\\\/secure.gravatar.com\\\/avatar\\\/37d968a2e67a6fd04c169c4bdef102d0bc5d31b2546345219e348575eb80e9a0?s=96&d=mm&r=g\",\"url\":\"https:\\\/\\\/secure.gravatar.com\\\/avatar\\\/37d968a2e67a6fd04c169c4bdef102d0bc5d31b2546345219e348575eb80e9a0?s=96&d=mm&r=g\",\"contentUrl\":\"https:\\\/\\\/secure.gravatar.com\\\/avatar\\\/37d968a2e67a6fd04c169c4bdef102d0bc5d31b2546345219e348575eb80e9a0?s=96&d=mm&r=g\",\"caption\":\"redazione\"},\"sameAs\":[\"http:\\\/\\\/www.bellunopress.it\",\"https:\\\/\\\/x.com\\\/bellunopress\"],\"url\":\"https:\\\/\\\/www.bellunopress.it\\\/fr\\\/author\\\/redazione\\\/\"}]}<\/script>\n<!-- \/ Yoast SEO plugin. -->","yoast_head_json":{"title":"Alla TecnoSport di Belluno la nuova Ducati Multistrada V4 da 170 cavalli - Bellunopress - Dolomiti","robots":{"index":"index","follow":"follow","max-snippet":"max-snippet:-1","max-image-preview":"max-image-preview:large","max-video-preview":"max-video-preview:-1"},"canonical":"https:\/\/www.bellunopress.it\/fr\/2021\/02\/24\/alla-tecnosport-di-belluno-la-nuova-ducati-multistrada-v4-da-170-cavalli\/","og_locale":"fr_FR","og_type":"article","og_title":"Alla TecnoSport di Belluno la nuova Ducati Multistrada V4 da 170 cavalli - Bellunopress - Dolomiti","og_description":"Per la stagione 2021, \u00e8 pronto alla Tecnosport di Belluno un nuovo enduro stradale in grado di soddisfare le aspettative del motociclista pi\u00f9 esigente, che desidera un mezzo versatile in grado di affrontare qualsiasi terreno, asfalto, sterrato, curve veloci e lente. Lo ha creato la Ducati con questa nuova granturismo, la quarta generazione della gi\u00e0 [&hellip;]","og_url":"https:\/\/www.bellunopress.it\/fr\/2021\/02\/24\/alla-tecnosport-di-belluno-la-nuova-ducati-multistrada-v4-da-170-cavalli\/","og_site_name":"Bellunopress - Dolomiti","article_publisher":"https:\/\/www.facebook.com\/profile.php?id=100008943462799","article_published_time":"2021-02-24T12:43:58+00:00","article_modified_time":"2021-02-24T12:43:59+00:00","og_image":[{"width":1000,"height":619,"url":"https:\/\/www.bellunopress.it\/wp-content\/uploads\/2021\/02\/Ducati-Multistrada-2021_edited.jpg","type":"image\/jpeg"}],"author":"redazione","twitter_card":"summary_large_image","twitter_creator":"@bellunopress","twitter_site":"@bellunopress","twitter_misc":{"\u00c9crit par":"redazione","Dur\u00e9e de lecture estim\u00e9e":"2 minutes"},"schema":{"@context":"https:\/\/schema.org","@graph":[{"@type":"Article","@id":"https:\/\/www.bellunopress.it\/2021\/02\/24\/alla-tecnosport-di-belluno-la-nuova-ducati-multistrada-v4-da-170-cavalli\/#article","isPartOf":{"@id":"https:\/\/www.bellunopress.it\/2021\/02\/24\/alla-tecnosport-di-belluno-la-nuova-ducati-multistrada-v4-da-170-cavalli\/"},"author":{"name":"redazione","@id":"https:\/\/www.bellunopress.it\/#\/schema\/person\/79bb06722b37ece1c03d3e94beb30d73"},"headline":"Alla TecnoSport di Belluno la nuova Ducati Multistrada V4 da 170 cavalli","datePublished":"2021-02-24T12:43:58+00:00","dateModified":"2021-02-24T12:43:59+00:00","mainEntityOfPage":{"@id":"https:\/\/www.bellunopress.it\/2021\/02\/24\/alla-tecnosport-di-belluno-la-nuova-ducati-multistrada-v4-da-170-cavalli\/"},"wordCount":186,"publisher":{"@id":"https:\/\/www.bellunopress.it\/#organization"},"image":{"@id":"https:\/\/www.bellunopress.it\/2021\/02\/24\/alla-tecnosport-di-belluno-la-nuova-ducati-multistrada-v4-da-170-cavalli\/#primaryimage"},"thumbnailUrl":"https:\/\/www.bellunopress.it\/wp-content\/uploads\/2021\/02\/Ducati-Multistrada-2021_edited.jpg","articleSection":["Pubbliredazionali","Sport, tempo libero"],"inLanguage":"fr-FR"},{"@type":"WebPage","@id":"https:\/\/www.bellunopress.it\/2021\/02\/24\/alla-tecnosport-di-belluno-la-nuova-ducati-multistrada-v4-da-170-cavalli\/","url":"https:\/\/www.bellunopress.it\/2021\/02\/24\/alla-tecnosport-di-belluno-la-nuova-ducati-multistrada-v4-da-170-cavalli\/","name":"Alla TecnoSport di Belluno la nuova Ducati Multistrada V4 da 170 cavalli - Bellunopress - Dolomiti","isPartOf":{"@id":"https:\/\/www.bellunopress.it\/#website"},"primaryImageOfPage":{"@id":"https:\/\/www.bellunopress.it\/2021\/02\/24\/alla-tecnosport-di-belluno-la-nuova-ducati-multistrada-v4-da-170-cavalli\/#primaryimage"},"image":{"@id":"https:\/\/www.bellunopress.it\/2021\/02\/24\/alla-tecnosport-di-belluno-la-nuova-ducati-multistrada-v4-da-170-cavalli\/#primaryimage"},"thumbnailUrl":"https:\/\/www.bellunopress.it\/wp-content\/uploads\/2021\/02\/Ducati-Multistrada-2021_edited.jpg","datePublished":"2021-02-24T12:43:58+00:00","dateModified":"2021-02-24T12:43:59+00:00","breadcrumb":{"@id":"https:\/\/www.bellunopress.it\/2021\/02\/24\/alla-tecnosport-di-belluno-la-nuova-ducati-multistrada-v4-da-170-cavalli\/#breadcrumb"},"inLanguage":"fr-FR","potentialAction":[{"@type":"ReadAction","target":["https:\/\/www.bellunopress.it\/2021\/02\/24\/alla-tecnosport-di-belluno-la-nuova-ducati-multistrada-v4-da-170-cavalli\/"]}]},{"@type":"ImageObject","inLanguage":"fr-FR","@id":"https:\/\/www.bellunopress.it\/2021\/02\/24\/alla-tecnosport-di-belluno-la-nuova-ducati-multistrada-v4-da-170-cavalli\/#primaryimage","url":"https:\/\/www.bellunopress.it\/wp-content\/uploads\/2021\/02\/Ducati-Multistrada-2021_edited.jpg","contentUrl":"https:\/\/www.bellunopress.it\/wp-content\/uploads\/2021\/02\/Ducati-Multistrada-2021_edited.jpg","width":1000,"height":619},{"@type":"BreadcrumbList","@id":"https:\/\/www.bellunopress.it\/2021\/02\/24\/alla-tecnosport-di-belluno-la-nuova-ducati-multistrada-v4-da-170-cavalli\/#breadcrumb","itemListElement":[{"@type":"ListItem","position":1,"name":"Home","item":"https:\/\/www.bellunopress.it\/"},{"@type":"ListItem","position":2,"name":"Alla TecnoSport di Belluno la nuova Ducati Multistrada V4 da 170 cavalli"}]},{"@type":"WebSite","@id":"https:\/\/www.bellunopress.it\/#website","url":"https:\/\/www.bellunopress.it\/","name":"Bellunopress - Dolomiti","description":"e-mail: redazione@bellunopress.it","publisher":{"@id":"https:\/\/www.bellunopress.it\/#organization"},"potentialAction":[{"@type":"SearchAction","target":{"@type":"EntryPoint","urlTemplate":"https:\/\/www.bellunopress.it\/?s={search_term_string}"},"query-input":{"@type":"PropertyValueSpecification","valueRequired":true,"valueName":"search_term_string"}}],"inLanguage":"fr-FR"},{"@type":"Organization","@id":"https:\/\/www.bellunopress.it\/#organization","name":"Bellunopress","url":"https:\/\/www.bellunopress.it\/","logo":{"@type":"ImageObject","inLanguage":"fr-FR","@id":"https:\/\/www.bellunopress.it\/#\/schema\/logo\/image\/","url":"https:\/\/www.bellunopress.it\/wp-content\/uploads\/2011\/05\/cropped-logo-bellunopress-.jpg","contentUrl":"https:\/\/www.bellunopress.it\/wp-content\/uploads\/2011\/05\/cropped-logo-bellunopress-.jpg","width":512,"height":512,"caption":"Bellunopress"},"image":{"@id":"https:\/\/www.bellunopress.it\/#\/schema\/logo\/image\/"},"sameAs":["https:\/\/www.facebook.com\/profile.php?id=100008943462799","https:\/\/x.com\/bellunopress","https:\/\/www.linkedin.com\/hp\/?dnr=JBzUWaJfMUw8vbXJJ2tVW5-I3jZKvC4wsoxE&amp;amp;amp;amp;amp;amp;trk=nav_responsive_tab_home","https:\/\/www.youtube.com\/channel\/UCxL0wu1uN0_3_7hGG0306cw"]},{"@type":"Person","@id":"https:\/\/www.bellunopress.it\/#\/schema\/person\/79bb06722b37ece1c03d3e94beb30d73","name":"r\u00e9daction","image":{"@type":"ImageObject","inLanguage":"fr-FR","@id":"https:\/\/secure.gravatar.com\/avatar\/37d968a2e67a6fd04c169c4bdef102d0bc5d31b2546345219e348575eb80e9a0?s=96&d=mm&r=g","url":"https:\/\/secure.gravatar.com\/avatar\/37d968a2e67a6fd04c169c4bdef102d0bc5d31b2546345219e348575eb80e9a0?s=96&d=mm&r=g","contentUrl":"https:\/\/secure.gravatar.com\/avatar\/37d968a2e67a6fd04c169c4bdef102d0bc5d31b2546345219e348575eb80e9a0?s=96&d=mm&r=g","caption":"redazione"},"sameAs":["http:\/\/www.bellunopress.it","https:\/\/x.com\/bellunopress"],"url":"https:\/\/www.bellunopress.it\/fr\/author\/redazione\/"}]}},"_links":{"self":[{"href":"https:\/\/www.bellunopress.it\/fr\/wp-json\/wp\/v2\/posts\/121994","targetHints":{"allow":["GET"]}}],"collection":[{"href":"https:\/\/www.bellunopress.it\/fr\/wp-json\/wp\/v2\/posts"}],"about":[{"href":"https:\/\/www.bellunopress.it\/fr\/wp-json\/wp\/v2\/types\/post"}],"author":[{"embeddable":true,"href":"https:\/\/www.bellunopress.it\/fr\/wp-json\/wp\/v2\/users\/2"}],"replies":[{"embeddable":true,"href":"https:\/\/www.bellunopress.it\/fr\/wp-json\/wp\/v2\/comments?post=121994"}],"version-history":[{"count":2,"href":"https:\/\/www.bellunopress.it\/fr\/wp-json\/wp\/v2\/posts\/121994\/revisions"}],"predecessor-version":[{"id":121997,"href":"https:\/\/www.bellunopress.it\/fr\/wp-json\/wp\/v2\/posts\/121994\/revisions\/121997"}],"wp:featuredmedia":[{"embeddable":true,"href":"https:\/\/www.bellunopress.it\/fr\/wp-json\/wp\/v2\/media\/121995"}],"wp:attachment":[{"href":"https:\/\/www.bellunopress.it\/fr\/wp-json\/wp\/v2\/media?parent=121994"}],"wp:term":[{"taxonomy":"category","embeddable":true,"href":"https:\/\/www.bellunopress.it\/fr\/wp-json\/wp\/v2\/categories?post=121994"},{"taxonomy":"post_tag","embeddable":true,"href":"https:\/\/www.bellunopress.it\/fr\/wp-json\/wp\/v2\/tags?post=121994"}],"curies":[{"name":"wp","href":"https:\/\/api.w.org\/{rel}","templated":true}]}}