{"id":121989,"date":"2021-02-23T22:45:34","date_gmt":"2021-02-23T21:45:34","guid":{"rendered":"http:\/\/www.bellunopress.it\/?p=121989"},"modified":"2021-02-23T22:45:35","modified_gmt":"2021-02-23T21:45:35","slug":"rimozione-detriti-dal-lago-di-santa-croce-bortoluzzi-dovremo-fare-in-fretta-per-garantire-sicurezza-ai-canadair-e-anche-alle-attivita-sportive-e-turistiche","status":"publish","type":"post","link":"https:\/\/www.bellunopress.it\/fr\/2021\/02\/23\/rimozione-detriti-dal-lago-di-santa-croce-bortoluzzi-dovremo-fare-in-fretta-per-garantire-sicurezza-ai-canadair-e-anche-alle-attivita-sportive-e-turistiche\/","title":{"rendered":"Rimozione detriti dal Lago di Santa Croce. Bortoluzzi: \u00abDovremo fare in fretta per garantire sicurezza ai Canadair e anche alle attivit\u00e0 sportive e turistiche\u00bb"},"content":{"rendered":"<p><a href=\"http:\/\/www.bellunopress.it\/fr\/2021\/02\/23\/rimozione-detriti-dal-lago-di-santa-croce-bortoluzzi-dovremo-fare-in-fretta-per-garantire-sicurezza-ai-canadair-e-anche-alle-attivita-sportive-e-turistiche\/detriti-lago-s-croce_edited\/\" rel=\"attachment wp-att-121990\"><img loading=\"lazy\" decoding=\"async\" class=\"alignleft size-full wp-image-121990\" src=\"http:\/\/www.bellunopress.it\/wp-content\/uploads\/2021\/02\/detriti-lago-S-Croce_edited.jpg\" alt=\"\" width=\"1000\" height=\"750\" srcset=\"https:\/\/www.bellunopress.it\/wp-content\/uploads\/2021\/02\/detriti-lago-S-Croce_edited.jpg 1000w, https:\/\/www.bellunopress.it\/wp-content\/uploads\/2021\/02\/detriti-lago-S-Croce_edited-500x375.jpg 500w, https:\/\/www.bellunopress.it\/wp-content\/uploads\/2021\/02\/detriti-lago-S-Croce_edited-696x522.jpg 696w, https:\/\/www.bellunopress.it\/wp-content\/uploads\/2021\/02\/detriti-lago-S-Croce_edited-560x420.jpg 560w, https:\/\/www.bellunopress.it\/wp-content\/uploads\/2021\/02\/detriti-lago-S-Croce_edited-80x60.jpg 80w, https:\/\/www.bellunopress.it\/wp-content\/uploads\/2021\/02\/detriti-lago-S-Croce_edited-265x198.jpg 265w\" sizes=\"auto, (max-width: 1000px) 100vw, 1000px\" \/><\/a>A pochi giorni di distanza dal tavolo tecnico convocato a Palazzo Piloni per la rimozione dei detriti dal lago di Santa Croce, la Provincia ha effettuato ieri pomeriggio un sopralluogo per verificare le zone maggiormente interessate dal problema. Presenti oltre ai tecnici provinciali con il consigliere delegato Massimo Bortoluzzi, anche il Comune di Alpago, Enel, Circolo nautico e bacino di pesca.<\/p>\n<figure id=\"attachment_117122\" aria-describedby=\"caption-attachment-117122\" style=\"width: 787px\" class=\"wp-caption alignleft\"><a href=\"http:\/\/www.bellunopress.it\/fr\/2020\/08\/28\/maltempo-il-consigliere-bortoluzzi-serve-una-pianificazione-territoriale-per-evitare-gli-effetti-collaterali-delle-piogge-torrenziali\/massimo-bortoluzzi-consigliere-provinciale_edited\/\" rel=\"attachment wp-att-117122\"><img loading=\"lazy\" decoding=\"async\" class=\"size-full wp-image-117122\" src=\"http:\/\/www.bellunopress.it\/wp-content\/uploads\/2020\/08\/Massimo-Bortoluzzi-consigliere-provinciale_edited.jpg\" alt=\"\" width=\"787\" height=\"788\" srcset=\"https:\/\/www.bellunopress.it\/wp-content\/uploads\/2020\/08\/Massimo-Bortoluzzi-consigliere-provinciale_edited.jpg 787w, https:\/\/www.bellunopress.it\/wp-content\/uploads\/2020\/08\/Massimo-Bortoluzzi-consigliere-provinciale_edited-500x500.jpg 500w, https:\/\/www.bellunopress.it\/wp-content\/uploads\/2020\/08\/Massimo-Bortoluzzi-consigliere-provinciale_edited-300x300.jpg 300w, https:\/\/www.bellunopress.it\/wp-content\/uploads\/2020\/08\/Massimo-Bortoluzzi-consigliere-provinciale_edited-696x697.jpg 696w, https:\/\/www.bellunopress.it\/wp-content\/uploads\/2020\/08\/Massimo-Bortoluzzi-consigliere-provinciale_edited-419x420.jpg 419w\" sizes=\"auto, (max-width: 787px) 100vw, 787px\" \/><\/a><figcaption id=\"caption-attachment-117122\" class=\"wp-caption-text\">Massimo Bortoluzzi, consigliere provinciale delegato alla Difesa del Suolo e alla Protezione Civile<\/figcaption><\/figure>\n<p>A una prima ricognizione risulta che la maggior parte dei detriti legnosi \u00e8 spiaggiata, in virt\u00f9 del fatto che al momento il lago \u00e8 sceso di livello (con il canale Cellina non in funzione). \u00ab\u00c8 difficile per\u00f2 valutare la presenza di tronchi in zone interne, soprattutto perch\u00e9 in questo periodo cominciano giornate di inversione termica, con vento forte, capace di spostare il materiale legnoso verso il centro del lago &#8211; spiega il consigliere provinciale Bortoluzzi -. Sar\u00e0 nostra cura predisporre un progettino di intervento gi\u00e0 nei prossimi giorni, in modo da individuare i punti di recupero e la gestione ottimale del livello del lago nei giorni in cui potremo cominciare le operazioni: ci sono aree in cui il bacino \u00e8 molto profondo e altre in cui \u00e8 molto basso e paludoso, per cui non sar\u00e0 possibile intervenire dovunque nello stesso modo\u00bb.<\/p>\n<p>Anche le zone in cui oggi i tronchi risultano spiaggiati non sono di facile accesso. \u00abMolte non sono raggiungibili con macchine operatrici &#8211; spiega il consigliere Bortoluzzi -. E non appena rientrer\u00e0 in funzione il Cellina, il lago torner\u00e0 ad alzarsi, spostando cos\u00ec anche il materiale spiaggiato. Dovremo intervenire con una certa urgenza, con l&#8217;obiettivo di rendere il lago sicuro per le operazioni di Protezione Civile e antincendio boschivo &#8211; oggi il lago \u00e8 uno dei pochi in Italia utilizzato per il rifornimento dei Canadair -. E anche per la sicurezza delle attivit\u00e0 sportive e turistiche. Con il sopralluogo di oggi possiamo cominciare la progettazione e pensare gi\u00e0 a un cronoprogramma, in modo da risolvere il problema al pi\u00f9 tardi entro met\u00e0 primavera\u00bb.<\/p>","protected":false},"excerpt":{"rendered":"<p>A pochi giorni di distanza dal tavolo tecnico convocato a Palazzo Piloni per la rimozione dei detriti dal lago di Santa Croce, la Provincia ha effettuato ieri pomeriggio un sopralluogo per verificare le zone maggiormente interessate dal problema. Presenti oltre ai tecnici provinciali con il consigliere delegato Massimo Bortoluzzi, anche il Comune di Alpago, Enel, [&hellip;]<\/p>\n","protected":false},"author":2,"featured_media":121990,"comment_status":"closed","ping_status":"open","sticky":false,"template":"","format":"standard","meta":{"footnotes":""},"categories":[26,8],"tags":[],"class_list":["post-121989","post","type-post","status-publish","format-standard","has-post-thumbnail","category-prima-pagina","category-societa-istituzioni"],"yoast_head":"<!-- This site is optimized with the Yoast SEO plugin v28.4 - https:\/\/yoast.com\/product\/yoast-seo-wordpress\/ -->\n<title>Rimozione detriti dal Lago di Santa Croce. Bortoluzzi: \u00abDovremo fare in fretta per garantire sicurezza ai Canadair e anche alle attivit\u00e0 sportive e turistiche\u00bb - Bellunopress - Dolomiti<\/title>\n<meta name=\"robots\" content=\"index, follow, max-snippet:-1, max-image-preview:large, max-video-preview:-1\" \/>\n<link rel=\"canonical\" href=\"https:\/\/www.bellunopress.it\/fr\/2021\/02\/23\/rimozione-detriti-dal-lago-di-santa-croce-bortoluzzi-dovremo-fare-in-fretta-per-garantire-sicurezza-ai-canadair-e-anche-alle-attivita-sportive-e-turistiche\/\" \/>\n<meta property=\"og:locale\" content=\"fr_FR\" \/>\n<meta property=\"og:type\" content=\"article\" \/>\n<meta property=\"og:title\" content=\"Rimozione detriti dal Lago di Santa Croce. Bortoluzzi: \u00abDovremo fare in fretta per garantire sicurezza ai Canadair e anche alle attivit\u00e0 sportive e turistiche\u00bb - Bellunopress - Dolomiti\" \/>\n<meta property=\"og:description\" content=\"A pochi giorni di distanza dal tavolo tecnico convocato a Palazzo Piloni per la rimozione dei detriti dal lago di Santa Croce, la Provincia ha effettuato ieri pomeriggio un sopralluogo per verificare le zone maggiormente interessate dal problema. Presenti oltre ai tecnici provinciali con il consigliere delegato Massimo Bortoluzzi, anche il Comune di Alpago, Enel, [&hellip;]\" \/>\n<meta property=\"og:url\" content=\"https:\/\/www.bellunopress.it\/fr\/2021\/02\/23\/rimozione-detriti-dal-lago-di-santa-croce-bortoluzzi-dovremo-fare-in-fretta-per-garantire-sicurezza-ai-canadair-e-anche-alle-attivita-sportive-e-turistiche\/\" \/>\n<meta property=\"og:site_name\" content=\"Bellunopress - Dolomiti\" \/>\n<meta property=\"article:publisher\" content=\"https:\/\/www.facebook.com\/profile.php?id=100008943462799\" \/>\n<meta property=\"article:published_time\" content=\"2021-02-23T21:45:34+00:00\" \/>\n<meta property=\"article:modified_time\" content=\"2021-02-23T21:45:35+00:00\" \/>\n<meta property=\"og:image\" content=\"https:\/\/www.bellunopress.it\/wp-content\/uploads\/2021\/02\/detriti-lago-S-Croce_edited.jpg\" \/>\n\t<meta property=\"og:image:width\" content=\"1000\" \/>\n\t<meta property=\"og:image:height\" content=\"750\" \/>\n\t<meta property=\"og:image:type\" content=\"image\/jpeg\" \/>\n<meta name=\"author\" content=\"redazione\" \/>\n<meta name=\"twitter:card\" content=\"summary_large_image\" \/>\n<meta name=\"twitter:creator\" content=\"@bellunopress\" \/>\n<meta name=\"twitter:site\" content=\"@bellunopress\" \/>\n<meta name=\"twitter:label1\" content=\"Written by\" \/>\n\t<meta name=\"twitter:data1\" content=\"redazione\" \/>\n\t<meta name=\"twitter:label2\" content=\"Est. reading time\" \/>\n\t<meta name=\"twitter:data2\" content=\"2 minutes\" \/>\n<script type=\"application\/ld+json\" class=\"yoast-schema-graph\">{\"@context\":\"https:\\\/\\\/schema.org\",\"@graph\":[{\"@type\":\"Article\",\"@id\":\"https:\\\/\\\/www.bellunopress.it\\\/2021\\\/02\\\/23\\\/rimozione-detriti-dal-lago-di-santa-croce-bortoluzzi-dovremo-fare-in-fretta-per-garantire-sicurezza-ai-canadair-e-anche-alle-attivita-sportive-e-turistiche\\\/#article\",\"isPartOf\":{\"@id\":\"https:\\\/\\\/www.bellunopress.it\\\/2021\\\/02\\\/23\\\/rimozione-detriti-dal-lago-di-santa-croce-bortoluzzi-dovremo-fare-in-fretta-per-garantire-sicurezza-ai-canadair-e-anche-alle-attivita-sportive-e-turistiche\\\/\"},\"author\":{\"name\":\"redazione\",\"@id\":\"https:\\\/\\\/www.bellunopress.it\\\/#\\\/schema\\\/person\\\/79bb06722b37ece1c03d3e94beb30d73\"},\"headline\":\"Rimozione detriti dal Lago di Santa Croce. Bortoluzzi: \u00abDovremo fare in fretta per garantire sicurezza ai Canadair e anche alle attivit\u00e0 sportive e turistiche\u00bb\",\"datePublished\":\"2021-02-23T21:45:34+00:00\",\"dateModified\":\"2021-02-23T21:45:35+00:00\",\"mainEntityOfPage\":{\"@id\":\"https:\\\/\\\/www.bellunopress.it\\\/2021\\\/02\\\/23\\\/rimozione-detriti-dal-lago-di-santa-croce-bortoluzzi-dovremo-fare-in-fretta-per-garantire-sicurezza-ai-canadair-e-anche-alle-attivita-sportive-e-turistiche\\\/\"},\"wordCount\":364,\"publisher\":{\"@id\":\"https:\\\/\\\/www.bellunopress.it\\\/#organization\"},\"image\":{\"@id\":\"https:\\\/\\\/www.bellunopress.it\\\/2021\\\/02\\\/23\\\/rimozione-detriti-dal-lago-di-santa-croce-bortoluzzi-dovremo-fare-in-fretta-per-garantire-sicurezza-ai-canadair-e-anche-alle-attivita-sportive-e-turistiche\\\/#primaryimage\"},\"thumbnailUrl\":\"https:\\\/\\\/www.bellunopress.it\\\/wp-content\\\/uploads\\\/2021\\\/02\\\/detriti-lago-S-Croce_edited.jpg\",\"articleSection\":[\"Prima Pagina\",\"Societ\u00e0, Associazioni, Istituzioni\"],\"inLanguage\":\"fr-FR\"},{\"@type\":\"WebPage\",\"@id\":\"https:\\\/\\\/www.bellunopress.it\\\/2021\\\/02\\\/23\\\/rimozione-detriti-dal-lago-di-santa-croce-bortoluzzi-dovremo-fare-in-fretta-per-garantire-sicurezza-ai-canadair-e-anche-alle-attivita-sportive-e-turistiche\\\/\",\"url\":\"https:\\\/\\\/www.bellunopress.it\\\/2021\\\/02\\\/23\\\/rimozione-detriti-dal-lago-di-santa-croce-bortoluzzi-dovremo-fare-in-fretta-per-garantire-sicurezza-ai-canadair-e-anche-alle-attivita-sportive-e-turistiche\\\/\",\"name\":\"Rimozione detriti dal Lago di Santa Croce. Bortoluzzi: \u00abDovremo fare in fretta per garantire sicurezza ai Canadair e anche alle attivit\u00e0 sportive e turistiche\u00bb - Bellunopress - Dolomiti\",\"isPartOf\":{\"@id\":\"https:\\\/\\\/www.bellunopress.it\\\/#website\"},\"primaryImageOfPage\":{\"@id\":\"https:\\\/\\\/www.bellunopress.it\\\/2021\\\/02\\\/23\\\/rimozione-detriti-dal-lago-di-santa-croce-bortoluzzi-dovremo-fare-in-fretta-per-garantire-sicurezza-ai-canadair-e-anche-alle-attivita-sportive-e-turistiche\\\/#primaryimage\"},\"image\":{\"@id\":\"https:\\\/\\\/www.bellunopress.it\\\/2021\\\/02\\\/23\\\/rimozione-detriti-dal-lago-di-santa-croce-bortoluzzi-dovremo-fare-in-fretta-per-garantire-sicurezza-ai-canadair-e-anche-alle-attivita-sportive-e-turistiche\\\/#primaryimage\"},\"thumbnailUrl\":\"https:\\\/\\\/www.bellunopress.it\\\/wp-content\\\/uploads\\\/2021\\\/02\\\/detriti-lago-S-Croce_edited.jpg\",\"datePublished\":\"2021-02-23T21:45:34+00:00\",\"dateModified\":\"2021-02-23T21:45:35+00:00\",\"breadcrumb\":{\"@id\":\"https:\\\/\\\/www.bellunopress.it\\\/2021\\\/02\\\/23\\\/rimozione-detriti-dal-lago-di-santa-croce-bortoluzzi-dovremo-fare-in-fretta-per-garantire-sicurezza-ai-canadair-e-anche-alle-attivita-sportive-e-turistiche\\\/#breadcrumb\"},\"inLanguage\":\"fr-FR\",\"potentialAction\":[{\"@type\":\"ReadAction\",\"target\":[\"https:\\\/\\\/www.bellunopress.it\\\/2021\\\/02\\\/23\\\/rimozione-detriti-dal-lago-di-santa-croce-bortoluzzi-dovremo-fare-in-fretta-per-garantire-sicurezza-ai-canadair-e-anche-alle-attivita-sportive-e-turistiche\\\/\"]}]},{\"@type\":\"ImageObject\",\"inLanguage\":\"fr-FR\",\"@id\":\"https:\\\/\\\/www.bellunopress.it\\\/2021\\\/02\\\/23\\\/rimozione-detriti-dal-lago-di-santa-croce-bortoluzzi-dovremo-fare-in-fretta-per-garantire-sicurezza-ai-canadair-e-anche-alle-attivita-sportive-e-turistiche\\\/#primaryimage\",\"url\":\"https:\\\/\\\/www.bellunopress.it\\\/wp-content\\\/uploads\\\/2021\\\/02\\\/detriti-lago-S-Croce_edited.jpg\",\"contentUrl\":\"https:\\\/\\\/www.bellunopress.it\\\/wp-content\\\/uploads\\\/2021\\\/02\\\/detriti-lago-S-Croce_edited.jpg\",\"width\":1000,\"height\":750},{\"@type\":\"BreadcrumbList\",\"@id\":\"https:\\\/\\\/www.bellunopress.it\\\/2021\\\/02\\\/23\\\/rimozione-detriti-dal-lago-di-santa-croce-bortoluzzi-dovremo-fare-in-fretta-per-garantire-sicurezza-ai-canadair-e-anche-alle-attivita-sportive-e-turistiche\\\/#breadcrumb\",\"itemListElement\":[{\"@type\":\"ListItem\",\"position\":1,\"name\":\"Home\",\"item\":\"https:\\\/\\\/www.bellunopress.it\\\/\"},{\"@type\":\"ListItem\",\"position\":2,\"name\":\"Rimozione detriti dal Lago di Santa Croce. Bortoluzzi: \u00abDovremo fare in fretta per garantire sicurezza ai Canadair e anche alle attivit\u00e0 sportive e turistiche\u00bb\"}]},{\"@type\":\"WebSite\",\"@id\":\"https:\\\/\\\/www.bellunopress.it\\\/#website\",\"url\":\"https:\\\/\\\/www.bellunopress.it\\\/\",\"name\":\"Bellunopress - Dolomiti\",\"description\":\"e-mail: redazione@bellunopress.it\",\"publisher\":{\"@id\":\"https:\\\/\\\/www.bellunopress.it\\\/#organization\"},\"potentialAction\":[{\"@type\":\"SearchAction\",\"target\":{\"@type\":\"EntryPoint\",\"urlTemplate\":\"https:\\\/\\\/www.bellunopress.it\\\/?s={search_term_string}\"},\"query-input\":{\"@type\":\"PropertyValueSpecification\",\"valueRequired\":true,\"valueName\":\"search_term_string\"}}],\"inLanguage\":\"fr-FR\"},{\"@type\":\"Organization\",\"@id\":\"https:\\\/\\\/www.bellunopress.it\\\/#organization\",\"name\":\"Bellunopress\",\"url\":\"https:\\\/\\\/www.bellunopress.it\\\/\",\"logo\":{\"@type\":\"ImageObject\",\"inLanguage\":\"fr-FR\",\"@id\":\"https:\\\/\\\/www.bellunopress.it\\\/#\\\/schema\\\/logo\\\/image\\\/\",\"url\":\"https:\\\/\\\/www.bellunopress.it\\\/wp-content\\\/uploads\\\/2011\\\/05\\\/cropped-logo-bellunopress-.jpg\",\"contentUrl\":\"https:\\\/\\\/www.bellunopress.it\\\/wp-content\\\/uploads\\\/2011\\\/05\\\/cropped-logo-bellunopress-.jpg\",\"width\":512,\"height\":512,\"caption\":\"Bellunopress\"},\"image\":{\"@id\":\"https:\\\/\\\/www.bellunopress.it\\\/#\\\/schema\\\/logo\\\/image\\\/\"},\"sameAs\":[\"https:\\\/\\\/www.facebook.com\\\/profile.php?id=100008943462799\",\"https:\\\/\\\/x.com\\\/bellunopress\",\"https:\\\/\\\/www.linkedin.com\\\/hp\\\/?dnr=JBzUWaJfMUw8vbXJJ2tVW5-I3jZKvC4wsoxE&amp;amp;amp;amp;amp;amp;trk=nav_responsive_tab_home\",\"https:\\\/\\\/www.youtube.com\\\/channel\\\/UCxL0wu1uN0_3_7hGG0306cw\"]},{\"@type\":\"Person\",\"@id\":\"https:\\\/\\\/www.bellunopress.it\\\/#\\\/schema\\\/person\\\/79bb06722b37ece1c03d3e94beb30d73\",\"name\":\"redazione\",\"image\":{\"@type\":\"ImageObject\",\"inLanguage\":\"fr-FR\",\"@id\":\"https:\\\/\\\/secure.gravatar.com\\\/avatar\\\/37d968a2e67a6fd04c169c4bdef102d0bc5d31b2546345219e348575eb80e9a0?s=96&d=mm&r=g\",\"url\":\"https:\\\/\\\/secure.gravatar.com\\\/avatar\\\/37d968a2e67a6fd04c169c4bdef102d0bc5d31b2546345219e348575eb80e9a0?s=96&d=mm&r=g\",\"contentUrl\":\"https:\\\/\\\/secure.gravatar.com\\\/avatar\\\/37d968a2e67a6fd04c169c4bdef102d0bc5d31b2546345219e348575eb80e9a0?s=96&d=mm&r=g\",\"caption\":\"redazione\"},\"sameAs\":[\"http:\\\/\\\/www.bellunopress.it\",\"https:\\\/\\\/x.com\\\/bellunopress\"],\"url\":\"https:\\\/\\\/www.bellunopress.it\\\/fr\\\/author\\\/redazione\\\/\"}]}<\/script>\n<!-- \/ Yoast SEO plugin. -->","yoast_head_json":{"title":"Rimozione detriti dal Lago di Santa Croce. Bortoluzzi: \u00abDovremo fare in fretta per garantire sicurezza ai Canadair e anche alle attivit\u00e0 sportive e turistiche\u00bb - Bellunopress - Dolomiti","robots":{"index":"index","follow":"follow","max-snippet":"max-snippet:-1","max-image-preview":"max-image-preview:large","max-video-preview":"max-video-preview:-1"},"canonical":"https:\/\/www.bellunopress.it\/fr\/2021\/02\/23\/rimozione-detriti-dal-lago-di-santa-croce-bortoluzzi-dovremo-fare-in-fretta-per-garantire-sicurezza-ai-canadair-e-anche-alle-attivita-sportive-e-turistiche\/","og_locale":"fr_FR","og_type":"article","og_title":"Rimozione detriti dal Lago di Santa Croce. Bortoluzzi: \u00abDovremo fare in fretta per garantire sicurezza ai Canadair e anche alle attivit\u00e0 sportive e turistiche\u00bb - Bellunopress - Dolomiti","og_description":"A pochi giorni di distanza dal tavolo tecnico convocato a Palazzo Piloni per la rimozione dei detriti dal lago di Santa Croce, la Provincia ha effettuato ieri pomeriggio un sopralluogo per verificare le zone maggiormente interessate dal problema. Presenti oltre ai tecnici provinciali con il consigliere delegato Massimo Bortoluzzi, anche il Comune di Alpago, Enel, [&hellip;]","og_url":"https:\/\/www.bellunopress.it\/fr\/2021\/02\/23\/rimozione-detriti-dal-lago-di-santa-croce-bortoluzzi-dovremo-fare-in-fretta-per-garantire-sicurezza-ai-canadair-e-anche-alle-attivita-sportive-e-turistiche\/","og_site_name":"Bellunopress - Dolomiti","article_publisher":"https:\/\/www.facebook.com\/profile.php?id=100008943462799","article_published_time":"2021-02-23T21:45:34+00:00","article_modified_time":"2021-02-23T21:45:35+00:00","og_image":[{"width":1000,"height":750,"url":"https:\/\/www.bellunopress.it\/wp-content\/uploads\/2021\/02\/detriti-lago-S-Croce_edited.jpg","type":"image\/jpeg"}],"author":"redazione","twitter_card":"summary_large_image","twitter_creator":"@bellunopress","twitter_site":"@bellunopress","twitter_misc":{"Written by":"redazione","Est. reading time":"2 minutes"},"schema":{"@context":"https:\/\/schema.org","@graph":[{"@type":"Article","@id":"https:\/\/www.bellunopress.it\/2021\/02\/23\/rimozione-detriti-dal-lago-di-santa-croce-bortoluzzi-dovremo-fare-in-fretta-per-garantire-sicurezza-ai-canadair-e-anche-alle-attivita-sportive-e-turistiche\/#article","isPartOf":{"@id":"https:\/\/www.bellunopress.it\/2021\/02\/23\/rimozione-detriti-dal-lago-di-santa-croce-bortoluzzi-dovremo-fare-in-fretta-per-garantire-sicurezza-ai-canadair-e-anche-alle-attivita-sportive-e-turistiche\/"},"author":{"name":"redazione","@id":"https:\/\/www.bellunopress.it\/#\/schema\/person\/79bb06722b37ece1c03d3e94beb30d73"},"headline":"Rimozione detriti dal Lago di Santa Croce. Bortoluzzi: \u00abDovremo fare in fretta per garantire sicurezza ai Canadair e anche alle attivit\u00e0 sportive e turistiche\u00bb","datePublished":"2021-02-23T21:45:34+00:00","dateModified":"2021-02-23T21:45:35+00:00","mainEntityOfPage":{"@id":"https:\/\/www.bellunopress.it\/2021\/02\/23\/rimozione-detriti-dal-lago-di-santa-croce-bortoluzzi-dovremo-fare-in-fretta-per-garantire-sicurezza-ai-canadair-e-anche-alle-attivita-sportive-e-turistiche\/"},"wordCount":364,"publisher":{"@id":"https:\/\/www.bellunopress.it\/#organization"},"image":{"@id":"https:\/\/www.bellunopress.it\/2021\/02\/23\/rimozione-detriti-dal-lago-di-santa-croce-bortoluzzi-dovremo-fare-in-fretta-per-garantire-sicurezza-ai-canadair-e-anche-alle-attivita-sportive-e-turistiche\/#primaryimage"},"thumbnailUrl":"https:\/\/www.bellunopress.it\/wp-content\/uploads\/2021\/02\/detriti-lago-S-Croce_edited.jpg","articleSection":["Prima Pagina","Societ\u00e0, Associazioni, Istituzioni"],"inLanguage":"fr-FR"},{"@type":"WebPage","@id":"https:\/\/www.bellunopress.it\/2021\/02\/23\/rimozione-detriti-dal-lago-di-santa-croce-bortoluzzi-dovremo-fare-in-fretta-per-garantire-sicurezza-ai-canadair-e-anche-alle-attivita-sportive-e-turistiche\/","url":"https:\/\/www.bellunopress.it\/2021\/02\/23\/rimozione-detriti-dal-lago-di-santa-croce-bortoluzzi-dovremo-fare-in-fretta-per-garantire-sicurezza-ai-canadair-e-anche-alle-attivita-sportive-e-turistiche\/","name":"Rimozione detriti dal Lago di Santa Croce. Bortoluzzi: \u00abDovremo fare in fretta per garantire sicurezza ai Canadair e anche alle attivit\u00e0 sportive e turistiche\u00bb - Bellunopress - Dolomiti","isPartOf":{"@id":"https:\/\/www.bellunopress.it\/#website"},"primaryImageOfPage":{"@id":"https:\/\/www.bellunopress.it\/2021\/02\/23\/rimozione-detriti-dal-lago-di-santa-croce-bortoluzzi-dovremo-fare-in-fretta-per-garantire-sicurezza-ai-canadair-e-anche-alle-attivita-sportive-e-turistiche\/#primaryimage"},"image":{"@id":"https:\/\/www.bellunopress.it\/2021\/02\/23\/rimozione-detriti-dal-lago-di-santa-croce-bortoluzzi-dovremo-fare-in-fretta-per-garantire-sicurezza-ai-canadair-e-anche-alle-attivita-sportive-e-turistiche\/#primaryimage"},"thumbnailUrl":"https:\/\/www.bellunopress.it\/wp-content\/uploads\/2021\/02\/detriti-lago-S-Croce_edited.jpg","datePublished":"2021-02-23T21:45:34+00:00","dateModified":"2021-02-23T21:45:35+00:00","breadcrumb":{"@id":"https:\/\/www.bellunopress.it\/2021\/02\/23\/rimozione-detriti-dal-lago-di-santa-croce-bortoluzzi-dovremo-fare-in-fretta-per-garantire-sicurezza-ai-canadair-e-anche-alle-attivita-sportive-e-turistiche\/#breadcrumb"},"inLanguage":"fr-FR","potentialAction":[{"@type":"ReadAction","target":["https:\/\/www.bellunopress.it\/2021\/02\/23\/rimozione-detriti-dal-lago-di-santa-croce-bortoluzzi-dovremo-fare-in-fretta-per-garantire-sicurezza-ai-canadair-e-anche-alle-attivita-sportive-e-turistiche\/"]}]},{"@type":"ImageObject","inLanguage":"fr-FR","@id":"https:\/\/www.bellunopress.it\/2021\/02\/23\/rimozione-detriti-dal-lago-di-santa-croce-bortoluzzi-dovremo-fare-in-fretta-per-garantire-sicurezza-ai-canadair-e-anche-alle-attivita-sportive-e-turistiche\/#primaryimage","url":"https:\/\/www.bellunopress.it\/wp-content\/uploads\/2021\/02\/detriti-lago-S-Croce_edited.jpg","contentUrl":"https:\/\/www.bellunopress.it\/wp-content\/uploads\/2021\/02\/detriti-lago-S-Croce_edited.jpg","width":1000,"height":750},{"@type":"BreadcrumbList","@id":"https:\/\/www.bellunopress.it\/2021\/02\/23\/rimozione-detriti-dal-lago-di-santa-croce-bortoluzzi-dovremo-fare-in-fretta-per-garantire-sicurezza-ai-canadair-e-anche-alle-attivita-sportive-e-turistiche\/#breadcrumb","itemListElement":[{"@type":"ListItem","position":1,"name":"Home","item":"https:\/\/www.bellunopress.it\/"},{"@type":"ListItem","position":2,"name":"Rimozione detriti dal Lago di Santa Croce. Bortoluzzi: \u00abDovremo fare in fretta per garantire sicurezza ai Canadair e anche alle attivit\u00e0 sportive e turistiche\u00bb"}]},{"@type":"WebSite","@id":"https:\/\/www.bellunopress.it\/#website","url":"https:\/\/www.bellunopress.it\/","name":"Bellunopress - Dolomiti","description":"e-mail: redazione@bellunopress.it","publisher":{"@id":"https:\/\/www.bellunopress.it\/#organization"},"potentialAction":[{"@type":"SearchAction","target":{"@type":"EntryPoint","urlTemplate":"https:\/\/www.bellunopress.it\/?s={search_term_string}"},"query-input":{"@type":"PropertyValueSpecification","valueRequired":true,"valueName":"search_term_string"}}],"inLanguage":"fr-FR"},{"@type":"Organization","@id":"https:\/\/www.bellunopress.it\/#organization","name":"Bellunopress","url":"https:\/\/www.bellunopress.it\/","logo":{"@type":"ImageObject","inLanguage":"fr-FR","@id":"https:\/\/www.bellunopress.it\/#\/schema\/logo\/image\/","url":"https:\/\/www.bellunopress.it\/wp-content\/uploads\/2011\/05\/cropped-logo-bellunopress-.jpg","contentUrl":"https:\/\/www.bellunopress.it\/wp-content\/uploads\/2011\/05\/cropped-logo-bellunopress-.jpg","width":512,"height":512,"caption":"Bellunopress"},"image":{"@id":"https:\/\/www.bellunopress.it\/#\/schema\/logo\/image\/"},"sameAs":["https:\/\/www.facebook.com\/profile.php?id=100008943462799","https:\/\/x.com\/bellunopress","https:\/\/www.linkedin.com\/hp\/?dnr=JBzUWaJfMUw8vbXJJ2tVW5-I3jZKvC4wsoxE&amp;amp;amp;amp;amp;amp;trk=nav_responsive_tab_home","https:\/\/www.youtube.com\/channel\/UCxL0wu1uN0_3_7hGG0306cw"]},{"@type":"Person","@id":"https:\/\/www.bellunopress.it\/#\/schema\/person\/79bb06722b37ece1c03d3e94beb30d73","name":"r\u00e9daction","image":{"@type":"ImageObject","inLanguage":"fr-FR","@id":"https:\/\/secure.gravatar.com\/avatar\/37d968a2e67a6fd04c169c4bdef102d0bc5d31b2546345219e348575eb80e9a0?s=96&d=mm&r=g","url":"https:\/\/secure.gravatar.com\/avatar\/37d968a2e67a6fd04c169c4bdef102d0bc5d31b2546345219e348575eb80e9a0?s=96&d=mm&r=g","contentUrl":"https:\/\/secure.gravatar.com\/avatar\/37d968a2e67a6fd04c169c4bdef102d0bc5d31b2546345219e348575eb80e9a0?s=96&d=mm&r=g","caption":"redazione"},"sameAs":["http:\/\/www.bellunopress.it","https:\/\/x.com\/bellunopress"],"url":"https:\/\/www.bellunopress.it\/fr\/author\/redazione\/"}]}},"_links":{"self":[{"href":"https:\/\/www.bellunopress.it\/fr\/wp-json\/wp\/v2\/posts\/121989","targetHints":{"allow":["GET"]}}],"collection":[{"href":"https:\/\/www.bellunopress.it\/fr\/wp-json\/wp\/v2\/posts"}],"about":[{"href":"https:\/\/www.bellunopress.it\/fr\/wp-json\/wp\/v2\/types\/post"}],"author":[{"embeddable":true,"href":"https:\/\/www.bellunopress.it\/fr\/wp-json\/wp\/v2\/users\/2"}],"replies":[{"embeddable":true,"href":"https:\/\/www.bellunopress.it\/fr\/wp-json\/wp\/v2\/comments?post=121989"}],"version-history":[{"count":2,"href":"https:\/\/www.bellunopress.it\/fr\/wp-json\/wp\/v2\/posts\/121989\/revisions"}],"predecessor-version":[{"id":121992,"href":"https:\/\/www.bellunopress.it\/fr\/wp-json\/wp\/v2\/posts\/121989\/revisions\/121992"}],"wp:featuredmedia":[{"embeddable":true,"href":"https:\/\/www.bellunopress.it\/fr\/wp-json\/wp\/v2\/media\/121990"}],"wp:attachment":[{"href":"https:\/\/www.bellunopress.it\/fr\/wp-json\/wp\/v2\/media?parent=121989"}],"wp:term":[{"taxonomy":"category","embeddable":true,"href":"https:\/\/www.bellunopress.it\/fr\/wp-json\/wp\/v2\/categories?post=121989"},{"taxonomy":"post_tag","embeddable":true,"href":"https:\/\/www.bellunopress.it\/fr\/wp-json\/wp\/v2\/tags?post=121989"}],"curies":[{"name":"wp","href":"https:\/\/api.w.org\/{rel}","templated":true}]}}