{"id":121985,"date":"2021-02-23T15:57:14","date_gmt":"2021-02-23T14:57:14","guid":{"rendered":"http:\/\/www.bellunopress.it\/?p=121985"},"modified":"2021-02-23T15:57:16","modified_gmt":"2021-02-23T14:57:16","slug":"un-anno-di-covid-la-testimonianza-del-dottor-scaggiante-e-del-dottor-calabro","status":"publish","type":"post","link":"https:\/\/www.bellunopress.it\/fr\/2021\/02\/23\/un-anno-di-covid-la-testimonianza-del-dottor-scaggiante-e-del-dottor-calabro\/","title":{"rendered":"Un anno di Covid. La testimonianza del dottor Scaggiante e del dottor Calabro"},"content":{"rendered":"<figure id=\"attachment_113109\" aria-describedby=\"caption-attachment-113109\" style=\"width: 602px\" class=\"wp-caption alignleft\"><a href=\"http:\/\/www.bellunopress.it\/fr\/2020\/03\/18\/renzo-scaggiante-nominato-primario-di-malattie-infettive\/renzo-scaggiante-infettivologo\/\" rel=\"attachment wp-att-113109\"><img loading=\"lazy\" decoding=\"async\" class=\"size-full wp-image-113109\" src=\"http:\/\/www.bellunopress.it\/wp-content\/uploads\/2020\/03\/Renzo-Scaggiante-infettivologo.jpg\" alt=\"\" width=\"602\" height=\"800\" srcset=\"https:\/\/www.bellunopress.it\/wp-content\/uploads\/2020\/03\/Renzo-Scaggiante-infettivologo.jpg 602w, https:\/\/www.bellunopress.it\/wp-content\/uploads\/2020\/03\/Renzo-Scaggiante-infettivologo-376x500.jpg 376w, https:\/\/www.bellunopress.it\/wp-content\/uploads\/2020\/03\/Renzo-Scaggiante-infettivologo-316x420.jpg 316w\" sizes=\"auto, (max-width: 602px) 100vw, 602px\" \/><\/a><figcaption id=\"caption-attachment-113109\" class=\"wp-caption-text\">Renzo Scaggiante<\/figcaption><\/figure>\n<p>&#8220;Ricordo molto bene quel venerd\u00ec 21 febbraio 2020, era il mio turno di lavoro dalle 9.00 alle 21.00 presso la Divisione di Malattie Infettive dell\u2019Azienda Ospedaliera di Padova. Sembrava un giorno di lavoro come tanti altri, ma all\u2019improvviso nel pomeriggio, una telefonata, \u00e8 in arrivo dal vicino ospedale di Schiavonia il primo paziente con diagnosi accertata di Covid, era un anziano di Vo\u2019 che di li a poco sarebbe stata la prima vittima italiana della pandemia&#8221;.<\/p>\n<p>Sono le parole del dottor Renzo Scaggiante Direttore Malattie Infettive dell&#8217;Ulss Dolomiti da marzo del 2020.<\/p>\n<p>&#8220;Durante la notte e nei giorni successivi &#8211; prosegue il medico &#8211; le ambulanze si susseguirono fino a riempire in poco tempo tutti i posti letto del reparto, era iniziata la pandemia, quello che fino al quel momento vedevamo solo nei notiziari era arrivato.<\/p>\n<p>Molti sono stati i momenti di sconforto, all\u2019inizio nessuno sapeva quale fosse il migliore approccio terapeutico, gli stessi organi internazionali diramavano indicazioni in continuo cambiamento e poi la impossibilit\u00e0 per i familiari, quasi sempre in isolamento domiciliare, nel poter assistere o per lo meno vedere i propri cari, una situazione di impotenza davanti ad una cosa che nessuno immaginava potesse succedere.<\/p>\n<p>Con il tempo e le iniziali terapie efficaci ci sono state le prime dimissioni di persone guarite, persone che arrivavano gravi in terapia intensiva e che ne uscivano migliorate, fino a poter riabbracciare i propri cari, momenti di sconforto per chi non riusciva a farcela e momenti di gioia per chi poteva finalmente ritornare a casa, l\u2019ottimismo della scorsa estate quando quasi tutti i reparti covid sono stati chiusi ed il risveglio autunnale con l\u2019inizio di una nuova fase epidemica.<\/p>\n<p>Dobbiamo imparare, ma forse bastava guardare la storia (la peste a Venezia nel 1630, la spagnola del 1915), che le epidemie e le pandemie sono sempre esistite &#8211; conclude Scaggiante &#8211; e ciclicamente si ripresentano&#8221;.<\/p>\n<figure id=\"attachment_121986\" aria-describedby=\"caption-attachment-121986\" style=\"width: 640px\" class=\"wp-caption alignleft\"><a href=\"http:\/\/www.bellunopress.it\/fr\/2021\/02\/23\/un-anno-di-covid-la-testimonianza-del-dottor-scaggiante-e-del-dottor-calabro\/stefano-calabro_edited\/\" rel=\"attachment wp-att-121986\"><img loading=\"lazy\" decoding=\"async\" class=\"size-full wp-image-121986\" src=\"http:\/\/www.bellunopress.it\/wp-content\/uploads\/2021\/02\/Stefano-calabro_edited.jpg\" alt=\"\" width=\"640\" height=\"523\" srcset=\"https:\/\/www.bellunopress.it\/wp-content\/uploads\/2021\/02\/Stefano-calabro_edited.jpg 640w, https:\/\/www.bellunopress.it\/wp-content\/uploads\/2021\/02\/Stefano-calabro_edited-500x409.jpg 500w, https:\/\/www.bellunopress.it\/wp-content\/uploads\/2021\/02\/Stefano-calabro_edited-514x420.jpg 514w\" sizes=\"auto, (max-width: 640px) 100vw, 640px\" \/><\/a><figcaption id=\"caption-attachment-121986\" class=\"wp-caption-text\">Il dottor Stefano Calabro e il suo staff<\/figcaption><\/figure>\n<p>&#8220;\u00c8 stato un anno impegnativo. Il Covid-19 ha determinato rilevanti problemi sanitari, che hanno coinvolto, anche dolorosamente, molte persone&#8221;.<\/p>\n<p>Lo dichiara Stefano Calabro, direttore della Pneumologia di Feltre.<\/p>\n<p>&#8220;Successivamente si sono aggiunte le importanti conseguenze economiche, che a tutt\u2019oggi permangono e non dimentichiamo i rilevanti secondari impatti psicologici, che hanno coinvolto soprattutto, ma non solo, i giovani.<br \/>\nIl problema purtroppo permane &#8211; prosegue il dottor Calabro &#8211; ed ora dobbiamo anche affrontare le varianti del virus, ma con responsabilit\u00e0, resilienza ed impegno collettivo ritengo ne potremo senz\u2019altro uscire.<br \/>\nCerto occorre che tutti facciano la propria parte; mi riferisco al mantenimento del distanziamento fisico, quando necessario, all\u2019utilizzo delle mascherine e ovviamente all\u2019adesione alla vaccinazione anti-SARS-CoV-2\/COVID-19.<\/p>\n<p>Il sistema sanitario in questa fase, rispetto all\u2019inizio della pandemia, \u00e8 ben strutturato ed operativo; anche questo \u00e8 un elemento importante che ci fa essere cautamente ottimisti.<br \/>\nLa prima fase della pandemia \u00e8 stata difficile e molto impegnativa.<br \/>\nE\u2019 stato subito organizzato un percorso per il paziente COVID-19, che partendo dal Pronto Soccorso si articolava fino alla Terapia Intensiva.<br \/>\nIn breve tempo abbiamo convertito la nostra Unit\u00e0 operativa di Pneumologia a Centro per l\u2019assistenza ai pazienti con COVID-19, come da indirizzo regionale.<br \/>\nIn seguito nell\u2019Ospedale di Feltre si sono identificate aree di degenza diversificate in base alla gravit\u00e0 clinica dei pazienti con COVID-19.<br \/>\nMolti medici ed infermieri dell\u2019area medica e anche chirurgica dell\u2019ospedale hanno collaborato per rendere possibile un\u2019assistenza diversificata per questi pazienti.<br \/>\nNoi, come pneumologi, abbiamo assistito i casi gravi che richiedevano anche ventilazione meccanica non invasiva.<br \/>\nDevo ringraziare i medici, gli infermieri e gli operatori socio-sanitari della Pneumologia per il costante impegno assistenziale, che continuano a garantire con professionalit\u00e0 e umanit\u00e0.<\/p>\n<p><em>Quale \u00e8 stata la soddisfazione pi\u00f9 grande?<\/em><br \/>\nCome direttore la soddisfazione pi\u00f9 grande \u00e8 stata verificare la capacit\u00e0 di risposta positiva della mia azienda socio-sanitaria e della mia struttura ad un improvviso stato emergenziale.<br \/>\nAltra soddisfazione \u00e8 l\u2019aver constatato la vicinanza della popolazione.<br \/>\nSapevamo che fuori l\u2019ospedale eravamo sostenuti; questo \u00e8 stato importante nella prima fase, che \u00e8 stata difficile e impegnativa.<br \/>\nSostegno che si \u00e8 anche concretizzato con donazioni di apparecchi medicali. La popolazione ha espresso in questo periodo un chiaro sostegno a chi opera nel sistema sanitario sia ospedaliero, sia territoriale. \u00c8 un segnale che ci ha aiutato molto.<br \/>\nPer me &#8211; conclude Calabro &#8211; che credo fortemente nel ruolo della assistenza sanitaria pubblica e del suo necessario legame con il territorio, questo \u00e8 un aspetto molto importante.<\/p>\n<p>&nbsp;<\/p>\n<p>&nbsp;<\/p>\n<p>&nbsp;<\/p>","protected":false},"excerpt":{"rendered":"<p>&#8220;Ricordo molto bene quel venerd\u00ec 21 febbraio 2020, era il mio turno di lavoro dalle 9.00 alle 21.00 presso la Divisione di Malattie Infettive dell\u2019Azienda Ospedaliera di Padova. Sembrava un giorno di lavoro come tanti altri, ma all\u2019improvviso nel pomeriggio, una telefonata, \u00e8 in arrivo dal vicino ospedale di Schiavonia il primo paziente con diagnosi [&hellip;]<\/p>\n","protected":false},"author":2,"featured_media":121986,"comment_status":"closed","ping_status":"open","sticky":false,"template":"","format":"standard","meta":{"footnotes":""},"categories":[26,17],"tags":[],"class_list":["post-121985","post","type-post","status-publish","format-standard","has-post-thumbnail","category-prima-pagina","category-sanita"],"yoast_head":"<!-- This site is optimized with the Yoast SEO plugin v28.4 - https:\/\/yoast.com\/product\/yoast-seo-wordpress\/ -->\n<title>Un anno di Covid. La testimonianza del dottor Scaggiante e del dottor Calabro - Bellunopress - Dolomiti<\/title>\n<meta name=\"robots\" content=\"index, follow, max-snippet:-1, max-image-preview:large, max-video-preview:-1\" \/>\n<link rel=\"canonical\" href=\"https:\/\/www.bellunopress.it\/fr\/2021\/02\/23\/un-anno-di-covid-la-testimonianza-del-dottor-scaggiante-e-del-dottor-calabro\/\" \/>\n<meta property=\"og:locale\" content=\"fr_FR\" \/>\n<meta property=\"og:type\" content=\"article\" \/>\n<meta property=\"og:title\" content=\"Un anno di Covid. La testimonianza del dottor Scaggiante e del dottor Calabro - Bellunopress - Dolomiti\" \/>\n<meta property=\"og:description\" content=\"&#8220;Ricordo molto bene quel venerd\u00ec 21 febbraio 2020, era il mio turno di lavoro dalle 9.00 alle 21.00 presso la Divisione di Malattie Infettive dell\u2019Azienda Ospedaliera di Padova. Sembrava un giorno di lavoro come tanti altri, ma all\u2019improvviso nel pomeriggio, una telefonata, \u00e8 in arrivo dal vicino ospedale di Schiavonia il primo paziente con diagnosi [&hellip;]\" \/>\n<meta property=\"og:url\" content=\"https:\/\/www.bellunopress.it\/fr\/2021\/02\/23\/un-anno-di-covid-la-testimonianza-del-dottor-scaggiante-e-del-dottor-calabro\/\" \/>\n<meta property=\"og:site_name\" content=\"Bellunopress - Dolomiti\" \/>\n<meta property=\"article:publisher\" content=\"https:\/\/www.facebook.com\/profile.php?id=100008943462799\" \/>\n<meta property=\"article:published_time\" content=\"2021-02-23T14:57:14+00:00\" \/>\n<meta property=\"article:modified_time\" content=\"2021-02-23T14:57:16+00:00\" \/>\n<meta property=\"og:image\" content=\"https:\/\/www.bellunopress.it\/wp-content\/uploads\/2021\/02\/Stefano-calabro_edited.jpg\" \/>\n\t<meta property=\"og:image:width\" content=\"640\" \/>\n\t<meta property=\"og:image:height\" content=\"523\" \/>\n\t<meta property=\"og:image:type\" content=\"image\/jpeg\" \/>\n<meta name=\"author\" content=\"redazione\" \/>\n<meta name=\"twitter:card\" content=\"summary_large_image\" \/>\n<meta name=\"twitter:creator\" content=\"@bellunopress\" \/>\n<meta name=\"twitter:site\" content=\"@bellunopress\" \/>\n<meta name=\"twitter:label1\" content=\"Written by\" \/>\n\t<meta name=\"twitter:data1\" content=\"redazione\" \/>\n\t<meta name=\"twitter:label2\" content=\"Est. reading time\" \/>\n\t<meta name=\"twitter:data2\" content=\"4 minutes\" \/>\n<script type=\"application\/ld+json\" class=\"yoast-schema-graph\">{\"@context\":\"https:\\\/\\\/schema.org\",\"@graph\":[{\"@type\":\"Article\",\"@id\":\"https:\\\/\\\/www.bellunopress.it\\\/2021\\\/02\\\/23\\\/un-anno-di-covid-la-testimonianza-del-dottor-scaggiante-e-del-dottor-calabro\\\/#article\",\"isPartOf\":{\"@id\":\"https:\\\/\\\/www.bellunopress.it\\\/2021\\\/02\\\/23\\\/un-anno-di-covid-la-testimonianza-del-dottor-scaggiante-e-del-dottor-calabro\\\/\"},\"author\":{\"name\":\"redazione\",\"@id\":\"https:\\\/\\\/www.bellunopress.it\\\/#\\\/schema\\\/person\\\/79bb06722b37ece1c03d3e94beb30d73\"},\"headline\":\"Un anno di Covid. La testimonianza del dottor Scaggiante e del dottor Calabro\",\"datePublished\":\"2021-02-23T14:57:14+00:00\",\"dateModified\":\"2021-02-23T14:57:16+00:00\",\"mainEntityOfPage\":{\"@id\":\"https:\\\/\\\/www.bellunopress.it\\\/2021\\\/02\\\/23\\\/un-anno-di-covid-la-testimonianza-del-dottor-scaggiante-e-del-dottor-calabro\\\/\"},\"wordCount\":758,\"publisher\":{\"@id\":\"https:\\\/\\\/www.bellunopress.it\\\/#organization\"},\"image\":{\"@id\":\"https:\\\/\\\/www.bellunopress.it\\\/2021\\\/02\\\/23\\\/un-anno-di-covid-la-testimonianza-del-dottor-scaggiante-e-del-dottor-calabro\\\/#primaryimage\"},\"thumbnailUrl\":\"https:\\\/\\\/www.bellunopress.it\\\/wp-content\\\/uploads\\\/2021\\\/02\\\/Stefano-calabro_edited.jpg\",\"articleSection\":[\"Prima Pagina\",\"Sanit\u00e0 Medicina\"],\"inLanguage\":\"fr-FR\"},{\"@type\":\"WebPage\",\"@id\":\"https:\\\/\\\/www.bellunopress.it\\\/2021\\\/02\\\/23\\\/un-anno-di-covid-la-testimonianza-del-dottor-scaggiante-e-del-dottor-calabro\\\/\",\"url\":\"https:\\\/\\\/www.bellunopress.it\\\/2021\\\/02\\\/23\\\/un-anno-di-covid-la-testimonianza-del-dottor-scaggiante-e-del-dottor-calabro\\\/\",\"name\":\"Un anno di Covid. La testimonianza del dottor Scaggiante e del dottor Calabro - Bellunopress - Dolomiti\",\"isPartOf\":{\"@id\":\"https:\\\/\\\/www.bellunopress.it\\\/#website\"},\"primaryImageOfPage\":{\"@id\":\"https:\\\/\\\/www.bellunopress.it\\\/2021\\\/02\\\/23\\\/un-anno-di-covid-la-testimonianza-del-dottor-scaggiante-e-del-dottor-calabro\\\/#primaryimage\"},\"image\":{\"@id\":\"https:\\\/\\\/www.bellunopress.it\\\/2021\\\/02\\\/23\\\/un-anno-di-covid-la-testimonianza-del-dottor-scaggiante-e-del-dottor-calabro\\\/#primaryimage\"},\"thumbnailUrl\":\"https:\\\/\\\/www.bellunopress.it\\\/wp-content\\\/uploads\\\/2021\\\/02\\\/Stefano-calabro_edited.jpg\",\"datePublished\":\"2021-02-23T14:57:14+00:00\",\"dateModified\":\"2021-02-23T14:57:16+00:00\",\"breadcrumb\":{\"@id\":\"https:\\\/\\\/www.bellunopress.it\\\/2021\\\/02\\\/23\\\/un-anno-di-covid-la-testimonianza-del-dottor-scaggiante-e-del-dottor-calabro\\\/#breadcrumb\"},\"inLanguage\":\"fr-FR\",\"potentialAction\":[{\"@type\":\"ReadAction\",\"target\":[\"https:\\\/\\\/www.bellunopress.it\\\/2021\\\/02\\\/23\\\/un-anno-di-covid-la-testimonianza-del-dottor-scaggiante-e-del-dottor-calabro\\\/\"]}]},{\"@type\":\"ImageObject\",\"inLanguage\":\"fr-FR\",\"@id\":\"https:\\\/\\\/www.bellunopress.it\\\/2021\\\/02\\\/23\\\/un-anno-di-covid-la-testimonianza-del-dottor-scaggiante-e-del-dottor-calabro\\\/#primaryimage\",\"url\":\"https:\\\/\\\/www.bellunopress.it\\\/wp-content\\\/uploads\\\/2021\\\/02\\\/Stefano-calabro_edited.jpg\",\"contentUrl\":\"https:\\\/\\\/www.bellunopress.it\\\/wp-content\\\/uploads\\\/2021\\\/02\\\/Stefano-calabro_edited.jpg\",\"width\":640,\"height\":523,\"caption\":\"Il dottor Stefano Calabro e il suo staff\"},{\"@type\":\"BreadcrumbList\",\"@id\":\"https:\\\/\\\/www.bellunopress.it\\\/2021\\\/02\\\/23\\\/un-anno-di-covid-la-testimonianza-del-dottor-scaggiante-e-del-dottor-calabro\\\/#breadcrumb\",\"itemListElement\":[{\"@type\":\"ListItem\",\"position\":1,\"name\":\"Home\",\"item\":\"https:\\\/\\\/www.bellunopress.it\\\/\"},{\"@type\":\"ListItem\",\"position\":2,\"name\":\"Un anno di Covid. La testimonianza del dottor Scaggiante e del dottor Calabro\"}]},{\"@type\":\"WebSite\",\"@id\":\"https:\\\/\\\/www.bellunopress.it\\\/#website\",\"url\":\"https:\\\/\\\/www.bellunopress.it\\\/\",\"name\":\"Bellunopress - Dolomiti\",\"description\":\"e-mail: redazione@bellunopress.it\",\"publisher\":{\"@id\":\"https:\\\/\\\/www.bellunopress.it\\\/#organization\"},\"potentialAction\":[{\"@type\":\"SearchAction\",\"target\":{\"@type\":\"EntryPoint\",\"urlTemplate\":\"https:\\\/\\\/www.bellunopress.it\\\/?s={search_term_string}\"},\"query-input\":{\"@type\":\"PropertyValueSpecification\",\"valueRequired\":true,\"valueName\":\"search_term_string\"}}],\"inLanguage\":\"fr-FR\"},{\"@type\":\"Organization\",\"@id\":\"https:\\\/\\\/www.bellunopress.it\\\/#organization\",\"name\":\"Bellunopress\",\"url\":\"https:\\\/\\\/www.bellunopress.it\\\/\",\"logo\":{\"@type\":\"ImageObject\",\"inLanguage\":\"fr-FR\",\"@id\":\"https:\\\/\\\/www.bellunopress.it\\\/#\\\/schema\\\/logo\\\/image\\\/\",\"url\":\"https:\\\/\\\/www.bellunopress.it\\\/wp-content\\\/uploads\\\/2011\\\/05\\\/cropped-logo-bellunopress-.jpg\",\"contentUrl\":\"https:\\\/\\\/www.bellunopress.it\\\/wp-content\\\/uploads\\\/2011\\\/05\\\/cropped-logo-bellunopress-.jpg\",\"width\":512,\"height\":512,\"caption\":\"Bellunopress\"},\"image\":{\"@id\":\"https:\\\/\\\/www.bellunopress.it\\\/#\\\/schema\\\/logo\\\/image\\\/\"},\"sameAs\":[\"https:\\\/\\\/www.facebook.com\\\/profile.php?id=100008943462799\",\"https:\\\/\\\/x.com\\\/bellunopress\",\"https:\\\/\\\/www.linkedin.com\\\/hp\\\/?dnr=JBzUWaJfMUw8vbXJJ2tVW5-I3jZKvC4wsoxE&amp;amp;amp;amp;amp;amp;trk=nav_responsive_tab_home\",\"https:\\\/\\\/www.youtube.com\\\/channel\\\/UCxL0wu1uN0_3_7hGG0306cw\"]},{\"@type\":\"Person\",\"@id\":\"https:\\\/\\\/www.bellunopress.it\\\/#\\\/schema\\\/person\\\/79bb06722b37ece1c03d3e94beb30d73\",\"name\":\"redazione\",\"image\":{\"@type\":\"ImageObject\",\"inLanguage\":\"fr-FR\",\"@id\":\"https:\\\/\\\/secure.gravatar.com\\\/avatar\\\/37d968a2e67a6fd04c169c4bdef102d0bc5d31b2546345219e348575eb80e9a0?s=96&d=mm&r=g\",\"url\":\"https:\\\/\\\/secure.gravatar.com\\\/avatar\\\/37d968a2e67a6fd04c169c4bdef102d0bc5d31b2546345219e348575eb80e9a0?s=96&d=mm&r=g\",\"contentUrl\":\"https:\\\/\\\/secure.gravatar.com\\\/avatar\\\/37d968a2e67a6fd04c169c4bdef102d0bc5d31b2546345219e348575eb80e9a0?s=96&d=mm&r=g\",\"caption\":\"redazione\"},\"sameAs\":[\"http:\\\/\\\/www.bellunopress.it\",\"https:\\\/\\\/x.com\\\/bellunopress\"],\"url\":\"https:\\\/\\\/www.bellunopress.it\\\/fr\\\/author\\\/redazione\\\/\"}]}<\/script>\n<!-- \/ Yoast SEO plugin. -->","yoast_head_json":{"title":"Un anno di Covid. La testimonianza del dottor Scaggiante e del dottor Calabro - Bellunopress - Dolomiti","robots":{"index":"index","follow":"follow","max-snippet":"max-snippet:-1","max-image-preview":"max-image-preview:large","max-video-preview":"max-video-preview:-1"},"canonical":"https:\/\/www.bellunopress.it\/fr\/2021\/02\/23\/un-anno-di-covid-la-testimonianza-del-dottor-scaggiante-e-del-dottor-calabro\/","og_locale":"fr_FR","og_type":"article","og_title":"Un anno di Covid. La testimonianza del dottor Scaggiante e del dottor Calabro - Bellunopress - Dolomiti","og_description":"&#8220;Ricordo molto bene quel venerd\u00ec 21 febbraio 2020, era il mio turno di lavoro dalle 9.00 alle 21.00 presso la Divisione di Malattie Infettive dell\u2019Azienda Ospedaliera di Padova. Sembrava un giorno di lavoro come tanti altri, ma all\u2019improvviso nel pomeriggio, una telefonata, \u00e8 in arrivo dal vicino ospedale di Schiavonia il primo paziente con diagnosi [&hellip;]","og_url":"https:\/\/www.bellunopress.it\/fr\/2021\/02\/23\/un-anno-di-covid-la-testimonianza-del-dottor-scaggiante-e-del-dottor-calabro\/","og_site_name":"Bellunopress - Dolomiti","article_publisher":"https:\/\/www.facebook.com\/profile.php?id=100008943462799","article_published_time":"2021-02-23T14:57:14+00:00","article_modified_time":"2021-02-23T14:57:16+00:00","og_image":[{"width":640,"height":523,"url":"https:\/\/www.bellunopress.it\/wp-content\/uploads\/2021\/02\/Stefano-calabro_edited.jpg","type":"image\/jpeg"}],"author":"redazione","twitter_card":"summary_large_image","twitter_creator":"@bellunopress","twitter_site":"@bellunopress","twitter_misc":{"Written by":"redazione","Est. reading time":"4 minutes"},"schema":{"@context":"https:\/\/schema.org","@graph":[{"@type":"Article","@id":"https:\/\/www.bellunopress.it\/2021\/02\/23\/un-anno-di-covid-la-testimonianza-del-dottor-scaggiante-e-del-dottor-calabro\/#article","isPartOf":{"@id":"https:\/\/www.bellunopress.it\/2021\/02\/23\/un-anno-di-covid-la-testimonianza-del-dottor-scaggiante-e-del-dottor-calabro\/"},"author":{"name":"redazione","@id":"https:\/\/www.bellunopress.it\/#\/schema\/person\/79bb06722b37ece1c03d3e94beb30d73"},"headline":"Un anno di Covid. La testimonianza del dottor Scaggiante e del dottor Calabro","datePublished":"2021-02-23T14:57:14+00:00","dateModified":"2021-02-23T14:57:16+00:00","mainEntityOfPage":{"@id":"https:\/\/www.bellunopress.it\/2021\/02\/23\/un-anno-di-covid-la-testimonianza-del-dottor-scaggiante-e-del-dottor-calabro\/"},"wordCount":758,"publisher":{"@id":"https:\/\/www.bellunopress.it\/#organization"},"image":{"@id":"https:\/\/www.bellunopress.it\/2021\/02\/23\/un-anno-di-covid-la-testimonianza-del-dottor-scaggiante-e-del-dottor-calabro\/#primaryimage"},"thumbnailUrl":"https:\/\/www.bellunopress.it\/wp-content\/uploads\/2021\/02\/Stefano-calabro_edited.jpg","articleSection":["Prima Pagina","Sanit\u00e0 Medicina"],"inLanguage":"fr-FR"},{"@type":"WebPage","@id":"https:\/\/www.bellunopress.it\/2021\/02\/23\/un-anno-di-covid-la-testimonianza-del-dottor-scaggiante-e-del-dottor-calabro\/","url":"https:\/\/www.bellunopress.it\/2021\/02\/23\/un-anno-di-covid-la-testimonianza-del-dottor-scaggiante-e-del-dottor-calabro\/","name":"Un anno di Covid. La testimonianza del dottor Scaggiante e del dottor Calabro - Bellunopress - Dolomiti","isPartOf":{"@id":"https:\/\/www.bellunopress.it\/#website"},"primaryImageOfPage":{"@id":"https:\/\/www.bellunopress.it\/2021\/02\/23\/un-anno-di-covid-la-testimonianza-del-dottor-scaggiante-e-del-dottor-calabro\/#primaryimage"},"image":{"@id":"https:\/\/www.bellunopress.it\/2021\/02\/23\/un-anno-di-covid-la-testimonianza-del-dottor-scaggiante-e-del-dottor-calabro\/#primaryimage"},"thumbnailUrl":"https:\/\/www.bellunopress.it\/wp-content\/uploads\/2021\/02\/Stefano-calabro_edited.jpg","datePublished":"2021-02-23T14:57:14+00:00","dateModified":"2021-02-23T14:57:16+00:00","breadcrumb":{"@id":"https:\/\/www.bellunopress.it\/2021\/02\/23\/un-anno-di-covid-la-testimonianza-del-dottor-scaggiante-e-del-dottor-calabro\/#breadcrumb"},"inLanguage":"fr-FR","potentialAction":[{"@type":"ReadAction","target":["https:\/\/www.bellunopress.it\/2021\/02\/23\/un-anno-di-covid-la-testimonianza-del-dottor-scaggiante-e-del-dottor-calabro\/"]}]},{"@type":"ImageObject","inLanguage":"fr-FR","@id":"https:\/\/www.bellunopress.it\/2021\/02\/23\/un-anno-di-covid-la-testimonianza-del-dottor-scaggiante-e-del-dottor-calabro\/#primaryimage","url":"https:\/\/www.bellunopress.it\/wp-content\/uploads\/2021\/02\/Stefano-calabro_edited.jpg","contentUrl":"https:\/\/www.bellunopress.it\/wp-content\/uploads\/2021\/02\/Stefano-calabro_edited.jpg","width":640,"height":523,"caption":"Il dottor Stefano Calabro e il suo staff"},{"@type":"BreadcrumbList","@id":"https:\/\/www.bellunopress.it\/2021\/02\/23\/un-anno-di-covid-la-testimonianza-del-dottor-scaggiante-e-del-dottor-calabro\/#breadcrumb","itemListElement":[{"@type":"ListItem","position":1,"name":"Home","item":"https:\/\/www.bellunopress.it\/"},{"@type":"ListItem","position":2,"name":"Un anno di Covid. La testimonianza del dottor Scaggiante e del dottor Calabro"}]},{"@type":"WebSite","@id":"https:\/\/www.bellunopress.it\/#website","url":"https:\/\/www.bellunopress.it\/","name":"Bellunopress - Dolomiti","description":"e-mail: redazione@bellunopress.it","publisher":{"@id":"https:\/\/www.bellunopress.it\/#organization"},"potentialAction":[{"@type":"SearchAction","target":{"@type":"EntryPoint","urlTemplate":"https:\/\/www.bellunopress.it\/?s={search_term_string}"},"query-input":{"@type":"PropertyValueSpecification","valueRequired":true,"valueName":"search_term_string"}}],"inLanguage":"fr-FR"},{"@type":"Organization","@id":"https:\/\/www.bellunopress.it\/#organization","name":"Bellunopress","url":"https:\/\/www.bellunopress.it\/","logo":{"@type":"ImageObject","inLanguage":"fr-FR","@id":"https:\/\/www.bellunopress.it\/#\/schema\/logo\/image\/","url":"https:\/\/www.bellunopress.it\/wp-content\/uploads\/2011\/05\/cropped-logo-bellunopress-.jpg","contentUrl":"https:\/\/www.bellunopress.it\/wp-content\/uploads\/2011\/05\/cropped-logo-bellunopress-.jpg","width":512,"height":512,"caption":"Bellunopress"},"image":{"@id":"https:\/\/www.bellunopress.it\/#\/schema\/logo\/image\/"},"sameAs":["https:\/\/www.facebook.com\/profile.php?id=100008943462799","https:\/\/x.com\/bellunopress","https:\/\/www.linkedin.com\/hp\/?dnr=JBzUWaJfMUw8vbXJJ2tVW5-I3jZKvC4wsoxE&amp;amp;amp;amp;amp;amp;trk=nav_responsive_tab_home","https:\/\/www.youtube.com\/channel\/UCxL0wu1uN0_3_7hGG0306cw"]},{"@type":"Person","@id":"https:\/\/www.bellunopress.it\/#\/schema\/person\/79bb06722b37ece1c03d3e94beb30d73","name":"r\u00e9daction","image":{"@type":"ImageObject","inLanguage":"fr-FR","@id":"https:\/\/secure.gravatar.com\/avatar\/37d968a2e67a6fd04c169c4bdef102d0bc5d31b2546345219e348575eb80e9a0?s=96&d=mm&r=g","url":"https:\/\/secure.gravatar.com\/avatar\/37d968a2e67a6fd04c169c4bdef102d0bc5d31b2546345219e348575eb80e9a0?s=96&d=mm&r=g","contentUrl":"https:\/\/secure.gravatar.com\/avatar\/37d968a2e67a6fd04c169c4bdef102d0bc5d31b2546345219e348575eb80e9a0?s=96&d=mm&r=g","caption":"redazione"},"sameAs":["http:\/\/www.bellunopress.it","https:\/\/x.com\/bellunopress"],"url":"https:\/\/www.bellunopress.it\/fr\/author\/redazione\/"}]}},"_links":{"self":[{"href":"https:\/\/www.bellunopress.it\/fr\/wp-json\/wp\/v2\/posts\/121985","targetHints":{"allow":["GET"]}}],"collection":[{"href":"https:\/\/www.bellunopress.it\/fr\/wp-json\/wp\/v2\/posts"}],"about":[{"href":"https:\/\/www.bellunopress.it\/fr\/wp-json\/wp\/v2\/types\/post"}],"author":[{"embeddable":true,"href":"https:\/\/www.bellunopress.it\/fr\/wp-json\/wp\/v2\/users\/2"}],"replies":[{"embeddable":true,"href":"https:\/\/www.bellunopress.it\/fr\/wp-json\/wp\/v2\/comments?post=121985"}],"version-history":[{"count":2,"href":"https:\/\/www.bellunopress.it\/fr\/wp-json\/wp\/v2\/posts\/121985\/revisions"}],"predecessor-version":[{"id":121988,"href":"https:\/\/www.bellunopress.it\/fr\/wp-json\/wp\/v2\/posts\/121985\/revisions\/121988"}],"wp:featuredmedia":[{"embeddable":true,"href":"https:\/\/www.bellunopress.it\/fr\/wp-json\/wp\/v2\/media\/121986"}],"wp:attachment":[{"href":"https:\/\/www.bellunopress.it\/fr\/wp-json\/wp\/v2\/media?parent=121985"}],"wp:term":[{"taxonomy":"category","embeddable":true,"href":"https:\/\/www.bellunopress.it\/fr\/wp-json\/wp\/v2\/categories?post=121985"},{"taxonomy":"post_tag","embeddable":true,"href":"https:\/\/www.bellunopress.it\/fr\/wp-json\/wp\/v2\/tags?post=121985"}],"curies":[{"name":"wp","href":"https:\/\/api.w.org\/{rel}","templated":true}]}}