{"id":121979,"date":"2021-02-23T14:33:30","date_gmt":"2021-02-23T13:33:30","guid":{"rendered":"http:\/\/www.bellunopress.it\/?p=121979"},"modified":"2021-02-23T14:33:30","modified_gmt":"2021-02-23T13:33:30","slug":"questo-fine-settimana-torna-a-cortina-litalia-polo-challenge","status":"publish","type":"post","link":"https:\/\/www.bellunopress.it\/fr\/2021\/02\/23\/questo-fine-settimana-torna-a-cortina-litalia-polo-challenge\/","title":{"rendered":"Questo fine settimana torna a Cortina l&#8217;Italia Polo Challenge"},"content":{"rendered":"<p><a href=\"http:\/\/www.bellunopress.it\/fr\/2020\/02\/05\/italia-polo-challenge-cortina-2020-sabato-22-febbraio-debutto-a-fiames\/italia-polo-challenge\/\" rel=\"attachment wp-att-111868\"><img loading=\"lazy\" decoding=\"async\" class=\"alignleft size-full wp-image-111868\" src=\"http:\/\/www.bellunopress.it\/wp-content\/uploads\/2020\/02\/Italia-Polo-Challenge.jpg\" alt=\"\" width=\"700\" height=\"468\" srcset=\"https:\/\/www.bellunopress.it\/wp-content\/uploads\/2020\/02\/Italia-Polo-Challenge.jpg 700w, https:\/\/www.bellunopress.it\/wp-content\/uploads\/2020\/02\/Italia-Polo-Challenge-500x334.jpg 500w\" sizes=\"auto, (max-width: 700px) 100vw, 700px\" \/><\/a>Ultimi preparativi per il \u2018polo on snow\u2019 a Cortina d\u2019Ampezzo. Sabato 27 febbraio alle ore 18:00 il Centro Sportivo Antonella Rigo di Fiames ospiter\u00e0 sotto la luce dei riflettori il test match di polo sulla neve tra U.S. Polo Assn.\/Lusben Polo Team e Battistoni\/Mediolanum Polo Team.<br \/>\nLa macchina organizzativa, che vede in prima fila la Federazione Italiana Sport Equestri, il Comune di Cortina d\u2019Ampezzo e Italia Polo Challenge, lavora infatti da giorni a pieno regime per l\u2019atteso appuntamento che mantiene saldo il legame tra la \u2018Regina delle Dolomiti\u2019 e il polo.<\/p>\n<p>\u201cSu Italia Polo Challenge a Cortina e sulla disciplina del polo abbiamo puntato molto &#8211; dice il Presidente della FISE Marco Di Paola \u2013 anche in virt\u00f9 della volont\u00e0 di farci promotori, insieme alla Federazione Internazionale Polo, dell\u2019inserimento della versione on snow tra le specialit\u00e0 dei Giochi Olimpici invernali. Il primo obiettivo \u00e8 infatti quello di farlo diventare disciplina dimostrativa proprio in occasione di Milano-Cortina 2026 \u201d.<\/p>\n<p>Stessa lunghezza d\u2019onda per il Sindaco di Cortina d\u2019Ampezzo Gianpietro Ghedina: \u201cA Cortina d\u2019Ampezzo trionfano i grandi eventi sportivi invernali e tra questi non poteva mancare l\u2019atteso ritorno di Italia Polo Challenge, uno degli eventi sportivi di maggior prestigio a titolo internazionale. Con la rinnovata collaborazione tra il Comune di Cortina e la Federazione Italiana Sport Equestri guardiamo quindi al futuro, con l&#8217;auspicio che il polo possa divenire disciplina dimostrativa nei Giochi Olimpici del 2026 che ospiteremo insieme a Milano.&#8221;<\/p>\n<p><strong>Polo Team e programma<\/strong><\/p>\n<p>U.S. Polo Assn.\/Lusben Polo Team e Battistoni\/Mediolanum Polo Team sono le squadre che si confronteranno nel test match di sabato.<br \/>\nGi\u00e0 da domani, mercoled\u00ec, \u00e8 previsto l\u2019arrivo dei sedici cavalli delle squadre. Da gioved\u00ec sar\u00e0 invece la volta dei sei giocatori in rappresentanza di cinque nazioni.<br \/>\nTra questi la cinese Eclair Chen, lady polo player che vive e si allena per\u00f2 in Gran Bretagna, capitana di U.S. Polo Assn.\/Lusben Polo Team. Con lei in squadra gli spagnoli Pelayo Berazadi e Juan Clemente Marambio.<br \/>\nTra le fila di Battistoni\/Mediolanum Polo Team figurano invece il tedesco Alexander Hauptmann, l\u2019argentino, ma italiano d\u2019azione, Patricio Rattagan \u2018deus ex machina\u2019 di Italia Polo Challenge, mentre italianissimo \u00e8 il romano Stefano Giansanti capitano del team.<br \/>\nLa partita si giocher\u00e0 a porte chiuse al Centro Sportivo Antonella Rigo di Fiames nel pieno rispetto dei protocolli di contrasto al COVID-19 previsti per le manifestazioni sportive, ma sar\u00e0 possibile seguirla via streaming dai siti web della FISE, di Italia Polo Challenge, del Corriere dello Sport, di Cavallo Magazine e di Globalpolo.com. Il match sar\u00e0 anche trasmersso sul maxi schermo posizionato in Corso Italia a Cortina usato fino a domenica scorsa per trasmettere le immagini dei mondiali di sci appena conclusi.<br \/>\nLa giornata di sabato 27 febbraio si aprir\u00e0 con la sfilata a cavallo delle due squadre lungo Corso Italia (ore 11:30) con sosta alla Conchiglia in Piazza Angelo Dibona per la presentazione dei due polo team e il saluto del sindaco Gianpietro Ghedina.<\/p>\n<p><strong>La storia<\/strong><\/p>\n<p>Il polo su neve fa il suo esordio a Cortina nel 1989, sull\u2019esempio dell\u2019analoga iniziativa organizzata a St. Moritz gi\u00e0 nell\u201985. Promotori, tre amici romani appassionati di polo &#8211; Italo Focacci, Fabrizio Bogiankino, Corrado Pantanella &#8211; e Renato Manaigo, quest\u2019ultimo conosciuto e stimato proprietario dell&#8217;Hotel de la Poste, albergatore di Cortina sempre alla ricerca di novit\u00e0 ed eleganza.<\/p>\n<p>La prima location fu individuata sul lago ghiacciato di Landro, tra Cortina e Dobbiaco, con quattro squadre che si sfidarono in un torneo davanti ad un pubblico costituito in gran parte da amici, familiari dei giocatori e appassionati di polo. I team di Italia, Inghilterra, Olanda e Belgio si sfidarono in quella che venne definita la \u2018Presidential Cup\u2019.<br \/>\nDue anni dopo si stabil\u00ec di installare il campo di gioco sul lago di Misurina, in una magnifica posizione aperta e assolata, adagiata ai piedi di montagne di oltre tremila metri d\u2019altezza. Certamente il miglior campo di gara che si potesse trovare!<br \/>\nIl 2002 ha, per cos\u00ec dire, segnato l&#8217;inizio di un nuovo ciclo completamente rinnovato dal titolo \u2018Cortina Winter Polo Gold Cup\u2019 che ha riscontrato un notevole successo.<br \/>\nNel 2013 e nel 2014 il polo su neve, causa la non sufficiente glaciazione del lago di Misurina \u00e8 stato disputato al Centro Sportivo Antonella Rigo di Fiames, nell\u2019area limitrofa alla Statale Alemagna.<br \/>\nNel 2020 Cortina d\u2019Ampezzo ha invece tenuto a battesimo, con il debutto di Italia Polo Challenge il primo match in assoluto su neve in notturna giocato con la formula dell\u2019Arena Polo con squadre formate da tre giocatori ciascuna e in un campo di dimensioni ridotte.<\/p>\n<p>&nbsp;<\/p>\n<p>&nbsp;<\/p>","protected":false},"excerpt":{"rendered":"<p>Ultimi preparativi per il \u2018polo on snow\u2019 a Cortina d\u2019Ampezzo. Sabato 27 febbraio alle ore 18:00 il Centro Sportivo Antonella Rigo di Fiames ospiter\u00e0 sotto la luce dei riflettori il test match di polo sulla neve tra U.S. Polo Assn.\/Lusben Polo Team e Battistoni\/Mediolanum Polo Team. La macchina organizzativa, che vede in prima fila la [&hellip;]<\/p>\n","protected":false},"author":2,"featured_media":111868,"comment_status":"closed","ping_status":"open","sticky":false,"template":"","format":"standard","meta":{"footnotes":""},"categories":[27,25,4],"tags":[],"class_list":["post-121979","post","type-post","status-publish","format-standard","has-post-thumbnail","category-appuntamenti","category-pausa-caffe","category-sport"],"yoast_head":"<!-- This site is optimized with the Yoast SEO plugin v28.4 - https:\/\/yoast.com\/product\/yoast-seo-wordpress\/ -->\n<title>Questo fine settimana torna a Cortina l&#039;Italia Polo Challenge - Bellunopress - Dolomiti<\/title>\n<meta name=\"robots\" content=\"index, follow, max-snippet:-1, max-image-preview:large, max-video-preview:-1\" \/>\n<link rel=\"canonical\" href=\"https:\/\/www.bellunopress.it\/fr\/2021\/02\/23\/questo-fine-settimana-torna-a-cortina-litalia-polo-challenge\/\" \/>\n<meta property=\"og:locale\" content=\"fr_FR\" \/>\n<meta property=\"og:type\" content=\"article\" \/>\n<meta property=\"og:title\" content=\"Questo fine settimana torna a Cortina l&#039;Italia Polo Challenge - Bellunopress - Dolomiti\" \/>\n<meta property=\"og:description\" content=\"Ultimi preparativi per il \u2018polo on snow\u2019 a Cortina d\u2019Ampezzo. Sabato 27 febbraio alle ore 18:00 il Centro Sportivo Antonella Rigo di Fiames ospiter\u00e0 sotto la luce dei riflettori il test match di polo sulla neve tra U.S. Polo Assn.\/Lusben Polo Team e Battistoni\/Mediolanum Polo Team. La macchina organizzativa, che vede in prima fila la [&hellip;]\" \/>\n<meta property=\"og:url\" content=\"https:\/\/www.bellunopress.it\/fr\/2021\/02\/23\/questo-fine-settimana-torna-a-cortina-litalia-polo-challenge\/\" \/>\n<meta property=\"og:site_name\" content=\"Bellunopress - Dolomiti\" \/>\n<meta property=\"article:publisher\" content=\"https:\/\/www.facebook.com\/profile.php?id=100008943462799\" \/>\n<meta property=\"article:published_time\" content=\"2021-02-23T13:33:30+00:00\" \/>\n<meta property=\"og:image\" content=\"https:\/\/www.bellunopress.it\/wp-content\/uploads\/2020\/02\/Italia-Polo-Challenge.jpg\" \/>\n\t<meta property=\"og:image:width\" content=\"700\" \/>\n\t<meta property=\"og:image:height\" content=\"468\" \/>\n\t<meta property=\"og:image:type\" content=\"image\/jpeg\" \/>\n<meta name=\"author\" content=\"redazione\" \/>\n<meta name=\"twitter:card\" content=\"summary_large_image\" \/>\n<meta name=\"twitter:creator\" content=\"@bellunopress\" \/>\n<meta name=\"twitter:site\" content=\"@bellunopress\" \/>\n<meta name=\"twitter:label1\" content=\"\u00c9crit par\" \/>\n\t<meta name=\"twitter:data1\" content=\"redazione\" \/>\n\t<meta name=\"twitter:label2\" content=\"Dur\u00e9e de lecture estim\u00e9e\" \/>\n\t<meta name=\"twitter:data2\" content=\"4 minutes\" \/>\n<script type=\"application\/ld+json\" class=\"yoast-schema-graph\">{\"@context\":\"https:\\\/\\\/schema.org\",\"@graph\":[{\"@type\":\"Article\",\"@id\":\"https:\\\/\\\/www.bellunopress.it\\\/2021\\\/02\\\/23\\\/questo-fine-settimana-torna-a-cortina-litalia-polo-challenge\\\/#article\",\"isPartOf\":{\"@id\":\"https:\\\/\\\/www.bellunopress.it\\\/2021\\\/02\\\/23\\\/questo-fine-settimana-torna-a-cortina-litalia-polo-challenge\\\/\"},\"author\":{\"name\":\"redazione\",\"@id\":\"https:\\\/\\\/www.bellunopress.it\\\/#\\\/schema\\\/person\\\/79bb06722b37ece1c03d3e94beb30d73\"},\"headline\":\"Questo fine settimana torna a Cortina l&#8217;Italia Polo Challenge\",\"datePublished\":\"2021-02-23T13:33:30+00:00\",\"mainEntityOfPage\":{\"@id\":\"https:\\\/\\\/www.bellunopress.it\\\/2021\\\/02\\\/23\\\/questo-fine-settimana-torna-a-cortina-litalia-polo-challenge\\\/\"},\"wordCount\":777,\"publisher\":{\"@id\":\"https:\\\/\\\/www.bellunopress.it\\\/#organization\"},\"image\":{\"@id\":\"https:\\\/\\\/www.bellunopress.it\\\/2021\\\/02\\\/23\\\/questo-fine-settimana-torna-a-cortina-litalia-polo-challenge\\\/#primaryimage\"},\"thumbnailUrl\":\"https:\\\/\\\/www.bellunopress.it\\\/wp-content\\\/uploads\\\/2020\\\/02\\\/Italia-Polo-Challenge.jpg\",\"articleSection\":[\"Appuntamenti, Eventi\",\"Pausa Caff\u00e8\",\"Sport, tempo libero\"],\"inLanguage\":\"fr-FR\"},{\"@type\":\"WebPage\",\"@id\":\"https:\\\/\\\/www.bellunopress.it\\\/2021\\\/02\\\/23\\\/questo-fine-settimana-torna-a-cortina-litalia-polo-challenge\\\/\",\"url\":\"https:\\\/\\\/www.bellunopress.it\\\/2021\\\/02\\\/23\\\/questo-fine-settimana-torna-a-cortina-litalia-polo-challenge\\\/\",\"name\":\"Questo fine settimana torna a Cortina l'Italia Polo Challenge - Bellunopress - Dolomiti\",\"isPartOf\":{\"@id\":\"https:\\\/\\\/www.bellunopress.it\\\/#website\"},\"primaryImageOfPage\":{\"@id\":\"https:\\\/\\\/www.bellunopress.it\\\/2021\\\/02\\\/23\\\/questo-fine-settimana-torna-a-cortina-litalia-polo-challenge\\\/#primaryimage\"},\"image\":{\"@id\":\"https:\\\/\\\/www.bellunopress.it\\\/2021\\\/02\\\/23\\\/questo-fine-settimana-torna-a-cortina-litalia-polo-challenge\\\/#primaryimage\"},\"thumbnailUrl\":\"https:\\\/\\\/www.bellunopress.it\\\/wp-content\\\/uploads\\\/2020\\\/02\\\/Italia-Polo-Challenge.jpg\",\"datePublished\":\"2021-02-23T13:33:30+00:00\",\"breadcrumb\":{\"@id\":\"https:\\\/\\\/www.bellunopress.it\\\/2021\\\/02\\\/23\\\/questo-fine-settimana-torna-a-cortina-litalia-polo-challenge\\\/#breadcrumb\"},\"inLanguage\":\"fr-FR\",\"potentialAction\":[{\"@type\":\"ReadAction\",\"target\":[\"https:\\\/\\\/www.bellunopress.it\\\/2021\\\/02\\\/23\\\/questo-fine-settimana-torna-a-cortina-litalia-polo-challenge\\\/\"]}]},{\"@type\":\"ImageObject\",\"inLanguage\":\"fr-FR\",\"@id\":\"https:\\\/\\\/www.bellunopress.it\\\/2021\\\/02\\\/23\\\/questo-fine-settimana-torna-a-cortina-litalia-polo-challenge\\\/#primaryimage\",\"url\":\"https:\\\/\\\/www.bellunopress.it\\\/wp-content\\\/uploads\\\/2020\\\/02\\\/Italia-Polo-Challenge.jpg\",\"contentUrl\":\"https:\\\/\\\/www.bellunopress.it\\\/wp-content\\\/uploads\\\/2020\\\/02\\\/Italia-Polo-Challenge.jpg\",\"width\":700,\"height\":468},{\"@type\":\"BreadcrumbList\",\"@id\":\"https:\\\/\\\/www.bellunopress.it\\\/2021\\\/02\\\/23\\\/questo-fine-settimana-torna-a-cortina-litalia-polo-challenge\\\/#breadcrumb\",\"itemListElement\":[{\"@type\":\"ListItem\",\"position\":1,\"name\":\"Home\",\"item\":\"https:\\\/\\\/www.bellunopress.it\\\/\"},{\"@type\":\"ListItem\",\"position\":2,\"name\":\"Questo fine settimana torna a Cortina l&#8217;Italia Polo Challenge\"}]},{\"@type\":\"WebSite\",\"@id\":\"https:\\\/\\\/www.bellunopress.it\\\/#website\",\"url\":\"https:\\\/\\\/www.bellunopress.it\\\/\",\"name\":\"Bellunopress - Dolomiti\",\"description\":\"e-mail: redazione@bellunopress.it\",\"publisher\":{\"@id\":\"https:\\\/\\\/www.bellunopress.it\\\/#organization\"},\"potentialAction\":[{\"@type\":\"SearchAction\",\"target\":{\"@type\":\"EntryPoint\",\"urlTemplate\":\"https:\\\/\\\/www.bellunopress.it\\\/?s={search_term_string}\"},\"query-input\":{\"@type\":\"PropertyValueSpecification\",\"valueRequired\":true,\"valueName\":\"search_term_string\"}}],\"inLanguage\":\"fr-FR\"},{\"@type\":\"Organization\",\"@id\":\"https:\\\/\\\/www.bellunopress.it\\\/#organization\",\"name\":\"Bellunopress\",\"url\":\"https:\\\/\\\/www.bellunopress.it\\\/\",\"logo\":{\"@type\":\"ImageObject\",\"inLanguage\":\"fr-FR\",\"@id\":\"https:\\\/\\\/www.bellunopress.it\\\/#\\\/schema\\\/logo\\\/image\\\/\",\"url\":\"https:\\\/\\\/www.bellunopress.it\\\/wp-content\\\/uploads\\\/2011\\\/05\\\/cropped-logo-bellunopress-.jpg\",\"contentUrl\":\"https:\\\/\\\/www.bellunopress.it\\\/wp-content\\\/uploads\\\/2011\\\/05\\\/cropped-logo-bellunopress-.jpg\",\"width\":512,\"height\":512,\"caption\":\"Bellunopress\"},\"image\":{\"@id\":\"https:\\\/\\\/www.bellunopress.it\\\/#\\\/schema\\\/logo\\\/image\\\/\"},\"sameAs\":[\"https:\\\/\\\/www.facebook.com\\\/profile.php?id=100008943462799\",\"https:\\\/\\\/x.com\\\/bellunopress\",\"https:\\\/\\\/www.linkedin.com\\\/hp\\\/?dnr=JBzUWaJfMUw8vbXJJ2tVW5-I3jZKvC4wsoxE&amp;amp;amp;amp;amp;amp;trk=nav_responsive_tab_home\",\"https:\\\/\\\/www.youtube.com\\\/channel\\\/UCxL0wu1uN0_3_7hGG0306cw\"]},{\"@type\":\"Person\",\"@id\":\"https:\\\/\\\/www.bellunopress.it\\\/#\\\/schema\\\/person\\\/79bb06722b37ece1c03d3e94beb30d73\",\"name\":\"redazione\",\"image\":{\"@type\":\"ImageObject\",\"inLanguage\":\"fr-FR\",\"@id\":\"https:\\\/\\\/secure.gravatar.com\\\/avatar\\\/37d968a2e67a6fd04c169c4bdef102d0bc5d31b2546345219e348575eb80e9a0?s=96&d=mm&r=g\",\"url\":\"https:\\\/\\\/secure.gravatar.com\\\/avatar\\\/37d968a2e67a6fd04c169c4bdef102d0bc5d31b2546345219e348575eb80e9a0?s=96&d=mm&r=g\",\"contentUrl\":\"https:\\\/\\\/secure.gravatar.com\\\/avatar\\\/37d968a2e67a6fd04c169c4bdef102d0bc5d31b2546345219e348575eb80e9a0?s=96&d=mm&r=g\",\"caption\":\"redazione\"},\"sameAs\":[\"http:\\\/\\\/www.bellunopress.it\",\"https:\\\/\\\/x.com\\\/bellunopress\"],\"url\":\"https:\\\/\\\/www.bellunopress.it\\\/fr\\\/author\\\/redazione\\\/\"}]}<\/script>\n<!-- \/ Yoast SEO plugin. -->","yoast_head_json":{"title":"Questo fine settimana torna a Cortina l'Italia Polo Challenge - Bellunopress - Dolomiti","robots":{"index":"index","follow":"follow","max-snippet":"max-snippet:-1","max-image-preview":"max-image-preview:large","max-video-preview":"max-video-preview:-1"},"canonical":"https:\/\/www.bellunopress.it\/fr\/2021\/02\/23\/questo-fine-settimana-torna-a-cortina-litalia-polo-challenge\/","og_locale":"fr_FR","og_type":"article","og_title":"Questo fine settimana torna a Cortina l'Italia Polo Challenge - Bellunopress - Dolomiti","og_description":"Ultimi preparativi per il \u2018polo on snow\u2019 a Cortina d\u2019Ampezzo. Sabato 27 febbraio alle ore 18:00 il Centro Sportivo Antonella Rigo di Fiames ospiter\u00e0 sotto la luce dei riflettori il test match di polo sulla neve tra U.S. Polo Assn.\/Lusben Polo Team e Battistoni\/Mediolanum Polo Team. La macchina organizzativa, che vede in prima fila la [&hellip;]","og_url":"https:\/\/www.bellunopress.it\/fr\/2021\/02\/23\/questo-fine-settimana-torna-a-cortina-litalia-polo-challenge\/","og_site_name":"Bellunopress - Dolomiti","article_publisher":"https:\/\/www.facebook.com\/profile.php?id=100008943462799","article_published_time":"2021-02-23T13:33:30+00:00","og_image":[{"width":700,"height":468,"url":"https:\/\/www.bellunopress.it\/wp-content\/uploads\/2020\/02\/Italia-Polo-Challenge.jpg","type":"image\/jpeg"}],"author":"redazione","twitter_card":"summary_large_image","twitter_creator":"@bellunopress","twitter_site":"@bellunopress","twitter_misc":{"\u00c9crit par":"redazione","Dur\u00e9e de lecture estim\u00e9e":"4 minutes"},"schema":{"@context":"https:\/\/schema.org","@graph":[{"@type":"Article","@id":"https:\/\/www.bellunopress.it\/2021\/02\/23\/questo-fine-settimana-torna-a-cortina-litalia-polo-challenge\/#article","isPartOf":{"@id":"https:\/\/www.bellunopress.it\/2021\/02\/23\/questo-fine-settimana-torna-a-cortina-litalia-polo-challenge\/"},"author":{"name":"redazione","@id":"https:\/\/www.bellunopress.it\/#\/schema\/person\/79bb06722b37ece1c03d3e94beb30d73"},"headline":"Questo fine settimana torna a Cortina l&#8217;Italia Polo Challenge","datePublished":"2021-02-23T13:33:30+00:00","mainEntityOfPage":{"@id":"https:\/\/www.bellunopress.it\/2021\/02\/23\/questo-fine-settimana-torna-a-cortina-litalia-polo-challenge\/"},"wordCount":777,"publisher":{"@id":"https:\/\/www.bellunopress.it\/#organization"},"image":{"@id":"https:\/\/www.bellunopress.it\/2021\/02\/23\/questo-fine-settimana-torna-a-cortina-litalia-polo-challenge\/#primaryimage"},"thumbnailUrl":"https:\/\/www.bellunopress.it\/wp-content\/uploads\/2020\/02\/Italia-Polo-Challenge.jpg","articleSection":["Appuntamenti, Eventi","Pausa Caff\u00e8","Sport, tempo libero"],"inLanguage":"fr-FR"},{"@type":"WebPage","@id":"https:\/\/www.bellunopress.it\/2021\/02\/23\/questo-fine-settimana-torna-a-cortina-litalia-polo-challenge\/","url":"https:\/\/www.bellunopress.it\/2021\/02\/23\/questo-fine-settimana-torna-a-cortina-litalia-polo-challenge\/","name":"Questo fine settimana torna a Cortina l'Italia Polo Challenge - Bellunopress - Dolomiti","isPartOf":{"@id":"https:\/\/www.bellunopress.it\/#website"},"primaryImageOfPage":{"@id":"https:\/\/www.bellunopress.it\/2021\/02\/23\/questo-fine-settimana-torna-a-cortina-litalia-polo-challenge\/#primaryimage"},"image":{"@id":"https:\/\/www.bellunopress.it\/2021\/02\/23\/questo-fine-settimana-torna-a-cortina-litalia-polo-challenge\/#primaryimage"},"thumbnailUrl":"https:\/\/www.bellunopress.it\/wp-content\/uploads\/2020\/02\/Italia-Polo-Challenge.jpg","datePublished":"2021-02-23T13:33:30+00:00","breadcrumb":{"@id":"https:\/\/www.bellunopress.it\/2021\/02\/23\/questo-fine-settimana-torna-a-cortina-litalia-polo-challenge\/#breadcrumb"},"inLanguage":"fr-FR","potentialAction":[{"@type":"ReadAction","target":["https:\/\/www.bellunopress.it\/2021\/02\/23\/questo-fine-settimana-torna-a-cortina-litalia-polo-challenge\/"]}]},{"@type":"ImageObject","inLanguage":"fr-FR","@id":"https:\/\/www.bellunopress.it\/2021\/02\/23\/questo-fine-settimana-torna-a-cortina-litalia-polo-challenge\/#primaryimage","url":"https:\/\/www.bellunopress.it\/wp-content\/uploads\/2020\/02\/Italia-Polo-Challenge.jpg","contentUrl":"https:\/\/www.bellunopress.it\/wp-content\/uploads\/2020\/02\/Italia-Polo-Challenge.jpg","width":700,"height":468},{"@type":"BreadcrumbList","@id":"https:\/\/www.bellunopress.it\/2021\/02\/23\/questo-fine-settimana-torna-a-cortina-litalia-polo-challenge\/#breadcrumb","itemListElement":[{"@type":"ListItem","position":1,"name":"Home","item":"https:\/\/www.bellunopress.it\/"},{"@type":"ListItem","position":2,"name":"Questo fine settimana torna a Cortina l&#8217;Italia Polo Challenge"}]},{"@type":"WebSite","@id":"https:\/\/www.bellunopress.it\/#website","url":"https:\/\/www.bellunopress.it\/","name":"Bellunopress - Dolomiti","description":"e-mail: redazione@bellunopress.it","publisher":{"@id":"https:\/\/www.bellunopress.it\/#organization"},"potentialAction":[{"@type":"SearchAction","target":{"@type":"EntryPoint","urlTemplate":"https:\/\/www.bellunopress.it\/?s={search_term_string}"},"query-input":{"@type":"PropertyValueSpecification","valueRequired":true,"valueName":"search_term_string"}}],"inLanguage":"fr-FR"},{"@type":"Organization","@id":"https:\/\/www.bellunopress.it\/#organization","name":"Bellunopress","url":"https:\/\/www.bellunopress.it\/","logo":{"@type":"ImageObject","inLanguage":"fr-FR","@id":"https:\/\/www.bellunopress.it\/#\/schema\/logo\/image\/","url":"https:\/\/www.bellunopress.it\/wp-content\/uploads\/2011\/05\/cropped-logo-bellunopress-.jpg","contentUrl":"https:\/\/www.bellunopress.it\/wp-content\/uploads\/2011\/05\/cropped-logo-bellunopress-.jpg","width":512,"height":512,"caption":"Bellunopress"},"image":{"@id":"https:\/\/www.bellunopress.it\/#\/schema\/logo\/image\/"},"sameAs":["https:\/\/www.facebook.com\/profile.php?id=100008943462799","https:\/\/x.com\/bellunopress","https:\/\/www.linkedin.com\/hp\/?dnr=JBzUWaJfMUw8vbXJJ2tVW5-I3jZKvC4wsoxE&amp;amp;amp;amp;amp;amp;trk=nav_responsive_tab_home","https:\/\/www.youtube.com\/channel\/UCxL0wu1uN0_3_7hGG0306cw"]},{"@type":"Person","@id":"https:\/\/www.bellunopress.it\/#\/schema\/person\/79bb06722b37ece1c03d3e94beb30d73","name":"r\u00e9daction","image":{"@type":"ImageObject","inLanguage":"fr-FR","@id":"https:\/\/secure.gravatar.com\/avatar\/37d968a2e67a6fd04c169c4bdef102d0bc5d31b2546345219e348575eb80e9a0?s=96&d=mm&r=g","url":"https:\/\/secure.gravatar.com\/avatar\/37d968a2e67a6fd04c169c4bdef102d0bc5d31b2546345219e348575eb80e9a0?s=96&d=mm&r=g","contentUrl":"https:\/\/secure.gravatar.com\/avatar\/37d968a2e67a6fd04c169c4bdef102d0bc5d31b2546345219e348575eb80e9a0?s=96&d=mm&r=g","caption":"redazione"},"sameAs":["http:\/\/www.bellunopress.it","https:\/\/x.com\/bellunopress"],"url":"https:\/\/www.bellunopress.it\/fr\/author\/redazione\/"}]}},"_links":{"self":[{"href":"https:\/\/www.bellunopress.it\/fr\/wp-json\/wp\/v2\/posts\/121979","targetHints":{"allow":["GET"]}}],"collection":[{"href":"https:\/\/www.bellunopress.it\/fr\/wp-json\/wp\/v2\/posts"}],"about":[{"href":"https:\/\/www.bellunopress.it\/fr\/wp-json\/wp\/v2\/types\/post"}],"author":[{"embeddable":true,"href":"https:\/\/www.bellunopress.it\/fr\/wp-json\/wp\/v2\/users\/2"}],"replies":[{"embeddable":true,"href":"https:\/\/www.bellunopress.it\/fr\/wp-json\/wp\/v2\/comments?post=121979"}],"version-history":[{"count":1,"href":"https:\/\/www.bellunopress.it\/fr\/wp-json\/wp\/v2\/posts\/121979\/revisions"}],"predecessor-version":[{"id":121980,"href":"https:\/\/www.bellunopress.it\/fr\/wp-json\/wp\/v2\/posts\/121979\/revisions\/121980"}],"wp:featuredmedia":[{"embeddable":true,"href":"https:\/\/www.bellunopress.it\/fr\/wp-json\/wp\/v2\/media\/111868"}],"wp:attachment":[{"href":"https:\/\/www.bellunopress.it\/fr\/wp-json\/wp\/v2\/media?parent=121979"}],"wp:term":[{"taxonomy":"category","embeddable":true,"href":"https:\/\/www.bellunopress.it\/fr\/wp-json\/wp\/v2\/categories?post=121979"},{"taxonomy":"post_tag","embeddable":true,"href":"https:\/\/www.bellunopress.it\/fr\/wp-json\/wp\/v2\/tags?post=121979"}],"curies":[{"name":"wp","href":"https:\/\/api.w.org\/{rel}","templated":true}]}}