{"id":121961,"date":"2021-02-22T16:04:14","date_gmt":"2021-02-22T15:04:14","guid":{"rendered":"http:\/\/www.bellunopress.it\/?p=121961"},"modified":"2021-02-22T16:04:14","modified_gmt":"2021-02-22T15:04:14","slug":"cortina-2021-piste-digital-e-sicurezza-la-ricetta-dei-mondiali-appena-conclusi","status":"publish","type":"post","link":"https:\/\/www.bellunopress.it\/fr\/2021\/02\/22\/cortina-2021-piste-digital-e-sicurezza-la-ricetta-dei-mondiali-appena-conclusi\/","title":{"rendered":"Cortina 2021: Piste, digital e sicurezza. La ricetta dei Mondiali appena conclusi"},"content":{"rendered":"<figure id=\"attachment_121962\" aria-describedby=\"caption-attachment-121962\" style=\"width: 1000px\" class=\"wp-caption alignleft\"><a href=\"http:\/\/www.bellunopress.it\/fr\/2021\/02\/22\/cortina-2021-piste-digital-e-sicurezza-la-ricetta-dei-mondiali-appena-conclusi\/cortina-2021-pentaphoto_edited\/\" rel=\"attachment wp-att-121962\"><img loading=\"lazy\" decoding=\"async\" class=\"size-full wp-image-121962\" src=\"http:\/\/www.bellunopress.it\/wp-content\/uploads\/2021\/02\/Cortina-2021-\u00a9Pentaphoto_edited.jpg\" alt=\"\" width=\"1000\" height=\"667\" srcset=\"https:\/\/www.bellunopress.it\/wp-content\/uploads\/2021\/02\/Cortina-2021-\u00a9Pentaphoto_edited.jpg 1000w, https:\/\/www.bellunopress.it\/wp-content\/uploads\/2021\/02\/Cortina-2021-\u00a9Pentaphoto_edited-500x334.jpg 500w, https:\/\/www.bellunopress.it\/wp-content\/uploads\/2021\/02\/Cortina-2021-\u00a9Pentaphoto_edited-696x464.jpg 696w, https:\/\/www.bellunopress.it\/wp-content\/uploads\/2021\/02\/Cortina-2021-\u00a9Pentaphoto_edited-630x420.jpg 630w\" sizes=\"auto, (max-width: 1000px) 100vw, 1000px\" \/><\/a><figcaption id=\"caption-attachment-121962\" class=\"wp-caption-text\">Cortina 2021 Alpine Ski World Championships.<br \/>Closed Ceremony<br \/>Cortina d&#8217;Ampezzo 21\/02\/2021<br \/>Photo: Pentaphoto Gio Auletta<\/figcaption><\/figure>\n<p>I 46mi Campionati del mondo di sci alpino si sono conclusi: con lo slalom maschile e la Cerimonia di chiusura e la consegna del testimone alla delegazione francese di Courchevel-M\u00e9ribel 2023, Cortina 2021 si \u00e8 congedata dal palcoscenico internazionale dopo due settimane di gare spettacolari e forti emozioni agonistiche.<\/p>\n<p>A dispetto delle difficolt\u00e0 che ne hanno segnato la fase di preparazione, sopra tutte la pandemia di Covid-19 \u2013 che ha imposto un evento a porte chiuse e una organizzazione di spazi e persone mai vista prima \u2013 i Mondiali sono riusciti ad assicurare una gestione ottimale di atleti (600), squadre (di 70 Paesi), volontari (circa 700), tecnici, giornalisti, ospiti, all&#8217;insegna della salute e della sicurezza. Un successo \u2013 riconosciuto in maniera unanime anche dalla stampa internazionale \u2013 reso possibile dalla sinergia di tutti gli stakeholder pubblici e privati (in particolare FISI, Governo italiano, Regione Veneto, Provincia di Belluno, Amministrazione comunale, partner e sponsor) sotto la regia di Fondazione Cortina 2021.<\/p>\n<p>Le piste (Olympia, Vertigine, Drusci\u00e9, Labirinti, Lacedelli), ampliate con interventi realizzati per l&#8217;occasione negli scorsi anni e preparate in queste due settimane con grande professionalit\u00e0 dagli uomini di pista, hanno confermato Cortina d&#8217;Ampezzo come una delle pi\u00f9 importanti location per lo sci da competizione a livello internazionale, proiettando la Regina delle Dolomiti verso il sogno olimpico di Milano-Cortina 2026.<\/p>\n<p>La kermesse sportiva \u00e8 stata seguita da 500 milioni di persone in tutto il mondo, collegate attraverso la televisione e i new media, rendendo possibile la partecipazione del pubblico &#8220;a distanza&#8221;.<\/p>\n<p>Le performance della strategia phygital testimoniano la forza di questi strumenti nel far partecipare l&#8217;intera community di appassionati e la bont\u00e0 delle scelte compiute da Fondazione Cortina 2021 in questo senso: sono state 3,8 milioni le pagine visualizzate sul sito web istituzionale dei Mondiali, con oltre 625mila visitatori unici e un tasso di ritorno del 25%.<\/p>\n<p>Sono invece state 336 le ore di streaming del Virtual Media Center, con 1.077 giornalisti registrati, quasi 600 news distribuite e oltre 886mila cam views. Grande successo anche per la Cortina 2021 Official App, che ha registrato un totale di 37mila download, oltre 77mila missions completate e 2mila premi assegnati.<\/p>\n<p>I canali digitali hanno fatto registrate oltre 2,3 milioni di utenti attivi, con un incremento medio della fanbase del 23,6%, 20,3 milioni di impressions e oltre 55mila contenuti #Cortina2021 generati dagli utenti.<\/p>\n<p>Complessivamente, i Mondiali di sci alpino sono stati seguiti in 190 Paesi a livello globale, confermandosi una formidabile vetrina internazionale per Cortina d&#8217;Ampezzo, le Dolomiti e tutto il sistema-Italia.<\/p>\n<p>Cortina 2021 ha quindi fatto da apripista e modello per un new normal dei grandi eventi sportivi internazionali dell&#8217;era Covid, permettendo ad atleti, squadre, fan e appassionati in tutto il mondo di tornare a vivere l&#8217;emozione dell&#8217;agonismo internazionale, mettendo in campo capacit\u00e0 di gestione e professionalit\u00e0.<\/p>\n<p>\u00abSono davvero orgoglioso del lavoro fatto, ringrazio Valerio Giacobbi e tutta la squadra che non si \u00e8 mai arresa in questi mesi di fronte alla sfida di dover ogni volta affrontare un nuovo scenario con soluzioni innovative e con un approccio strategico da reinventare continuamente \u2013 ha detto Alessandro Benetton, Presidente di Fondazione Cortina 2021 \u2013 Consegniamo alla comunit\u00e0 di Cortina d&#8217;Ampezzo e all&#8217;Italia tutta un&#8217;esperienza che far\u00e0 storia e un patrimonio di conoscenze e competenze fondamentali per il futuro e per il prossimo grande traguardo di Milano-Cortina 2026\u00bb.<\/p>\n<p>\u00abRicevere il plauso di tutti ci riempie di soddisfazione \u2013 ha detto Valerio Giacobbi, Amministratore delegato di Fondazione Cortina 2021 \u2013 Il nostro successo organizzativo \u00e8 la vittoria di un gruppo di lavoro, di un territorio, di aziende che ci hanno creduto ed Istituzioni che si sono poste al servizio, di un Paese che voleva a tutti i costi dimostrare che bisogna guardare al futuro con fiducia ed entusiasmo, nonostante tutte le avversit\u00e0. Grazie davvero a tutti\u00bb.<\/p>","protected":false},"excerpt":{"rendered":"<p>I 46mi Campionati del mondo di sci alpino si sono conclusi: con lo slalom maschile e la Cerimonia di chiusura e la consegna del testimone alla delegazione francese di Courchevel-M\u00e9ribel 2023, Cortina 2021 si \u00e8 congedata dal palcoscenico internazionale dopo due settimane di gare spettacolari e forti emozioni agonistiche. A dispetto delle difficolt\u00e0 che ne [&hellip;]<\/p>\n","protected":false},"author":2,"featured_media":121962,"comment_status":"closed","ping_status":"open","sticky":false,"template":"","format":"standard","meta":{"footnotes":""},"categories":[3446,36,25,26,4],"tags":[],"class_list":["post-121961","post","type-post","status-publish","format-standard","has-post-thumbnail","category-featured","category-lavoro-economia","category-pausa-caffe","category-prima-pagina","category-sport"],"yoast_head":"<!-- This site is optimized with the Yoast SEO plugin v28.4 - https:\/\/yoast.com\/product\/yoast-seo-wordpress\/ -->\n<title>Cortina 2021: Piste, digital e sicurezza. La ricetta dei Mondiali appena conclusi - Bellunopress - Dolomiti<\/title>\n<meta name=\"robots\" content=\"index, follow, max-snippet:-1, max-image-preview:large, max-video-preview:-1\" \/>\n<link rel=\"canonical\" href=\"https:\/\/www.bellunopress.it\/fr\/2021\/02\/22\/cortina-2021-piste-digital-e-sicurezza-la-ricetta-dei-mondiali-appena-conclusi\/\" \/>\n<meta property=\"og:locale\" content=\"fr_FR\" \/>\n<meta property=\"og:type\" content=\"article\" \/>\n<meta property=\"og:title\" content=\"Cortina 2021: Piste, digital e sicurezza. La ricetta dei Mondiali appena conclusi - Bellunopress - Dolomiti\" \/>\n<meta property=\"og:description\" content=\"I 46mi Campionati del mondo di sci alpino si sono conclusi: con lo slalom maschile e la Cerimonia di chiusura e la consegna del testimone alla delegazione francese di Courchevel-M\u00e9ribel 2023, Cortina 2021 si \u00e8 congedata dal palcoscenico internazionale dopo due settimane di gare spettacolari e forti emozioni agonistiche. A dispetto delle difficolt\u00e0 che ne [&hellip;]\" \/>\n<meta property=\"og:url\" content=\"https:\/\/www.bellunopress.it\/fr\/2021\/02\/22\/cortina-2021-piste-digital-e-sicurezza-la-ricetta-dei-mondiali-appena-conclusi\/\" \/>\n<meta property=\"og:site_name\" content=\"Bellunopress - Dolomiti\" \/>\n<meta property=\"article:publisher\" content=\"https:\/\/www.facebook.com\/profile.php?id=100008943462799\" \/>\n<meta property=\"article:published_time\" content=\"2021-02-22T15:04:14+00:00\" \/>\n<meta property=\"og:image\" content=\"https:\/\/www.bellunopress.it\/wp-content\/uploads\/2021\/02\/Cortina-2021-\u00a9Pentaphoto_edited.jpg\" \/>\n\t<meta property=\"og:image:width\" content=\"1000\" \/>\n\t<meta property=\"og:image:height\" content=\"667\" \/>\n\t<meta property=\"og:image:type\" content=\"image\/jpeg\" \/>\n<meta name=\"author\" content=\"redazione\" \/>\n<meta name=\"twitter:card\" content=\"summary_large_image\" \/>\n<meta name=\"twitter:creator\" content=\"@bellunopress\" \/>\n<meta name=\"twitter:site\" content=\"@bellunopress\" \/>\n<meta name=\"twitter:label1\" content=\"\u00c9crit par\" \/>\n\t<meta name=\"twitter:data1\" content=\"redazione\" \/>\n\t<meta name=\"twitter:label2\" content=\"Dur\u00e9e de lecture estim\u00e9e\" \/>\n\t<meta name=\"twitter:data2\" content=\"4 minutes\" \/>\n<script type=\"application\/ld+json\" class=\"yoast-schema-graph\">{\"@context\":\"https:\\\/\\\/schema.org\",\"@graph\":[{\"@type\":\"Article\",\"@id\":\"https:\\\/\\\/www.bellunopress.it\\\/2021\\\/02\\\/22\\\/cortina-2021-piste-digital-e-sicurezza-la-ricetta-dei-mondiali-appena-conclusi\\\/#article\",\"isPartOf\":{\"@id\":\"https:\\\/\\\/www.bellunopress.it\\\/2021\\\/02\\\/22\\\/cortina-2021-piste-digital-e-sicurezza-la-ricetta-dei-mondiali-appena-conclusi\\\/\"},\"author\":{\"name\":\"redazione\",\"@id\":\"https:\\\/\\\/www.bellunopress.it\\\/#\\\/schema\\\/person\\\/79bb06722b37ece1c03d3e94beb30d73\"},\"headline\":\"Cortina 2021: Piste, digital e sicurezza. La ricetta dei Mondiali appena conclusi\",\"datePublished\":\"2021-02-22T15:04:14+00:00\",\"mainEntityOfPage\":{\"@id\":\"https:\\\/\\\/www.bellunopress.it\\\/2021\\\/02\\\/22\\\/cortina-2021-piste-digital-e-sicurezza-la-ricetta-dei-mondiali-appena-conclusi\\\/\"},\"wordCount\":637,\"publisher\":{\"@id\":\"https:\\\/\\\/www.bellunopress.it\\\/#organization\"},\"image\":{\"@id\":\"https:\\\/\\\/www.bellunopress.it\\\/2021\\\/02\\\/22\\\/cortina-2021-piste-digital-e-sicurezza-la-ricetta-dei-mondiali-appena-conclusi\\\/#primaryimage\"},\"thumbnailUrl\":\"https:\\\/\\\/www.bellunopress.it\\\/wp-content\\\/uploads\\\/2021\\\/02\\\/Cortina-2021-\u00a9Pentaphoto_edited.jpg\",\"articleSection\":[\"Featured\",\"Lavoro, Economia, Turismo\",\"Pausa Caff\u00e8\",\"Prima Pagina\",\"Sport, tempo libero\"],\"inLanguage\":\"fr-FR\"},{\"@type\":\"WebPage\",\"@id\":\"https:\\\/\\\/www.bellunopress.it\\\/2021\\\/02\\\/22\\\/cortina-2021-piste-digital-e-sicurezza-la-ricetta-dei-mondiali-appena-conclusi\\\/\",\"url\":\"https:\\\/\\\/www.bellunopress.it\\\/2021\\\/02\\\/22\\\/cortina-2021-piste-digital-e-sicurezza-la-ricetta-dei-mondiali-appena-conclusi\\\/\",\"name\":\"Cortina 2021: Piste, digital e sicurezza. La ricetta dei Mondiali appena conclusi - Bellunopress - Dolomiti\",\"isPartOf\":{\"@id\":\"https:\\\/\\\/www.bellunopress.it\\\/#website\"},\"primaryImageOfPage\":{\"@id\":\"https:\\\/\\\/www.bellunopress.it\\\/2021\\\/02\\\/22\\\/cortina-2021-piste-digital-e-sicurezza-la-ricetta-dei-mondiali-appena-conclusi\\\/#primaryimage\"},\"image\":{\"@id\":\"https:\\\/\\\/www.bellunopress.it\\\/2021\\\/02\\\/22\\\/cortina-2021-piste-digital-e-sicurezza-la-ricetta-dei-mondiali-appena-conclusi\\\/#primaryimage\"},\"thumbnailUrl\":\"https:\\\/\\\/www.bellunopress.it\\\/wp-content\\\/uploads\\\/2021\\\/02\\\/Cortina-2021-\u00a9Pentaphoto_edited.jpg\",\"datePublished\":\"2021-02-22T15:04:14+00:00\",\"breadcrumb\":{\"@id\":\"https:\\\/\\\/www.bellunopress.it\\\/2021\\\/02\\\/22\\\/cortina-2021-piste-digital-e-sicurezza-la-ricetta-dei-mondiali-appena-conclusi\\\/#breadcrumb\"},\"inLanguage\":\"fr-FR\",\"potentialAction\":[{\"@type\":\"ReadAction\",\"target\":[\"https:\\\/\\\/www.bellunopress.it\\\/2021\\\/02\\\/22\\\/cortina-2021-piste-digital-e-sicurezza-la-ricetta-dei-mondiali-appena-conclusi\\\/\"]}]},{\"@type\":\"ImageObject\",\"inLanguage\":\"fr-FR\",\"@id\":\"https:\\\/\\\/www.bellunopress.it\\\/2021\\\/02\\\/22\\\/cortina-2021-piste-digital-e-sicurezza-la-ricetta-dei-mondiali-appena-conclusi\\\/#primaryimage\",\"url\":\"https:\\\/\\\/www.bellunopress.it\\\/wp-content\\\/uploads\\\/2021\\\/02\\\/Cortina-2021-\u00a9Pentaphoto_edited.jpg\",\"contentUrl\":\"https:\\\/\\\/www.bellunopress.it\\\/wp-content\\\/uploads\\\/2021\\\/02\\\/Cortina-2021-\u00a9Pentaphoto_edited.jpg\",\"width\":1000,\"height\":667,\"caption\":\"Cortina 2021 Alpine Ski World Championships. Closed Ceremony Cortina d'Ampezzo 21\\\/02\\\/2021 Photo: Pentaphoto Gio Auletta\"},{\"@type\":\"BreadcrumbList\",\"@id\":\"https:\\\/\\\/www.bellunopress.it\\\/2021\\\/02\\\/22\\\/cortina-2021-piste-digital-e-sicurezza-la-ricetta-dei-mondiali-appena-conclusi\\\/#breadcrumb\",\"itemListElement\":[{\"@type\":\"ListItem\",\"position\":1,\"name\":\"Home\",\"item\":\"https:\\\/\\\/www.bellunopress.it\\\/\"},{\"@type\":\"ListItem\",\"position\":2,\"name\":\"Cortina 2021: Piste, digital e sicurezza. La ricetta dei Mondiali appena conclusi\"}]},{\"@type\":\"WebSite\",\"@id\":\"https:\\\/\\\/www.bellunopress.it\\\/#website\",\"url\":\"https:\\\/\\\/www.bellunopress.it\\\/\",\"name\":\"Bellunopress - Dolomiti\",\"description\":\"e-mail: redazione@bellunopress.it\",\"publisher\":{\"@id\":\"https:\\\/\\\/www.bellunopress.it\\\/#organization\"},\"potentialAction\":[{\"@type\":\"SearchAction\",\"target\":{\"@type\":\"EntryPoint\",\"urlTemplate\":\"https:\\\/\\\/www.bellunopress.it\\\/?s={search_term_string}\"},\"query-input\":{\"@type\":\"PropertyValueSpecification\",\"valueRequired\":true,\"valueName\":\"search_term_string\"}}],\"inLanguage\":\"fr-FR\"},{\"@type\":\"Organization\",\"@id\":\"https:\\\/\\\/www.bellunopress.it\\\/#organization\",\"name\":\"Bellunopress\",\"url\":\"https:\\\/\\\/www.bellunopress.it\\\/\",\"logo\":{\"@type\":\"ImageObject\",\"inLanguage\":\"fr-FR\",\"@id\":\"https:\\\/\\\/www.bellunopress.it\\\/#\\\/schema\\\/logo\\\/image\\\/\",\"url\":\"https:\\\/\\\/www.bellunopress.it\\\/wp-content\\\/uploads\\\/2011\\\/05\\\/cropped-logo-bellunopress-.jpg\",\"contentUrl\":\"https:\\\/\\\/www.bellunopress.it\\\/wp-content\\\/uploads\\\/2011\\\/05\\\/cropped-logo-bellunopress-.jpg\",\"width\":512,\"height\":512,\"caption\":\"Bellunopress\"},\"image\":{\"@id\":\"https:\\\/\\\/www.bellunopress.it\\\/#\\\/schema\\\/logo\\\/image\\\/\"},\"sameAs\":[\"https:\\\/\\\/www.facebook.com\\\/profile.php?id=100008943462799\",\"https:\\\/\\\/x.com\\\/bellunopress\",\"https:\\\/\\\/www.linkedin.com\\\/hp\\\/?dnr=JBzUWaJfMUw8vbXJJ2tVW5-I3jZKvC4wsoxE&amp;amp;amp;amp;amp;amp;trk=nav_responsive_tab_home\",\"https:\\\/\\\/www.youtube.com\\\/channel\\\/UCxL0wu1uN0_3_7hGG0306cw\"]},{\"@type\":\"Person\",\"@id\":\"https:\\\/\\\/www.bellunopress.it\\\/#\\\/schema\\\/person\\\/79bb06722b37ece1c03d3e94beb30d73\",\"name\":\"redazione\",\"image\":{\"@type\":\"ImageObject\",\"inLanguage\":\"fr-FR\",\"@id\":\"https:\\\/\\\/secure.gravatar.com\\\/avatar\\\/37d968a2e67a6fd04c169c4bdef102d0bc5d31b2546345219e348575eb80e9a0?s=96&d=mm&r=g\",\"url\":\"https:\\\/\\\/secure.gravatar.com\\\/avatar\\\/37d968a2e67a6fd04c169c4bdef102d0bc5d31b2546345219e348575eb80e9a0?s=96&d=mm&r=g\",\"contentUrl\":\"https:\\\/\\\/secure.gravatar.com\\\/avatar\\\/37d968a2e67a6fd04c169c4bdef102d0bc5d31b2546345219e348575eb80e9a0?s=96&d=mm&r=g\",\"caption\":\"redazione\"},\"sameAs\":[\"http:\\\/\\\/www.bellunopress.it\",\"https:\\\/\\\/x.com\\\/bellunopress\"],\"url\":\"https:\\\/\\\/www.bellunopress.it\\\/fr\\\/author\\\/redazione\\\/\"}]}<\/script>\n<!-- \/ Yoast SEO plugin. -->","yoast_head_json":{"title":"Cortina 2021: Piste, digital e sicurezza. La ricetta dei Mondiali appena conclusi - Bellunopress - Dolomiti","robots":{"index":"index","follow":"follow","max-snippet":"max-snippet:-1","max-image-preview":"max-image-preview:large","max-video-preview":"max-video-preview:-1"},"canonical":"https:\/\/www.bellunopress.it\/fr\/2021\/02\/22\/cortina-2021-piste-digital-e-sicurezza-la-ricetta-dei-mondiali-appena-conclusi\/","og_locale":"fr_FR","og_type":"article","og_title":"Cortina 2021: Piste, digital e sicurezza. La ricetta dei Mondiali appena conclusi - Bellunopress - Dolomiti","og_description":"I 46mi Campionati del mondo di sci alpino si sono conclusi: con lo slalom maschile e la Cerimonia di chiusura e la consegna del testimone alla delegazione francese di Courchevel-M\u00e9ribel 2023, Cortina 2021 si \u00e8 congedata dal palcoscenico internazionale dopo due settimane di gare spettacolari e forti emozioni agonistiche. A dispetto delle difficolt\u00e0 che ne [&hellip;]","og_url":"https:\/\/www.bellunopress.it\/fr\/2021\/02\/22\/cortina-2021-piste-digital-e-sicurezza-la-ricetta-dei-mondiali-appena-conclusi\/","og_site_name":"Bellunopress - Dolomiti","article_publisher":"https:\/\/www.facebook.com\/profile.php?id=100008943462799","article_published_time":"2021-02-22T15:04:14+00:00","og_image":[{"width":1000,"height":667,"url":"https:\/\/www.bellunopress.it\/wp-content\/uploads\/2021\/02\/Cortina-2021-\u00a9Pentaphoto_edited.jpg","type":"image\/jpeg"}],"author":"redazione","twitter_card":"summary_large_image","twitter_creator":"@bellunopress","twitter_site":"@bellunopress","twitter_misc":{"\u00c9crit par":"redazione","Dur\u00e9e de lecture estim\u00e9e":"4 minutes"},"schema":{"@context":"https:\/\/schema.org","@graph":[{"@type":"Article","@id":"https:\/\/www.bellunopress.it\/2021\/02\/22\/cortina-2021-piste-digital-e-sicurezza-la-ricetta-dei-mondiali-appena-conclusi\/#article","isPartOf":{"@id":"https:\/\/www.bellunopress.it\/2021\/02\/22\/cortina-2021-piste-digital-e-sicurezza-la-ricetta-dei-mondiali-appena-conclusi\/"},"author":{"name":"redazione","@id":"https:\/\/www.bellunopress.it\/#\/schema\/person\/79bb06722b37ece1c03d3e94beb30d73"},"headline":"Cortina 2021: Piste, digital e sicurezza. La ricetta dei Mondiali appena conclusi","datePublished":"2021-02-22T15:04:14+00:00","mainEntityOfPage":{"@id":"https:\/\/www.bellunopress.it\/2021\/02\/22\/cortina-2021-piste-digital-e-sicurezza-la-ricetta-dei-mondiali-appena-conclusi\/"},"wordCount":637,"publisher":{"@id":"https:\/\/www.bellunopress.it\/#organization"},"image":{"@id":"https:\/\/www.bellunopress.it\/2021\/02\/22\/cortina-2021-piste-digital-e-sicurezza-la-ricetta-dei-mondiali-appena-conclusi\/#primaryimage"},"thumbnailUrl":"https:\/\/www.bellunopress.it\/wp-content\/uploads\/2021\/02\/Cortina-2021-\u00a9Pentaphoto_edited.jpg","articleSection":["Featured","Lavoro, Economia, Turismo","Pausa Caff\u00e8","Prima Pagina","Sport, tempo libero"],"inLanguage":"fr-FR"},{"@type":"WebPage","@id":"https:\/\/www.bellunopress.it\/2021\/02\/22\/cortina-2021-piste-digital-e-sicurezza-la-ricetta-dei-mondiali-appena-conclusi\/","url":"https:\/\/www.bellunopress.it\/2021\/02\/22\/cortina-2021-piste-digital-e-sicurezza-la-ricetta-dei-mondiali-appena-conclusi\/","name":"Cortina 2021: Piste, digital e sicurezza. La ricetta dei Mondiali appena conclusi - Bellunopress - Dolomiti","isPartOf":{"@id":"https:\/\/www.bellunopress.it\/#website"},"primaryImageOfPage":{"@id":"https:\/\/www.bellunopress.it\/2021\/02\/22\/cortina-2021-piste-digital-e-sicurezza-la-ricetta-dei-mondiali-appena-conclusi\/#primaryimage"},"image":{"@id":"https:\/\/www.bellunopress.it\/2021\/02\/22\/cortina-2021-piste-digital-e-sicurezza-la-ricetta-dei-mondiali-appena-conclusi\/#primaryimage"},"thumbnailUrl":"https:\/\/www.bellunopress.it\/wp-content\/uploads\/2021\/02\/Cortina-2021-\u00a9Pentaphoto_edited.jpg","datePublished":"2021-02-22T15:04:14+00:00","breadcrumb":{"@id":"https:\/\/www.bellunopress.it\/2021\/02\/22\/cortina-2021-piste-digital-e-sicurezza-la-ricetta-dei-mondiali-appena-conclusi\/#breadcrumb"},"inLanguage":"fr-FR","potentialAction":[{"@type":"ReadAction","target":["https:\/\/www.bellunopress.it\/2021\/02\/22\/cortina-2021-piste-digital-e-sicurezza-la-ricetta-dei-mondiali-appena-conclusi\/"]}]},{"@type":"ImageObject","inLanguage":"fr-FR","@id":"https:\/\/www.bellunopress.it\/2021\/02\/22\/cortina-2021-piste-digital-e-sicurezza-la-ricetta-dei-mondiali-appena-conclusi\/#primaryimage","url":"https:\/\/www.bellunopress.it\/wp-content\/uploads\/2021\/02\/Cortina-2021-\u00a9Pentaphoto_edited.jpg","contentUrl":"https:\/\/www.bellunopress.it\/wp-content\/uploads\/2021\/02\/Cortina-2021-\u00a9Pentaphoto_edited.jpg","width":1000,"height":667,"caption":"Cortina 2021 Alpine Ski World Championships. Closed Ceremony Cortina d'Ampezzo 21\/02\/2021 Photo: Pentaphoto Gio Auletta"},{"@type":"BreadcrumbList","@id":"https:\/\/www.bellunopress.it\/2021\/02\/22\/cortina-2021-piste-digital-e-sicurezza-la-ricetta-dei-mondiali-appena-conclusi\/#breadcrumb","itemListElement":[{"@type":"ListItem","position":1,"name":"Home","item":"https:\/\/www.bellunopress.it\/"},{"@type":"ListItem","position":2,"name":"Cortina 2021: Piste, digital e sicurezza. La ricetta dei Mondiali appena conclusi"}]},{"@type":"WebSite","@id":"https:\/\/www.bellunopress.it\/#website","url":"https:\/\/www.bellunopress.it\/","name":"Bellunopress - Dolomiti","description":"e-mail: redazione@bellunopress.it","publisher":{"@id":"https:\/\/www.bellunopress.it\/#organization"},"potentialAction":[{"@type":"SearchAction","target":{"@type":"EntryPoint","urlTemplate":"https:\/\/www.bellunopress.it\/?s={search_term_string}"},"query-input":{"@type":"PropertyValueSpecification","valueRequired":true,"valueName":"search_term_string"}}],"inLanguage":"fr-FR"},{"@type":"Organization","@id":"https:\/\/www.bellunopress.it\/#organization","name":"Bellunopress","url":"https:\/\/www.bellunopress.it\/","logo":{"@type":"ImageObject","inLanguage":"fr-FR","@id":"https:\/\/www.bellunopress.it\/#\/schema\/logo\/image\/","url":"https:\/\/www.bellunopress.it\/wp-content\/uploads\/2011\/05\/cropped-logo-bellunopress-.jpg","contentUrl":"https:\/\/www.bellunopress.it\/wp-content\/uploads\/2011\/05\/cropped-logo-bellunopress-.jpg","width":512,"height":512,"caption":"Bellunopress"},"image":{"@id":"https:\/\/www.bellunopress.it\/#\/schema\/logo\/image\/"},"sameAs":["https:\/\/www.facebook.com\/profile.php?id=100008943462799","https:\/\/x.com\/bellunopress","https:\/\/www.linkedin.com\/hp\/?dnr=JBzUWaJfMUw8vbXJJ2tVW5-I3jZKvC4wsoxE&amp;amp;amp;amp;amp;amp;trk=nav_responsive_tab_home","https:\/\/www.youtube.com\/channel\/UCxL0wu1uN0_3_7hGG0306cw"]},{"@type":"Person","@id":"https:\/\/www.bellunopress.it\/#\/schema\/person\/79bb06722b37ece1c03d3e94beb30d73","name":"r\u00e9daction","image":{"@type":"ImageObject","inLanguage":"fr-FR","@id":"https:\/\/secure.gravatar.com\/avatar\/37d968a2e67a6fd04c169c4bdef102d0bc5d31b2546345219e348575eb80e9a0?s=96&d=mm&r=g","url":"https:\/\/secure.gravatar.com\/avatar\/37d968a2e67a6fd04c169c4bdef102d0bc5d31b2546345219e348575eb80e9a0?s=96&d=mm&r=g","contentUrl":"https:\/\/secure.gravatar.com\/avatar\/37d968a2e67a6fd04c169c4bdef102d0bc5d31b2546345219e348575eb80e9a0?s=96&d=mm&r=g","caption":"redazione"},"sameAs":["http:\/\/www.bellunopress.it","https:\/\/x.com\/bellunopress"],"url":"https:\/\/www.bellunopress.it\/fr\/author\/redazione\/"}]}},"_links":{"self":[{"href":"https:\/\/www.bellunopress.it\/fr\/wp-json\/wp\/v2\/posts\/121961","targetHints":{"allow":["GET"]}}],"collection":[{"href":"https:\/\/www.bellunopress.it\/fr\/wp-json\/wp\/v2\/posts"}],"about":[{"href":"https:\/\/www.bellunopress.it\/fr\/wp-json\/wp\/v2\/types\/post"}],"author":[{"embeddable":true,"href":"https:\/\/www.bellunopress.it\/fr\/wp-json\/wp\/v2\/users\/2"}],"replies":[{"embeddable":true,"href":"https:\/\/www.bellunopress.it\/fr\/wp-json\/wp\/v2\/comments?post=121961"}],"version-history":[{"count":2,"href":"https:\/\/www.bellunopress.it\/fr\/wp-json\/wp\/v2\/posts\/121961\/revisions"}],"predecessor-version":[{"id":121964,"href":"https:\/\/www.bellunopress.it\/fr\/wp-json\/wp\/v2\/posts\/121961\/revisions\/121964"}],"wp:featuredmedia":[{"embeddable":true,"href":"https:\/\/www.bellunopress.it\/fr\/wp-json\/wp\/v2\/media\/121962"}],"wp:attachment":[{"href":"https:\/\/www.bellunopress.it\/fr\/wp-json\/wp\/v2\/media?parent=121961"}],"wp:term":[{"taxonomy":"category","embeddable":true,"href":"https:\/\/www.bellunopress.it\/fr\/wp-json\/wp\/v2\/categories?post=121961"},{"taxonomy":"post_tag","embeddable":true,"href":"https:\/\/www.bellunopress.it\/fr\/wp-json\/wp\/v2\/tags?post=121961"}],"curies":[{"name":"wp","href":"https:\/\/api.w.org\/{rel}","templated":true}]}}