{"id":121959,"date":"2021-02-22T14:51:42","date_gmt":"2021-02-22T13:51:42","guid":{"rendered":"http:\/\/www.bellunopress.it\/?p=121959"},"modified":"2021-02-22T14:51:42","modified_gmt":"2021-02-22T13:51:42","slug":"rinviata-alla-primavera-2022-la-mostra-dedicata-al-pittore-luigi-cima","status":"publish","type":"post","link":"https:\/\/www.bellunopress.it\/fr\/2021\/02\/22\/rinviata-alla-primavera-2022-la-mostra-dedicata-al-pittore-luigi-cima\/","title":{"rendered":"Rinviata alla primavera 2022 la mostra dedicata al pittore Luigi Cima"},"content":{"rendered":"<figure id=\"attachment_119165\" aria-describedby=\"caption-attachment-119165\" style=\"width: 800px\" class=\"wp-caption alignleft\"><a href=\"http:\/\/www.bellunopress.it\/fr\/2020\/11\/09\/borgo-valbelluna-rinviati-mostra-ed-eventi-dedicati-a-luigi-cima\/luigi-cima-olio-su-tela-1930_edited\/\" rel=\"attachment wp-att-119165\"><img loading=\"lazy\" decoding=\"async\" class=\"size-full wp-image-119165\" src=\"http:\/\/www.bellunopress.it\/wp-content\/uploads\/2020\/11\/Luigi-Cima-Olio-su-Tela-1930_edited.jpg\" alt=\"\" width=\"800\" height=\"451\" srcset=\"https:\/\/www.bellunopress.it\/wp-content\/uploads\/2020\/11\/Luigi-Cima-Olio-su-Tela-1930_edited.jpg 800w, https:\/\/www.bellunopress.it\/wp-content\/uploads\/2020\/11\/Luigi-Cima-Olio-su-Tela-1930_edited-500x282.jpg 500w, https:\/\/www.bellunopress.it\/wp-content\/uploads\/2020\/11\/Luigi-Cima-Olio-su-Tela-1930_edited-696x392.jpg 696w, https:\/\/www.bellunopress.it\/wp-content\/uploads\/2020\/11\/Luigi-Cima-Olio-su-Tela-1930_edited-745x420.jpg 745w\" sizes=\"auto, (max-width: 800px) 100vw, 800px\" \/><\/a><figcaption id=\"caption-attachment-119165\" class=\"wp-caption-text\">Luigi Cima &#8211; Olio su Tela 1930<\/figcaption><\/figure>\n<p>Borgo Valbelluna, 22febbraio 2021 &#8211; \u201cIl perdurare delle misure restrittive poste in essere dalle Autorit\u00e0 a causa della diffusione del Covid-19 e l\u2019incertezza sulla loro durata inducono questa Amministrazione, in accordo con l\u2019associazione partner nell\u2019organizzazione ArtDolomites, a maturare l\u2019idea di posticipare ad un periodo pi\u00f9 propizio tale evento. La sua importanza e l\u2019impegno che ne deriva ci impongono questa scelta al fine di garantire la massima fruizione e sicurezza da parte del pubblico\u201d.<\/p>\n<p>Cos\u00ec si \u00e8 espresso il sindaco di Borgo Valbelluna Stefano Cesa che ha aggiunto: \u201cLe condizioni che attualmente limitano l\u2019apertura di mostre ed esercizi pubblici fanno anche venir meno l\u2019obiettivo principale per il quale l\u2019evento \u00e8 stato pensato, cio\u00e8 la promozione del nostro territorio a 360\u00b0 e la conseguente valorizzazione di tutti quei settori commerciali ed economici che ne sarebbero coinvolti come ristoranti, bar, punti di accoglienza, ecc.\u201d<\/p>\n<p>Per questo l\u2019Amministrazione Comunale e l\u2019Associazione ArtDolomites hanno ritenuto che la mostra, nei contenuti e nelle modalit\u00e0 gi\u00e0 stabilite, debba essere posticipata a primavera 2022. Hanno pertanto comunicato questa sofferta decisone ai curatori della mostra, ai collezionisti, che hanno dato con piacere la disponibilit\u00e0 nel mettere a disposizione le opere, e agli Sponsor, che hanno dimostrato sensibilit\u00e0 e interesse nel dare fattivo supporto all\u2019iniziativa, ringraziandoli per quanto fatto sino ad ora.<br \/>\nQuesto rinvio consentir\u00e0 di accrescere ancor di pi\u00f9 i programmi e le manifestazioni previste, e perci\u00f2 l\u2019importante appuntamento con il pittore Luigi Cima, cantore della sua terra, \u00e8 solo spostato alla primavera 2022.<\/p>\n<p>&nbsp;<\/p>","protected":false},"excerpt":{"rendered":"<p>Borgo Valbelluna, 22febbraio 2021 &#8211; \u201cIl perdurare delle misure restrittive poste in essere dalle Autorit\u00e0 a causa della diffusione del Covid-19 e l\u2019incertezza sulla loro durata inducono questa Amministrazione, in accordo con l\u2019associazione partner nell\u2019organizzazione ArtDolomites, a maturare l\u2019idea di posticipare ad un periodo pi\u00f9 propizio tale evento. La sua importanza e l\u2019impegno che ne [&hellip;]<\/p>\n","protected":false},"author":2,"featured_media":119165,"comment_status":"closed","ping_status":"open","sticky":false,"template":"","format":"standard","meta":{"footnotes":""},"categories":[3,25],"tags":[],"class_list":["post-121959","post","type-post","status-publish","format-standard","has-post-thumbnail","category-arte-cultura-spettacoli-scienza-archivi","category-pausa-caffe"],"yoast_head":"<!-- This site is optimized with the Yoast SEO plugin v28.4 - https:\/\/yoast.com\/product\/yoast-seo-wordpress\/ -->\n<title>Rinviata alla primavera 2022 la mostra dedicata al pittore Luigi Cima - Bellunopress - Dolomiti<\/title>\n<meta name=\"robots\" content=\"index, follow, max-snippet:-1, max-image-preview:large, max-video-preview:-1\" \/>\n<link rel=\"canonical\" href=\"https:\/\/www.bellunopress.it\/fr\/2021\/02\/22\/rinviata-alla-primavera-2022-la-mostra-dedicata-al-pittore-luigi-cima\/\" \/>\n<meta property=\"og:locale\" content=\"fr_FR\" \/>\n<meta property=\"og:type\" content=\"article\" \/>\n<meta property=\"og:title\" content=\"Rinviata alla primavera 2022 la mostra dedicata al pittore Luigi Cima - Bellunopress - Dolomiti\" \/>\n<meta property=\"og:description\" content=\"Borgo Valbelluna, 22febbraio 2021 &#8211; \u201cIl perdurare delle misure restrittive poste in essere dalle Autorit\u00e0 a causa della diffusione del Covid-19 e l\u2019incertezza sulla loro durata inducono questa Amministrazione, in accordo con l\u2019associazione partner nell\u2019organizzazione ArtDolomites, a maturare l\u2019idea di posticipare ad un periodo pi\u00f9 propizio tale evento. La sua importanza e l\u2019impegno che ne [&hellip;]\" \/>\n<meta property=\"og:url\" content=\"https:\/\/www.bellunopress.it\/fr\/2021\/02\/22\/rinviata-alla-primavera-2022-la-mostra-dedicata-al-pittore-luigi-cima\/\" \/>\n<meta property=\"og:site_name\" content=\"Bellunopress - Dolomiti\" \/>\n<meta property=\"article:publisher\" content=\"https:\/\/www.facebook.com\/profile.php?id=100008943462799\" \/>\n<meta property=\"article:published_time\" content=\"2021-02-22T13:51:42+00:00\" \/>\n<meta property=\"og:image\" content=\"https:\/\/www.bellunopress.it\/wp-content\/uploads\/2020\/11\/Luigi-Cima-Olio-su-Tela-1930_edited.jpg\" \/>\n\t<meta property=\"og:image:width\" content=\"800\" \/>\n\t<meta property=\"og:image:height\" content=\"451\" \/>\n\t<meta property=\"og:image:type\" content=\"image\/jpeg\" \/>\n<meta name=\"author\" content=\"redazione\" \/>\n<meta name=\"twitter:card\" content=\"summary_large_image\" \/>\n<meta name=\"twitter:creator\" content=\"@bellunopress\" \/>\n<meta name=\"twitter:site\" content=\"@bellunopress\" \/>\n<meta name=\"twitter:label1\" content=\"\u00c9crit par\" \/>\n\t<meta name=\"twitter:data1\" content=\"redazione\" \/>\n\t<meta name=\"twitter:label2\" content=\"Dur\u00e9e de lecture estim\u00e9e\" \/>\n\t<meta name=\"twitter:data2\" content=\"2 minutes\" \/>\n<script type=\"application\/ld+json\" class=\"yoast-schema-graph\">{\"@context\":\"https:\\\/\\\/schema.org\",\"@graph\":[{\"@type\":\"Article\",\"@id\":\"https:\\\/\\\/www.bellunopress.it\\\/2021\\\/02\\\/22\\\/rinviata-alla-primavera-2022-la-mostra-dedicata-al-pittore-luigi-cima\\\/#article\",\"isPartOf\":{\"@id\":\"https:\\\/\\\/www.bellunopress.it\\\/2021\\\/02\\\/22\\\/rinviata-alla-primavera-2022-la-mostra-dedicata-al-pittore-luigi-cima\\\/\"},\"author\":{\"name\":\"redazione\",\"@id\":\"https:\\\/\\\/www.bellunopress.it\\\/#\\\/schema\\\/person\\\/79bb06722b37ece1c03d3e94beb30d73\"},\"headline\":\"Rinviata alla primavera 2022 la mostra dedicata al pittore Luigi Cima\",\"datePublished\":\"2021-02-22T13:51:42+00:00\",\"mainEntityOfPage\":{\"@id\":\"https:\\\/\\\/www.bellunopress.it\\\/2021\\\/02\\\/22\\\/rinviata-alla-primavera-2022-la-mostra-dedicata-al-pittore-luigi-cima\\\/\"},\"wordCount\":274,\"publisher\":{\"@id\":\"https:\\\/\\\/www.bellunopress.it\\\/#organization\"},\"image\":{\"@id\":\"https:\\\/\\\/www.bellunopress.it\\\/2021\\\/02\\\/22\\\/rinviata-alla-primavera-2022-la-mostra-dedicata-al-pittore-luigi-cima\\\/#primaryimage\"},\"thumbnailUrl\":\"https:\\\/\\\/www.bellunopress.it\\\/wp-content\\\/uploads\\\/2020\\\/11\\\/Luigi-Cima-Olio-su-Tela-1930_edited.jpg\",\"articleSection\":[\"Arte, Cultura, Spettacoli, Scienza\",\"Pausa Caff\u00e8\"],\"inLanguage\":\"fr-FR\"},{\"@type\":\"WebPage\",\"@id\":\"https:\\\/\\\/www.bellunopress.it\\\/2021\\\/02\\\/22\\\/rinviata-alla-primavera-2022-la-mostra-dedicata-al-pittore-luigi-cima\\\/\",\"url\":\"https:\\\/\\\/www.bellunopress.it\\\/2021\\\/02\\\/22\\\/rinviata-alla-primavera-2022-la-mostra-dedicata-al-pittore-luigi-cima\\\/\",\"name\":\"Rinviata alla primavera 2022 la mostra dedicata al pittore Luigi Cima - Bellunopress - Dolomiti\",\"isPartOf\":{\"@id\":\"https:\\\/\\\/www.bellunopress.it\\\/#website\"},\"primaryImageOfPage\":{\"@id\":\"https:\\\/\\\/www.bellunopress.it\\\/2021\\\/02\\\/22\\\/rinviata-alla-primavera-2022-la-mostra-dedicata-al-pittore-luigi-cima\\\/#primaryimage\"},\"image\":{\"@id\":\"https:\\\/\\\/www.bellunopress.it\\\/2021\\\/02\\\/22\\\/rinviata-alla-primavera-2022-la-mostra-dedicata-al-pittore-luigi-cima\\\/#primaryimage\"},\"thumbnailUrl\":\"https:\\\/\\\/www.bellunopress.it\\\/wp-content\\\/uploads\\\/2020\\\/11\\\/Luigi-Cima-Olio-su-Tela-1930_edited.jpg\",\"datePublished\":\"2021-02-22T13:51:42+00:00\",\"breadcrumb\":{\"@id\":\"https:\\\/\\\/www.bellunopress.it\\\/2021\\\/02\\\/22\\\/rinviata-alla-primavera-2022-la-mostra-dedicata-al-pittore-luigi-cima\\\/#breadcrumb\"},\"inLanguage\":\"fr-FR\",\"potentialAction\":[{\"@type\":\"ReadAction\",\"target\":[\"https:\\\/\\\/www.bellunopress.it\\\/2021\\\/02\\\/22\\\/rinviata-alla-primavera-2022-la-mostra-dedicata-al-pittore-luigi-cima\\\/\"]}]},{\"@type\":\"ImageObject\",\"inLanguage\":\"fr-FR\",\"@id\":\"https:\\\/\\\/www.bellunopress.it\\\/2021\\\/02\\\/22\\\/rinviata-alla-primavera-2022-la-mostra-dedicata-al-pittore-luigi-cima\\\/#primaryimage\",\"url\":\"https:\\\/\\\/www.bellunopress.it\\\/wp-content\\\/uploads\\\/2020\\\/11\\\/Luigi-Cima-Olio-su-Tela-1930_edited.jpg\",\"contentUrl\":\"https:\\\/\\\/www.bellunopress.it\\\/wp-content\\\/uploads\\\/2020\\\/11\\\/Luigi-Cima-Olio-su-Tela-1930_edited.jpg\",\"width\":800,\"height\":451,\"caption\":\"Luigi Cima - Olio su Tela 1930\"},{\"@type\":\"BreadcrumbList\",\"@id\":\"https:\\\/\\\/www.bellunopress.it\\\/2021\\\/02\\\/22\\\/rinviata-alla-primavera-2022-la-mostra-dedicata-al-pittore-luigi-cima\\\/#breadcrumb\",\"itemListElement\":[{\"@type\":\"ListItem\",\"position\":1,\"name\":\"Home\",\"item\":\"https:\\\/\\\/www.bellunopress.it\\\/\"},{\"@type\":\"ListItem\",\"position\":2,\"name\":\"Rinviata alla primavera 2022 la mostra dedicata al pittore Luigi Cima\"}]},{\"@type\":\"WebSite\",\"@id\":\"https:\\\/\\\/www.bellunopress.it\\\/#website\",\"url\":\"https:\\\/\\\/www.bellunopress.it\\\/\",\"name\":\"Bellunopress - Dolomiti\",\"description\":\"e-mail: redazione@bellunopress.it\",\"publisher\":{\"@id\":\"https:\\\/\\\/www.bellunopress.it\\\/#organization\"},\"potentialAction\":[{\"@type\":\"SearchAction\",\"target\":{\"@type\":\"EntryPoint\",\"urlTemplate\":\"https:\\\/\\\/www.bellunopress.it\\\/?s={search_term_string}\"},\"query-input\":{\"@type\":\"PropertyValueSpecification\",\"valueRequired\":true,\"valueName\":\"search_term_string\"}}],\"inLanguage\":\"fr-FR\"},{\"@type\":\"Organization\",\"@id\":\"https:\\\/\\\/www.bellunopress.it\\\/#organization\",\"name\":\"Bellunopress\",\"url\":\"https:\\\/\\\/www.bellunopress.it\\\/\",\"logo\":{\"@type\":\"ImageObject\",\"inLanguage\":\"fr-FR\",\"@id\":\"https:\\\/\\\/www.bellunopress.it\\\/#\\\/schema\\\/logo\\\/image\\\/\",\"url\":\"https:\\\/\\\/www.bellunopress.it\\\/wp-content\\\/uploads\\\/2011\\\/05\\\/cropped-logo-bellunopress-.jpg\",\"contentUrl\":\"https:\\\/\\\/www.bellunopress.it\\\/wp-content\\\/uploads\\\/2011\\\/05\\\/cropped-logo-bellunopress-.jpg\",\"width\":512,\"height\":512,\"caption\":\"Bellunopress\"},\"image\":{\"@id\":\"https:\\\/\\\/www.bellunopress.it\\\/#\\\/schema\\\/logo\\\/image\\\/\"},\"sameAs\":[\"https:\\\/\\\/www.facebook.com\\\/profile.php?id=100008943462799\",\"https:\\\/\\\/x.com\\\/bellunopress\",\"https:\\\/\\\/www.linkedin.com\\\/hp\\\/?dnr=JBzUWaJfMUw8vbXJJ2tVW5-I3jZKvC4wsoxE&amp;amp;amp;amp;amp;amp;trk=nav_responsive_tab_home\",\"https:\\\/\\\/www.youtube.com\\\/channel\\\/UCxL0wu1uN0_3_7hGG0306cw\"]},{\"@type\":\"Person\",\"@id\":\"https:\\\/\\\/www.bellunopress.it\\\/#\\\/schema\\\/person\\\/79bb06722b37ece1c03d3e94beb30d73\",\"name\":\"redazione\",\"image\":{\"@type\":\"ImageObject\",\"inLanguage\":\"fr-FR\",\"@id\":\"https:\\\/\\\/secure.gravatar.com\\\/avatar\\\/37d968a2e67a6fd04c169c4bdef102d0bc5d31b2546345219e348575eb80e9a0?s=96&d=mm&r=g\",\"url\":\"https:\\\/\\\/secure.gravatar.com\\\/avatar\\\/37d968a2e67a6fd04c169c4bdef102d0bc5d31b2546345219e348575eb80e9a0?s=96&d=mm&r=g\",\"contentUrl\":\"https:\\\/\\\/secure.gravatar.com\\\/avatar\\\/37d968a2e67a6fd04c169c4bdef102d0bc5d31b2546345219e348575eb80e9a0?s=96&d=mm&r=g\",\"caption\":\"redazione\"},\"sameAs\":[\"http:\\\/\\\/www.bellunopress.it\",\"https:\\\/\\\/x.com\\\/bellunopress\"],\"url\":\"https:\\\/\\\/www.bellunopress.it\\\/fr\\\/author\\\/redazione\\\/\"}]}<\/script>\n<!-- \/ Yoast SEO plugin. -->","yoast_head_json":{"title":"Rinviata alla primavera 2022 la mostra dedicata al pittore Luigi Cima - Bellunopress - Dolomiti","robots":{"index":"index","follow":"follow","max-snippet":"max-snippet:-1","max-image-preview":"max-image-preview:large","max-video-preview":"max-video-preview:-1"},"canonical":"https:\/\/www.bellunopress.it\/fr\/2021\/02\/22\/rinviata-alla-primavera-2022-la-mostra-dedicata-al-pittore-luigi-cima\/","og_locale":"fr_FR","og_type":"article","og_title":"Rinviata alla primavera 2022 la mostra dedicata al pittore Luigi Cima - Bellunopress - Dolomiti","og_description":"Borgo Valbelluna, 22febbraio 2021 &#8211; \u201cIl perdurare delle misure restrittive poste in essere dalle Autorit\u00e0 a causa della diffusione del Covid-19 e l\u2019incertezza sulla loro durata inducono questa Amministrazione, in accordo con l\u2019associazione partner nell\u2019organizzazione ArtDolomites, a maturare l\u2019idea di posticipare ad un periodo pi\u00f9 propizio tale evento. La sua importanza e l\u2019impegno che ne [&hellip;]","og_url":"https:\/\/www.bellunopress.it\/fr\/2021\/02\/22\/rinviata-alla-primavera-2022-la-mostra-dedicata-al-pittore-luigi-cima\/","og_site_name":"Bellunopress - Dolomiti","article_publisher":"https:\/\/www.facebook.com\/profile.php?id=100008943462799","article_published_time":"2021-02-22T13:51:42+00:00","og_image":[{"width":800,"height":451,"url":"https:\/\/www.bellunopress.it\/wp-content\/uploads\/2020\/11\/Luigi-Cima-Olio-su-Tela-1930_edited.jpg","type":"image\/jpeg"}],"author":"redazione","twitter_card":"summary_large_image","twitter_creator":"@bellunopress","twitter_site":"@bellunopress","twitter_misc":{"\u00c9crit par":"redazione","Dur\u00e9e de lecture estim\u00e9e":"2 minutes"},"schema":{"@context":"https:\/\/schema.org","@graph":[{"@type":"Article","@id":"https:\/\/www.bellunopress.it\/2021\/02\/22\/rinviata-alla-primavera-2022-la-mostra-dedicata-al-pittore-luigi-cima\/#article","isPartOf":{"@id":"https:\/\/www.bellunopress.it\/2021\/02\/22\/rinviata-alla-primavera-2022-la-mostra-dedicata-al-pittore-luigi-cima\/"},"author":{"name":"redazione","@id":"https:\/\/www.bellunopress.it\/#\/schema\/person\/79bb06722b37ece1c03d3e94beb30d73"},"headline":"Rinviata alla primavera 2022 la mostra dedicata al pittore Luigi Cima","datePublished":"2021-02-22T13:51:42+00:00","mainEntityOfPage":{"@id":"https:\/\/www.bellunopress.it\/2021\/02\/22\/rinviata-alla-primavera-2022-la-mostra-dedicata-al-pittore-luigi-cima\/"},"wordCount":274,"publisher":{"@id":"https:\/\/www.bellunopress.it\/#organization"},"image":{"@id":"https:\/\/www.bellunopress.it\/2021\/02\/22\/rinviata-alla-primavera-2022-la-mostra-dedicata-al-pittore-luigi-cima\/#primaryimage"},"thumbnailUrl":"https:\/\/www.bellunopress.it\/wp-content\/uploads\/2020\/11\/Luigi-Cima-Olio-su-Tela-1930_edited.jpg","articleSection":["Arte, Cultura, Spettacoli, Scienza","Pausa Caff\u00e8"],"inLanguage":"fr-FR"},{"@type":"WebPage","@id":"https:\/\/www.bellunopress.it\/2021\/02\/22\/rinviata-alla-primavera-2022-la-mostra-dedicata-al-pittore-luigi-cima\/","url":"https:\/\/www.bellunopress.it\/2021\/02\/22\/rinviata-alla-primavera-2022-la-mostra-dedicata-al-pittore-luigi-cima\/","name":"Rinviata alla primavera 2022 la mostra dedicata al pittore Luigi Cima - Bellunopress - Dolomiti","isPartOf":{"@id":"https:\/\/www.bellunopress.it\/#website"},"primaryImageOfPage":{"@id":"https:\/\/www.bellunopress.it\/2021\/02\/22\/rinviata-alla-primavera-2022-la-mostra-dedicata-al-pittore-luigi-cima\/#primaryimage"},"image":{"@id":"https:\/\/www.bellunopress.it\/2021\/02\/22\/rinviata-alla-primavera-2022-la-mostra-dedicata-al-pittore-luigi-cima\/#primaryimage"},"thumbnailUrl":"https:\/\/www.bellunopress.it\/wp-content\/uploads\/2020\/11\/Luigi-Cima-Olio-su-Tela-1930_edited.jpg","datePublished":"2021-02-22T13:51:42+00:00","breadcrumb":{"@id":"https:\/\/www.bellunopress.it\/2021\/02\/22\/rinviata-alla-primavera-2022-la-mostra-dedicata-al-pittore-luigi-cima\/#breadcrumb"},"inLanguage":"fr-FR","potentialAction":[{"@type":"ReadAction","target":["https:\/\/www.bellunopress.it\/2021\/02\/22\/rinviata-alla-primavera-2022-la-mostra-dedicata-al-pittore-luigi-cima\/"]}]},{"@type":"ImageObject","inLanguage":"fr-FR","@id":"https:\/\/www.bellunopress.it\/2021\/02\/22\/rinviata-alla-primavera-2022-la-mostra-dedicata-al-pittore-luigi-cima\/#primaryimage","url":"https:\/\/www.bellunopress.it\/wp-content\/uploads\/2020\/11\/Luigi-Cima-Olio-su-Tela-1930_edited.jpg","contentUrl":"https:\/\/www.bellunopress.it\/wp-content\/uploads\/2020\/11\/Luigi-Cima-Olio-su-Tela-1930_edited.jpg","width":800,"height":451,"caption":"Luigi Cima - Olio su Tela 1930"},{"@type":"BreadcrumbList","@id":"https:\/\/www.bellunopress.it\/2021\/02\/22\/rinviata-alla-primavera-2022-la-mostra-dedicata-al-pittore-luigi-cima\/#breadcrumb","itemListElement":[{"@type":"ListItem","position":1,"name":"Home","item":"https:\/\/www.bellunopress.it\/"},{"@type":"ListItem","position":2,"name":"Rinviata alla primavera 2022 la mostra dedicata al pittore Luigi Cima"}]},{"@type":"WebSite","@id":"https:\/\/www.bellunopress.it\/#website","url":"https:\/\/www.bellunopress.it\/","name":"Bellunopress - Dolomiti","description":"e-mail: redazione@bellunopress.it","publisher":{"@id":"https:\/\/www.bellunopress.it\/#organization"},"potentialAction":[{"@type":"SearchAction","target":{"@type":"EntryPoint","urlTemplate":"https:\/\/www.bellunopress.it\/?s={search_term_string}"},"query-input":{"@type":"PropertyValueSpecification","valueRequired":true,"valueName":"search_term_string"}}],"inLanguage":"fr-FR"},{"@type":"Organization","@id":"https:\/\/www.bellunopress.it\/#organization","name":"Bellunopress","url":"https:\/\/www.bellunopress.it\/","logo":{"@type":"ImageObject","inLanguage":"fr-FR","@id":"https:\/\/www.bellunopress.it\/#\/schema\/logo\/image\/","url":"https:\/\/www.bellunopress.it\/wp-content\/uploads\/2011\/05\/cropped-logo-bellunopress-.jpg","contentUrl":"https:\/\/www.bellunopress.it\/wp-content\/uploads\/2011\/05\/cropped-logo-bellunopress-.jpg","width":512,"height":512,"caption":"Bellunopress"},"image":{"@id":"https:\/\/www.bellunopress.it\/#\/schema\/logo\/image\/"},"sameAs":["https:\/\/www.facebook.com\/profile.php?id=100008943462799","https:\/\/x.com\/bellunopress","https:\/\/www.linkedin.com\/hp\/?dnr=JBzUWaJfMUw8vbXJJ2tVW5-I3jZKvC4wsoxE&amp;amp;amp;amp;amp;amp;trk=nav_responsive_tab_home","https:\/\/www.youtube.com\/channel\/UCxL0wu1uN0_3_7hGG0306cw"]},{"@type":"Person","@id":"https:\/\/www.bellunopress.it\/#\/schema\/person\/79bb06722b37ece1c03d3e94beb30d73","name":"r\u00e9daction","image":{"@type":"ImageObject","inLanguage":"fr-FR","@id":"https:\/\/secure.gravatar.com\/avatar\/37d968a2e67a6fd04c169c4bdef102d0bc5d31b2546345219e348575eb80e9a0?s=96&d=mm&r=g","url":"https:\/\/secure.gravatar.com\/avatar\/37d968a2e67a6fd04c169c4bdef102d0bc5d31b2546345219e348575eb80e9a0?s=96&d=mm&r=g","contentUrl":"https:\/\/secure.gravatar.com\/avatar\/37d968a2e67a6fd04c169c4bdef102d0bc5d31b2546345219e348575eb80e9a0?s=96&d=mm&r=g","caption":"redazione"},"sameAs":["http:\/\/www.bellunopress.it","https:\/\/x.com\/bellunopress"],"url":"https:\/\/www.bellunopress.it\/fr\/author\/redazione\/"}]}},"_links":{"self":[{"href":"https:\/\/www.bellunopress.it\/fr\/wp-json\/wp\/v2\/posts\/121959","targetHints":{"allow":["GET"]}}],"collection":[{"href":"https:\/\/www.bellunopress.it\/fr\/wp-json\/wp\/v2\/posts"}],"about":[{"href":"https:\/\/www.bellunopress.it\/fr\/wp-json\/wp\/v2\/types\/post"}],"author":[{"embeddable":true,"href":"https:\/\/www.bellunopress.it\/fr\/wp-json\/wp\/v2\/users\/2"}],"replies":[{"embeddable":true,"href":"https:\/\/www.bellunopress.it\/fr\/wp-json\/wp\/v2\/comments?post=121959"}],"version-history":[{"count":1,"href":"https:\/\/www.bellunopress.it\/fr\/wp-json\/wp\/v2\/posts\/121959\/revisions"}],"predecessor-version":[{"id":121960,"href":"https:\/\/www.bellunopress.it\/fr\/wp-json\/wp\/v2\/posts\/121959\/revisions\/121960"}],"wp:featuredmedia":[{"embeddable":true,"href":"https:\/\/www.bellunopress.it\/fr\/wp-json\/wp\/v2\/media\/119165"}],"wp:attachment":[{"href":"https:\/\/www.bellunopress.it\/fr\/wp-json\/wp\/v2\/media?parent=121959"}],"wp:term":[{"taxonomy":"category","embeddable":true,"href":"https:\/\/www.bellunopress.it\/fr\/wp-json\/wp\/v2\/categories?post=121959"},{"taxonomy":"post_tag","embeddable":true,"href":"https:\/\/www.bellunopress.it\/fr\/wp-json\/wp\/v2\/tags?post=121959"}],"curies":[{"name":"wp","href":"https:\/\/api.w.org\/{rel}","templated":true}]}}