{"id":121957,"date":"2021-02-22T14:44:31","date_gmt":"2021-02-22T13:44:31","guid":{"rendered":"http:\/\/www.bellunopress.it\/?p=121957"},"modified":"2021-02-22T14:44:31","modified_gmt":"2021-02-22T13:44:31","slug":"pericolo-valanghe-fase-di-attenzione-grado-2-3","status":"publish","type":"post","link":"https:\/\/www.bellunopress.it\/fr\/2021\/02\/22\/pericolo-valanghe-fase-di-attenzione-grado-2-3\/","title":{"rendered":"Pericolo valanghe. Fase di attenzione grado 2-3"},"content":{"rendered":"<p><a href=\"http:\/\/www.bellunopress.it\/fr\/2021\/01\/23\/forte-rischio-valanghe-livello-4\/rischio-valanghe-scala-pericolo_edited\/\" rel=\"attachment wp-att-121120\"><img loading=\"lazy\" decoding=\"async\" class=\"alignleft size-full wp-image-121120\" src=\"http:\/\/www.bellunopress.it\/wp-content\/uploads\/2021\/01\/rischio-valanghe-scala-pericolo_edited.jpg\" alt=\"\" width=\"577\" height=\"581\" srcset=\"https:\/\/www.bellunopress.it\/wp-content\/uploads\/2021\/01\/rischio-valanghe-scala-pericolo_edited.jpg 577w, https:\/\/www.bellunopress.it\/wp-content\/uploads\/2021\/01\/rischio-valanghe-scala-pericolo_edited-497x500.jpg 497w, https:\/\/www.bellunopress.it\/wp-content\/uploads\/2021\/01\/rischio-valanghe-scala-pericolo_edited-417x420.jpg 417w\" sizes=\"auto, (max-width: 577px) 100vw, 577px\" \/><\/a>Venezia, 22 febbraio 2021 &#8211;\u00a0Il Centro Funzionale Decentrato della Regione del Veneto ha decretato la fase operativa di attenzione nelle aree montane del Veneto per rischio valanghe a partire dalle ore 12 di oggi 22 febbraio a causa dell\u2019innalzamento delle temperature.<\/p>\n<p>Le previsioni meteo indicano che, con il sensibile rialzo termico diurno, il manto nevoso subisce un indebolimento in particolar modo lungo i pendii ripidi meridionali sotto i 2400\/2600 m. Questa situazione di instabilit\u00e0 di stampo primaverile \u00e8 accentuata a partire dalle pi\u00f9 calde della giornata dove vengono favoriti i distacchi di valanghe di neve bagnata e da slittamento di fondo.<\/p>\n<p>Il grado di pericolo valanghe su MONT-1 e MONT-2 \u00e8 in generale Moderato (grado 2) al mattino ma \u00e8 in rapido aumento a Marcato (grado 3) con il riscaldamento del sole. Con questa situazione, l\u2019attivit\u00e0 valanghiva spontanea potr\u00e0 interessare temporaneamente singole aree antropizzate pi\u00f9 esposte e, in singoli casi, non si esclude che le valanghe possano raggiungere il fondovalle.<\/p>\n<p>Per i prossimi giorni ancora bel tempo e contesto termico mite anche in quota soprattutto durante le ore diurne.<\/p>\n<p>Il pericolo di valanghe non subir\u00e0 variazioni pertanto continuer\u00e0 a rimanere in generale Moderato (grado 2) al mattino e in rapido aumento a Marcato (grado 3) con il riscaldamento diurno. L\u2019attivit\u00e0 valanghiva spontanea potr\u00e0 sempre interessare temporaneamente singole aree antropizzate pi\u00f9 esposte e, in singoli casi, non si esclude che le valanghe possano raggiungere il fondovalle.<\/p>","protected":false},"excerpt":{"rendered":"<p>Venezia, 22 febbraio 2021 &#8211;\u00a0Il Centro Funzionale Decentrato della Regione del Veneto ha decretato la fase operativa di attenzione nelle aree montane del Veneto per rischio valanghe a partire dalle ore 12 di oggi 22 febbraio a causa dell\u2019innalzamento delle temperature. Le previsioni meteo indicano che, con il sensibile rialzo termico diurno, il manto nevoso [&hellip;]<\/p>\n","protected":false},"author":2,"featured_media":121120,"comment_status":"closed","ping_status":"open","sticky":false,"template":"","format":"standard","meta":{"footnotes":""},"categories":[38,25],"tags":[],"class_list":["post-121957","post","type-post","status-publish","format-standard","has-post-thumbnail","category-natura-ambiente","category-pausa-caffe"],"yoast_head":"<!-- This site is optimized with the Yoast SEO plugin v28.4 - https:\/\/yoast.com\/product\/yoast-seo-wordpress\/ -->\n<title>Pericolo valanghe. Fase di attenzione grado 2-3 - Bellunopress - Dolomiti<\/title>\n<meta name=\"robots\" content=\"index, follow, max-snippet:-1, max-image-preview:large, max-video-preview:-1\" \/>\n<link rel=\"canonical\" href=\"https:\/\/www.bellunopress.it\/fr\/2021\/02\/22\/pericolo-valanghe-fase-di-attenzione-grado-2-3\/\" \/>\n<meta property=\"og:locale\" content=\"fr_FR\" \/>\n<meta property=\"og:type\" content=\"article\" \/>\n<meta property=\"og:title\" content=\"Pericolo valanghe. Fase di attenzione grado 2-3 - Bellunopress - Dolomiti\" \/>\n<meta property=\"og:description\" content=\"Venezia, 22 febbraio 2021 &#8211;\u00a0Il Centro Funzionale Decentrato della Regione del Veneto ha decretato la fase operativa di attenzione nelle aree montane del Veneto per rischio valanghe a partire dalle ore 12 di oggi 22 febbraio a causa dell\u2019innalzamento delle temperature. Le previsioni meteo indicano che, con il sensibile rialzo termico diurno, il manto nevoso [&hellip;]\" \/>\n<meta property=\"og:url\" content=\"https:\/\/www.bellunopress.it\/fr\/2021\/02\/22\/pericolo-valanghe-fase-di-attenzione-grado-2-3\/\" \/>\n<meta property=\"og:site_name\" content=\"Bellunopress - Dolomiti\" \/>\n<meta property=\"article:publisher\" content=\"https:\/\/www.facebook.com\/profile.php?id=100008943462799\" \/>\n<meta property=\"article:published_time\" content=\"2021-02-22T13:44:31+00:00\" \/>\n<meta property=\"og:image\" content=\"https:\/\/www.bellunopress.it\/wp-content\/uploads\/2021\/01\/rischio-valanghe-scala-pericolo_edited.jpg\" \/>\n\t<meta property=\"og:image:width\" content=\"577\" \/>\n\t<meta property=\"og:image:height\" content=\"581\" \/>\n\t<meta property=\"og:image:type\" content=\"image\/jpeg\" \/>\n<meta name=\"author\" content=\"redazione\" \/>\n<meta name=\"twitter:card\" content=\"summary_large_image\" \/>\n<meta name=\"twitter:creator\" content=\"@bellunopress\" \/>\n<meta name=\"twitter:site\" content=\"@bellunopress\" \/>\n<meta name=\"twitter:label1\" content=\"\u00c9crit par\" \/>\n\t<meta name=\"twitter:data1\" content=\"redazione\" \/>\n\t<meta name=\"twitter:label2\" content=\"Dur\u00e9e de lecture estim\u00e9e\" \/>\n\t<meta name=\"twitter:data2\" content=\"2 minutes\" \/>\n<script type=\"application\/ld+json\" class=\"yoast-schema-graph\">{\"@context\":\"https:\\\/\\\/schema.org\",\"@graph\":[{\"@type\":\"Article\",\"@id\":\"https:\\\/\\\/www.bellunopress.it\\\/2021\\\/02\\\/22\\\/pericolo-valanghe-fase-di-attenzione-grado-2-3\\\/#article\",\"isPartOf\":{\"@id\":\"https:\\\/\\\/www.bellunopress.it\\\/2021\\\/02\\\/22\\\/pericolo-valanghe-fase-di-attenzione-grado-2-3\\\/\"},\"author\":{\"name\":\"redazione\",\"@id\":\"https:\\\/\\\/www.bellunopress.it\\\/#\\\/schema\\\/person\\\/79bb06722b37ece1c03d3e94beb30d73\"},\"headline\":\"Pericolo valanghe. Fase di attenzione grado 2-3\",\"datePublished\":\"2021-02-22T13:44:31+00:00\",\"mainEntityOfPage\":{\"@id\":\"https:\\\/\\\/www.bellunopress.it\\\/2021\\\/02\\\/22\\\/pericolo-valanghe-fase-di-attenzione-grado-2-3\\\/\"},\"wordCount\":234,\"publisher\":{\"@id\":\"https:\\\/\\\/www.bellunopress.it\\\/#organization\"},\"image\":{\"@id\":\"https:\\\/\\\/www.bellunopress.it\\\/2021\\\/02\\\/22\\\/pericolo-valanghe-fase-di-attenzione-grado-2-3\\\/#primaryimage\"},\"thumbnailUrl\":\"https:\\\/\\\/www.bellunopress.it\\\/wp-content\\\/uploads\\\/2021\\\/01\\\/rischio-valanghe-scala-pericolo_edited.jpg\",\"articleSection\":[\"Meteo, natura, ambiente, animali\",\"Pausa Caff\u00e8\"],\"inLanguage\":\"fr-FR\"},{\"@type\":\"WebPage\",\"@id\":\"https:\\\/\\\/www.bellunopress.it\\\/2021\\\/02\\\/22\\\/pericolo-valanghe-fase-di-attenzione-grado-2-3\\\/\",\"url\":\"https:\\\/\\\/www.bellunopress.it\\\/2021\\\/02\\\/22\\\/pericolo-valanghe-fase-di-attenzione-grado-2-3\\\/\",\"name\":\"Pericolo valanghe. Fase di attenzione grado 2-3 - Bellunopress - Dolomiti\",\"isPartOf\":{\"@id\":\"https:\\\/\\\/www.bellunopress.it\\\/#website\"},\"primaryImageOfPage\":{\"@id\":\"https:\\\/\\\/www.bellunopress.it\\\/2021\\\/02\\\/22\\\/pericolo-valanghe-fase-di-attenzione-grado-2-3\\\/#primaryimage\"},\"image\":{\"@id\":\"https:\\\/\\\/www.bellunopress.it\\\/2021\\\/02\\\/22\\\/pericolo-valanghe-fase-di-attenzione-grado-2-3\\\/#primaryimage\"},\"thumbnailUrl\":\"https:\\\/\\\/www.bellunopress.it\\\/wp-content\\\/uploads\\\/2021\\\/01\\\/rischio-valanghe-scala-pericolo_edited.jpg\",\"datePublished\":\"2021-02-22T13:44:31+00:00\",\"breadcrumb\":{\"@id\":\"https:\\\/\\\/www.bellunopress.it\\\/2021\\\/02\\\/22\\\/pericolo-valanghe-fase-di-attenzione-grado-2-3\\\/#breadcrumb\"},\"inLanguage\":\"fr-FR\",\"potentialAction\":[{\"@type\":\"ReadAction\",\"target\":[\"https:\\\/\\\/www.bellunopress.it\\\/2021\\\/02\\\/22\\\/pericolo-valanghe-fase-di-attenzione-grado-2-3\\\/\"]}]},{\"@type\":\"ImageObject\",\"inLanguage\":\"fr-FR\",\"@id\":\"https:\\\/\\\/www.bellunopress.it\\\/2021\\\/02\\\/22\\\/pericolo-valanghe-fase-di-attenzione-grado-2-3\\\/#primaryimage\",\"url\":\"https:\\\/\\\/www.bellunopress.it\\\/wp-content\\\/uploads\\\/2021\\\/01\\\/rischio-valanghe-scala-pericolo_edited.jpg\",\"contentUrl\":\"https:\\\/\\\/www.bellunopress.it\\\/wp-content\\\/uploads\\\/2021\\\/01\\\/rischio-valanghe-scala-pericolo_edited.jpg\",\"width\":577,\"height\":581},{\"@type\":\"BreadcrumbList\",\"@id\":\"https:\\\/\\\/www.bellunopress.it\\\/2021\\\/02\\\/22\\\/pericolo-valanghe-fase-di-attenzione-grado-2-3\\\/#breadcrumb\",\"itemListElement\":[{\"@type\":\"ListItem\",\"position\":1,\"name\":\"Home\",\"item\":\"https:\\\/\\\/www.bellunopress.it\\\/\"},{\"@type\":\"ListItem\",\"position\":2,\"name\":\"Pericolo valanghe. Fase di attenzione grado 2-3\"}]},{\"@type\":\"WebSite\",\"@id\":\"https:\\\/\\\/www.bellunopress.it\\\/#website\",\"url\":\"https:\\\/\\\/www.bellunopress.it\\\/\",\"name\":\"Bellunopress - Dolomiti\",\"description\":\"e-mail: redazione@bellunopress.it\",\"publisher\":{\"@id\":\"https:\\\/\\\/www.bellunopress.it\\\/#organization\"},\"potentialAction\":[{\"@type\":\"SearchAction\",\"target\":{\"@type\":\"EntryPoint\",\"urlTemplate\":\"https:\\\/\\\/www.bellunopress.it\\\/?s={search_term_string}\"},\"query-input\":{\"@type\":\"PropertyValueSpecification\",\"valueRequired\":true,\"valueName\":\"search_term_string\"}}],\"inLanguage\":\"fr-FR\"},{\"@type\":\"Organization\",\"@id\":\"https:\\\/\\\/www.bellunopress.it\\\/#organization\",\"name\":\"Bellunopress\",\"url\":\"https:\\\/\\\/www.bellunopress.it\\\/\",\"logo\":{\"@type\":\"ImageObject\",\"inLanguage\":\"fr-FR\",\"@id\":\"https:\\\/\\\/www.bellunopress.it\\\/#\\\/schema\\\/logo\\\/image\\\/\",\"url\":\"https:\\\/\\\/www.bellunopress.it\\\/wp-content\\\/uploads\\\/2011\\\/05\\\/cropped-logo-bellunopress-.jpg\",\"contentUrl\":\"https:\\\/\\\/www.bellunopress.it\\\/wp-content\\\/uploads\\\/2011\\\/05\\\/cropped-logo-bellunopress-.jpg\",\"width\":512,\"height\":512,\"caption\":\"Bellunopress\"},\"image\":{\"@id\":\"https:\\\/\\\/www.bellunopress.it\\\/#\\\/schema\\\/logo\\\/image\\\/\"},\"sameAs\":[\"https:\\\/\\\/www.facebook.com\\\/profile.php?id=100008943462799\",\"https:\\\/\\\/x.com\\\/bellunopress\",\"https:\\\/\\\/www.linkedin.com\\\/hp\\\/?dnr=JBzUWaJfMUw8vbXJJ2tVW5-I3jZKvC4wsoxE&amp;amp;amp;amp;amp;amp;trk=nav_responsive_tab_home\",\"https:\\\/\\\/www.youtube.com\\\/channel\\\/UCxL0wu1uN0_3_7hGG0306cw\"]},{\"@type\":\"Person\",\"@id\":\"https:\\\/\\\/www.bellunopress.it\\\/#\\\/schema\\\/person\\\/79bb06722b37ece1c03d3e94beb30d73\",\"name\":\"redazione\",\"image\":{\"@type\":\"ImageObject\",\"inLanguage\":\"fr-FR\",\"@id\":\"https:\\\/\\\/secure.gravatar.com\\\/avatar\\\/37d968a2e67a6fd04c169c4bdef102d0bc5d31b2546345219e348575eb80e9a0?s=96&d=mm&r=g\",\"url\":\"https:\\\/\\\/secure.gravatar.com\\\/avatar\\\/37d968a2e67a6fd04c169c4bdef102d0bc5d31b2546345219e348575eb80e9a0?s=96&d=mm&r=g\",\"contentUrl\":\"https:\\\/\\\/secure.gravatar.com\\\/avatar\\\/37d968a2e67a6fd04c169c4bdef102d0bc5d31b2546345219e348575eb80e9a0?s=96&d=mm&r=g\",\"caption\":\"redazione\"},\"sameAs\":[\"http:\\\/\\\/www.bellunopress.it\",\"https:\\\/\\\/x.com\\\/bellunopress\"],\"url\":\"https:\\\/\\\/www.bellunopress.it\\\/fr\\\/author\\\/redazione\\\/\"}]}<\/script>\n<!-- \/ Yoast SEO plugin. -->","yoast_head_json":{"title":"Pericolo valanghe. Fase di attenzione grado 2-3 - Bellunopress - Dolomiti","robots":{"index":"index","follow":"follow","max-snippet":"max-snippet:-1","max-image-preview":"max-image-preview:large","max-video-preview":"max-video-preview:-1"},"canonical":"https:\/\/www.bellunopress.it\/fr\/2021\/02\/22\/pericolo-valanghe-fase-di-attenzione-grado-2-3\/","og_locale":"fr_FR","og_type":"article","og_title":"Pericolo valanghe. Fase di attenzione grado 2-3 - Bellunopress - Dolomiti","og_description":"Venezia, 22 febbraio 2021 &#8211;\u00a0Il Centro Funzionale Decentrato della Regione del Veneto ha decretato la fase operativa di attenzione nelle aree montane del Veneto per rischio valanghe a partire dalle ore 12 di oggi 22 febbraio a causa dell\u2019innalzamento delle temperature. Le previsioni meteo indicano che, con il sensibile rialzo termico diurno, il manto nevoso [&hellip;]","og_url":"https:\/\/www.bellunopress.it\/fr\/2021\/02\/22\/pericolo-valanghe-fase-di-attenzione-grado-2-3\/","og_site_name":"Bellunopress - Dolomiti","article_publisher":"https:\/\/www.facebook.com\/profile.php?id=100008943462799","article_published_time":"2021-02-22T13:44:31+00:00","og_image":[{"width":577,"height":581,"url":"https:\/\/www.bellunopress.it\/wp-content\/uploads\/2021\/01\/rischio-valanghe-scala-pericolo_edited.jpg","type":"image\/jpeg"}],"author":"redazione","twitter_card":"summary_large_image","twitter_creator":"@bellunopress","twitter_site":"@bellunopress","twitter_misc":{"\u00c9crit par":"redazione","Dur\u00e9e de lecture estim\u00e9e":"2 minutes"},"schema":{"@context":"https:\/\/schema.org","@graph":[{"@type":"Article","@id":"https:\/\/www.bellunopress.it\/2021\/02\/22\/pericolo-valanghe-fase-di-attenzione-grado-2-3\/#article","isPartOf":{"@id":"https:\/\/www.bellunopress.it\/2021\/02\/22\/pericolo-valanghe-fase-di-attenzione-grado-2-3\/"},"author":{"name":"redazione","@id":"https:\/\/www.bellunopress.it\/#\/schema\/person\/79bb06722b37ece1c03d3e94beb30d73"},"headline":"Pericolo valanghe. Fase di attenzione grado 2-3","datePublished":"2021-02-22T13:44:31+00:00","mainEntityOfPage":{"@id":"https:\/\/www.bellunopress.it\/2021\/02\/22\/pericolo-valanghe-fase-di-attenzione-grado-2-3\/"},"wordCount":234,"publisher":{"@id":"https:\/\/www.bellunopress.it\/#organization"},"image":{"@id":"https:\/\/www.bellunopress.it\/2021\/02\/22\/pericolo-valanghe-fase-di-attenzione-grado-2-3\/#primaryimage"},"thumbnailUrl":"https:\/\/www.bellunopress.it\/wp-content\/uploads\/2021\/01\/rischio-valanghe-scala-pericolo_edited.jpg","articleSection":["Meteo, natura, ambiente, animali","Pausa Caff\u00e8"],"inLanguage":"fr-FR"},{"@type":"WebPage","@id":"https:\/\/www.bellunopress.it\/2021\/02\/22\/pericolo-valanghe-fase-di-attenzione-grado-2-3\/","url":"https:\/\/www.bellunopress.it\/2021\/02\/22\/pericolo-valanghe-fase-di-attenzione-grado-2-3\/","name":"Pericolo valanghe. Fase di attenzione grado 2-3 - Bellunopress - Dolomiti","isPartOf":{"@id":"https:\/\/www.bellunopress.it\/#website"},"primaryImageOfPage":{"@id":"https:\/\/www.bellunopress.it\/2021\/02\/22\/pericolo-valanghe-fase-di-attenzione-grado-2-3\/#primaryimage"},"image":{"@id":"https:\/\/www.bellunopress.it\/2021\/02\/22\/pericolo-valanghe-fase-di-attenzione-grado-2-3\/#primaryimage"},"thumbnailUrl":"https:\/\/www.bellunopress.it\/wp-content\/uploads\/2021\/01\/rischio-valanghe-scala-pericolo_edited.jpg","datePublished":"2021-02-22T13:44:31+00:00","breadcrumb":{"@id":"https:\/\/www.bellunopress.it\/2021\/02\/22\/pericolo-valanghe-fase-di-attenzione-grado-2-3\/#breadcrumb"},"inLanguage":"fr-FR","potentialAction":[{"@type":"ReadAction","target":["https:\/\/www.bellunopress.it\/2021\/02\/22\/pericolo-valanghe-fase-di-attenzione-grado-2-3\/"]}]},{"@type":"ImageObject","inLanguage":"fr-FR","@id":"https:\/\/www.bellunopress.it\/2021\/02\/22\/pericolo-valanghe-fase-di-attenzione-grado-2-3\/#primaryimage","url":"https:\/\/www.bellunopress.it\/wp-content\/uploads\/2021\/01\/rischio-valanghe-scala-pericolo_edited.jpg","contentUrl":"https:\/\/www.bellunopress.it\/wp-content\/uploads\/2021\/01\/rischio-valanghe-scala-pericolo_edited.jpg","width":577,"height":581},{"@type":"BreadcrumbList","@id":"https:\/\/www.bellunopress.it\/2021\/02\/22\/pericolo-valanghe-fase-di-attenzione-grado-2-3\/#breadcrumb","itemListElement":[{"@type":"ListItem","position":1,"name":"Home","item":"https:\/\/www.bellunopress.it\/"},{"@type":"ListItem","position":2,"name":"Pericolo valanghe. Fase di attenzione grado 2-3"}]},{"@type":"WebSite","@id":"https:\/\/www.bellunopress.it\/#website","url":"https:\/\/www.bellunopress.it\/","name":"Bellunopress - Dolomiti","description":"e-mail: redazione@bellunopress.it","publisher":{"@id":"https:\/\/www.bellunopress.it\/#organization"},"potentialAction":[{"@type":"SearchAction","target":{"@type":"EntryPoint","urlTemplate":"https:\/\/www.bellunopress.it\/?s={search_term_string}"},"query-input":{"@type":"PropertyValueSpecification","valueRequired":true,"valueName":"search_term_string"}}],"inLanguage":"fr-FR"},{"@type":"Organization","@id":"https:\/\/www.bellunopress.it\/#organization","name":"Bellunopress","url":"https:\/\/www.bellunopress.it\/","logo":{"@type":"ImageObject","inLanguage":"fr-FR","@id":"https:\/\/www.bellunopress.it\/#\/schema\/logo\/image\/","url":"https:\/\/www.bellunopress.it\/wp-content\/uploads\/2011\/05\/cropped-logo-bellunopress-.jpg","contentUrl":"https:\/\/www.bellunopress.it\/wp-content\/uploads\/2011\/05\/cropped-logo-bellunopress-.jpg","width":512,"height":512,"caption":"Bellunopress"},"image":{"@id":"https:\/\/www.bellunopress.it\/#\/schema\/logo\/image\/"},"sameAs":["https:\/\/www.facebook.com\/profile.php?id=100008943462799","https:\/\/x.com\/bellunopress","https:\/\/www.linkedin.com\/hp\/?dnr=JBzUWaJfMUw8vbXJJ2tVW5-I3jZKvC4wsoxE&amp;amp;amp;amp;amp;amp;trk=nav_responsive_tab_home","https:\/\/www.youtube.com\/channel\/UCxL0wu1uN0_3_7hGG0306cw"]},{"@type":"Person","@id":"https:\/\/www.bellunopress.it\/#\/schema\/person\/79bb06722b37ece1c03d3e94beb30d73","name":"r\u00e9daction","image":{"@type":"ImageObject","inLanguage":"fr-FR","@id":"https:\/\/secure.gravatar.com\/avatar\/37d968a2e67a6fd04c169c4bdef102d0bc5d31b2546345219e348575eb80e9a0?s=96&d=mm&r=g","url":"https:\/\/secure.gravatar.com\/avatar\/37d968a2e67a6fd04c169c4bdef102d0bc5d31b2546345219e348575eb80e9a0?s=96&d=mm&r=g","contentUrl":"https:\/\/secure.gravatar.com\/avatar\/37d968a2e67a6fd04c169c4bdef102d0bc5d31b2546345219e348575eb80e9a0?s=96&d=mm&r=g","caption":"redazione"},"sameAs":["http:\/\/www.bellunopress.it","https:\/\/x.com\/bellunopress"],"url":"https:\/\/www.bellunopress.it\/fr\/author\/redazione\/"}]}},"_links":{"self":[{"href":"https:\/\/www.bellunopress.it\/fr\/wp-json\/wp\/v2\/posts\/121957","targetHints":{"allow":["GET"]}}],"collection":[{"href":"https:\/\/www.bellunopress.it\/fr\/wp-json\/wp\/v2\/posts"}],"about":[{"href":"https:\/\/www.bellunopress.it\/fr\/wp-json\/wp\/v2\/types\/post"}],"author":[{"embeddable":true,"href":"https:\/\/www.bellunopress.it\/fr\/wp-json\/wp\/v2\/users\/2"}],"replies":[{"embeddable":true,"href":"https:\/\/www.bellunopress.it\/fr\/wp-json\/wp\/v2\/comments?post=121957"}],"version-history":[{"count":1,"href":"https:\/\/www.bellunopress.it\/fr\/wp-json\/wp\/v2\/posts\/121957\/revisions"}],"predecessor-version":[{"id":121958,"href":"https:\/\/www.bellunopress.it\/fr\/wp-json\/wp\/v2\/posts\/121957\/revisions\/121958"}],"wp:featuredmedia":[{"embeddable":true,"href":"https:\/\/www.bellunopress.it\/fr\/wp-json\/wp\/v2\/media\/121120"}],"wp:attachment":[{"href":"https:\/\/www.bellunopress.it\/fr\/wp-json\/wp\/v2\/media?parent=121957"}],"wp:term":[{"taxonomy":"category","embeddable":true,"href":"https:\/\/www.bellunopress.it\/fr\/wp-json\/wp\/v2\/categories?post=121957"},{"taxonomy":"post_tag","embeddable":true,"href":"https:\/\/www.bellunopress.it\/fr\/wp-json\/wp\/v2\/tags?post=121957"}],"curies":[{"name":"wp","href":"https:\/\/api.w.org\/{rel}","templated":true}]}}