{"id":121951,"date":"2021-02-22T13:17:48","date_gmt":"2021-02-22T12:17:48","guid":{"rendered":"http:\/\/www.bellunopress.it\/?p=121951"},"modified":"2021-02-22T13:17:48","modified_gmt":"2021-02-22T12:17:48","slug":"mondiali-cortina-2021-prefetto-bracco-una-vittoria-per-la-squadra-della-sicurezza","status":"publish","type":"post","link":"https:\/\/www.bellunopress.it\/fr\/2021\/02\/22\/mondiali-cortina-2021-prefetto-bracco-una-vittoria-per-la-squadra-della-sicurezza\/","title":{"rendered":"Mondiali Cortina 2021. Prefetto Bracco: &#8220;Una vittoria per la squadra della sicurezza&#8221;"},"content":{"rendered":"<figure id=\"attachment_120362\" aria-describedby=\"caption-attachment-120362\" style=\"width: 426px\" class=\"wp-caption alignleft\"><a href=\"http:\/\/www.bellunopress.it\/fr\/2020\/12\/23\/il-questore-di-milano-sergio-bracco-sara-il-nuovo-prefetto-di-belluno-subentra-ad-adriana-cogode-che-sara-prefetto-a-prato\/sergio-bracco_edited\/\" rel=\"attachment wp-att-120362\"><img loading=\"lazy\" decoding=\"async\" class=\"size-full wp-image-120362\" src=\"http:\/\/www.bellunopress.it\/wp-content\/uploads\/2020\/12\/Sergio-Bracco_edited.jpg\" alt=\"\" width=\"426\" height=\"409\" \/><\/a><figcaption id=\"caption-attachment-120362\" class=\"wp-caption-text\">Sergio Bracco &#8211; Prefetto<\/figcaption><\/figure>\n<p>\u201cI Mondiali di Sci di Cortina d\u2019Ampezzo hanno ancora una volta confermato come il gioco di squadra tra istituzioni ed organizzatori sia la chiave di volta per la riuscita di eventi internazionali.\u201d.<\/p>\n<p>Cos\u00ec il prefetto di Belluno, Sergio Bracco, ha voluto esprimere la propria soddisfazione all\u2019indomani della chiusura dei campionati mondiali di sci alpino.<\/p>\n<p>Una manifestazione, la prima di livello internazionale in Italia dall\u2019inizio della pandemia, che ha richiesto a tutti i soggetti coinvolti un notevole sforzo per garantirne lo svolgimento in totale sicurezza, sia sotto il profilo della security che della safety e senza dimenticare, naturalmente, i prioritari aspetti legati al contenimento del contagio.<\/p>\n<p>Per centrare questo obiettivo, massimo \u00e8 stato l\u2019impegno da parte dei tutte le Istituzioni che, sin dalla fase preparatoria, hanno operato in stretta sinergia con Fondazione Cortina 2021 e con l\u2019Amministrazione comunale di Cortina d\u2019Ampezzo.<\/p>\n<p>Sotto il profilo dell\u2019ordine e della sicurezza pubblica sono stati impiegati oltre 600 operatori delle Forze di Polizia, coordinati attraverso una sala operativa interforze il cui allestimento, assicurato per l\u2019occasione, ha senz\u2019altro rappresentato una buona prassi da replicare in futuro.<\/p>\n<p>Oltre agli aspetti pi\u00f9 direttamente attinenti all\u2019ordine e sicurezza pubblica, garantiti anche attraverso la presenza di risorse specialistiche, le Forze di Polizia hanno altres\u00ec vigilato sul rispetto delle norme anticontagio, al fine di prevenire la formazione di assembramenti nei pressi dei tradizionali luoghi di ritrovo di Cortina d\u2019Ampezzo.<\/p>\n<p>Grande attenzione \u00e8 stata inoltre prestata agli aspetti legati alla viabilit\u00e0 verso i luoghi di svolgimento dell\u2019evento.<\/p>\n<p>Al riguardo, anche al fine di garantire il rispetto del provvedimento di limitazione al transito dei mezzi pesanti, disposto dal Prefetto per tutta la durata dei Mondiali, \u00e8 stato assicurato dal Comitato Operativo per la Viabilit\u00e0, istituito presso la Prefettura, un continuo monitoraggio della situazione specie nei primi giorni dei campionati del Mondo, quando si \u00e8 reso necessario attivare il Piano Neve provinciale.<\/p>\n<p>Per quel che concerne i profili di safety, centrale \u00e8 stato il ruolo del Centro Operativo Misto istituito dal Prefetto e composto da rappresentanti di: Prefettura, Regione Veneto, Provincia, Vigili del Fuoco, SUEM, CNSAS, Anas, Veneto Strade e Comune di Cortina.<\/p>\n<p>Il predetto organismo, che ha operato in sinergia con Fondazione Cortina 2021 ed in immediato raccordo con la Sala Operativa Interforze, ha garantito supporto logistico all\u2019organizzazione \u2013 grazie al fondamentale apporto del volontariato di protezione civile attivati dalla Regione Veneto (con un impiego di circa 50 volontari ogni giorno) \u2013 e coordinato gli interventi delle varie componenti ivi presenti.<\/p>\n<p>\u201cIl modello organizzativo appena sperimentato \u2013 ha sottolineato il prefetto \u2013 ha confermato l\u2019eccellente livello di collaborazione che si registra in provincia di Belluno tra le varie componenti del sistema sicurezza nel suo complesso. Desidero pertanto ringraziare tutti coloro che hanno contribuito alla riuscita di una manifestazione che ha dato lustro al nostro Paese e al territorio bellunese, nella convinzione che questa esperienza costituir\u00e0 una solida base da cui partire in vista dell\u2019appuntamento olimpico del 2026\u201d.<\/p>","protected":false},"excerpt":{"rendered":"<p>\u201cI Mondiali di Sci di Cortina d\u2019Ampezzo hanno ancora una volta confermato come il gioco di squadra tra istituzioni ed organizzatori sia la chiave di volta per la riuscita di eventi internazionali.\u201d. Cos\u00ec il prefetto di Belluno, Sergio Bracco, ha voluto esprimere la propria soddisfazione all\u2019indomani della chiusura dei campionati mondiali di sci alpino. Una [&hellip;]<\/p>\n","protected":false},"author":2,"featured_media":112541,"comment_status":"closed","ping_status":"open","sticky":false,"template":"","format":"standard","meta":{"footnotes":""},"categories":[26,8],"tags":[],"class_list":["post-121951","post","type-post","status-publish","format-standard","has-post-thumbnail","category-prima-pagina","category-societa-istituzioni"],"yoast_head":"<!-- This site is optimized with the Yoast SEO plugin v28.4 - https:\/\/yoast.com\/product\/yoast-seo-wordpress\/ -->\n<title>Mondiali Cortina 2021. Prefetto Bracco: &quot;Una vittoria per la squadra della sicurezza&quot; - Bellunopress - Dolomiti<\/title>\n<meta name=\"robots\" content=\"index, follow, max-snippet:-1, max-image-preview:large, max-video-preview:-1\" \/>\n<link rel=\"canonical\" href=\"https:\/\/www.bellunopress.it\/fr\/2021\/02\/22\/mondiali-cortina-2021-prefetto-bracco-una-vittoria-per-la-squadra-della-sicurezza\/\" \/>\n<meta property=\"og:locale\" content=\"fr_FR\" \/>\n<meta property=\"og:type\" content=\"article\" \/>\n<meta property=\"og:title\" content=\"Mondiali Cortina 2021. Prefetto Bracco: &quot;Una vittoria per la squadra della sicurezza&quot; - Bellunopress - Dolomiti\" \/>\n<meta property=\"og:description\" content=\"\u201cI Mondiali di Sci di Cortina d\u2019Ampezzo hanno ancora una volta confermato come il gioco di squadra tra istituzioni ed organizzatori sia la chiave di volta per la riuscita di eventi internazionali.\u201d. Cos\u00ec il prefetto di Belluno, Sergio Bracco, ha voluto esprimere la propria soddisfazione all\u2019indomani della chiusura dei campionati mondiali di sci alpino. Una [&hellip;]\" \/>\n<meta property=\"og:url\" content=\"https:\/\/www.bellunopress.it\/fr\/2021\/02\/22\/mondiali-cortina-2021-prefetto-bracco-una-vittoria-per-la-squadra-della-sicurezza\/\" \/>\n<meta property=\"og:site_name\" content=\"Bellunopress - Dolomiti\" \/>\n<meta property=\"article:publisher\" content=\"https:\/\/www.facebook.com\/profile.php?id=100008943462799\" \/>\n<meta property=\"article:published_time\" content=\"2021-02-22T12:17:48+00:00\" \/>\n<meta property=\"og:image\" content=\"https:\/\/www.bellunopress.it\/wp-content\/uploads\/2020\/02\/prefettura-005.jpg\" \/>\n\t<meta property=\"og:image:width\" content=\"667\" \/>\n\t<meta property=\"og:image:height\" content=\"1000\" \/>\n\t<meta property=\"og:image:type\" content=\"image\/jpeg\" \/>\n<meta name=\"author\" content=\"redazione\" \/>\n<meta name=\"twitter:card\" content=\"summary_large_image\" \/>\n<meta name=\"twitter:creator\" content=\"@bellunopress\" \/>\n<meta name=\"twitter:site\" content=\"@bellunopress\" \/>\n<meta name=\"twitter:label1\" content=\"\u00c9crit par\" \/>\n\t<meta name=\"twitter:data1\" content=\"redazione\" \/>\n\t<meta name=\"twitter:label2\" content=\"Dur\u00e9e de lecture estim\u00e9e\" \/>\n\t<meta name=\"twitter:data2\" content=\"3 minutes\" \/>\n<script type=\"application\/ld+json\" class=\"yoast-schema-graph\">{\"@context\":\"https:\\\/\\\/schema.org\",\"@graph\":[{\"@type\":\"Article\",\"@id\":\"https:\\\/\\\/www.bellunopress.it\\\/2021\\\/02\\\/22\\\/mondiali-cortina-2021-prefetto-bracco-una-vittoria-per-la-squadra-della-sicurezza\\\/#article\",\"isPartOf\":{\"@id\":\"https:\\\/\\\/www.bellunopress.it\\\/2021\\\/02\\\/22\\\/mondiali-cortina-2021-prefetto-bracco-una-vittoria-per-la-squadra-della-sicurezza\\\/\"},\"author\":{\"name\":\"redazione\",\"@id\":\"https:\\\/\\\/www.bellunopress.it\\\/#\\\/schema\\\/person\\\/79bb06722b37ece1c03d3e94beb30d73\"},\"headline\":\"Mondiali Cortina 2021. Prefetto Bracco: &#8220;Una vittoria per la squadra della sicurezza&#8221;\",\"datePublished\":\"2021-02-22T12:17:48+00:00\",\"mainEntityOfPage\":{\"@id\":\"https:\\\/\\\/www.bellunopress.it\\\/2021\\\/02\\\/22\\\/mondiali-cortina-2021-prefetto-bracco-una-vittoria-per-la-squadra-della-sicurezza\\\/\"},\"wordCount\":507,\"publisher\":{\"@id\":\"https:\\\/\\\/www.bellunopress.it\\\/#organization\"},\"image\":{\"@id\":\"https:\\\/\\\/www.bellunopress.it\\\/2021\\\/02\\\/22\\\/mondiali-cortina-2021-prefetto-bracco-una-vittoria-per-la-squadra-della-sicurezza\\\/#primaryimage\"},\"thumbnailUrl\":\"https:\\\/\\\/www.bellunopress.it\\\/wp-content\\\/uploads\\\/2020\\\/02\\\/prefettura-005.jpg\",\"articleSection\":[\"Prima Pagina\",\"Societ\u00e0, Associazioni, Istituzioni\"],\"inLanguage\":\"fr-FR\"},{\"@type\":\"WebPage\",\"@id\":\"https:\\\/\\\/www.bellunopress.it\\\/2021\\\/02\\\/22\\\/mondiali-cortina-2021-prefetto-bracco-una-vittoria-per-la-squadra-della-sicurezza\\\/\",\"url\":\"https:\\\/\\\/www.bellunopress.it\\\/2021\\\/02\\\/22\\\/mondiali-cortina-2021-prefetto-bracco-una-vittoria-per-la-squadra-della-sicurezza\\\/\",\"name\":\"Mondiali Cortina 2021. Prefetto Bracco: \\\"Una vittoria per la squadra della sicurezza\\\" - Bellunopress - Dolomiti\",\"isPartOf\":{\"@id\":\"https:\\\/\\\/www.bellunopress.it\\\/#website\"},\"primaryImageOfPage\":{\"@id\":\"https:\\\/\\\/www.bellunopress.it\\\/2021\\\/02\\\/22\\\/mondiali-cortina-2021-prefetto-bracco-una-vittoria-per-la-squadra-della-sicurezza\\\/#primaryimage\"},\"image\":{\"@id\":\"https:\\\/\\\/www.bellunopress.it\\\/2021\\\/02\\\/22\\\/mondiali-cortina-2021-prefetto-bracco-una-vittoria-per-la-squadra-della-sicurezza\\\/#primaryimage\"},\"thumbnailUrl\":\"https:\\\/\\\/www.bellunopress.it\\\/wp-content\\\/uploads\\\/2020\\\/02\\\/prefettura-005.jpg\",\"datePublished\":\"2021-02-22T12:17:48+00:00\",\"breadcrumb\":{\"@id\":\"https:\\\/\\\/www.bellunopress.it\\\/2021\\\/02\\\/22\\\/mondiali-cortina-2021-prefetto-bracco-una-vittoria-per-la-squadra-della-sicurezza\\\/#breadcrumb\"},\"inLanguage\":\"fr-FR\",\"potentialAction\":[{\"@type\":\"ReadAction\",\"target\":[\"https:\\\/\\\/www.bellunopress.it\\\/2021\\\/02\\\/22\\\/mondiali-cortina-2021-prefetto-bracco-una-vittoria-per-la-squadra-della-sicurezza\\\/\"]}]},{\"@type\":\"ImageObject\",\"inLanguage\":\"fr-FR\",\"@id\":\"https:\\\/\\\/www.bellunopress.it\\\/2021\\\/02\\\/22\\\/mondiali-cortina-2021-prefetto-bracco-una-vittoria-per-la-squadra-della-sicurezza\\\/#primaryimage\",\"url\":\"https:\\\/\\\/www.bellunopress.it\\\/wp-content\\\/uploads\\\/2020\\\/02\\\/prefettura-005.jpg\",\"contentUrl\":\"https:\\\/\\\/www.bellunopress.it\\\/wp-content\\\/uploads\\\/2020\\\/02\\\/prefettura-005.jpg\",\"width\":667,\"height\":1000,\"caption\":\"Prefettura di Belluno\"},{\"@type\":\"BreadcrumbList\",\"@id\":\"https:\\\/\\\/www.bellunopress.it\\\/2021\\\/02\\\/22\\\/mondiali-cortina-2021-prefetto-bracco-una-vittoria-per-la-squadra-della-sicurezza\\\/#breadcrumb\",\"itemListElement\":[{\"@type\":\"ListItem\",\"position\":1,\"name\":\"Home\",\"item\":\"https:\\\/\\\/www.bellunopress.it\\\/\"},{\"@type\":\"ListItem\",\"position\":2,\"name\":\"Mondiali Cortina 2021. Prefetto Bracco: &#8220;Una vittoria per la squadra della sicurezza&#8221;\"}]},{\"@type\":\"WebSite\",\"@id\":\"https:\\\/\\\/www.bellunopress.it\\\/#website\",\"url\":\"https:\\\/\\\/www.bellunopress.it\\\/\",\"name\":\"Bellunopress - Dolomiti\",\"description\":\"e-mail: redazione@bellunopress.it\",\"publisher\":{\"@id\":\"https:\\\/\\\/www.bellunopress.it\\\/#organization\"},\"potentialAction\":[{\"@type\":\"SearchAction\",\"target\":{\"@type\":\"EntryPoint\",\"urlTemplate\":\"https:\\\/\\\/www.bellunopress.it\\\/?s={search_term_string}\"},\"query-input\":{\"@type\":\"PropertyValueSpecification\",\"valueRequired\":true,\"valueName\":\"search_term_string\"}}],\"inLanguage\":\"fr-FR\"},{\"@type\":\"Organization\",\"@id\":\"https:\\\/\\\/www.bellunopress.it\\\/#organization\",\"name\":\"Bellunopress\",\"url\":\"https:\\\/\\\/www.bellunopress.it\\\/\",\"logo\":{\"@type\":\"ImageObject\",\"inLanguage\":\"fr-FR\",\"@id\":\"https:\\\/\\\/www.bellunopress.it\\\/#\\\/schema\\\/logo\\\/image\\\/\",\"url\":\"https:\\\/\\\/www.bellunopress.it\\\/wp-content\\\/uploads\\\/2011\\\/05\\\/cropped-logo-bellunopress-.jpg\",\"contentUrl\":\"https:\\\/\\\/www.bellunopress.it\\\/wp-content\\\/uploads\\\/2011\\\/05\\\/cropped-logo-bellunopress-.jpg\",\"width\":512,\"height\":512,\"caption\":\"Bellunopress\"},\"image\":{\"@id\":\"https:\\\/\\\/www.bellunopress.it\\\/#\\\/schema\\\/logo\\\/image\\\/\"},\"sameAs\":[\"https:\\\/\\\/www.facebook.com\\\/profile.php?id=100008943462799\",\"https:\\\/\\\/x.com\\\/bellunopress\",\"https:\\\/\\\/www.linkedin.com\\\/hp\\\/?dnr=JBzUWaJfMUw8vbXJJ2tVW5-I3jZKvC4wsoxE&amp;amp;amp;amp;amp;amp;trk=nav_responsive_tab_home\",\"https:\\\/\\\/www.youtube.com\\\/channel\\\/UCxL0wu1uN0_3_7hGG0306cw\"]},{\"@type\":\"Person\",\"@id\":\"https:\\\/\\\/www.bellunopress.it\\\/#\\\/schema\\\/person\\\/79bb06722b37ece1c03d3e94beb30d73\",\"name\":\"redazione\",\"image\":{\"@type\":\"ImageObject\",\"inLanguage\":\"fr-FR\",\"@id\":\"https:\\\/\\\/secure.gravatar.com\\\/avatar\\\/37d968a2e67a6fd04c169c4bdef102d0bc5d31b2546345219e348575eb80e9a0?s=96&d=mm&r=g\",\"url\":\"https:\\\/\\\/secure.gravatar.com\\\/avatar\\\/37d968a2e67a6fd04c169c4bdef102d0bc5d31b2546345219e348575eb80e9a0?s=96&d=mm&r=g\",\"contentUrl\":\"https:\\\/\\\/secure.gravatar.com\\\/avatar\\\/37d968a2e67a6fd04c169c4bdef102d0bc5d31b2546345219e348575eb80e9a0?s=96&d=mm&r=g\",\"caption\":\"redazione\"},\"sameAs\":[\"http:\\\/\\\/www.bellunopress.it\",\"https:\\\/\\\/x.com\\\/bellunopress\"],\"url\":\"https:\\\/\\\/www.bellunopress.it\\\/fr\\\/author\\\/redazione\\\/\"}]}<\/script>\n<!-- \/ Yoast SEO plugin. -->","yoast_head_json":{"title":"Mondiali Cortina 2021. Prefetto Bracco: \"Una vittoria per la squadra della sicurezza\" - Bellunopress - Dolomiti","robots":{"index":"index","follow":"follow","max-snippet":"max-snippet:-1","max-image-preview":"max-image-preview:large","max-video-preview":"max-video-preview:-1"},"canonical":"https:\/\/www.bellunopress.it\/fr\/2021\/02\/22\/mondiali-cortina-2021-prefetto-bracco-una-vittoria-per-la-squadra-della-sicurezza\/","og_locale":"fr_FR","og_type":"article","og_title":"Mondiali Cortina 2021. Prefetto Bracco: \"Una vittoria per la squadra della sicurezza\" - Bellunopress - Dolomiti","og_description":"\u201cI Mondiali di Sci di Cortina d\u2019Ampezzo hanno ancora una volta confermato come il gioco di squadra tra istituzioni ed organizzatori sia la chiave di volta per la riuscita di eventi internazionali.\u201d. Cos\u00ec il prefetto di Belluno, Sergio Bracco, ha voluto esprimere la propria soddisfazione all\u2019indomani della chiusura dei campionati mondiali di sci alpino. Una [&hellip;]","og_url":"https:\/\/www.bellunopress.it\/fr\/2021\/02\/22\/mondiali-cortina-2021-prefetto-bracco-una-vittoria-per-la-squadra-della-sicurezza\/","og_site_name":"Bellunopress - Dolomiti","article_publisher":"https:\/\/www.facebook.com\/profile.php?id=100008943462799","article_published_time":"2021-02-22T12:17:48+00:00","og_image":[{"width":667,"height":1000,"url":"https:\/\/www.bellunopress.it\/wp-content\/uploads\/2020\/02\/prefettura-005.jpg","type":"image\/jpeg"}],"author":"redazione","twitter_card":"summary_large_image","twitter_creator":"@bellunopress","twitter_site":"@bellunopress","twitter_misc":{"\u00c9crit par":"redazione","Dur\u00e9e de lecture estim\u00e9e":"3 minutes"},"schema":{"@context":"https:\/\/schema.org","@graph":[{"@type":"Article","@id":"https:\/\/www.bellunopress.it\/2021\/02\/22\/mondiali-cortina-2021-prefetto-bracco-una-vittoria-per-la-squadra-della-sicurezza\/#article","isPartOf":{"@id":"https:\/\/www.bellunopress.it\/2021\/02\/22\/mondiali-cortina-2021-prefetto-bracco-una-vittoria-per-la-squadra-della-sicurezza\/"},"author":{"name":"redazione","@id":"https:\/\/www.bellunopress.it\/#\/schema\/person\/79bb06722b37ece1c03d3e94beb30d73"},"headline":"Mondiali Cortina 2021. Prefetto Bracco: &#8220;Una vittoria per la squadra della sicurezza&#8221;","datePublished":"2021-02-22T12:17:48+00:00","mainEntityOfPage":{"@id":"https:\/\/www.bellunopress.it\/2021\/02\/22\/mondiali-cortina-2021-prefetto-bracco-una-vittoria-per-la-squadra-della-sicurezza\/"},"wordCount":507,"publisher":{"@id":"https:\/\/www.bellunopress.it\/#organization"},"image":{"@id":"https:\/\/www.bellunopress.it\/2021\/02\/22\/mondiali-cortina-2021-prefetto-bracco-una-vittoria-per-la-squadra-della-sicurezza\/#primaryimage"},"thumbnailUrl":"https:\/\/www.bellunopress.it\/wp-content\/uploads\/2020\/02\/prefettura-005.jpg","articleSection":["Prima Pagina","Societ\u00e0, Associazioni, Istituzioni"],"inLanguage":"fr-FR"},{"@type":"WebPage","@id":"https:\/\/www.bellunopress.it\/2021\/02\/22\/mondiali-cortina-2021-prefetto-bracco-una-vittoria-per-la-squadra-della-sicurezza\/","url":"https:\/\/www.bellunopress.it\/2021\/02\/22\/mondiali-cortina-2021-prefetto-bracco-una-vittoria-per-la-squadra-della-sicurezza\/","name":"Mondiali Cortina 2021. Prefetto Bracco: \"Una vittoria per la squadra della sicurezza\" - Bellunopress - Dolomiti","isPartOf":{"@id":"https:\/\/www.bellunopress.it\/#website"},"primaryImageOfPage":{"@id":"https:\/\/www.bellunopress.it\/2021\/02\/22\/mondiali-cortina-2021-prefetto-bracco-una-vittoria-per-la-squadra-della-sicurezza\/#primaryimage"},"image":{"@id":"https:\/\/www.bellunopress.it\/2021\/02\/22\/mondiali-cortina-2021-prefetto-bracco-una-vittoria-per-la-squadra-della-sicurezza\/#primaryimage"},"thumbnailUrl":"https:\/\/www.bellunopress.it\/wp-content\/uploads\/2020\/02\/prefettura-005.jpg","datePublished":"2021-02-22T12:17:48+00:00","breadcrumb":{"@id":"https:\/\/www.bellunopress.it\/2021\/02\/22\/mondiali-cortina-2021-prefetto-bracco-una-vittoria-per-la-squadra-della-sicurezza\/#breadcrumb"},"inLanguage":"fr-FR","potentialAction":[{"@type":"ReadAction","target":["https:\/\/www.bellunopress.it\/2021\/02\/22\/mondiali-cortina-2021-prefetto-bracco-una-vittoria-per-la-squadra-della-sicurezza\/"]}]},{"@type":"ImageObject","inLanguage":"fr-FR","@id":"https:\/\/www.bellunopress.it\/2021\/02\/22\/mondiali-cortina-2021-prefetto-bracco-una-vittoria-per-la-squadra-della-sicurezza\/#primaryimage","url":"https:\/\/www.bellunopress.it\/wp-content\/uploads\/2020\/02\/prefettura-005.jpg","contentUrl":"https:\/\/www.bellunopress.it\/wp-content\/uploads\/2020\/02\/prefettura-005.jpg","width":667,"height":1000,"caption":"Prefettura di Belluno"},{"@type":"BreadcrumbList","@id":"https:\/\/www.bellunopress.it\/2021\/02\/22\/mondiali-cortina-2021-prefetto-bracco-una-vittoria-per-la-squadra-della-sicurezza\/#breadcrumb","itemListElement":[{"@type":"ListItem","position":1,"name":"Home","item":"https:\/\/www.bellunopress.it\/"},{"@type":"ListItem","position":2,"name":"Mondiali Cortina 2021. Prefetto Bracco: &#8220;Una vittoria per la squadra della sicurezza&#8221;"}]},{"@type":"WebSite","@id":"https:\/\/www.bellunopress.it\/#website","url":"https:\/\/www.bellunopress.it\/","name":"Bellunopress - Dolomiti","description":"e-mail: redazione@bellunopress.it","publisher":{"@id":"https:\/\/www.bellunopress.it\/#organization"},"potentialAction":[{"@type":"SearchAction","target":{"@type":"EntryPoint","urlTemplate":"https:\/\/www.bellunopress.it\/?s={search_term_string}"},"query-input":{"@type":"PropertyValueSpecification","valueRequired":true,"valueName":"search_term_string"}}],"inLanguage":"fr-FR"},{"@type":"Organization","@id":"https:\/\/www.bellunopress.it\/#organization","name":"Bellunopress","url":"https:\/\/www.bellunopress.it\/","logo":{"@type":"ImageObject","inLanguage":"fr-FR","@id":"https:\/\/www.bellunopress.it\/#\/schema\/logo\/image\/","url":"https:\/\/www.bellunopress.it\/wp-content\/uploads\/2011\/05\/cropped-logo-bellunopress-.jpg","contentUrl":"https:\/\/www.bellunopress.it\/wp-content\/uploads\/2011\/05\/cropped-logo-bellunopress-.jpg","width":512,"height":512,"caption":"Bellunopress"},"image":{"@id":"https:\/\/www.bellunopress.it\/#\/schema\/logo\/image\/"},"sameAs":["https:\/\/www.facebook.com\/profile.php?id=100008943462799","https:\/\/x.com\/bellunopress","https:\/\/www.linkedin.com\/hp\/?dnr=JBzUWaJfMUw8vbXJJ2tVW5-I3jZKvC4wsoxE&amp;amp;amp;amp;amp;amp;trk=nav_responsive_tab_home","https:\/\/www.youtube.com\/channel\/UCxL0wu1uN0_3_7hGG0306cw"]},{"@type":"Person","@id":"https:\/\/www.bellunopress.it\/#\/schema\/person\/79bb06722b37ece1c03d3e94beb30d73","name":"r\u00e9daction","image":{"@type":"ImageObject","inLanguage":"fr-FR","@id":"https:\/\/secure.gravatar.com\/avatar\/37d968a2e67a6fd04c169c4bdef102d0bc5d31b2546345219e348575eb80e9a0?s=96&d=mm&r=g","url":"https:\/\/secure.gravatar.com\/avatar\/37d968a2e67a6fd04c169c4bdef102d0bc5d31b2546345219e348575eb80e9a0?s=96&d=mm&r=g","contentUrl":"https:\/\/secure.gravatar.com\/avatar\/37d968a2e67a6fd04c169c4bdef102d0bc5d31b2546345219e348575eb80e9a0?s=96&d=mm&r=g","caption":"redazione"},"sameAs":["http:\/\/www.bellunopress.it","https:\/\/x.com\/bellunopress"],"url":"https:\/\/www.bellunopress.it\/fr\/author\/redazione\/"}]}},"_links":{"self":[{"href":"https:\/\/www.bellunopress.it\/fr\/wp-json\/wp\/v2\/posts\/121951","targetHints":{"allow":["GET"]}}],"collection":[{"href":"https:\/\/www.bellunopress.it\/fr\/wp-json\/wp\/v2\/posts"}],"about":[{"href":"https:\/\/www.bellunopress.it\/fr\/wp-json\/wp\/v2\/types\/post"}],"author":[{"embeddable":true,"href":"https:\/\/www.bellunopress.it\/fr\/wp-json\/wp\/v2\/users\/2"}],"replies":[{"embeddable":true,"href":"https:\/\/www.bellunopress.it\/fr\/wp-json\/wp\/v2\/comments?post=121951"}],"version-history":[{"count":1,"href":"https:\/\/www.bellunopress.it\/fr\/wp-json\/wp\/v2\/posts\/121951\/revisions"}],"predecessor-version":[{"id":121952,"href":"https:\/\/www.bellunopress.it\/fr\/wp-json\/wp\/v2\/posts\/121951\/revisions\/121952"}],"wp:featuredmedia":[{"embeddable":true,"href":"https:\/\/www.bellunopress.it\/fr\/wp-json\/wp\/v2\/media\/112541"}],"wp:attachment":[{"href":"https:\/\/www.bellunopress.it\/fr\/wp-json\/wp\/v2\/media?parent=121951"}],"wp:term":[{"taxonomy":"category","embeddable":true,"href":"https:\/\/www.bellunopress.it\/fr\/wp-json\/wp\/v2\/categories?post=121951"},{"taxonomy":"post_tag","embeddable":true,"href":"https:\/\/www.bellunopress.it\/fr\/wp-json\/wp\/v2\/tags?post=121951"}],"curies":[{"name":"wp","href":"https:\/\/api.w.org\/{rel}","templated":true}]}}