{"id":121949,"date":"2021-02-22T11:16:00","date_gmt":"2021-02-22T10:16:00","guid":{"rendered":"http:\/\/www.bellunopress.it\/?p=121949"},"modified":"2021-02-22T11:16:00","modified_gmt":"2021-02-22T10:16:00","slug":"polveri-sottili-pm10-nel-veneto-si-salva-solo-belluno-e-adria","status":"publish","type":"post","link":"https:\/\/www.bellunopress.it\/fr\/2021\/02\/22\/polveri-sottili-pm10-nel-veneto-si-salva-solo-belluno-e-adria\/","title":{"rendered":"Polveri sottili PM10, nel Veneto si salva solo Belluno e Adria"},"content":{"rendered":"<p><a href=\"http:\/\/www.bellunopress.it\/fr\/2020\/03\/24\/inquinamento-atmosferico-in-tempo-di-coronavirus-lanalisi-dellarpav\/arpav-centralina-_edited\/\" rel=\"attachment wp-att-113297\"><img loading=\"lazy\" decoding=\"async\" class=\"alignleft size-full wp-image-113297\" src=\"http:\/\/www.bellunopress.it\/wp-content\/uploads\/2020\/03\/Arpav-centralina-_edited.jpg\" alt=\"\" width=\"800\" height=\"450\" srcset=\"https:\/\/www.bellunopress.it\/wp-content\/uploads\/2020\/03\/Arpav-centralina-_edited.jpg 800w, https:\/\/www.bellunopress.it\/wp-content\/uploads\/2020\/03\/Arpav-centralina-_edited-500x281.jpg 500w, https:\/\/www.bellunopress.it\/wp-content\/uploads\/2020\/03\/Arpav-centralina-_edited-696x392.jpg 696w, https:\/\/www.bellunopress.it\/wp-content\/uploads\/2020\/03\/Arpav-centralina-_edited-747x420.jpg 747w\" sizes=\"auto, (max-width: 800px) 100vw, 800px\" \/><\/a>AAV Padova, 22 febbraio 2021 &#8211; Dalla met\u00e0 della scorsa settimana, a causa del protrarsi della stabilit\u00e0 atmosferica dovuta all\u2019espansione di un promontorio anticiclonico di stampo mediterraneo, \u00e8 iniziato un episodio di accumulo del particolato PM10, che ha portato al diffuso superamento del valore limite giornaliero di 50 \u00b5g\/m3 per alcuni giorni consecutivi.<\/p>\n<p>Nella giornata di ieri il valore limite \u00e8 stato superato in tutte le centraline, ad eccezione di BL-Parco Citt\u00e0 di Bologna, BL-La Cerva, Pieve d\u2019Alpago e Adria, evidenziando una situazione di generale scarsit\u00e0 della qualit\u00e0 dell\u2019aria in tutta la regione e delineando l\u2019episodio di superamento ad oggi spazialmente pi\u00f9 diffuso del semestre invernale, per quanto le concentrazioni misurate si siano attestate in tutte le centraline su livelli moderatamente elevati, sempre inferiori a 90 \u00b5g\/m3.<\/p>\n<p>Per quanto detto, da domani, 23 febbraio 2021, almeno fino a tutta la giornata del 25, sar\u00e0 in vigore il livello di allerta 1 per il particolato PM10 (colore arancio) nelle aree di seguito elencate:<\/p>\n<p>Agglomerati di Venezia, Treviso, Padova, Vicenza, Verona;<br \/>\nAree di Feltre, Castelfranco Veneto, Mansu\u00e8, Mirano, San Don\u00e0 di Piave, Rovigo, Badia Polesine, Este, Cinto Euganeo, Monselice, Piove di Sacco, Cittadella, Bassano, Schio, Legnago e San Bonifacio.<br \/>\nRimangono invece in allerta 0 per il particolato PM10 (colore verde) le aree di Belluno, Adria, Conegliano, Chioggia.<\/p>\n<p>Nei prossimi giorni si consolideranno le condizioni di alta pressione: non sono quindi previste precipitazioni e intensificazioni dei venti tali da favorire il dilavamento atmosferico e la dispersione degli inquinanti; persisteranno invece le inversioni termiche responsabili del ristagno delle polveri fini nei bassi livelli dell\u2019atmosfera. L\u2019unico fattore che potrebbe contenere l\u2019accumulo o determinare localmente una parziale diminuzione delle concentrazioni di PM10 sar\u00e0 la probabile deposizione umida nelle zone centro-meridionali, dovuta alla presenza di nebbie fitte dalle ore serali fino alla mattina, specie fino a mercoled\u00ec.<\/p>","protected":false},"excerpt":{"rendered":"<p>AAV Padova, 22 febbraio 2021 &#8211; Dalla met\u00e0 della scorsa settimana, a causa del protrarsi della stabilit\u00e0 atmosferica dovuta all\u2019espansione di un promontorio anticiclonico di stampo mediterraneo, \u00e8 iniziato un episodio di accumulo del particolato PM10, che ha portato al diffuso superamento del valore limite giornaliero di 50 \u00b5g\/m3 per alcuni giorni consecutivi. Nella giornata [&hellip;]<\/p>\n","protected":false},"author":2,"featured_media":113297,"comment_status":"closed","ping_status":"open","sticky":false,"template":"","format":"standard","meta":{"footnotes":""},"categories":[38,26],"tags":[],"class_list":["post-121949","post","type-post","status-publish","format-standard","has-post-thumbnail","category-natura-ambiente","category-prima-pagina"],"yoast_head":"<!-- This site is optimized with the Yoast SEO plugin v28.4 - https:\/\/yoast.com\/product\/yoast-seo-wordpress\/ -->\n<title>Polveri sottili PM10, nel Veneto si salva solo Belluno e Adria - Bellunopress - Dolomiti<\/title>\n<meta name=\"robots\" content=\"index, follow, max-snippet:-1, max-image-preview:large, max-video-preview:-1\" \/>\n<link rel=\"canonical\" href=\"https:\/\/www.bellunopress.it\/fr\/2021\/02\/22\/polveri-sottili-pm10-nel-veneto-si-salva-solo-belluno-e-adria\/\" \/>\n<meta property=\"og:locale\" content=\"fr_FR\" \/>\n<meta property=\"og:type\" content=\"article\" \/>\n<meta property=\"og:title\" content=\"Polveri sottili PM10, nel Veneto si salva solo Belluno e Adria - Bellunopress - Dolomiti\" \/>\n<meta property=\"og:description\" content=\"AAV Padova, 22 febbraio 2021 &#8211; Dalla met\u00e0 della scorsa settimana, a causa del protrarsi della stabilit\u00e0 atmosferica dovuta all\u2019espansione di un promontorio anticiclonico di stampo mediterraneo, \u00e8 iniziato un episodio di accumulo del particolato PM10, che ha portato al diffuso superamento del valore limite giornaliero di 50 \u00b5g\/m3 per alcuni giorni consecutivi. Nella giornata [&hellip;]\" \/>\n<meta property=\"og:url\" content=\"https:\/\/www.bellunopress.it\/fr\/2021\/02\/22\/polveri-sottili-pm10-nel-veneto-si-salva-solo-belluno-e-adria\/\" \/>\n<meta property=\"og:site_name\" content=\"Bellunopress - Dolomiti\" \/>\n<meta property=\"article:publisher\" content=\"https:\/\/www.facebook.com\/profile.php?id=100008943462799\" \/>\n<meta property=\"article:published_time\" content=\"2021-02-22T10:16:00+00:00\" \/>\n<meta property=\"og:image\" content=\"https:\/\/www.bellunopress.it\/wp-content\/uploads\/2020\/03\/Arpav-centralina-_edited.jpg\" \/>\n\t<meta property=\"og:image:width\" content=\"800\" \/>\n\t<meta property=\"og:image:height\" content=\"450\" \/>\n\t<meta property=\"og:image:type\" content=\"image\/jpeg\" \/>\n<meta name=\"author\" content=\"redazione\" \/>\n<meta name=\"twitter:card\" content=\"summary_large_image\" \/>\n<meta name=\"twitter:creator\" content=\"@bellunopress\" \/>\n<meta name=\"twitter:site\" content=\"@bellunopress\" \/>\n<meta name=\"twitter:label1\" content=\"\u00c9crit par\" \/>\n\t<meta name=\"twitter:data1\" content=\"redazione\" \/>\n\t<meta name=\"twitter:label2\" content=\"Dur\u00e9e de lecture estim\u00e9e\" \/>\n\t<meta name=\"twitter:data2\" content=\"2 minutes\" \/>\n<script type=\"application\/ld+json\" class=\"yoast-schema-graph\">{\"@context\":\"https:\\\/\\\/schema.org\",\"@graph\":[{\"@type\":\"Article\",\"@id\":\"https:\\\/\\\/www.bellunopress.it\\\/2021\\\/02\\\/22\\\/polveri-sottili-pm10-nel-veneto-si-salva-solo-belluno-e-adria\\\/#article\",\"isPartOf\":{\"@id\":\"https:\\\/\\\/www.bellunopress.it\\\/2021\\\/02\\\/22\\\/polveri-sottili-pm10-nel-veneto-si-salva-solo-belluno-e-adria\\\/\"},\"author\":{\"name\":\"redazione\",\"@id\":\"https:\\\/\\\/www.bellunopress.it\\\/#\\\/schema\\\/person\\\/79bb06722b37ece1c03d3e94beb30d73\"},\"headline\":\"Polveri sottili PM10, nel Veneto si salva solo Belluno e Adria\",\"datePublished\":\"2021-02-22T10:16:00+00:00\",\"mainEntityOfPage\":{\"@id\":\"https:\\\/\\\/www.bellunopress.it\\\/2021\\\/02\\\/22\\\/polveri-sottili-pm10-nel-veneto-si-salva-solo-belluno-e-adria\\\/\"},\"wordCount\":309,\"publisher\":{\"@id\":\"https:\\\/\\\/www.bellunopress.it\\\/#organization\"},\"image\":{\"@id\":\"https:\\\/\\\/www.bellunopress.it\\\/2021\\\/02\\\/22\\\/polveri-sottili-pm10-nel-veneto-si-salva-solo-belluno-e-adria\\\/#primaryimage\"},\"thumbnailUrl\":\"https:\\\/\\\/www.bellunopress.it\\\/wp-content\\\/uploads\\\/2020\\\/03\\\/Arpav-centralina-_edited.jpg\",\"articleSection\":[\"Meteo, natura, ambiente, animali\",\"Prima Pagina\"],\"inLanguage\":\"fr-FR\"},{\"@type\":\"WebPage\",\"@id\":\"https:\\\/\\\/www.bellunopress.it\\\/2021\\\/02\\\/22\\\/polveri-sottili-pm10-nel-veneto-si-salva-solo-belluno-e-adria\\\/\",\"url\":\"https:\\\/\\\/www.bellunopress.it\\\/2021\\\/02\\\/22\\\/polveri-sottili-pm10-nel-veneto-si-salva-solo-belluno-e-adria\\\/\",\"name\":\"Polveri sottili PM10, nel Veneto si salva solo Belluno e Adria - Bellunopress - Dolomiti\",\"isPartOf\":{\"@id\":\"https:\\\/\\\/www.bellunopress.it\\\/#website\"},\"primaryImageOfPage\":{\"@id\":\"https:\\\/\\\/www.bellunopress.it\\\/2021\\\/02\\\/22\\\/polveri-sottili-pm10-nel-veneto-si-salva-solo-belluno-e-adria\\\/#primaryimage\"},\"image\":{\"@id\":\"https:\\\/\\\/www.bellunopress.it\\\/2021\\\/02\\\/22\\\/polveri-sottili-pm10-nel-veneto-si-salva-solo-belluno-e-adria\\\/#primaryimage\"},\"thumbnailUrl\":\"https:\\\/\\\/www.bellunopress.it\\\/wp-content\\\/uploads\\\/2020\\\/03\\\/Arpav-centralina-_edited.jpg\",\"datePublished\":\"2021-02-22T10:16:00+00:00\",\"breadcrumb\":{\"@id\":\"https:\\\/\\\/www.bellunopress.it\\\/2021\\\/02\\\/22\\\/polveri-sottili-pm10-nel-veneto-si-salva-solo-belluno-e-adria\\\/#breadcrumb\"},\"inLanguage\":\"fr-FR\",\"potentialAction\":[{\"@type\":\"ReadAction\",\"target\":[\"https:\\\/\\\/www.bellunopress.it\\\/2021\\\/02\\\/22\\\/polveri-sottili-pm10-nel-veneto-si-salva-solo-belluno-e-adria\\\/\"]}]},{\"@type\":\"ImageObject\",\"inLanguage\":\"fr-FR\",\"@id\":\"https:\\\/\\\/www.bellunopress.it\\\/2021\\\/02\\\/22\\\/polveri-sottili-pm10-nel-veneto-si-salva-solo-belluno-e-adria\\\/#primaryimage\",\"url\":\"https:\\\/\\\/www.bellunopress.it\\\/wp-content\\\/uploads\\\/2020\\\/03\\\/Arpav-centralina-_edited.jpg\",\"contentUrl\":\"https:\\\/\\\/www.bellunopress.it\\\/wp-content\\\/uploads\\\/2020\\\/03\\\/Arpav-centralina-_edited.jpg\",\"width\":800,\"height\":450},{\"@type\":\"BreadcrumbList\",\"@id\":\"https:\\\/\\\/www.bellunopress.it\\\/2021\\\/02\\\/22\\\/polveri-sottili-pm10-nel-veneto-si-salva-solo-belluno-e-adria\\\/#breadcrumb\",\"itemListElement\":[{\"@type\":\"ListItem\",\"position\":1,\"name\":\"Home\",\"item\":\"https:\\\/\\\/www.bellunopress.it\\\/\"},{\"@type\":\"ListItem\",\"position\":2,\"name\":\"Polveri sottili PM10, nel Veneto si salva solo Belluno e Adria\"}]},{\"@type\":\"WebSite\",\"@id\":\"https:\\\/\\\/www.bellunopress.it\\\/#website\",\"url\":\"https:\\\/\\\/www.bellunopress.it\\\/\",\"name\":\"Bellunopress - Dolomiti\",\"description\":\"e-mail: redazione@bellunopress.it\",\"publisher\":{\"@id\":\"https:\\\/\\\/www.bellunopress.it\\\/#organization\"},\"potentialAction\":[{\"@type\":\"SearchAction\",\"target\":{\"@type\":\"EntryPoint\",\"urlTemplate\":\"https:\\\/\\\/www.bellunopress.it\\\/?s={search_term_string}\"},\"query-input\":{\"@type\":\"PropertyValueSpecification\",\"valueRequired\":true,\"valueName\":\"search_term_string\"}}],\"inLanguage\":\"fr-FR\"},{\"@type\":\"Organization\",\"@id\":\"https:\\\/\\\/www.bellunopress.it\\\/#organization\",\"name\":\"Bellunopress\",\"url\":\"https:\\\/\\\/www.bellunopress.it\\\/\",\"logo\":{\"@type\":\"ImageObject\",\"inLanguage\":\"fr-FR\",\"@id\":\"https:\\\/\\\/www.bellunopress.it\\\/#\\\/schema\\\/logo\\\/image\\\/\",\"url\":\"https:\\\/\\\/www.bellunopress.it\\\/wp-content\\\/uploads\\\/2011\\\/05\\\/cropped-logo-bellunopress-.jpg\",\"contentUrl\":\"https:\\\/\\\/www.bellunopress.it\\\/wp-content\\\/uploads\\\/2011\\\/05\\\/cropped-logo-bellunopress-.jpg\",\"width\":512,\"height\":512,\"caption\":\"Bellunopress\"},\"image\":{\"@id\":\"https:\\\/\\\/www.bellunopress.it\\\/#\\\/schema\\\/logo\\\/image\\\/\"},\"sameAs\":[\"https:\\\/\\\/www.facebook.com\\\/profile.php?id=100008943462799\",\"https:\\\/\\\/x.com\\\/bellunopress\",\"https:\\\/\\\/www.linkedin.com\\\/hp\\\/?dnr=JBzUWaJfMUw8vbXJJ2tVW5-I3jZKvC4wsoxE&amp;amp;amp;amp;amp;amp;trk=nav_responsive_tab_home\",\"https:\\\/\\\/www.youtube.com\\\/channel\\\/UCxL0wu1uN0_3_7hGG0306cw\"]},{\"@type\":\"Person\",\"@id\":\"https:\\\/\\\/www.bellunopress.it\\\/#\\\/schema\\\/person\\\/79bb06722b37ece1c03d3e94beb30d73\",\"name\":\"redazione\",\"image\":{\"@type\":\"ImageObject\",\"inLanguage\":\"fr-FR\",\"@id\":\"https:\\\/\\\/secure.gravatar.com\\\/avatar\\\/37d968a2e67a6fd04c169c4bdef102d0bc5d31b2546345219e348575eb80e9a0?s=96&d=mm&r=g\",\"url\":\"https:\\\/\\\/secure.gravatar.com\\\/avatar\\\/37d968a2e67a6fd04c169c4bdef102d0bc5d31b2546345219e348575eb80e9a0?s=96&d=mm&r=g\",\"contentUrl\":\"https:\\\/\\\/secure.gravatar.com\\\/avatar\\\/37d968a2e67a6fd04c169c4bdef102d0bc5d31b2546345219e348575eb80e9a0?s=96&d=mm&r=g\",\"caption\":\"redazione\"},\"sameAs\":[\"http:\\\/\\\/www.bellunopress.it\",\"https:\\\/\\\/x.com\\\/bellunopress\"],\"url\":\"https:\\\/\\\/www.bellunopress.it\\\/fr\\\/author\\\/redazione\\\/\"}]}<\/script>\n<!-- \/ Yoast SEO plugin. -->","yoast_head_json":{"title":"Polveri sottili PM10, nel Veneto si salva solo Belluno e Adria - Bellunopress - Dolomiti","robots":{"index":"index","follow":"follow","max-snippet":"max-snippet:-1","max-image-preview":"max-image-preview:large","max-video-preview":"max-video-preview:-1"},"canonical":"https:\/\/www.bellunopress.it\/fr\/2021\/02\/22\/polveri-sottili-pm10-nel-veneto-si-salva-solo-belluno-e-adria\/","og_locale":"fr_FR","og_type":"article","og_title":"Polveri sottili PM10, nel Veneto si salva solo Belluno e Adria - Bellunopress - Dolomiti","og_description":"AAV Padova, 22 febbraio 2021 &#8211; Dalla met\u00e0 della scorsa settimana, a causa del protrarsi della stabilit\u00e0 atmosferica dovuta all\u2019espansione di un promontorio anticiclonico di stampo mediterraneo, \u00e8 iniziato un episodio di accumulo del particolato PM10, che ha portato al diffuso superamento del valore limite giornaliero di 50 \u00b5g\/m3 per alcuni giorni consecutivi. Nella giornata [&hellip;]","og_url":"https:\/\/www.bellunopress.it\/fr\/2021\/02\/22\/polveri-sottili-pm10-nel-veneto-si-salva-solo-belluno-e-adria\/","og_site_name":"Bellunopress - Dolomiti","article_publisher":"https:\/\/www.facebook.com\/profile.php?id=100008943462799","article_published_time":"2021-02-22T10:16:00+00:00","og_image":[{"width":800,"height":450,"url":"https:\/\/www.bellunopress.it\/wp-content\/uploads\/2020\/03\/Arpav-centralina-_edited.jpg","type":"image\/jpeg"}],"author":"redazione","twitter_card":"summary_large_image","twitter_creator":"@bellunopress","twitter_site":"@bellunopress","twitter_misc":{"\u00c9crit par":"redazione","Dur\u00e9e de lecture estim\u00e9e":"2 minutes"},"schema":{"@context":"https:\/\/schema.org","@graph":[{"@type":"Article","@id":"https:\/\/www.bellunopress.it\/2021\/02\/22\/polveri-sottili-pm10-nel-veneto-si-salva-solo-belluno-e-adria\/#article","isPartOf":{"@id":"https:\/\/www.bellunopress.it\/2021\/02\/22\/polveri-sottili-pm10-nel-veneto-si-salva-solo-belluno-e-adria\/"},"author":{"name":"redazione","@id":"https:\/\/www.bellunopress.it\/#\/schema\/person\/79bb06722b37ece1c03d3e94beb30d73"},"headline":"Polveri sottili PM10, nel Veneto si salva solo Belluno e Adria","datePublished":"2021-02-22T10:16:00+00:00","mainEntityOfPage":{"@id":"https:\/\/www.bellunopress.it\/2021\/02\/22\/polveri-sottili-pm10-nel-veneto-si-salva-solo-belluno-e-adria\/"},"wordCount":309,"publisher":{"@id":"https:\/\/www.bellunopress.it\/#organization"},"image":{"@id":"https:\/\/www.bellunopress.it\/2021\/02\/22\/polveri-sottili-pm10-nel-veneto-si-salva-solo-belluno-e-adria\/#primaryimage"},"thumbnailUrl":"https:\/\/www.bellunopress.it\/wp-content\/uploads\/2020\/03\/Arpav-centralina-_edited.jpg","articleSection":["Meteo, natura, ambiente, animali","Prima Pagina"],"inLanguage":"fr-FR"},{"@type":"WebPage","@id":"https:\/\/www.bellunopress.it\/2021\/02\/22\/polveri-sottili-pm10-nel-veneto-si-salva-solo-belluno-e-adria\/","url":"https:\/\/www.bellunopress.it\/2021\/02\/22\/polveri-sottili-pm10-nel-veneto-si-salva-solo-belluno-e-adria\/","name":"Polveri sottili PM10, nel Veneto si salva solo Belluno e Adria - Bellunopress - Dolomiti","isPartOf":{"@id":"https:\/\/www.bellunopress.it\/#website"},"primaryImageOfPage":{"@id":"https:\/\/www.bellunopress.it\/2021\/02\/22\/polveri-sottili-pm10-nel-veneto-si-salva-solo-belluno-e-adria\/#primaryimage"},"image":{"@id":"https:\/\/www.bellunopress.it\/2021\/02\/22\/polveri-sottili-pm10-nel-veneto-si-salva-solo-belluno-e-adria\/#primaryimage"},"thumbnailUrl":"https:\/\/www.bellunopress.it\/wp-content\/uploads\/2020\/03\/Arpav-centralina-_edited.jpg","datePublished":"2021-02-22T10:16:00+00:00","breadcrumb":{"@id":"https:\/\/www.bellunopress.it\/2021\/02\/22\/polveri-sottili-pm10-nel-veneto-si-salva-solo-belluno-e-adria\/#breadcrumb"},"inLanguage":"fr-FR","potentialAction":[{"@type":"ReadAction","target":["https:\/\/www.bellunopress.it\/2021\/02\/22\/polveri-sottili-pm10-nel-veneto-si-salva-solo-belluno-e-adria\/"]}]},{"@type":"ImageObject","inLanguage":"fr-FR","@id":"https:\/\/www.bellunopress.it\/2021\/02\/22\/polveri-sottili-pm10-nel-veneto-si-salva-solo-belluno-e-adria\/#primaryimage","url":"https:\/\/www.bellunopress.it\/wp-content\/uploads\/2020\/03\/Arpav-centralina-_edited.jpg","contentUrl":"https:\/\/www.bellunopress.it\/wp-content\/uploads\/2020\/03\/Arpav-centralina-_edited.jpg","width":800,"height":450},{"@type":"BreadcrumbList","@id":"https:\/\/www.bellunopress.it\/2021\/02\/22\/polveri-sottili-pm10-nel-veneto-si-salva-solo-belluno-e-adria\/#breadcrumb","itemListElement":[{"@type":"ListItem","position":1,"name":"Home","item":"https:\/\/www.bellunopress.it\/"},{"@type":"ListItem","position":2,"name":"Polveri sottili PM10, nel Veneto si salva solo Belluno e Adria"}]},{"@type":"WebSite","@id":"https:\/\/www.bellunopress.it\/#website","url":"https:\/\/www.bellunopress.it\/","name":"Bellunopress - Dolomiti","description":"e-mail: redazione@bellunopress.it","publisher":{"@id":"https:\/\/www.bellunopress.it\/#organization"},"potentialAction":[{"@type":"SearchAction","target":{"@type":"EntryPoint","urlTemplate":"https:\/\/www.bellunopress.it\/?s={search_term_string}"},"query-input":{"@type":"PropertyValueSpecification","valueRequired":true,"valueName":"search_term_string"}}],"inLanguage":"fr-FR"},{"@type":"Organization","@id":"https:\/\/www.bellunopress.it\/#organization","name":"Bellunopress","url":"https:\/\/www.bellunopress.it\/","logo":{"@type":"ImageObject","inLanguage":"fr-FR","@id":"https:\/\/www.bellunopress.it\/#\/schema\/logo\/image\/","url":"https:\/\/www.bellunopress.it\/wp-content\/uploads\/2011\/05\/cropped-logo-bellunopress-.jpg","contentUrl":"https:\/\/www.bellunopress.it\/wp-content\/uploads\/2011\/05\/cropped-logo-bellunopress-.jpg","width":512,"height":512,"caption":"Bellunopress"},"image":{"@id":"https:\/\/www.bellunopress.it\/#\/schema\/logo\/image\/"},"sameAs":["https:\/\/www.facebook.com\/profile.php?id=100008943462799","https:\/\/x.com\/bellunopress","https:\/\/www.linkedin.com\/hp\/?dnr=JBzUWaJfMUw8vbXJJ2tVW5-I3jZKvC4wsoxE&amp;amp;amp;amp;amp;amp;trk=nav_responsive_tab_home","https:\/\/www.youtube.com\/channel\/UCxL0wu1uN0_3_7hGG0306cw"]},{"@type":"Person","@id":"https:\/\/www.bellunopress.it\/#\/schema\/person\/79bb06722b37ece1c03d3e94beb30d73","name":"r\u00e9daction","image":{"@type":"ImageObject","inLanguage":"fr-FR","@id":"https:\/\/secure.gravatar.com\/avatar\/37d968a2e67a6fd04c169c4bdef102d0bc5d31b2546345219e348575eb80e9a0?s=96&d=mm&r=g","url":"https:\/\/secure.gravatar.com\/avatar\/37d968a2e67a6fd04c169c4bdef102d0bc5d31b2546345219e348575eb80e9a0?s=96&d=mm&r=g","contentUrl":"https:\/\/secure.gravatar.com\/avatar\/37d968a2e67a6fd04c169c4bdef102d0bc5d31b2546345219e348575eb80e9a0?s=96&d=mm&r=g","caption":"redazione"},"sameAs":["http:\/\/www.bellunopress.it","https:\/\/x.com\/bellunopress"],"url":"https:\/\/www.bellunopress.it\/fr\/author\/redazione\/"}]}},"_links":{"self":[{"href":"https:\/\/www.bellunopress.it\/fr\/wp-json\/wp\/v2\/posts\/121949","targetHints":{"allow":["GET"]}}],"collection":[{"href":"https:\/\/www.bellunopress.it\/fr\/wp-json\/wp\/v2\/posts"}],"about":[{"href":"https:\/\/www.bellunopress.it\/fr\/wp-json\/wp\/v2\/types\/post"}],"author":[{"embeddable":true,"href":"https:\/\/www.bellunopress.it\/fr\/wp-json\/wp\/v2\/users\/2"}],"replies":[{"embeddable":true,"href":"https:\/\/www.bellunopress.it\/fr\/wp-json\/wp\/v2\/comments?post=121949"}],"version-history":[{"count":1,"href":"https:\/\/www.bellunopress.it\/fr\/wp-json\/wp\/v2\/posts\/121949\/revisions"}],"predecessor-version":[{"id":121950,"href":"https:\/\/www.bellunopress.it\/fr\/wp-json\/wp\/v2\/posts\/121949\/revisions\/121950"}],"wp:featuredmedia":[{"embeddable":true,"href":"https:\/\/www.bellunopress.it\/fr\/wp-json\/wp\/v2\/media\/113297"}],"wp:attachment":[{"href":"https:\/\/www.bellunopress.it\/fr\/wp-json\/wp\/v2\/media?parent=121949"}],"wp:term":[{"taxonomy":"category","embeddable":true,"href":"https:\/\/www.bellunopress.it\/fr\/wp-json\/wp\/v2\/categories?post=121949"},{"taxonomy":"post_tag","embeddable":true,"href":"https:\/\/www.bellunopress.it\/fr\/wp-json\/wp\/v2\/tags?post=121949"}],"curies":[{"name":"wp","href":"https:\/\/api.w.org\/{rel}","templated":true}]}}