{"id":121947,"date":"2021-02-22T10:55:44","date_gmt":"2021-02-22T09:55:44","guid":{"rendered":"http:\/\/www.bellunopress.it\/?p=121947"},"modified":"2021-02-22T10:55:44","modified_gmt":"2021-02-22T09:55:44","slug":"mancata-assegnazione-fondi-regionali-allulss-1-dolomiti-di-roberto-de-moliner","status":"publish","type":"post","link":"https:\/\/www.bellunopress.it\/fr\/2021\/02\/22\/mancata-assegnazione-fondi-regionali-allulss-1-dolomiti-di-roberto-de-moliner\/","title":{"rendered":"Mancata assegnazione fondi regionali all&#8217;Ulss 1 Dolomiti  * di Roberto De Moliner"},"content":{"rendered":"<p><a href=\"http:\/\/www.bellunopress.it\/fr\/2020\/11\/26\/il-partito-democratico-chiede-al-comune-di-belluno-il-completamento-di-piste-ciclabili-manutenzioni-marciapiedi-e-il-collegamento-cucciolo-marisiga\/roberto-de-moliner-4\/\" rel=\"attachment wp-att-119557\"><img loading=\"lazy\" decoding=\"async\" class=\"alignleft size-full wp-image-119557\" src=\"http:\/\/www.bellunopress.it\/wp-content\/uploads\/2020\/11\/Roberto-De-Moliner-2.jpg\" alt=\"\" width=\"300\" height=\"200\" \/><\/a>La mancata assegnazione all\u2019USSL 1 Dolomiti di fondi per l\u2019ammodernamento del sistema sanitario bellunese e l\u2019ennesimo schiaffo da parte della Regione e della maggioranza, Lega, Forza Italia e Fratelli d\u2019Italia a questa Provincia, sommato ad un assordante silenzio dei rispettivi organismi locali e civiche collegate.<br \/>\nA questo si aggiunge la difesa da parte di uno dei nostri rappresentati in Regione che, al posto di difendere le reali esigenze di questo territorio, difendono questa sciagurata scelta, elencando alcuni interventi gi\u00e0 effettuati ad Agordo e a Feltre con fondi solo in parte Regionali e l\u2019adeguamento sismico e antincendio nel San Martino questo per\u00f2 con fondi governativi che verr\u00e0 in ogni caso realizzato tra anni. Questo modo di fare dimostra in questo contesto cos\u00ec delicato come \u00e8 il servizio sanitario della nostra provincia, poco peso politico e completo servilismo nei confronti di Zaia. Tutto ci\u00f2 a scapito degli interessi dei cittadini di una provincia, la cui peculiarit\u00e0 geografica determina distanze impensabili in pianura per accedere a servizi salvavita essenziali (si pensi, solo per gli esempi pi\u00f9 evidenti, alla mancanza della neurochirurgia e dell\u2019elisoccorso notturno da anni proclamato), servizi che sono la prima condizione per contrastare lo spopolamento soprattutto delle terre alte, assieme alla viabilit\u00e0 e mobilit\u00e0, alla connettivit\u00e0 e, ovviamente, al lavoro.<br \/>\nLa scelta di non prevedere nella deliberazione approvata dalla Giunta Regionale che ha stanziato per altre ULSS 562 milioni di euro, neppure una lira fuori corso per l\u2019ammodernamento delle strutture sociosanitarie degli ospedali bellunesi, sottolinea, per l\u2019ennesima volta, il disinteresse da parte della Regione a questo territorio e alla poca o alcuna autorevolezza e lungimiranza della dirigenza dell\u2019ULSS 1 Dolomiti.<br \/>\nTutto questo si esplicita in una situazione di stallo che perdura oramai da diversi anni su gran parte delle realt\u00e0 territoriali degli ospedali, stallo che le schede ospedaliere approvate nel 2019 hanno ulteriormente ingessato togliendo servizi soprattutto all\u2019Agordino e al Cadore. Il conclamato fatto che oggi gli Ospedali periferici al momento non sono in grado di garantire l\u2019operativit\u00e0 di servizi salvavita e lo stato in cui versa l\u2019Ospedale San Martino di Belluno, via via spogliato senza tema di smentita di sevizi, funzioni e professionalit\u00e0, sono situazioni che denotano questa radicata, poca attenzione alla montagna e che incidono negativamente sul livello dei servizi offerti alla collettivit\u00e0 provinciale costretta sempre pi\u00f9 spesso a ricorrere a prestazioni fuori provincia.<br \/>\nRiteniamo che la valenza provinciale del San Martino, parzialmente riconosciuta nelle schede ospedaliere, ma non attuata in termini concreti, sia un segnale chiaro dell\u2019indirizzo programmatico della Regione e della maggioranza, Lega, Forza Italia e Fratelli d\u2019Italia nei confronti dei parametri sanitari che in un futuro gi\u00e0 presente la nostra Provincia \u00e8 costretta a subire, scelte che hanno determinato queste situazioni:<br \/>\nLa pediatria di Belluno con solo tre medici e tutti i rimanenti turni vengono affidati a ditte e cooperative esterne<br \/>\nL\u2019unit\u00e0 di neurochirurgia che doveva eseguire interventi selezionati in emergenza di fatto svolge solo attivit\u00e0 ambulatoriale e gli interventi sono trasferiti tutti a Treviso al di fuori di qualsiasi parametro che alla golden hour si riferisca, tanto pi\u00f9 se gli eventi capitano di notte quando si \u00e8 costretti a percorrere tragitti verso Treviso solo con l\u2019ausilio dell\u2019ambulanza (l\u2019elicottero \u00e8 fermo).<br \/>\nIl reparto di dermatologia \u00e8 ancora in grave carenza di organico situazione che crea liste d\u2019attesa lunghissime.<br \/>\nIl reparto di medicina sotto organico che determina situazione di sofferenza per i servizi dati della endocrinologia e diabetologia;<br \/>\nL\u2019oculistica privata, l\u2019unico medico con altissima specializzazione nella cura delle patologie oculari pediatriche specializzato da diversi mesi opera in un\u2019altra Struttura Regionale, costretto in quanto non gli stata garantita la reale operativit\u00e0 del servizio togliendo cos\u00ec al San Martino l\u2019attrazione di pazienti limitando la possibilit\u00e0 di crescita professionale, oggi l\u2019oculistica pediatrica \u00e8 seguita da vari medici.<br \/>\nLa cardiologia, che ha visto il trasferimento di tre medici verso altri ospedali, oltre all\u2019avvenuta nomina del primario, rimane comunque in una carenza di medici che al momento non trova soluzione.<br \/>\nLa gastroenterologia ha visto nei mesi scorsi, a causa del trasferimento di due medici ad altre strutture ospedaliere, la reiterata scopertura dei due posti vacanti.<br \/>\nUn servizio di elisoccorso notturno annunciato come partenza imminente nel 2017 e ancora fermo al palo, mentre tutte le regioni del nord Italia, ma non solo, hanno almeno una o due basi h.24.<br \/>\nTutte azioni che abbiamo gi\u00e0 evidenziate e criticate in precedenza che fanno intravedere da una parte la volont\u00e0 di trasferire parte dei servizi verso l\u2019area vasta di Treviso, dall\u2019altra la volont\u00e0 di depauperare la sanit\u00e0 pubblica bellunese a favore di quella privata, scelta che noi non condividiamo assolutamente e che combatteremo in tutte le sedi e con ogni mezzo assieme al gruppo misto e alla maggioranza del Comune di Belluno che riteniamo strategica nel proseguo agire insieme anche in prospettiva di una futura alleanza elettorale.<\/p>\n<p>In una situazione pandemica che ha visto la nostra Provincia, in termini percentuali, una tra le pi\u00f9 colpite del paese, riteniamo ci sia il bisogno di un deciso salto di qualit\u00e0 attraverso l\u2019ammodernamento e un rilancio dei servizi ospedalieri, partendo dall\u2019applicazione delle schede ospedaliere dimostratesi ragionevoli e pensando anche ad alcune cogenti modifiche di quelle dove i servizi sono stati depotenziati (es. anatomia patologica). Si tratta di confermare attraverso scelte chiare e non ambigue la centralit\u00e0 provinciale reale in termini di servizi e discipline di alto livello ed eccellenza dell\u2019Ospedale San Martino di Belluno e creando le condizioni di una medicina territoriale diffusa anche attraverso il favorire la creazione di nuove medicine integrate che garantiscano la certezza nella continuit\u00e0 operativa nel tempo.<br \/>\nVogliamo ricordare l\u2019affermazione fatta il 20 luglio 2020 dall\u2019Assessore alla Sanit\u00e0 della Regione Veneto in merito alla sanit\u00e0 della nostra Provincia: \u201cla specificit\u00e0 della montagna, che ha indubbiamente necessit\u00e0 diverse rispetto ad altre zone, trova risposta in progetti innovativi e organizzazioni flessibili, promuovendo sperimentazioni come in altri paesi dell\u2019arco alpino, in una pi\u00f9 complessiva visione di sviluppo territoriale montano e di sostenibilit\u00e0.\u201d<br \/>\nAffermazioni condivisibili, peccato che al momento non abbiano trovato attuazione alcuna neanche in questo frangente cos\u00ec difficile.<\/p>\n<p>Riteniamo, infine, alla luce di questa vergognosa vicenda, che ha determinato la mancanza di fondi deliberati per il nostro territorio, di avere il diritto di avere strutture ammodernate come nel resto del Veneto e un servizio migliore in loco senza dover effettuare tragitti inconcepibili (oltre 130 chilometri per raggiungere il C\u00e0 Foncello a Treviso), per far questo consideriamo necessario il ripristino del potere nell\u2019indirizzo e proposta operativa vincolante sull\u2019organizzazione ospedaliera da parte della Conferenza dei Sindaci. Oggi, infatti, l\u2019ambito di competenza della Conferenza riguarda solo gli indirizzi di programmazione dei servizi socio sanitari territoriali ricompresi nelle aree di salute previste dal piano di zona, ripristinando un controllo territoriale con il concorso di gradimento e verifica della qualit\u00e0 della direzione dell\u2019USSL che oggi \u00e8 di competenza della Regioni, tanto \u00e8 vero che sulla nomina del Direttore dei servizi sociali la conferenza dei sindaci esprimono solo un parere consuntivo e non vincolate che spesso a volte \u00e8 stato disatteso anche in questa provincia.<br \/>\nPer ultimo, ci auguriamo che il Presidente Zaia, nomi e professionalit\u00e0 alla mano, oltre che passione per il territorio e le sue comunit\u00e0, nomini la prossima direzione generale e quella sanitaria dell\u2019ULSS 1 Dolomiti con maggiore qualit\u00e0 e spessore rispetto a quelle uscenti, lontane dai servizi e dai cittadini come poche altre volte \u00e8 occorso negli ultimi 20 anni.<\/p>\n<p>Roberto De Moliner &#8211; Segretario Unione Comunale Partito Democratico Belluno<\/p>","protected":false},"excerpt":{"rendered":"<p>La mancata assegnazione all\u2019USSL 1 Dolomiti di fondi per l\u2019ammodernamento del sistema sanitario bellunese e l\u2019ennesimo schiaffo da parte della Regione e della maggioranza, Lega, Forza Italia e Fratelli d\u2019Italia a questa Provincia, sommato ad un assordante silenzio dei rispettivi organismi locali e civiche collegate. A questo si aggiunge la difesa da parte di uno [&hellip;]<\/p>\n","protected":false},"author":2,"featured_media":119557,"comment_status":"closed","ping_status":"open","sticky":false,"template":"","format":"standard","meta":{"footnotes":""},"categories":[5,17],"tags":[],"class_list":["post-121947","post","type-post","status-publish","format-standard","has-post-thumbnail","category-cronaca","category-sanita"],"yoast_head":"<!-- This site is optimized with the Yoast SEO plugin v28.4 - https:\/\/yoast.com\/product\/yoast-seo-wordpress\/ -->\n<title>Mancata assegnazione fondi regionali all&#039;Ulss 1 Dolomiti * di Roberto De Moliner - Bellunopress - Dolomiti<\/title>\n<meta name=\"robots\" content=\"index, follow, max-snippet:-1, max-image-preview:large, max-video-preview:-1\" \/>\n<link rel=\"canonical\" href=\"https:\/\/www.bellunopress.it\/fr\/2021\/02\/22\/mancata-assegnazione-fondi-regionali-allulss-1-dolomiti-di-roberto-de-moliner\/\" \/>\n<meta property=\"og:locale\" content=\"fr_FR\" \/>\n<meta property=\"og:type\" content=\"article\" \/>\n<meta property=\"og:title\" content=\"Mancata assegnazione fondi regionali all&#039;Ulss 1 Dolomiti * di Roberto De Moliner - Bellunopress - Dolomiti\" \/>\n<meta property=\"og:description\" content=\"La mancata assegnazione all\u2019USSL 1 Dolomiti di fondi per l\u2019ammodernamento del sistema sanitario bellunese e l\u2019ennesimo schiaffo da parte della Regione e della maggioranza, Lega, Forza Italia e Fratelli d\u2019Italia a questa Provincia, sommato ad un assordante silenzio dei rispettivi organismi locali e civiche collegate. A questo si aggiunge la difesa da parte di uno [&hellip;]\" \/>\n<meta property=\"og:url\" content=\"https:\/\/www.bellunopress.it\/fr\/2021\/02\/22\/mancata-assegnazione-fondi-regionali-allulss-1-dolomiti-di-roberto-de-moliner\/\" \/>\n<meta property=\"og:site_name\" content=\"Bellunopress - Dolomiti\" \/>\n<meta property=\"article:publisher\" content=\"https:\/\/www.facebook.com\/profile.php?id=100008943462799\" \/>\n<meta property=\"article:published_time\" content=\"2021-02-22T09:55:44+00:00\" \/>\n<meta property=\"og:image\" content=\"https:\/\/www.bellunopress.it\/wp-content\/uploads\/2020\/11\/Roberto-De-Moliner-2.jpg\" \/>\n\t<meta property=\"og:image:width\" content=\"300\" \/>\n\t<meta property=\"og:image:height\" content=\"200\" \/>\n\t<meta property=\"og:image:type\" content=\"image\/jpeg\" \/>\n<meta name=\"author\" content=\"redazione\" \/>\n<meta name=\"twitter:card\" content=\"summary_large_image\" \/>\n<meta name=\"twitter:creator\" content=\"@bellunopress\" \/>\n<meta name=\"twitter:site\" content=\"@bellunopress\" \/>\n<meta name=\"twitter:label1\" content=\"Written by\" \/>\n\t<meta name=\"twitter:data1\" content=\"redazione\" \/>\n\t<meta name=\"twitter:label2\" content=\"Est. reading time\" \/>\n\t<meta name=\"twitter:data2\" content=\"6 minutes\" \/>\n<script type=\"application\/ld+json\" class=\"yoast-schema-graph\">{\"@context\":\"https:\\\/\\\/schema.org\",\"@graph\":[{\"@type\":\"Article\",\"@id\":\"https:\\\/\\\/www.bellunopress.it\\\/2021\\\/02\\\/22\\\/mancata-assegnazione-fondi-regionali-allulss-1-dolomiti-di-roberto-de-moliner\\\/#article\",\"isPartOf\":{\"@id\":\"https:\\\/\\\/www.bellunopress.it\\\/2021\\\/02\\\/22\\\/mancata-assegnazione-fondi-regionali-allulss-1-dolomiti-di-roberto-de-moliner\\\/\"},\"author\":{\"name\":\"redazione\",\"@id\":\"https:\\\/\\\/www.bellunopress.it\\\/#\\\/schema\\\/person\\\/79bb06722b37ece1c03d3e94beb30d73\"},\"headline\":\"Mancata assegnazione fondi regionali all&#8217;Ulss 1 Dolomiti * di Roberto De Moliner\",\"datePublished\":\"2021-02-22T09:55:44+00:00\",\"mainEntityOfPage\":{\"@id\":\"https:\\\/\\\/www.bellunopress.it\\\/2021\\\/02\\\/22\\\/mancata-assegnazione-fondi-regionali-allulss-1-dolomiti-di-roberto-de-moliner\\\/\"},\"wordCount\":1251,\"publisher\":{\"@id\":\"https:\\\/\\\/www.bellunopress.it\\\/#organization\"},\"image\":{\"@id\":\"https:\\\/\\\/www.bellunopress.it\\\/2021\\\/02\\\/22\\\/mancata-assegnazione-fondi-regionali-allulss-1-dolomiti-di-roberto-de-moliner\\\/#primaryimage\"},\"thumbnailUrl\":\"https:\\\/\\\/www.bellunopress.it\\\/wp-content\\\/uploads\\\/2020\\\/11\\\/Roberto-De-Moliner-2.jpg\",\"articleSection\":[\"Cronaca\\\/Politica\",\"Sanit\u00e0 Medicina\"],\"inLanguage\":\"fr-FR\"},{\"@type\":\"WebPage\",\"@id\":\"https:\\\/\\\/www.bellunopress.it\\\/2021\\\/02\\\/22\\\/mancata-assegnazione-fondi-regionali-allulss-1-dolomiti-di-roberto-de-moliner\\\/\",\"url\":\"https:\\\/\\\/www.bellunopress.it\\\/2021\\\/02\\\/22\\\/mancata-assegnazione-fondi-regionali-allulss-1-dolomiti-di-roberto-de-moliner\\\/\",\"name\":\"Mancata assegnazione fondi regionali all'Ulss 1 Dolomiti * di Roberto De Moliner - Bellunopress - Dolomiti\",\"isPartOf\":{\"@id\":\"https:\\\/\\\/www.bellunopress.it\\\/#website\"},\"primaryImageOfPage\":{\"@id\":\"https:\\\/\\\/www.bellunopress.it\\\/2021\\\/02\\\/22\\\/mancata-assegnazione-fondi-regionali-allulss-1-dolomiti-di-roberto-de-moliner\\\/#primaryimage\"},\"image\":{\"@id\":\"https:\\\/\\\/www.bellunopress.it\\\/2021\\\/02\\\/22\\\/mancata-assegnazione-fondi-regionali-allulss-1-dolomiti-di-roberto-de-moliner\\\/#primaryimage\"},\"thumbnailUrl\":\"https:\\\/\\\/www.bellunopress.it\\\/wp-content\\\/uploads\\\/2020\\\/11\\\/Roberto-De-Moliner-2.jpg\",\"datePublished\":\"2021-02-22T09:55:44+00:00\",\"breadcrumb\":{\"@id\":\"https:\\\/\\\/www.bellunopress.it\\\/2021\\\/02\\\/22\\\/mancata-assegnazione-fondi-regionali-allulss-1-dolomiti-di-roberto-de-moliner\\\/#breadcrumb\"},\"inLanguage\":\"fr-FR\",\"potentialAction\":[{\"@type\":\"ReadAction\",\"target\":[\"https:\\\/\\\/www.bellunopress.it\\\/2021\\\/02\\\/22\\\/mancata-assegnazione-fondi-regionali-allulss-1-dolomiti-di-roberto-de-moliner\\\/\"]}]},{\"@type\":\"ImageObject\",\"inLanguage\":\"fr-FR\",\"@id\":\"https:\\\/\\\/www.bellunopress.it\\\/2021\\\/02\\\/22\\\/mancata-assegnazione-fondi-regionali-allulss-1-dolomiti-di-roberto-de-moliner\\\/#primaryimage\",\"url\":\"https:\\\/\\\/www.bellunopress.it\\\/wp-content\\\/uploads\\\/2020\\\/11\\\/Roberto-De-Moliner-2.jpg\",\"contentUrl\":\"https:\\\/\\\/www.bellunopress.it\\\/wp-content\\\/uploads\\\/2020\\\/11\\\/Roberto-De-Moliner-2.jpg\",\"width\":300,\"height\":200,\"caption\":\"Roberto De Moliner\"},{\"@type\":\"BreadcrumbList\",\"@id\":\"https:\\\/\\\/www.bellunopress.it\\\/2021\\\/02\\\/22\\\/mancata-assegnazione-fondi-regionali-allulss-1-dolomiti-di-roberto-de-moliner\\\/#breadcrumb\",\"itemListElement\":[{\"@type\":\"ListItem\",\"position\":1,\"name\":\"Home\",\"item\":\"https:\\\/\\\/www.bellunopress.it\\\/\"},{\"@type\":\"ListItem\",\"position\":2,\"name\":\"Mancata assegnazione fondi regionali all&#8217;Ulss 1 Dolomiti * di Roberto De Moliner\"}]},{\"@type\":\"WebSite\",\"@id\":\"https:\\\/\\\/www.bellunopress.it\\\/#website\",\"url\":\"https:\\\/\\\/www.bellunopress.it\\\/\",\"name\":\"Bellunopress - Dolomiti\",\"description\":\"e-mail: redazione@bellunopress.it\",\"publisher\":{\"@id\":\"https:\\\/\\\/www.bellunopress.it\\\/#organization\"},\"potentialAction\":[{\"@type\":\"SearchAction\",\"target\":{\"@type\":\"EntryPoint\",\"urlTemplate\":\"https:\\\/\\\/www.bellunopress.it\\\/?s={search_term_string}\"},\"query-input\":{\"@type\":\"PropertyValueSpecification\",\"valueRequired\":true,\"valueName\":\"search_term_string\"}}],\"inLanguage\":\"fr-FR\"},{\"@type\":\"Organization\",\"@id\":\"https:\\\/\\\/www.bellunopress.it\\\/#organization\",\"name\":\"Bellunopress\",\"url\":\"https:\\\/\\\/www.bellunopress.it\\\/\",\"logo\":{\"@type\":\"ImageObject\",\"inLanguage\":\"fr-FR\",\"@id\":\"https:\\\/\\\/www.bellunopress.it\\\/#\\\/schema\\\/logo\\\/image\\\/\",\"url\":\"https:\\\/\\\/www.bellunopress.it\\\/wp-content\\\/uploads\\\/2011\\\/05\\\/cropped-logo-bellunopress-.jpg\",\"contentUrl\":\"https:\\\/\\\/www.bellunopress.it\\\/wp-content\\\/uploads\\\/2011\\\/05\\\/cropped-logo-bellunopress-.jpg\",\"width\":512,\"height\":512,\"caption\":\"Bellunopress\"},\"image\":{\"@id\":\"https:\\\/\\\/www.bellunopress.it\\\/#\\\/schema\\\/logo\\\/image\\\/\"},\"sameAs\":[\"https:\\\/\\\/www.facebook.com\\\/profile.php?id=100008943462799\",\"https:\\\/\\\/x.com\\\/bellunopress\",\"https:\\\/\\\/www.linkedin.com\\\/hp\\\/?dnr=JBzUWaJfMUw8vbXJJ2tVW5-I3jZKvC4wsoxE&amp;amp;amp;amp;amp;amp;trk=nav_responsive_tab_home\",\"https:\\\/\\\/www.youtube.com\\\/channel\\\/UCxL0wu1uN0_3_7hGG0306cw\"]},{\"@type\":\"Person\",\"@id\":\"https:\\\/\\\/www.bellunopress.it\\\/#\\\/schema\\\/person\\\/79bb06722b37ece1c03d3e94beb30d73\",\"name\":\"redazione\",\"image\":{\"@type\":\"ImageObject\",\"inLanguage\":\"fr-FR\",\"@id\":\"https:\\\/\\\/secure.gravatar.com\\\/avatar\\\/37d968a2e67a6fd04c169c4bdef102d0bc5d31b2546345219e348575eb80e9a0?s=96&d=mm&r=g\",\"url\":\"https:\\\/\\\/secure.gravatar.com\\\/avatar\\\/37d968a2e67a6fd04c169c4bdef102d0bc5d31b2546345219e348575eb80e9a0?s=96&d=mm&r=g\",\"contentUrl\":\"https:\\\/\\\/secure.gravatar.com\\\/avatar\\\/37d968a2e67a6fd04c169c4bdef102d0bc5d31b2546345219e348575eb80e9a0?s=96&d=mm&r=g\",\"caption\":\"redazione\"},\"sameAs\":[\"http:\\\/\\\/www.bellunopress.it\",\"https:\\\/\\\/x.com\\\/bellunopress\"],\"url\":\"https:\\\/\\\/www.bellunopress.it\\\/fr\\\/author\\\/redazione\\\/\"}]}<\/script>\n<!-- \/ Yoast SEO plugin. -->","yoast_head_json":{"title":"Mancata assegnazione fondi regionali all'Ulss 1 Dolomiti * di Roberto De Moliner - Bellunopress - Dolomiti","robots":{"index":"index","follow":"follow","max-snippet":"max-snippet:-1","max-image-preview":"max-image-preview:large","max-video-preview":"max-video-preview:-1"},"canonical":"https:\/\/www.bellunopress.it\/fr\/2021\/02\/22\/mancata-assegnazione-fondi-regionali-allulss-1-dolomiti-di-roberto-de-moliner\/","og_locale":"fr_FR","og_type":"article","og_title":"Mancata assegnazione fondi regionali all'Ulss 1 Dolomiti * di Roberto De Moliner - Bellunopress - Dolomiti","og_description":"La mancata assegnazione all\u2019USSL 1 Dolomiti di fondi per l\u2019ammodernamento del sistema sanitario bellunese e l\u2019ennesimo schiaffo da parte della Regione e della maggioranza, Lega, Forza Italia e Fratelli d\u2019Italia a questa Provincia, sommato ad un assordante silenzio dei rispettivi organismi locali e civiche collegate. A questo si aggiunge la difesa da parte di uno [&hellip;]","og_url":"https:\/\/www.bellunopress.it\/fr\/2021\/02\/22\/mancata-assegnazione-fondi-regionali-allulss-1-dolomiti-di-roberto-de-moliner\/","og_site_name":"Bellunopress - Dolomiti","article_publisher":"https:\/\/www.facebook.com\/profile.php?id=100008943462799","article_published_time":"2021-02-22T09:55:44+00:00","og_image":[{"width":300,"height":200,"url":"https:\/\/www.bellunopress.it\/wp-content\/uploads\/2020\/11\/Roberto-De-Moliner-2.jpg","type":"image\/jpeg"}],"author":"redazione","twitter_card":"summary_large_image","twitter_creator":"@bellunopress","twitter_site":"@bellunopress","twitter_misc":{"Written by":"redazione","Est. reading time":"6 minutes"},"schema":{"@context":"https:\/\/schema.org","@graph":[{"@type":"Article","@id":"https:\/\/www.bellunopress.it\/2021\/02\/22\/mancata-assegnazione-fondi-regionali-allulss-1-dolomiti-di-roberto-de-moliner\/#article","isPartOf":{"@id":"https:\/\/www.bellunopress.it\/2021\/02\/22\/mancata-assegnazione-fondi-regionali-allulss-1-dolomiti-di-roberto-de-moliner\/"},"author":{"name":"redazione","@id":"https:\/\/www.bellunopress.it\/#\/schema\/person\/79bb06722b37ece1c03d3e94beb30d73"},"headline":"Mancata assegnazione fondi regionali all&#8217;Ulss 1 Dolomiti * di Roberto De Moliner","datePublished":"2021-02-22T09:55:44+00:00","mainEntityOfPage":{"@id":"https:\/\/www.bellunopress.it\/2021\/02\/22\/mancata-assegnazione-fondi-regionali-allulss-1-dolomiti-di-roberto-de-moliner\/"},"wordCount":1251,"publisher":{"@id":"https:\/\/www.bellunopress.it\/#organization"},"image":{"@id":"https:\/\/www.bellunopress.it\/2021\/02\/22\/mancata-assegnazione-fondi-regionali-allulss-1-dolomiti-di-roberto-de-moliner\/#primaryimage"},"thumbnailUrl":"https:\/\/www.bellunopress.it\/wp-content\/uploads\/2020\/11\/Roberto-De-Moliner-2.jpg","articleSection":["Cronaca\/Politica","Sanit\u00e0 Medicina"],"inLanguage":"fr-FR"},{"@type":"WebPage","@id":"https:\/\/www.bellunopress.it\/2021\/02\/22\/mancata-assegnazione-fondi-regionali-allulss-1-dolomiti-di-roberto-de-moliner\/","url":"https:\/\/www.bellunopress.it\/2021\/02\/22\/mancata-assegnazione-fondi-regionali-allulss-1-dolomiti-di-roberto-de-moliner\/","name":"Mancata assegnazione fondi regionali all'Ulss 1 Dolomiti * di Roberto De Moliner - Bellunopress - Dolomiti","isPartOf":{"@id":"https:\/\/www.bellunopress.it\/#website"},"primaryImageOfPage":{"@id":"https:\/\/www.bellunopress.it\/2021\/02\/22\/mancata-assegnazione-fondi-regionali-allulss-1-dolomiti-di-roberto-de-moliner\/#primaryimage"},"image":{"@id":"https:\/\/www.bellunopress.it\/2021\/02\/22\/mancata-assegnazione-fondi-regionali-allulss-1-dolomiti-di-roberto-de-moliner\/#primaryimage"},"thumbnailUrl":"https:\/\/www.bellunopress.it\/wp-content\/uploads\/2020\/11\/Roberto-De-Moliner-2.jpg","datePublished":"2021-02-22T09:55:44+00:00","breadcrumb":{"@id":"https:\/\/www.bellunopress.it\/2021\/02\/22\/mancata-assegnazione-fondi-regionali-allulss-1-dolomiti-di-roberto-de-moliner\/#breadcrumb"},"inLanguage":"fr-FR","potentialAction":[{"@type":"ReadAction","target":["https:\/\/www.bellunopress.it\/2021\/02\/22\/mancata-assegnazione-fondi-regionali-allulss-1-dolomiti-di-roberto-de-moliner\/"]}]},{"@type":"ImageObject","inLanguage":"fr-FR","@id":"https:\/\/www.bellunopress.it\/2021\/02\/22\/mancata-assegnazione-fondi-regionali-allulss-1-dolomiti-di-roberto-de-moliner\/#primaryimage","url":"https:\/\/www.bellunopress.it\/wp-content\/uploads\/2020\/11\/Roberto-De-Moliner-2.jpg","contentUrl":"https:\/\/www.bellunopress.it\/wp-content\/uploads\/2020\/11\/Roberto-De-Moliner-2.jpg","width":300,"height":200,"caption":"Roberto De Moliner"},{"@type":"BreadcrumbList","@id":"https:\/\/www.bellunopress.it\/2021\/02\/22\/mancata-assegnazione-fondi-regionali-allulss-1-dolomiti-di-roberto-de-moliner\/#breadcrumb","itemListElement":[{"@type":"ListItem","position":1,"name":"Home","item":"https:\/\/www.bellunopress.it\/"},{"@type":"ListItem","position":2,"name":"Mancata assegnazione fondi regionali all&#8217;Ulss 1 Dolomiti * di Roberto De Moliner"}]},{"@type":"WebSite","@id":"https:\/\/www.bellunopress.it\/#website","url":"https:\/\/www.bellunopress.it\/","name":"Bellunopress - Dolomiti","description":"e-mail: redazione@bellunopress.it","publisher":{"@id":"https:\/\/www.bellunopress.it\/#organization"},"potentialAction":[{"@type":"SearchAction","target":{"@type":"EntryPoint","urlTemplate":"https:\/\/www.bellunopress.it\/?s={search_term_string}"},"query-input":{"@type":"PropertyValueSpecification","valueRequired":true,"valueName":"search_term_string"}}],"inLanguage":"fr-FR"},{"@type":"Organization","@id":"https:\/\/www.bellunopress.it\/#organization","name":"Bellunopress","url":"https:\/\/www.bellunopress.it\/","logo":{"@type":"ImageObject","inLanguage":"fr-FR","@id":"https:\/\/www.bellunopress.it\/#\/schema\/logo\/image\/","url":"https:\/\/www.bellunopress.it\/wp-content\/uploads\/2011\/05\/cropped-logo-bellunopress-.jpg","contentUrl":"https:\/\/www.bellunopress.it\/wp-content\/uploads\/2011\/05\/cropped-logo-bellunopress-.jpg","width":512,"height":512,"caption":"Bellunopress"},"image":{"@id":"https:\/\/www.bellunopress.it\/#\/schema\/logo\/image\/"},"sameAs":["https:\/\/www.facebook.com\/profile.php?id=100008943462799","https:\/\/x.com\/bellunopress","https:\/\/www.linkedin.com\/hp\/?dnr=JBzUWaJfMUw8vbXJJ2tVW5-I3jZKvC4wsoxE&amp;amp;amp;amp;amp;amp;trk=nav_responsive_tab_home","https:\/\/www.youtube.com\/channel\/UCxL0wu1uN0_3_7hGG0306cw"]},{"@type":"Person","@id":"https:\/\/www.bellunopress.it\/#\/schema\/person\/79bb06722b37ece1c03d3e94beb30d73","name":"r\u00e9daction","image":{"@type":"ImageObject","inLanguage":"fr-FR","@id":"https:\/\/secure.gravatar.com\/avatar\/37d968a2e67a6fd04c169c4bdef102d0bc5d31b2546345219e348575eb80e9a0?s=96&d=mm&r=g","url":"https:\/\/secure.gravatar.com\/avatar\/37d968a2e67a6fd04c169c4bdef102d0bc5d31b2546345219e348575eb80e9a0?s=96&d=mm&r=g","contentUrl":"https:\/\/secure.gravatar.com\/avatar\/37d968a2e67a6fd04c169c4bdef102d0bc5d31b2546345219e348575eb80e9a0?s=96&d=mm&r=g","caption":"redazione"},"sameAs":["http:\/\/www.bellunopress.it","https:\/\/x.com\/bellunopress"],"url":"https:\/\/www.bellunopress.it\/fr\/author\/redazione\/"}]}},"_links":{"self":[{"href":"https:\/\/www.bellunopress.it\/fr\/wp-json\/wp\/v2\/posts\/121947","targetHints":{"allow":["GET"]}}],"collection":[{"href":"https:\/\/www.bellunopress.it\/fr\/wp-json\/wp\/v2\/posts"}],"about":[{"href":"https:\/\/www.bellunopress.it\/fr\/wp-json\/wp\/v2\/types\/post"}],"author":[{"embeddable":true,"href":"https:\/\/www.bellunopress.it\/fr\/wp-json\/wp\/v2\/users\/2"}],"replies":[{"embeddable":true,"href":"https:\/\/www.bellunopress.it\/fr\/wp-json\/wp\/v2\/comments?post=121947"}],"version-history":[{"count":1,"href":"https:\/\/www.bellunopress.it\/fr\/wp-json\/wp\/v2\/posts\/121947\/revisions"}],"predecessor-version":[{"id":121948,"href":"https:\/\/www.bellunopress.it\/fr\/wp-json\/wp\/v2\/posts\/121947\/revisions\/121948"}],"wp:featuredmedia":[{"embeddable":true,"href":"https:\/\/www.bellunopress.it\/fr\/wp-json\/wp\/v2\/media\/119557"}],"wp:attachment":[{"href":"https:\/\/www.bellunopress.it\/fr\/wp-json\/wp\/v2\/media?parent=121947"}],"wp:term":[{"taxonomy":"category","embeddable":true,"href":"https:\/\/www.bellunopress.it\/fr\/wp-json\/wp\/v2\/categories?post=121947"},{"taxonomy":"post_tag","embeddable":true,"href":"https:\/\/www.bellunopress.it\/fr\/wp-json\/wp\/v2\/tags?post=121947"}],"curies":[{"name":"wp","href":"https:\/\/api.w.org\/{rel}","templated":true}]}}