{"id":121942,"date":"2021-02-22T10:43:49","date_gmt":"2021-02-22T09:43:49","guid":{"rendered":"http:\/\/www.bellunopress.it\/?p=121942"},"modified":"2021-02-22T10:43:50","modified_gmt":"2021-02-22T09:43:50","slug":"gruppo-salvataggio-anfibi-belluno-torna-in-azione-in-vista-della-migrazione-di-rospi-e-rane","status":"publish","type":"post","link":"https:\/\/www.bellunopress.it\/fr\/2021\/02\/22\/gruppo-salvataggio-anfibi-belluno-torna-in-azione-in-vista-della-migrazione-di-rospi-e-rane\/","title":{"rendered":"Gruppo Salvataggio Anfibi Belluno torna in azione in vista della migrazione di rospi e rane"},"content":{"rendered":"<p><a href=\"http:\/\/www.bellunopress.it\/fr\/2021\/02\/22\/gruppo-salvataggio-anfibi-belluno-torna-in-azione-in-vista-della-migrazione-di-rospi-e-rane\/gruppo-salvataggio-anfibi-belluno_edited\/\" rel=\"attachment wp-att-121943\"><img loading=\"lazy\" decoding=\"async\" class=\"alignleft size-full wp-image-121943\" src=\"http:\/\/www.bellunopress.it\/wp-content\/uploads\/2021\/02\/Gruppo-salvataggio-anfibi-Belluno_edited.jpg\" alt=\"\" width=\"1000\" height=\"750\" srcset=\"https:\/\/www.bellunopress.it\/wp-content\/uploads\/2021\/02\/Gruppo-salvataggio-anfibi-Belluno_edited.jpg 1000w, https:\/\/www.bellunopress.it\/wp-content\/uploads\/2021\/02\/Gruppo-salvataggio-anfibi-Belluno_edited-500x375.jpg 500w, https:\/\/www.bellunopress.it\/wp-content\/uploads\/2021\/02\/Gruppo-salvataggio-anfibi-Belluno_edited-696x522.jpg 696w, https:\/\/www.bellunopress.it\/wp-content\/uploads\/2021\/02\/Gruppo-salvataggio-anfibi-Belluno_edited-560x420.jpg 560w, https:\/\/www.bellunopress.it\/wp-content\/uploads\/2021\/02\/Gruppo-salvataggio-anfibi-Belluno_edited-80x60.jpg 80w, https:\/\/www.bellunopress.it\/wp-content\/uploads\/2021\/02\/Gruppo-salvataggio-anfibi-Belluno_edited-265x198.jpg 265w\" sizes=\"auto, (max-width: 1000px) 100vw, 1000px\" \/><\/a>La primavera bussa alla porta ed i volontari rospisti si rimboccano le maniche per posizionare reti e barriere che serviranno per salvare gli anfibi che a breve si metteranno in cammino per raggiungere gli specchi d\u2019acqua e deporre le uova.<\/p>\n<p>Ieri, domenica 21 febbraio, \u00e8 stata posata la barriera in localit\u00e0 Molinello di Borgo Valbelluna, lungo la strada provinciale Madonna del Piave all\u2019altezza della cava di Molinello. Il tutto grazie a una ventina di volontari che hanno operato nel rispetto delle norme di sicurezza anti covid.<br \/>\nSeguir\u00e0 la posa delle reti a Rasai di Seren del Grappa e Punta Trifina di Ponte Nelle Alpi nel giro di una decina di giorni.<br \/>\nGrazie alle numerose collaborazioni tra volontari, si uniranno per l\u2019occasione anche gli Eco Volontari dell\u2019Unione Montana Feltrina e della Associazione Siamo Tutti Animali.<br \/>\nI nostri volontari saranno impiegati tra marzo ed aprile in turni serali muniti di torcia e secchio per raccogliere e portare in salvo i preziosissimi alleati dell\u2019ecosistema.<\/p>\n<p>Lo scorso anno &#8211; racconta Michela Zatta coordinatrice del Gruppo &#8211; non abbiamo potuto effettuare i salvataggi a causa del covid 19. Possiamo solo sperare che il lock down abbia permesso agli anfibi di attraversare senza essere vittime delle auto.<br \/>\nL\u2019attivit\u00e0 di posa reti e di salvataggio viene svolta senza assembramenti e nel pi\u00f9 scrupoloso rispetto delle norme igieniche perch\u00e9 si \u00e8 naturalmente distanziati per poter coprire la maggior parte del percorso, si usano guanti monouso che vengono cambiati anche pi\u00f9 volte per turno e tutto il materiale, strettamente personale, viene disinfettato a fine serata (secchi, suole delle scarpe, stivali) come da raccomandazione del S.H.I.<br \/>\n(Societas Herpetologica Italica) per evitare di trasmettere parassiti o malattie tra gli anfibi.<br \/>\nAlla nostra gi\u00e0 consolidata e scrupolosa osservanza delle norme igieniche aggiungiamo la mascherina&#8221;.<\/p>\n<p>&#8220;Grazie al lavoro instancabile dei volontari &#8211; prosegue Michela Zatta &#8211; ogni anno riusciamo a salvare complessivamente oltre 10.000 anfibi e garantire la continuit\u00e0 delle specie che vivono nel territorio bellunese, mantenendo i delicati equilibri della natura, rendendo pi\u00f9 sicure le strade anche per gli automobilisti e consentendo di abbassare l\u2019uso di pesticidi grazie alla presenza di questi alleati insettivori.<\/p>\n<p>In provincia di Belluno, i volontari attivi sono circa 45\/50 che colgo l&#8217;occasione per ringraziare, insieme al consolidato appoggio delle amministrazioni comunali di Borgo Valbelluna, Ponte Nelle Alpi e Seren del Grappa e del Gruppo Carabinieri Forestale di Belluno, Veneto Strade ed Anas.<\/p>\n<p>Questa migrazione &#8211; conclude Michela &#8211; ci coglie con un velo di tristezza per la perdita del nostro amico e compagno di salvataggi Bepi Tormen, mancato improvvisamente l\u2019autunno scorso lasciando un vuoto incolmabile tra noi volontari, abbiamo perso un amico, un mentore ed un grande esperto di anfibi e di fauna selvatica.\u201d<\/p>\n<p><strong><a href=\"http:\/\/www.bellunopress.it\/fr\/2021\/02\/22\/gruppo-salvataggio-anfibi-belluno-torna-in-azione-in-vista-della-migrazione-di-rospi-e-rane\/rospo_edited\/\" rel=\"attachment wp-att-121944\"><img loading=\"lazy\" decoding=\"async\" class=\"alignleft size-full wp-image-121944\" src=\"http:\/\/www.bellunopress.it\/wp-content\/uploads\/2021\/02\/rospo_edited.jpg\" alt=\"\" width=\"1000\" height=\"911\" srcset=\"https:\/\/www.bellunopress.it\/wp-content\/uploads\/2021\/02\/rospo_edited.jpg 1000w, https:\/\/www.bellunopress.it\/wp-content\/uploads\/2021\/02\/rospo_edited-500x456.jpg 500w, https:\/\/www.bellunopress.it\/wp-content\/uploads\/2021\/02\/rospo_edited-696x634.jpg 696w, https:\/\/www.bellunopress.it\/wp-content\/uploads\/2021\/02\/rospo_edited-461x420.jpg 461w\" sizes=\"auto, (max-width: 1000px) 100vw, 1000px\" \/><\/a>Vuoi diventare volontario rospista? Mettiti in contatto con noi:<\/strong><br \/>\nIsabella per la Sinistra Piave: 349\/4474104<br \/>\nGiuliana per Ponte Nelle Alpi: 329\/1410122<br \/>\nMichela per Seren del Grappa e per le attivit\u00e0 del gruppo: 328\/9204968<br \/>\nOppure scrivi una mail all\u2019indirizzo: grupposalvataggioanfibibelluno@gmail.com<\/p>\n<p><strong>Storia del Gruppo Salvataggio Anfibi Belluno<\/strong><br \/>\nIl gruppo \u00e8 attivo in provincia di Belluno dal 2013, dapprima abbiamo iniziato a Rasai di Seren del Grappa dove da anni era nota una grande e critica situazione di attraversamento sulla strada delle Montegge, successivamente abbiamo dato il via ai salvataggi anche a Ponte Nelle Alpi in localit\u00e0 Punta Trifina per l\u2019intenso attraversamento di rospi scendevano verso il lago, infine nella Strada Provinciale Madonna del Piave, nel Comune di Borgo Valbelluna.<br \/>\nGrazie ai volontari ogni anno salviamo diverse migliaia di rospi e rane raccogliendoli prima che finiscano in strada e li avviciniamo alla zona umida che cercano di raggiungere per far s\u00ec che questi indispensabili animali non si estinguano.<\/p>\n<p><strong>Nuovi progetti<\/strong><br \/>\nNon solo anfibi, il gruppo dallo scorso anno lavora ad un progetto di tutela della fauna selvatica che vive in ambito urbano come rondoni, rondini, rondini montane, balestrucci, pipistrelli in collaborazione con Lac, WWF, Siamo tutti Animali, Gruppo Eco Volontari, Monumenti Vivi, Liberi di Volare 2012.<br \/>\nPer maggiori informazioni sulle attivit\u00e0 del gruppo contattare Michela Zatta 328\/9204968<br \/>\ngrupposalvataggioanfibibelluno@gmail.com<\/p>","protected":false},"excerpt":{"rendered":"<p>La primavera bussa alla porta ed i volontari rospisti si rimboccano le maniche per posizionare reti e barriere che serviranno per salvare gli anfibi che a breve si metteranno in cammino per raggiungere gli specchi d\u2019acqua e deporre le uova. Ieri, domenica 21 febbraio, \u00e8 stata posata la barriera in localit\u00e0 Molinello di Borgo Valbelluna, [&hellip;]<\/p>\n","protected":false},"author":2,"featured_media":121943,"comment_status":"closed","ping_status":"open","sticky":false,"template":"","format":"standard","meta":{"footnotes":""},"categories":[38,26],"tags":[],"class_list":["post-121942","post","type-post","status-publish","format-standard","has-post-thumbnail","category-natura-ambiente","category-prima-pagina"],"yoast_head":"<!-- This site is optimized with the Yoast SEO plugin v28.4 - https:\/\/yoast.com\/product\/yoast-seo-wordpress\/ -->\n<title>Gruppo Salvataggio Anfibi Belluno torna in azione in vista della migrazione di rospi e rane - Bellunopress - Dolomiti<\/title>\n<meta name=\"robots\" content=\"index, follow, max-snippet:-1, max-image-preview:large, max-video-preview:-1\" \/>\n<link rel=\"canonical\" href=\"https:\/\/www.bellunopress.it\/fr\/2021\/02\/22\/gruppo-salvataggio-anfibi-belluno-torna-in-azione-in-vista-della-migrazione-di-rospi-e-rane\/\" \/>\n<meta property=\"og:locale\" content=\"fr_FR\" \/>\n<meta property=\"og:type\" content=\"article\" \/>\n<meta property=\"og:title\" content=\"Gruppo Salvataggio Anfibi Belluno torna in azione in vista della migrazione di rospi e rane - Bellunopress - Dolomiti\" \/>\n<meta property=\"og:description\" content=\"La primavera bussa alla porta ed i volontari rospisti si rimboccano le maniche per posizionare reti e barriere che serviranno per salvare gli anfibi che a breve si metteranno in cammino per raggiungere gli specchi d\u2019acqua e deporre le uova. Ieri, domenica 21 febbraio, \u00e8 stata posata la barriera in localit\u00e0 Molinello di Borgo Valbelluna, [&hellip;]\" \/>\n<meta property=\"og:url\" content=\"https:\/\/www.bellunopress.it\/fr\/2021\/02\/22\/gruppo-salvataggio-anfibi-belluno-torna-in-azione-in-vista-della-migrazione-di-rospi-e-rane\/\" \/>\n<meta property=\"og:site_name\" content=\"Bellunopress - Dolomiti\" \/>\n<meta property=\"article:publisher\" content=\"https:\/\/www.facebook.com\/profile.php?id=100008943462799\" \/>\n<meta property=\"article:published_time\" content=\"2021-02-22T09:43:49+00:00\" \/>\n<meta property=\"article:modified_time\" content=\"2021-02-22T09:43:50+00:00\" \/>\n<meta property=\"og:image\" content=\"https:\/\/www.bellunopress.it\/wp-content\/uploads\/2021\/02\/Gruppo-salvataggio-anfibi-Belluno_edited.jpg\" \/>\n\t<meta property=\"og:image:width\" content=\"1000\" \/>\n\t<meta property=\"og:image:height\" content=\"750\" \/>\n\t<meta property=\"og:image:type\" content=\"image\/jpeg\" \/>\n<meta name=\"author\" content=\"redazione\" \/>\n<meta name=\"twitter:card\" content=\"summary_large_image\" \/>\n<meta name=\"twitter:creator\" content=\"@bellunopress\" \/>\n<meta name=\"twitter:site\" content=\"@bellunopress\" \/>\n<meta name=\"twitter:label1\" content=\"\u00c9crit par\" \/>\n\t<meta name=\"twitter:data1\" content=\"redazione\" \/>\n\t<meta name=\"twitter:label2\" content=\"Dur\u00e9e de lecture estim\u00e9e\" \/>\n\t<meta name=\"twitter:data2\" content=\"4 minutes\" \/>\n<script type=\"application\/ld+json\" class=\"yoast-schema-graph\">{\"@context\":\"https:\\\/\\\/schema.org\",\"@graph\":[{\"@type\":\"Article\",\"@id\":\"https:\\\/\\\/www.bellunopress.it\\\/2021\\\/02\\\/22\\\/gruppo-salvataggio-anfibi-belluno-torna-in-azione-in-vista-della-migrazione-di-rospi-e-rane\\\/#article\",\"isPartOf\":{\"@id\":\"https:\\\/\\\/www.bellunopress.it\\\/2021\\\/02\\\/22\\\/gruppo-salvataggio-anfibi-belluno-torna-in-azione-in-vista-della-migrazione-di-rospi-e-rane\\\/\"},\"author\":{\"name\":\"redazione\",\"@id\":\"https:\\\/\\\/www.bellunopress.it\\\/#\\\/schema\\\/person\\\/79bb06722b37ece1c03d3e94beb30d73\"},\"headline\":\"Gruppo Salvataggio Anfibi Belluno torna in azione in vista della migrazione di rospi e rane\",\"datePublished\":\"2021-02-22T09:43:49+00:00\",\"dateModified\":\"2021-02-22T09:43:50+00:00\",\"mainEntityOfPage\":{\"@id\":\"https:\\\/\\\/www.bellunopress.it\\\/2021\\\/02\\\/22\\\/gruppo-salvataggio-anfibi-belluno-torna-in-azione-in-vista-della-migrazione-di-rospi-e-rane\\\/\"},\"wordCount\":681,\"publisher\":{\"@id\":\"https:\\\/\\\/www.bellunopress.it\\\/#organization\"},\"image\":{\"@id\":\"https:\\\/\\\/www.bellunopress.it\\\/2021\\\/02\\\/22\\\/gruppo-salvataggio-anfibi-belluno-torna-in-azione-in-vista-della-migrazione-di-rospi-e-rane\\\/#primaryimage\"},\"thumbnailUrl\":\"https:\\\/\\\/www.bellunopress.it\\\/wp-content\\\/uploads\\\/2021\\\/02\\\/Gruppo-salvataggio-anfibi-Belluno_edited.jpg\",\"articleSection\":[\"Meteo, natura, ambiente, animali\",\"Prima Pagina\"],\"inLanguage\":\"fr-FR\"},{\"@type\":\"WebPage\",\"@id\":\"https:\\\/\\\/www.bellunopress.it\\\/2021\\\/02\\\/22\\\/gruppo-salvataggio-anfibi-belluno-torna-in-azione-in-vista-della-migrazione-di-rospi-e-rane\\\/\",\"url\":\"https:\\\/\\\/www.bellunopress.it\\\/2021\\\/02\\\/22\\\/gruppo-salvataggio-anfibi-belluno-torna-in-azione-in-vista-della-migrazione-di-rospi-e-rane\\\/\",\"name\":\"Gruppo Salvataggio Anfibi Belluno torna in azione in vista della migrazione di rospi e rane - Bellunopress - Dolomiti\",\"isPartOf\":{\"@id\":\"https:\\\/\\\/www.bellunopress.it\\\/#website\"},\"primaryImageOfPage\":{\"@id\":\"https:\\\/\\\/www.bellunopress.it\\\/2021\\\/02\\\/22\\\/gruppo-salvataggio-anfibi-belluno-torna-in-azione-in-vista-della-migrazione-di-rospi-e-rane\\\/#primaryimage\"},\"image\":{\"@id\":\"https:\\\/\\\/www.bellunopress.it\\\/2021\\\/02\\\/22\\\/gruppo-salvataggio-anfibi-belluno-torna-in-azione-in-vista-della-migrazione-di-rospi-e-rane\\\/#primaryimage\"},\"thumbnailUrl\":\"https:\\\/\\\/www.bellunopress.it\\\/wp-content\\\/uploads\\\/2021\\\/02\\\/Gruppo-salvataggio-anfibi-Belluno_edited.jpg\",\"datePublished\":\"2021-02-22T09:43:49+00:00\",\"dateModified\":\"2021-02-22T09:43:50+00:00\",\"breadcrumb\":{\"@id\":\"https:\\\/\\\/www.bellunopress.it\\\/2021\\\/02\\\/22\\\/gruppo-salvataggio-anfibi-belluno-torna-in-azione-in-vista-della-migrazione-di-rospi-e-rane\\\/#breadcrumb\"},\"inLanguage\":\"fr-FR\",\"potentialAction\":[{\"@type\":\"ReadAction\",\"target\":[\"https:\\\/\\\/www.bellunopress.it\\\/2021\\\/02\\\/22\\\/gruppo-salvataggio-anfibi-belluno-torna-in-azione-in-vista-della-migrazione-di-rospi-e-rane\\\/\"]}]},{\"@type\":\"ImageObject\",\"inLanguage\":\"fr-FR\",\"@id\":\"https:\\\/\\\/www.bellunopress.it\\\/2021\\\/02\\\/22\\\/gruppo-salvataggio-anfibi-belluno-torna-in-azione-in-vista-della-migrazione-di-rospi-e-rane\\\/#primaryimage\",\"url\":\"https:\\\/\\\/www.bellunopress.it\\\/wp-content\\\/uploads\\\/2021\\\/02\\\/Gruppo-salvataggio-anfibi-Belluno_edited.jpg\",\"contentUrl\":\"https:\\\/\\\/www.bellunopress.it\\\/wp-content\\\/uploads\\\/2021\\\/02\\\/Gruppo-salvataggio-anfibi-Belluno_edited.jpg\",\"width\":1000,\"height\":750},{\"@type\":\"BreadcrumbList\",\"@id\":\"https:\\\/\\\/www.bellunopress.it\\\/2021\\\/02\\\/22\\\/gruppo-salvataggio-anfibi-belluno-torna-in-azione-in-vista-della-migrazione-di-rospi-e-rane\\\/#breadcrumb\",\"itemListElement\":[{\"@type\":\"ListItem\",\"position\":1,\"name\":\"Home\",\"item\":\"https:\\\/\\\/www.bellunopress.it\\\/\"},{\"@type\":\"ListItem\",\"position\":2,\"name\":\"Gruppo Salvataggio Anfibi Belluno torna in azione in vista della migrazione di rospi e rane\"}]},{\"@type\":\"WebSite\",\"@id\":\"https:\\\/\\\/www.bellunopress.it\\\/#website\",\"url\":\"https:\\\/\\\/www.bellunopress.it\\\/\",\"name\":\"Bellunopress - Dolomiti\",\"description\":\"e-mail: redazione@bellunopress.it\",\"publisher\":{\"@id\":\"https:\\\/\\\/www.bellunopress.it\\\/#organization\"},\"potentialAction\":[{\"@type\":\"SearchAction\",\"target\":{\"@type\":\"EntryPoint\",\"urlTemplate\":\"https:\\\/\\\/www.bellunopress.it\\\/?s={search_term_string}\"},\"query-input\":{\"@type\":\"PropertyValueSpecification\",\"valueRequired\":true,\"valueName\":\"search_term_string\"}}],\"inLanguage\":\"fr-FR\"},{\"@type\":\"Organization\",\"@id\":\"https:\\\/\\\/www.bellunopress.it\\\/#organization\",\"name\":\"Bellunopress\",\"url\":\"https:\\\/\\\/www.bellunopress.it\\\/\",\"logo\":{\"@type\":\"ImageObject\",\"inLanguage\":\"fr-FR\",\"@id\":\"https:\\\/\\\/www.bellunopress.it\\\/#\\\/schema\\\/logo\\\/image\\\/\",\"url\":\"https:\\\/\\\/www.bellunopress.it\\\/wp-content\\\/uploads\\\/2011\\\/05\\\/cropped-logo-bellunopress-.jpg\",\"contentUrl\":\"https:\\\/\\\/www.bellunopress.it\\\/wp-content\\\/uploads\\\/2011\\\/05\\\/cropped-logo-bellunopress-.jpg\",\"width\":512,\"height\":512,\"caption\":\"Bellunopress\"},\"image\":{\"@id\":\"https:\\\/\\\/www.bellunopress.it\\\/#\\\/schema\\\/logo\\\/image\\\/\"},\"sameAs\":[\"https:\\\/\\\/www.facebook.com\\\/profile.php?id=100008943462799\",\"https:\\\/\\\/x.com\\\/bellunopress\",\"https:\\\/\\\/www.linkedin.com\\\/hp\\\/?dnr=JBzUWaJfMUw8vbXJJ2tVW5-I3jZKvC4wsoxE&amp;amp;amp;amp;amp;amp;trk=nav_responsive_tab_home\",\"https:\\\/\\\/www.youtube.com\\\/channel\\\/UCxL0wu1uN0_3_7hGG0306cw\"]},{\"@type\":\"Person\",\"@id\":\"https:\\\/\\\/www.bellunopress.it\\\/#\\\/schema\\\/person\\\/79bb06722b37ece1c03d3e94beb30d73\",\"name\":\"redazione\",\"image\":{\"@type\":\"ImageObject\",\"inLanguage\":\"fr-FR\",\"@id\":\"https:\\\/\\\/secure.gravatar.com\\\/avatar\\\/37d968a2e67a6fd04c169c4bdef102d0bc5d31b2546345219e348575eb80e9a0?s=96&d=mm&r=g\",\"url\":\"https:\\\/\\\/secure.gravatar.com\\\/avatar\\\/37d968a2e67a6fd04c169c4bdef102d0bc5d31b2546345219e348575eb80e9a0?s=96&d=mm&r=g\",\"contentUrl\":\"https:\\\/\\\/secure.gravatar.com\\\/avatar\\\/37d968a2e67a6fd04c169c4bdef102d0bc5d31b2546345219e348575eb80e9a0?s=96&d=mm&r=g\",\"caption\":\"redazione\"},\"sameAs\":[\"http:\\\/\\\/www.bellunopress.it\",\"https:\\\/\\\/x.com\\\/bellunopress\"],\"url\":\"https:\\\/\\\/www.bellunopress.it\\\/fr\\\/author\\\/redazione\\\/\"}]}<\/script>\n<!-- \/ Yoast SEO plugin. -->","yoast_head_json":{"title":"Gruppo Salvataggio Anfibi Belluno torna in azione in vista della migrazione di rospi e rane - Bellunopress - Dolomiti","robots":{"index":"index","follow":"follow","max-snippet":"max-snippet:-1","max-image-preview":"max-image-preview:large","max-video-preview":"max-video-preview:-1"},"canonical":"https:\/\/www.bellunopress.it\/fr\/2021\/02\/22\/gruppo-salvataggio-anfibi-belluno-torna-in-azione-in-vista-della-migrazione-di-rospi-e-rane\/","og_locale":"fr_FR","og_type":"article","og_title":"Gruppo Salvataggio Anfibi Belluno torna in azione in vista della migrazione di rospi e rane - Bellunopress - Dolomiti","og_description":"La primavera bussa alla porta ed i volontari rospisti si rimboccano le maniche per posizionare reti e barriere che serviranno per salvare gli anfibi che a breve si metteranno in cammino per raggiungere gli specchi d\u2019acqua e deporre le uova. Ieri, domenica 21 febbraio, \u00e8 stata posata la barriera in localit\u00e0 Molinello di Borgo Valbelluna, [&hellip;]","og_url":"https:\/\/www.bellunopress.it\/fr\/2021\/02\/22\/gruppo-salvataggio-anfibi-belluno-torna-in-azione-in-vista-della-migrazione-di-rospi-e-rane\/","og_site_name":"Bellunopress - Dolomiti","article_publisher":"https:\/\/www.facebook.com\/profile.php?id=100008943462799","article_published_time":"2021-02-22T09:43:49+00:00","article_modified_time":"2021-02-22T09:43:50+00:00","og_image":[{"width":1000,"height":750,"url":"https:\/\/www.bellunopress.it\/wp-content\/uploads\/2021\/02\/Gruppo-salvataggio-anfibi-Belluno_edited.jpg","type":"image\/jpeg"}],"author":"redazione","twitter_card":"summary_large_image","twitter_creator":"@bellunopress","twitter_site":"@bellunopress","twitter_misc":{"\u00c9crit par":"redazione","Dur\u00e9e de lecture estim\u00e9e":"4 minutes"},"schema":{"@context":"https:\/\/schema.org","@graph":[{"@type":"Article","@id":"https:\/\/www.bellunopress.it\/2021\/02\/22\/gruppo-salvataggio-anfibi-belluno-torna-in-azione-in-vista-della-migrazione-di-rospi-e-rane\/#article","isPartOf":{"@id":"https:\/\/www.bellunopress.it\/2021\/02\/22\/gruppo-salvataggio-anfibi-belluno-torna-in-azione-in-vista-della-migrazione-di-rospi-e-rane\/"},"author":{"name":"redazione","@id":"https:\/\/www.bellunopress.it\/#\/schema\/person\/79bb06722b37ece1c03d3e94beb30d73"},"headline":"Gruppo Salvataggio Anfibi Belluno torna in azione in vista della migrazione di rospi e rane","datePublished":"2021-02-22T09:43:49+00:00","dateModified":"2021-02-22T09:43:50+00:00","mainEntityOfPage":{"@id":"https:\/\/www.bellunopress.it\/2021\/02\/22\/gruppo-salvataggio-anfibi-belluno-torna-in-azione-in-vista-della-migrazione-di-rospi-e-rane\/"},"wordCount":681,"publisher":{"@id":"https:\/\/www.bellunopress.it\/#organization"},"image":{"@id":"https:\/\/www.bellunopress.it\/2021\/02\/22\/gruppo-salvataggio-anfibi-belluno-torna-in-azione-in-vista-della-migrazione-di-rospi-e-rane\/#primaryimage"},"thumbnailUrl":"https:\/\/www.bellunopress.it\/wp-content\/uploads\/2021\/02\/Gruppo-salvataggio-anfibi-Belluno_edited.jpg","articleSection":["Meteo, natura, ambiente, animali","Prima Pagina"],"inLanguage":"fr-FR"},{"@type":"WebPage","@id":"https:\/\/www.bellunopress.it\/2021\/02\/22\/gruppo-salvataggio-anfibi-belluno-torna-in-azione-in-vista-della-migrazione-di-rospi-e-rane\/","url":"https:\/\/www.bellunopress.it\/2021\/02\/22\/gruppo-salvataggio-anfibi-belluno-torna-in-azione-in-vista-della-migrazione-di-rospi-e-rane\/","name":"Gruppo Salvataggio Anfibi Belluno torna in azione in vista della migrazione di rospi e rane - Bellunopress - Dolomiti","isPartOf":{"@id":"https:\/\/www.bellunopress.it\/#website"},"primaryImageOfPage":{"@id":"https:\/\/www.bellunopress.it\/2021\/02\/22\/gruppo-salvataggio-anfibi-belluno-torna-in-azione-in-vista-della-migrazione-di-rospi-e-rane\/#primaryimage"},"image":{"@id":"https:\/\/www.bellunopress.it\/2021\/02\/22\/gruppo-salvataggio-anfibi-belluno-torna-in-azione-in-vista-della-migrazione-di-rospi-e-rane\/#primaryimage"},"thumbnailUrl":"https:\/\/www.bellunopress.it\/wp-content\/uploads\/2021\/02\/Gruppo-salvataggio-anfibi-Belluno_edited.jpg","datePublished":"2021-02-22T09:43:49+00:00","dateModified":"2021-02-22T09:43:50+00:00","breadcrumb":{"@id":"https:\/\/www.bellunopress.it\/2021\/02\/22\/gruppo-salvataggio-anfibi-belluno-torna-in-azione-in-vista-della-migrazione-di-rospi-e-rane\/#breadcrumb"},"inLanguage":"fr-FR","potentialAction":[{"@type":"ReadAction","target":["https:\/\/www.bellunopress.it\/2021\/02\/22\/gruppo-salvataggio-anfibi-belluno-torna-in-azione-in-vista-della-migrazione-di-rospi-e-rane\/"]}]},{"@type":"ImageObject","inLanguage":"fr-FR","@id":"https:\/\/www.bellunopress.it\/2021\/02\/22\/gruppo-salvataggio-anfibi-belluno-torna-in-azione-in-vista-della-migrazione-di-rospi-e-rane\/#primaryimage","url":"https:\/\/www.bellunopress.it\/wp-content\/uploads\/2021\/02\/Gruppo-salvataggio-anfibi-Belluno_edited.jpg","contentUrl":"https:\/\/www.bellunopress.it\/wp-content\/uploads\/2021\/02\/Gruppo-salvataggio-anfibi-Belluno_edited.jpg","width":1000,"height":750},{"@type":"BreadcrumbList","@id":"https:\/\/www.bellunopress.it\/2021\/02\/22\/gruppo-salvataggio-anfibi-belluno-torna-in-azione-in-vista-della-migrazione-di-rospi-e-rane\/#breadcrumb","itemListElement":[{"@type":"ListItem","position":1,"name":"Home","item":"https:\/\/www.bellunopress.it\/"},{"@type":"ListItem","position":2,"name":"Gruppo Salvataggio Anfibi Belluno torna in azione in vista della migrazione di rospi e rane"}]},{"@type":"WebSite","@id":"https:\/\/www.bellunopress.it\/#website","url":"https:\/\/www.bellunopress.it\/","name":"Bellunopress - Dolomiti","description":"e-mail: redazione@bellunopress.it","publisher":{"@id":"https:\/\/www.bellunopress.it\/#organization"},"potentialAction":[{"@type":"SearchAction","target":{"@type":"EntryPoint","urlTemplate":"https:\/\/www.bellunopress.it\/?s={search_term_string}"},"query-input":{"@type":"PropertyValueSpecification","valueRequired":true,"valueName":"search_term_string"}}],"inLanguage":"fr-FR"},{"@type":"Organization","@id":"https:\/\/www.bellunopress.it\/#organization","name":"Bellunopress","url":"https:\/\/www.bellunopress.it\/","logo":{"@type":"ImageObject","inLanguage":"fr-FR","@id":"https:\/\/www.bellunopress.it\/#\/schema\/logo\/image\/","url":"https:\/\/www.bellunopress.it\/wp-content\/uploads\/2011\/05\/cropped-logo-bellunopress-.jpg","contentUrl":"https:\/\/www.bellunopress.it\/wp-content\/uploads\/2011\/05\/cropped-logo-bellunopress-.jpg","width":512,"height":512,"caption":"Bellunopress"},"image":{"@id":"https:\/\/www.bellunopress.it\/#\/schema\/logo\/image\/"},"sameAs":["https:\/\/www.facebook.com\/profile.php?id=100008943462799","https:\/\/x.com\/bellunopress","https:\/\/www.linkedin.com\/hp\/?dnr=JBzUWaJfMUw8vbXJJ2tVW5-I3jZKvC4wsoxE&amp;amp;amp;amp;amp;amp;trk=nav_responsive_tab_home","https:\/\/www.youtube.com\/channel\/UCxL0wu1uN0_3_7hGG0306cw"]},{"@type":"Person","@id":"https:\/\/www.bellunopress.it\/#\/schema\/person\/79bb06722b37ece1c03d3e94beb30d73","name":"r\u00e9daction","image":{"@type":"ImageObject","inLanguage":"fr-FR","@id":"https:\/\/secure.gravatar.com\/avatar\/37d968a2e67a6fd04c169c4bdef102d0bc5d31b2546345219e348575eb80e9a0?s=96&d=mm&r=g","url":"https:\/\/secure.gravatar.com\/avatar\/37d968a2e67a6fd04c169c4bdef102d0bc5d31b2546345219e348575eb80e9a0?s=96&d=mm&r=g","contentUrl":"https:\/\/secure.gravatar.com\/avatar\/37d968a2e67a6fd04c169c4bdef102d0bc5d31b2546345219e348575eb80e9a0?s=96&d=mm&r=g","caption":"redazione"},"sameAs":["http:\/\/www.bellunopress.it","https:\/\/x.com\/bellunopress"],"url":"https:\/\/www.bellunopress.it\/fr\/author\/redazione\/"}]}},"_links":{"self":[{"href":"https:\/\/www.bellunopress.it\/fr\/wp-json\/wp\/v2\/posts\/121942","targetHints":{"allow":["GET"]}}],"collection":[{"href":"https:\/\/www.bellunopress.it\/fr\/wp-json\/wp\/v2\/posts"}],"about":[{"href":"https:\/\/www.bellunopress.it\/fr\/wp-json\/wp\/v2\/types\/post"}],"author":[{"embeddable":true,"href":"https:\/\/www.bellunopress.it\/fr\/wp-json\/wp\/v2\/users\/2"}],"replies":[{"embeddable":true,"href":"https:\/\/www.bellunopress.it\/fr\/wp-json\/wp\/v2\/comments?post=121942"}],"version-history":[{"count":2,"href":"https:\/\/www.bellunopress.it\/fr\/wp-json\/wp\/v2\/posts\/121942\/revisions"}],"predecessor-version":[{"id":121946,"href":"https:\/\/www.bellunopress.it\/fr\/wp-json\/wp\/v2\/posts\/121942\/revisions\/121946"}],"wp:featuredmedia":[{"embeddable":true,"href":"https:\/\/www.bellunopress.it\/fr\/wp-json\/wp\/v2\/media\/121943"}],"wp:attachment":[{"href":"https:\/\/www.bellunopress.it\/fr\/wp-json\/wp\/v2\/media?parent=121942"}],"wp:term":[{"taxonomy":"category","embeddable":true,"href":"https:\/\/www.bellunopress.it\/fr\/wp-json\/wp\/v2\/categories?post=121942"},{"taxonomy":"post_tag","embeddable":true,"href":"https:\/\/www.bellunopress.it\/fr\/wp-json\/wp\/v2\/tags?post=121942"}],"curies":[{"name":"wp","href":"https:\/\/api.w.org\/{rel}","templated":true}]}}