{"id":121932,"date":"2021-02-21T17:00:04","date_gmt":"2021-02-21T16:00:04","guid":{"rendered":"http:\/\/www.bellunopress.it\/?p=121932"},"modified":"2021-02-21T20:07:58","modified_gmt":"2021-02-21T19:07:58","slug":"con-lo-slittino-contro-le-reti-sulla-pista-del-faloria-66enne-allospedale-di-treviso","status":"publish","type":"post","link":"https:\/\/www.bellunopress.it\/fr\/2021\/02\/21\/con-lo-slittino-contro-le-reti-sulla-pista-del-faloria-66enne-allospedale-di-treviso\/","title":{"rendered":"Con lo slittino contro le reti sulla pista del Faloria. 66enne all&#8217;ospedale di Treviso. Anche un 13enne infortunato con lo slittino"},"content":{"rendered":"<p><a href=\"http:\/\/www.bellunopress.it\/fr\/2021\/02\/21\/con-lo-slittino-contro-le-reti-sulla-pista-del-faloria-66enne-allospedale-di-treviso\/faloria-incidente-slittino_edited\/\" rel=\"attachment wp-att-121933\"><img loading=\"lazy\" decoding=\"async\" class=\"alignleft size-full wp-image-121933\" src=\"http:\/\/www.bellunopress.it\/wp-content\/uploads\/2021\/02\/Faloria-incidente-slittino_edited.jpg\" alt=\"\" width=\"1000\" height=\"750\" srcset=\"https:\/\/www.bellunopress.it\/wp-content\/uploads\/2021\/02\/Faloria-incidente-slittino_edited.jpg 1000w, https:\/\/www.bellunopress.it\/wp-content\/uploads\/2021\/02\/Faloria-incidente-slittino_edited-500x375.jpg 500w, https:\/\/www.bellunopress.it\/wp-content\/uploads\/2021\/02\/Faloria-incidente-slittino_edited-696x522.jpg 696w, https:\/\/www.bellunopress.it\/wp-content\/uploads\/2021\/02\/Faloria-incidente-slittino_edited-560x420.jpg 560w, https:\/\/www.bellunopress.it\/wp-content\/uploads\/2021\/02\/Faloria-incidente-slittino_edited-80x60.jpg 80w, https:\/\/www.bellunopress.it\/wp-content\/uploads\/2021\/02\/Faloria-incidente-slittino_edited-265x198.jpg 265w\" sizes=\"auto, (max-width: 1000px) 100vw, 1000px\" \/><\/a>Cortina d&#8217;Ampezzo (BL), 21.02.2021\u00a0 Alle 13.20 circa la Centrale del Suem \u00e8 stata allertata dalla figlia di un uomo che, scendendo con lo slittino dalla pista normale del Faloria al momento chiusa, persone il controllo aveva sbattuto violentemente sulle reti di protezione.<br \/>\nL&#8217;elicottero del Suem di Pieve di Cadore si \u00e8 avvicinato al luogo dell&#8217;incidente e ha sbarcato in hovering medico, infermiere e tecnico di elisoccorso, che hanno prestato le prime cure ad A.A., 66 anni, di Trieste, a seguito delle probabili fratture riportate su entrambe le gambe. Dopo averlo imbarellato, i soccorritori hanno issato l&#8217;infortunato a bordo con un verricello di 20 metri, per trasportarlo all&#8217;ospedale di Treviso.<\/p>\n<p>Sempre nel comprensorio di Cortina d&#8217;Ampezzo, alle 16.15 circa il Soccorso alpino di Cortina \u00e8 stato allertato per un tredicenne caduto con lo slittino mentre scendeva dalla pista Mietres. Una squadra ha raggiunto in motoslitta il ragazzo, che aveva riportato un probabile trauma alla gamba, e lo ha trasportato fino all&#8217;ambulanza diretta all&#8217;ospedale.<\/p>","protected":false},"excerpt":{"rendered":"<p>Cortina d&#8217;Ampezzo (BL), 21.02.2021\u00a0 Alle 13.20 circa la Centrale del Suem \u00e8 stata allertata dalla figlia di un uomo che, scendendo con lo slittino dalla pista normale del Faloria al momento chiusa, persone il controllo aveva sbattuto violentemente sulle reti di protezione. L&#8217;elicottero del Suem di Pieve di Cadore si \u00e8 avvicinato al luogo dell&#8217;incidente [&hellip;]<\/p>\n","protected":false},"author":2,"featured_media":121933,"comment_status":"closed","ping_status":"open","sticky":false,"template":"","format":"standard","meta":{"footnotes":""},"categories":[5,49,26],"tags":[],"class_list":["post-121932","post","type-post","status-publish","format-standard","has-post-thumbnail","category-cronaca","category-speciali","category-prima-pagina"],"yoast_head":"<!-- This site is optimized with the Yoast SEO plugin v28.4 - https:\/\/yoast.com\/product\/yoast-seo-wordpress\/ -->\n<title>Con lo slittino contro le reti sulla pista del Faloria. 66enne all&#039;ospedale di Treviso. Anche un 13enne infortunato con lo slittino - Bellunopress - Dolomiti<\/title>\n<meta name=\"robots\" content=\"index, follow, max-snippet:-1, max-image-preview:large, max-video-preview:-1\" \/>\n<link rel=\"canonical\" href=\"https:\/\/www.bellunopress.it\/fr\/2021\/02\/21\/con-lo-slittino-contro-le-reti-sulla-pista-del-faloria-66enne-allospedale-di-treviso\/\" \/>\n<meta property=\"og:locale\" content=\"fr_FR\" \/>\n<meta property=\"og:type\" content=\"article\" \/>\n<meta property=\"og:title\" content=\"Con lo slittino contro le reti sulla pista del Faloria. 66enne all&#039;ospedale di Treviso. Anche un 13enne infortunato con lo slittino - Bellunopress - Dolomiti\" \/>\n<meta property=\"og:description\" content=\"Cortina d&#8217;Ampezzo (BL), 21.02.2021\u00a0 Alle 13.20 circa la Centrale del Suem \u00e8 stata allertata dalla figlia di un uomo che, scendendo con lo slittino dalla pista normale del Faloria al momento chiusa, persone il controllo aveva sbattuto violentemente sulle reti di protezione. L&#8217;elicottero del Suem di Pieve di Cadore si \u00e8 avvicinato al luogo dell&#8217;incidente [&hellip;]\" \/>\n<meta property=\"og:url\" content=\"https:\/\/www.bellunopress.it\/fr\/2021\/02\/21\/con-lo-slittino-contro-le-reti-sulla-pista-del-faloria-66enne-allospedale-di-treviso\/\" \/>\n<meta property=\"og:site_name\" content=\"Bellunopress - Dolomiti\" \/>\n<meta property=\"article:publisher\" content=\"https:\/\/www.facebook.com\/profile.php?id=100008943462799\" \/>\n<meta property=\"article:published_time\" content=\"2021-02-21T16:00:04+00:00\" \/>\n<meta property=\"article:modified_time\" content=\"2021-02-21T19:07:58+00:00\" \/>\n<meta property=\"og:image\" content=\"https:\/\/www.bellunopress.it\/wp-content\/uploads\/2021\/02\/Faloria-incidente-slittino_edited.jpg\" \/>\n\t<meta property=\"og:image:width\" content=\"1000\" \/>\n\t<meta property=\"og:image:height\" content=\"750\" \/>\n\t<meta property=\"og:image:type\" content=\"image\/jpeg\" \/>\n<meta name=\"author\" content=\"redazione\" \/>\n<meta name=\"twitter:card\" content=\"summary_large_image\" \/>\n<meta name=\"twitter:creator\" content=\"@bellunopress\" \/>\n<meta name=\"twitter:site\" content=\"@bellunopress\" \/>\n<meta name=\"twitter:label1\" content=\"\u00c9crit par\" \/>\n\t<meta name=\"twitter:data1\" content=\"redazione\" \/>\n\t<meta name=\"twitter:label2\" content=\"Dur\u00e9e de lecture estim\u00e9e\" \/>\n\t<meta name=\"twitter:data2\" content=\"1 minute\" \/>\n<script type=\"application\/ld+json\" class=\"yoast-schema-graph\">{\"@context\":\"https:\\\/\\\/schema.org\",\"@graph\":[{\"@type\":\"Article\",\"@id\":\"https:\\\/\\\/www.bellunopress.it\\\/2021\\\/02\\\/21\\\/con-lo-slittino-contro-le-reti-sulla-pista-del-faloria-66enne-allospedale-di-treviso\\\/#article\",\"isPartOf\":{\"@id\":\"https:\\\/\\\/www.bellunopress.it\\\/2021\\\/02\\\/21\\\/con-lo-slittino-contro-le-reti-sulla-pista-del-faloria-66enne-allospedale-di-treviso\\\/\"},\"author\":{\"name\":\"redazione\",\"@id\":\"https:\\\/\\\/www.bellunopress.it\\\/#\\\/schema\\\/person\\\/79bb06722b37ece1c03d3e94beb30d73\"},\"headline\":\"Con lo slittino contro le reti sulla pista del Faloria. 66enne all&#8217;ospedale di Treviso. Anche un 13enne infortunato con lo slittino\",\"datePublished\":\"2021-02-21T16:00:04+00:00\",\"dateModified\":\"2021-02-21T19:07:58+00:00\",\"mainEntityOfPage\":{\"@id\":\"https:\\\/\\\/www.bellunopress.it\\\/2021\\\/02\\\/21\\\/con-lo-slittino-contro-le-reti-sulla-pista-del-faloria-66enne-allospedale-di-treviso\\\/\"},\"wordCount\":185,\"publisher\":{\"@id\":\"https:\\\/\\\/www.bellunopress.it\\\/#organization\"},\"image\":{\"@id\":\"https:\\\/\\\/www.bellunopress.it\\\/2021\\\/02\\\/21\\\/con-lo-slittino-contro-le-reti-sulla-pista-del-faloria-66enne-allospedale-di-treviso\\\/#primaryimage\"},\"thumbnailUrl\":\"https:\\\/\\\/www.bellunopress.it\\\/wp-content\\\/uploads\\\/2021\\\/02\\\/Faloria-incidente-slittino_edited.jpg\",\"articleSection\":[\"Cronaca\\\/Politica\",\"Gli speciali di Bellunopress\",\"Prima Pagina\"],\"inLanguage\":\"fr-FR\"},{\"@type\":\"WebPage\",\"@id\":\"https:\\\/\\\/www.bellunopress.it\\\/2021\\\/02\\\/21\\\/con-lo-slittino-contro-le-reti-sulla-pista-del-faloria-66enne-allospedale-di-treviso\\\/\",\"url\":\"https:\\\/\\\/www.bellunopress.it\\\/2021\\\/02\\\/21\\\/con-lo-slittino-contro-le-reti-sulla-pista-del-faloria-66enne-allospedale-di-treviso\\\/\",\"name\":\"Con lo slittino contro le reti sulla pista del Faloria. 66enne all'ospedale di Treviso. Anche un 13enne infortunato con lo slittino - Bellunopress - Dolomiti\",\"isPartOf\":{\"@id\":\"https:\\\/\\\/www.bellunopress.it\\\/#website\"},\"primaryImageOfPage\":{\"@id\":\"https:\\\/\\\/www.bellunopress.it\\\/2021\\\/02\\\/21\\\/con-lo-slittino-contro-le-reti-sulla-pista-del-faloria-66enne-allospedale-di-treviso\\\/#primaryimage\"},\"image\":{\"@id\":\"https:\\\/\\\/www.bellunopress.it\\\/2021\\\/02\\\/21\\\/con-lo-slittino-contro-le-reti-sulla-pista-del-faloria-66enne-allospedale-di-treviso\\\/#primaryimage\"},\"thumbnailUrl\":\"https:\\\/\\\/www.bellunopress.it\\\/wp-content\\\/uploads\\\/2021\\\/02\\\/Faloria-incidente-slittino_edited.jpg\",\"datePublished\":\"2021-02-21T16:00:04+00:00\",\"dateModified\":\"2021-02-21T19:07:58+00:00\",\"breadcrumb\":{\"@id\":\"https:\\\/\\\/www.bellunopress.it\\\/2021\\\/02\\\/21\\\/con-lo-slittino-contro-le-reti-sulla-pista-del-faloria-66enne-allospedale-di-treviso\\\/#breadcrumb\"},\"inLanguage\":\"fr-FR\",\"potentialAction\":[{\"@type\":\"ReadAction\",\"target\":[\"https:\\\/\\\/www.bellunopress.it\\\/2021\\\/02\\\/21\\\/con-lo-slittino-contro-le-reti-sulla-pista-del-faloria-66enne-allospedale-di-treviso\\\/\"]}]},{\"@type\":\"ImageObject\",\"inLanguage\":\"fr-FR\",\"@id\":\"https:\\\/\\\/www.bellunopress.it\\\/2021\\\/02\\\/21\\\/con-lo-slittino-contro-le-reti-sulla-pista-del-faloria-66enne-allospedale-di-treviso\\\/#primaryimage\",\"url\":\"https:\\\/\\\/www.bellunopress.it\\\/wp-content\\\/uploads\\\/2021\\\/02\\\/Faloria-incidente-slittino_edited.jpg\",\"contentUrl\":\"https:\\\/\\\/www.bellunopress.it\\\/wp-content\\\/uploads\\\/2021\\\/02\\\/Faloria-incidente-slittino_edited.jpg\",\"width\":1000,\"height\":750},{\"@type\":\"BreadcrumbList\",\"@id\":\"https:\\\/\\\/www.bellunopress.it\\\/2021\\\/02\\\/21\\\/con-lo-slittino-contro-le-reti-sulla-pista-del-faloria-66enne-allospedale-di-treviso\\\/#breadcrumb\",\"itemListElement\":[{\"@type\":\"ListItem\",\"position\":1,\"name\":\"Home\",\"item\":\"https:\\\/\\\/www.bellunopress.it\\\/\"},{\"@type\":\"ListItem\",\"position\":2,\"name\":\"Con lo slittino contro le reti sulla pista del Faloria. 66enne all&#8217;ospedale di Treviso. Anche un 13enne infortunato con lo slittino\"}]},{\"@type\":\"WebSite\",\"@id\":\"https:\\\/\\\/www.bellunopress.it\\\/#website\",\"url\":\"https:\\\/\\\/www.bellunopress.it\\\/\",\"name\":\"Bellunopress - Dolomiti\",\"description\":\"e-mail: redazione@bellunopress.it\",\"publisher\":{\"@id\":\"https:\\\/\\\/www.bellunopress.it\\\/#organization\"},\"potentialAction\":[{\"@type\":\"SearchAction\",\"target\":{\"@type\":\"EntryPoint\",\"urlTemplate\":\"https:\\\/\\\/www.bellunopress.it\\\/?s={search_term_string}\"},\"query-input\":{\"@type\":\"PropertyValueSpecification\",\"valueRequired\":true,\"valueName\":\"search_term_string\"}}],\"inLanguage\":\"fr-FR\"},{\"@type\":\"Organization\",\"@id\":\"https:\\\/\\\/www.bellunopress.it\\\/#organization\",\"name\":\"Bellunopress\",\"url\":\"https:\\\/\\\/www.bellunopress.it\\\/\",\"logo\":{\"@type\":\"ImageObject\",\"inLanguage\":\"fr-FR\",\"@id\":\"https:\\\/\\\/www.bellunopress.it\\\/#\\\/schema\\\/logo\\\/image\\\/\",\"url\":\"https:\\\/\\\/www.bellunopress.it\\\/wp-content\\\/uploads\\\/2011\\\/05\\\/cropped-logo-bellunopress-.jpg\",\"contentUrl\":\"https:\\\/\\\/www.bellunopress.it\\\/wp-content\\\/uploads\\\/2011\\\/05\\\/cropped-logo-bellunopress-.jpg\",\"width\":512,\"height\":512,\"caption\":\"Bellunopress\"},\"image\":{\"@id\":\"https:\\\/\\\/www.bellunopress.it\\\/#\\\/schema\\\/logo\\\/image\\\/\"},\"sameAs\":[\"https:\\\/\\\/www.facebook.com\\\/profile.php?id=100008943462799\",\"https:\\\/\\\/x.com\\\/bellunopress\",\"https:\\\/\\\/www.linkedin.com\\\/hp\\\/?dnr=JBzUWaJfMUw8vbXJJ2tVW5-I3jZKvC4wsoxE&amp;amp;amp;amp;amp;amp;trk=nav_responsive_tab_home\",\"https:\\\/\\\/www.youtube.com\\\/channel\\\/UCxL0wu1uN0_3_7hGG0306cw\"]},{\"@type\":\"Person\",\"@id\":\"https:\\\/\\\/www.bellunopress.it\\\/#\\\/schema\\\/person\\\/79bb06722b37ece1c03d3e94beb30d73\",\"name\":\"redazione\",\"image\":{\"@type\":\"ImageObject\",\"inLanguage\":\"fr-FR\",\"@id\":\"https:\\\/\\\/secure.gravatar.com\\\/avatar\\\/37d968a2e67a6fd04c169c4bdef102d0bc5d31b2546345219e348575eb80e9a0?s=96&d=mm&r=g\",\"url\":\"https:\\\/\\\/secure.gravatar.com\\\/avatar\\\/37d968a2e67a6fd04c169c4bdef102d0bc5d31b2546345219e348575eb80e9a0?s=96&d=mm&r=g\",\"contentUrl\":\"https:\\\/\\\/secure.gravatar.com\\\/avatar\\\/37d968a2e67a6fd04c169c4bdef102d0bc5d31b2546345219e348575eb80e9a0?s=96&d=mm&r=g\",\"caption\":\"redazione\"},\"sameAs\":[\"http:\\\/\\\/www.bellunopress.it\",\"https:\\\/\\\/x.com\\\/bellunopress\"],\"url\":\"https:\\\/\\\/www.bellunopress.it\\\/fr\\\/author\\\/redazione\\\/\"}]}<\/script>\n<!-- \/ Yoast SEO plugin. -->","yoast_head_json":{"title":"Con lo slittino contro le reti sulla pista del Faloria. 66enne all'ospedale di Treviso. Anche un 13enne infortunato con lo slittino - Bellunopress - Dolomiti","robots":{"index":"index","follow":"follow","max-snippet":"max-snippet:-1","max-image-preview":"max-image-preview:large","max-video-preview":"max-video-preview:-1"},"canonical":"https:\/\/www.bellunopress.it\/fr\/2021\/02\/21\/con-lo-slittino-contro-le-reti-sulla-pista-del-faloria-66enne-allospedale-di-treviso\/","og_locale":"fr_FR","og_type":"article","og_title":"Con lo slittino contro le reti sulla pista del Faloria. 66enne all'ospedale di Treviso. Anche un 13enne infortunato con lo slittino - Bellunopress - Dolomiti","og_description":"Cortina d&#8217;Ampezzo (BL), 21.02.2021\u00a0 Alle 13.20 circa la Centrale del Suem \u00e8 stata allertata dalla figlia di un uomo che, scendendo con lo slittino dalla pista normale del Faloria al momento chiusa, persone il controllo aveva sbattuto violentemente sulle reti di protezione. L&#8217;elicottero del Suem di Pieve di Cadore si \u00e8 avvicinato al luogo dell&#8217;incidente [&hellip;]","og_url":"https:\/\/www.bellunopress.it\/fr\/2021\/02\/21\/con-lo-slittino-contro-le-reti-sulla-pista-del-faloria-66enne-allospedale-di-treviso\/","og_site_name":"Bellunopress - Dolomiti","article_publisher":"https:\/\/www.facebook.com\/profile.php?id=100008943462799","article_published_time":"2021-02-21T16:00:04+00:00","article_modified_time":"2021-02-21T19:07:58+00:00","og_image":[{"width":1000,"height":750,"url":"https:\/\/www.bellunopress.it\/wp-content\/uploads\/2021\/02\/Faloria-incidente-slittino_edited.jpg","type":"image\/jpeg"}],"author":"redazione","twitter_card":"summary_large_image","twitter_creator":"@bellunopress","twitter_site":"@bellunopress","twitter_misc":{"\u00c9crit par":"redazione","Dur\u00e9e de lecture estim\u00e9e":"1 minute"},"schema":{"@context":"https:\/\/schema.org","@graph":[{"@type":"Article","@id":"https:\/\/www.bellunopress.it\/2021\/02\/21\/con-lo-slittino-contro-le-reti-sulla-pista-del-faloria-66enne-allospedale-di-treviso\/#article","isPartOf":{"@id":"https:\/\/www.bellunopress.it\/2021\/02\/21\/con-lo-slittino-contro-le-reti-sulla-pista-del-faloria-66enne-allospedale-di-treviso\/"},"author":{"name":"redazione","@id":"https:\/\/www.bellunopress.it\/#\/schema\/person\/79bb06722b37ece1c03d3e94beb30d73"},"headline":"Con lo slittino contro le reti sulla pista del Faloria. 66enne all&#8217;ospedale di Treviso. Anche un 13enne infortunato con lo slittino","datePublished":"2021-02-21T16:00:04+00:00","dateModified":"2021-02-21T19:07:58+00:00","mainEntityOfPage":{"@id":"https:\/\/www.bellunopress.it\/2021\/02\/21\/con-lo-slittino-contro-le-reti-sulla-pista-del-faloria-66enne-allospedale-di-treviso\/"},"wordCount":185,"publisher":{"@id":"https:\/\/www.bellunopress.it\/#organization"},"image":{"@id":"https:\/\/www.bellunopress.it\/2021\/02\/21\/con-lo-slittino-contro-le-reti-sulla-pista-del-faloria-66enne-allospedale-di-treviso\/#primaryimage"},"thumbnailUrl":"https:\/\/www.bellunopress.it\/wp-content\/uploads\/2021\/02\/Faloria-incidente-slittino_edited.jpg","articleSection":["Cronaca\/Politica","Gli speciali di Bellunopress","Prima Pagina"],"inLanguage":"fr-FR"},{"@type":"WebPage","@id":"https:\/\/www.bellunopress.it\/2021\/02\/21\/con-lo-slittino-contro-le-reti-sulla-pista-del-faloria-66enne-allospedale-di-treviso\/","url":"https:\/\/www.bellunopress.it\/2021\/02\/21\/con-lo-slittino-contro-le-reti-sulla-pista-del-faloria-66enne-allospedale-di-treviso\/","name":"Con lo slittino contro le reti sulla pista del Faloria. 66enne all'ospedale di Treviso. Anche un 13enne infortunato con lo slittino - Bellunopress - Dolomiti","isPartOf":{"@id":"https:\/\/www.bellunopress.it\/#website"},"primaryImageOfPage":{"@id":"https:\/\/www.bellunopress.it\/2021\/02\/21\/con-lo-slittino-contro-le-reti-sulla-pista-del-faloria-66enne-allospedale-di-treviso\/#primaryimage"},"image":{"@id":"https:\/\/www.bellunopress.it\/2021\/02\/21\/con-lo-slittino-contro-le-reti-sulla-pista-del-faloria-66enne-allospedale-di-treviso\/#primaryimage"},"thumbnailUrl":"https:\/\/www.bellunopress.it\/wp-content\/uploads\/2021\/02\/Faloria-incidente-slittino_edited.jpg","datePublished":"2021-02-21T16:00:04+00:00","dateModified":"2021-02-21T19:07:58+00:00","breadcrumb":{"@id":"https:\/\/www.bellunopress.it\/2021\/02\/21\/con-lo-slittino-contro-le-reti-sulla-pista-del-faloria-66enne-allospedale-di-treviso\/#breadcrumb"},"inLanguage":"fr-FR","potentialAction":[{"@type":"ReadAction","target":["https:\/\/www.bellunopress.it\/2021\/02\/21\/con-lo-slittino-contro-le-reti-sulla-pista-del-faloria-66enne-allospedale-di-treviso\/"]}]},{"@type":"ImageObject","inLanguage":"fr-FR","@id":"https:\/\/www.bellunopress.it\/2021\/02\/21\/con-lo-slittino-contro-le-reti-sulla-pista-del-faloria-66enne-allospedale-di-treviso\/#primaryimage","url":"https:\/\/www.bellunopress.it\/wp-content\/uploads\/2021\/02\/Faloria-incidente-slittino_edited.jpg","contentUrl":"https:\/\/www.bellunopress.it\/wp-content\/uploads\/2021\/02\/Faloria-incidente-slittino_edited.jpg","width":1000,"height":750},{"@type":"BreadcrumbList","@id":"https:\/\/www.bellunopress.it\/2021\/02\/21\/con-lo-slittino-contro-le-reti-sulla-pista-del-faloria-66enne-allospedale-di-treviso\/#breadcrumb","itemListElement":[{"@type":"ListItem","position":1,"name":"Home","item":"https:\/\/www.bellunopress.it\/"},{"@type":"ListItem","position":2,"name":"Con lo slittino contro le reti sulla pista del Faloria. 66enne all&#8217;ospedale di Treviso. Anche un 13enne infortunato con lo slittino"}]},{"@type":"WebSite","@id":"https:\/\/www.bellunopress.it\/#website","url":"https:\/\/www.bellunopress.it\/","name":"Bellunopress - Dolomiti","description":"e-mail: redazione@bellunopress.it","publisher":{"@id":"https:\/\/www.bellunopress.it\/#organization"},"potentialAction":[{"@type":"SearchAction","target":{"@type":"EntryPoint","urlTemplate":"https:\/\/www.bellunopress.it\/?s={search_term_string}"},"query-input":{"@type":"PropertyValueSpecification","valueRequired":true,"valueName":"search_term_string"}}],"inLanguage":"fr-FR"},{"@type":"Organization","@id":"https:\/\/www.bellunopress.it\/#organization","name":"Bellunopress","url":"https:\/\/www.bellunopress.it\/","logo":{"@type":"ImageObject","inLanguage":"fr-FR","@id":"https:\/\/www.bellunopress.it\/#\/schema\/logo\/image\/","url":"https:\/\/www.bellunopress.it\/wp-content\/uploads\/2011\/05\/cropped-logo-bellunopress-.jpg","contentUrl":"https:\/\/www.bellunopress.it\/wp-content\/uploads\/2011\/05\/cropped-logo-bellunopress-.jpg","width":512,"height":512,"caption":"Bellunopress"},"image":{"@id":"https:\/\/www.bellunopress.it\/#\/schema\/logo\/image\/"},"sameAs":["https:\/\/www.facebook.com\/profile.php?id=100008943462799","https:\/\/x.com\/bellunopress","https:\/\/www.linkedin.com\/hp\/?dnr=JBzUWaJfMUw8vbXJJ2tVW5-I3jZKvC4wsoxE&amp;amp;amp;amp;amp;amp;trk=nav_responsive_tab_home","https:\/\/www.youtube.com\/channel\/UCxL0wu1uN0_3_7hGG0306cw"]},{"@type":"Person","@id":"https:\/\/www.bellunopress.it\/#\/schema\/person\/79bb06722b37ece1c03d3e94beb30d73","name":"r\u00e9daction","image":{"@type":"ImageObject","inLanguage":"fr-FR","@id":"https:\/\/secure.gravatar.com\/avatar\/37d968a2e67a6fd04c169c4bdef102d0bc5d31b2546345219e348575eb80e9a0?s=96&d=mm&r=g","url":"https:\/\/secure.gravatar.com\/avatar\/37d968a2e67a6fd04c169c4bdef102d0bc5d31b2546345219e348575eb80e9a0?s=96&d=mm&r=g","contentUrl":"https:\/\/secure.gravatar.com\/avatar\/37d968a2e67a6fd04c169c4bdef102d0bc5d31b2546345219e348575eb80e9a0?s=96&d=mm&r=g","caption":"redazione"},"sameAs":["http:\/\/www.bellunopress.it","https:\/\/x.com\/bellunopress"],"url":"https:\/\/www.bellunopress.it\/fr\/author\/redazione\/"}]}},"_links":{"self":[{"href":"https:\/\/www.bellunopress.it\/fr\/wp-json\/wp\/v2\/posts\/121932","targetHints":{"allow":["GET"]}}],"collection":[{"href":"https:\/\/www.bellunopress.it\/fr\/wp-json\/wp\/v2\/posts"}],"about":[{"href":"https:\/\/www.bellunopress.it\/fr\/wp-json\/wp\/v2\/types\/post"}],"author":[{"embeddable":true,"href":"https:\/\/www.bellunopress.it\/fr\/wp-json\/wp\/v2\/users\/2"}],"replies":[{"embeddable":true,"href":"https:\/\/www.bellunopress.it\/fr\/wp-json\/wp\/v2\/comments?post=121932"}],"version-history":[{"count":4,"href":"https:\/\/www.bellunopress.it\/fr\/wp-json\/wp\/v2\/posts\/121932\/revisions"}],"predecessor-version":[{"id":121937,"href":"https:\/\/www.bellunopress.it\/fr\/wp-json\/wp\/v2\/posts\/121932\/revisions\/121937"}],"wp:featuredmedia":[{"embeddable":true,"href":"https:\/\/www.bellunopress.it\/fr\/wp-json\/wp\/v2\/media\/121933"}],"wp:attachment":[{"href":"https:\/\/www.bellunopress.it\/fr\/wp-json\/wp\/v2\/media?parent=121932"}],"wp:term":[{"taxonomy":"category","embeddable":true,"href":"https:\/\/www.bellunopress.it\/fr\/wp-json\/wp\/v2\/categories?post=121932"},{"taxonomy":"post_tag","embeddable":true,"href":"https:\/\/www.bellunopress.it\/fr\/wp-json\/wp\/v2\/tags?post=121932"}],"curies":[{"name":"wp","href":"https:\/\/api.w.org\/{rel}","templated":true}]}}