{"id":121928,"date":"2021-02-21T17:37:40","date_gmt":"2021-02-21T16:37:40","guid":{"rendered":"http:\/\/www.bellunopress.it\/?p=121928"},"modified":"2021-02-21T17:37:43","modified_gmt":"2021-02-21T16:37:43","slug":"cortina-2021-i-mondiali-si-chiudono-con-loro-di-sebastian-foss-solevaag-austria-al-primo-posto-nel-medagliere","status":"publish","type":"post","link":"https:\/\/www.bellunopress.it\/fr\/2021\/02\/21\/cortina-2021-i-mondiali-si-chiudono-con-loro-di-sebastian-foss-solevaag-austria-al-primo-posto-nel-medagliere\/","title":{"rendered":"Cortina 2021. I Mondiali si chiudono con l&#8217;oro di Sebastian Foss-Solevaag. Austria al primo posto nel medagliere"},"content":{"rendered":"<figure id=\"attachment_121929\" aria-describedby=\"caption-attachment-121929\" style=\"width: 1000px\" class=\"wp-caption alignleft\"><a href=\"http:\/\/www.bellunopress.it\/fr\/2021\/02\/21\/cortina-2021-i-mondiali-si-chiudono-con-loro-di-sebastian-foss-solevaag-austria-al-primo-posto-nel-medagliere\/fosssolevagpentaphoto_edited\/\" rel=\"attachment wp-att-121929\"><img loading=\"lazy\" decoding=\"async\" class=\"size-full wp-image-121929\" src=\"http:\/\/www.bellunopress.it\/wp-content\/uploads\/2021\/02\/FossSolevag\u00a9Pentaphoto_edited.jpg\" alt=\"\" width=\"1000\" height=\"667\" srcset=\"https:\/\/www.bellunopress.it\/wp-content\/uploads\/2021\/02\/FossSolevag\u00a9Pentaphoto_edited.jpg 1000w, https:\/\/www.bellunopress.it\/wp-content\/uploads\/2021\/02\/FossSolevag\u00a9Pentaphoto_edited-500x334.jpg 500w, https:\/\/www.bellunopress.it\/wp-content\/uploads\/2021\/02\/FossSolevag\u00a9Pentaphoto_edited-696x464.jpg 696w, https:\/\/www.bellunopress.it\/wp-content\/uploads\/2021\/02\/FossSolevag\u00a9Pentaphoto_edited-630x420.jpg 630w\" sizes=\"auto, (max-width: 1000px) 100vw, 1000px\" \/><\/a><figcaption id=\"caption-attachment-121929\" class=\"wp-caption-text\">Cortina 2021 Alpine Ski World Championships.<br \/>Sebastian Johan Foss Solev\u00e5g (NOR)<br \/>Cortina d&#8217;Ampezzo 21\/02\/2021<br \/>Photo: Pentaphoto Gio Auletta<\/figcaption><\/figure>\n<p>Cortina d&#8217;Ampezzo, 21 febbraio 2021 \u2013 I Campionati Mondiali di Cortina d&#8217;Ampezzo si sono chiusi con lo slalom maschile che ha regalato grandi emozioni e un podio davvero particolare: i primi tre atleti non erano mai andati a medaglia in una gara iridata di slalom.<\/p>\n<p>C&#8217;\u00e8 tanta Norvegia sul podio dell&#8217;ultima competizione di Cortina. Il titolo \u00e8 andato a Sebastian Foss-Solevaag, che dopo la prima manche era terzo. Con il miglior tempo nella frazione decisiva si \u00e8 messo davanti a tutti, in attesa della discesa dell&#8217;italiano Alex Vinatzer e dell&#8217;austriaco Adrian Pertl, che non sono riusciti a confermare le posizioni. Medaglia di bronzo per un altro norvegese: Henrik Kristoffersen, grande interprete dello slalom e del gigante, che centra la seconda medaglia della carriera. Sesto al termine della frazione iniziale, ha chiuso terzo con 46\/100 di ritardo dal connazionale Foss-Solevaag.<\/p>\n<p>La medaglia d&#8217;argento \u00e8 andata ad Adrian Pertl che finora non era mai salito sul podio, neanche in Coppa del Mondo. L&#8217;austriaco, leader a met\u00e0 frazione, ha tenuto i nervi saldi anche nella seconda, cedendo una posizione ma conquistando comunque l&#8217;argento a 21\/100 dalla vetta. Fuori dai giochi Marco Schwarz e Manuel Feller, uno dei favoriti di giornata; grave errore invece per il francese Clement Noel. Quarto posto per l&#8217;italiano Alex Vinatzer, secondo al termine della prima manche, che chiude a 1&#8243;20 dal titolo mondiale; quinto lo svizzero Daniel Yule a 1&#8243;20.<br \/>\nA Cortina i titoli delle gare maschile sono stati vinti da Vincent Kriechmayr (discesa e superG), Mathieu Faivre (gigante e parallelo), Marco Schwarz (combinata alpina) e in ultimo da Sebastien Foss-Solevaag (slalom).<\/p>\n<p>L&#8217;Austria \u00e8 la prima Nazione nel medagliere con otto medaglie complessive, 5 d&#8217;oro, 1 d&#8217;argento e 2 di bronzo. Secondo posto per la Svizzera con 9 medaglie (3 &#8211; 1 &#8211; 5) e terza la Francia con 5 medaglie (2 &#8211; 1 &#8211; 2). Cortina d&#8217;Ampezzo ora passa il testimone a Courchevel-M\u00e9ribel, che organizzer\u00e0 i 47\u00b0 Campionati Mondiali di sci alpino nel febbraio del 2023.<\/p>","protected":false},"excerpt":{"rendered":"<p>Cortina d&#8217;Ampezzo, 21 febbraio 2021 \u2013 I Campionati Mondiali di Cortina d&#8217;Ampezzo si sono chiusi con lo slalom maschile che ha regalato grandi emozioni e un podio davvero particolare: i primi tre atleti non erano mai andati a medaglia in una gara iridata di slalom. C&#8217;\u00e8 tanta Norvegia sul podio dell&#8217;ultima competizione di Cortina. Il [&hellip;]<\/p>\n","protected":false},"author":2,"featured_media":121929,"comment_status":"closed","ping_status":"open","sticky":false,"template":"","format":"standard","meta":{"footnotes":""},"categories":[26,4],"tags":[],"class_list":["post-121928","post","type-post","status-publish","format-standard","has-post-thumbnail","category-prima-pagina","category-sport"],"yoast_head":"<!-- This site is optimized with the Yoast SEO plugin v28.4 - https:\/\/yoast.com\/product\/yoast-seo-wordpress\/ -->\n<title>Cortina 2021. I Mondiali si chiudono con l&#039;oro di Sebastian Foss-Solevaag. Austria al primo posto nel medagliere - Bellunopress - Dolomiti<\/title>\n<meta name=\"robots\" content=\"index, follow, max-snippet:-1, max-image-preview:large, max-video-preview:-1\" \/>\n<link rel=\"canonical\" href=\"https:\/\/www.bellunopress.it\/fr\/2021\/02\/21\/cortina-2021-i-mondiali-si-chiudono-con-loro-di-sebastian-foss-solevaag-austria-al-primo-posto-nel-medagliere\/\" \/>\n<meta property=\"og:locale\" content=\"fr_FR\" \/>\n<meta property=\"og:type\" content=\"article\" \/>\n<meta property=\"og:title\" content=\"Cortina 2021. I Mondiali si chiudono con l&#039;oro di Sebastian Foss-Solevaag. Austria al primo posto nel medagliere - Bellunopress - Dolomiti\" \/>\n<meta property=\"og:description\" content=\"Cortina d&#8217;Ampezzo, 21 febbraio 2021 \u2013 I Campionati Mondiali di Cortina d&#8217;Ampezzo si sono chiusi con lo slalom maschile che ha regalato grandi emozioni e un podio davvero particolare: i primi tre atleti non erano mai andati a medaglia in una gara iridata di slalom. C&#8217;\u00e8 tanta Norvegia sul podio dell&#8217;ultima competizione di Cortina. Il [&hellip;]\" \/>\n<meta property=\"og:url\" content=\"https:\/\/www.bellunopress.it\/fr\/2021\/02\/21\/cortina-2021-i-mondiali-si-chiudono-con-loro-di-sebastian-foss-solevaag-austria-al-primo-posto-nel-medagliere\/\" \/>\n<meta property=\"og:site_name\" content=\"Bellunopress - Dolomiti\" \/>\n<meta property=\"article:publisher\" content=\"https:\/\/www.facebook.com\/profile.php?id=100008943462799\" \/>\n<meta property=\"article:published_time\" content=\"2021-02-21T16:37:40+00:00\" \/>\n<meta property=\"article:modified_time\" content=\"2021-02-21T16:37:43+00:00\" \/>\n<meta property=\"og:image\" content=\"https:\/\/www.bellunopress.it\/wp-content\/uploads\/2021\/02\/FossSolevag\u00a9Pentaphoto_edited.jpg\" \/>\n\t<meta property=\"og:image:width\" content=\"1000\" \/>\n\t<meta property=\"og:image:height\" content=\"667\" \/>\n\t<meta property=\"og:image:type\" content=\"image\/jpeg\" \/>\n<meta name=\"author\" content=\"redazione\" \/>\n<meta name=\"twitter:card\" content=\"summary_large_image\" \/>\n<meta name=\"twitter:creator\" content=\"@bellunopress\" \/>\n<meta name=\"twitter:site\" content=\"@bellunopress\" \/>\n<meta name=\"twitter:label1\" content=\"Written by\" \/>\n\t<meta name=\"twitter:data1\" content=\"redazione\" \/>\n\t<meta name=\"twitter:label2\" content=\"Est. reading time\" \/>\n\t<meta name=\"twitter:data2\" content=\"2 minutes\" \/>\n<script type=\"application\/ld+json\" class=\"yoast-schema-graph\">{\"@context\":\"https:\\\/\\\/schema.org\",\"@graph\":[{\"@type\":\"Article\",\"@id\":\"https:\\\/\\\/www.bellunopress.it\\\/2021\\\/02\\\/21\\\/cortina-2021-i-mondiali-si-chiudono-con-loro-di-sebastian-foss-solevaag-austria-al-primo-posto-nel-medagliere\\\/#article\",\"isPartOf\":{\"@id\":\"https:\\\/\\\/www.bellunopress.it\\\/2021\\\/02\\\/21\\\/cortina-2021-i-mondiali-si-chiudono-con-loro-di-sebastian-foss-solevaag-austria-al-primo-posto-nel-medagliere\\\/\"},\"author\":{\"name\":\"redazione\",\"@id\":\"https:\\\/\\\/www.bellunopress.it\\\/#\\\/schema\\\/person\\\/79bb06722b37ece1c03d3e94beb30d73\"},\"headline\":\"Cortina 2021. I Mondiali si chiudono con l&#8217;oro di Sebastian Foss-Solevaag. Austria al primo posto nel medagliere\",\"datePublished\":\"2021-02-21T16:37:40+00:00\",\"dateModified\":\"2021-02-21T16:37:43+00:00\",\"mainEntityOfPage\":{\"@id\":\"https:\\\/\\\/www.bellunopress.it\\\/2021\\\/02\\\/21\\\/cortina-2021-i-mondiali-si-chiudono-con-loro-di-sebastian-foss-solevaag-austria-al-primo-posto-nel-medagliere\\\/\"},\"wordCount\":360,\"publisher\":{\"@id\":\"https:\\\/\\\/www.bellunopress.it\\\/#organization\"},\"image\":{\"@id\":\"https:\\\/\\\/www.bellunopress.it\\\/2021\\\/02\\\/21\\\/cortina-2021-i-mondiali-si-chiudono-con-loro-di-sebastian-foss-solevaag-austria-al-primo-posto-nel-medagliere\\\/#primaryimage\"},\"thumbnailUrl\":\"https:\\\/\\\/www.bellunopress.it\\\/wp-content\\\/uploads\\\/2021\\\/02\\\/FossSolevag\u00a9Pentaphoto_edited.jpg\",\"articleSection\":[\"Prima Pagina\",\"Sport, tempo libero\"],\"inLanguage\":\"fr-FR\"},{\"@type\":\"WebPage\",\"@id\":\"https:\\\/\\\/www.bellunopress.it\\\/2021\\\/02\\\/21\\\/cortina-2021-i-mondiali-si-chiudono-con-loro-di-sebastian-foss-solevaag-austria-al-primo-posto-nel-medagliere\\\/\",\"url\":\"https:\\\/\\\/www.bellunopress.it\\\/2021\\\/02\\\/21\\\/cortina-2021-i-mondiali-si-chiudono-con-loro-di-sebastian-foss-solevaag-austria-al-primo-posto-nel-medagliere\\\/\",\"name\":\"Cortina 2021. I Mondiali si chiudono con l'oro di Sebastian Foss-Solevaag. Austria al primo posto nel medagliere - Bellunopress - Dolomiti\",\"isPartOf\":{\"@id\":\"https:\\\/\\\/www.bellunopress.it\\\/#website\"},\"primaryImageOfPage\":{\"@id\":\"https:\\\/\\\/www.bellunopress.it\\\/2021\\\/02\\\/21\\\/cortina-2021-i-mondiali-si-chiudono-con-loro-di-sebastian-foss-solevaag-austria-al-primo-posto-nel-medagliere\\\/#primaryimage\"},\"image\":{\"@id\":\"https:\\\/\\\/www.bellunopress.it\\\/2021\\\/02\\\/21\\\/cortina-2021-i-mondiali-si-chiudono-con-loro-di-sebastian-foss-solevaag-austria-al-primo-posto-nel-medagliere\\\/#primaryimage\"},\"thumbnailUrl\":\"https:\\\/\\\/www.bellunopress.it\\\/wp-content\\\/uploads\\\/2021\\\/02\\\/FossSolevag\u00a9Pentaphoto_edited.jpg\",\"datePublished\":\"2021-02-21T16:37:40+00:00\",\"dateModified\":\"2021-02-21T16:37:43+00:00\",\"breadcrumb\":{\"@id\":\"https:\\\/\\\/www.bellunopress.it\\\/2021\\\/02\\\/21\\\/cortina-2021-i-mondiali-si-chiudono-con-loro-di-sebastian-foss-solevaag-austria-al-primo-posto-nel-medagliere\\\/#breadcrumb\"},\"inLanguage\":\"fr-FR\",\"potentialAction\":[{\"@type\":\"ReadAction\",\"target\":[\"https:\\\/\\\/www.bellunopress.it\\\/2021\\\/02\\\/21\\\/cortina-2021-i-mondiali-si-chiudono-con-loro-di-sebastian-foss-solevaag-austria-al-primo-posto-nel-medagliere\\\/\"]}]},{\"@type\":\"ImageObject\",\"inLanguage\":\"fr-FR\",\"@id\":\"https:\\\/\\\/www.bellunopress.it\\\/2021\\\/02\\\/21\\\/cortina-2021-i-mondiali-si-chiudono-con-loro-di-sebastian-foss-solevaag-austria-al-primo-posto-nel-medagliere\\\/#primaryimage\",\"url\":\"https:\\\/\\\/www.bellunopress.it\\\/wp-content\\\/uploads\\\/2021\\\/02\\\/FossSolevag\u00a9Pentaphoto_edited.jpg\",\"contentUrl\":\"https:\\\/\\\/www.bellunopress.it\\\/wp-content\\\/uploads\\\/2021\\\/02\\\/FossSolevag\u00a9Pentaphoto_edited.jpg\",\"width\":1000,\"height\":667,\"caption\":\"Cortina 2021 Alpine Ski World Championships. Sebastian Johan Foss Solev\u00e5g (NOR) Cortina d'Ampezzo 21\\\/02\\\/2021 Photo: Pentaphoto Gio Auletta\"},{\"@type\":\"BreadcrumbList\",\"@id\":\"https:\\\/\\\/www.bellunopress.it\\\/2021\\\/02\\\/21\\\/cortina-2021-i-mondiali-si-chiudono-con-loro-di-sebastian-foss-solevaag-austria-al-primo-posto-nel-medagliere\\\/#breadcrumb\",\"itemListElement\":[{\"@type\":\"ListItem\",\"position\":1,\"name\":\"Home\",\"item\":\"https:\\\/\\\/www.bellunopress.it\\\/\"},{\"@type\":\"ListItem\",\"position\":2,\"name\":\"Cortina 2021. I Mondiali si chiudono con l&#8217;oro di Sebastian Foss-Solevaag. Austria al primo posto nel medagliere\"}]},{\"@type\":\"WebSite\",\"@id\":\"https:\\\/\\\/www.bellunopress.it\\\/#website\",\"url\":\"https:\\\/\\\/www.bellunopress.it\\\/\",\"name\":\"Bellunopress - Dolomiti\",\"description\":\"e-mail: redazione@bellunopress.it\",\"publisher\":{\"@id\":\"https:\\\/\\\/www.bellunopress.it\\\/#organization\"},\"potentialAction\":[{\"@type\":\"SearchAction\",\"target\":{\"@type\":\"EntryPoint\",\"urlTemplate\":\"https:\\\/\\\/www.bellunopress.it\\\/?s={search_term_string}\"},\"query-input\":{\"@type\":\"PropertyValueSpecification\",\"valueRequired\":true,\"valueName\":\"search_term_string\"}}],\"inLanguage\":\"fr-FR\"},{\"@type\":\"Organization\",\"@id\":\"https:\\\/\\\/www.bellunopress.it\\\/#organization\",\"name\":\"Bellunopress\",\"url\":\"https:\\\/\\\/www.bellunopress.it\\\/\",\"logo\":{\"@type\":\"ImageObject\",\"inLanguage\":\"fr-FR\",\"@id\":\"https:\\\/\\\/www.bellunopress.it\\\/#\\\/schema\\\/logo\\\/image\\\/\",\"url\":\"https:\\\/\\\/www.bellunopress.it\\\/wp-content\\\/uploads\\\/2011\\\/05\\\/cropped-logo-bellunopress-.jpg\",\"contentUrl\":\"https:\\\/\\\/www.bellunopress.it\\\/wp-content\\\/uploads\\\/2011\\\/05\\\/cropped-logo-bellunopress-.jpg\",\"width\":512,\"height\":512,\"caption\":\"Bellunopress\"},\"image\":{\"@id\":\"https:\\\/\\\/www.bellunopress.it\\\/#\\\/schema\\\/logo\\\/image\\\/\"},\"sameAs\":[\"https:\\\/\\\/www.facebook.com\\\/profile.php?id=100008943462799\",\"https:\\\/\\\/x.com\\\/bellunopress\",\"https:\\\/\\\/www.linkedin.com\\\/hp\\\/?dnr=JBzUWaJfMUw8vbXJJ2tVW5-I3jZKvC4wsoxE&amp;amp;amp;amp;amp;amp;trk=nav_responsive_tab_home\",\"https:\\\/\\\/www.youtube.com\\\/channel\\\/UCxL0wu1uN0_3_7hGG0306cw\"]},{\"@type\":\"Person\",\"@id\":\"https:\\\/\\\/www.bellunopress.it\\\/#\\\/schema\\\/person\\\/79bb06722b37ece1c03d3e94beb30d73\",\"name\":\"redazione\",\"image\":{\"@type\":\"ImageObject\",\"inLanguage\":\"fr-FR\",\"@id\":\"https:\\\/\\\/secure.gravatar.com\\\/avatar\\\/37d968a2e67a6fd04c169c4bdef102d0bc5d31b2546345219e348575eb80e9a0?s=96&d=mm&r=g\",\"url\":\"https:\\\/\\\/secure.gravatar.com\\\/avatar\\\/37d968a2e67a6fd04c169c4bdef102d0bc5d31b2546345219e348575eb80e9a0?s=96&d=mm&r=g\",\"contentUrl\":\"https:\\\/\\\/secure.gravatar.com\\\/avatar\\\/37d968a2e67a6fd04c169c4bdef102d0bc5d31b2546345219e348575eb80e9a0?s=96&d=mm&r=g\",\"caption\":\"redazione\"},\"sameAs\":[\"http:\\\/\\\/www.bellunopress.it\",\"https:\\\/\\\/x.com\\\/bellunopress\"],\"url\":\"https:\\\/\\\/www.bellunopress.it\\\/fr\\\/author\\\/redazione\\\/\"}]}<\/script>\n<!-- \/ Yoast SEO plugin. -->","yoast_head_json":{"title":"Cortina 2021. I Mondiali si chiudono con l'oro di Sebastian Foss-Solevaag. Austria al primo posto nel medagliere - Bellunopress - Dolomiti","robots":{"index":"index","follow":"follow","max-snippet":"max-snippet:-1","max-image-preview":"max-image-preview:large","max-video-preview":"max-video-preview:-1"},"canonical":"https:\/\/www.bellunopress.it\/fr\/2021\/02\/21\/cortina-2021-i-mondiali-si-chiudono-con-loro-di-sebastian-foss-solevaag-austria-al-primo-posto-nel-medagliere\/","og_locale":"fr_FR","og_type":"article","og_title":"Cortina 2021. I Mondiali si chiudono con l'oro di Sebastian Foss-Solevaag. Austria al primo posto nel medagliere - Bellunopress - Dolomiti","og_description":"Cortina d&#8217;Ampezzo, 21 febbraio 2021 \u2013 I Campionati Mondiali di Cortina d&#8217;Ampezzo si sono chiusi con lo slalom maschile che ha regalato grandi emozioni e un podio davvero particolare: i primi tre atleti non erano mai andati a medaglia in una gara iridata di slalom. C&#8217;\u00e8 tanta Norvegia sul podio dell&#8217;ultima competizione di Cortina. Il [&hellip;]","og_url":"https:\/\/www.bellunopress.it\/fr\/2021\/02\/21\/cortina-2021-i-mondiali-si-chiudono-con-loro-di-sebastian-foss-solevaag-austria-al-primo-posto-nel-medagliere\/","og_site_name":"Bellunopress - Dolomiti","article_publisher":"https:\/\/www.facebook.com\/profile.php?id=100008943462799","article_published_time":"2021-02-21T16:37:40+00:00","article_modified_time":"2021-02-21T16:37:43+00:00","og_image":[{"width":1000,"height":667,"url":"https:\/\/www.bellunopress.it\/wp-content\/uploads\/2021\/02\/FossSolevag\u00a9Pentaphoto_edited.jpg","type":"image\/jpeg"}],"author":"redazione","twitter_card":"summary_large_image","twitter_creator":"@bellunopress","twitter_site":"@bellunopress","twitter_misc":{"Written by":"redazione","Est. reading time":"2 minutes"},"schema":{"@context":"https:\/\/schema.org","@graph":[{"@type":"Article","@id":"https:\/\/www.bellunopress.it\/2021\/02\/21\/cortina-2021-i-mondiali-si-chiudono-con-loro-di-sebastian-foss-solevaag-austria-al-primo-posto-nel-medagliere\/#article","isPartOf":{"@id":"https:\/\/www.bellunopress.it\/2021\/02\/21\/cortina-2021-i-mondiali-si-chiudono-con-loro-di-sebastian-foss-solevaag-austria-al-primo-posto-nel-medagliere\/"},"author":{"name":"redazione","@id":"https:\/\/www.bellunopress.it\/#\/schema\/person\/79bb06722b37ece1c03d3e94beb30d73"},"headline":"Cortina 2021. I Mondiali si chiudono con l&#8217;oro di Sebastian Foss-Solevaag. Austria al primo posto nel medagliere","datePublished":"2021-02-21T16:37:40+00:00","dateModified":"2021-02-21T16:37:43+00:00","mainEntityOfPage":{"@id":"https:\/\/www.bellunopress.it\/2021\/02\/21\/cortina-2021-i-mondiali-si-chiudono-con-loro-di-sebastian-foss-solevaag-austria-al-primo-posto-nel-medagliere\/"},"wordCount":360,"publisher":{"@id":"https:\/\/www.bellunopress.it\/#organization"},"image":{"@id":"https:\/\/www.bellunopress.it\/2021\/02\/21\/cortina-2021-i-mondiali-si-chiudono-con-loro-di-sebastian-foss-solevaag-austria-al-primo-posto-nel-medagliere\/#primaryimage"},"thumbnailUrl":"https:\/\/www.bellunopress.it\/wp-content\/uploads\/2021\/02\/FossSolevag\u00a9Pentaphoto_edited.jpg","articleSection":["Prima Pagina","Sport, tempo libero"],"inLanguage":"fr-FR"},{"@type":"WebPage","@id":"https:\/\/www.bellunopress.it\/2021\/02\/21\/cortina-2021-i-mondiali-si-chiudono-con-loro-di-sebastian-foss-solevaag-austria-al-primo-posto-nel-medagliere\/","url":"https:\/\/www.bellunopress.it\/2021\/02\/21\/cortina-2021-i-mondiali-si-chiudono-con-loro-di-sebastian-foss-solevaag-austria-al-primo-posto-nel-medagliere\/","name":"Cortina 2021. I Mondiali si chiudono con l'oro di Sebastian Foss-Solevaag. Austria al primo posto nel medagliere - Bellunopress - Dolomiti","isPartOf":{"@id":"https:\/\/www.bellunopress.it\/#website"},"primaryImageOfPage":{"@id":"https:\/\/www.bellunopress.it\/2021\/02\/21\/cortina-2021-i-mondiali-si-chiudono-con-loro-di-sebastian-foss-solevaag-austria-al-primo-posto-nel-medagliere\/#primaryimage"},"image":{"@id":"https:\/\/www.bellunopress.it\/2021\/02\/21\/cortina-2021-i-mondiali-si-chiudono-con-loro-di-sebastian-foss-solevaag-austria-al-primo-posto-nel-medagliere\/#primaryimage"},"thumbnailUrl":"https:\/\/www.bellunopress.it\/wp-content\/uploads\/2021\/02\/FossSolevag\u00a9Pentaphoto_edited.jpg","datePublished":"2021-02-21T16:37:40+00:00","dateModified":"2021-02-21T16:37:43+00:00","breadcrumb":{"@id":"https:\/\/www.bellunopress.it\/2021\/02\/21\/cortina-2021-i-mondiali-si-chiudono-con-loro-di-sebastian-foss-solevaag-austria-al-primo-posto-nel-medagliere\/#breadcrumb"},"inLanguage":"fr-FR","potentialAction":[{"@type":"ReadAction","target":["https:\/\/www.bellunopress.it\/2021\/02\/21\/cortina-2021-i-mondiali-si-chiudono-con-loro-di-sebastian-foss-solevaag-austria-al-primo-posto-nel-medagliere\/"]}]},{"@type":"ImageObject","inLanguage":"fr-FR","@id":"https:\/\/www.bellunopress.it\/2021\/02\/21\/cortina-2021-i-mondiali-si-chiudono-con-loro-di-sebastian-foss-solevaag-austria-al-primo-posto-nel-medagliere\/#primaryimage","url":"https:\/\/www.bellunopress.it\/wp-content\/uploads\/2021\/02\/FossSolevag\u00a9Pentaphoto_edited.jpg","contentUrl":"https:\/\/www.bellunopress.it\/wp-content\/uploads\/2021\/02\/FossSolevag\u00a9Pentaphoto_edited.jpg","width":1000,"height":667,"caption":"Cortina 2021 Alpine Ski World Championships. Sebastian Johan Foss Solev\u00e5g (NOR) Cortina d'Ampezzo 21\/02\/2021 Photo: Pentaphoto Gio Auletta"},{"@type":"BreadcrumbList","@id":"https:\/\/www.bellunopress.it\/2021\/02\/21\/cortina-2021-i-mondiali-si-chiudono-con-loro-di-sebastian-foss-solevaag-austria-al-primo-posto-nel-medagliere\/#breadcrumb","itemListElement":[{"@type":"ListItem","position":1,"name":"Home","item":"https:\/\/www.bellunopress.it\/"},{"@type":"ListItem","position":2,"name":"Cortina 2021. I Mondiali si chiudono con l&#8217;oro di Sebastian Foss-Solevaag. Austria al primo posto nel medagliere"}]},{"@type":"WebSite","@id":"https:\/\/www.bellunopress.it\/#website","url":"https:\/\/www.bellunopress.it\/","name":"Bellunopress - Dolomiti","description":"e-mail: redazione@bellunopress.it","publisher":{"@id":"https:\/\/www.bellunopress.it\/#organization"},"potentialAction":[{"@type":"SearchAction","target":{"@type":"EntryPoint","urlTemplate":"https:\/\/www.bellunopress.it\/?s={search_term_string}"},"query-input":{"@type":"PropertyValueSpecification","valueRequired":true,"valueName":"search_term_string"}}],"inLanguage":"fr-FR"},{"@type":"Organization","@id":"https:\/\/www.bellunopress.it\/#organization","name":"Bellunopress","url":"https:\/\/www.bellunopress.it\/","logo":{"@type":"ImageObject","inLanguage":"fr-FR","@id":"https:\/\/www.bellunopress.it\/#\/schema\/logo\/image\/","url":"https:\/\/www.bellunopress.it\/wp-content\/uploads\/2011\/05\/cropped-logo-bellunopress-.jpg","contentUrl":"https:\/\/www.bellunopress.it\/wp-content\/uploads\/2011\/05\/cropped-logo-bellunopress-.jpg","width":512,"height":512,"caption":"Bellunopress"},"image":{"@id":"https:\/\/www.bellunopress.it\/#\/schema\/logo\/image\/"},"sameAs":["https:\/\/www.facebook.com\/profile.php?id=100008943462799","https:\/\/x.com\/bellunopress","https:\/\/www.linkedin.com\/hp\/?dnr=JBzUWaJfMUw8vbXJJ2tVW5-I3jZKvC4wsoxE&amp;amp;amp;amp;amp;amp;trk=nav_responsive_tab_home","https:\/\/www.youtube.com\/channel\/UCxL0wu1uN0_3_7hGG0306cw"]},{"@type":"Person","@id":"https:\/\/www.bellunopress.it\/#\/schema\/person\/79bb06722b37ece1c03d3e94beb30d73","name":"r\u00e9daction","image":{"@type":"ImageObject","inLanguage":"fr-FR","@id":"https:\/\/secure.gravatar.com\/avatar\/37d968a2e67a6fd04c169c4bdef102d0bc5d31b2546345219e348575eb80e9a0?s=96&d=mm&r=g","url":"https:\/\/secure.gravatar.com\/avatar\/37d968a2e67a6fd04c169c4bdef102d0bc5d31b2546345219e348575eb80e9a0?s=96&d=mm&r=g","contentUrl":"https:\/\/secure.gravatar.com\/avatar\/37d968a2e67a6fd04c169c4bdef102d0bc5d31b2546345219e348575eb80e9a0?s=96&d=mm&r=g","caption":"redazione"},"sameAs":["http:\/\/www.bellunopress.it","https:\/\/x.com\/bellunopress"],"url":"https:\/\/www.bellunopress.it\/fr\/author\/redazione\/"}]}},"_links":{"self":[{"href":"https:\/\/www.bellunopress.it\/fr\/wp-json\/wp\/v2\/posts\/121928","targetHints":{"allow":["GET"]}}],"collection":[{"href":"https:\/\/www.bellunopress.it\/fr\/wp-json\/wp\/v2\/posts"}],"about":[{"href":"https:\/\/www.bellunopress.it\/fr\/wp-json\/wp\/v2\/types\/post"}],"author":[{"embeddable":true,"href":"https:\/\/www.bellunopress.it\/fr\/wp-json\/wp\/v2\/users\/2"}],"replies":[{"embeddable":true,"href":"https:\/\/www.bellunopress.it\/fr\/wp-json\/wp\/v2\/comments?post=121928"}],"version-history":[{"count":2,"href":"https:\/\/www.bellunopress.it\/fr\/wp-json\/wp\/v2\/posts\/121928\/revisions"}],"predecessor-version":[{"id":121931,"href":"https:\/\/www.bellunopress.it\/fr\/wp-json\/wp\/v2\/posts\/121928\/revisions\/121931"}],"wp:featuredmedia":[{"embeddable":true,"href":"https:\/\/www.bellunopress.it\/fr\/wp-json\/wp\/v2\/media\/121929"}],"wp:attachment":[{"href":"https:\/\/www.bellunopress.it\/fr\/wp-json\/wp\/v2\/media?parent=121928"}],"wp:term":[{"taxonomy":"category","embeddable":true,"href":"https:\/\/www.bellunopress.it\/fr\/wp-json\/wp\/v2\/categories?post=121928"},{"taxonomy":"post_tag","embeddable":true,"href":"https:\/\/www.bellunopress.it\/fr\/wp-json\/wp\/v2\/tags?post=121928"}],"curies":[{"name":"wp","href":"https:\/\/api.w.org\/{rel}","templated":true}]}}