{"id":121920,"date":"2021-02-21T14:44:19","date_gmt":"2021-02-21T13:44:19","guid":{"rendered":"http:\/\/www.bellunopress.it\/?p=121920"},"modified":"2021-02-21T14:54:37","modified_gmt":"2021-02-21T13:54:37","slug":"panico-sabato-sera-al-pronto-soccorso-ubriaco-spara-un-colpo-in-aria-con-una-pistola-a-salve","status":"publish","type":"post","link":"https:\/\/www.bellunopress.it\/fr\/2021\/02\/21\/panico-sabato-sera-al-pronto-soccorso-ubriaco-spara-un-colpo-in-aria-con-una-pistola-a-salve\/","title":{"rendered":"Panico sabato sera al pronto soccorso, ubriaco spara un colpo in aria con una pistola a salve"},"content":{"rendered":"<p><a href=\"http:\/\/www.bellunopress.it\/fr\/2021\/02\/21\/panico-sabato-sera-al-pronto-soccorso-ubriaco-spara-un-colpo-in-aria-con-una-pistola-a-salve\/carabinieri-ospedale_edited\/\" rel=\"attachment wp-att-121921\"><img loading=\"lazy\" decoding=\"async\" class=\"alignleft size-full wp-image-121921\" src=\"http:\/\/www.bellunopress.it\/wp-content\/uploads\/2021\/02\/carabinieri-ospedale_edited.jpg\" alt=\"\" width=\"1000\" height=\"750\" srcset=\"https:\/\/www.bellunopress.it\/wp-content\/uploads\/2021\/02\/carabinieri-ospedale_edited.jpg 1000w, https:\/\/www.bellunopress.it\/wp-content\/uploads\/2021\/02\/carabinieri-ospedale_edited-500x375.jpg 500w, https:\/\/www.bellunopress.it\/wp-content\/uploads\/2021\/02\/carabinieri-ospedale_edited-696x522.jpg 696w, https:\/\/www.bellunopress.it\/wp-content\/uploads\/2021\/02\/carabinieri-ospedale_edited-560x420.jpg 560w, https:\/\/www.bellunopress.it\/wp-content\/uploads\/2021\/02\/carabinieri-ospedale_edited-80x60.jpg 80w, https:\/\/www.bellunopress.it\/wp-content\/uploads\/2021\/02\/carabinieri-ospedale_edited-265x198.jpg 265w\" sizes=\"auto, (max-width: 1000px) 100vw, 1000px\" \/><\/a>Belluno, 21 febbraio 2021 &#8211; M.D. 53enne di Limana \u00e8 stato denunciato in stato di libert\u00e0 dai carabinieri di Belluno per interruzione di pubblico servizio ed esplosioni pericolose. Il fatto \u00e8 successo ieri sera al pronto soccorso dell&#8217;ospedale &#8220;San Martino&#8221; di Belluno dove l&#8217;uomo era stato portato da un&#8217;ambulanza dopo essere stato prelevato in localit\u00e0 Visome (Belluno) in evidente stato di ubriachezza. Ancora in evidente stato di ebbrezza alcolica, l&#8217;uomo ha estratto una pistola a salve marca New Police calibro 8 mm di libera vendita ma senza il\u00a0 tappo rosso ed ha esploso un colpo in aria seminando il terrore nell&#8217;intero reparto. Sul posto sono intervenuti i carabinieri\u00a0 del Nucleo operativo radiomobile di Belluno che hanno sequestrato l&#8217;arma con due cartucce gi\u00e0 esplose.<\/p>\n<p>&nbsp;<\/p>\n<p>&nbsp;<\/p>","protected":false},"excerpt":{"rendered":"<p>Belluno, 21 febbraio 2021 &#8211; M.D. 53enne di Limana \u00e8 stato denunciato in stato di libert\u00e0 dai carabinieri di Belluno per interruzione di pubblico servizio ed esplosioni pericolose. Il fatto \u00e8 successo ieri sera al pronto soccorso dell&#8217;ospedale &#8220;San Martino&#8221; di Belluno dove l&#8217;uomo era stato portato da un&#8217;ambulanza dopo essere stato prelevato in localit\u00e0 [&hellip;]<\/p>\n","protected":false},"author":2,"featured_media":121921,"comment_status":"closed","ping_status":"open","sticky":false,"template":"","format":"standard","meta":{"footnotes":""},"categories":[5,26],"tags":[],"class_list":["post-121920","post","type-post","status-publish","format-standard","has-post-thumbnail","category-cronaca","category-prima-pagina"],"yoast_head":"<!-- This site is optimized with the Yoast SEO plugin v28.4 - https:\/\/yoast.com\/product\/yoast-seo-wordpress\/ -->\n<title>Panico sabato sera al pronto soccorso, ubriaco spara un colpo in aria con una pistola a salve - Bellunopress - Dolomiti<\/title>\n<meta name=\"robots\" content=\"index, follow, max-snippet:-1, max-image-preview:large, max-video-preview:-1\" \/>\n<link rel=\"canonical\" href=\"https:\/\/www.bellunopress.it\/fr\/2021\/02\/21\/panico-sabato-sera-al-pronto-soccorso-ubriaco-spara-un-colpo-in-aria-con-una-pistola-a-salve\/\" \/>\n<meta property=\"og:locale\" content=\"fr_FR\" \/>\n<meta property=\"og:type\" content=\"article\" \/>\n<meta property=\"og:title\" content=\"Panico sabato sera al pronto soccorso, ubriaco spara un colpo in aria con una pistola a salve - Bellunopress - Dolomiti\" \/>\n<meta property=\"og:description\" content=\"Belluno, 21 febbraio 2021 &#8211; M.D. 53enne di Limana \u00e8 stato denunciato in stato di libert\u00e0 dai carabinieri di Belluno per interruzione di pubblico servizio ed esplosioni pericolose. Il fatto \u00e8 successo ieri sera al pronto soccorso dell&#8217;ospedale &#8220;San Martino&#8221; di Belluno dove l&#8217;uomo era stato portato da un&#8217;ambulanza dopo essere stato prelevato in localit\u00e0 [&hellip;]\" \/>\n<meta property=\"og:url\" content=\"https:\/\/www.bellunopress.it\/fr\/2021\/02\/21\/panico-sabato-sera-al-pronto-soccorso-ubriaco-spara-un-colpo-in-aria-con-una-pistola-a-salve\/\" \/>\n<meta property=\"og:site_name\" content=\"Bellunopress - Dolomiti\" \/>\n<meta property=\"article:publisher\" content=\"https:\/\/www.facebook.com\/profile.php?id=100008943462799\" \/>\n<meta property=\"article:published_time\" content=\"2021-02-21T13:44:19+00:00\" \/>\n<meta property=\"article:modified_time\" content=\"2021-02-21T13:54:37+00:00\" \/>\n<meta property=\"og:image\" content=\"https:\/\/www.bellunopress.it\/wp-content\/uploads\/2021\/02\/carabinieri-ospedale_edited.jpg\" \/>\n\t<meta property=\"og:image:width\" content=\"1000\" \/>\n\t<meta property=\"og:image:height\" content=\"750\" \/>\n\t<meta property=\"og:image:type\" content=\"image\/jpeg\" \/>\n<meta name=\"author\" content=\"redazione\" \/>\n<meta name=\"twitter:card\" content=\"summary_large_image\" \/>\n<meta name=\"twitter:creator\" content=\"@bellunopress\" \/>\n<meta name=\"twitter:site\" content=\"@bellunopress\" \/>\n<meta name=\"twitter:label1\" content=\"Written by\" \/>\n\t<meta name=\"twitter:data1\" content=\"redazione\" \/>\n\t<meta name=\"twitter:label2\" content=\"Est. reading time\" \/>\n\t<meta name=\"twitter:data2\" content=\"1 minute\" \/>\n<script type=\"application\/ld+json\" class=\"yoast-schema-graph\">{\"@context\":\"https:\\\/\\\/schema.org\",\"@graph\":[{\"@type\":\"Article\",\"@id\":\"https:\\\/\\\/www.bellunopress.it\\\/2021\\\/02\\\/21\\\/panico-sabato-sera-al-pronto-soccorso-ubriaco-spara-un-colpo-in-aria-con-una-pistola-a-salve\\\/#article\",\"isPartOf\":{\"@id\":\"https:\\\/\\\/www.bellunopress.it\\\/2021\\\/02\\\/21\\\/panico-sabato-sera-al-pronto-soccorso-ubriaco-spara-un-colpo-in-aria-con-una-pistola-a-salve\\\/\"},\"author\":{\"name\":\"redazione\",\"@id\":\"https:\\\/\\\/www.bellunopress.it\\\/#\\\/schema\\\/person\\\/79bb06722b37ece1c03d3e94beb30d73\"},\"headline\":\"Panico sabato sera al pronto soccorso, ubriaco spara un colpo in aria con una pistola a salve\",\"datePublished\":\"2021-02-21T13:44:19+00:00\",\"dateModified\":\"2021-02-21T13:54:37+00:00\",\"mainEntityOfPage\":{\"@id\":\"https:\\\/\\\/www.bellunopress.it\\\/2021\\\/02\\\/21\\\/panico-sabato-sera-al-pronto-soccorso-ubriaco-spara-un-colpo-in-aria-con-una-pistola-a-salve\\\/\"},\"wordCount\":144,\"publisher\":{\"@id\":\"https:\\\/\\\/www.bellunopress.it\\\/#organization\"},\"image\":{\"@id\":\"https:\\\/\\\/www.bellunopress.it\\\/2021\\\/02\\\/21\\\/panico-sabato-sera-al-pronto-soccorso-ubriaco-spara-un-colpo-in-aria-con-una-pistola-a-salve\\\/#primaryimage\"},\"thumbnailUrl\":\"https:\\\/\\\/www.bellunopress.it\\\/wp-content\\\/uploads\\\/2021\\\/02\\\/carabinieri-ospedale_edited.jpg\",\"articleSection\":[\"Cronaca\\\/Politica\",\"Prima Pagina\"],\"inLanguage\":\"fr-FR\"},{\"@type\":\"WebPage\",\"@id\":\"https:\\\/\\\/www.bellunopress.it\\\/2021\\\/02\\\/21\\\/panico-sabato-sera-al-pronto-soccorso-ubriaco-spara-un-colpo-in-aria-con-una-pistola-a-salve\\\/\",\"url\":\"https:\\\/\\\/www.bellunopress.it\\\/2021\\\/02\\\/21\\\/panico-sabato-sera-al-pronto-soccorso-ubriaco-spara-un-colpo-in-aria-con-una-pistola-a-salve\\\/\",\"name\":\"Panico sabato sera al pronto soccorso, ubriaco spara un colpo in aria con una pistola a salve - Bellunopress - Dolomiti\",\"isPartOf\":{\"@id\":\"https:\\\/\\\/www.bellunopress.it\\\/#website\"},\"primaryImageOfPage\":{\"@id\":\"https:\\\/\\\/www.bellunopress.it\\\/2021\\\/02\\\/21\\\/panico-sabato-sera-al-pronto-soccorso-ubriaco-spara-un-colpo-in-aria-con-una-pistola-a-salve\\\/#primaryimage\"},\"image\":{\"@id\":\"https:\\\/\\\/www.bellunopress.it\\\/2021\\\/02\\\/21\\\/panico-sabato-sera-al-pronto-soccorso-ubriaco-spara-un-colpo-in-aria-con-una-pistola-a-salve\\\/#primaryimage\"},\"thumbnailUrl\":\"https:\\\/\\\/www.bellunopress.it\\\/wp-content\\\/uploads\\\/2021\\\/02\\\/carabinieri-ospedale_edited.jpg\",\"datePublished\":\"2021-02-21T13:44:19+00:00\",\"dateModified\":\"2021-02-21T13:54:37+00:00\",\"breadcrumb\":{\"@id\":\"https:\\\/\\\/www.bellunopress.it\\\/2021\\\/02\\\/21\\\/panico-sabato-sera-al-pronto-soccorso-ubriaco-spara-un-colpo-in-aria-con-una-pistola-a-salve\\\/#breadcrumb\"},\"inLanguage\":\"fr-FR\",\"potentialAction\":[{\"@type\":\"ReadAction\",\"target\":[\"https:\\\/\\\/www.bellunopress.it\\\/2021\\\/02\\\/21\\\/panico-sabato-sera-al-pronto-soccorso-ubriaco-spara-un-colpo-in-aria-con-una-pistola-a-salve\\\/\"]}]},{\"@type\":\"ImageObject\",\"inLanguage\":\"fr-FR\",\"@id\":\"https:\\\/\\\/www.bellunopress.it\\\/2021\\\/02\\\/21\\\/panico-sabato-sera-al-pronto-soccorso-ubriaco-spara-un-colpo-in-aria-con-una-pistola-a-salve\\\/#primaryimage\",\"url\":\"https:\\\/\\\/www.bellunopress.it\\\/wp-content\\\/uploads\\\/2021\\\/02\\\/carabinieri-ospedale_edited.jpg\",\"contentUrl\":\"https:\\\/\\\/www.bellunopress.it\\\/wp-content\\\/uploads\\\/2021\\\/02\\\/carabinieri-ospedale_edited.jpg\",\"width\":1000,\"height\":750},{\"@type\":\"BreadcrumbList\",\"@id\":\"https:\\\/\\\/www.bellunopress.it\\\/2021\\\/02\\\/21\\\/panico-sabato-sera-al-pronto-soccorso-ubriaco-spara-un-colpo-in-aria-con-una-pistola-a-salve\\\/#breadcrumb\",\"itemListElement\":[{\"@type\":\"ListItem\",\"position\":1,\"name\":\"Home\",\"item\":\"https:\\\/\\\/www.bellunopress.it\\\/\"},{\"@type\":\"ListItem\",\"position\":2,\"name\":\"Panico sabato sera al pronto soccorso, ubriaco spara un colpo in aria con una pistola a salve\"}]},{\"@type\":\"WebSite\",\"@id\":\"https:\\\/\\\/www.bellunopress.it\\\/#website\",\"url\":\"https:\\\/\\\/www.bellunopress.it\\\/\",\"name\":\"Bellunopress - Dolomiti\",\"description\":\"e-mail: redazione@bellunopress.it\",\"publisher\":{\"@id\":\"https:\\\/\\\/www.bellunopress.it\\\/#organization\"},\"potentialAction\":[{\"@type\":\"SearchAction\",\"target\":{\"@type\":\"EntryPoint\",\"urlTemplate\":\"https:\\\/\\\/www.bellunopress.it\\\/?s={search_term_string}\"},\"query-input\":{\"@type\":\"PropertyValueSpecification\",\"valueRequired\":true,\"valueName\":\"search_term_string\"}}],\"inLanguage\":\"fr-FR\"},{\"@type\":\"Organization\",\"@id\":\"https:\\\/\\\/www.bellunopress.it\\\/#organization\",\"name\":\"Bellunopress\",\"url\":\"https:\\\/\\\/www.bellunopress.it\\\/\",\"logo\":{\"@type\":\"ImageObject\",\"inLanguage\":\"fr-FR\",\"@id\":\"https:\\\/\\\/www.bellunopress.it\\\/#\\\/schema\\\/logo\\\/image\\\/\",\"url\":\"https:\\\/\\\/www.bellunopress.it\\\/wp-content\\\/uploads\\\/2011\\\/05\\\/cropped-logo-bellunopress-.jpg\",\"contentUrl\":\"https:\\\/\\\/www.bellunopress.it\\\/wp-content\\\/uploads\\\/2011\\\/05\\\/cropped-logo-bellunopress-.jpg\",\"width\":512,\"height\":512,\"caption\":\"Bellunopress\"},\"image\":{\"@id\":\"https:\\\/\\\/www.bellunopress.it\\\/#\\\/schema\\\/logo\\\/image\\\/\"},\"sameAs\":[\"https:\\\/\\\/www.facebook.com\\\/profile.php?id=100008943462799\",\"https:\\\/\\\/x.com\\\/bellunopress\",\"https:\\\/\\\/www.linkedin.com\\\/hp\\\/?dnr=JBzUWaJfMUw8vbXJJ2tVW5-I3jZKvC4wsoxE&amp;amp;amp;amp;amp;amp;trk=nav_responsive_tab_home\",\"https:\\\/\\\/www.youtube.com\\\/channel\\\/UCxL0wu1uN0_3_7hGG0306cw\"]},{\"@type\":\"Person\",\"@id\":\"https:\\\/\\\/www.bellunopress.it\\\/#\\\/schema\\\/person\\\/79bb06722b37ece1c03d3e94beb30d73\",\"name\":\"redazione\",\"image\":{\"@type\":\"ImageObject\",\"inLanguage\":\"fr-FR\",\"@id\":\"https:\\\/\\\/secure.gravatar.com\\\/avatar\\\/37d968a2e67a6fd04c169c4bdef102d0bc5d31b2546345219e348575eb80e9a0?s=96&d=mm&r=g\",\"url\":\"https:\\\/\\\/secure.gravatar.com\\\/avatar\\\/37d968a2e67a6fd04c169c4bdef102d0bc5d31b2546345219e348575eb80e9a0?s=96&d=mm&r=g\",\"contentUrl\":\"https:\\\/\\\/secure.gravatar.com\\\/avatar\\\/37d968a2e67a6fd04c169c4bdef102d0bc5d31b2546345219e348575eb80e9a0?s=96&d=mm&r=g\",\"caption\":\"redazione\"},\"sameAs\":[\"http:\\\/\\\/www.bellunopress.it\",\"https:\\\/\\\/x.com\\\/bellunopress\"],\"url\":\"https:\\\/\\\/www.bellunopress.it\\\/fr\\\/author\\\/redazione\\\/\"}]}<\/script>\n<!-- \/ Yoast SEO plugin. -->","yoast_head_json":{"title":"Panico sabato sera al pronto soccorso, ubriaco spara un colpo in aria con una pistola a salve - Bellunopress - Dolomiti","robots":{"index":"index","follow":"follow","max-snippet":"max-snippet:-1","max-image-preview":"max-image-preview:large","max-video-preview":"max-video-preview:-1"},"canonical":"https:\/\/www.bellunopress.it\/fr\/2021\/02\/21\/panico-sabato-sera-al-pronto-soccorso-ubriaco-spara-un-colpo-in-aria-con-una-pistola-a-salve\/","og_locale":"fr_FR","og_type":"article","og_title":"Panico sabato sera al pronto soccorso, ubriaco spara un colpo in aria con una pistola a salve - Bellunopress - Dolomiti","og_description":"Belluno, 21 febbraio 2021 &#8211; M.D. 53enne di Limana \u00e8 stato denunciato in stato di libert\u00e0 dai carabinieri di Belluno per interruzione di pubblico servizio ed esplosioni pericolose. Il fatto \u00e8 successo ieri sera al pronto soccorso dell&#8217;ospedale &#8220;San Martino&#8221; di Belluno dove l&#8217;uomo era stato portato da un&#8217;ambulanza dopo essere stato prelevato in localit\u00e0 [&hellip;]","og_url":"https:\/\/www.bellunopress.it\/fr\/2021\/02\/21\/panico-sabato-sera-al-pronto-soccorso-ubriaco-spara-un-colpo-in-aria-con-una-pistola-a-salve\/","og_site_name":"Bellunopress - Dolomiti","article_publisher":"https:\/\/www.facebook.com\/profile.php?id=100008943462799","article_published_time":"2021-02-21T13:44:19+00:00","article_modified_time":"2021-02-21T13:54:37+00:00","og_image":[{"width":1000,"height":750,"url":"https:\/\/www.bellunopress.it\/wp-content\/uploads\/2021\/02\/carabinieri-ospedale_edited.jpg","type":"image\/jpeg"}],"author":"redazione","twitter_card":"summary_large_image","twitter_creator":"@bellunopress","twitter_site":"@bellunopress","twitter_misc":{"Written by":"redazione","Est. reading time":"1 minute"},"schema":{"@context":"https:\/\/schema.org","@graph":[{"@type":"Article","@id":"https:\/\/www.bellunopress.it\/2021\/02\/21\/panico-sabato-sera-al-pronto-soccorso-ubriaco-spara-un-colpo-in-aria-con-una-pistola-a-salve\/#article","isPartOf":{"@id":"https:\/\/www.bellunopress.it\/2021\/02\/21\/panico-sabato-sera-al-pronto-soccorso-ubriaco-spara-un-colpo-in-aria-con-una-pistola-a-salve\/"},"author":{"name":"redazione","@id":"https:\/\/www.bellunopress.it\/#\/schema\/person\/79bb06722b37ece1c03d3e94beb30d73"},"headline":"Panico sabato sera al pronto soccorso, ubriaco spara un colpo in aria con una pistola a salve","datePublished":"2021-02-21T13:44:19+00:00","dateModified":"2021-02-21T13:54:37+00:00","mainEntityOfPage":{"@id":"https:\/\/www.bellunopress.it\/2021\/02\/21\/panico-sabato-sera-al-pronto-soccorso-ubriaco-spara-un-colpo-in-aria-con-una-pistola-a-salve\/"},"wordCount":144,"publisher":{"@id":"https:\/\/www.bellunopress.it\/#organization"},"image":{"@id":"https:\/\/www.bellunopress.it\/2021\/02\/21\/panico-sabato-sera-al-pronto-soccorso-ubriaco-spara-un-colpo-in-aria-con-una-pistola-a-salve\/#primaryimage"},"thumbnailUrl":"https:\/\/www.bellunopress.it\/wp-content\/uploads\/2021\/02\/carabinieri-ospedale_edited.jpg","articleSection":["Cronaca\/Politica","Prima Pagina"],"inLanguage":"fr-FR"},{"@type":"WebPage","@id":"https:\/\/www.bellunopress.it\/2021\/02\/21\/panico-sabato-sera-al-pronto-soccorso-ubriaco-spara-un-colpo-in-aria-con-una-pistola-a-salve\/","url":"https:\/\/www.bellunopress.it\/2021\/02\/21\/panico-sabato-sera-al-pronto-soccorso-ubriaco-spara-un-colpo-in-aria-con-una-pistola-a-salve\/","name":"Panico sabato sera al pronto soccorso, ubriaco spara un colpo in aria con una pistola a salve - Bellunopress - Dolomiti","isPartOf":{"@id":"https:\/\/www.bellunopress.it\/#website"},"primaryImageOfPage":{"@id":"https:\/\/www.bellunopress.it\/2021\/02\/21\/panico-sabato-sera-al-pronto-soccorso-ubriaco-spara-un-colpo-in-aria-con-una-pistola-a-salve\/#primaryimage"},"image":{"@id":"https:\/\/www.bellunopress.it\/2021\/02\/21\/panico-sabato-sera-al-pronto-soccorso-ubriaco-spara-un-colpo-in-aria-con-una-pistola-a-salve\/#primaryimage"},"thumbnailUrl":"https:\/\/www.bellunopress.it\/wp-content\/uploads\/2021\/02\/carabinieri-ospedale_edited.jpg","datePublished":"2021-02-21T13:44:19+00:00","dateModified":"2021-02-21T13:54:37+00:00","breadcrumb":{"@id":"https:\/\/www.bellunopress.it\/2021\/02\/21\/panico-sabato-sera-al-pronto-soccorso-ubriaco-spara-un-colpo-in-aria-con-una-pistola-a-salve\/#breadcrumb"},"inLanguage":"fr-FR","potentialAction":[{"@type":"ReadAction","target":["https:\/\/www.bellunopress.it\/2021\/02\/21\/panico-sabato-sera-al-pronto-soccorso-ubriaco-spara-un-colpo-in-aria-con-una-pistola-a-salve\/"]}]},{"@type":"ImageObject","inLanguage":"fr-FR","@id":"https:\/\/www.bellunopress.it\/2021\/02\/21\/panico-sabato-sera-al-pronto-soccorso-ubriaco-spara-un-colpo-in-aria-con-una-pistola-a-salve\/#primaryimage","url":"https:\/\/www.bellunopress.it\/wp-content\/uploads\/2021\/02\/carabinieri-ospedale_edited.jpg","contentUrl":"https:\/\/www.bellunopress.it\/wp-content\/uploads\/2021\/02\/carabinieri-ospedale_edited.jpg","width":1000,"height":750},{"@type":"BreadcrumbList","@id":"https:\/\/www.bellunopress.it\/2021\/02\/21\/panico-sabato-sera-al-pronto-soccorso-ubriaco-spara-un-colpo-in-aria-con-una-pistola-a-salve\/#breadcrumb","itemListElement":[{"@type":"ListItem","position":1,"name":"Home","item":"https:\/\/www.bellunopress.it\/"},{"@type":"ListItem","position":2,"name":"Panico sabato sera al pronto soccorso, ubriaco spara un colpo in aria con una pistola a salve"}]},{"@type":"WebSite","@id":"https:\/\/www.bellunopress.it\/#website","url":"https:\/\/www.bellunopress.it\/","name":"Bellunopress - Dolomiti","description":"e-mail: redazione@bellunopress.it","publisher":{"@id":"https:\/\/www.bellunopress.it\/#organization"},"potentialAction":[{"@type":"SearchAction","target":{"@type":"EntryPoint","urlTemplate":"https:\/\/www.bellunopress.it\/?s={search_term_string}"},"query-input":{"@type":"PropertyValueSpecification","valueRequired":true,"valueName":"search_term_string"}}],"inLanguage":"fr-FR"},{"@type":"Organization","@id":"https:\/\/www.bellunopress.it\/#organization","name":"Bellunopress","url":"https:\/\/www.bellunopress.it\/","logo":{"@type":"ImageObject","inLanguage":"fr-FR","@id":"https:\/\/www.bellunopress.it\/#\/schema\/logo\/image\/","url":"https:\/\/www.bellunopress.it\/wp-content\/uploads\/2011\/05\/cropped-logo-bellunopress-.jpg","contentUrl":"https:\/\/www.bellunopress.it\/wp-content\/uploads\/2011\/05\/cropped-logo-bellunopress-.jpg","width":512,"height":512,"caption":"Bellunopress"},"image":{"@id":"https:\/\/www.bellunopress.it\/#\/schema\/logo\/image\/"},"sameAs":["https:\/\/www.facebook.com\/profile.php?id=100008943462799","https:\/\/x.com\/bellunopress","https:\/\/www.linkedin.com\/hp\/?dnr=JBzUWaJfMUw8vbXJJ2tVW5-I3jZKvC4wsoxE&amp;amp;amp;amp;amp;amp;trk=nav_responsive_tab_home","https:\/\/www.youtube.com\/channel\/UCxL0wu1uN0_3_7hGG0306cw"]},{"@type":"Person","@id":"https:\/\/www.bellunopress.it\/#\/schema\/person\/79bb06722b37ece1c03d3e94beb30d73","name":"r\u00e9daction","image":{"@type":"ImageObject","inLanguage":"fr-FR","@id":"https:\/\/secure.gravatar.com\/avatar\/37d968a2e67a6fd04c169c4bdef102d0bc5d31b2546345219e348575eb80e9a0?s=96&d=mm&r=g","url":"https:\/\/secure.gravatar.com\/avatar\/37d968a2e67a6fd04c169c4bdef102d0bc5d31b2546345219e348575eb80e9a0?s=96&d=mm&r=g","contentUrl":"https:\/\/secure.gravatar.com\/avatar\/37d968a2e67a6fd04c169c4bdef102d0bc5d31b2546345219e348575eb80e9a0?s=96&d=mm&r=g","caption":"redazione"},"sameAs":["http:\/\/www.bellunopress.it","https:\/\/x.com\/bellunopress"],"url":"https:\/\/www.bellunopress.it\/fr\/author\/redazione\/"}]}},"_links":{"self":[{"href":"https:\/\/www.bellunopress.it\/fr\/wp-json\/wp\/v2\/posts\/121920","targetHints":{"allow":["GET"]}}],"collection":[{"href":"https:\/\/www.bellunopress.it\/fr\/wp-json\/wp\/v2\/posts"}],"about":[{"href":"https:\/\/www.bellunopress.it\/fr\/wp-json\/wp\/v2\/types\/post"}],"author":[{"embeddable":true,"href":"https:\/\/www.bellunopress.it\/fr\/wp-json\/wp\/v2\/users\/2"}],"replies":[{"embeddable":true,"href":"https:\/\/www.bellunopress.it\/fr\/wp-json\/wp\/v2\/comments?post=121920"}],"version-history":[{"count":4,"href":"https:\/\/www.bellunopress.it\/fr\/wp-json\/wp\/v2\/posts\/121920\/revisions"}],"predecessor-version":[{"id":121925,"href":"https:\/\/www.bellunopress.it\/fr\/wp-json\/wp\/v2\/posts\/121920\/revisions\/121925"}],"wp:featuredmedia":[{"embeddable":true,"href":"https:\/\/www.bellunopress.it\/fr\/wp-json\/wp\/v2\/media\/121921"}],"wp:attachment":[{"href":"https:\/\/www.bellunopress.it\/fr\/wp-json\/wp\/v2\/media?parent=121920"}],"wp:term":[{"taxonomy":"category","embeddable":true,"href":"https:\/\/www.bellunopress.it\/fr\/wp-json\/wp\/v2\/categories?post=121920"},{"taxonomy":"post_tag","embeddable":true,"href":"https:\/\/www.bellunopress.it\/fr\/wp-json\/wp\/v2\/tags?post=121920"}],"curies":[{"name":"wp","href":"https:\/\/api.w.org\/{rel}","templated":true}]}}