{"id":121918,"date":"2021-02-21T13:01:08","date_gmt":"2021-02-21T12:01:08","guid":{"rendered":"http:\/\/www.bellunopress.it\/?p=121918"},"modified":"2021-02-21T13:01:08","modified_gmt":"2021-02-21T12:01:08","slug":"ripartizione-fondi-alle-ulss-venete-lorenzoni-sbagliato-escludere-il-bellunese-massaro-ha-tutte-le-ragioni-del-mondo","status":"publish","type":"post","link":"https:\/\/www.bellunopress.it\/fr\/2021\/02\/21\/ripartizione-fondi-alle-ulss-venete-lorenzoni-sbagliato-escludere-il-bellunese-massaro-ha-tutte-le-ragioni-del-mondo\/","title":{"rendered":"Ripartizione fondi alle Ulss venete. Lorenzoni: &#8220;Sbagliato escludere il Bellunese. Massaro ha tutte le ragioni del mondo&#8221;"},"content":{"rendered":"<figure id=\"attachment_114918\" aria-describedby=\"caption-attachment-114918\" style=\"width: 250px\" class=\"wp-caption alignleft\"><a href=\"http:\/\/www.bellunopress.it\/fr\/2020\/06\/06\/il-vicesindaco-di-padova-arturo-lorenzoni-sfida-luca-zaia-alla-presidenza-della-regione-del-veneto\/arturo-lorenzoni_edited\/\" rel=\"attachment wp-att-114918\"><img loading=\"lazy\" decoding=\"async\" class=\"size-full wp-image-114918\" src=\"http:\/\/www.bellunopress.it\/wp-content\/uploads\/2020\/06\/Arturo-Lorenzoni_edited.jpg\" alt=\"\" width=\"250\" height=\"350\" \/><\/a><figcaption id=\"caption-attachment-114918\" class=\"wp-caption-text\">Arturo Lorenzoni<\/figcaption><\/figure>\n<p>\u201cChe l\u2019Ulss 1 Dolomiti sia stata esclusa dal fondo di 52 milioni di euro stanziato dalla Regione per interventi nel settore sanit\u00e0 \u00e8 di una gravit\u00e0 inaudita\u201d. Cos\u00ec il portavoce delle opposizioni in consiglio regionale, Arturo Lorenzoni, sulla segnalazione del sindaco di Belluno, Jacopo Massaro, in merito alla mancata ripartizione di risorse ad hoc sul territorio.<\/p>\n<p>\u201cIl primo cittadino ha fatto emergere un tema reale, motivato e urgente \u2013 spiega lo stesso Lorenzoni \u2013 Non giunger\u00e0 nemmeno un euro alla sanit\u00e0 del bellunese, per certi aspetti la pi\u00f9 fragile del Veneto\u201d. Forse, si chiede il portavoce, \u201c\u00e8 la meno pesante in termini elettorali e di consenso?\u201d. \u201cGli investimenti nel comparto della sanit\u00e0, che peraltro si sta dimostrando strategico in questo periodo di pandemia, devono andare nella direzione della territorialit\u00e0. In altri termini, occorre applicare il principio della sussidiariet\u00e0, potenziando i vari servizi nelle zone decentrate\u201d.<\/p>\n<p>Un modus operandi, questo, che \u00e8 stato ben evidenziato pure dal presidente del consiglio, Mario Draghi, nel suo discorso di insediamento in Parlamento. \u201cChi vive nel Bellunese ha gli stessi diritti di chi abita nelle citt\u00e0, in pianura \u2013 aggiunge \u2013 Non \u00e8 pensabile trascurare i servizi a svantaggio di chi, di fatto, rappresenta un presidio nelle aree meno densamente popolate della Regione. Se non diamo un\u2019offerta di qualit\u00e0, soprattutto nella sanit\u00e0, \u00e8 chiaro che poi la montagna si spopola\u201d. \u201cMi auguro \u2013 conclude &#8211; che sia ancora possibile porre rimedio a questo errore nella ripartizione dei contributi dedicati ad investimenti nel comparto sanitario. In tal senso il sindaco Massaro ha tutte le ragioni del mondo\u201d.<\/p>\n<p>&nbsp;<\/p>","protected":false},"excerpt":{"rendered":"<p>\u201cChe l\u2019Ulss 1 Dolomiti sia stata esclusa dal fondo di 52 milioni di euro stanziato dalla Regione per interventi nel settore sanit\u00e0 \u00e8 di una gravit\u00e0 inaudita\u201d. Cos\u00ec il portavoce delle opposizioni in consiglio regionale, Arturo Lorenzoni, sulla segnalazione del sindaco di Belluno, Jacopo Massaro, in merito alla mancata ripartizione di risorse ad hoc sul [&hellip;]<\/p>\n","protected":false},"author":2,"featured_media":114918,"comment_status":"closed","ping_status":"open","sticky":false,"template":"","format":"standard","meta":{"footnotes":""},"categories":[5,26,17],"tags":[],"class_list":["post-121918","post","type-post","status-publish","format-standard","has-post-thumbnail","category-cronaca","category-prima-pagina","category-sanita"],"yoast_head":"<!-- This site is optimized with the Yoast SEO plugin v28.4 - https:\/\/yoast.com\/product\/yoast-seo-wordpress\/ -->\n<title>Ripartizione fondi alle Ulss venete. Lorenzoni: &quot;Sbagliato escludere il Bellunese. Massaro ha tutte le ragioni del mondo&quot; - Bellunopress - Dolomiti<\/title>\n<meta name=\"robots\" content=\"index, follow, max-snippet:-1, max-image-preview:large, max-video-preview:-1\" \/>\n<link rel=\"canonical\" href=\"https:\/\/www.bellunopress.it\/fr\/2021\/02\/21\/ripartizione-fondi-alle-ulss-venete-lorenzoni-sbagliato-escludere-il-bellunese-massaro-ha-tutte-le-ragioni-del-mondo\/\" \/>\n<meta property=\"og:locale\" content=\"fr_FR\" \/>\n<meta property=\"og:type\" content=\"article\" \/>\n<meta property=\"og:title\" content=\"Ripartizione fondi alle Ulss venete. Lorenzoni: &quot;Sbagliato escludere il Bellunese. Massaro ha tutte le ragioni del mondo&quot; - Bellunopress - Dolomiti\" \/>\n<meta property=\"og:description\" content=\"\u201cChe l\u2019Ulss 1 Dolomiti sia stata esclusa dal fondo di 52 milioni di euro stanziato dalla Regione per interventi nel settore sanit\u00e0 \u00e8 di una gravit\u00e0 inaudita\u201d. Cos\u00ec il portavoce delle opposizioni in consiglio regionale, Arturo Lorenzoni, sulla segnalazione del sindaco di Belluno, Jacopo Massaro, in merito alla mancata ripartizione di risorse ad hoc sul [&hellip;]\" \/>\n<meta property=\"og:url\" content=\"https:\/\/www.bellunopress.it\/fr\/2021\/02\/21\/ripartizione-fondi-alle-ulss-venete-lorenzoni-sbagliato-escludere-il-bellunese-massaro-ha-tutte-le-ragioni-del-mondo\/\" \/>\n<meta property=\"og:site_name\" content=\"Bellunopress - Dolomiti\" \/>\n<meta property=\"article:publisher\" content=\"https:\/\/www.facebook.com\/profile.php?id=100008943462799\" \/>\n<meta property=\"article:published_time\" content=\"2021-02-21T12:01:08+00:00\" \/>\n<meta property=\"og:image\" content=\"https:\/\/www.bellunopress.it\/wp-content\/uploads\/2020\/06\/Arturo-Lorenzoni_edited.jpg\" \/>\n\t<meta property=\"og:image:width\" content=\"250\" \/>\n\t<meta property=\"og:image:height\" content=\"350\" \/>\n\t<meta property=\"og:image:type\" content=\"image\/jpeg\" \/>\n<meta name=\"author\" content=\"redazione\" \/>\n<meta name=\"twitter:card\" content=\"summary_large_image\" \/>\n<meta name=\"twitter:creator\" content=\"@bellunopress\" \/>\n<meta name=\"twitter:site\" content=\"@bellunopress\" \/>\n<meta name=\"twitter:label1\" content=\"\u00c9crit par\" \/>\n\t<meta name=\"twitter:data1\" content=\"redazione\" \/>\n\t<meta name=\"twitter:label2\" content=\"Dur\u00e9e de lecture estim\u00e9e\" \/>\n\t<meta name=\"twitter:data2\" content=\"2 minutes\" \/>\n<script type=\"application\/ld+json\" class=\"yoast-schema-graph\">{\"@context\":\"https:\\\/\\\/schema.org\",\"@graph\":[{\"@type\":\"Article\",\"@id\":\"https:\\\/\\\/www.bellunopress.it\\\/2021\\\/02\\\/21\\\/ripartizione-fondi-alle-ulss-venete-lorenzoni-sbagliato-escludere-il-bellunese-massaro-ha-tutte-le-ragioni-del-mondo\\\/#article\",\"isPartOf\":{\"@id\":\"https:\\\/\\\/www.bellunopress.it\\\/2021\\\/02\\\/21\\\/ripartizione-fondi-alle-ulss-venete-lorenzoni-sbagliato-escludere-il-bellunese-massaro-ha-tutte-le-ragioni-del-mondo\\\/\"},\"author\":{\"name\":\"redazione\",\"@id\":\"https:\\\/\\\/www.bellunopress.it\\\/#\\\/schema\\\/person\\\/79bb06722b37ece1c03d3e94beb30d73\"},\"headline\":\"Ripartizione fondi alle Ulss venete. Lorenzoni: &#8220;Sbagliato escludere il Bellunese. Massaro ha tutte le ragioni del mondo&#8221;\",\"datePublished\":\"2021-02-21T12:01:08+00:00\",\"mainEntityOfPage\":{\"@id\":\"https:\\\/\\\/www.bellunopress.it\\\/2021\\\/02\\\/21\\\/ripartizione-fondi-alle-ulss-venete-lorenzoni-sbagliato-escludere-il-bellunese-massaro-ha-tutte-le-ragioni-del-mondo\\\/\"},\"wordCount\":278,\"publisher\":{\"@id\":\"https:\\\/\\\/www.bellunopress.it\\\/#organization\"},\"image\":{\"@id\":\"https:\\\/\\\/www.bellunopress.it\\\/2021\\\/02\\\/21\\\/ripartizione-fondi-alle-ulss-venete-lorenzoni-sbagliato-escludere-il-bellunese-massaro-ha-tutte-le-ragioni-del-mondo\\\/#primaryimage\"},\"thumbnailUrl\":\"https:\\\/\\\/www.bellunopress.it\\\/wp-content\\\/uploads\\\/2020\\\/06\\\/Arturo-Lorenzoni_edited.jpg\",\"articleSection\":[\"Cronaca\\\/Politica\",\"Prima Pagina\",\"Sanit\u00e0 Medicina\"],\"inLanguage\":\"fr-FR\"},{\"@type\":\"WebPage\",\"@id\":\"https:\\\/\\\/www.bellunopress.it\\\/2021\\\/02\\\/21\\\/ripartizione-fondi-alle-ulss-venete-lorenzoni-sbagliato-escludere-il-bellunese-massaro-ha-tutte-le-ragioni-del-mondo\\\/\",\"url\":\"https:\\\/\\\/www.bellunopress.it\\\/2021\\\/02\\\/21\\\/ripartizione-fondi-alle-ulss-venete-lorenzoni-sbagliato-escludere-il-bellunese-massaro-ha-tutte-le-ragioni-del-mondo\\\/\",\"name\":\"Ripartizione fondi alle Ulss venete. Lorenzoni: \\\"Sbagliato escludere il Bellunese. Massaro ha tutte le ragioni del mondo\\\" - Bellunopress - Dolomiti\",\"isPartOf\":{\"@id\":\"https:\\\/\\\/www.bellunopress.it\\\/#website\"},\"primaryImageOfPage\":{\"@id\":\"https:\\\/\\\/www.bellunopress.it\\\/2021\\\/02\\\/21\\\/ripartizione-fondi-alle-ulss-venete-lorenzoni-sbagliato-escludere-il-bellunese-massaro-ha-tutte-le-ragioni-del-mondo\\\/#primaryimage\"},\"image\":{\"@id\":\"https:\\\/\\\/www.bellunopress.it\\\/2021\\\/02\\\/21\\\/ripartizione-fondi-alle-ulss-venete-lorenzoni-sbagliato-escludere-il-bellunese-massaro-ha-tutte-le-ragioni-del-mondo\\\/#primaryimage\"},\"thumbnailUrl\":\"https:\\\/\\\/www.bellunopress.it\\\/wp-content\\\/uploads\\\/2020\\\/06\\\/Arturo-Lorenzoni_edited.jpg\",\"datePublished\":\"2021-02-21T12:01:08+00:00\",\"breadcrumb\":{\"@id\":\"https:\\\/\\\/www.bellunopress.it\\\/2021\\\/02\\\/21\\\/ripartizione-fondi-alle-ulss-venete-lorenzoni-sbagliato-escludere-il-bellunese-massaro-ha-tutte-le-ragioni-del-mondo\\\/#breadcrumb\"},\"inLanguage\":\"fr-FR\",\"potentialAction\":[{\"@type\":\"ReadAction\",\"target\":[\"https:\\\/\\\/www.bellunopress.it\\\/2021\\\/02\\\/21\\\/ripartizione-fondi-alle-ulss-venete-lorenzoni-sbagliato-escludere-il-bellunese-massaro-ha-tutte-le-ragioni-del-mondo\\\/\"]}]},{\"@type\":\"ImageObject\",\"inLanguage\":\"fr-FR\",\"@id\":\"https:\\\/\\\/www.bellunopress.it\\\/2021\\\/02\\\/21\\\/ripartizione-fondi-alle-ulss-venete-lorenzoni-sbagliato-escludere-il-bellunese-massaro-ha-tutte-le-ragioni-del-mondo\\\/#primaryimage\",\"url\":\"https:\\\/\\\/www.bellunopress.it\\\/wp-content\\\/uploads\\\/2020\\\/06\\\/Arturo-Lorenzoni_edited.jpg\",\"contentUrl\":\"https:\\\/\\\/www.bellunopress.it\\\/wp-content\\\/uploads\\\/2020\\\/06\\\/Arturo-Lorenzoni_edited.jpg\",\"width\":250,\"height\":350,\"caption\":\"Arturo Lorenzoni, professore di Economia dell'Energia all'Universit\u00e0 di Padova, consigliere regionale\"},{\"@type\":\"BreadcrumbList\",\"@id\":\"https:\\\/\\\/www.bellunopress.it\\\/2021\\\/02\\\/21\\\/ripartizione-fondi-alle-ulss-venete-lorenzoni-sbagliato-escludere-il-bellunese-massaro-ha-tutte-le-ragioni-del-mondo\\\/#breadcrumb\",\"itemListElement\":[{\"@type\":\"ListItem\",\"position\":1,\"name\":\"Home\",\"item\":\"https:\\\/\\\/www.bellunopress.it\\\/\"},{\"@type\":\"ListItem\",\"position\":2,\"name\":\"Ripartizione fondi alle Ulss venete. Lorenzoni: &#8220;Sbagliato escludere il Bellunese. Massaro ha tutte le ragioni del mondo&#8221;\"}]},{\"@type\":\"WebSite\",\"@id\":\"https:\\\/\\\/www.bellunopress.it\\\/#website\",\"url\":\"https:\\\/\\\/www.bellunopress.it\\\/\",\"name\":\"Bellunopress - Dolomiti\",\"description\":\"e-mail: redazione@bellunopress.it\",\"publisher\":{\"@id\":\"https:\\\/\\\/www.bellunopress.it\\\/#organization\"},\"potentialAction\":[{\"@type\":\"SearchAction\",\"target\":{\"@type\":\"EntryPoint\",\"urlTemplate\":\"https:\\\/\\\/www.bellunopress.it\\\/?s={search_term_string}\"},\"query-input\":{\"@type\":\"PropertyValueSpecification\",\"valueRequired\":true,\"valueName\":\"search_term_string\"}}],\"inLanguage\":\"fr-FR\"},{\"@type\":\"Organization\",\"@id\":\"https:\\\/\\\/www.bellunopress.it\\\/#organization\",\"name\":\"Bellunopress\",\"url\":\"https:\\\/\\\/www.bellunopress.it\\\/\",\"logo\":{\"@type\":\"ImageObject\",\"inLanguage\":\"fr-FR\",\"@id\":\"https:\\\/\\\/www.bellunopress.it\\\/#\\\/schema\\\/logo\\\/image\\\/\",\"url\":\"https:\\\/\\\/www.bellunopress.it\\\/wp-content\\\/uploads\\\/2011\\\/05\\\/cropped-logo-bellunopress-.jpg\",\"contentUrl\":\"https:\\\/\\\/www.bellunopress.it\\\/wp-content\\\/uploads\\\/2011\\\/05\\\/cropped-logo-bellunopress-.jpg\",\"width\":512,\"height\":512,\"caption\":\"Bellunopress\"},\"image\":{\"@id\":\"https:\\\/\\\/www.bellunopress.it\\\/#\\\/schema\\\/logo\\\/image\\\/\"},\"sameAs\":[\"https:\\\/\\\/www.facebook.com\\\/profile.php?id=100008943462799\",\"https:\\\/\\\/x.com\\\/bellunopress\",\"https:\\\/\\\/www.linkedin.com\\\/hp\\\/?dnr=JBzUWaJfMUw8vbXJJ2tVW5-I3jZKvC4wsoxE&amp;amp;amp;amp;amp;amp;trk=nav_responsive_tab_home\",\"https:\\\/\\\/www.youtube.com\\\/channel\\\/UCxL0wu1uN0_3_7hGG0306cw\"]},{\"@type\":\"Person\",\"@id\":\"https:\\\/\\\/www.bellunopress.it\\\/#\\\/schema\\\/person\\\/79bb06722b37ece1c03d3e94beb30d73\",\"name\":\"redazione\",\"image\":{\"@type\":\"ImageObject\",\"inLanguage\":\"fr-FR\",\"@id\":\"https:\\\/\\\/secure.gravatar.com\\\/avatar\\\/37d968a2e67a6fd04c169c4bdef102d0bc5d31b2546345219e348575eb80e9a0?s=96&d=mm&r=g\",\"url\":\"https:\\\/\\\/secure.gravatar.com\\\/avatar\\\/37d968a2e67a6fd04c169c4bdef102d0bc5d31b2546345219e348575eb80e9a0?s=96&d=mm&r=g\",\"contentUrl\":\"https:\\\/\\\/secure.gravatar.com\\\/avatar\\\/37d968a2e67a6fd04c169c4bdef102d0bc5d31b2546345219e348575eb80e9a0?s=96&d=mm&r=g\",\"caption\":\"redazione\"},\"sameAs\":[\"http:\\\/\\\/www.bellunopress.it\",\"https:\\\/\\\/x.com\\\/bellunopress\"],\"url\":\"https:\\\/\\\/www.bellunopress.it\\\/fr\\\/author\\\/redazione\\\/\"}]}<\/script>\n<!-- \/ Yoast SEO plugin. -->","yoast_head_json":{"title":"Ripartizione fondi alle Ulss venete. Lorenzoni: \"Sbagliato escludere il Bellunese. Massaro ha tutte le ragioni del mondo\" - Bellunopress - Dolomiti","robots":{"index":"index","follow":"follow","max-snippet":"max-snippet:-1","max-image-preview":"max-image-preview:large","max-video-preview":"max-video-preview:-1"},"canonical":"https:\/\/www.bellunopress.it\/fr\/2021\/02\/21\/ripartizione-fondi-alle-ulss-venete-lorenzoni-sbagliato-escludere-il-bellunese-massaro-ha-tutte-le-ragioni-del-mondo\/","og_locale":"fr_FR","og_type":"article","og_title":"Ripartizione fondi alle Ulss venete. Lorenzoni: \"Sbagliato escludere il Bellunese. Massaro ha tutte le ragioni del mondo\" - Bellunopress - Dolomiti","og_description":"\u201cChe l\u2019Ulss 1 Dolomiti sia stata esclusa dal fondo di 52 milioni di euro stanziato dalla Regione per interventi nel settore sanit\u00e0 \u00e8 di una gravit\u00e0 inaudita\u201d. Cos\u00ec il portavoce delle opposizioni in consiglio regionale, Arturo Lorenzoni, sulla segnalazione del sindaco di Belluno, Jacopo Massaro, in merito alla mancata ripartizione di risorse ad hoc sul [&hellip;]","og_url":"https:\/\/www.bellunopress.it\/fr\/2021\/02\/21\/ripartizione-fondi-alle-ulss-venete-lorenzoni-sbagliato-escludere-il-bellunese-massaro-ha-tutte-le-ragioni-del-mondo\/","og_site_name":"Bellunopress - Dolomiti","article_publisher":"https:\/\/www.facebook.com\/profile.php?id=100008943462799","article_published_time":"2021-02-21T12:01:08+00:00","og_image":[{"width":250,"height":350,"url":"https:\/\/www.bellunopress.it\/wp-content\/uploads\/2020\/06\/Arturo-Lorenzoni_edited.jpg","type":"image\/jpeg"}],"author":"redazione","twitter_card":"summary_large_image","twitter_creator":"@bellunopress","twitter_site":"@bellunopress","twitter_misc":{"\u00c9crit par":"redazione","Dur\u00e9e de lecture estim\u00e9e":"2 minutes"},"schema":{"@context":"https:\/\/schema.org","@graph":[{"@type":"Article","@id":"https:\/\/www.bellunopress.it\/2021\/02\/21\/ripartizione-fondi-alle-ulss-venete-lorenzoni-sbagliato-escludere-il-bellunese-massaro-ha-tutte-le-ragioni-del-mondo\/#article","isPartOf":{"@id":"https:\/\/www.bellunopress.it\/2021\/02\/21\/ripartizione-fondi-alle-ulss-venete-lorenzoni-sbagliato-escludere-il-bellunese-massaro-ha-tutte-le-ragioni-del-mondo\/"},"author":{"name":"redazione","@id":"https:\/\/www.bellunopress.it\/#\/schema\/person\/79bb06722b37ece1c03d3e94beb30d73"},"headline":"Ripartizione fondi alle Ulss venete. Lorenzoni: &#8220;Sbagliato escludere il Bellunese. Massaro ha tutte le ragioni del mondo&#8221;","datePublished":"2021-02-21T12:01:08+00:00","mainEntityOfPage":{"@id":"https:\/\/www.bellunopress.it\/2021\/02\/21\/ripartizione-fondi-alle-ulss-venete-lorenzoni-sbagliato-escludere-il-bellunese-massaro-ha-tutte-le-ragioni-del-mondo\/"},"wordCount":278,"publisher":{"@id":"https:\/\/www.bellunopress.it\/#organization"},"image":{"@id":"https:\/\/www.bellunopress.it\/2021\/02\/21\/ripartizione-fondi-alle-ulss-venete-lorenzoni-sbagliato-escludere-il-bellunese-massaro-ha-tutte-le-ragioni-del-mondo\/#primaryimage"},"thumbnailUrl":"https:\/\/www.bellunopress.it\/wp-content\/uploads\/2020\/06\/Arturo-Lorenzoni_edited.jpg","articleSection":["Cronaca\/Politica","Prima Pagina","Sanit\u00e0 Medicina"],"inLanguage":"fr-FR"},{"@type":"WebPage","@id":"https:\/\/www.bellunopress.it\/2021\/02\/21\/ripartizione-fondi-alle-ulss-venete-lorenzoni-sbagliato-escludere-il-bellunese-massaro-ha-tutte-le-ragioni-del-mondo\/","url":"https:\/\/www.bellunopress.it\/2021\/02\/21\/ripartizione-fondi-alle-ulss-venete-lorenzoni-sbagliato-escludere-il-bellunese-massaro-ha-tutte-le-ragioni-del-mondo\/","name":"Ripartizione fondi alle Ulss venete. Lorenzoni: \"Sbagliato escludere il Bellunese. Massaro ha tutte le ragioni del mondo\" - Bellunopress - Dolomiti","isPartOf":{"@id":"https:\/\/www.bellunopress.it\/#website"},"primaryImageOfPage":{"@id":"https:\/\/www.bellunopress.it\/2021\/02\/21\/ripartizione-fondi-alle-ulss-venete-lorenzoni-sbagliato-escludere-il-bellunese-massaro-ha-tutte-le-ragioni-del-mondo\/#primaryimage"},"image":{"@id":"https:\/\/www.bellunopress.it\/2021\/02\/21\/ripartizione-fondi-alle-ulss-venete-lorenzoni-sbagliato-escludere-il-bellunese-massaro-ha-tutte-le-ragioni-del-mondo\/#primaryimage"},"thumbnailUrl":"https:\/\/www.bellunopress.it\/wp-content\/uploads\/2020\/06\/Arturo-Lorenzoni_edited.jpg","datePublished":"2021-02-21T12:01:08+00:00","breadcrumb":{"@id":"https:\/\/www.bellunopress.it\/2021\/02\/21\/ripartizione-fondi-alle-ulss-venete-lorenzoni-sbagliato-escludere-il-bellunese-massaro-ha-tutte-le-ragioni-del-mondo\/#breadcrumb"},"inLanguage":"fr-FR","potentialAction":[{"@type":"ReadAction","target":["https:\/\/www.bellunopress.it\/2021\/02\/21\/ripartizione-fondi-alle-ulss-venete-lorenzoni-sbagliato-escludere-il-bellunese-massaro-ha-tutte-le-ragioni-del-mondo\/"]}]},{"@type":"ImageObject","inLanguage":"fr-FR","@id":"https:\/\/www.bellunopress.it\/2021\/02\/21\/ripartizione-fondi-alle-ulss-venete-lorenzoni-sbagliato-escludere-il-bellunese-massaro-ha-tutte-le-ragioni-del-mondo\/#primaryimage","url":"https:\/\/www.bellunopress.it\/wp-content\/uploads\/2020\/06\/Arturo-Lorenzoni_edited.jpg","contentUrl":"https:\/\/www.bellunopress.it\/wp-content\/uploads\/2020\/06\/Arturo-Lorenzoni_edited.jpg","width":250,"height":350,"caption":"Arturo Lorenzoni, professore di Economia dell'Energia all'Universit\u00e0 di Padova, consigliere regionale"},{"@type":"BreadcrumbList","@id":"https:\/\/www.bellunopress.it\/2021\/02\/21\/ripartizione-fondi-alle-ulss-venete-lorenzoni-sbagliato-escludere-il-bellunese-massaro-ha-tutte-le-ragioni-del-mondo\/#breadcrumb","itemListElement":[{"@type":"ListItem","position":1,"name":"Home","item":"https:\/\/www.bellunopress.it\/"},{"@type":"ListItem","position":2,"name":"Ripartizione fondi alle Ulss venete. Lorenzoni: &#8220;Sbagliato escludere il Bellunese. Massaro ha tutte le ragioni del mondo&#8221;"}]},{"@type":"WebSite","@id":"https:\/\/www.bellunopress.it\/#website","url":"https:\/\/www.bellunopress.it\/","name":"Bellunopress - Dolomiti","description":"e-mail: redazione@bellunopress.it","publisher":{"@id":"https:\/\/www.bellunopress.it\/#organization"},"potentialAction":[{"@type":"SearchAction","target":{"@type":"EntryPoint","urlTemplate":"https:\/\/www.bellunopress.it\/?s={search_term_string}"},"query-input":{"@type":"PropertyValueSpecification","valueRequired":true,"valueName":"search_term_string"}}],"inLanguage":"fr-FR"},{"@type":"Organization","@id":"https:\/\/www.bellunopress.it\/#organization","name":"Bellunopress","url":"https:\/\/www.bellunopress.it\/","logo":{"@type":"ImageObject","inLanguage":"fr-FR","@id":"https:\/\/www.bellunopress.it\/#\/schema\/logo\/image\/","url":"https:\/\/www.bellunopress.it\/wp-content\/uploads\/2011\/05\/cropped-logo-bellunopress-.jpg","contentUrl":"https:\/\/www.bellunopress.it\/wp-content\/uploads\/2011\/05\/cropped-logo-bellunopress-.jpg","width":512,"height":512,"caption":"Bellunopress"},"image":{"@id":"https:\/\/www.bellunopress.it\/#\/schema\/logo\/image\/"},"sameAs":["https:\/\/www.facebook.com\/profile.php?id=100008943462799","https:\/\/x.com\/bellunopress","https:\/\/www.linkedin.com\/hp\/?dnr=JBzUWaJfMUw8vbXJJ2tVW5-I3jZKvC4wsoxE&amp;amp;amp;amp;amp;amp;trk=nav_responsive_tab_home","https:\/\/www.youtube.com\/channel\/UCxL0wu1uN0_3_7hGG0306cw"]},{"@type":"Person","@id":"https:\/\/www.bellunopress.it\/#\/schema\/person\/79bb06722b37ece1c03d3e94beb30d73","name":"r\u00e9daction","image":{"@type":"ImageObject","inLanguage":"fr-FR","@id":"https:\/\/secure.gravatar.com\/avatar\/37d968a2e67a6fd04c169c4bdef102d0bc5d31b2546345219e348575eb80e9a0?s=96&d=mm&r=g","url":"https:\/\/secure.gravatar.com\/avatar\/37d968a2e67a6fd04c169c4bdef102d0bc5d31b2546345219e348575eb80e9a0?s=96&d=mm&r=g","contentUrl":"https:\/\/secure.gravatar.com\/avatar\/37d968a2e67a6fd04c169c4bdef102d0bc5d31b2546345219e348575eb80e9a0?s=96&d=mm&r=g","caption":"redazione"},"sameAs":["http:\/\/www.bellunopress.it","https:\/\/x.com\/bellunopress"],"url":"https:\/\/www.bellunopress.it\/fr\/author\/redazione\/"}]}},"_links":{"self":[{"href":"https:\/\/www.bellunopress.it\/fr\/wp-json\/wp\/v2\/posts\/121918","targetHints":{"allow":["GET"]}}],"collection":[{"href":"https:\/\/www.bellunopress.it\/fr\/wp-json\/wp\/v2\/posts"}],"about":[{"href":"https:\/\/www.bellunopress.it\/fr\/wp-json\/wp\/v2\/types\/post"}],"author":[{"embeddable":true,"href":"https:\/\/www.bellunopress.it\/fr\/wp-json\/wp\/v2\/users\/2"}],"replies":[{"embeddable":true,"href":"https:\/\/www.bellunopress.it\/fr\/wp-json\/wp\/v2\/comments?post=121918"}],"version-history":[{"count":1,"href":"https:\/\/www.bellunopress.it\/fr\/wp-json\/wp\/v2\/posts\/121918\/revisions"}],"predecessor-version":[{"id":121919,"href":"https:\/\/www.bellunopress.it\/fr\/wp-json\/wp\/v2\/posts\/121918\/revisions\/121919"}],"wp:featuredmedia":[{"embeddable":true,"href":"https:\/\/www.bellunopress.it\/fr\/wp-json\/wp\/v2\/media\/114918"}],"wp:attachment":[{"href":"https:\/\/www.bellunopress.it\/fr\/wp-json\/wp\/v2\/media?parent=121918"}],"wp:term":[{"taxonomy":"category","embeddable":true,"href":"https:\/\/www.bellunopress.it\/fr\/wp-json\/wp\/v2\/categories?post=121918"},{"taxonomy":"post_tag","embeddable":true,"href":"https:\/\/www.bellunopress.it\/fr\/wp-json\/wp\/v2\/tags?post=121918"}],"curies":[{"name":"wp","href":"https:\/\/api.w.org\/{rel}","templated":true}]}}