{"id":121867,"date":"2021-02-19T13:31:33","date_gmt":"2021-02-19T12:31:33","guid":{"rendered":"http:\/\/www.bellunopress.it\/?p=121867"},"modified":"2021-02-19T13:31:33","modified_gmt":"2021-02-19T12:31:33","slug":"dimenticata-la-sanita-bellunese-zero-euro-allulss-1-dolomiti-dei-52-milioni-stanziati","status":"publish","type":"post","link":"https:\/\/www.bellunopress.it\/fr\/2021\/02\/19\/dimenticata-la-sanita-bellunese-zero-euro-allulss-1-dolomiti-dei-52-milioni-stanziati\/","title":{"rendered":"Dimenticata la sanit\u00e0 bellunese: zero euro all&#8217;Ulss 1 Dolomiti dei 52 milioni stanziati"},"content":{"rendered":"<p><a href=\"http:\/\/www.bellunopress.it\/fr\/2020\/03\/08\/coronavirus-le-nuove-disposizioni-da-domenica-8-marzo-2020\/jacopo-massaro-13\/\" rel=\"attachment wp-att-112792\"><img loading=\"lazy\" decoding=\"async\" class=\"alignleft size-full wp-image-112792\" src=\"http:\/\/www.bellunopress.it\/wp-content\/uploads\/2020\/03\/Jacopo-Massaro.jpg\" alt=\"\" width=\"591\" height=\"381\" srcset=\"https:\/\/www.bellunopress.it\/wp-content\/uploads\/2020\/03\/Jacopo-Massaro.jpg 591w, https:\/\/www.bellunopress.it\/wp-content\/uploads\/2020\/03\/Jacopo-Massaro-500x322.jpg 500w\" sizes=\"auto, (max-width: 591px) 100vw, 591px\" \/><\/a>52 milioni di euro per l\u2019acquisto di dotazioni tecnologiche, servizi e ristrutturazioni delle aziende sanitarie e ospedaliere della Regione Veneto: questa la cifra messa sul piatto dall&#8217;amministrazione regionale per un piano di interventi su quasi tutto il territorio regionale, ad esclusione dell&#8217;Ulss 6 Euganea (anche se sono previsti oltre 3,5 milioni di euro per l&#8217;Azienda Ospedaliera Universitaria di Padova) e della Ulss 1 Dolomiti.<\/p>\n<p>\u00abAncora una volta la sanit\u00e0 bellunese viene dimenticata, e mai come in questo momento drammatico questo assume significati ancora pi\u00f9 importanti. &#8211; denuncia il sindaco di Belluno, Jacopo Massaro \u2013 Ora scatter\u00e0 il tradizionale scaricabarile, ma \u00e8 evidente che non \u00e8 accettabile essere l&#8217;unica provincia a non vedere investimenti per l&#8217;innovazione delle sue strutture sanitarie\u00bb.<\/p>\n<p>La Giunta Regionale del Veneto ha infatti approvato nei giorni scorsi la delibera che d\u00e0 il via all&#8217;operazione, delibera che prende atto dei pareri favorevoli alla congruit\u00e0 delle spese espressi dalla CRITE &#8211; Commissione regionale per gli investimenti tecnologici e in edilizia sociosanitaria, valutando ed approvando una serie di progetti presentati dalle aziende Ulss e ospedaliere: \u00abBisogna fare chiarezza, ma c&#8217;\u00e8 una sola certezza: a Belluno non arriva un euro. Il fatto sotto gli occhi di tutti \u00e8 che nel momento della pi\u00f9 grande emergenza sanitaria dell&#8217;ultimo secolo nel nostro territorio, gi\u00e0 in difficolt\u00e0 per le sue caratteristiche orografiche e per le infrastrutture di collegamento, con questa manovra non arrivano investimenti nel settore sanit\u00e0\u00bb.<\/p>\n<p>Fin da quando, pochi giorni fa, \u00e8 stato ufficializzato il piano degli interventi, la maggioranza di Palazzo Rosso si \u00e8 confrontata e attivata per fare luce sulla questione; Massaro \u00e8 perplesso anche in merito alle \u201cgiustificazioni\u201d arrivate via social da un esponente bellunese a Venezia: \u00abMi meraviglio che per un rappresentante del Bellunese, per di pi\u00f9 di quelle terre alte cos\u00ec delicate sotto tanti profili, bastino come giustificazione gli interventi gi\u00e0 finanziati, come l&#8217;adeguamento sismico e antincendio dell&#8217;Ospedale San Martino, la piastra chirurgica di Feltre o altre opere ad Agordo e Pieve di Cadore.<\/p>\n<p>Da non dimenticare poi come ad esempio nel caso di Belluno i fondi fossero statali, mentre per Feltre la met\u00e0 arrivava dalla Regione, mentre il resto dall&#8217;Ulss 1, dai Fondi dei Comuni Confinanti e da Fondazione Cariverona.<\/p>\n<p>Il passato non pu\u00f2 essere sufficiente a giustificare la mancanza di oggi: d&#8217;altra parte, anche gli interventi citati sono arrivati solo dopo anni e anni di assenza di investimenti. &#8211; conclude Massaro . La pandemia ci ha mostrato come rimanere fermi, quando si parla di sanit\u00e0 pubblica, non sia un atteggiamento accettabile; credo che tutti i bellunesi si stiano chiedendo il perch\u00e9 di questa situazione e tutti noi confidiamo che vi si possa porre rimedio il prima possibile\u00bb.<\/p>","protected":false},"excerpt":{"rendered":"<p>52 milioni di euro per l\u2019acquisto di dotazioni tecnologiche, servizi e ristrutturazioni delle aziende sanitarie e ospedaliere della Regione Veneto: questa la cifra messa sul piatto dall&#8217;amministrazione regionale per un piano di interventi su quasi tutto il territorio regionale, ad esclusione dell&#8217;Ulss 6 Euganea (anche se sono previsti oltre 3,5 milioni di euro per l&#8217;Azienda [&hellip;]<\/p>\n","protected":false},"author":2,"featured_media":112792,"comment_status":"closed","ping_status":"open","sticky":false,"template":"","format":"standard","meta":{"footnotes":""},"categories":[5,17],"tags":[],"class_list":["post-121867","post","type-post","status-publish","format-standard","has-post-thumbnail","category-cronaca","category-sanita"],"yoast_head":"<!-- This site is optimized with the Yoast SEO plugin v28.4 - https:\/\/yoast.com\/product\/yoast-seo-wordpress\/ -->\n<title>Dimenticata la sanit\u00e0 bellunese: zero euro all&#039;Ulss 1 Dolomiti dei 52 milioni stanziati - Bellunopress - Dolomiti<\/title>\n<meta name=\"robots\" content=\"index, follow, max-snippet:-1, max-image-preview:large, max-video-preview:-1\" \/>\n<link rel=\"canonical\" href=\"https:\/\/www.bellunopress.it\/fr\/2021\/02\/19\/dimenticata-la-sanita-bellunese-zero-euro-allulss-1-dolomiti-dei-52-milioni-stanziati\/\" \/>\n<meta property=\"og:locale\" content=\"fr_FR\" \/>\n<meta property=\"og:type\" content=\"article\" \/>\n<meta property=\"og:title\" content=\"Dimenticata la sanit\u00e0 bellunese: zero euro all&#039;Ulss 1 Dolomiti dei 52 milioni stanziati - Bellunopress - Dolomiti\" \/>\n<meta property=\"og:description\" content=\"52 milioni di euro per l\u2019acquisto di dotazioni tecnologiche, servizi e ristrutturazioni delle aziende sanitarie e ospedaliere della Regione Veneto: questa la cifra messa sul piatto dall&#8217;amministrazione regionale per un piano di interventi su quasi tutto il territorio regionale, ad esclusione dell&#8217;Ulss 6 Euganea (anche se sono previsti oltre 3,5 milioni di euro per l&#8217;Azienda [&hellip;]\" \/>\n<meta property=\"og:url\" content=\"https:\/\/www.bellunopress.it\/fr\/2021\/02\/19\/dimenticata-la-sanita-bellunese-zero-euro-allulss-1-dolomiti-dei-52-milioni-stanziati\/\" \/>\n<meta property=\"og:site_name\" content=\"Bellunopress - Dolomiti\" \/>\n<meta property=\"article:publisher\" content=\"https:\/\/www.facebook.com\/profile.php?id=100008943462799\" \/>\n<meta property=\"article:published_time\" content=\"2021-02-19T12:31:33+00:00\" \/>\n<meta property=\"og:image\" content=\"https:\/\/www.bellunopress.it\/wp-content\/uploads\/2020\/03\/Jacopo-Massaro.jpg\" \/>\n\t<meta property=\"og:image:width\" content=\"591\" \/>\n\t<meta property=\"og:image:height\" content=\"381\" \/>\n\t<meta property=\"og:image:type\" content=\"image\/jpeg\" \/>\n<meta name=\"author\" content=\"redazione\" \/>\n<meta name=\"twitter:card\" content=\"summary_large_image\" \/>\n<meta name=\"twitter:creator\" content=\"@bellunopress\" \/>\n<meta name=\"twitter:site\" content=\"@bellunopress\" \/>\n<meta name=\"twitter:label1\" content=\"\u00c9crit par\" \/>\n\t<meta name=\"twitter:data1\" content=\"redazione\" \/>\n\t<meta name=\"twitter:label2\" content=\"Dur\u00e9e de lecture estim\u00e9e\" \/>\n\t<meta name=\"twitter:data2\" content=\"2 minutes\" \/>\n<script type=\"application\/ld+json\" class=\"yoast-schema-graph\">{\"@context\":\"https:\\\/\\\/schema.org\",\"@graph\":[{\"@type\":\"Article\",\"@id\":\"https:\\\/\\\/www.bellunopress.it\\\/2021\\\/02\\\/19\\\/dimenticata-la-sanita-bellunese-zero-euro-allulss-1-dolomiti-dei-52-milioni-stanziati\\\/#article\",\"isPartOf\":{\"@id\":\"https:\\\/\\\/www.bellunopress.it\\\/2021\\\/02\\\/19\\\/dimenticata-la-sanita-bellunese-zero-euro-allulss-1-dolomiti-dei-52-milioni-stanziati\\\/\"},\"author\":{\"name\":\"redazione\",\"@id\":\"https:\\\/\\\/www.bellunopress.it\\\/#\\\/schema\\\/person\\\/79bb06722b37ece1c03d3e94beb30d73\"},\"headline\":\"Dimenticata la sanit\u00e0 bellunese: zero euro all&#8217;Ulss 1 Dolomiti dei 52 milioni stanziati\",\"datePublished\":\"2021-02-19T12:31:33+00:00\",\"mainEntityOfPage\":{\"@id\":\"https:\\\/\\\/www.bellunopress.it\\\/2021\\\/02\\\/19\\\/dimenticata-la-sanita-bellunese-zero-euro-allulss-1-dolomiti-dei-52-milioni-stanziati\\\/\"},\"wordCount\":453,\"publisher\":{\"@id\":\"https:\\\/\\\/www.bellunopress.it\\\/#organization\"},\"image\":{\"@id\":\"https:\\\/\\\/www.bellunopress.it\\\/2021\\\/02\\\/19\\\/dimenticata-la-sanita-bellunese-zero-euro-allulss-1-dolomiti-dei-52-milioni-stanziati\\\/#primaryimage\"},\"thumbnailUrl\":\"https:\\\/\\\/www.bellunopress.it\\\/wp-content\\\/uploads\\\/2020\\\/03\\\/Jacopo-Massaro.jpg\",\"articleSection\":[\"Cronaca\\\/Politica\",\"Sanit\u00e0 Medicina\"],\"inLanguage\":\"fr-FR\"},{\"@type\":\"WebPage\",\"@id\":\"https:\\\/\\\/www.bellunopress.it\\\/2021\\\/02\\\/19\\\/dimenticata-la-sanita-bellunese-zero-euro-allulss-1-dolomiti-dei-52-milioni-stanziati\\\/\",\"url\":\"https:\\\/\\\/www.bellunopress.it\\\/2021\\\/02\\\/19\\\/dimenticata-la-sanita-bellunese-zero-euro-allulss-1-dolomiti-dei-52-milioni-stanziati\\\/\",\"name\":\"Dimenticata la sanit\u00e0 bellunese: zero euro all'Ulss 1 Dolomiti dei 52 milioni stanziati - Bellunopress - Dolomiti\",\"isPartOf\":{\"@id\":\"https:\\\/\\\/www.bellunopress.it\\\/#website\"},\"primaryImageOfPage\":{\"@id\":\"https:\\\/\\\/www.bellunopress.it\\\/2021\\\/02\\\/19\\\/dimenticata-la-sanita-bellunese-zero-euro-allulss-1-dolomiti-dei-52-milioni-stanziati\\\/#primaryimage\"},\"image\":{\"@id\":\"https:\\\/\\\/www.bellunopress.it\\\/2021\\\/02\\\/19\\\/dimenticata-la-sanita-bellunese-zero-euro-allulss-1-dolomiti-dei-52-milioni-stanziati\\\/#primaryimage\"},\"thumbnailUrl\":\"https:\\\/\\\/www.bellunopress.it\\\/wp-content\\\/uploads\\\/2020\\\/03\\\/Jacopo-Massaro.jpg\",\"datePublished\":\"2021-02-19T12:31:33+00:00\",\"breadcrumb\":{\"@id\":\"https:\\\/\\\/www.bellunopress.it\\\/2021\\\/02\\\/19\\\/dimenticata-la-sanita-bellunese-zero-euro-allulss-1-dolomiti-dei-52-milioni-stanziati\\\/#breadcrumb\"},\"inLanguage\":\"fr-FR\",\"potentialAction\":[{\"@type\":\"ReadAction\",\"target\":[\"https:\\\/\\\/www.bellunopress.it\\\/2021\\\/02\\\/19\\\/dimenticata-la-sanita-bellunese-zero-euro-allulss-1-dolomiti-dei-52-milioni-stanziati\\\/\"]}]},{\"@type\":\"ImageObject\",\"inLanguage\":\"fr-FR\",\"@id\":\"https:\\\/\\\/www.bellunopress.it\\\/2021\\\/02\\\/19\\\/dimenticata-la-sanita-bellunese-zero-euro-allulss-1-dolomiti-dei-52-milioni-stanziati\\\/#primaryimage\",\"url\":\"https:\\\/\\\/www.bellunopress.it\\\/wp-content\\\/uploads\\\/2020\\\/03\\\/Jacopo-Massaro.jpg\",\"contentUrl\":\"https:\\\/\\\/www.bellunopress.it\\\/wp-content\\\/uploads\\\/2020\\\/03\\\/Jacopo-Massaro.jpg\",\"width\":591,\"height\":381},{\"@type\":\"BreadcrumbList\",\"@id\":\"https:\\\/\\\/www.bellunopress.it\\\/2021\\\/02\\\/19\\\/dimenticata-la-sanita-bellunese-zero-euro-allulss-1-dolomiti-dei-52-milioni-stanziati\\\/#breadcrumb\",\"itemListElement\":[{\"@type\":\"ListItem\",\"position\":1,\"name\":\"Home\",\"item\":\"https:\\\/\\\/www.bellunopress.it\\\/\"},{\"@type\":\"ListItem\",\"position\":2,\"name\":\"Dimenticata la sanit\u00e0 bellunese: zero euro all&#8217;Ulss 1 Dolomiti dei 52 milioni stanziati\"}]},{\"@type\":\"WebSite\",\"@id\":\"https:\\\/\\\/www.bellunopress.it\\\/#website\",\"url\":\"https:\\\/\\\/www.bellunopress.it\\\/\",\"name\":\"Bellunopress - Dolomiti\",\"description\":\"e-mail: redazione@bellunopress.it\",\"publisher\":{\"@id\":\"https:\\\/\\\/www.bellunopress.it\\\/#organization\"},\"potentialAction\":[{\"@type\":\"SearchAction\",\"target\":{\"@type\":\"EntryPoint\",\"urlTemplate\":\"https:\\\/\\\/www.bellunopress.it\\\/?s={search_term_string}\"},\"query-input\":{\"@type\":\"PropertyValueSpecification\",\"valueRequired\":true,\"valueName\":\"search_term_string\"}}],\"inLanguage\":\"fr-FR\"},{\"@type\":\"Organization\",\"@id\":\"https:\\\/\\\/www.bellunopress.it\\\/#organization\",\"name\":\"Bellunopress\",\"url\":\"https:\\\/\\\/www.bellunopress.it\\\/\",\"logo\":{\"@type\":\"ImageObject\",\"inLanguage\":\"fr-FR\",\"@id\":\"https:\\\/\\\/www.bellunopress.it\\\/#\\\/schema\\\/logo\\\/image\\\/\",\"url\":\"https:\\\/\\\/www.bellunopress.it\\\/wp-content\\\/uploads\\\/2011\\\/05\\\/cropped-logo-bellunopress-.jpg\",\"contentUrl\":\"https:\\\/\\\/www.bellunopress.it\\\/wp-content\\\/uploads\\\/2011\\\/05\\\/cropped-logo-bellunopress-.jpg\",\"width\":512,\"height\":512,\"caption\":\"Bellunopress\"},\"image\":{\"@id\":\"https:\\\/\\\/www.bellunopress.it\\\/#\\\/schema\\\/logo\\\/image\\\/\"},\"sameAs\":[\"https:\\\/\\\/www.facebook.com\\\/profile.php?id=100008943462799\",\"https:\\\/\\\/x.com\\\/bellunopress\",\"https:\\\/\\\/www.linkedin.com\\\/hp\\\/?dnr=JBzUWaJfMUw8vbXJJ2tVW5-I3jZKvC4wsoxE&amp;amp;amp;amp;amp;amp;trk=nav_responsive_tab_home\",\"https:\\\/\\\/www.youtube.com\\\/channel\\\/UCxL0wu1uN0_3_7hGG0306cw\"]},{\"@type\":\"Person\",\"@id\":\"https:\\\/\\\/www.bellunopress.it\\\/#\\\/schema\\\/person\\\/79bb06722b37ece1c03d3e94beb30d73\",\"name\":\"redazione\",\"image\":{\"@type\":\"ImageObject\",\"inLanguage\":\"fr-FR\",\"@id\":\"https:\\\/\\\/secure.gravatar.com\\\/avatar\\\/37d968a2e67a6fd04c169c4bdef102d0bc5d31b2546345219e348575eb80e9a0?s=96&d=mm&r=g\",\"url\":\"https:\\\/\\\/secure.gravatar.com\\\/avatar\\\/37d968a2e67a6fd04c169c4bdef102d0bc5d31b2546345219e348575eb80e9a0?s=96&d=mm&r=g\",\"contentUrl\":\"https:\\\/\\\/secure.gravatar.com\\\/avatar\\\/37d968a2e67a6fd04c169c4bdef102d0bc5d31b2546345219e348575eb80e9a0?s=96&d=mm&r=g\",\"caption\":\"redazione\"},\"sameAs\":[\"http:\\\/\\\/www.bellunopress.it\",\"https:\\\/\\\/x.com\\\/bellunopress\"],\"url\":\"https:\\\/\\\/www.bellunopress.it\\\/fr\\\/author\\\/redazione\\\/\"}]}<\/script>\n<!-- \/ Yoast SEO plugin. -->","yoast_head_json":{"title":"Dimenticata la sanit\u00e0 bellunese: zero euro all'Ulss 1 Dolomiti dei 52 milioni stanziati - Bellunopress - Dolomiti","robots":{"index":"index","follow":"follow","max-snippet":"max-snippet:-1","max-image-preview":"max-image-preview:large","max-video-preview":"max-video-preview:-1"},"canonical":"https:\/\/www.bellunopress.it\/fr\/2021\/02\/19\/dimenticata-la-sanita-bellunese-zero-euro-allulss-1-dolomiti-dei-52-milioni-stanziati\/","og_locale":"fr_FR","og_type":"article","og_title":"Dimenticata la sanit\u00e0 bellunese: zero euro all'Ulss 1 Dolomiti dei 52 milioni stanziati - Bellunopress - Dolomiti","og_description":"52 milioni di euro per l\u2019acquisto di dotazioni tecnologiche, servizi e ristrutturazioni delle aziende sanitarie e ospedaliere della Regione Veneto: questa la cifra messa sul piatto dall&#8217;amministrazione regionale per un piano di interventi su quasi tutto il territorio regionale, ad esclusione dell&#8217;Ulss 6 Euganea (anche se sono previsti oltre 3,5 milioni di euro per l&#8217;Azienda [&hellip;]","og_url":"https:\/\/www.bellunopress.it\/fr\/2021\/02\/19\/dimenticata-la-sanita-bellunese-zero-euro-allulss-1-dolomiti-dei-52-milioni-stanziati\/","og_site_name":"Bellunopress - Dolomiti","article_publisher":"https:\/\/www.facebook.com\/profile.php?id=100008943462799","article_published_time":"2021-02-19T12:31:33+00:00","og_image":[{"width":591,"height":381,"url":"https:\/\/www.bellunopress.it\/wp-content\/uploads\/2020\/03\/Jacopo-Massaro.jpg","type":"image\/jpeg"}],"author":"redazione","twitter_card":"summary_large_image","twitter_creator":"@bellunopress","twitter_site":"@bellunopress","twitter_misc":{"\u00c9crit par":"redazione","Dur\u00e9e de lecture estim\u00e9e":"2 minutes"},"schema":{"@context":"https:\/\/schema.org","@graph":[{"@type":"Article","@id":"https:\/\/www.bellunopress.it\/2021\/02\/19\/dimenticata-la-sanita-bellunese-zero-euro-allulss-1-dolomiti-dei-52-milioni-stanziati\/#article","isPartOf":{"@id":"https:\/\/www.bellunopress.it\/2021\/02\/19\/dimenticata-la-sanita-bellunese-zero-euro-allulss-1-dolomiti-dei-52-milioni-stanziati\/"},"author":{"name":"redazione","@id":"https:\/\/www.bellunopress.it\/#\/schema\/person\/79bb06722b37ece1c03d3e94beb30d73"},"headline":"Dimenticata la sanit\u00e0 bellunese: zero euro all&#8217;Ulss 1 Dolomiti dei 52 milioni stanziati","datePublished":"2021-02-19T12:31:33+00:00","mainEntityOfPage":{"@id":"https:\/\/www.bellunopress.it\/2021\/02\/19\/dimenticata-la-sanita-bellunese-zero-euro-allulss-1-dolomiti-dei-52-milioni-stanziati\/"},"wordCount":453,"publisher":{"@id":"https:\/\/www.bellunopress.it\/#organization"},"image":{"@id":"https:\/\/www.bellunopress.it\/2021\/02\/19\/dimenticata-la-sanita-bellunese-zero-euro-allulss-1-dolomiti-dei-52-milioni-stanziati\/#primaryimage"},"thumbnailUrl":"https:\/\/www.bellunopress.it\/wp-content\/uploads\/2020\/03\/Jacopo-Massaro.jpg","articleSection":["Cronaca\/Politica","Sanit\u00e0 Medicina"],"inLanguage":"fr-FR"},{"@type":"WebPage","@id":"https:\/\/www.bellunopress.it\/2021\/02\/19\/dimenticata-la-sanita-bellunese-zero-euro-allulss-1-dolomiti-dei-52-milioni-stanziati\/","url":"https:\/\/www.bellunopress.it\/2021\/02\/19\/dimenticata-la-sanita-bellunese-zero-euro-allulss-1-dolomiti-dei-52-milioni-stanziati\/","name":"Dimenticata la sanit\u00e0 bellunese: zero euro all'Ulss 1 Dolomiti dei 52 milioni stanziati - Bellunopress - Dolomiti","isPartOf":{"@id":"https:\/\/www.bellunopress.it\/#website"},"primaryImageOfPage":{"@id":"https:\/\/www.bellunopress.it\/2021\/02\/19\/dimenticata-la-sanita-bellunese-zero-euro-allulss-1-dolomiti-dei-52-milioni-stanziati\/#primaryimage"},"image":{"@id":"https:\/\/www.bellunopress.it\/2021\/02\/19\/dimenticata-la-sanita-bellunese-zero-euro-allulss-1-dolomiti-dei-52-milioni-stanziati\/#primaryimage"},"thumbnailUrl":"https:\/\/www.bellunopress.it\/wp-content\/uploads\/2020\/03\/Jacopo-Massaro.jpg","datePublished":"2021-02-19T12:31:33+00:00","breadcrumb":{"@id":"https:\/\/www.bellunopress.it\/2021\/02\/19\/dimenticata-la-sanita-bellunese-zero-euro-allulss-1-dolomiti-dei-52-milioni-stanziati\/#breadcrumb"},"inLanguage":"fr-FR","potentialAction":[{"@type":"ReadAction","target":["https:\/\/www.bellunopress.it\/2021\/02\/19\/dimenticata-la-sanita-bellunese-zero-euro-allulss-1-dolomiti-dei-52-milioni-stanziati\/"]}]},{"@type":"ImageObject","inLanguage":"fr-FR","@id":"https:\/\/www.bellunopress.it\/2021\/02\/19\/dimenticata-la-sanita-bellunese-zero-euro-allulss-1-dolomiti-dei-52-milioni-stanziati\/#primaryimage","url":"https:\/\/www.bellunopress.it\/wp-content\/uploads\/2020\/03\/Jacopo-Massaro.jpg","contentUrl":"https:\/\/www.bellunopress.it\/wp-content\/uploads\/2020\/03\/Jacopo-Massaro.jpg","width":591,"height":381},{"@type":"BreadcrumbList","@id":"https:\/\/www.bellunopress.it\/2021\/02\/19\/dimenticata-la-sanita-bellunese-zero-euro-allulss-1-dolomiti-dei-52-milioni-stanziati\/#breadcrumb","itemListElement":[{"@type":"ListItem","position":1,"name":"Home","item":"https:\/\/www.bellunopress.it\/"},{"@type":"ListItem","position":2,"name":"Dimenticata la sanit\u00e0 bellunese: zero euro all&#8217;Ulss 1 Dolomiti dei 52 milioni stanziati"}]},{"@type":"WebSite","@id":"https:\/\/www.bellunopress.it\/#website","url":"https:\/\/www.bellunopress.it\/","name":"Bellunopress - Dolomiti","description":"e-mail: redazione@bellunopress.it","publisher":{"@id":"https:\/\/www.bellunopress.it\/#organization"},"potentialAction":[{"@type":"SearchAction","target":{"@type":"EntryPoint","urlTemplate":"https:\/\/www.bellunopress.it\/?s={search_term_string}"},"query-input":{"@type":"PropertyValueSpecification","valueRequired":true,"valueName":"search_term_string"}}],"inLanguage":"fr-FR"},{"@type":"Organization","@id":"https:\/\/www.bellunopress.it\/#organization","name":"Bellunopress","url":"https:\/\/www.bellunopress.it\/","logo":{"@type":"ImageObject","inLanguage":"fr-FR","@id":"https:\/\/www.bellunopress.it\/#\/schema\/logo\/image\/","url":"https:\/\/www.bellunopress.it\/wp-content\/uploads\/2011\/05\/cropped-logo-bellunopress-.jpg","contentUrl":"https:\/\/www.bellunopress.it\/wp-content\/uploads\/2011\/05\/cropped-logo-bellunopress-.jpg","width":512,"height":512,"caption":"Bellunopress"},"image":{"@id":"https:\/\/www.bellunopress.it\/#\/schema\/logo\/image\/"},"sameAs":["https:\/\/www.facebook.com\/profile.php?id=100008943462799","https:\/\/x.com\/bellunopress","https:\/\/www.linkedin.com\/hp\/?dnr=JBzUWaJfMUw8vbXJJ2tVW5-I3jZKvC4wsoxE&amp;amp;amp;amp;amp;amp;trk=nav_responsive_tab_home","https:\/\/www.youtube.com\/channel\/UCxL0wu1uN0_3_7hGG0306cw"]},{"@type":"Person","@id":"https:\/\/www.bellunopress.it\/#\/schema\/person\/79bb06722b37ece1c03d3e94beb30d73","name":"r\u00e9daction","image":{"@type":"ImageObject","inLanguage":"fr-FR","@id":"https:\/\/secure.gravatar.com\/avatar\/37d968a2e67a6fd04c169c4bdef102d0bc5d31b2546345219e348575eb80e9a0?s=96&d=mm&r=g","url":"https:\/\/secure.gravatar.com\/avatar\/37d968a2e67a6fd04c169c4bdef102d0bc5d31b2546345219e348575eb80e9a0?s=96&d=mm&r=g","contentUrl":"https:\/\/secure.gravatar.com\/avatar\/37d968a2e67a6fd04c169c4bdef102d0bc5d31b2546345219e348575eb80e9a0?s=96&d=mm&r=g","caption":"redazione"},"sameAs":["http:\/\/www.bellunopress.it","https:\/\/x.com\/bellunopress"],"url":"https:\/\/www.bellunopress.it\/fr\/author\/redazione\/"}]}},"_links":{"self":[{"href":"https:\/\/www.bellunopress.it\/fr\/wp-json\/wp\/v2\/posts\/121867","targetHints":{"allow":["GET"]}}],"collection":[{"href":"https:\/\/www.bellunopress.it\/fr\/wp-json\/wp\/v2\/posts"}],"about":[{"href":"https:\/\/www.bellunopress.it\/fr\/wp-json\/wp\/v2\/types\/post"}],"author":[{"embeddable":true,"href":"https:\/\/www.bellunopress.it\/fr\/wp-json\/wp\/v2\/users\/2"}],"replies":[{"embeddable":true,"href":"https:\/\/www.bellunopress.it\/fr\/wp-json\/wp\/v2\/comments?post=121867"}],"version-history":[{"count":1,"href":"https:\/\/www.bellunopress.it\/fr\/wp-json\/wp\/v2\/posts\/121867\/revisions"}],"predecessor-version":[{"id":121868,"href":"https:\/\/www.bellunopress.it\/fr\/wp-json\/wp\/v2\/posts\/121867\/revisions\/121868"}],"wp:featuredmedia":[{"embeddable":true,"href":"https:\/\/www.bellunopress.it\/fr\/wp-json\/wp\/v2\/media\/112792"}],"wp:attachment":[{"href":"https:\/\/www.bellunopress.it\/fr\/wp-json\/wp\/v2\/media?parent=121867"}],"wp:term":[{"taxonomy":"category","embeddable":true,"href":"https:\/\/www.bellunopress.it\/fr\/wp-json\/wp\/v2\/categories?post=121867"},{"taxonomy":"post_tag","embeddable":true,"href":"https:\/\/www.bellunopress.it\/fr\/wp-json\/wp\/v2\/tags?post=121867"}],"curies":[{"name":"wp","href":"https:\/\/api.w.org\/{rel}","templated":true}]}}