{"id":121843,"date":"2021-02-18T14:36:45","date_gmt":"2021-02-18T13:36:45","guid":{"rendered":"http:\/\/www.bellunopress.it\/?p=121843"},"modified":"2021-02-18T14:36:45","modified_gmt":"2021-02-18T13:36:45","slug":"belluno-arriva-la-rete-in-fibra-ultraveloce-di-open-fiber","status":"publish","type":"post","link":"https:\/\/www.bellunopress.it\/fr\/2021\/02\/18\/belluno-arriva-la-rete-in-fibra-ultraveloce-di-open-fiber\/","title":{"rendered":"Belluno, arriva la rete in fibra ultraveloce di Open Fiber"},"content":{"rendered":"<p><a href=\"http:\/\/www.bellunopress.it\/fr\/2021\/02\/18\/belluno-arriva-la-rete-in-fibra-ultraveloce-di-open-fiber\/fibra-ottica-open-fiber_edited\/\" rel=\"attachment wp-att-121844\"><img loading=\"lazy\" decoding=\"async\" class=\"alignleft size-full wp-image-121844\" src=\"http:\/\/www.bellunopress.it\/wp-content\/uploads\/2021\/02\/Fibra-ottica-Open-Fiber_edited.jpg\" alt=\"\" width=\"1000\" height=\"562\" srcset=\"https:\/\/www.bellunopress.it\/wp-content\/uploads\/2021\/02\/Fibra-ottica-Open-Fiber_edited.jpg 1000w, https:\/\/www.bellunopress.it\/wp-content\/uploads\/2021\/02\/Fibra-ottica-Open-Fiber_edited-500x281.jpg 500w, https:\/\/www.bellunopress.it\/wp-content\/uploads\/2021\/02\/Fibra-ottica-Open-Fiber_edited-696x391.jpg 696w, https:\/\/www.bellunopress.it\/wp-content\/uploads\/2021\/02\/Fibra-ottica-Open-Fiber_edited-747x420.jpg 747w\" sizes=\"auto, (max-width: 1000px) 100vw, 1000px\" \/><\/a>Belluno, 18 febbraio 2021- Dal prossimo mese di marzo al via anche a Belluno i cantieri di Open Fiber per la posa di una nuova rete in fibra ottica di circa 160 chilometri: conclusa la fase di progettazione, scatta dunque ufficialmente il piano della societ\u00e0 guidata da Elisabetta Ripa, che ha l\u2019obiettivo di collegare fino a 16mila unit\u00e0 immobiliari della citt\u00e0 alla banda ultra larga entro il 2022.<\/p>\n<p>Open Fiber investe direttamente a Belluno circa 5 milioni di euro per posare un\u2019infrastruttura interamente in fibra ottica in modalit\u00e0 FTTH (Fiber To The Home, fibra fino a casa). La convenzione siglata lo scorso anno da Open Fiber con il comune di Belluno stabilisce anche le modalit\u00e0 di scavo e ripristino per la posa della fibra ottica, come previsto dal decreto ministeriale del 2013. Oltre l\u201980% del piano di sviluppo sar\u00e0 eseguito mediante il riutilizzo di cavidotti e reti sotterranee o aeree gi\u00e0 esistenti, mentre gli scavi saranno effettuati privilegiando modalit\u00e0 innovative e a basso impatto ambientale, come la \u201cmicrotrincea\u201d. Nell\u2019ambito della convenzione, Open Fiber si \u00e8 impegnata a raggiungere con la fibra ultraveloce anche 30 edifici di pubblico interesse: non solo case e condomini, quindi, ma anche scuole, uffici e strutture della Pubblica amministrazione.<\/p>\n<p>Per completare l\u2019opera di infrastrutturazione, le imprese che lavorano per Open Fiber, perfezionati gli interventi su strada, parallelamente all\u2019avanzare del piano nelle vie della citt\u00e0 hanno la necessit\u00e0 di procedere al cablaggio dei condom\u00ecni accedendo ai locali comuni degli stabili (cantine, sottoscala), dove verr\u00e0 posizionato un piccolo apparato che servir\u00e0 per collegare le singole abitazioni che, in futuro, faranno richiesta del servizio. Si tratta di interventi gratuiti, poco invasivi e per i quali non \u00e8 previsto l\u2019accesso alle propriet\u00e0 private. Per questo motivo, i referenti delle squadre operative si metteranno di volta in volta in contatto con gli amministratori di condominio per concordare le modalit\u00e0 di accesso agli edifici.<\/p>\n<p>\u201cSi concretizza cos\u00ec un intervento che serve le nostre famiglie e le nostre imprese con una rete di ultima generazione ad altissima velocit\u00e0 &#8211; sottolinea il Sindaco di Belluno, Jacopo Massaro \u2013. Le connessioni veloci ed affidabili stanno sempre pi\u00f9 diventando indispensabili per il mondo del lavoro e della scuola, oltre che per il tempo libero; lo dimostrano le recenti classifiche sulla qualit\u00e0 della vita, dove la copertura della rete a banda larga diventa un positivo fattore di sviluppo, e lo ha dimostrato purtroppo l&#8217;emergenza sanitaria che stiamo vivendo, che ha di fatto \u201cspostato\u201d sulla rete molti aspetti della nostra vita: le lezioni dei nostri figli, le riunioni di lavoro, le chiamate video con parenti ed amici,&#8230; Un&#8217;infrastruttura simile \u00e8 una grande arma contro lo spopolamento che affligge la montagna: permette di mantenere qui le aziende e i posti di lavoro, e allo stesso tempo di dare servizi anche a quelle famiglie che altrimenti sarebbero costrette a spostarsi a valle\u201d.<\/p>\n<p>\u201cSiamo felici di poter avviare questo importante progetto che render\u00e0 Belluno una vera Smart City \u2013 sottolinea Marco Martucci, Responsabile Network &amp; Operations Area Nord Est Open Fiber -; i lavori sono alle porte, la nostra sar\u00e0 la prima rete FTTH a disposizione di cittadini e imprese del territorio. Smart working, didattica a distanza, telemedicina, streaming online in 4K, sono solo alcuni dei servizi abilitati da questa infrastruttura in virt\u00f9 di una velocit\u00e0 di navigazione molto elevata, di una connessione stabile e una latenza molto bassa che evita ritardi nella trasmissione dei dati. Con questo investimento implementiamo ancora il nostro piano di sviluppo in corso in Veneto che, solo nelle aree nere, vale gi\u00e0 oltre 190 milioni di euro\u201d.<\/p>\n<p>Open Fiber \u00e8 un operatore wholesale only, non si rivolge direttamente ai clienti finali ma mette la propria rete a disposizione di tutti gli operatori interessati: bisogna verificare sul sito openfiber.it la copertura del proprio civico, scegliere il piano tariffario preferito e contattare uno degli operatori disponibili per poi iniziare a navigare ad alta velocit\u00e0.<\/p>\n<p>&nbsp;<\/p>\n<p>&nbsp;<\/p>","protected":false},"excerpt":{"rendered":"<p>Belluno, 18 febbraio 2021- Dal prossimo mese di marzo al via anche a Belluno i cantieri di Open Fiber per la posa di una nuova rete in fibra ottica di circa 160 chilometri: conclusa la fase di progettazione, scatta dunque ufficialmente il piano della societ\u00e0 guidata da Elisabetta Ripa, che ha l\u2019obiettivo di collegare fino [&hellip;]<\/p>\n","protected":false},"author":2,"featured_media":121845,"comment_status":"closed","ping_status":"open","sticky":false,"template":"","format":"standard","meta":{"footnotes":""},"categories":[36],"tags":[],"class_list":["post-121843","post","type-post","status-publish","format-standard","has-post-thumbnail","category-lavoro-economia"],"yoast_head":"<!-- This site is optimized with the Yoast SEO plugin v28.4 - https:\/\/yoast.com\/product\/yoast-seo-wordpress\/ -->\n<title>Belluno, arriva la rete in fibra ultraveloce di Open Fiber - Bellunopress - Dolomiti<\/title>\n<meta name=\"robots\" content=\"index, follow, max-snippet:-1, max-image-preview:large, max-video-preview:-1\" \/>\n<link rel=\"canonical\" href=\"https:\/\/www.bellunopress.it\/fr\/2021\/02\/18\/belluno-arriva-la-rete-in-fibra-ultraveloce-di-open-fiber\/\" \/>\n<meta property=\"og:locale\" content=\"fr_FR\" \/>\n<meta property=\"og:type\" content=\"article\" \/>\n<meta property=\"og:title\" content=\"Belluno, arriva la rete in fibra ultraveloce di Open Fiber - Bellunopress - Dolomiti\" \/>\n<meta property=\"og:description\" content=\"Belluno, 18 febbraio 2021- Dal prossimo mese di marzo al via anche a Belluno i cantieri di Open Fiber per la posa di una nuova rete in fibra ottica di circa 160 chilometri: conclusa la fase di progettazione, scatta dunque ufficialmente il piano della societ\u00e0 guidata da Elisabetta Ripa, che ha l\u2019obiettivo di collegare fino [&hellip;]\" \/>\n<meta property=\"og:url\" content=\"https:\/\/www.bellunopress.it\/fr\/2021\/02\/18\/belluno-arriva-la-rete-in-fibra-ultraveloce-di-open-fiber\/\" \/>\n<meta property=\"og:site_name\" content=\"Bellunopress - Dolomiti\" \/>\n<meta property=\"article:publisher\" content=\"https:\/\/www.facebook.com\/profile.php?id=100008943462799\" \/>\n<meta property=\"article:published_time\" content=\"2021-02-18T13:36:45+00:00\" \/>\n<meta property=\"og:image\" content=\"https:\/\/www.bellunopress.it\/wp-content\/uploads\/2021\/02\/Fibra-ottica-min_edited.jpg\" \/>\n\t<meta property=\"og:image:width\" content=\"1000\" \/>\n\t<meta property=\"og:image:height\" content=\"667\" \/>\n\t<meta property=\"og:image:type\" content=\"image\/jpeg\" \/>\n<meta name=\"author\" content=\"redazione\" \/>\n<meta name=\"twitter:card\" content=\"summary_large_image\" \/>\n<meta name=\"twitter:creator\" content=\"@bellunopress\" \/>\n<meta name=\"twitter:site\" content=\"@bellunopress\" \/>\n<meta name=\"twitter:label1\" content=\"\u00c9crit par\" \/>\n\t<meta name=\"twitter:data1\" content=\"redazione\" \/>\n\t<meta name=\"twitter:label2\" content=\"Dur\u00e9e de lecture estim\u00e9e\" \/>\n\t<meta name=\"twitter:data2\" content=\"3 minutes\" \/>\n<script type=\"application\/ld+json\" class=\"yoast-schema-graph\">{\"@context\":\"https:\\\/\\\/schema.org\",\"@graph\":[{\"@type\":\"Article\",\"@id\":\"https:\\\/\\\/www.bellunopress.it\\\/2021\\\/02\\\/18\\\/belluno-arriva-la-rete-in-fibra-ultraveloce-di-open-fiber\\\/#article\",\"isPartOf\":{\"@id\":\"https:\\\/\\\/www.bellunopress.it\\\/2021\\\/02\\\/18\\\/belluno-arriva-la-rete-in-fibra-ultraveloce-di-open-fiber\\\/\"},\"author\":{\"name\":\"redazione\",\"@id\":\"https:\\\/\\\/www.bellunopress.it\\\/#\\\/schema\\\/person\\\/79bb06722b37ece1c03d3e94beb30d73\"},\"headline\":\"Belluno, arriva la rete in fibra ultraveloce di Open Fiber\",\"datePublished\":\"2021-02-18T13:36:45+00:00\",\"mainEntityOfPage\":{\"@id\":\"https:\\\/\\\/www.bellunopress.it\\\/2021\\\/02\\\/18\\\/belluno-arriva-la-rete-in-fibra-ultraveloce-di-open-fiber\\\/\"},\"wordCount\":655,\"publisher\":{\"@id\":\"https:\\\/\\\/www.bellunopress.it\\\/#organization\"},\"image\":{\"@id\":\"https:\\\/\\\/www.bellunopress.it\\\/2021\\\/02\\\/18\\\/belluno-arriva-la-rete-in-fibra-ultraveloce-di-open-fiber\\\/#primaryimage\"},\"thumbnailUrl\":\"https:\\\/\\\/www.bellunopress.it\\\/wp-content\\\/uploads\\\/2021\\\/02\\\/Fibra-ottica-min_edited.jpg\",\"articleSection\":[\"Lavoro, Economia, Turismo\"],\"inLanguage\":\"fr-FR\"},{\"@type\":\"WebPage\",\"@id\":\"https:\\\/\\\/www.bellunopress.it\\\/2021\\\/02\\\/18\\\/belluno-arriva-la-rete-in-fibra-ultraveloce-di-open-fiber\\\/\",\"url\":\"https:\\\/\\\/www.bellunopress.it\\\/2021\\\/02\\\/18\\\/belluno-arriva-la-rete-in-fibra-ultraveloce-di-open-fiber\\\/\",\"name\":\"Belluno, arriva la rete in fibra ultraveloce di Open Fiber - Bellunopress - Dolomiti\",\"isPartOf\":{\"@id\":\"https:\\\/\\\/www.bellunopress.it\\\/#website\"},\"primaryImageOfPage\":{\"@id\":\"https:\\\/\\\/www.bellunopress.it\\\/2021\\\/02\\\/18\\\/belluno-arriva-la-rete-in-fibra-ultraveloce-di-open-fiber\\\/#primaryimage\"},\"image\":{\"@id\":\"https:\\\/\\\/www.bellunopress.it\\\/2021\\\/02\\\/18\\\/belluno-arriva-la-rete-in-fibra-ultraveloce-di-open-fiber\\\/#primaryimage\"},\"thumbnailUrl\":\"https:\\\/\\\/www.bellunopress.it\\\/wp-content\\\/uploads\\\/2021\\\/02\\\/Fibra-ottica-min_edited.jpg\",\"datePublished\":\"2021-02-18T13:36:45+00:00\",\"breadcrumb\":{\"@id\":\"https:\\\/\\\/www.bellunopress.it\\\/2021\\\/02\\\/18\\\/belluno-arriva-la-rete-in-fibra-ultraveloce-di-open-fiber\\\/#breadcrumb\"},\"inLanguage\":\"fr-FR\",\"potentialAction\":[{\"@type\":\"ReadAction\",\"target\":[\"https:\\\/\\\/www.bellunopress.it\\\/2021\\\/02\\\/18\\\/belluno-arriva-la-rete-in-fibra-ultraveloce-di-open-fiber\\\/\"]}]},{\"@type\":\"ImageObject\",\"inLanguage\":\"fr-FR\",\"@id\":\"https:\\\/\\\/www.bellunopress.it\\\/2021\\\/02\\\/18\\\/belluno-arriva-la-rete-in-fibra-ultraveloce-di-open-fiber\\\/#primaryimage\",\"url\":\"https:\\\/\\\/www.bellunopress.it\\\/wp-content\\\/uploads\\\/2021\\\/02\\\/Fibra-ottica-min_edited.jpg\",\"contentUrl\":\"https:\\\/\\\/www.bellunopress.it\\\/wp-content\\\/uploads\\\/2021\\\/02\\\/Fibra-ottica-min_edited.jpg\",\"width\":1000,\"height\":667},{\"@type\":\"BreadcrumbList\",\"@id\":\"https:\\\/\\\/www.bellunopress.it\\\/2021\\\/02\\\/18\\\/belluno-arriva-la-rete-in-fibra-ultraveloce-di-open-fiber\\\/#breadcrumb\",\"itemListElement\":[{\"@type\":\"ListItem\",\"position\":1,\"name\":\"Home\",\"item\":\"https:\\\/\\\/www.bellunopress.it\\\/\"},{\"@type\":\"ListItem\",\"position\":2,\"name\":\"Belluno, arriva la rete in fibra ultraveloce di Open Fiber\"}]},{\"@type\":\"WebSite\",\"@id\":\"https:\\\/\\\/www.bellunopress.it\\\/#website\",\"url\":\"https:\\\/\\\/www.bellunopress.it\\\/\",\"name\":\"Bellunopress - Dolomiti\",\"description\":\"e-mail: redazione@bellunopress.it\",\"publisher\":{\"@id\":\"https:\\\/\\\/www.bellunopress.it\\\/#organization\"},\"potentialAction\":[{\"@type\":\"SearchAction\",\"target\":{\"@type\":\"EntryPoint\",\"urlTemplate\":\"https:\\\/\\\/www.bellunopress.it\\\/?s={search_term_string}\"},\"query-input\":{\"@type\":\"PropertyValueSpecification\",\"valueRequired\":true,\"valueName\":\"search_term_string\"}}],\"inLanguage\":\"fr-FR\"},{\"@type\":\"Organization\",\"@id\":\"https:\\\/\\\/www.bellunopress.it\\\/#organization\",\"name\":\"Bellunopress\",\"url\":\"https:\\\/\\\/www.bellunopress.it\\\/\",\"logo\":{\"@type\":\"ImageObject\",\"inLanguage\":\"fr-FR\",\"@id\":\"https:\\\/\\\/www.bellunopress.it\\\/#\\\/schema\\\/logo\\\/image\\\/\",\"url\":\"https:\\\/\\\/www.bellunopress.it\\\/wp-content\\\/uploads\\\/2011\\\/05\\\/cropped-logo-bellunopress-.jpg\",\"contentUrl\":\"https:\\\/\\\/www.bellunopress.it\\\/wp-content\\\/uploads\\\/2011\\\/05\\\/cropped-logo-bellunopress-.jpg\",\"width\":512,\"height\":512,\"caption\":\"Bellunopress\"},\"image\":{\"@id\":\"https:\\\/\\\/www.bellunopress.it\\\/#\\\/schema\\\/logo\\\/image\\\/\"},\"sameAs\":[\"https:\\\/\\\/www.facebook.com\\\/profile.php?id=100008943462799\",\"https:\\\/\\\/x.com\\\/bellunopress\",\"https:\\\/\\\/www.linkedin.com\\\/hp\\\/?dnr=JBzUWaJfMUw8vbXJJ2tVW5-I3jZKvC4wsoxE&amp;amp;amp;amp;amp;amp;trk=nav_responsive_tab_home\",\"https:\\\/\\\/www.youtube.com\\\/channel\\\/UCxL0wu1uN0_3_7hGG0306cw\"]},{\"@type\":\"Person\",\"@id\":\"https:\\\/\\\/www.bellunopress.it\\\/#\\\/schema\\\/person\\\/79bb06722b37ece1c03d3e94beb30d73\",\"name\":\"redazione\",\"image\":{\"@type\":\"ImageObject\",\"inLanguage\":\"fr-FR\",\"@id\":\"https:\\\/\\\/secure.gravatar.com\\\/avatar\\\/37d968a2e67a6fd04c169c4bdef102d0bc5d31b2546345219e348575eb80e9a0?s=96&d=mm&r=g\",\"url\":\"https:\\\/\\\/secure.gravatar.com\\\/avatar\\\/37d968a2e67a6fd04c169c4bdef102d0bc5d31b2546345219e348575eb80e9a0?s=96&d=mm&r=g\",\"contentUrl\":\"https:\\\/\\\/secure.gravatar.com\\\/avatar\\\/37d968a2e67a6fd04c169c4bdef102d0bc5d31b2546345219e348575eb80e9a0?s=96&d=mm&r=g\",\"caption\":\"redazione\"},\"sameAs\":[\"http:\\\/\\\/www.bellunopress.it\",\"https:\\\/\\\/x.com\\\/bellunopress\"],\"url\":\"https:\\\/\\\/www.bellunopress.it\\\/fr\\\/author\\\/redazione\\\/\"}]}<\/script>\n<!-- \/ Yoast SEO plugin. -->","yoast_head_json":{"title":"Belluno, arriva la rete in fibra ultraveloce di Open Fiber - Bellunopress - Dolomiti","robots":{"index":"index","follow":"follow","max-snippet":"max-snippet:-1","max-image-preview":"max-image-preview:large","max-video-preview":"max-video-preview:-1"},"canonical":"https:\/\/www.bellunopress.it\/fr\/2021\/02\/18\/belluno-arriva-la-rete-in-fibra-ultraveloce-di-open-fiber\/","og_locale":"fr_FR","og_type":"article","og_title":"Belluno, arriva la rete in fibra ultraveloce di Open Fiber - Bellunopress - Dolomiti","og_description":"Belluno, 18 febbraio 2021- Dal prossimo mese di marzo al via anche a Belluno i cantieri di Open Fiber per la posa di una nuova rete in fibra ottica di circa 160 chilometri: conclusa la fase di progettazione, scatta dunque ufficialmente il piano della societ\u00e0 guidata da Elisabetta Ripa, che ha l\u2019obiettivo di collegare fino [&hellip;]","og_url":"https:\/\/www.bellunopress.it\/fr\/2021\/02\/18\/belluno-arriva-la-rete-in-fibra-ultraveloce-di-open-fiber\/","og_site_name":"Bellunopress - Dolomiti","article_publisher":"https:\/\/www.facebook.com\/profile.php?id=100008943462799","article_published_time":"2021-02-18T13:36:45+00:00","og_image":[{"width":1000,"height":667,"url":"https:\/\/www.bellunopress.it\/wp-content\/uploads\/2021\/02\/Fibra-ottica-min_edited.jpg","type":"image\/jpeg"}],"author":"redazione","twitter_card":"summary_large_image","twitter_creator":"@bellunopress","twitter_site":"@bellunopress","twitter_misc":{"\u00c9crit par":"redazione","Dur\u00e9e de lecture estim\u00e9e":"3 minutes"},"schema":{"@context":"https:\/\/schema.org","@graph":[{"@type":"Article","@id":"https:\/\/www.bellunopress.it\/2021\/02\/18\/belluno-arriva-la-rete-in-fibra-ultraveloce-di-open-fiber\/#article","isPartOf":{"@id":"https:\/\/www.bellunopress.it\/2021\/02\/18\/belluno-arriva-la-rete-in-fibra-ultraveloce-di-open-fiber\/"},"author":{"name":"redazione","@id":"https:\/\/www.bellunopress.it\/#\/schema\/person\/79bb06722b37ece1c03d3e94beb30d73"},"headline":"Belluno, arriva la rete in fibra ultraveloce di Open Fiber","datePublished":"2021-02-18T13:36:45+00:00","mainEntityOfPage":{"@id":"https:\/\/www.bellunopress.it\/2021\/02\/18\/belluno-arriva-la-rete-in-fibra-ultraveloce-di-open-fiber\/"},"wordCount":655,"publisher":{"@id":"https:\/\/www.bellunopress.it\/#organization"},"image":{"@id":"https:\/\/www.bellunopress.it\/2021\/02\/18\/belluno-arriva-la-rete-in-fibra-ultraveloce-di-open-fiber\/#primaryimage"},"thumbnailUrl":"https:\/\/www.bellunopress.it\/wp-content\/uploads\/2021\/02\/Fibra-ottica-min_edited.jpg","articleSection":["Lavoro, Economia, Turismo"],"inLanguage":"fr-FR"},{"@type":"WebPage","@id":"https:\/\/www.bellunopress.it\/2021\/02\/18\/belluno-arriva-la-rete-in-fibra-ultraveloce-di-open-fiber\/","url":"https:\/\/www.bellunopress.it\/2021\/02\/18\/belluno-arriva-la-rete-in-fibra-ultraveloce-di-open-fiber\/","name":"Belluno, arriva la rete in fibra ultraveloce di Open Fiber - Bellunopress - Dolomiti","isPartOf":{"@id":"https:\/\/www.bellunopress.it\/#website"},"primaryImageOfPage":{"@id":"https:\/\/www.bellunopress.it\/2021\/02\/18\/belluno-arriva-la-rete-in-fibra-ultraveloce-di-open-fiber\/#primaryimage"},"image":{"@id":"https:\/\/www.bellunopress.it\/2021\/02\/18\/belluno-arriva-la-rete-in-fibra-ultraveloce-di-open-fiber\/#primaryimage"},"thumbnailUrl":"https:\/\/www.bellunopress.it\/wp-content\/uploads\/2021\/02\/Fibra-ottica-min_edited.jpg","datePublished":"2021-02-18T13:36:45+00:00","breadcrumb":{"@id":"https:\/\/www.bellunopress.it\/2021\/02\/18\/belluno-arriva-la-rete-in-fibra-ultraveloce-di-open-fiber\/#breadcrumb"},"inLanguage":"fr-FR","potentialAction":[{"@type":"ReadAction","target":["https:\/\/www.bellunopress.it\/2021\/02\/18\/belluno-arriva-la-rete-in-fibra-ultraveloce-di-open-fiber\/"]}]},{"@type":"ImageObject","inLanguage":"fr-FR","@id":"https:\/\/www.bellunopress.it\/2021\/02\/18\/belluno-arriva-la-rete-in-fibra-ultraveloce-di-open-fiber\/#primaryimage","url":"https:\/\/www.bellunopress.it\/wp-content\/uploads\/2021\/02\/Fibra-ottica-min_edited.jpg","contentUrl":"https:\/\/www.bellunopress.it\/wp-content\/uploads\/2021\/02\/Fibra-ottica-min_edited.jpg","width":1000,"height":667},{"@type":"BreadcrumbList","@id":"https:\/\/www.bellunopress.it\/2021\/02\/18\/belluno-arriva-la-rete-in-fibra-ultraveloce-di-open-fiber\/#breadcrumb","itemListElement":[{"@type":"ListItem","position":1,"name":"Home","item":"https:\/\/www.bellunopress.it\/"},{"@type":"ListItem","position":2,"name":"Belluno, arriva la rete in fibra ultraveloce di Open Fiber"}]},{"@type":"WebSite","@id":"https:\/\/www.bellunopress.it\/#website","url":"https:\/\/www.bellunopress.it\/","name":"Bellunopress - Dolomiti","description":"e-mail: redazione@bellunopress.it","publisher":{"@id":"https:\/\/www.bellunopress.it\/#organization"},"potentialAction":[{"@type":"SearchAction","target":{"@type":"EntryPoint","urlTemplate":"https:\/\/www.bellunopress.it\/?s={search_term_string}"},"query-input":{"@type":"PropertyValueSpecification","valueRequired":true,"valueName":"search_term_string"}}],"inLanguage":"fr-FR"},{"@type":"Organization","@id":"https:\/\/www.bellunopress.it\/#organization","name":"Bellunopress","url":"https:\/\/www.bellunopress.it\/","logo":{"@type":"ImageObject","inLanguage":"fr-FR","@id":"https:\/\/www.bellunopress.it\/#\/schema\/logo\/image\/","url":"https:\/\/www.bellunopress.it\/wp-content\/uploads\/2011\/05\/cropped-logo-bellunopress-.jpg","contentUrl":"https:\/\/www.bellunopress.it\/wp-content\/uploads\/2011\/05\/cropped-logo-bellunopress-.jpg","width":512,"height":512,"caption":"Bellunopress"},"image":{"@id":"https:\/\/www.bellunopress.it\/#\/schema\/logo\/image\/"},"sameAs":["https:\/\/www.facebook.com\/profile.php?id=100008943462799","https:\/\/x.com\/bellunopress","https:\/\/www.linkedin.com\/hp\/?dnr=JBzUWaJfMUw8vbXJJ2tVW5-I3jZKvC4wsoxE&amp;amp;amp;amp;amp;amp;trk=nav_responsive_tab_home","https:\/\/www.youtube.com\/channel\/UCxL0wu1uN0_3_7hGG0306cw"]},{"@type":"Person","@id":"https:\/\/www.bellunopress.it\/#\/schema\/person\/79bb06722b37ece1c03d3e94beb30d73","name":"r\u00e9daction","image":{"@type":"ImageObject","inLanguage":"fr-FR","@id":"https:\/\/secure.gravatar.com\/avatar\/37d968a2e67a6fd04c169c4bdef102d0bc5d31b2546345219e348575eb80e9a0?s=96&d=mm&r=g","url":"https:\/\/secure.gravatar.com\/avatar\/37d968a2e67a6fd04c169c4bdef102d0bc5d31b2546345219e348575eb80e9a0?s=96&d=mm&r=g","contentUrl":"https:\/\/secure.gravatar.com\/avatar\/37d968a2e67a6fd04c169c4bdef102d0bc5d31b2546345219e348575eb80e9a0?s=96&d=mm&r=g","caption":"redazione"},"sameAs":["http:\/\/www.bellunopress.it","https:\/\/x.com\/bellunopress"],"url":"https:\/\/www.bellunopress.it\/fr\/author\/redazione\/"}]}},"_links":{"self":[{"href":"https:\/\/www.bellunopress.it\/fr\/wp-json\/wp\/v2\/posts\/121843","targetHints":{"allow":["GET"]}}],"collection":[{"href":"https:\/\/www.bellunopress.it\/fr\/wp-json\/wp\/v2\/posts"}],"about":[{"href":"https:\/\/www.bellunopress.it\/fr\/wp-json\/wp\/v2\/types\/post"}],"author":[{"embeddable":true,"href":"https:\/\/www.bellunopress.it\/fr\/wp-json\/wp\/v2\/users\/2"}],"replies":[{"embeddable":true,"href":"https:\/\/www.bellunopress.it\/fr\/wp-json\/wp\/v2\/comments?post=121843"}],"version-history":[{"count":2,"href":"https:\/\/www.bellunopress.it\/fr\/wp-json\/wp\/v2\/posts\/121843\/revisions"}],"predecessor-version":[{"id":121847,"href":"https:\/\/www.bellunopress.it\/fr\/wp-json\/wp\/v2\/posts\/121843\/revisions\/121847"}],"wp:featuredmedia":[{"embeddable":true,"href":"https:\/\/www.bellunopress.it\/fr\/wp-json\/wp\/v2\/media\/121845"}],"wp:attachment":[{"href":"https:\/\/www.bellunopress.it\/fr\/wp-json\/wp\/v2\/media?parent=121843"}],"wp:term":[{"taxonomy":"category","embeddable":true,"href":"https:\/\/www.bellunopress.it\/fr\/wp-json\/wp\/v2\/categories?post=121843"},{"taxonomy":"post_tag","embeddable":true,"href":"https:\/\/www.bellunopress.it\/fr\/wp-json\/wp\/v2\/tags?post=121843"}],"curies":[{"name":"wp","href":"https:\/\/api.w.org\/{rel}","templated":true}]}}